{"id":9951,"date":"2025-11-20T16:26:59","date_gmt":"2025-11-20T19:26:59","guid":{"rendered":"https:\/\/maetinganoticias.com\/?p=9951"},"modified":"2025-11-20T16:26:59","modified_gmt":"2025-11-20T19:26:59","slug":"primeira-area-de-escape-da-bahia-ja-e-realidade-em-ituacu-e-reforca-seguranca-na-ba-142","status":"publish","type":"post","link":"https:\/\/maetinganoticias.com\/index.php\/2025\/11\/20\/primeira-area-de-escape-da-bahia-ja-e-realidade-em-ituacu-e-reforca-seguranca-na-ba-142\/","title":{"rendered":"Primeira \u00c1rea de Escape da Bahia j\u00e1 \u00e9 realidade em Itua\u00e7u e refor\u00e7a seguran\u00e7a na BA-142"},"content":{"rendered":"\n<p class=\"p1\">O munic\u00edpio de Itua\u00e7u vive um momento hist\u00f3rico com a entrega da primeira \u00c1rea de Escape constru\u00edda pelo Governo do Estado da Bahia, um equipamento que representa mais seguran\u00e7a para motoristas, redu\u00e7\u00e3o de acidentes e aprimoramento da mobilidade em toda a regi\u00e3o da BA-142. <\/p>\n\n\n\n<p class=\"p1\">A obra, aguardada h\u00e1 anos pela popula\u00e7\u00e3o, foi celebrada pelo prefeito Phellipe Brito, que destacou a import\u00e2ncia do investimento e agradeceu ao governo estadual pelo compromisso com o desenvolvimento do munic\u00edpio.<\/p>\n\n\n\n<p class=\"p1\">Segundo o prefeito, a implanta\u00e7\u00e3o da \u00c1rea de Escape \u00e9 <strong><em>\u201cum sonho realizado n\u00e3o apenas para o povo de Itua\u00e7u, mas para todos que trafegam pela BA-142\u201d<\/em><\/strong>. Ele ressaltou que se trata de uma obra essencial, capaz de salvar vidas e oferecer mais tranquilidade a condutores e viajantes que utilizam diariamente a rodovia.<\/p>\n\n\n\n<p class=\"p1\">Phellipe Brito destacou ainda que essa \u00e9 a primeira estrutura desse tipo realizada pelo Governo da Bahia e uma das mais baratas do pa\u00eds, mesmo cumprindo todos os crit\u00e9rios t\u00e9cnicos de seguran\u00e7a. Em sua fala, o gestor fez quest\u00e3o de agradecer ao governador Jer\u00f4nimo Rodrigues, ao secret\u00e1rio Saulo Pontes, ao secret\u00e1rio Adolpho, ao deputado estadual Marquinhos e ao aliado pol\u00edtico Lucas Reis pelo empenho conjunto que tornou poss\u00edvel a concretiza\u00e7\u00e3o do projeto.<\/p>\n\n\n\n<p class=\"p1\">\u201c<strong><em>Minha gratid\u00e3o ao governador Jer\u00f4nimo Rodrigues e a todo o nosso time pol\u00edtico pelo compromisso e por transformar em realidade esse grande presente para Itua\u00e7u e para toda a regi\u00e3o\u201d, afirmou o prefeito. \u201cSeguimos firmes, trabalhando juntos para melhorar nosso munic\u00edpio, nosso estado e a vida de cada baiana e baiano\u201d<\/em><\/strong>, completou.<\/p>\n\n\n\n<p class=\"p1\">A obra refor\u00e7a o compromisso do Governo da Bahia e da gest\u00e3o municipal com a seguran\u00e7a vi\u00e1ria e o desenvolvimento regional, beneficiando milhares de pessoas que dependem da BA-142 para circula\u00e7\u00e3o, transporte e atividades econ\u00f4micas.<\/p>\n","protected":false},"excerpt":{"rendered":"<p>O munic\u00edpio de Itua\u00e7u vive um momento hist\u00f3rico com a entrega da primeira \u00c1rea de Escape constru\u00edda pelo Governo do Estado da Bahia, um equipamento que representa mais seguran\u00e7a para motoristas, redu\u00e7\u00e3o de acidentes e aprimoramento da mobilidade em toda a regi\u00e3o da BA-142. A obra, aguardada h\u00e1 anos pela popula\u00e7\u00e3o, foi celebrada pelo prefeito [&hellip;]<\/p>\n","protected":false},"author":1,"featured_media":9950,"comment_status":"closed","ping_status":"open","sticky":false,"template":"","format":"standard","meta":{"om_disable_all_campaigns":false,"_monsterinsights_skip_tracking":false,"_monsterinsights_sitenote_active":false,"_monsterinsights_sitenote_note":"","_monsterinsights_sitenote_category":0,"_uf_show_specific_survey":0,"_uf_disable_surveys":false,"footnotes":""},"categories":[9],"tags":[],"class_list":{"0":"post-9951","1":"post","2":"type-post","3":"status-publish","4":"format-standard","5":"has-post-thumbnail","7":"category-ituacu"},"yoast_head":"<!-- This site is optimized with the Yoast SEO plugin v27.5 - https:\/\/yoast.com\/product\/yoast-seo-wordpress\/ -->\n<title>Primeira \u00c1rea de Escape da Bahia j\u00e1 \u00e9 realidade em Itua\u00e7u e refor\u00e7a seguran\u00e7a na BA-142 - Maetinga Not\u00edcias<\/title>\n<meta name=\"robots\" content=\"index, follow, max-snippet:-1, max-image-preview:large, max-video-preview:-1\" \/>\n<link rel=\"canonical\" href=\"https:\/\/maetinganoticias.com\/index.php\/2025\/11\/20\/primeira-area-de-escape-da-bahia-ja-e-realidade-em-ituacu-e-reforca-seguranca-na-ba-142\/\" \/>\n<meta property=\"og:locale\" content=\"pt_BR\" \/>\n<meta property=\"og:type\" content=\"article\" \/>\n<meta property=\"og:title\" content=\"Primeira \u00c1rea de Escape da Bahia j\u00e1 \u00e9 realidade em Itua\u00e7u e refor\u00e7a seguran\u00e7a na BA-142 - Maetinga Not\u00edcias\" \/>\n<meta property=\"og:description\" content=\"O munic\u00edpio de Itua\u00e7u vive um momento hist\u00f3rico com a entrega da primeira \u00c1rea de Escape constru\u00edda pelo Governo do Estado da Bahia, um equipamento que representa mais seguran\u00e7a para motoristas, redu\u00e7\u00e3o de acidentes e aprimoramento da mobilidade em toda a regi\u00e3o da BA-142. A obra, aguardada h\u00e1 anos pela popula\u00e7\u00e3o, foi celebrada pelo prefeito [&hellip;]\" \/>\n<meta property=\"og:url\" content=\"https:\/\/maetinganoticias.com\/index.php\/2025\/11\/20\/primeira-area-de-escape-da-bahia-ja-e-realidade-em-ituacu-e-reforca-seguranca-na-ba-142\/\" \/>\n<meta property=\"og:site_name\" content=\"Maetinga Not\u00edcias\" \/>\n<meta property=\"article:published_time\" content=\"2025-11-20T19:26:59+00:00\" \/>\n<meta property=\"og:image\" content=\"https:\/\/maetinganoticias.com\/wp-content\/uploads\/2025\/11\/img_8077.jpg\" \/>\n\t<meta property=\"og:image:width\" content=\"828\" \/>\n\t<meta property=\"og:image:height\" content=\"732\" \/>\n\t<meta property=\"og:image:type\" content=\"image\/jpeg\" \/>\n<meta name=\"author\" content=\"Maetinga Not\u00edcias\" \/>\n<meta name=\"twitter:card\" content=\"summary_large_image\" \/>\n<meta name=\"twitter:label1\" content=\"Escrito por\" \/>\n\t<meta name=\"twitter:data1\" content=\"Maetinga Not\u00edcias\" \/>\n\t<meta name=\"twitter:label2\" content=\"Est. tempo de leitura\" \/>\n\t<meta name=\"twitter:data2\" content=\"2 minutos\" \/>\n<script type=\"application\/ld+json\" class=\"yoast-schema-graph\">{\"@context\":\"https:\\\/\\\/schema.org\",\"@graph\":[{\"@type\":[\"Article\",\"BlogPosting\"],\"@id\":\"https:\\\/\\\/maetinganoticias.com\\\/index.php\\\/2025\\\/11\\\/20\\\/primeira-area-de-escape-da-bahia-ja-e-realidade-em-ituacu-e-reforca-seguranca-na-ba-142\\\/#article\",\"isPartOf\":{\"@id\":\"https:\\\/\\\/maetinganoticias.com\\\/index.php\\\/2025\\\/11\\\/20\\\/primeira-area-de-escape-da-bahia-ja-e-realidade-em-ituacu-e-reforca-seguranca-na-ba-142\\\/\"},\"author\":{\"name\":\"Maetinga Not\u00edcias\",\"@id\":\"https:\\\/\\\/maetinganoticias.com\\\/#\\\/schema\\\/person\\\/968cf95e67a6810fc7fb35bbc9016962\"},\"headline\":\"Primeira \u00c1rea de Escape da Bahia j\u00e1 \u00e9 realidade em Itua\u00e7u e refor\u00e7a seguran\u00e7a na BA-142\",\"datePublished\":\"2025-11-20T19:26:59+00:00\",\"mainEntityOfPage\":{\"@id\":\"https:\\\/\\\/maetinganoticias.com\\\/index.php\\\/2025\\\/11\\\/20\\\/primeira-area-de-escape-da-bahia-ja-e-realidade-em-ituacu-e-reforca-seguranca-na-ba-142\\\/\"},\"wordCount\":339,\"publisher\":{\"@id\":\"https:\\\/\\\/maetinganoticias.com\\\/#organization\"},\"image\":{\"@id\":\"https:\\\/\\\/maetinganoticias.com\\\/index.php\\\/2025\\\/11\\\/20\\\/primeira-area-de-escape-da-bahia-ja-e-realidade-em-ituacu-e-reforca-seguranca-na-ba-142\\\/#primaryimage\"},\"thumbnailUrl\":\"https:\\\/\\\/maetinganoticias.com\\\/wp-content\\\/uploads\\\/2025\\\/11\\\/img_8077.jpg\",\"articleSection\":[\"Itua\u00e7u\"],\"inLanguage\":\"pt-BR\"},{\"@type\":\"WebPage\",\"@id\":\"https:\\\/\\\/maetinganoticias.com\\\/index.php\\\/2025\\\/11\\\/20\\\/primeira-area-de-escape-da-bahia-ja-e-realidade-em-ituacu-e-reforca-seguranca-na-ba-142\\\/\",\"url\":\"https:\\\/\\\/maetinganoticias.com\\\/index.php\\\/2025\\\/11\\\/20\\\/primeira-area-de-escape-da-bahia-ja-e-realidade-em-ituacu-e-reforca-seguranca-na-ba-142\\\/\",\"name\":\"Primeira \u00c1rea de Escape da Bahia j\u00e1 \u00e9 realidade em Itua\u00e7u e refor\u00e7a seguran\u00e7a na BA-142 - Maetinga Not\u00edcias\",\"isPartOf\":{\"@id\":\"https:\\\/\\\/maetinganoticias.com\\\/#website\"},\"primaryImageOfPage\":{\"@id\":\"https:\\\/\\\/maetinganoticias.com\\\/index.php\\\/2025\\\/11\\\/20\\\/primeira-area-de-escape-da-bahia-ja-e-realidade-em-ituacu-e-reforca-seguranca-na-ba-142\\\/#primaryimage\"},\"image\":{\"@id\":\"https:\\\/\\\/maetinganoticias.com\\\/index.php\\\/2025\\\/11\\\/20\\\/primeira-area-de-escape-da-bahia-ja-e-realidade-em-ituacu-e-reforca-seguranca-na-ba-142\\\/#primaryimage\"},\"thumbnailUrl\":\"https:\\\/\\\/maetinganoticias.com\\\/wp-content\\\/uploads\\\/2025\\\/11\\\/img_8077.jpg\",\"datePublished\":\"2025-11-20T19:26:59+00:00\",\"breadcrumb\":{\"@id\":\"https:\\\/\\\/maetinganoticias.com\\\/index.php\\\/2025\\\/11\\\/20\\\/primeira-area-de-escape-da-bahia-ja-e-realidade-em-ituacu-e-reforca-seguranca-na-ba-142\\\/#breadcrumb\"},\"inLanguage\":\"pt-BR\",\"potentialAction\":[{\"@type\":\"ReadAction\",\"target\":[\"https:\\\/\\\/maetinganoticias.com\\\/index.php\\\/2025\\\/11\\\/20\\\/primeira-area-de-escape-da-bahia-ja-e-realidade-em-ituacu-e-reforca-seguranca-na-ba-142\\\/\"]}]},{\"@type\":\"ImageObject\",\"inLanguage\":\"pt-BR\",\"@id\":\"https:\\\/\\\/maetinganoticias.com\\\/index.php\\\/2025\\\/11\\\/20\\\/primeira-area-de-escape-da-bahia-ja-e-realidade-em-ituacu-e-reforca-seguranca-na-ba-142\\\/#primaryimage\",\"url\":\"https:\\\/\\\/maetinganoticias.com\\\/wp-content\\\/uploads\\\/2025\\\/11\\\/img_8077.jpg\",\"contentUrl\":\"https:\\\/\\\/maetinganoticias.com\\\/wp-content\\\/uploads\\\/2025\\\/11\\\/img_8077.jpg\",\"width\":828,\"height\":732},{\"@type\":\"BreadcrumbList\",\"@id\":\"https:\\\/\\\/maetinganoticias.com\\\/index.php\\\/2025\\\/11\\\/20\\\/primeira-area-de-escape-da-bahia-ja-e-realidade-em-ituacu-e-reforca-seguranca-na-ba-142\\\/#breadcrumb\",\"itemListElement\":[{\"@type\":\"ListItem\",\"position\":1,\"name\":\"In\u00edcio\",\"item\":\"https:\\\/\\\/maetinganoticias.com\\\/\"},{\"@type\":\"ListItem\",\"position\":2,\"name\":\"Primeira \u00c1rea de Escape da Bahia j\u00e1 \u00e9 realidade em Itua\u00e7u e refor\u00e7a seguran\u00e7a na BA-142\"}]},{\"@type\":\"WebSite\",\"@id\":\"https:\\\/\\\/maetinganoticias.com\\\/#website\",\"url\":\"https:\\\/\\\/maetinganoticias.com\\\/\",\"name\":\"Maetinga Not\u00edcias\",\"description\":\"A Voz do Interior Baiano!\",\"publisher\":{\"@id\":\"https:\\\/\\\/maetinganoticias.com\\\/#organization\"},\"potentialAction\":[{\"@type\":\"SearchAction\",\"target\":{\"@type\":\"EntryPoint\",\"urlTemplate\":\"https:\\\/\\\/maetinganoticias.com\\\/?s={search_term_string}\"},\"query-input\":{\"@type\":\"PropertyValueSpecification\",\"valueRequired\":true,\"valueName\":\"search_term_string\"}}],\"inLanguage\":\"pt-BR\"},{\"@type\":\"Organization\",\"@id\":\"https:\\\/\\\/maetinganoticias.com\\\/#organization\",\"name\":\"Maetinga Not\u00edcias\",\"url\":\"https:\\\/\\\/maetinganoticias.com\\\/\",\"logo\":{\"@type\":\"ImageObject\",\"inLanguage\":\"pt-BR\",\"@id\":\"https:\\\/\\\/maetinganoticias.com\\\/#\\\/schema\\\/logo\\\/image\\\/\",\"url\":\"https:\\\/\\\/maetinganoticias.com\\\/wp-content\\\/uploads\\\/2023\\\/07\\\/cropped-cropped-cropped-cropped-BUSINESS-3-42-1.png\",\"contentUrl\":\"https:\\\/\\\/maetinganoticias.com\\\/wp-content\\\/uploads\\\/2023\\\/07\\\/cropped-cropped-cropped-cropped-BUSINESS-3-42-1.png\",\"width\":485,\"height\":109,\"caption\":\"Maetinga Not\u00edcias\"},\"image\":{\"@id\":\"https:\\\/\\\/maetinganoticias.com\\\/#\\\/schema\\\/logo\\\/image\\\/\"}},{\"@type\":\"Person\",\"@id\":\"https:\\\/\\\/maetinganoticias.com\\\/#\\\/schema\\\/person\\\/968cf95e67a6810fc7fb35bbc9016962\",\"name\":\"Maetinga Not\u00edcias\",\"image\":{\"@type\":\"ImageObject\",\"inLanguage\":\"pt-BR\",\"@id\":\"https:\\\/\\\/secure.gravatar.com\\\/avatar\\\/32e078313a5ca37a6c8d44e716ed4f9e87ecfde7222d2b88a1424bd49654f187?s=96&d=mm&r=g\",\"url\":\"https:\\\/\\\/secure.gravatar.com\\\/avatar\\\/32e078313a5ca37a6c8d44e716ed4f9e87ecfde7222d2b88a1424bd49654f187?s=96&d=mm&r=g\",\"contentUrl\":\"https:\\\/\\\/secure.gravatar.com\\\/avatar\\\/32e078313a5ca37a6c8d44e716ed4f9e87ecfde7222d2b88a1424bd49654f187?s=96&d=mm&r=g\",\"caption\":\"Maetinga Not\u00edcias\"},\"description\":\"A voz do Interior Baiano!\",\"sameAs\":[\"https:\\\/\\\/maetinganoticias.com\",\"https:\\\/\\\/www.instagram.com\\\/blogmaetinganoticias\\\/\"],\"url\":\"https:\\\/\\\/maetinganoticias.com\\\/index.php\\\/author\\\/carlosvianna13\\\/\"}]}<\/script>\n<!-- \/ Yoast SEO plugin. -->","yoast_head_json":{"title":"Primeira \u00c1rea de Escape da Bahia j\u00e1 \u00e9 realidade em Itua\u00e7u e refor\u00e7a seguran\u00e7a na BA-142 - Maetinga Not\u00edcias","robots":{"index":"index","follow":"follow","max-snippet":"max-snippet:-1","max-image-preview":"max-image-preview:large","max-video-preview":"max-video-preview:-1"},"canonical":"https:\/\/maetinganoticias.com\/index.php\/2025\/11\/20\/primeira-area-de-escape-da-bahia-ja-e-realidade-em-ituacu-e-reforca-seguranca-na-ba-142\/","og_locale":"pt_BR","og_type":"article","og_title":"Primeira \u00c1rea de Escape da Bahia j\u00e1 \u00e9 realidade em Itua\u00e7u e refor\u00e7a seguran\u00e7a na BA-142 - Maetinga Not\u00edcias","og_description":"O munic\u00edpio de Itua\u00e7u vive um momento hist\u00f3rico com a entrega da primeira \u00c1rea de Escape constru\u00edda pelo Governo do Estado da Bahia, um equipamento que representa mais seguran\u00e7a para motoristas, redu\u00e7\u00e3o de acidentes e aprimoramento da mobilidade em toda a regi\u00e3o da BA-142. A obra, aguardada h\u00e1 anos pela popula\u00e7\u00e3o, foi celebrada pelo prefeito [&hellip;]","og_url":"https:\/\/maetinganoticias.com\/index.php\/2025\/11\/20\/primeira-area-de-escape-da-bahia-ja-e-realidade-em-ituacu-e-reforca-seguranca-na-ba-142\/","og_site_name":"Maetinga Not\u00edcias","article_published_time":"2025-11-20T19:26:59+00:00","og_image":[{"width":828,"height":732,"url":"https:\/\/maetinganoticias.com\/wp-content\/uploads\/2025\/11\/img_8077.jpg","type":"image\/jpeg"}],"author":"Maetinga Not\u00edcias","twitter_card":"summary_large_image","twitter_misc":{"Escrito por":"Maetinga Not\u00edcias","Est. tempo de leitura":"2 minutos"},"schema":{"@context":"https:\/\/schema.org","@graph":[{"@type":["Article","BlogPosting"],"@id":"https:\/\/maetinganoticias.com\/index.php\/2025\/11\/20\/primeira-area-de-escape-da-bahia-ja-e-realidade-em-ituacu-e-reforca-seguranca-na-ba-142\/#article","isPartOf":{"@id":"https:\/\/maetinganoticias.com\/index.php\/2025\/11\/20\/primeira-area-de-escape-da-bahia-ja-e-realidade-em-ituacu-e-reforca-seguranca-na-ba-142\/"},"author":{"name":"Maetinga Not\u00edcias","@id":"https:\/\/maetinganoticias.com\/#\/schema\/person\/968cf95e67a6810fc7fb35bbc9016962"},"headline":"Primeira \u00c1rea de Escape da Bahia j\u00e1 \u00e9 realidade em Itua\u00e7u e refor\u00e7a seguran\u00e7a na BA-142","datePublished":"2025-11-20T19:26:59+00:00","mainEntityOfPage":{"@id":"https:\/\/maetinganoticias.com\/index.php\/2025\/11\/20\/primeira-area-de-escape-da-bahia-ja-e-realidade-em-ituacu-e-reforca-seguranca-na-ba-142\/"},"wordCount":339,"publisher":{"@id":"https:\/\/maetinganoticias.com\/#organization"},"image":{"@id":"https:\/\/maetinganoticias.com\/index.php\/2025\/11\/20\/primeira-area-de-escape-da-bahia-ja-e-realidade-em-ituacu-e-reforca-seguranca-na-ba-142\/#primaryimage"},"thumbnailUrl":"https:\/\/maetinganoticias.com\/wp-content\/uploads\/2025\/11\/img_8077.jpg","articleSection":["Itua\u00e7u"],"inLanguage":"pt-BR"},{"@type":"WebPage","@id":"https:\/\/maetinganoticias.com\/index.php\/2025\/11\/20\/primeira-area-de-escape-da-bahia-ja-e-realidade-em-ituacu-e-reforca-seguranca-na-ba-142\/","url":"https:\/\/maetinganoticias.com\/index.php\/2025\/11\/20\/primeira-area-de-escape-da-bahia-ja-e-realidade-em-ituacu-e-reforca-seguranca-na-ba-142\/","name":"Primeira \u00c1rea de Escape da Bahia j\u00e1 \u00e9 realidade em Itua\u00e7u e refor\u00e7a seguran\u00e7a na BA-142 - Maetinga Not\u00edcias","isPartOf":{"@id":"https:\/\/maetinganoticias.com\/#website"},"primaryImageOfPage":{"@id":"https:\/\/maetinganoticias.com\/index.php\/2025\/11\/20\/primeira-area-de-escape-da-bahia-ja-e-realidade-em-ituacu-e-reforca-seguranca-na-ba-142\/#primaryimage"},"image":{"@id":"https:\/\/maetinganoticias.com\/index.php\/2025\/11\/20\/primeira-area-de-escape-da-bahia-ja-e-realidade-em-ituacu-e-reforca-seguranca-na-ba-142\/#primaryimage"},"thumbnailUrl":"https:\/\/maetinganoticias.com\/wp-content\/uploads\/2025\/11\/img_8077.jpg","datePublished":"2025-11-20T19:26:59+00:00","breadcrumb":{"@id":"https:\/\/maetinganoticias.com\/index.php\/2025\/11\/20\/primeira-area-de-escape-da-bahia-ja-e-realidade-em-ituacu-e-reforca-seguranca-na-ba-142\/#breadcrumb"},"inLanguage":"pt-BR","potentialAction":[{"@type":"ReadAction","target":["https:\/\/maetinganoticias.com\/index.php\/2025\/11\/20\/primeira-area-de-escape-da-bahia-ja-e-realidade-em-ituacu-e-reforca-seguranca-na-ba-142\/"]}]},{"@type":"ImageObject","inLanguage":"pt-BR","@id":"https:\/\/maetinganoticias.com\/index.php\/2025\/11\/20\/primeira-area-de-escape-da-bahia-ja-e-realidade-em-ituacu-e-reforca-seguranca-na-ba-142\/#primaryimage","url":"https:\/\/maetinganoticias.com\/wp-content\/uploads\/2025\/11\/img_8077.jpg","contentUrl":"https:\/\/maetinganoticias.com\/wp-content\/uploads\/2025\/11\/img_8077.jpg","width":828,"height":732},{"@type":"BreadcrumbList","@id":"https:\/\/maetinganoticias.com\/index.php\/2025\/11\/20\/primeira-area-de-escape-da-bahia-ja-e-realidade-em-ituacu-e-reforca-seguranca-na-ba-142\/#breadcrumb","itemListElement":[{"@type":"ListItem","position":1,"name":"In\u00edcio","item":"https:\/\/maetinganoticias.com\/"},{"@type":"ListItem","position":2,"name":"Primeira \u00c1rea de Escape da Bahia j\u00e1 \u00e9 realidade em Itua\u00e7u e refor\u00e7a seguran\u00e7a na BA-142"}]},{"@type":"WebSite","@id":"https:\/\/maetinganoticias.com\/#website","url":"https:\/\/maetinganoticias.com\/","name":"Maetinga Not\u00edcias","description":"A Voz do Interior Baiano!","publisher":{"@id":"https:\/\/maetinganoticias.com\/#organization"},"potentialAction":[{"@type":"SearchAction","target":{"@type":"EntryPoint","urlTemplate":"https:\/\/maetinganoticias.com\/?s={search_term_string}"},"query-input":{"@type":"PropertyValueSpecification","valueRequired":true,"valueName":"search_term_string"}}],"inLanguage":"pt-BR"},{"@type":"Organization","@id":"https:\/\/maetinganoticias.com\/#organization","name":"Maetinga Not\u00edcias","url":"https:\/\/maetinganoticias.com\/","logo":{"@type":"ImageObject","inLanguage":"pt-BR","@id":"https:\/\/maetinganoticias.com\/#\/schema\/logo\/image\/","url":"https:\/\/maetinganoticias.com\/wp-content\/uploads\/2023\/07\/cropped-cropped-cropped-cropped-BUSINESS-3-42-1.png","contentUrl":"https:\/\/maetinganoticias.com\/wp-content\/uploads\/2023\/07\/cropped-cropped-cropped-cropped-BUSINESS-3-42-1.png","width":485,"height":109,"caption":"Maetinga Not\u00edcias"},"image":{"@id":"https:\/\/maetinganoticias.com\/#\/schema\/logo\/image\/"}},{"@type":"Person","@id":"https:\/\/maetinganoticias.com\/#\/schema\/person\/968cf95e67a6810fc7fb35bbc9016962","name":"Maetinga Not\u00edcias","image":{"@type":"ImageObject","inLanguage":"pt-BR","@id":"https:\/\/secure.gravatar.com\/avatar\/32e078313a5ca37a6c8d44e716ed4f9e87ecfde7222d2b88a1424bd49654f187?s=96&d=mm&r=g","url":"https:\/\/secure.gravatar.com\/avatar\/32e078313a5ca37a6c8d44e716ed4f9e87ecfde7222d2b88a1424bd49654f187?s=96&d=mm&r=g","contentUrl":"https:\/\/secure.gravatar.com\/avatar\/32e078313a5ca37a6c8d44e716ed4f9e87ecfde7222d2b88a1424bd49654f187?s=96&d=mm&r=g","caption":"Maetinga Not\u00edcias"},"description":"A voz do Interior Baiano!","sameAs":["https:\/\/maetinganoticias.com","https:\/\/www.instagram.com\/blogmaetinganoticias\/"],"url":"https:\/\/maetinganoticias.com\/index.php\/author\/carlosvianna13\/"}]}},"_links":{"self":[{"href":"https:\/\/maetinganoticias.com\/index.php\/wp-json\/wp\/v2\/posts\/9951","targetHints":{"allow":["GET"]}}],"collection":[{"href":"https:\/\/maetinganoticias.com\/index.php\/wp-json\/wp\/v2\/posts"}],"about":[{"href":"https:\/\/maetinganoticias.com\/index.php\/wp-json\/wp\/v2\/types\/post"}],"author":[{"embeddable":true,"href":"https:\/\/maetinganoticias.com\/index.php\/wp-json\/wp\/v2\/users\/1"}],"replies":[{"embeddable":true,"href":"https:\/\/maetinganoticias.com\/index.php\/wp-json\/wp\/v2\/comments?post=9951"}],"version-history":[{"count":1,"href":"https:\/\/maetinganoticias.com\/index.php\/wp-json\/wp\/v2\/posts\/9951\/revisions"}],"predecessor-version":[{"id":9952,"href":"https:\/\/maetinganoticias.com\/index.php\/wp-json\/wp\/v2\/posts\/9951\/revisions\/9952"}],"wp:featuredmedia":[{"embeddable":true,"href":"https:\/\/maetinganoticias.com\/index.php\/wp-json\/wp\/v2\/media\/9950"}],"wp:attachment":[{"href":"https:\/\/maetinganoticias.com\/index.php\/wp-json\/wp\/v2\/media?parent=9951"}],"wp:term":[{"taxonomy":"category","embeddable":true,"href":"https:\/\/maetinganoticias.com\/index.php\/wp-json\/wp\/v2\/categories?post=9951"},{"taxonomy":"post_tag","embeddable":true,"href":"https:\/\/maetinganoticias.com\/index.php\/wp-json\/wp\/v2\/tags?post=9951"}],"curies":[{"name":"wp","href":"https:\/\/api.w.org\/{rel}","templated":true}]}}