{"id":9832,"date":"2025-11-13T11:55:40","date_gmt":"2025-11-13T14:55:40","guid":{"rendered":"https:\/\/maetinganoticias.com\/?p=9832"},"modified":"2025-11-13T11:55:41","modified_gmt":"2025-11-13T14:55:41","slug":"policia-federal-realiza-operacao-contra-grupo-envolvido-em-fraudes-bancarias-em-vitoria-da-conquista-e-salvador","status":"publish","type":"post","link":"https:\/\/maetinganoticias.com\/index.php\/2025\/11\/13\/policia-federal-realiza-operacao-contra-grupo-envolvido-em-fraudes-bancarias-em-vitoria-da-conquista-e-salvador\/","title":{"rendered":"Pol\u00edcia Federal realiza opera\u00e7\u00e3o contra grupo envolvido em fraudes banc\u00e1rias em Vit\u00f3ria da Conquista e Salvador"},"content":{"rendered":"\n<p>Na manh\u00e3 desta quinta-feira (13), a Pol\u00edcia Federal (PF) deflagrou a <strong>Opera\u00e7\u00e3o Worms 2 \u2013 \u201cN\u00e3o Seja um Laranja\u201d<\/strong>, com o cumprimento de <strong>24 mandados de busca e apreens\u00e3o<\/strong>, <strong>23 medidas cautelares<\/strong> e <strong>uma pris\u00e3o preventiva<\/strong> nos munic\u00edpios de <strong>Vit\u00f3ria da Conquista<\/strong> e <strong>Salvador<\/strong>. A a\u00e7\u00e3o tem como meta desmantelar uma organiza\u00e7\u00e3o criminosa respons\u00e1vel por <strong>fraudes banc\u00e1rias, furtos qualificados, estelionato e lavagem de dinheiro<\/strong>.<\/p>\n\n\n\n<p>Conforme informa\u00e7\u00f5es da PF, o grupo utilizava <strong>contas banc\u00e1rias de terceiros<\/strong> \u2014 conhecidas como \u201claranjas\u201d \u2014 para movimentar recursos de origem il\u00edcita, obtidos por meio de golpes e desvios contra a <strong>Caixa Econ\u00f4mica Federal<\/strong> e outras institui\u00e7\u00f5es financeiras.<\/p>\n\n\n\n<p>As investiga\u00e7\u00f5es, que tiveram in\u00edcio ap\u00f3s as opera\u00e7\u00f5es <strong>\u201cWorms\u201d<\/strong> e <strong>\u201cN\u00e3o Seja um Laranja\u201d<\/strong> de 2022, identificaram que os suspeitos <strong>aperfei\u00e7oaram o esquema criminoso<\/strong>, passando a usar <strong>institui\u00e7\u00f5es de pagamento, plataformas de apostas online e criptoativos<\/strong> para ocultar a origem dos valores.<\/p>\n\n\n\n<p>Entre 2023 e 2024, o grupo teria movimentado <strong>mais de R$ 6,9 milh\u00f5es<\/strong>, com estimativa de alcan\u00e7ar <strong>R$ 20,9 milh\u00f5es<\/strong> em cinco anos. H\u00e1 ind\u00edcios de que parte desses valores esteja ligada ao <strong>tr\u00e1fico de drogas<\/strong>.<\/p>\n\n\n\n<p>Durante a opera\u00e7\u00e3o, a Justi\u00e7a Federal tamb\u00e9m determinou o <strong>bloqueio de contas banc\u00e1rias e ativos financeiros<\/strong> pertencentes aos investigados, com o intuito de enfraquecer financeiramente a quadrilha. A <strong>soma das penas<\/strong> pelos crimes investigados pode ultrapassar <strong>30 anos de pris\u00e3o<\/strong>.<\/p>\n\n\n\n<p>A a\u00e7\u00e3o contou com o apoio de <strong>52 policiais federais<\/strong>.<br>A PF refor\u00e7ou o alerta \u00e0 popula\u00e7\u00e3o: <strong>emprestar ou permitir o uso de contas banc\u00e1rias para movimenta\u00e7\u00f5es ilegais \u00e9 crime<\/strong>, e essa pr\u00e1tica acaba sustentando <strong>organiza\u00e7\u00f5es criminosas<\/strong> que causam preju\u00edzos a in\u00fameros brasileiros.<\/p>\n","protected":false},"excerpt":{"rendered":"<p>Na manh\u00e3 desta quinta-feira (13), a Pol\u00edcia Federal (PF) deflagrou a Opera\u00e7\u00e3o Worms 2 \u2013 \u201cN\u00e3o Seja um Laranja\u201d, com o cumprimento de 24 mandados de busca e apreens\u00e3o, 23 medidas cautelares e uma pris\u00e3o preventiva nos munic\u00edpios de Vit\u00f3ria da Conquista e Salvador. A a\u00e7\u00e3o tem como meta desmantelar uma organiza\u00e7\u00e3o criminosa respons\u00e1vel por [&hellip;]<\/p>\n","protected":false},"author":1,"featured_media":9833,"comment_status":"open","ping_status":"open","sticky":false,"template":"","format":"standard","meta":{"om_disable_all_campaigns":false,"_monsterinsights_skip_tracking":false,"_monsterinsights_sitenote_active":false,"_monsterinsights_sitenote_note":"","_monsterinsights_sitenote_category":0,"_uf_show_specific_survey":0,"_uf_disable_surveys":false,"footnotes":""},"categories":[43],"tags":[],"class_list":{"0":"post-9832","1":"post","2":"type-post","3":"status-publish","4":"format-standard","5":"has-post-thumbnail","7":"category-vitoria-da-conquista"},"yoast_head":"<!-- This site is optimized with the Yoast SEO plugin v27.4 - https:\/\/yoast.com\/product\/yoast-seo-wordpress\/ -->\n<title>Pol\u00edcia Federal realiza opera\u00e7\u00e3o contra grupo envolvido em fraudes banc\u00e1rias em Vit\u00f3ria da Conquista e Salvador - Maetinga Not\u00edcias<\/title>\n<meta name=\"robots\" content=\"index, follow, max-snippet:-1, max-image-preview:large, max-video-preview:-1\" \/>\n<link rel=\"canonical\" href=\"https:\/\/maetinganoticias.com\/index.php\/2025\/11\/13\/policia-federal-realiza-operacao-contra-grupo-envolvido-em-fraudes-bancarias-em-vitoria-da-conquista-e-salvador\/\" \/>\n<meta property=\"og:locale\" content=\"pt_BR\" \/>\n<meta property=\"og:type\" content=\"article\" \/>\n<meta property=\"og:title\" content=\"Pol\u00edcia Federal realiza opera\u00e7\u00e3o contra grupo envolvido em fraudes banc\u00e1rias em Vit\u00f3ria da Conquista e Salvador - Maetinga Not\u00edcias\" \/>\n<meta property=\"og:description\" content=\"Na manh\u00e3 desta quinta-feira (13), a Pol\u00edcia Federal (PF) deflagrou a Opera\u00e7\u00e3o Worms 2 \u2013 \u201cN\u00e3o Seja um Laranja\u201d, com o cumprimento de 24 mandados de busca e apreens\u00e3o, 23 medidas cautelares e uma pris\u00e3o preventiva nos munic\u00edpios de Vit\u00f3ria da Conquista e Salvador. A a\u00e7\u00e3o tem como meta desmantelar uma organiza\u00e7\u00e3o criminosa respons\u00e1vel por [&hellip;]\" \/>\n<meta property=\"og:url\" content=\"https:\/\/maetinganoticias.com\/index.php\/2025\/11\/13\/policia-federal-realiza-operacao-contra-grupo-envolvido-em-fraudes-bancarias-em-vitoria-da-conquista-e-salvador\/\" \/>\n<meta property=\"og:site_name\" content=\"Maetinga Not\u00edcias\" \/>\n<meta property=\"article:published_time\" content=\"2025-11-13T14:55:40+00:00\" \/>\n<meta property=\"article:modified_time\" content=\"2025-11-13T14:55:41+00:00\" \/>\n<meta property=\"og:image\" content=\"https:\/\/maetinganoticias.com\/wp-content\/uploads\/2025\/11\/2124-blogsudoeste-apreensao-vitoria-da-conquista-salvador.webp\" \/>\n\t<meta property=\"og:image:width\" content=\"850\" \/>\n\t<meta property=\"og:image:height\" content=\"600\" \/>\n\t<meta property=\"og:image:type\" content=\"image\/webp\" \/>\n<meta name=\"author\" content=\"Maetinga Not\u00edcias\" \/>\n<meta name=\"twitter:card\" content=\"summary_large_image\" \/>\n<meta name=\"twitter:label1\" content=\"Escrito por\" \/>\n\t<meta name=\"twitter:data1\" content=\"Maetinga Not\u00edcias\" \/>\n\t<meta name=\"twitter:label2\" content=\"Est. tempo de leitura\" \/>\n\t<meta name=\"twitter:data2\" content=\"2 minutos\" \/>\n<script type=\"application\/ld+json\" class=\"yoast-schema-graph\">{\"@context\":\"https:\\\/\\\/schema.org\",\"@graph\":[{\"@type\":[\"Article\",\"BlogPosting\"],\"@id\":\"https:\\\/\\\/maetinganoticias.com\\\/index.php\\\/2025\\\/11\\\/13\\\/policia-federal-realiza-operacao-contra-grupo-envolvido-em-fraudes-bancarias-em-vitoria-da-conquista-e-salvador\\\/#article\",\"isPartOf\":{\"@id\":\"https:\\\/\\\/maetinganoticias.com\\\/index.php\\\/2025\\\/11\\\/13\\\/policia-federal-realiza-operacao-contra-grupo-envolvido-em-fraudes-bancarias-em-vitoria-da-conquista-e-salvador\\\/\"},\"author\":{\"name\":\"Maetinga Not\u00edcias\",\"@id\":\"https:\\\/\\\/maetinganoticias.com\\\/#\\\/schema\\\/person\\\/968cf95e67a6810fc7fb35bbc9016962\"},\"headline\":\"Pol\u00edcia Federal realiza opera\u00e7\u00e3o contra grupo envolvido em fraudes banc\u00e1rias em Vit\u00f3ria da Conquista e Salvador\",\"datePublished\":\"2025-11-13T14:55:40+00:00\",\"dateModified\":\"2025-11-13T14:55:41+00:00\",\"mainEntityOfPage\":{\"@id\":\"https:\\\/\\\/maetinganoticias.com\\\/index.php\\\/2025\\\/11\\\/13\\\/policia-federal-realiza-operacao-contra-grupo-envolvido-em-fraudes-bancarias-em-vitoria-da-conquista-e-salvador\\\/\"},\"wordCount\":309,\"commentCount\":0,\"publisher\":{\"@id\":\"https:\\\/\\\/maetinganoticias.com\\\/#organization\"},\"image\":{\"@id\":\"https:\\\/\\\/maetinganoticias.com\\\/index.php\\\/2025\\\/11\\\/13\\\/policia-federal-realiza-operacao-contra-grupo-envolvido-em-fraudes-bancarias-em-vitoria-da-conquista-e-salvador\\\/#primaryimage\"},\"thumbnailUrl\":\"https:\\\/\\\/maetinganoticias.com\\\/wp-content\\\/uploads\\\/2025\\\/11\\\/2124-blogsudoeste-apreensao-vitoria-da-conquista-salvador.webp\",\"articleSection\":[\"Vit\u00f3ria da Conquista\"],\"inLanguage\":\"pt-BR\",\"potentialAction\":[{\"@type\":\"CommentAction\",\"name\":\"Comment\",\"target\":[\"https:\\\/\\\/maetinganoticias.com\\\/index.php\\\/2025\\\/11\\\/13\\\/policia-federal-realiza-operacao-contra-grupo-envolvido-em-fraudes-bancarias-em-vitoria-da-conquista-e-salvador\\\/#respond\"]}]},{\"@type\":\"WebPage\",\"@id\":\"https:\\\/\\\/maetinganoticias.com\\\/index.php\\\/2025\\\/11\\\/13\\\/policia-federal-realiza-operacao-contra-grupo-envolvido-em-fraudes-bancarias-em-vitoria-da-conquista-e-salvador\\\/\",\"url\":\"https:\\\/\\\/maetinganoticias.com\\\/index.php\\\/2025\\\/11\\\/13\\\/policia-federal-realiza-operacao-contra-grupo-envolvido-em-fraudes-bancarias-em-vitoria-da-conquista-e-salvador\\\/\",\"name\":\"Pol\u00edcia Federal realiza opera\u00e7\u00e3o contra grupo envolvido em fraudes banc\u00e1rias em Vit\u00f3ria da Conquista e Salvador - Maetinga Not\u00edcias\",\"isPartOf\":{\"@id\":\"https:\\\/\\\/maetinganoticias.com\\\/#website\"},\"primaryImageOfPage\":{\"@id\":\"https:\\\/\\\/maetinganoticias.com\\\/index.php\\\/2025\\\/11\\\/13\\\/policia-federal-realiza-operacao-contra-grupo-envolvido-em-fraudes-bancarias-em-vitoria-da-conquista-e-salvador\\\/#primaryimage\"},\"image\":{\"@id\":\"https:\\\/\\\/maetinganoticias.com\\\/index.php\\\/2025\\\/11\\\/13\\\/policia-federal-realiza-operacao-contra-grupo-envolvido-em-fraudes-bancarias-em-vitoria-da-conquista-e-salvador\\\/#primaryimage\"},\"thumbnailUrl\":\"https:\\\/\\\/maetinganoticias.com\\\/wp-content\\\/uploads\\\/2025\\\/11\\\/2124-blogsudoeste-apreensao-vitoria-da-conquista-salvador.webp\",\"datePublished\":\"2025-11-13T14:55:40+00:00\",\"dateModified\":\"2025-11-13T14:55:41+00:00\",\"breadcrumb\":{\"@id\":\"https:\\\/\\\/maetinganoticias.com\\\/index.php\\\/2025\\\/11\\\/13\\\/policia-federal-realiza-operacao-contra-grupo-envolvido-em-fraudes-bancarias-em-vitoria-da-conquista-e-salvador\\\/#breadcrumb\"},\"inLanguage\":\"pt-BR\",\"potentialAction\":[{\"@type\":\"ReadAction\",\"target\":[\"https:\\\/\\\/maetinganoticias.com\\\/index.php\\\/2025\\\/11\\\/13\\\/policia-federal-realiza-operacao-contra-grupo-envolvido-em-fraudes-bancarias-em-vitoria-da-conquista-e-salvador\\\/\"]}]},{\"@type\":\"ImageObject\",\"inLanguage\":\"pt-BR\",\"@id\":\"https:\\\/\\\/maetinganoticias.com\\\/index.php\\\/2025\\\/11\\\/13\\\/policia-federal-realiza-operacao-contra-grupo-envolvido-em-fraudes-bancarias-em-vitoria-da-conquista-e-salvador\\\/#primaryimage\",\"url\":\"https:\\\/\\\/maetinganoticias.com\\\/wp-content\\\/uploads\\\/2025\\\/11\\\/2124-blogsudoeste-apreensao-vitoria-da-conquista-salvador.webp\",\"contentUrl\":\"https:\\\/\\\/maetinganoticias.com\\\/wp-content\\\/uploads\\\/2025\\\/11\\\/2124-blogsudoeste-apreensao-vitoria-da-conquista-salvador.webp\",\"width\":850,\"height\":600,\"caption\":\"Foto: Divulga\u00e7\u00e3o\\\/Pol\u00edcia Federal\"},{\"@type\":\"BreadcrumbList\",\"@id\":\"https:\\\/\\\/maetinganoticias.com\\\/index.php\\\/2025\\\/11\\\/13\\\/policia-federal-realiza-operacao-contra-grupo-envolvido-em-fraudes-bancarias-em-vitoria-da-conquista-e-salvador\\\/#breadcrumb\",\"itemListElement\":[{\"@type\":\"ListItem\",\"position\":1,\"name\":\"In\u00edcio\",\"item\":\"https:\\\/\\\/maetinganoticias.com\\\/\"},{\"@type\":\"ListItem\",\"position\":2,\"name\":\"Pol\u00edcia Federal realiza opera\u00e7\u00e3o contra grupo envolvido em fraudes banc\u00e1rias em Vit\u00f3ria da Conquista e Salvador\"}]},{\"@type\":\"WebSite\",\"@id\":\"https:\\\/\\\/maetinganoticias.com\\\/#website\",\"url\":\"https:\\\/\\\/maetinganoticias.com\\\/\",\"name\":\"Maetinga Not\u00edcias\",\"description\":\"A Voz do Interior Baiano!\",\"publisher\":{\"@id\":\"https:\\\/\\\/maetinganoticias.com\\\/#organization\"},\"potentialAction\":[{\"@type\":\"SearchAction\",\"target\":{\"@type\":\"EntryPoint\",\"urlTemplate\":\"https:\\\/\\\/maetinganoticias.com\\\/?s={search_term_string}\"},\"query-input\":{\"@type\":\"PropertyValueSpecification\",\"valueRequired\":true,\"valueName\":\"search_term_string\"}}],\"inLanguage\":\"pt-BR\"},{\"@type\":\"Organization\",\"@id\":\"https:\\\/\\\/maetinganoticias.com\\\/#organization\",\"name\":\"Maetinga Not\u00edcias\",\"url\":\"https:\\\/\\\/maetinganoticias.com\\\/\",\"logo\":{\"@type\":\"ImageObject\",\"inLanguage\":\"pt-BR\",\"@id\":\"https:\\\/\\\/maetinganoticias.com\\\/#\\\/schema\\\/logo\\\/image\\\/\",\"url\":\"https:\\\/\\\/maetinganoticias.com\\\/wp-content\\\/uploads\\\/2023\\\/07\\\/cropped-cropped-cropped-cropped-BUSINESS-3-42-1.png\",\"contentUrl\":\"https:\\\/\\\/maetinganoticias.com\\\/wp-content\\\/uploads\\\/2023\\\/07\\\/cropped-cropped-cropped-cropped-BUSINESS-3-42-1.png\",\"width\":485,\"height\":109,\"caption\":\"Maetinga Not\u00edcias\"},\"image\":{\"@id\":\"https:\\\/\\\/maetinganoticias.com\\\/#\\\/schema\\\/logo\\\/image\\\/\"}},{\"@type\":\"Person\",\"@id\":\"https:\\\/\\\/maetinganoticias.com\\\/#\\\/schema\\\/person\\\/968cf95e67a6810fc7fb35bbc9016962\",\"name\":\"Maetinga Not\u00edcias\",\"image\":{\"@type\":\"ImageObject\",\"inLanguage\":\"pt-BR\",\"@id\":\"https:\\\/\\\/secure.gravatar.com\\\/avatar\\\/32e078313a5ca37a6c8d44e716ed4f9e87ecfde7222d2b88a1424bd49654f187?s=96&d=mm&r=g\",\"url\":\"https:\\\/\\\/secure.gravatar.com\\\/avatar\\\/32e078313a5ca37a6c8d44e716ed4f9e87ecfde7222d2b88a1424bd49654f187?s=96&d=mm&r=g\",\"contentUrl\":\"https:\\\/\\\/secure.gravatar.com\\\/avatar\\\/32e078313a5ca37a6c8d44e716ed4f9e87ecfde7222d2b88a1424bd49654f187?s=96&d=mm&r=g\",\"caption\":\"Maetinga Not\u00edcias\"},\"description\":\"A voz do Interior Baiano!\",\"sameAs\":[\"https:\\\/\\\/maetinganoticias.com\",\"https:\\\/\\\/www.instagram.com\\\/blogmaetinganoticias\\\/\"],\"url\":\"https:\\\/\\\/maetinganoticias.com\\\/index.php\\\/author\\\/carlosvianna13\\\/\"}]}<\/script>\n<!-- \/ Yoast SEO plugin. -->","yoast_head_json":{"title":"Pol\u00edcia Federal realiza opera\u00e7\u00e3o contra grupo envolvido em fraudes banc\u00e1rias em Vit\u00f3ria da Conquista e Salvador - Maetinga Not\u00edcias","robots":{"index":"index","follow":"follow","max-snippet":"max-snippet:-1","max-image-preview":"max-image-preview:large","max-video-preview":"max-video-preview:-1"},"canonical":"https:\/\/maetinganoticias.com\/index.php\/2025\/11\/13\/policia-federal-realiza-operacao-contra-grupo-envolvido-em-fraudes-bancarias-em-vitoria-da-conquista-e-salvador\/","og_locale":"pt_BR","og_type":"article","og_title":"Pol\u00edcia Federal realiza opera\u00e7\u00e3o contra grupo envolvido em fraudes banc\u00e1rias em Vit\u00f3ria da Conquista e Salvador - Maetinga Not\u00edcias","og_description":"Na manh\u00e3 desta quinta-feira (13), a Pol\u00edcia Federal (PF) deflagrou a Opera\u00e7\u00e3o Worms 2 \u2013 \u201cN\u00e3o Seja um Laranja\u201d, com o cumprimento de 24 mandados de busca e apreens\u00e3o, 23 medidas cautelares e uma pris\u00e3o preventiva nos munic\u00edpios de Vit\u00f3ria da Conquista e Salvador. A a\u00e7\u00e3o tem como meta desmantelar uma organiza\u00e7\u00e3o criminosa respons\u00e1vel por [&hellip;]","og_url":"https:\/\/maetinganoticias.com\/index.php\/2025\/11\/13\/policia-federal-realiza-operacao-contra-grupo-envolvido-em-fraudes-bancarias-em-vitoria-da-conquista-e-salvador\/","og_site_name":"Maetinga Not\u00edcias","article_published_time":"2025-11-13T14:55:40+00:00","article_modified_time":"2025-11-13T14:55:41+00:00","og_image":[{"width":850,"height":600,"url":"https:\/\/maetinganoticias.com\/wp-content\/uploads\/2025\/11\/2124-blogsudoeste-apreensao-vitoria-da-conquista-salvador.webp","type":"image\/webp"}],"author":"Maetinga Not\u00edcias","twitter_card":"summary_large_image","twitter_misc":{"Escrito por":"Maetinga Not\u00edcias","Est. tempo de leitura":"2 minutos"},"schema":{"@context":"https:\/\/schema.org","@graph":[{"@type":["Article","BlogPosting"],"@id":"https:\/\/maetinganoticias.com\/index.php\/2025\/11\/13\/policia-federal-realiza-operacao-contra-grupo-envolvido-em-fraudes-bancarias-em-vitoria-da-conquista-e-salvador\/#article","isPartOf":{"@id":"https:\/\/maetinganoticias.com\/index.php\/2025\/11\/13\/policia-federal-realiza-operacao-contra-grupo-envolvido-em-fraudes-bancarias-em-vitoria-da-conquista-e-salvador\/"},"author":{"name":"Maetinga Not\u00edcias","@id":"https:\/\/maetinganoticias.com\/#\/schema\/person\/968cf95e67a6810fc7fb35bbc9016962"},"headline":"Pol\u00edcia Federal realiza opera\u00e7\u00e3o contra grupo envolvido em fraudes banc\u00e1rias em Vit\u00f3ria da Conquista e Salvador","datePublished":"2025-11-13T14:55:40+00:00","dateModified":"2025-11-13T14:55:41+00:00","mainEntityOfPage":{"@id":"https:\/\/maetinganoticias.com\/index.php\/2025\/11\/13\/policia-federal-realiza-operacao-contra-grupo-envolvido-em-fraudes-bancarias-em-vitoria-da-conquista-e-salvador\/"},"wordCount":309,"commentCount":0,"publisher":{"@id":"https:\/\/maetinganoticias.com\/#organization"},"image":{"@id":"https:\/\/maetinganoticias.com\/index.php\/2025\/11\/13\/policia-federal-realiza-operacao-contra-grupo-envolvido-em-fraudes-bancarias-em-vitoria-da-conquista-e-salvador\/#primaryimage"},"thumbnailUrl":"https:\/\/maetinganoticias.com\/wp-content\/uploads\/2025\/11\/2124-blogsudoeste-apreensao-vitoria-da-conquista-salvador.webp","articleSection":["Vit\u00f3ria da Conquista"],"inLanguage":"pt-BR","potentialAction":[{"@type":"CommentAction","name":"Comment","target":["https:\/\/maetinganoticias.com\/index.php\/2025\/11\/13\/policia-federal-realiza-operacao-contra-grupo-envolvido-em-fraudes-bancarias-em-vitoria-da-conquista-e-salvador\/#respond"]}]},{"@type":"WebPage","@id":"https:\/\/maetinganoticias.com\/index.php\/2025\/11\/13\/policia-federal-realiza-operacao-contra-grupo-envolvido-em-fraudes-bancarias-em-vitoria-da-conquista-e-salvador\/","url":"https:\/\/maetinganoticias.com\/index.php\/2025\/11\/13\/policia-federal-realiza-operacao-contra-grupo-envolvido-em-fraudes-bancarias-em-vitoria-da-conquista-e-salvador\/","name":"Pol\u00edcia Federal realiza opera\u00e7\u00e3o contra grupo envolvido em fraudes banc\u00e1rias em Vit\u00f3ria da Conquista e Salvador - Maetinga Not\u00edcias","isPartOf":{"@id":"https:\/\/maetinganoticias.com\/#website"},"primaryImageOfPage":{"@id":"https:\/\/maetinganoticias.com\/index.php\/2025\/11\/13\/policia-federal-realiza-operacao-contra-grupo-envolvido-em-fraudes-bancarias-em-vitoria-da-conquista-e-salvador\/#primaryimage"},"image":{"@id":"https:\/\/maetinganoticias.com\/index.php\/2025\/11\/13\/policia-federal-realiza-operacao-contra-grupo-envolvido-em-fraudes-bancarias-em-vitoria-da-conquista-e-salvador\/#primaryimage"},"thumbnailUrl":"https:\/\/maetinganoticias.com\/wp-content\/uploads\/2025\/11\/2124-blogsudoeste-apreensao-vitoria-da-conquista-salvador.webp","datePublished":"2025-11-13T14:55:40+00:00","dateModified":"2025-11-13T14:55:41+00:00","breadcrumb":{"@id":"https:\/\/maetinganoticias.com\/index.php\/2025\/11\/13\/policia-federal-realiza-operacao-contra-grupo-envolvido-em-fraudes-bancarias-em-vitoria-da-conquista-e-salvador\/#breadcrumb"},"inLanguage":"pt-BR","potentialAction":[{"@type":"ReadAction","target":["https:\/\/maetinganoticias.com\/index.php\/2025\/11\/13\/policia-federal-realiza-operacao-contra-grupo-envolvido-em-fraudes-bancarias-em-vitoria-da-conquista-e-salvador\/"]}]},{"@type":"ImageObject","inLanguage":"pt-BR","@id":"https:\/\/maetinganoticias.com\/index.php\/2025\/11\/13\/policia-federal-realiza-operacao-contra-grupo-envolvido-em-fraudes-bancarias-em-vitoria-da-conquista-e-salvador\/#primaryimage","url":"https:\/\/maetinganoticias.com\/wp-content\/uploads\/2025\/11\/2124-blogsudoeste-apreensao-vitoria-da-conquista-salvador.webp","contentUrl":"https:\/\/maetinganoticias.com\/wp-content\/uploads\/2025\/11\/2124-blogsudoeste-apreensao-vitoria-da-conquista-salvador.webp","width":850,"height":600,"caption":"Foto: Divulga\u00e7\u00e3o\/Pol\u00edcia Federal"},{"@type":"BreadcrumbList","@id":"https:\/\/maetinganoticias.com\/index.php\/2025\/11\/13\/policia-federal-realiza-operacao-contra-grupo-envolvido-em-fraudes-bancarias-em-vitoria-da-conquista-e-salvador\/#breadcrumb","itemListElement":[{"@type":"ListItem","position":1,"name":"In\u00edcio","item":"https:\/\/maetinganoticias.com\/"},{"@type":"ListItem","position":2,"name":"Pol\u00edcia Federal realiza opera\u00e7\u00e3o contra grupo envolvido em fraudes banc\u00e1rias em Vit\u00f3ria da Conquista e Salvador"}]},{"@type":"WebSite","@id":"https:\/\/maetinganoticias.com\/#website","url":"https:\/\/maetinganoticias.com\/","name":"Maetinga Not\u00edcias","description":"A Voz do Interior Baiano!","publisher":{"@id":"https:\/\/maetinganoticias.com\/#organization"},"potentialAction":[{"@type":"SearchAction","target":{"@type":"EntryPoint","urlTemplate":"https:\/\/maetinganoticias.com\/?s={search_term_string}"},"query-input":{"@type":"PropertyValueSpecification","valueRequired":true,"valueName":"search_term_string"}}],"inLanguage":"pt-BR"},{"@type":"Organization","@id":"https:\/\/maetinganoticias.com\/#organization","name":"Maetinga Not\u00edcias","url":"https:\/\/maetinganoticias.com\/","logo":{"@type":"ImageObject","inLanguage":"pt-BR","@id":"https:\/\/maetinganoticias.com\/#\/schema\/logo\/image\/","url":"https:\/\/maetinganoticias.com\/wp-content\/uploads\/2023\/07\/cropped-cropped-cropped-cropped-BUSINESS-3-42-1.png","contentUrl":"https:\/\/maetinganoticias.com\/wp-content\/uploads\/2023\/07\/cropped-cropped-cropped-cropped-BUSINESS-3-42-1.png","width":485,"height":109,"caption":"Maetinga Not\u00edcias"},"image":{"@id":"https:\/\/maetinganoticias.com\/#\/schema\/logo\/image\/"}},{"@type":"Person","@id":"https:\/\/maetinganoticias.com\/#\/schema\/person\/968cf95e67a6810fc7fb35bbc9016962","name":"Maetinga Not\u00edcias","image":{"@type":"ImageObject","inLanguage":"pt-BR","@id":"https:\/\/secure.gravatar.com\/avatar\/32e078313a5ca37a6c8d44e716ed4f9e87ecfde7222d2b88a1424bd49654f187?s=96&d=mm&r=g","url":"https:\/\/secure.gravatar.com\/avatar\/32e078313a5ca37a6c8d44e716ed4f9e87ecfde7222d2b88a1424bd49654f187?s=96&d=mm&r=g","contentUrl":"https:\/\/secure.gravatar.com\/avatar\/32e078313a5ca37a6c8d44e716ed4f9e87ecfde7222d2b88a1424bd49654f187?s=96&d=mm&r=g","caption":"Maetinga Not\u00edcias"},"description":"A voz do Interior Baiano!","sameAs":["https:\/\/maetinganoticias.com","https:\/\/www.instagram.com\/blogmaetinganoticias\/"],"url":"https:\/\/maetinganoticias.com\/index.php\/author\/carlosvianna13\/"}]}},"_links":{"self":[{"href":"https:\/\/maetinganoticias.com\/index.php\/wp-json\/wp\/v2\/posts\/9832","targetHints":{"allow":["GET"]}}],"collection":[{"href":"https:\/\/maetinganoticias.com\/index.php\/wp-json\/wp\/v2\/posts"}],"about":[{"href":"https:\/\/maetinganoticias.com\/index.php\/wp-json\/wp\/v2\/types\/post"}],"author":[{"embeddable":true,"href":"https:\/\/maetinganoticias.com\/index.php\/wp-json\/wp\/v2\/users\/1"}],"replies":[{"embeddable":true,"href":"https:\/\/maetinganoticias.com\/index.php\/wp-json\/wp\/v2\/comments?post=9832"}],"version-history":[{"count":1,"href":"https:\/\/maetinganoticias.com\/index.php\/wp-json\/wp\/v2\/posts\/9832\/revisions"}],"predecessor-version":[{"id":9834,"href":"https:\/\/maetinganoticias.com\/index.php\/wp-json\/wp\/v2\/posts\/9832\/revisions\/9834"}],"wp:featuredmedia":[{"embeddable":true,"href":"https:\/\/maetinganoticias.com\/index.php\/wp-json\/wp\/v2\/media\/9833"}],"wp:attachment":[{"href":"https:\/\/maetinganoticias.com\/index.php\/wp-json\/wp\/v2\/media?parent=9832"}],"wp:term":[{"taxonomy":"category","embeddable":true,"href":"https:\/\/maetinganoticias.com\/index.php\/wp-json\/wp\/v2\/categories?post=9832"},{"taxonomy":"post_tag","embeddable":true,"href":"https:\/\/maetinganoticias.com\/index.php\/wp-json\/wp\/v2\/tags?post=9832"}],"curies":[{"name":"wp","href":"https:\/\/api.w.org\/{rel}","templated":true}]}}