{"id":9744,"date":"2025-11-08T10:12:47","date_gmt":"2025-11-08T13:12:47","guid":{"rendered":"https:\/\/maetinganoticias.com\/?p=9744"},"modified":"2025-11-08T10:34:21","modified_gmt":"2025-11-08T13:34:21","slug":"ciclone-causa-destruicao-deixa-4-mortos-e-400-feridos-no-parana","status":"publish","type":"post","link":"https:\/\/maetinganoticias.com\/index.php\/2025\/11\/08\/ciclone-causa-destruicao-deixa-4-mortos-e-400-feridos-no-parana\/","title":{"rendered":"Com ventos de at\u00e9 250 km\/h, Ciclone causa destrui\u00e7\u00e3o, deixa 6 mortos e 400 feridos no Paran\u00e1"},"content":{"rendered":"\n<p><strong><em>Cerca de 10 mil pessoas foram impactadas pelos ventos<\/em><\/strong><\/p>\n\n\n\n<p>O munic\u00edpio de Rio Bonito do Igua\u00e7u, no Centro-Sul do Paran\u00e1, foi atingido na tarde desta sexta-feira (7) por fortes ventos que provocaram destrui\u00e7\u00e3o generalizada. At\u00e9 o momento, a Defesa Civil do estado registra\u00a0seis mortes\u00a0e 432 feridos.<\/p>\n\n\n\n<p>Equipes regionais da Defesa Civil estadual, Corpo de Bombeiros Militar, Pol\u00edcia Militar e Secretaria de Sa\u00fade foram mobilizadas para a cidade, que enfrenta uma situa\u00e7\u00e3o de emerg\u00eancia. Outros \u00f3rg\u00e3os estaduais e municipais tamb\u00e9m atuam no local para prestar atendimento \u00e0s v\u00edtimas e avaliar os danos.<\/p>\n\n\n\n<p>De acordo com o levantamento inicial, mais de 50% da \u00e1rea urbana do munic\u00edpio foi afetada. Diversos im\u00f3veis, incluindo resid\u00eancias, com\u00e9rcios e pr\u00e9dios p\u00fablicos, sofreram destelhamentos \u2014 muitos deles totais. Houve ainda colapsos estruturais, danos \u00e0 malha vi\u00e1ria e \u00e0 rede el\u00e9trica, o que deixou parte da popula\u00e7\u00e3o sem energia.<\/p>\n\n\n\n<p>A Defesa Civil estima que cerca de 10 mil pessoas tenham sido impactadas pelos ventos. At\u00e9 o momento, 28 pessoas est\u00e3o desabrigadas e 1.000 desalojadas. Os desabrigados est\u00e3o sendo encaminhados a abrigos montados no munic\u00edpio vizinho de Laranjeiras do Sul, onde foi disponibilizado transporte emergencial.<\/p>\n\n\n\n<p>Segundo o governo do estado, as equipes seguem em atendimento e prosseguem com os levantamentos para mensurar a extens\u00e3o total dos estragos.<\/p>\n\n\n\n<p><strong>Outras cidades atingidas na regi\u00e3o:<\/strong><\/p>\n\n\n\n<p>&#8211; Quedas do Igua\u00e7u: dois&nbsp;desalojados, destelhamento de posto de sa\u00fade e alagamentos<br>&#8211; Espig\u00e3o Alto do Igua\u00e7u: prefeitura parcialmente destelhada<br>&#8211; Tr\u00eas Barras: falta de energia<br>&#8211; Guarania\u00e7u: tr\u00eas&nbsp;casas atingidas<br>&#8211; Foz do Igua\u00e7u: duas resid\u00eancias com telhados severamente danificados,&nbsp;cerca de 15 \u00e1rvores\/galhos quebrados, cabos de energia rompidos e alguns postes da rede el\u00e9trica quebrados<\/p>\n","protected":false},"excerpt":{"rendered":"<p>Cerca de 10 mil pessoas foram impactadas pelos ventos O munic\u00edpio de Rio Bonito do Igua\u00e7u, no Centro-Sul do Paran\u00e1, foi atingido na tarde desta sexta-feira (7) por fortes ventos que provocaram destrui\u00e7\u00e3o generalizada. At\u00e9 o momento, a Defesa Civil do estado registra\u00a0seis mortes\u00a0e 432 feridos. Equipes regionais da Defesa Civil estadual, Corpo de Bombeiros [&hellip;]<\/p>\n","protected":false},"author":1,"featured_media":9745,"comment_status":"open","ping_status":"open","sticky":false,"template":"","format":"standard","meta":{"om_disable_all_campaigns":false,"_monsterinsights_skip_tracking":false,"_monsterinsights_sitenote_active":false,"_monsterinsights_sitenote_note":"","_monsterinsights_sitenote_category":0,"_uf_show_specific_survey":0,"_uf_disable_surveys":false,"footnotes":""},"categories":[1103],"tags":[],"class_list":{"0":"post-9744","1":"post","2":"type-post","3":"status-publish","4":"format-standard","5":"has-post-thumbnail","7":"category-tragedia"},"yoast_head":"<!-- This site is optimized with the Yoast SEO plugin v27.4 - https:\/\/yoast.com\/product\/yoast-seo-wordpress\/ -->\n<title>Com ventos de at\u00e9 250 km\/h, Ciclone causa destrui\u00e7\u00e3o, deixa 6 mortos e 400 feridos no Paran\u00e1 - Maetinga Not\u00edcias<\/title>\n<meta name=\"robots\" content=\"index, follow, max-snippet:-1, max-image-preview:large, max-video-preview:-1\" \/>\n<link rel=\"canonical\" href=\"https:\/\/maetinganoticias.com\/index.php\/2025\/11\/08\/ciclone-causa-destruicao-deixa-4-mortos-e-400-feridos-no-parana\/\" \/>\n<meta property=\"og:locale\" content=\"pt_BR\" \/>\n<meta property=\"og:type\" content=\"article\" \/>\n<meta property=\"og:title\" content=\"Com ventos de at\u00e9 250 km\/h, Ciclone causa destrui\u00e7\u00e3o, deixa 6 mortos e 400 feridos no Paran\u00e1 - Maetinga Not\u00edcias\" \/>\n<meta property=\"og:description\" content=\"Cerca de 10 mil pessoas foram impactadas pelos ventos O munic\u00edpio de Rio Bonito do Igua\u00e7u, no Centro-Sul do Paran\u00e1, foi atingido na tarde desta sexta-feira (7) por fortes ventos que provocaram destrui\u00e7\u00e3o generalizada. At\u00e9 o momento, a Defesa Civil do estado registra\u00a0seis mortes\u00a0e 432 feridos. Equipes regionais da Defesa Civil estadual, Corpo de Bombeiros [&hellip;]\" \/>\n<meta property=\"og:url\" content=\"https:\/\/maetinganoticias.com\/index.php\/2025\/11\/08\/ciclone-causa-destruicao-deixa-4-mortos-e-400-feridos-no-parana\/\" \/>\n<meta property=\"og:site_name\" content=\"Maetinga Not\u00edcias\" \/>\n<meta property=\"article:published_time\" content=\"2025-11-08T13:12:47+00:00\" \/>\n<meta property=\"article:modified_time\" content=\"2025-11-08T13:34:21+00:00\" \/>\n<meta property=\"og:image\" content=\"https:\/\/maetinganoticias.com\/wp-content\/uploads\/2025\/11\/ciclone_widemd.png\" \/>\n\t<meta property=\"og:image:width\" content=\"551\" \/>\n\t<meta property=\"og:image:height\" content=\"309\" \/>\n\t<meta property=\"og:image:type\" content=\"image\/png\" \/>\n<meta name=\"author\" content=\"Maetinga Not\u00edcias\" \/>\n<meta name=\"twitter:card\" content=\"summary_large_image\" \/>\n<meta name=\"twitter:label1\" content=\"Escrito por\" \/>\n\t<meta name=\"twitter:data1\" content=\"Maetinga Not\u00edcias\" \/>\n\t<meta name=\"twitter:label2\" content=\"Est. tempo de leitura\" \/>\n\t<meta name=\"twitter:data2\" content=\"2 minutos\" \/>\n<script type=\"application\/ld+json\" class=\"yoast-schema-graph\">{\"@context\":\"https:\\\/\\\/schema.org\",\"@graph\":[{\"@type\":[\"Article\",\"BlogPosting\"],\"@id\":\"https:\\\/\\\/maetinganoticias.com\\\/index.php\\\/2025\\\/11\\\/08\\\/ciclone-causa-destruicao-deixa-4-mortos-e-400-feridos-no-parana\\\/#article\",\"isPartOf\":{\"@id\":\"https:\\\/\\\/maetinganoticias.com\\\/index.php\\\/2025\\\/11\\\/08\\\/ciclone-causa-destruicao-deixa-4-mortos-e-400-feridos-no-parana\\\/\"},\"author\":{\"name\":\"Maetinga Not\u00edcias\",\"@id\":\"https:\\\/\\\/maetinganoticias.com\\\/#\\\/schema\\\/person\\\/968cf95e67a6810fc7fb35bbc9016962\"},\"headline\":\"Com ventos de at\u00e9 250 km\\\/h, Ciclone causa destrui\u00e7\u00e3o, deixa 6 mortos e 400 feridos no Paran\u00e1\",\"datePublished\":\"2025-11-08T13:12:47+00:00\",\"dateModified\":\"2025-11-08T13:34:21+00:00\",\"mainEntityOfPage\":{\"@id\":\"https:\\\/\\\/maetinganoticias.com\\\/index.php\\\/2025\\\/11\\\/08\\\/ciclone-causa-destruicao-deixa-4-mortos-e-400-feridos-no-parana\\\/\"},\"wordCount\":312,\"commentCount\":0,\"publisher\":{\"@id\":\"https:\\\/\\\/maetinganoticias.com\\\/#organization\"},\"image\":{\"@id\":\"https:\\\/\\\/maetinganoticias.com\\\/index.php\\\/2025\\\/11\\\/08\\\/ciclone-causa-destruicao-deixa-4-mortos-e-400-feridos-no-parana\\\/#primaryimage\"},\"thumbnailUrl\":\"https:\\\/\\\/maetinganoticias.com\\\/wp-content\\\/uploads\\\/2025\\\/11\\\/ciclone_widemd.png\",\"articleSection\":[\"TRAG\u00c9DIA\"],\"inLanguage\":\"pt-BR\",\"potentialAction\":[{\"@type\":\"CommentAction\",\"name\":\"Comment\",\"target\":[\"https:\\\/\\\/maetinganoticias.com\\\/index.php\\\/2025\\\/11\\\/08\\\/ciclone-causa-destruicao-deixa-4-mortos-e-400-feridos-no-parana\\\/#respond\"]}]},{\"@type\":\"WebPage\",\"@id\":\"https:\\\/\\\/maetinganoticias.com\\\/index.php\\\/2025\\\/11\\\/08\\\/ciclone-causa-destruicao-deixa-4-mortos-e-400-feridos-no-parana\\\/\",\"url\":\"https:\\\/\\\/maetinganoticias.com\\\/index.php\\\/2025\\\/11\\\/08\\\/ciclone-causa-destruicao-deixa-4-mortos-e-400-feridos-no-parana\\\/\",\"name\":\"Com ventos de at\u00e9 250 km\\\/h, Ciclone causa destrui\u00e7\u00e3o, deixa 6 mortos e 400 feridos no Paran\u00e1 - Maetinga Not\u00edcias\",\"isPartOf\":{\"@id\":\"https:\\\/\\\/maetinganoticias.com\\\/#website\"},\"primaryImageOfPage\":{\"@id\":\"https:\\\/\\\/maetinganoticias.com\\\/index.php\\\/2025\\\/11\\\/08\\\/ciclone-causa-destruicao-deixa-4-mortos-e-400-feridos-no-parana\\\/#primaryimage\"},\"image\":{\"@id\":\"https:\\\/\\\/maetinganoticias.com\\\/index.php\\\/2025\\\/11\\\/08\\\/ciclone-causa-destruicao-deixa-4-mortos-e-400-feridos-no-parana\\\/#primaryimage\"},\"thumbnailUrl\":\"https:\\\/\\\/maetinganoticias.com\\\/wp-content\\\/uploads\\\/2025\\\/11\\\/ciclone_widemd.png\",\"datePublished\":\"2025-11-08T13:12:47+00:00\",\"dateModified\":\"2025-11-08T13:34:21+00:00\",\"breadcrumb\":{\"@id\":\"https:\\\/\\\/maetinganoticias.com\\\/index.php\\\/2025\\\/11\\\/08\\\/ciclone-causa-destruicao-deixa-4-mortos-e-400-feridos-no-parana\\\/#breadcrumb\"},\"inLanguage\":\"pt-BR\",\"potentialAction\":[{\"@type\":\"ReadAction\",\"target\":[\"https:\\\/\\\/maetinganoticias.com\\\/index.php\\\/2025\\\/11\\\/08\\\/ciclone-causa-destruicao-deixa-4-mortos-e-400-feridos-no-parana\\\/\"]}]},{\"@type\":\"ImageObject\",\"inLanguage\":\"pt-BR\",\"@id\":\"https:\\\/\\\/maetinganoticias.com\\\/index.php\\\/2025\\\/11\\\/08\\\/ciclone-causa-destruicao-deixa-4-mortos-e-400-feridos-no-parana\\\/#primaryimage\",\"url\":\"https:\\\/\\\/maetinganoticias.com\\\/wp-content\\\/uploads\\\/2025\\\/11\\\/ciclone_widemd.png\",\"contentUrl\":\"https:\\\/\\\/maetinganoticias.com\\\/wp-content\\\/uploads\\\/2025\\\/11\\\/ciclone_widemd.png\",\"width\":551,\"height\":309,\"caption\":\"Foto: Reprodu\u00e7\u00e3o\\\/Redes sociais\"},{\"@type\":\"BreadcrumbList\",\"@id\":\"https:\\\/\\\/maetinganoticias.com\\\/index.php\\\/2025\\\/11\\\/08\\\/ciclone-causa-destruicao-deixa-4-mortos-e-400-feridos-no-parana\\\/#breadcrumb\",\"itemListElement\":[{\"@type\":\"ListItem\",\"position\":1,\"name\":\"In\u00edcio\",\"item\":\"https:\\\/\\\/maetinganoticias.com\\\/\"},{\"@type\":\"ListItem\",\"position\":2,\"name\":\"Com ventos de at\u00e9 250 km\\\/h, Ciclone causa destrui\u00e7\u00e3o, deixa 6 mortos e 400 feridos no Paran\u00e1\"}]},{\"@type\":\"WebSite\",\"@id\":\"https:\\\/\\\/maetinganoticias.com\\\/#website\",\"url\":\"https:\\\/\\\/maetinganoticias.com\\\/\",\"name\":\"Maetinga Not\u00edcias\",\"description\":\"A Voz do Interior Baiano!\",\"publisher\":{\"@id\":\"https:\\\/\\\/maetinganoticias.com\\\/#organization\"},\"potentialAction\":[{\"@type\":\"SearchAction\",\"target\":{\"@type\":\"EntryPoint\",\"urlTemplate\":\"https:\\\/\\\/maetinganoticias.com\\\/?s={search_term_string}\"},\"query-input\":{\"@type\":\"PropertyValueSpecification\",\"valueRequired\":true,\"valueName\":\"search_term_string\"}}],\"inLanguage\":\"pt-BR\"},{\"@type\":\"Organization\",\"@id\":\"https:\\\/\\\/maetinganoticias.com\\\/#organization\",\"name\":\"Maetinga Not\u00edcias\",\"url\":\"https:\\\/\\\/maetinganoticias.com\\\/\",\"logo\":{\"@type\":\"ImageObject\",\"inLanguage\":\"pt-BR\",\"@id\":\"https:\\\/\\\/maetinganoticias.com\\\/#\\\/schema\\\/logo\\\/image\\\/\",\"url\":\"https:\\\/\\\/maetinganoticias.com\\\/wp-content\\\/uploads\\\/2023\\\/07\\\/cropped-cropped-cropped-cropped-BUSINESS-3-42-1.png\",\"contentUrl\":\"https:\\\/\\\/maetinganoticias.com\\\/wp-content\\\/uploads\\\/2023\\\/07\\\/cropped-cropped-cropped-cropped-BUSINESS-3-42-1.png\",\"width\":485,\"height\":109,\"caption\":\"Maetinga Not\u00edcias\"},\"image\":{\"@id\":\"https:\\\/\\\/maetinganoticias.com\\\/#\\\/schema\\\/logo\\\/image\\\/\"}},{\"@type\":\"Person\",\"@id\":\"https:\\\/\\\/maetinganoticias.com\\\/#\\\/schema\\\/person\\\/968cf95e67a6810fc7fb35bbc9016962\",\"name\":\"Maetinga Not\u00edcias\",\"image\":{\"@type\":\"ImageObject\",\"inLanguage\":\"pt-BR\",\"@id\":\"https:\\\/\\\/secure.gravatar.com\\\/avatar\\\/32e078313a5ca37a6c8d44e716ed4f9e87ecfde7222d2b88a1424bd49654f187?s=96&d=mm&r=g\",\"url\":\"https:\\\/\\\/secure.gravatar.com\\\/avatar\\\/32e078313a5ca37a6c8d44e716ed4f9e87ecfde7222d2b88a1424bd49654f187?s=96&d=mm&r=g\",\"contentUrl\":\"https:\\\/\\\/secure.gravatar.com\\\/avatar\\\/32e078313a5ca37a6c8d44e716ed4f9e87ecfde7222d2b88a1424bd49654f187?s=96&d=mm&r=g\",\"caption\":\"Maetinga Not\u00edcias\"},\"description\":\"A voz do Interior Baiano!\",\"sameAs\":[\"https:\\\/\\\/maetinganoticias.com\",\"https:\\\/\\\/www.instagram.com\\\/blogmaetinganoticias\\\/\"],\"url\":\"https:\\\/\\\/maetinganoticias.com\\\/index.php\\\/author\\\/carlosvianna13\\\/\"}]}<\/script>\n<!-- \/ Yoast SEO plugin. -->","yoast_head_json":{"title":"Com ventos de at\u00e9 250 km\/h, Ciclone causa destrui\u00e7\u00e3o, deixa 6 mortos e 400 feridos no Paran\u00e1 - Maetinga Not\u00edcias","robots":{"index":"index","follow":"follow","max-snippet":"max-snippet:-1","max-image-preview":"max-image-preview:large","max-video-preview":"max-video-preview:-1"},"canonical":"https:\/\/maetinganoticias.com\/index.php\/2025\/11\/08\/ciclone-causa-destruicao-deixa-4-mortos-e-400-feridos-no-parana\/","og_locale":"pt_BR","og_type":"article","og_title":"Com ventos de at\u00e9 250 km\/h, Ciclone causa destrui\u00e7\u00e3o, deixa 6 mortos e 400 feridos no Paran\u00e1 - Maetinga Not\u00edcias","og_description":"Cerca de 10 mil pessoas foram impactadas pelos ventos O munic\u00edpio de Rio Bonito do Igua\u00e7u, no Centro-Sul do Paran\u00e1, foi atingido na tarde desta sexta-feira (7) por fortes ventos que provocaram destrui\u00e7\u00e3o generalizada. At\u00e9 o momento, a Defesa Civil do estado registra\u00a0seis mortes\u00a0e 432 feridos. Equipes regionais da Defesa Civil estadual, Corpo de Bombeiros [&hellip;]","og_url":"https:\/\/maetinganoticias.com\/index.php\/2025\/11\/08\/ciclone-causa-destruicao-deixa-4-mortos-e-400-feridos-no-parana\/","og_site_name":"Maetinga Not\u00edcias","article_published_time":"2025-11-08T13:12:47+00:00","article_modified_time":"2025-11-08T13:34:21+00:00","og_image":[{"width":551,"height":309,"url":"https:\/\/maetinganoticias.com\/wp-content\/uploads\/2025\/11\/ciclone_widemd.png","type":"image\/png"}],"author":"Maetinga Not\u00edcias","twitter_card":"summary_large_image","twitter_misc":{"Escrito por":"Maetinga Not\u00edcias","Est. tempo de leitura":"2 minutos"},"schema":{"@context":"https:\/\/schema.org","@graph":[{"@type":["Article","BlogPosting"],"@id":"https:\/\/maetinganoticias.com\/index.php\/2025\/11\/08\/ciclone-causa-destruicao-deixa-4-mortos-e-400-feridos-no-parana\/#article","isPartOf":{"@id":"https:\/\/maetinganoticias.com\/index.php\/2025\/11\/08\/ciclone-causa-destruicao-deixa-4-mortos-e-400-feridos-no-parana\/"},"author":{"name":"Maetinga Not\u00edcias","@id":"https:\/\/maetinganoticias.com\/#\/schema\/person\/968cf95e67a6810fc7fb35bbc9016962"},"headline":"Com ventos de at\u00e9 250 km\/h, Ciclone causa destrui\u00e7\u00e3o, deixa 6 mortos e 400 feridos no Paran\u00e1","datePublished":"2025-11-08T13:12:47+00:00","dateModified":"2025-11-08T13:34:21+00:00","mainEntityOfPage":{"@id":"https:\/\/maetinganoticias.com\/index.php\/2025\/11\/08\/ciclone-causa-destruicao-deixa-4-mortos-e-400-feridos-no-parana\/"},"wordCount":312,"commentCount":0,"publisher":{"@id":"https:\/\/maetinganoticias.com\/#organization"},"image":{"@id":"https:\/\/maetinganoticias.com\/index.php\/2025\/11\/08\/ciclone-causa-destruicao-deixa-4-mortos-e-400-feridos-no-parana\/#primaryimage"},"thumbnailUrl":"https:\/\/maetinganoticias.com\/wp-content\/uploads\/2025\/11\/ciclone_widemd.png","articleSection":["TRAG\u00c9DIA"],"inLanguage":"pt-BR","potentialAction":[{"@type":"CommentAction","name":"Comment","target":["https:\/\/maetinganoticias.com\/index.php\/2025\/11\/08\/ciclone-causa-destruicao-deixa-4-mortos-e-400-feridos-no-parana\/#respond"]}]},{"@type":"WebPage","@id":"https:\/\/maetinganoticias.com\/index.php\/2025\/11\/08\/ciclone-causa-destruicao-deixa-4-mortos-e-400-feridos-no-parana\/","url":"https:\/\/maetinganoticias.com\/index.php\/2025\/11\/08\/ciclone-causa-destruicao-deixa-4-mortos-e-400-feridos-no-parana\/","name":"Com ventos de at\u00e9 250 km\/h, Ciclone causa destrui\u00e7\u00e3o, deixa 6 mortos e 400 feridos no Paran\u00e1 - Maetinga Not\u00edcias","isPartOf":{"@id":"https:\/\/maetinganoticias.com\/#website"},"primaryImageOfPage":{"@id":"https:\/\/maetinganoticias.com\/index.php\/2025\/11\/08\/ciclone-causa-destruicao-deixa-4-mortos-e-400-feridos-no-parana\/#primaryimage"},"image":{"@id":"https:\/\/maetinganoticias.com\/index.php\/2025\/11\/08\/ciclone-causa-destruicao-deixa-4-mortos-e-400-feridos-no-parana\/#primaryimage"},"thumbnailUrl":"https:\/\/maetinganoticias.com\/wp-content\/uploads\/2025\/11\/ciclone_widemd.png","datePublished":"2025-11-08T13:12:47+00:00","dateModified":"2025-11-08T13:34:21+00:00","breadcrumb":{"@id":"https:\/\/maetinganoticias.com\/index.php\/2025\/11\/08\/ciclone-causa-destruicao-deixa-4-mortos-e-400-feridos-no-parana\/#breadcrumb"},"inLanguage":"pt-BR","potentialAction":[{"@type":"ReadAction","target":["https:\/\/maetinganoticias.com\/index.php\/2025\/11\/08\/ciclone-causa-destruicao-deixa-4-mortos-e-400-feridos-no-parana\/"]}]},{"@type":"ImageObject","inLanguage":"pt-BR","@id":"https:\/\/maetinganoticias.com\/index.php\/2025\/11\/08\/ciclone-causa-destruicao-deixa-4-mortos-e-400-feridos-no-parana\/#primaryimage","url":"https:\/\/maetinganoticias.com\/wp-content\/uploads\/2025\/11\/ciclone_widemd.png","contentUrl":"https:\/\/maetinganoticias.com\/wp-content\/uploads\/2025\/11\/ciclone_widemd.png","width":551,"height":309,"caption":"Foto: Reprodu\u00e7\u00e3o\/Redes sociais"},{"@type":"BreadcrumbList","@id":"https:\/\/maetinganoticias.com\/index.php\/2025\/11\/08\/ciclone-causa-destruicao-deixa-4-mortos-e-400-feridos-no-parana\/#breadcrumb","itemListElement":[{"@type":"ListItem","position":1,"name":"In\u00edcio","item":"https:\/\/maetinganoticias.com\/"},{"@type":"ListItem","position":2,"name":"Com ventos de at\u00e9 250 km\/h, Ciclone causa destrui\u00e7\u00e3o, deixa 6 mortos e 400 feridos no Paran\u00e1"}]},{"@type":"WebSite","@id":"https:\/\/maetinganoticias.com\/#website","url":"https:\/\/maetinganoticias.com\/","name":"Maetinga Not\u00edcias","description":"A Voz do Interior Baiano!","publisher":{"@id":"https:\/\/maetinganoticias.com\/#organization"},"potentialAction":[{"@type":"SearchAction","target":{"@type":"EntryPoint","urlTemplate":"https:\/\/maetinganoticias.com\/?s={search_term_string}"},"query-input":{"@type":"PropertyValueSpecification","valueRequired":true,"valueName":"search_term_string"}}],"inLanguage":"pt-BR"},{"@type":"Organization","@id":"https:\/\/maetinganoticias.com\/#organization","name":"Maetinga Not\u00edcias","url":"https:\/\/maetinganoticias.com\/","logo":{"@type":"ImageObject","inLanguage":"pt-BR","@id":"https:\/\/maetinganoticias.com\/#\/schema\/logo\/image\/","url":"https:\/\/maetinganoticias.com\/wp-content\/uploads\/2023\/07\/cropped-cropped-cropped-cropped-BUSINESS-3-42-1.png","contentUrl":"https:\/\/maetinganoticias.com\/wp-content\/uploads\/2023\/07\/cropped-cropped-cropped-cropped-BUSINESS-3-42-1.png","width":485,"height":109,"caption":"Maetinga Not\u00edcias"},"image":{"@id":"https:\/\/maetinganoticias.com\/#\/schema\/logo\/image\/"}},{"@type":"Person","@id":"https:\/\/maetinganoticias.com\/#\/schema\/person\/968cf95e67a6810fc7fb35bbc9016962","name":"Maetinga Not\u00edcias","image":{"@type":"ImageObject","inLanguage":"pt-BR","@id":"https:\/\/secure.gravatar.com\/avatar\/32e078313a5ca37a6c8d44e716ed4f9e87ecfde7222d2b88a1424bd49654f187?s=96&d=mm&r=g","url":"https:\/\/secure.gravatar.com\/avatar\/32e078313a5ca37a6c8d44e716ed4f9e87ecfde7222d2b88a1424bd49654f187?s=96&d=mm&r=g","contentUrl":"https:\/\/secure.gravatar.com\/avatar\/32e078313a5ca37a6c8d44e716ed4f9e87ecfde7222d2b88a1424bd49654f187?s=96&d=mm&r=g","caption":"Maetinga Not\u00edcias"},"description":"A voz do Interior Baiano!","sameAs":["https:\/\/maetinganoticias.com","https:\/\/www.instagram.com\/blogmaetinganoticias\/"],"url":"https:\/\/maetinganoticias.com\/index.php\/author\/carlosvianna13\/"}]}},"_links":{"self":[{"href":"https:\/\/maetinganoticias.com\/index.php\/wp-json\/wp\/v2\/posts\/9744","targetHints":{"allow":["GET"]}}],"collection":[{"href":"https:\/\/maetinganoticias.com\/index.php\/wp-json\/wp\/v2\/posts"}],"about":[{"href":"https:\/\/maetinganoticias.com\/index.php\/wp-json\/wp\/v2\/types\/post"}],"author":[{"embeddable":true,"href":"https:\/\/maetinganoticias.com\/index.php\/wp-json\/wp\/v2\/users\/1"}],"replies":[{"embeddable":true,"href":"https:\/\/maetinganoticias.com\/index.php\/wp-json\/wp\/v2\/comments?post=9744"}],"version-history":[{"count":3,"href":"https:\/\/maetinganoticias.com\/index.php\/wp-json\/wp\/v2\/posts\/9744\/revisions"}],"predecessor-version":[{"id":9748,"href":"https:\/\/maetinganoticias.com\/index.php\/wp-json\/wp\/v2\/posts\/9744\/revisions\/9748"}],"wp:featuredmedia":[{"embeddable":true,"href":"https:\/\/maetinganoticias.com\/index.php\/wp-json\/wp\/v2\/media\/9745"}],"wp:attachment":[{"href":"https:\/\/maetinganoticias.com\/index.php\/wp-json\/wp\/v2\/media?parent=9744"}],"wp:term":[{"taxonomy":"category","embeddable":true,"href":"https:\/\/maetinganoticias.com\/index.php\/wp-json\/wp\/v2\/categories?post=9744"},{"taxonomy":"post_tag","embeddable":true,"href":"https:\/\/maetinganoticias.com\/index.php\/wp-json\/wp\/v2\/tags?post=9744"}],"curies":[{"name":"wp","href":"https:\/\/api.w.org\/{rel}","templated":true}]}}