{"id":9723,"date":"2025-11-07T19:54:31","date_gmt":"2025-11-07T22:54:31","guid":{"rendered":"https:\/\/maetinganoticias.com\/?p=9723"},"modified":"2025-11-07T19:54:31","modified_gmt":"2025-11-07T22:54:31","slug":"por-unanimidade-stf-mantem-condenacao-de-bolsonaro-e-aliados","status":"publish","type":"post","link":"https:\/\/maetinganoticias.com\/index.php\/2025\/11\/07\/por-unanimidade-stf-mantem-condenacao-de-bolsonaro-e-aliados\/","title":{"rendered":"Por unanimidade, STF mant\u00e9m condena\u00e7\u00e3o de Bolsonaro e aliados"},"content":{"rendered":"\n<p><strong><em>Colegiado rejeitou os chamados embargos de declara\u00e7\u00e3o<\/em><\/strong><\/p>\n\n\n\n<p>Por unanimidade, os ministros da Primeira Turma do Supremo Tribunal Federal (STF) decidiram&nbsp;<strong>manter a condena\u00e7\u00e3o ex-presidente Jair Bolsonaro e mais seis r\u00e9us na a\u00e7\u00e3o penal da trama golpista<\/strong>.<img decoding=\"async\" src=\"https:\/\/agenciabrasil.ebc.com.br\/ebc.png?id=1666662&amp;o=node\"><img decoding=\"async\" src=\"https:\/\/agenciabrasil.ebc.com.br\/ebc.gif?id=1666662&amp;o=node\"><\/p>\n\n\n\n<p><strong>Com placar de 4 votos a 0, o colegiado rejeitou os chamados embargos de declara\u00e7\u00e3o<\/strong>, recursos que foram protocolados pelas defesas dos condenados para evitar a execu\u00e7\u00e3o das penas em regime fechado.&nbsp;<\/p>\n\n\n\n<p>Os votos foram proferidos pelo relator, Alexandre de Moraes, e os ministros Fl\u00e1vio Dino, Cristiano Zanin e C\u00e1rmen L\u00facia.&nbsp;<\/p>\n\n\n\n<p>Luiz Fux n\u00e3o votou. No m\u00eas passado, o ministro mudou para a Segunda Turma da Corte ap\u00f3s votar pela absolvi\u00e7\u00e3o de Bolsonaro.&nbsp;<\/p>\n\n\n\n<p>Com os quatro votos proferidos, o julgamento virtual est\u00e1 encerrado.&nbsp;<\/p>\n\n\n\n<h2 class=\"wp-block-heading\"><strong>Pris\u00e3o\u00a0<\/strong><\/h2>\n\n\n\n<p><strong>A partir de agora, caber\u00e1 a Alexandre de Moraes decidir quando Bolsonaro e os demais r\u00e9us ser\u00e3o presos.&nbsp;<\/strong><\/p>\n\n\n\n<p>A medida dever\u00e1 ocorrer ap\u00f3s o ministro declarar o tr\u00e2nsito em julgado da a\u00e7\u00e3o penal, ou seja, o fim do processo e da possibilidade de recorrer. N\u00e3o h\u00e1 prazo para a decis\u00e3o.&nbsp;<\/p>\n\n\n\n<p>A princ\u00edpio, Bolsonaro e outros r\u00e9us n\u00e3o t\u00eam direito a um novo recurso para levar o caso para o plen\u00e1rio. Contudo, as defesas podem insistir na tentativa de apresent\u00e1-lo.&nbsp;<\/p>\n\n\n\n<p>Para conseguir que o caso fosse julgado novamente pelo pleno, os acusados precisavam obter pelo menos dois votos pela absolvi\u00e7\u00e3o, ou seja, placar m\u00ednimo de 3 votos a 2. Nesse caso, os embargos infringentes poderiam ser protocolados contra a decis\u00e3o.&nbsp; No dia 11 de setembro, o placar pela condena\u00e7\u00e3o foi de 4 votos a 1.&nbsp;<\/p>\n\n\n\n<p>Atualmente, o ex-presidente est\u00e1 em pris\u00e3o domiciliar&nbsp;em fun\u00e7\u00e3o das investiga\u00e7\u00f5es do inqu\u00e9rito sobre o tarifa\u00e7o dos Estados Unidos contra o Brasil.<\/p>\n\n\n\n<p>Se a pris\u00e3o for decretada por Moraes, o&nbsp;<strong>ex-presidente iniciar\u00e1 o cumprimento da pena definitiva pela a\u00e7\u00e3o penal do golpe no pres\u00eddio da Papuda, em Bras\u00edlia, ou em uma sala especial na Pol\u00edcia Federal<\/strong>.&nbsp;<\/p>\n\n\n\n<p>Os demais condenados s\u00e3o militares e delegados da Pol\u00edcia Federal e poder\u00e3o cumprir as penas em quart\u00e9is das For\u00e7as Armadas ou em alas especiais da pr\u00f3pria Papuda.<\/p>\n\n\n\n<p>Diante do estado de sa\u00fade de Bolsonaro, a defesa tamb\u00e9m poder\u00e1 solicitar que o ex-presidente seja mantido em pris\u00e3o domiciliar, como ocorreu com o ex-presidente Fernando Collor.&nbsp;<\/p>\n\n\n\n<p>Condenado pelo Supremo em um dos processos da Opera\u00e7\u00e3o Lava Jato, Collor foi mandado para um pres\u00eddio em Macei\u00f3, mas ganhou o direito de cumprir a pena em casa, sob monitoramento de tornozeleira eletr\u00f4nica, por motivos de sa\u00fade.&nbsp;<\/p>\n\n\n\n<h2 class=\"wp-block-heading\"><strong>Condenados\u00a0<\/strong><\/h2>\n\n\n\n<p>Al\u00e9m de Bolsonaro, condenado a 27 anos e tr\u00eas meses de pris\u00e3o, tamb\u00e9m tiveram os recursos negados:<\/p>\n\n\n\n<p>Walter Braga Netto,&nbsp;ex-ministro e candidato a&nbsp;vice-presidente na chapa de 2022;<\/p>\n\n\n\n<p>Almir Garnier, ex-comandante da Marinha;&nbsp;<\/p>\n\n\n\n<p>Anderson Torres, ex-ministro da Justi\u00e7a e ex-secret\u00e1rio de seguran\u00e7a do Distrito Federal;&nbsp;<\/p>\n\n\n\n<p>Augusto Heleno, ex-ministro do Gabinete de Seguran\u00e7a Institucional (GSI);&nbsp;<\/p>\n\n\n\n<p>Paulo S\u00e9rgio Nogueira, ex-ministro da Defesa e&nbsp;<\/p>\n\n\n\n<p>Alexandre Ramagem, ex-diretor da Ag\u00eancia Brasileira de Intelig\u00eancia (Abin).&nbsp;<\/p>\n\n\n\n<p>O ex-ajudante de ordens de Bolsonaro Mauro Cid&nbsp;assinou dela\u00e7\u00e3o premiada durante as investiga\u00e7\u00f5es e n\u00e3o recorreu da condena\u00e7\u00e3o. Ele j\u00e1 cumpre a pena em regime aberto e&nbsp;tirou a tornozeleira eletr\u00f4nica.&nbsp;&nbsp;<\/p>\n\n\n\n<p>Fonte: Ag\u00eancia Brasil<\/p>\n","protected":false},"excerpt":{"rendered":"<p>Colegiado rejeitou os chamados embargos de declara\u00e7\u00e3o Por unanimidade, os ministros da Primeira Turma do Supremo Tribunal Federal (STF) decidiram&nbsp;manter a condena\u00e7\u00e3o ex-presidente Jair Bolsonaro e mais seis r\u00e9us na a\u00e7\u00e3o penal da trama golpista. Com placar de 4 votos a 0, o colegiado rejeitou os chamados embargos de declara\u00e7\u00e3o, recursos que foram protocolados pelas [&hellip;]<\/p>\n","protected":false},"author":1,"featured_media":9724,"comment_status":"open","ping_status":"open","sticky":false,"template":"","format":"standard","meta":{"om_disable_all_campaigns":false,"_monsterinsights_skip_tracking":false,"_monsterinsights_sitenote_active":false,"_monsterinsights_sitenote_note":"","_monsterinsights_sitenote_category":0,"_uf_show_specific_survey":0,"_uf_disable_surveys":false,"footnotes":""},"categories":[698],"tags":[],"class_list":{"0":"post-9723","1":"post","2":"type-post","3":"status-publish","4":"format-standard","5":"has-post-thumbnail","7":"category-justica"},"yoast_head":"<!-- This site is optimized with the Yoast SEO plugin v27.5 - https:\/\/yoast.com\/product\/yoast-seo-wordpress\/ -->\n<title>Por unanimidade, STF mant\u00e9m condena\u00e7\u00e3o de Bolsonaro e aliados - Maetinga Not\u00edcias<\/title>\n<meta name=\"robots\" content=\"index, follow, max-snippet:-1, max-image-preview:large, max-video-preview:-1\" \/>\n<link rel=\"canonical\" href=\"https:\/\/maetinganoticias.com\/index.php\/2025\/11\/07\/por-unanimidade-stf-mantem-condenacao-de-bolsonaro-e-aliados\/\" \/>\n<meta property=\"og:locale\" content=\"pt_BR\" \/>\n<meta property=\"og:type\" content=\"article\" \/>\n<meta property=\"og:title\" content=\"Por unanimidade, STF mant\u00e9m condena\u00e7\u00e3o de Bolsonaro e aliados - Maetinga Not\u00edcias\" \/>\n<meta property=\"og:description\" content=\"Colegiado rejeitou os chamados embargos de declara\u00e7\u00e3o Por unanimidade, os ministros da Primeira Turma do Supremo Tribunal Federal (STF) decidiram&nbsp;manter a condena\u00e7\u00e3o ex-presidente Jair Bolsonaro e mais seis r\u00e9us na a\u00e7\u00e3o penal da trama golpista. Com placar de 4 votos a 0, o colegiado rejeitou os chamados embargos de declara\u00e7\u00e3o, recursos que foram protocolados pelas [&hellip;]\" \/>\n<meta property=\"og:url\" content=\"https:\/\/maetinganoticias.com\/index.php\/2025\/11\/07\/por-unanimidade-stf-mantem-condenacao-de-bolsonaro-e-aliados\/\" \/>\n<meta property=\"og:site_name\" content=\"Maetinga Not\u00edcias\" \/>\n<meta property=\"article:published_time\" content=\"2025-11-07T22:54:31+00:00\" \/>\n<meta property=\"og:image\" content=\"https:\/\/maetinganoticias.com\/wp-content\/uploads\/2025\/11\/14092025-pzzb2984.webp\" \/>\n\t<meta property=\"og:image:width\" content=\"1170\" \/>\n\t<meta property=\"og:image:height\" content=\"700\" \/>\n\t<meta property=\"og:image:type\" content=\"image\/webp\" \/>\n<meta name=\"author\" content=\"Maetinga Not\u00edcias\" \/>\n<meta name=\"twitter:card\" content=\"summary_large_image\" \/>\n<meta name=\"twitter:label1\" content=\"Escrito por\" \/>\n\t<meta name=\"twitter:data1\" content=\"Maetinga Not\u00edcias\" \/>\n\t<meta name=\"twitter:label2\" content=\"Est. tempo de leitura\" \/>\n\t<meta name=\"twitter:data2\" content=\"4 minutos\" \/>\n<script type=\"application\/ld+json\" class=\"yoast-schema-graph\">{\"@context\":\"https:\\\/\\\/schema.org\",\"@graph\":[{\"@type\":[\"Article\",\"BlogPosting\"],\"@id\":\"https:\\\/\\\/maetinganoticias.com\\\/index.php\\\/2025\\\/11\\\/07\\\/por-unanimidade-stf-mantem-condenacao-de-bolsonaro-e-aliados\\\/#article\",\"isPartOf\":{\"@id\":\"https:\\\/\\\/maetinganoticias.com\\\/index.php\\\/2025\\\/11\\\/07\\\/por-unanimidade-stf-mantem-condenacao-de-bolsonaro-e-aliados\\\/\"},\"author\":{\"name\":\"Maetinga Not\u00edcias\",\"@id\":\"https:\\\/\\\/maetinganoticias.com\\\/#\\\/schema\\\/person\\\/968cf95e67a6810fc7fb35bbc9016962\"},\"headline\":\"Por unanimidade, STF mant\u00e9m condena\u00e7\u00e3o de Bolsonaro e aliados\",\"datePublished\":\"2025-11-07T22:54:31+00:00\",\"mainEntityOfPage\":{\"@id\":\"https:\\\/\\\/maetinganoticias.com\\\/index.php\\\/2025\\\/11\\\/07\\\/por-unanimidade-stf-mantem-condenacao-de-bolsonaro-e-aliados\\\/\"},\"wordCount\":608,\"commentCount\":0,\"publisher\":{\"@id\":\"https:\\\/\\\/maetinganoticias.com\\\/#organization\"},\"image\":{\"@id\":\"https:\\\/\\\/maetinganoticias.com\\\/index.php\\\/2025\\\/11\\\/07\\\/por-unanimidade-stf-mantem-condenacao-de-bolsonaro-e-aliados\\\/#primaryimage\"},\"thumbnailUrl\":\"https:\\\/\\\/maetinganoticias.com\\\/wp-content\\\/uploads\\\/2025\\\/11\\\/14092025-pzzb2984.webp\",\"articleSection\":[\"Justi\u00e7a\"],\"inLanguage\":\"pt-BR\",\"potentialAction\":[{\"@type\":\"CommentAction\",\"name\":\"Comment\",\"target\":[\"https:\\\/\\\/maetinganoticias.com\\\/index.php\\\/2025\\\/11\\\/07\\\/por-unanimidade-stf-mantem-condenacao-de-bolsonaro-e-aliados\\\/#respond\"]}]},{\"@type\":\"WebPage\",\"@id\":\"https:\\\/\\\/maetinganoticias.com\\\/index.php\\\/2025\\\/11\\\/07\\\/por-unanimidade-stf-mantem-condenacao-de-bolsonaro-e-aliados\\\/\",\"url\":\"https:\\\/\\\/maetinganoticias.com\\\/index.php\\\/2025\\\/11\\\/07\\\/por-unanimidade-stf-mantem-condenacao-de-bolsonaro-e-aliados\\\/\",\"name\":\"Por unanimidade, STF mant\u00e9m condena\u00e7\u00e3o de Bolsonaro e aliados - Maetinga Not\u00edcias\",\"isPartOf\":{\"@id\":\"https:\\\/\\\/maetinganoticias.com\\\/#website\"},\"primaryImageOfPage\":{\"@id\":\"https:\\\/\\\/maetinganoticias.com\\\/index.php\\\/2025\\\/11\\\/07\\\/por-unanimidade-stf-mantem-condenacao-de-bolsonaro-e-aliados\\\/#primaryimage\"},\"image\":{\"@id\":\"https:\\\/\\\/maetinganoticias.com\\\/index.php\\\/2025\\\/11\\\/07\\\/por-unanimidade-stf-mantem-condenacao-de-bolsonaro-e-aliados\\\/#primaryimage\"},\"thumbnailUrl\":\"https:\\\/\\\/maetinganoticias.com\\\/wp-content\\\/uploads\\\/2025\\\/11\\\/14092025-pzzb2984.webp\",\"datePublished\":\"2025-11-07T22:54:31+00:00\",\"breadcrumb\":{\"@id\":\"https:\\\/\\\/maetinganoticias.com\\\/index.php\\\/2025\\\/11\\\/07\\\/por-unanimidade-stf-mantem-condenacao-de-bolsonaro-e-aliados\\\/#breadcrumb\"},\"inLanguage\":\"pt-BR\",\"potentialAction\":[{\"@type\":\"ReadAction\",\"target\":[\"https:\\\/\\\/maetinganoticias.com\\\/index.php\\\/2025\\\/11\\\/07\\\/por-unanimidade-stf-mantem-condenacao-de-bolsonaro-e-aliados\\\/\"]}]},{\"@type\":\"ImageObject\",\"inLanguage\":\"pt-BR\",\"@id\":\"https:\\\/\\\/maetinganoticias.com\\\/index.php\\\/2025\\\/11\\\/07\\\/por-unanimidade-stf-mantem-condenacao-de-bolsonaro-e-aliados\\\/#primaryimage\",\"url\":\"https:\\\/\\\/maetinganoticias.com\\\/wp-content\\\/uploads\\\/2025\\\/11\\\/14092025-pzzb2984.webp\",\"contentUrl\":\"https:\\\/\\\/maetinganoticias.com\\\/wp-content\\\/uploads\\\/2025\\\/11\\\/14092025-pzzb2984.webp\",\"width\":1170,\"height\":700,\"caption\":\"\u00a9 Fabio Rodrigues-Pozzebom\\\/ Ag\u00eancia Brasil\"},{\"@type\":\"BreadcrumbList\",\"@id\":\"https:\\\/\\\/maetinganoticias.com\\\/index.php\\\/2025\\\/11\\\/07\\\/por-unanimidade-stf-mantem-condenacao-de-bolsonaro-e-aliados\\\/#breadcrumb\",\"itemListElement\":[{\"@type\":\"ListItem\",\"position\":1,\"name\":\"In\u00edcio\",\"item\":\"https:\\\/\\\/maetinganoticias.com\\\/\"},{\"@type\":\"ListItem\",\"position\":2,\"name\":\"Por unanimidade, STF mant\u00e9m condena\u00e7\u00e3o de Bolsonaro e aliados\"}]},{\"@type\":\"WebSite\",\"@id\":\"https:\\\/\\\/maetinganoticias.com\\\/#website\",\"url\":\"https:\\\/\\\/maetinganoticias.com\\\/\",\"name\":\"Maetinga Not\u00edcias\",\"description\":\"A Voz do Interior Baiano!\",\"publisher\":{\"@id\":\"https:\\\/\\\/maetinganoticias.com\\\/#organization\"},\"potentialAction\":[{\"@type\":\"SearchAction\",\"target\":{\"@type\":\"EntryPoint\",\"urlTemplate\":\"https:\\\/\\\/maetinganoticias.com\\\/?s={search_term_string}\"},\"query-input\":{\"@type\":\"PropertyValueSpecification\",\"valueRequired\":true,\"valueName\":\"search_term_string\"}}],\"inLanguage\":\"pt-BR\"},{\"@type\":\"Organization\",\"@id\":\"https:\\\/\\\/maetinganoticias.com\\\/#organization\",\"name\":\"Maetinga Not\u00edcias\",\"url\":\"https:\\\/\\\/maetinganoticias.com\\\/\",\"logo\":{\"@type\":\"ImageObject\",\"inLanguage\":\"pt-BR\",\"@id\":\"https:\\\/\\\/maetinganoticias.com\\\/#\\\/schema\\\/logo\\\/image\\\/\",\"url\":\"https:\\\/\\\/maetinganoticias.com\\\/wp-content\\\/uploads\\\/2023\\\/07\\\/cropped-cropped-cropped-cropped-BUSINESS-3-42-1.png\",\"contentUrl\":\"https:\\\/\\\/maetinganoticias.com\\\/wp-content\\\/uploads\\\/2023\\\/07\\\/cropped-cropped-cropped-cropped-BUSINESS-3-42-1.png\",\"width\":485,\"height\":109,\"caption\":\"Maetinga Not\u00edcias\"},\"image\":{\"@id\":\"https:\\\/\\\/maetinganoticias.com\\\/#\\\/schema\\\/logo\\\/image\\\/\"}},{\"@type\":\"Person\",\"@id\":\"https:\\\/\\\/maetinganoticias.com\\\/#\\\/schema\\\/person\\\/968cf95e67a6810fc7fb35bbc9016962\",\"name\":\"Maetinga Not\u00edcias\",\"image\":{\"@type\":\"ImageObject\",\"inLanguage\":\"pt-BR\",\"@id\":\"https:\\\/\\\/secure.gravatar.com\\\/avatar\\\/32e078313a5ca37a6c8d44e716ed4f9e87ecfde7222d2b88a1424bd49654f187?s=96&d=mm&r=g\",\"url\":\"https:\\\/\\\/secure.gravatar.com\\\/avatar\\\/32e078313a5ca37a6c8d44e716ed4f9e87ecfde7222d2b88a1424bd49654f187?s=96&d=mm&r=g\",\"contentUrl\":\"https:\\\/\\\/secure.gravatar.com\\\/avatar\\\/32e078313a5ca37a6c8d44e716ed4f9e87ecfde7222d2b88a1424bd49654f187?s=96&d=mm&r=g\",\"caption\":\"Maetinga Not\u00edcias\"},\"description\":\"A voz do Interior Baiano!\",\"sameAs\":[\"https:\\\/\\\/maetinganoticias.com\",\"https:\\\/\\\/www.instagram.com\\\/blogmaetinganoticias\\\/\"],\"url\":\"https:\\\/\\\/maetinganoticias.com\\\/index.php\\\/author\\\/carlosvianna13\\\/\"}]}<\/script>\n<!-- \/ Yoast SEO plugin. -->","yoast_head_json":{"title":"Por unanimidade, STF mant\u00e9m condena\u00e7\u00e3o de Bolsonaro e aliados - Maetinga Not\u00edcias","robots":{"index":"index","follow":"follow","max-snippet":"max-snippet:-1","max-image-preview":"max-image-preview:large","max-video-preview":"max-video-preview:-1"},"canonical":"https:\/\/maetinganoticias.com\/index.php\/2025\/11\/07\/por-unanimidade-stf-mantem-condenacao-de-bolsonaro-e-aliados\/","og_locale":"pt_BR","og_type":"article","og_title":"Por unanimidade, STF mant\u00e9m condena\u00e7\u00e3o de Bolsonaro e aliados - Maetinga Not\u00edcias","og_description":"Colegiado rejeitou os chamados embargos de declara\u00e7\u00e3o Por unanimidade, os ministros da Primeira Turma do Supremo Tribunal Federal (STF) decidiram&nbsp;manter a condena\u00e7\u00e3o ex-presidente Jair Bolsonaro e mais seis r\u00e9us na a\u00e7\u00e3o penal da trama golpista. Com placar de 4 votos a 0, o colegiado rejeitou os chamados embargos de declara\u00e7\u00e3o, recursos que foram protocolados pelas [&hellip;]","og_url":"https:\/\/maetinganoticias.com\/index.php\/2025\/11\/07\/por-unanimidade-stf-mantem-condenacao-de-bolsonaro-e-aliados\/","og_site_name":"Maetinga Not\u00edcias","article_published_time":"2025-11-07T22:54:31+00:00","og_image":[{"width":1170,"height":700,"url":"https:\/\/maetinganoticias.com\/wp-content\/uploads\/2025\/11\/14092025-pzzb2984.webp","type":"image\/webp"}],"author":"Maetinga Not\u00edcias","twitter_card":"summary_large_image","twitter_misc":{"Escrito por":"Maetinga Not\u00edcias","Est. tempo de leitura":"4 minutos"},"schema":{"@context":"https:\/\/schema.org","@graph":[{"@type":["Article","BlogPosting"],"@id":"https:\/\/maetinganoticias.com\/index.php\/2025\/11\/07\/por-unanimidade-stf-mantem-condenacao-de-bolsonaro-e-aliados\/#article","isPartOf":{"@id":"https:\/\/maetinganoticias.com\/index.php\/2025\/11\/07\/por-unanimidade-stf-mantem-condenacao-de-bolsonaro-e-aliados\/"},"author":{"name":"Maetinga Not\u00edcias","@id":"https:\/\/maetinganoticias.com\/#\/schema\/person\/968cf95e67a6810fc7fb35bbc9016962"},"headline":"Por unanimidade, STF mant\u00e9m condena\u00e7\u00e3o de Bolsonaro e aliados","datePublished":"2025-11-07T22:54:31+00:00","mainEntityOfPage":{"@id":"https:\/\/maetinganoticias.com\/index.php\/2025\/11\/07\/por-unanimidade-stf-mantem-condenacao-de-bolsonaro-e-aliados\/"},"wordCount":608,"commentCount":0,"publisher":{"@id":"https:\/\/maetinganoticias.com\/#organization"},"image":{"@id":"https:\/\/maetinganoticias.com\/index.php\/2025\/11\/07\/por-unanimidade-stf-mantem-condenacao-de-bolsonaro-e-aliados\/#primaryimage"},"thumbnailUrl":"https:\/\/maetinganoticias.com\/wp-content\/uploads\/2025\/11\/14092025-pzzb2984.webp","articleSection":["Justi\u00e7a"],"inLanguage":"pt-BR","potentialAction":[{"@type":"CommentAction","name":"Comment","target":["https:\/\/maetinganoticias.com\/index.php\/2025\/11\/07\/por-unanimidade-stf-mantem-condenacao-de-bolsonaro-e-aliados\/#respond"]}]},{"@type":"WebPage","@id":"https:\/\/maetinganoticias.com\/index.php\/2025\/11\/07\/por-unanimidade-stf-mantem-condenacao-de-bolsonaro-e-aliados\/","url":"https:\/\/maetinganoticias.com\/index.php\/2025\/11\/07\/por-unanimidade-stf-mantem-condenacao-de-bolsonaro-e-aliados\/","name":"Por unanimidade, STF mant\u00e9m condena\u00e7\u00e3o de Bolsonaro e aliados - Maetinga Not\u00edcias","isPartOf":{"@id":"https:\/\/maetinganoticias.com\/#website"},"primaryImageOfPage":{"@id":"https:\/\/maetinganoticias.com\/index.php\/2025\/11\/07\/por-unanimidade-stf-mantem-condenacao-de-bolsonaro-e-aliados\/#primaryimage"},"image":{"@id":"https:\/\/maetinganoticias.com\/index.php\/2025\/11\/07\/por-unanimidade-stf-mantem-condenacao-de-bolsonaro-e-aliados\/#primaryimage"},"thumbnailUrl":"https:\/\/maetinganoticias.com\/wp-content\/uploads\/2025\/11\/14092025-pzzb2984.webp","datePublished":"2025-11-07T22:54:31+00:00","breadcrumb":{"@id":"https:\/\/maetinganoticias.com\/index.php\/2025\/11\/07\/por-unanimidade-stf-mantem-condenacao-de-bolsonaro-e-aliados\/#breadcrumb"},"inLanguage":"pt-BR","potentialAction":[{"@type":"ReadAction","target":["https:\/\/maetinganoticias.com\/index.php\/2025\/11\/07\/por-unanimidade-stf-mantem-condenacao-de-bolsonaro-e-aliados\/"]}]},{"@type":"ImageObject","inLanguage":"pt-BR","@id":"https:\/\/maetinganoticias.com\/index.php\/2025\/11\/07\/por-unanimidade-stf-mantem-condenacao-de-bolsonaro-e-aliados\/#primaryimage","url":"https:\/\/maetinganoticias.com\/wp-content\/uploads\/2025\/11\/14092025-pzzb2984.webp","contentUrl":"https:\/\/maetinganoticias.com\/wp-content\/uploads\/2025\/11\/14092025-pzzb2984.webp","width":1170,"height":700,"caption":"\u00a9 Fabio Rodrigues-Pozzebom\/ Ag\u00eancia Brasil"},{"@type":"BreadcrumbList","@id":"https:\/\/maetinganoticias.com\/index.php\/2025\/11\/07\/por-unanimidade-stf-mantem-condenacao-de-bolsonaro-e-aliados\/#breadcrumb","itemListElement":[{"@type":"ListItem","position":1,"name":"In\u00edcio","item":"https:\/\/maetinganoticias.com\/"},{"@type":"ListItem","position":2,"name":"Por unanimidade, STF mant\u00e9m condena\u00e7\u00e3o de Bolsonaro e aliados"}]},{"@type":"WebSite","@id":"https:\/\/maetinganoticias.com\/#website","url":"https:\/\/maetinganoticias.com\/","name":"Maetinga Not\u00edcias","description":"A Voz do Interior Baiano!","publisher":{"@id":"https:\/\/maetinganoticias.com\/#organization"},"potentialAction":[{"@type":"SearchAction","target":{"@type":"EntryPoint","urlTemplate":"https:\/\/maetinganoticias.com\/?s={search_term_string}"},"query-input":{"@type":"PropertyValueSpecification","valueRequired":true,"valueName":"search_term_string"}}],"inLanguage":"pt-BR"},{"@type":"Organization","@id":"https:\/\/maetinganoticias.com\/#organization","name":"Maetinga Not\u00edcias","url":"https:\/\/maetinganoticias.com\/","logo":{"@type":"ImageObject","inLanguage":"pt-BR","@id":"https:\/\/maetinganoticias.com\/#\/schema\/logo\/image\/","url":"https:\/\/maetinganoticias.com\/wp-content\/uploads\/2023\/07\/cropped-cropped-cropped-cropped-BUSINESS-3-42-1.png","contentUrl":"https:\/\/maetinganoticias.com\/wp-content\/uploads\/2023\/07\/cropped-cropped-cropped-cropped-BUSINESS-3-42-1.png","width":485,"height":109,"caption":"Maetinga Not\u00edcias"},"image":{"@id":"https:\/\/maetinganoticias.com\/#\/schema\/logo\/image\/"}},{"@type":"Person","@id":"https:\/\/maetinganoticias.com\/#\/schema\/person\/968cf95e67a6810fc7fb35bbc9016962","name":"Maetinga Not\u00edcias","image":{"@type":"ImageObject","inLanguage":"pt-BR","@id":"https:\/\/secure.gravatar.com\/avatar\/32e078313a5ca37a6c8d44e716ed4f9e87ecfde7222d2b88a1424bd49654f187?s=96&d=mm&r=g","url":"https:\/\/secure.gravatar.com\/avatar\/32e078313a5ca37a6c8d44e716ed4f9e87ecfde7222d2b88a1424bd49654f187?s=96&d=mm&r=g","contentUrl":"https:\/\/secure.gravatar.com\/avatar\/32e078313a5ca37a6c8d44e716ed4f9e87ecfde7222d2b88a1424bd49654f187?s=96&d=mm&r=g","caption":"Maetinga Not\u00edcias"},"description":"A voz do Interior Baiano!","sameAs":["https:\/\/maetinganoticias.com","https:\/\/www.instagram.com\/blogmaetinganoticias\/"],"url":"https:\/\/maetinganoticias.com\/index.php\/author\/carlosvianna13\/"}]}},"_links":{"self":[{"href":"https:\/\/maetinganoticias.com\/index.php\/wp-json\/wp\/v2\/posts\/9723","targetHints":{"allow":["GET"]}}],"collection":[{"href":"https:\/\/maetinganoticias.com\/index.php\/wp-json\/wp\/v2\/posts"}],"about":[{"href":"https:\/\/maetinganoticias.com\/index.php\/wp-json\/wp\/v2\/types\/post"}],"author":[{"embeddable":true,"href":"https:\/\/maetinganoticias.com\/index.php\/wp-json\/wp\/v2\/users\/1"}],"replies":[{"embeddable":true,"href":"https:\/\/maetinganoticias.com\/index.php\/wp-json\/wp\/v2\/comments?post=9723"}],"version-history":[{"count":1,"href":"https:\/\/maetinganoticias.com\/index.php\/wp-json\/wp\/v2\/posts\/9723\/revisions"}],"predecessor-version":[{"id":9725,"href":"https:\/\/maetinganoticias.com\/index.php\/wp-json\/wp\/v2\/posts\/9723\/revisions\/9725"}],"wp:featuredmedia":[{"embeddable":true,"href":"https:\/\/maetinganoticias.com\/index.php\/wp-json\/wp\/v2\/media\/9724"}],"wp:attachment":[{"href":"https:\/\/maetinganoticias.com\/index.php\/wp-json\/wp\/v2\/media?parent=9723"}],"wp:term":[{"taxonomy":"category","embeddable":true,"href":"https:\/\/maetinganoticias.com\/index.php\/wp-json\/wp\/v2\/categories?post=9723"},{"taxonomy":"post_tag","embeddable":true,"href":"https:\/\/maetinganoticias.com\/index.php\/wp-json\/wp\/v2\/tags?post=9723"}],"curies":[{"name":"wp","href":"https:\/\/api.w.org\/{rel}","templated":true}]}}