{"id":8990,"date":"2025-10-02T18:37:18","date_gmt":"2025-10-02T21:37:18","guid":{"rendered":"https:\/\/maetinganoticias.com\/?p=8990"},"modified":"2025-10-02T18:37:19","modified_gmt":"2025-10-02T21:37:19","slug":"milton-nascimento-e-diagnosticado-com-demencia-revela-filho","status":"publish","type":"post","link":"https:\/\/maetinganoticias.com\/index.php\/2025\/10\/02\/milton-nascimento-e-diagnosticado-com-demencia-revela-filho\/","title":{"rendered":"Milton Nascimento \u00e9 diagnosticado com dem\u00eancia, revela filho"},"content":{"rendered":"\n<p><strong><em>Os primeiros sinais de alerta surgiram ap\u00f3s um per\u00edodo de intensa atividade p\u00fablica para o artista<\/em><\/strong><\/p>\n\n\n\n<p>O cantor e compositor Milton Nascimento, \u00edcone da m\u00fasica brasileira, foi diagnosticado com dem\u00eancia por corpos de Lewy (DCL), aos 82 anos. A informa\u00e7\u00e3o foi revelada em reportagem da revista <em>Piau\u00ed<\/em>.<\/p>\n\n\n\n<p>Em nota oficial, o filho do artista, Augusto Nascimento, confirmou o quadro de sa\u00fade do pai e pediu compreens\u00e3o ao p\u00fablico. Ele destacou que as declara\u00e7\u00f5es dadas \u00e0 <em>Piau\u00ed<\/em> seriam as \u00fanicas feitas pela fam\u00edlia sobre o assunto neste momento.<\/p>\n\n\n\n<p>Segundo Augusto, os primeiros sinais da doen\u00e7a surgiram ap\u00f3s um per\u00edodo de grande exposi\u00e7\u00e3o p\u00fablica. Milton havia sido homenageado pela escola de samba Portela, durante o carnaval na Marqu\u00eas de Sapuca\u00ed, no Rio de Janeiro, e tamb\u00e9m esteve em evid\u00eancia com o lan\u00e7amento do document\u00e1rio <em>Milton Bituca Nascimento<\/em>, dispon\u00edvel no Globoplay. Ap\u00f3s esses eventos, come\u00e7aram a ser notadas mudan\u00e7as significativas em seu comportamento.<\/p>\n","protected":false},"excerpt":{"rendered":"<p>Os primeiros sinais de alerta surgiram ap\u00f3s um per\u00edodo de intensa atividade p\u00fablica para o artista O cantor e compositor Milton Nascimento, \u00edcone da m\u00fasica brasileira, foi diagnosticado com dem\u00eancia por corpos de Lewy (DCL), aos 82 anos. A informa\u00e7\u00e3o foi revelada em reportagem da revista Piau\u00ed. Em nota oficial, o filho do artista, Augusto [&hellip;]<\/p>\n","protected":false},"author":1,"featured_media":8991,"comment_status":"open","ping_status":"open","sticky":false,"template":"","format":"standard","meta":{"om_disable_all_campaigns":false,"_monsterinsights_skip_tracking":false,"_monsterinsights_sitenote_active":false,"_monsterinsights_sitenote_note":"","_monsterinsights_sitenote_category":0,"_uf_show_specific_survey":0,"_uf_disable_surveys":false,"footnotes":""},"categories":[1293],"tags":[],"class_list":{"0":"post-8990","1":"post","2":"type-post","3":"status-publish","4":"format-standard","5":"has-post-thumbnail","7":"category-cultura"},"yoast_head":"<!-- This site is optimized with the Yoast SEO plugin v27.5 - https:\/\/yoast.com\/product\/yoast-seo-wordpress\/ -->\n<title>Milton Nascimento \u00e9 diagnosticado com dem\u00eancia, revela filho - Maetinga Not\u00edcias<\/title>\n<meta name=\"robots\" content=\"index, follow, max-snippet:-1, max-image-preview:large, max-video-preview:-1\" \/>\n<link rel=\"canonical\" href=\"https:\/\/maetinganoticias.com\/index.php\/2025\/10\/02\/milton-nascimento-e-diagnosticado-com-demencia-revela-filho\/\" \/>\n<meta property=\"og:locale\" content=\"pt_BR\" \/>\n<meta property=\"og:type\" content=\"article\" \/>\n<meta property=\"og:title\" content=\"Milton Nascimento \u00e9 diagnosticado com dem\u00eancia, revela filho - Maetinga Not\u00edcias\" \/>\n<meta property=\"og:description\" content=\"Os primeiros sinais de alerta surgiram ap\u00f3s um per\u00edodo de intensa atividade p\u00fablica para o artista O cantor e compositor Milton Nascimento, \u00edcone da m\u00fasica brasileira, foi diagnosticado com dem\u00eancia por corpos de Lewy (DCL), aos 82 anos. A informa\u00e7\u00e3o foi revelada em reportagem da revista Piau\u00ed. Em nota oficial, o filho do artista, Augusto [&hellip;]\" \/>\n<meta property=\"og:url\" content=\"https:\/\/maetinganoticias.com\/index.php\/2025\/10\/02\/milton-nascimento-e-diagnosticado-com-demencia-revela-filho\/\" \/>\n<meta property=\"og:site_name\" content=\"Maetinga Not\u00edcias\" \/>\n<meta property=\"article:published_time\" content=\"2025-10-02T21:37:18+00:00\" \/>\n<meta property=\"article:modified_time\" content=\"2025-10-02T21:37:19+00:00\" \/>\n<meta property=\"og:image\" content=\"https:\/\/maetinganoticias.com\/wp-content\/uploads\/2025\/10\/milton_nascimento.webp\" \/>\n\t<meta property=\"og:image:width\" content=\"1170\" \/>\n\t<meta property=\"og:image:height\" content=\"700\" \/>\n\t<meta property=\"og:image:type\" content=\"image\/webp\" \/>\n<meta name=\"author\" content=\"Maetinga Not\u00edcias\" \/>\n<meta name=\"twitter:card\" content=\"summary_large_image\" \/>\n<meta name=\"twitter:label1\" content=\"Escrito por\" \/>\n\t<meta name=\"twitter:data1\" content=\"Maetinga Not\u00edcias\" \/>\n\t<meta name=\"twitter:label2\" content=\"Est. tempo de leitura\" \/>\n\t<meta name=\"twitter:data2\" content=\"2 minutos\" \/>\n<script type=\"application\/ld+json\" class=\"yoast-schema-graph\">{\"@context\":\"https:\\\/\\\/schema.org\",\"@graph\":[{\"@type\":[\"Article\",\"BlogPosting\"],\"@id\":\"https:\\\/\\\/maetinganoticias.com\\\/index.php\\\/2025\\\/10\\\/02\\\/milton-nascimento-e-diagnosticado-com-demencia-revela-filho\\\/#article\",\"isPartOf\":{\"@id\":\"https:\\\/\\\/maetinganoticias.com\\\/index.php\\\/2025\\\/10\\\/02\\\/milton-nascimento-e-diagnosticado-com-demencia-revela-filho\\\/\"},\"author\":{\"name\":\"Maetinga Not\u00edcias\",\"@id\":\"https:\\\/\\\/maetinganoticias.com\\\/#\\\/schema\\\/person\\\/968cf95e67a6810fc7fb35bbc9016962\"},\"headline\":\"Milton Nascimento \u00e9 diagnosticado com dem\u00eancia, revela filho\",\"datePublished\":\"2025-10-02T21:37:18+00:00\",\"dateModified\":\"2025-10-02T21:37:19+00:00\",\"mainEntityOfPage\":{\"@id\":\"https:\\\/\\\/maetinganoticias.com\\\/index.php\\\/2025\\\/10\\\/02\\\/milton-nascimento-e-diagnosticado-com-demencia-revela-filho\\\/\"},\"wordCount\":181,\"commentCount\":0,\"publisher\":{\"@id\":\"https:\\\/\\\/maetinganoticias.com\\\/#organization\"},\"image\":{\"@id\":\"https:\\\/\\\/maetinganoticias.com\\\/index.php\\\/2025\\\/10\\\/02\\\/milton-nascimento-e-diagnosticado-com-demencia-revela-filho\\\/#primaryimage\"},\"thumbnailUrl\":\"https:\\\/\\\/maetinganoticias.com\\\/wp-content\\\/uploads\\\/2025\\\/10\\\/milton_nascimento.webp\",\"articleSection\":[\"CULTURA\"],\"inLanguage\":\"pt-BR\",\"potentialAction\":[{\"@type\":\"CommentAction\",\"name\":\"Comment\",\"target\":[\"https:\\\/\\\/maetinganoticias.com\\\/index.php\\\/2025\\\/10\\\/02\\\/milton-nascimento-e-diagnosticado-com-demencia-revela-filho\\\/#respond\"]}]},{\"@type\":\"WebPage\",\"@id\":\"https:\\\/\\\/maetinganoticias.com\\\/index.php\\\/2025\\\/10\\\/02\\\/milton-nascimento-e-diagnosticado-com-demencia-revela-filho\\\/\",\"url\":\"https:\\\/\\\/maetinganoticias.com\\\/index.php\\\/2025\\\/10\\\/02\\\/milton-nascimento-e-diagnosticado-com-demencia-revela-filho\\\/\",\"name\":\"Milton Nascimento \u00e9 diagnosticado com dem\u00eancia, revela filho - Maetinga Not\u00edcias\",\"isPartOf\":{\"@id\":\"https:\\\/\\\/maetinganoticias.com\\\/#website\"},\"primaryImageOfPage\":{\"@id\":\"https:\\\/\\\/maetinganoticias.com\\\/index.php\\\/2025\\\/10\\\/02\\\/milton-nascimento-e-diagnosticado-com-demencia-revela-filho\\\/#primaryimage\"},\"image\":{\"@id\":\"https:\\\/\\\/maetinganoticias.com\\\/index.php\\\/2025\\\/10\\\/02\\\/milton-nascimento-e-diagnosticado-com-demencia-revela-filho\\\/#primaryimage\"},\"thumbnailUrl\":\"https:\\\/\\\/maetinganoticias.com\\\/wp-content\\\/uploads\\\/2025\\\/10\\\/milton_nascimento.webp\",\"datePublished\":\"2025-10-02T21:37:18+00:00\",\"dateModified\":\"2025-10-02T21:37:19+00:00\",\"breadcrumb\":{\"@id\":\"https:\\\/\\\/maetinganoticias.com\\\/index.php\\\/2025\\\/10\\\/02\\\/milton-nascimento-e-diagnosticado-com-demencia-revela-filho\\\/#breadcrumb\"},\"inLanguage\":\"pt-BR\",\"potentialAction\":[{\"@type\":\"ReadAction\",\"target\":[\"https:\\\/\\\/maetinganoticias.com\\\/index.php\\\/2025\\\/10\\\/02\\\/milton-nascimento-e-diagnosticado-com-demencia-revela-filho\\\/\"]}]},{\"@type\":\"ImageObject\",\"inLanguage\":\"pt-BR\",\"@id\":\"https:\\\/\\\/maetinganoticias.com\\\/index.php\\\/2025\\\/10\\\/02\\\/milton-nascimento-e-diagnosticado-com-demencia-revela-filho\\\/#primaryimage\",\"url\":\"https:\\\/\\\/maetinganoticias.com\\\/wp-content\\\/uploads\\\/2025\\\/10\\\/milton_nascimento.webp\",\"contentUrl\":\"https:\\\/\\\/maetinganoticias.com\\\/wp-content\\\/uploads\\\/2025\\\/10\\\/milton_nascimento.webp\",\"width\":1170,\"height\":700,\"caption\":\"\u00a9augustoknascimeno\\\/Instagram\"},{\"@type\":\"BreadcrumbList\",\"@id\":\"https:\\\/\\\/maetinganoticias.com\\\/index.php\\\/2025\\\/10\\\/02\\\/milton-nascimento-e-diagnosticado-com-demencia-revela-filho\\\/#breadcrumb\",\"itemListElement\":[{\"@type\":\"ListItem\",\"position\":1,\"name\":\"In\u00edcio\",\"item\":\"https:\\\/\\\/maetinganoticias.com\\\/\"},{\"@type\":\"ListItem\",\"position\":2,\"name\":\"Milton Nascimento \u00e9 diagnosticado com dem\u00eancia, revela filho\"}]},{\"@type\":\"WebSite\",\"@id\":\"https:\\\/\\\/maetinganoticias.com\\\/#website\",\"url\":\"https:\\\/\\\/maetinganoticias.com\\\/\",\"name\":\"Maetinga Not\u00edcias\",\"description\":\"A Voz do Interior Baiano!\",\"publisher\":{\"@id\":\"https:\\\/\\\/maetinganoticias.com\\\/#organization\"},\"potentialAction\":[{\"@type\":\"SearchAction\",\"target\":{\"@type\":\"EntryPoint\",\"urlTemplate\":\"https:\\\/\\\/maetinganoticias.com\\\/?s={search_term_string}\"},\"query-input\":{\"@type\":\"PropertyValueSpecification\",\"valueRequired\":true,\"valueName\":\"search_term_string\"}}],\"inLanguage\":\"pt-BR\"},{\"@type\":\"Organization\",\"@id\":\"https:\\\/\\\/maetinganoticias.com\\\/#organization\",\"name\":\"Maetinga Not\u00edcias\",\"url\":\"https:\\\/\\\/maetinganoticias.com\\\/\",\"logo\":{\"@type\":\"ImageObject\",\"inLanguage\":\"pt-BR\",\"@id\":\"https:\\\/\\\/maetinganoticias.com\\\/#\\\/schema\\\/logo\\\/image\\\/\",\"url\":\"https:\\\/\\\/maetinganoticias.com\\\/wp-content\\\/uploads\\\/2023\\\/07\\\/cropped-cropped-cropped-cropped-BUSINESS-3-42-1.png\",\"contentUrl\":\"https:\\\/\\\/maetinganoticias.com\\\/wp-content\\\/uploads\\\/2023\\\/07\\\/cropped-cropped-cropped-cropped-BUSINESS-3-42-1.png\",\"width\":485,\"height\":109,\"caption\":\"Maetinga Not\u00edcias\"},\"image\":{\"@id\":\"https:\\\/\\\/maetinganoticias.com\\\/#\\\/schema\\\/logo\\\/image\\\/\"}},{\"@type\":\"Person\",\"@id\":\"https:\\\/\\\/maetinganoticias.com\\\/#\\\/schema\\\/person\\\/968cf95e67a6810fc7fb35bbc9016962\",\"name\":\"Maetinga Not\u00edcias\",\"image\":{\"@type\":\"ImageObject\",\"inLanguage\":\"pt-BR\",\"@id\":\"https:\\\/\\\/secure.gravatar.com\\\/avatar\\\/32e078313a5ca37a6c8d44e716ed4f9e87ecfde7222d2b88a1424bd49654f187?s=96&d=mm&r=g\",\"url\":\"https:\\\/\\\/secure.gravatar.com\\\/avatar\\\/32e078313a5ca37a6c8d44e716ed4f9e87ecfde7222d2b88a1424bd49654f187?s=96&d=mm&r=g\",\"contentUrl\":\"https:\\\/\\\/secure.gravatar.com\\\/avatar\\\/32e078313a5ca37a6c8d44e716ed4f9e87ecfde7222d2b88a1424bd49654f187?s=96&d=mm&r=g\",\"caption\":\"Maetinga Not\u00edcias\"},\"description\":\"A voz do Interior Baiano!\",\"sameAs\":[\"https:\\\/\\\/maetinganoticias.com\",\"https:\\\/\\\/www.instagram.com\\\/blogmaetinganoticias\\\/\"],\"url\":\"https:\\\/\\\/maetinganoticias.com\\\/index.php\\\/author\\\/carlosvianna13\\\/\"}]}<\/script>\n<!-- \/ Yoast SEO plugin. -->","yoast_head_json":{"title":"Milton Nascimento \u00e9 diagnosticado com dem\u00eancia, revela filho - Maetinga Not\u00edcias","robots":{"index":"index","follow":"follow","max-snippet":"max-snippet:-1","max-image-preview":"max-image-preview:large","max-video-preview":"max-video-preview:-1"},"canonical":"https:\/\/maetinganoticias.com\/index.php\/2025\/10\/02\/milton-nascimento-e-diagnosticado-com-demencia-revela-filho\/","og_locale":"pt_BR","og_type":"article","og_title":"Milton Nascimento \u00e9 diagnosticado com dem\u00eancia, revela filho - Maetinga Not\u00edcias","og_description":"Os primeiros sinais de alerta surgiram ap\u00f3s um per\u00edodo de intensa atividade p\u00fablica para o artista O cantor e compositor Milton Nascimento, \u00edcone da m\u00fasica brasileira, foi diagnosticado com dem\u00eancia por corpos de Lewy (DCL), aos 82 anos. A informa\u00e7\u00e3o foi revelada em reportagem da revista Piau\u00ed. Em nota oficial, o filho do artista, Augusto [&hellip;]","og_url":"https:\/\/maetinganoticias.com\/index.php\/2025\/10\/02\/milton-nascimento-e-diagnosticado-com-demencia-revela-filho\/","og_site_name":"Maetinga Not\u00edcias","article_published_time":"2025-10-02T21:37:18+00:00","article_modified_time":"2025-10-02T21:37:19+00:00","og_image":[{"width":1170,"height":700,"url":"https:\/\/maetinganoticias.com\/wp-content\/uploads\/2025\/10\/milton_nascimento.webp","type":"image\/webp"}],"author":"Maetinga Not\u00edcias","twitter_card":"summary_large_image","twitter_misc":{"Escrito por":"Maetinga Not\u00edcias","Est. tempo de leitura":"2 minutos"},"schema":{"@context":"https:\/\/schema.org","@graph":[{"@type":["Article","BlogPosting"],"@id":"https:\/\/maetinganoticias.com\/index.php\/2025\/10\/02\/milton-nascimento-e-diagnosticado-com-demencia-revela-filho\/#article","isPartOf":{"@id":"https:\/\/maetinganoticias.com\/index.php\/2025\/10\/02\/milton-nascimento-e-diagnosticado-com-demencia-revela-filho\/"},"author":{"name":"Maetinga Not\u00edcias","@id":"https:\/\/maetinganoticias.com\/#\/schema\/person\/968cf95e67a6810fc7fb35bbc9016962"},"headline":"Milton Nascimento \u00e9 diagnosticado com dem\u00eancia, revela filho","datePublished":"2025-10-02T21:37:18+00:00","dateModified":"2025-10-02T21:37:19+00:00","mainEntityOfPage":{"@id":"https:\/\/maetinganoticias.com\/index.php\/2025\/10\/02\/milton-nascimento-e-diagnosticado-com-demencia-revela-filho\/"},"wordCount":181,"commentCount":0,"publisher":{"@id":"https:\/\/maetinganoticias.com\/#organization"},"image":{"@id":"https:\/\/maetinganoticias.com\/index.php\/2025\/10\/02\/milton-nascimento-e-diagnosticado-com-demencia-revela-filho\/#primaryimage"},"thumbnailUrl":"https:\/\/maetinganoticias.com\/wp-content\/uploads\/2025\/10\/milton_nascimento.webp","articleSection":["CULTURA"],"inLanguage":"pt-BR","potentialAction":[{"@type":"CommentAction","name":"Comment","target":["https:\/\/maetinganoticias.com\/index.php\/2025\/10\/02\/milton-nascimento-e-diagnosticado-com-demencia-revela-filho\/#respond"]}]},{"@type":"WebPage","@id":"https:\/\/maetinganoticias.com\/index.php\/2025\/10\/02\/milton-nascimento-e-diagnosticado-com-demencia-revela-filho\/","url":"https:\/\/maetinganoticias.com\/index.php\/2025\/10\/02\/milton-nascimento-e-diagnosticado-com-demencia-revela-filho\/","name":"Milton Nascimento \u00e9 diagnosticado com dem\u00eancia, revela filho - Maetinga Not\u00edcias","isPartOf":{"@id":"https:\/\/maetinganoticias.com\/#website"},"primaryImageOfPage":{"@id":"https:\/\/maetinganoticias.com\/index.php\/2025\/10\/02\/milton-nascimento-e-diagnosticado-com-demencia-revela-filho\/#primaryimage"},"image":{"@id":"https:\/\/maetinganoticias.com\/index.php\/2025\/10\/02\/milton-nascimento-e-diagnosticado-com-demencia-revela-filho\/#primaryimage"},"thumbnailUrl":"https:\/\/maetinganoticias.com\/wp-content\/uploads\/2025\/10\/milton_nascimento.webp","datePublished":"2025-10-02T21:37:18+00:00","dateModified":"2025-10-02T21:37:19+00:00","breadcrumb":{"@id":"https:\/\/maetinganoticias.com\/index.php\/2025\/10\/02\/milton-nascimento-e-diagnosticado-com-demencia-revela-filho\/#breadcrumb"},"inLanguage":"pt-BR","potentialAction":[{"@type":"ReadAction","target":["https:\/\/maetinganoticias.com\/index.php\/2025\/10\/02\/milton-nascimento-e-diagnosticado-com-demencia-revela-filho\/"]}]},{"@type":"ImageObject","inLanguage":"pt-BR","@id":"https:\/\/maetinganoticias.com\/index.php\/2025\/10\/02\/milton-nascimento-e-diagnosticado-com-demencia-revela-filho\/#primaryimage","url":"https:\/\/maetinganoticias.com\/wp-content\/uploads\/2025\/10\/milton_nascimento.webp","contentUrl":"https:\/\/maetinganoticias.com\/wp-content\/uploads\/2025\/10\/milton_nascimento.webp","width":1170,"height":700,"caption":"\u00a9augustoknascimeno\/Instagram"},{"@type":"BreadcrumbList","@id":"https:\/\/maetinganoticias.com\/index.php\/2025\/10\/02\/milton-nascimento-e-diagnosticado-com-demencia-revela-filho\/#breadcrumb","itemListElement":[{"@type":"ListItem","position":1,"name":"In\u00edcio","item":"https:\/\/maetinganoticias.com\/"},{"@type":"ListItem","position":2,"name":"Milton Nascimento \u00e9 diagnosticado com dem\u00eancia, revela filho"}]},{"@type":"WebSite","@id":"https:\/\/maetinganoticias.com\/#website","url":"https:\/\/maetinganoticias.com\/","name":"Maetinga Not\u00edcias","description":"A Voz do Interior Baiano!","publisher":{"@id":"https:\/\/maetinganoticias.com\/#organization"},"potentialAction":[{"@type":"SearchAction","target":{"@type":"EntryPoint","urlTemplate":"https:\/\/maetinganoticias.com\/?s={search_term_string}"},"query-input":{"@type":"PropertyValueSpecification","valueRequired":true,"valueName":"search_term_string"}}],"inLanguage":"pt-BR"},{"@type":"Organization","@id":"https:\/\/maetinganoticias.com\/#organization","name":"Maetinga Not\u00edcias","url":"https:\/\/maetinganoticias.com\/","logo":{"@type":"ImageObject","inLanguage":"pt-BR","@id":"https:\/\/maetinganoticias.com\/#\/schema\/logo\/image\/","url":"https:\/\/maetinganoticias.com\/wp-content\/uploads\/2023\/07\/cropped-cropped-cropped-cropped-BUSINESS-3-42-1.png","contentUrl":"https:\/\/maetinganoticias.com\/wp-content\/uploads\/2023\/07\/cropped-cropped-cropped-cropped-BUSINESS-3-42-1.png","width":485,"height":109,"caption":"Maetinga Not\u00edcias"},"image":{"@id":"https:\/\/maetinganoticias.com\/#\/schema\/logo\/image\/"}},{"@type":"Person","@id":"https:\/\/maetinganoticias.com\/#\/schema\/person\/968cf95e67a6810fc7fb35bbc9016962","name":"Maetinga Not\u00edcias","image":{"@type":"ImageObject","inLanguage":"pt-BR","@id":"https:\/\/secure.gravatar.com\/avatar\/32e078313a5ca37a6c8d44e716ed4f9e87ecfde7222d2b88a1424bd49654f187?s=96&d=mm&r=g","url":"https:\/\/secure.gravatar.com\/avatar\/32e078313a5ca37a6c8d44e716ed4f9e87ecfde7222d2b88a1424bd49654f187?s=96&d=mm&r=g","contentUrl":"https:\/\/secure.gravatar.com\/avatar\/32e078313a5ca37a6c8d44e716ed4f9e87ecfde7222d2b88a1424bd49654f187?s=96&d=mm&r=g","caption":"Maetinga Not\u00edcias"},"description":"A voz do Interior Baiano!","sameAs":["https:\/\/maetinganoticias.com","https:\/\/www.instagram.com\/blogmaetinganoticias\/"],"url":"https:\/\/maetinganoticias.com\/index.php\/author\/carlosvianna13\/"}]}},"_links":{"self":[{"href":"https:\/\/maetinganoticias.com\/index.php\/wp-json\/wp\/v2\/posts\/8990","targetHints":{"allow":["GET"]}}],"collection":[{"href":"https:\/\/maetinganoticias.com\/index.php\/wp-json\/wp\/v2\/posts"}],"about":[{"href":"https:\/\/maetinganoticias.com\/index.php\/wp-json\/wp\/v2\/types\/post"}],"author":[{"embeddable":true,"href":"https:\/\/maetinganoticias.com\/index.php\/wp-json\/wp\/v2\/users\/1"}],"replies":[{"embeddable":true,"href":"https:\/\/maetinganoticias.com\/index.php\/wp-json\/wp\/v2\/comments?post=8990"}],"version-history":[{"count":1,"href":"https:\/\/maetinganoticias.com\/index.php\/wp-json\/wp\/v2\/posts\/8990\/revisions"}],"predecessor-version":[{"id":8992,"href":"https:\/\/maetinganoticias.com\/index.php\/wp-json\/wp\/v2\/posts\/8990\/revisions\/8992"}],"wp:featuredmedia":[{"embeddable":true,"href":"https:\/\/maetinganoticias.com\/index.php\/wp-json\/wp\/v2\/media\/8991"}],"wp:attachment":[{"href":"https:\/\/maetinganoticias.com\/index.php\/wp-json\/wp\/v2\/media?parent=8990"}],"wp:term":[{"taxonomy":"category","embeddable":true,"href":"https:\/\/maetinganoticias.com\/index.php\/wp-json\/wp\/v2\/categories?post=8990"},{"taxonomy":"post_tag","embeddable":true,"href":"https:\/\/maetinganoticias.com\/index.php\/wp-json\/wp\/v2\/tags?post=8990"}],"curies":[{"name":"wp","href":"https:\/\/api.w.org\/{rel}","templated":true}]}}