{"id":8804,"date":"2025-09-22T13:06:39","date_gmt":"2025-09-22T16:06:39","guid":{"rendered":"https:\/\/maetinganoticias.com\/?p=8804"},"modified":"2025-09-22T13:06:39","modified_gmt":"2025-09-22T16:06:39","slug":"primavera-comecou-hoje-com-ondas-de-calor-e-baixa-umidade-no-pais","status":"publish","type":"post","link":"https:\/\/maetinganoticias.com\/index.php\/2025\/09\/22\/primavera-comecou-hoje-com-ondas-de-calor-e-baixa-umidade-no-pais\/","title":{"rendered":"Primavera come\u00e7ou hoje com ondas de calor e baixa umidade no pa\u00eds"},"content":{"rendered":"\n<p>A primavera chegou ao pa\u00eds nesta segunda-feira (22) trazendo possibilidade de chuvas acima da m\u00e9dia em pontos do Centro-Oeste, do Sudeste e do litoral do Nordeste, al\u00e9m de chuvas abaixo da m\u00e9dia e estiagem em \u00e1reas ao sul da Regi\u00e3o Norte e do interior do Nordeste.<\/p>\n\n\n\n<p>As informa\u00e7\u00f5es s\u00e3o do Instituto Nacional de Pesquisas Espaciais (Inpe).<\/p>\n\n\n\n<p>O instituto destaca que, para os pr\u00f3ximos meses, a previs\u00e3o mais recente da Administra\u00e7\u00e3o Nacional de Oceanos e Atmosfera dos Estados Unidos (Noaa) \u00e9 de possibilidade de forma\u00e7\u00e3o de um epis\u00f3dio do La Ni\u00f1a. \u201cCaso ocorra esse fen\u00f4meno, deve ser de curta dura\u00e7\u00e3o e fraca intensidade\u201d, destacou o Inpe.<\/p>\n\n\n\n<p>O Inpe alerta ainda para a necessidade de acompanhamento das previs\u00f5es e para o monitoramento de \u00e1reas de risco de alagamentos e de deslizamentos, para que sejam providenciadas a\u00e7\u00f5es de preven\u00e7\u00e3o.<\/p>\n\n\n\n<p>Caracterizada pelo clima agrad\u00e1vel e pela flora\u00e7\u00e3o em diversas regi\u00f5es do pa\u00eds, conforme descri\u00e7\u00e3o do pr\u00f3prio Inpe, a primavera, que permanece at\u00e9 o dia 21 de dezembro, marca a transi\u00e7\u00e3o entre a esta\u00e7\u00e3o seca e a esta\u00e7\u00e3o chuvosa na faixa central do Brasil.<\/p>\n","protected":false},"excerpt":{"rendered":"<p>A primavera chegou ao pa\u00eds nesta segunda-feira (22) trazendo possibilidade de chuvas acima da m\u00e9dia em pontos do Centro-Oeste, do Sudeste e do litoral do Nordeste, al\u00e9m de chuvas abaixo da m\u00e9dia e estiagem em \u00e1reas ao sul da Regi\u00e3o Norte e do interior do Nordeste. As informa\u00e7\u00f5es s\u00e3o do Instituto Nacional de Pesquisas Espaciais [&hellip;]<\/p>\n","protected":false},"author":1,"featured_media":8805,"comment_status":"open","ping_status":"open","sticky":false,"template":"","format":"standard","meta":{"om_disable_all_campaigns":false,"_monsterinsights_skip_tracking":false,"_monsterinsights_sitenote_active":false,"_monsterinsights_sitenote_note":"","_monsterinsights_sitenote_category":0,"_uf_show_specific_survey":0,"_uf_disable_surveys":false,"footnotes":""},"categories":[1],"tags":[],"class_list":{"0":"post-8804","1":"post","2":"type-post","3":"status-publish","4":"format-standard","5":"has-post-thumbnail","7":"category-blog"},"yoast_head":"<!-- This site is optimized with the Yoast SEO plugin v27.4 - https:\/\/yoast.com\/product\/yoast-seo-wordpress\/ -->\n<title>Primavera come\u00e7ou hoje com ondas de calor e baixa umidade no pa\u00eds - Maetinga Not\u00edcias<\/title>\n<meta name=\"robots\" content=\"index, follow, max-snippet:-1, max-image-preview:large, max-video-preview:-1\" \/>\n<link rel=\"canonical\" href=\"https:\/\/maetinganoticias.com\/index.php\/2025\/09\/22\/primavera-comecou-hoje-com-ondas-de-calor-e-baixa-umidade-no-pais\/\" \/>\n<meta property=\"og:locale\" content=\"pt_BR\" \/>\n<meta property=\"og:type\" content=\"article\" \/>\n<meta property=\"og:title\" content=\"Primavera come\u00e7ou hoje com ondas de calor e baixa umidade no pa\u00eds - Maetinga Not\u00edcias\" \/>\n<meta property=\"og:description\" content=\"A primavera chegou ao pa\u00eds nesta segunda-feira (22) trazendo possibilidade de chuvas acima da m\u00e9dia em pontos do Centro-Oeste, do Sudeste e do litoral do Nordeste, al\u00e9m de chuvas abaixo da m\u00e9dia e estiagem em \u00e1reas ao sul da Regi\u00e3o Norte e do interior do Nordeste. As informa\u00e7\u00f5es s\u00e3o do Instituto Nacional de Pesquisas Espaciais [&hellip;]\" \/>\n<meta property=\"og:url\" content=\"https:\/\/maetinganoticias.com\/index.php\/2025\/09\/22\/primavera-comecou-hoje-com-ondas-de-calor-e-baixa-umidade-no-pais\/\" \/>\n<meta property=\"og:site_name\" content=\"Maetinga Not\u00edcias\" \/>\n<meta property=\"article:published_time\" content=\"2025-09-22T16:06:39+00:00\" \/>\n<meta property=\"og:image\" content=\"https:\/\/maetinganoticias.com\/wp-content\/uploads\/2025\/09\/calliandra_dysantha_thalurania_furcata.webp\" \/>\n\t<meta property=\"og:image:width\" content=\"1170\" \/>\n\t<meta property=\"og:image:height\" content=\"700\" \/>\n\t<meta property=\"og:image:type\" content=\"image\/webp\" \/>\n<meta name=\"author\" content=\"Maetinga Not\u00edcias\" \/>\n<meta name=\"twitter:card\" content=\"summary_large_image\" \/>\n<meta name=\"twitter:label1\" content=\"Escrito por\" \/>\n\t<meta name=\"twitter:data1\" content=\"Maetinga Not\u00edcias\" \/>\n\t<meta name=\"twitter:label2\" content=\"Est. tempo de leitura\" \/>\n\t<meta name=\"twitter:data2\" content=\"2 minutos\" \/>\n<script type=\"application\/ld+json\" class=\"yoast-schema-graph\">{\"@context\":\"https:\\\/\\\/schema.org\",\"@graph\":[{\"@type\":[\"Article\",\"BlogPosting\"],\"@id\":\"https:\\\/\\\/maetinganoticias.com\\\/index.php\\\/2025\\\/09\\\/22\\\/primavera-comecou-hoje-com-ondas-de-calor-e-baixa-umidade-no-pais\\\/#article\",\"isPartOf\":{\"@id\":\"https:\\\/\\\/maetinganoticias.com\\\/index.php\\\/2025\\\/09\\\/22\\\/primavera-comecou-hoje-com-ondas-de-calor-e-baixa-umidade-no-pais\\\/\"},\"author\":{\"name\":\"Maetinga Not\u00edcias\",\"@id\":\"https:\\\/\\\/maetinganoticias.com\\\/#\\\/schema\\\/person\\\/968cf95e67a6810fc7fb35bbc9016962\"},\"headline\":\"Primavera come\u00e7ou hoje com ondas de calor e baixa umidade no pa\u00eds\",\"datePublished\":\"2025-09-22T16:06:39+00:00\",\"mainEntityOfPage\":{\"@id\":\"https:\\\/\\\/maetinganoticias.com\\\/index.php\\\/2025\\\/09\\\/22\\\/primavera-comecou-hoje-com-ondas-de-calor-e-baixa-umidade-no-pais\\\/\"},\"wordCount\":217,\"commentCount\":1,\"publisher\":{\"@id\":\"https:\\\/\\\/maetinganoticias.com\\\/#organization\"},\"image\":{\"@id\":\"https:\\\/\\\/maetinganoticias.com\\\/index.php\\\/2025\\\/09\\\/22\\\/primavera-comecou-hoje-com-ondas-de-calor-e-baixa-umidade-no-pais\\\/#primaryimage\"},\"thumbnailUrl\":\"https:\\\/\\\/maetinganoticias.com\\\/wp-content\\\/uploads\\\/2025\\\/09\\\/calliandra_dysantha_thalurania_furcata.webp\",\"articleSection\":[\"Regi\u00e3o\"],\"inLanguage\":\"pt-BR\",\"potentialAction\":[{\"@type\":\"CommentAction\",\"name\":\"Comment\",\"target\":[\"https:\\\/\\\/maetinganoticias.com\\\/index.php\\\/2025\\\/09\\\/22\\\/primavera-comecou-hoje-com-ondas-de-calor-e-baixa-umidade-no-pais\\\/#respond\"]}]},{\"@type\":\"WebPage\",\"@id\":\"https:\\\/\\\/maetinganoticias.com\\\/index.php\\\/2025\\\/09\\\/22\\\/primavera-comecou-hoje-com-ondas-de-calor-e-baixa-umidade-no-pais\\\/\",\"url\":\"https:\\\/\\\/maetinganoticias.com\\\/index.php\\\/2025\\\/09\\\/22\\\/primavera-comecou-hoje-com-ondas-de-calor-e-baixa-umidade-no-pais\\\/\",\"name\":\"Primavera come\u00e7ou hoje com ondas de calor e baixa umidade no pa\u00eds - Maetinga Not\u00edcias\",\"isPartOf\":{\"@id\":\"https:\\\/\\\/maetinganoticias.com\\\/#website\"},\"primaryImageOfPage\":{\"@id\":\"https:\\\/\\\/maetinganoticias.com\\\/index.php\\\/2025\\\/09\\\/22\\\/primavera-comecou-hoje-com-ondas-de-calor-e-baixa-umidade-no-pais\\\/#primaryimage\"},\"image\":{\"@id\":\"https:\\\/\\\/maetinganoticias.com\\\/index.php\\\/2025\\\/09\\\/22\\\/primavera-comecou-hoje-com-ondas-de-calor-e-baixa-umidade-no-pais\\\/#primaryimage\"},\"thumbnailUrl\":\"https:\\\/\\\/maetinganoticias.com\\\/wp-content\\\/uploads\\\/2025\\\/09\\\/calliandra_dysantha_thalurania_furcata.webp\",\"datePublished\":\"2025-09-22T16:06:39+00:00\",\"breadcrumb\":{\"@id\":\"https:\\\/\\\/maetinganoticias.com\\\/index.php\\\/2025\\\/09\\\/22\\\/primavera-comecou-hoje-com-ondas-de-calor-e-baixa-umidade-no-pais\\\/#breadcrumb\"},\"inLanguage\":\"pt-BR\",\"potentialAction\":[{\"@type\":\"ReadAction\",\"target\":[\"https:\\\/\\\/maetinganoticias.com\\\/index.php\\\/2025\\\/09\\\/22\\\/primavera-comecou-hoje-com-ondas-de-calor-e-baixa-umidade-no-pais\\\/\"]}]},{\"@type\":\"ImageObject\",\"inLanguage\":\"pt-BR\",\"@id\":\"https:\\\/\\\/maetinganoticias.com\\\/index.php\\\/2025\\\/09\\\/22\\\/primavera-comecou-hoje-com-ondas-de-calor-e-baixa-umidade-no-pais\\\/#primaryimage\",\"url\":\"https:\\\/\\\/maetinganoticias.com\\\/wp-content\\\/uploads\\\/2025\\\/09\\\/calliandra_dysantha_thalurania_furcata.webp\",\"contentUrl\":\"https:\\\/\\\/maetinganoticias.com\\\/wp-content\\\/uploads\\\/2025\\\/09\\\/calliandra_dysantha_thalurania_furcata.webp\",\"width\":1170,\"height\":700,\"caption\":\"\u00a9 Foto Marcelo Kuhlmann\"},{\"@type\":\"BreadcrumbList\",\"@id\":\"https:\\\/\\\/maetinganoticias.com\\\/index.php\\\/2025\\\/09\\\/22\\\/primavera-comecou-hoje-com-ondas-de-calor-e-baixa-umidade-no-pais\\\/#breadcrumb\",\"itemListElement\":[{\"@type\":\"ListItem\",\"position\":1,\"name\":\"In\u00edcio\",\"item\":\"https:\\\/\\\/maetinganoticias.com\\\/\"},{\"@type\":\"ListItem\",\"position\":2,\"name\":\"Primavera come\u00e7ou hoje com ondas de calor e baixa umidade no pa\u00eds\"}]},{\"@type\":\"WebSite\",\"@id\":\"https:\\\/\\\/maetinganoticias.com\\\/#website\",\"url\":\"https:\\\/\\\/maetinganoticias.com\\\/\",\"name\":\"Maetinga Not\u00edcias\",\"description\":\"A Voz do Interior Baiano!\",\"publisher\":{\"@id\":\"https:\\\/\\\/maetinganoticias.com\\\/#organization\"},\"potentialAction\":[{\"@type\":\"SearchAction\",\"target\":{\"@type\":\"EntryPoint\",\"urlTemplate\":\"https:\\\/\\\/maetinganoticias.com\\\/?s={search_term_string}\"},\"query-input\":{\"@type\":\"PropertyValueSpecification\",\"valueRequired\":true,\"valueName\":\"search_term_string\"}}],\"inLanguage\":\"pt-BR\"},{\"@type\":\"Organization\",\"@id\":\"https:\\\/\\\/maetinganoticias.com\\\/#organization\",\"name\":\"Maetinga Not\u00edcias\",\"url\":\"https:\\\/\\\/maetinganoticias.com\\\/\",\"logo\":{\"@type\":\"ImageObject\",\"inLanguage\":\"pt-BR\",\"@id\":\"https:\\\/\\\/maetinganoticias.com\\\/#\\\/schema\\\/logo\\\/image\\\/\",\"url\":\"https:\\\/\\\/maetinganoticias.com\\\/wp-content\\\/uploads\\\/2023\\\/07\\\/cropped-cropped-cropped-cropped-BUSINESS-3-42-1.png\",\"contentUrl\":\"https:\\\/\\\/maetinganoticias.com\\\/wp-content\\\/uploads\\\/2023\\\/07\\\/cropped-cropped-cropped-cropped-BUSINESS-3-42-1.png\",\"width\":485,\"height\":109,\"caption\":\"Maetinga Not\u00edcias\"},\"image\":{\"@id\":\"https:\\\/\\\/maetinganoticias.com\\\/#\\\/schema\\\/logo\\\/image\\\/\"}},{\"@type\":\"Person\",\"@id\":\"https:\\\/\\\/maetinganoticias.com\\\/#\\\/schema\\\/person\\\/968cf95e67a6810fc7fb35bbc9016962\",\"name\":\"Maetinga Not\u00edcias\",\"image\":{\"@type\":\"ImageObject\",\"inLanguage\":\"pt-BR\",\"@id\":\"https:\\\/\\\/secure.gravatar.com\\\/avatar\\\/32e078313a5ca37a6c8d44e716ed4f9e87ecfde7222d2b88a1424bd49654f187?s=96&d=mm&r=g\",\"url\":\"https:\\\/\\\/secure.gravatar.com\\\/avatar\\\/32e078313a5ca37a6c8d44e716ed4f9e87ecfde7222d2b88a1424bd49654f187?s=96&d=mm&r=g\",\"contentUrl\":\"https:\\\/\\\/secure.gravatar.com\\\/avatar\\\/32e078313a5ca37a6c8d44e716ed4f9e87ecfde7222d2b88a1424bd49654f187?s=96&d=mm&r=g\",\"caption\":\"Maetinga Not\u00edcias\"},\"description\":\"A voz do Interior Baiano!\",\"sameAs\":[\"https:\\\/\\\/maetinganoticias.com\",\"https:\\\/\\\/www.instagram.com\\\/blogmaetinganoticias\\\/\"],\"url\":\"https:\\\/\\\/maetinganoticias.com\\\/index.php\\\/author\\\/carlosvianna13\\\/\"}]}<\/script>\n<!-- \/ Yoast SEO plugin. -->","yoast_head_json":{"title":"Primavera come\u00e7ou hoje com ondas de calor e baixa umidade no pa\u00eds - Maetinga Not\u00edcias","robots":{"index":"index","follow":"follow","max-snippet":"max-snippet:-1","max-image-preview":"max-image-preview:large","max-video-preview":"max-video-preview:-1"},"canonical":"https:\/\/maetinganoticias.com\/index.php\/2025\/09\/22\/primavera-comecou-hoje-com-ondas-de-calor-e-baixa-umidade-no-pais\/","og_locale":"pt_BR","og_type":"article","og_title":"Primavera come\u00e7ou hoje com ondas de calor e baixa umidade no pa\u00eds - Maetinga Not\u00edcias","og_description":"A primavera chegou ao pa\u00eds nesta segunda-feira (22) trazendo possibilidade de chuvas acima da m\u00e9dia em pontos do Centro-Oeste, do Sudeste e do litoral do Nordeste, al\u00e9m de chuvas abaixo da m\u00e9dia e estiagem em \u00e1reas ao sul da Regi\u00e3o Norte e do interior do Nordeste. As informa\u00e7\u00f5es s\u00e3o do Instituto Nacional de Pesquisas Espaciais [&hellip;]","og_url":"https:\/\/maetinganoticias.com\/index.php\/2025\/09\/22\/primavera-comecou-hoje-com-ondas-de-calor-e-baixa-umidade-no-pais\/","og_site_name":"Maetinga Not\u00edcias","article_published_time":"2025-09-22T16:06:39+00:00","og_image":[{"width":1170,"height":700,"url":"https:\/\/maetinganoticias.com\/wp-content\/uploads\/2025\/09\/calliandra_dysantha_thalurania_furcata.webp","type":"image\/webp"}],"author":"Maetinga Not\u00edcias","twitter_card":"summary_large_image","twitter_misc":{"Escrito por":"Maetinga Not\u00edcias","Est. tempo de leitura":"2 minutos"},"schema":{"@context":"https:\/\/schema.org","@graph":[{"@type":["Article","BlogPosting"],"@id":"https:\/\/maetinganoticias.com\/index.php\/2025\/09\/22\/primavera-comecou-hoje-com-ondas-de-calor-e-baixa-umidade-no-pais\/#article","isPartOf":{"@id":"https:\/\/maetinganoticias.com\/index.php\/2025\/09\/22\/primavera-comecou-hoje-com-ondas-de-calor-e-baixa-umidade-no-pais\/"},"author":{"name":"Maetinga Not\u00edcias","@id":"https:\/\/maetinganoticias.com\/#\/schema\/person\/968cf95e67a6810fc7fb35bbc9016962"},"headline":"Primavera come\u00e7ou hoje com ondas de calor e baixa umidade no pa\u00eds","datePublished":"2025-09-22T16:06:39+00:00","mainEntityOfPage":{"@id":"https:\/\/maetinganoticias.com\/index.php\/2025\/09\/22\/primavera-comecou-hoje-com-ondas-de-calor-e-baixa-umidade-no-pais\/"},"wordCount":217,"commentCount":1,"publisher":{"@id":"https:\/\/maetinganoticias.com\/#organization"},"image":{"@id":"https:\/\/maetinganoticias.com\/index.php\/2025\/09\/22\/primavera-comecou-hoje-com-ondas-de-calor-e-baixa-umidade-no-pais\/#primaryimage"},"thumbnailUrl":"https:\/\/maetinganoticias.com\/wp-content\/uploads\/2025\/09\/calliandra_dysantha_thalurania_furcata.webp","articleSection":["Regi\u00e3o"],"inLanguage":"pt-BR","potentialAction":[{"@type":"CommentAction","name":"Comment","target":["https:\/\/maetinganoticias.com\/index.php\/2025\/09\/22\/primavera-comecou-hoje-com-ondas-de-calor-e-baixa-umidade-no-pais\/#respond"]}]},{"@type":"WebPage","@id":"https:\/\/maetinganoticias.com\/index.php\/2025\/09\/22\/primavera-comecou-hoje-com-ondas-de-calor-e-baixa-umidade-no-pais\/","url":"https:\/\/maetinganoticias.com\/index.php\/2025\/09\/22\/primavera-comecou-hoje-com-ondas-de-calor-e-baixa-umidade-no-pais\/","name":"Primavera come\u00e7ou hoje com ondas de calor e baixa umidade no pa\u00eds - Maetinga Not\u00edcias","isPartOf":{"@id":"https:\/\/maetinganoticias.com\/#website"},"primaryImageOfPage":{"@id":"https:\/\/maetinganoticias.com\/index.php\/2025\/09\/22\/primavera-comecou-hoje-com-ondas-de-calor-e-baixa-umidade-no-pais\/#primaryimage"},"image":{"@id":"https:\/\/maetinganoticias.com\/index.php\/2025\/09\/22\/primavera-comecou-hoje-com-ondas-de-calor-e-baixa-umidade-no-pais\/#primaryimage"},"thumbnailUrl":"https:\/\/maetinganoticias.com\/wp-content\/uploads\/2025\/09\/calliandra_dysantha_thalurania_furcata.webp","datePublished":"2025-09-22T16:06:39+00:00","breadcrumb":{"@id":"https:\/\/maetinganoticias.com\/index.php\/2025\/09\/22\/primavera-comecou-hoje-com-ondas-de-calor-e-baixa-umidade-no-pais\/#breadcrumb"},"inLanguage":"pt-BR","potentialAction":[{"@type":"ReadAction","target":["https:\/\/maetinganoticias.com\/index.php\/2025\/09\/22\/primavera-comecou-hoje-com-ondas-de-calor-e-baixa-umidade-no-pais\/"]}]},{"@type":"ImageObject","inLanguage":"pt-BR","@id":"https:\/\/maetinganoticias.com\/index.php\/2025\/09\/22\/primavera-comecou-hoje-com-ondas-de-calor-e-baixa-umidade-no-pais\/#primaryimage","url":"https:\/\/maetinganoticias.com\/wp-content\/uploads\/2025\/09\/calliandra_dysantha_thalurania_furcata.webp","contentUrl":"https:\/\/maetinganoticias.com\/wp-content\/uploads\/2025\/09\/calliandra_dysantha_thalurania_furcata.webp","width":1170,"height":700,"caption":"\u00a9 Foto Marcelo Kuhlmann"},{"@type":"BreadcrumbList","@id":"https:\/\/maetinganoticias.com\/index.php\/2025\/09\/22\/primavera-comecou-hoje-com-ondas-de-calor-e-baixa-umidade-no-pais\/#breadcrumb","itemListElement":[{"@type":"ListItem","position":1,"name":"In\u00edcio","item":"https:\/\/maetinganoticias.com\/"},{"@type":"ListItem","position":2,"name":"Primavera come\u00e7ou hoje com ondas de calor e baixa umidade no pa\u00eds"}]},{"@type":"WebSite","@id":"https:\/\/maetinganoticias.com\/#website","url":"https:\/\/maetinganoticias.com\/","name":"Maetinga Not\u00edcias","description":"A Voz do Interior Baiano!","publisher":{"@id":"https:\/\/maetinganoticias.com\/#organization"},"potentialAction":[{"@type":"SearchAction","target":{"@type":"EntryPoint","urlTemplate":"https:\/\/maetinganoticias.com\/?s={search_term_string}"},"query-input":{"@type":"PropertyValueSpecification","valueRequired":true,"valueName":"search_term_string"}}],"inLanguage":"pt-BR"},{"@type":"Organization","@id":"https:\/\/maetinganoticias.com\/#organization","name":"Maetinga Not\u00edcias","url":"https:\/\/maetinganoticias.com\/","logo":{"@type":"ImageObject","inLanguage":"pt-BR","@id":"https:\/\/maetinganoticias.com\/#\/schema\/logo\/image\/","url":"https:\/\/maetinganoticias.com\/wp-content\/uploads\/2023\/07\/cropped-cropped-cropped-cropped-BUSINESS-3-42-1.png","contentUrl":"https:\/\/maetinganoticias.com\/wp-content\/uploads\/2023\/07\/cropped-cropped-cropped-cropped-BUSINESS-3-42-1.png","width":485,"height":109,"caption":"Maetinga Not\u00edcias"},"image":{"@id":"https:\/\/maetinganoticias.com\/#\/schema\/logo\/image\/"}},{"@type":"Person","@id":"https:\/\/maetinganoticias.com\/#\/schema\/person\/968cf95e67a6810fc7fb35bbc9016962","name":"Maetinga Not\u00edcias","image":{"@type":"ImageObject","inLanguage":"pt-BR","@id":"https:\/\/secure.gravatar.com\/avatar\/32e078313a5ca37a6c8d44e716ed4f9e87ecfde7222d2b88a1424bd49654f187?s=96&d=mm&r=g","url":"https:\/\/secure.gravatar.com\/avatar\/32e078313a5ca37a6c8d44e716ed4f9e87ecfde7222d2b88a1424bd49654f187?s=96&d=mm&r=g","contentUrl":"https:\/\/secure.gravatar.com\/avatar\/32e078313a5ca37a6c8d44e716ed4f9e87ecfde7222d2b88a1424bd49654f187?s=96&d=mm&r=g","caption":"Maetinga Not\u00edcias"},"description":"A voz do Interior Baiano!","sameAs":["https:\/\/maetinganoticias.com","https:\/\/www.instagram.com\/blogmaetinganoticias\/"],"url":"https:\/\/maetinganoticias.com\/index.php\/author\/carlosvianna13\/"}]}},"_links":{"self":[{"href":"https:\/\/maetinganoticias.com\/index.php\/wp-json\/wp\/v2\/posts\/8804","targetHints":{"allow":["GET"]}}],"collection":[{"href":"https:\/\/maetinganoticias.com\/index.php\/wp-json\/wp\/v2\/posts"}],"about":[{"href":"https:\/\/maetinganoticias.com\/index.php\/wp-json\/wp\/v2\/types\/post"}],"author":[{"embeddable":true,"href":"https:\/\/maetinganoticias.com\/index.php\/wp-json\/wp\/v2\/users\/1"}],"replies":[{"embeddable":true,"href":"https:\/\/maetinganoticias.com\/index.php\/wp-json\/wp\/v2\/comments?post=8804"}],"version-history":[{"count":1,"href":"https:\/\/maetinganoticias.com\/index.php\/wp-json\/wp\/v2\/posts\/8804\/revisions"}],"predecessor-version":[{"id":8806,"href":"https:\/\/maetinganoticias.com\/index.php\/wp-json\/wp\/v2\/posts\/8804\/revisions\/8806"}],"wp:featuredmedia":[{"embeddable":true,"href":"https:\/\/maetinganoticias.com\/index.php\/wp-json\/wp\/v2\/media\/8805"}],"wp:attachment":[{"href":"https:\/\/maetinganoticias.com\/index.php\/wp-json\/wp\/v2\/media?parent=8804"}],"wp:term":[{"taxonomy":"category","embeddable":true,"href":"https:\/\/maetinganoticias.com\/index.php\/wp-json\/wp\/v2\/categories?post=8804"},{"taxonomy":"post_tag","embeddable":true,"href":"https:\/\/maetinganoticias.com\/index.php\/wp-json\/wp\/v2\/tags?post=8804"}],"curies":[{"name":"wp","href":"https:\/\/api.w.org\/{rel}","templated":true}]}}