{"id":8800,"date":"2025-09-22T12:54:00","date_gmt":"2025-09-22T15:54:00","guid":{"rendered":"https:\/\/maetinganoticias.com\/?p=8800"},"modified":"2025-09-22T12:54:01","modified_gmt":"2025-09-22T15:54:01","slug":"em-todo-pais-milhares-protestam-contra-anistia-e-pec-da-blindagem","status":"publish","type":"post","link":"https:\/\/maetinganoticias.com\/index.php\/2025\/09\/22\/em-todo-pais-milhares-protestam-contra-anistia-e-pec-da-blindagem\/","title":{"rendered":"Em todo pa\u00eds, milhares protestam contra anistia e PEC da Blindagem"},"content":{"rendered":"\n<p><strong><em>Atos acontecem em 33 cidades, incluindo as 27 capitais<\/em><\/strong><\/p>\n\n\n\n<p>Milhares de pessoas foram as ruas das capitais do Brasil neste domingo (21) para protestar contra a\u00a0anistia aos condenados por tentativa de golpe de Estado\u00a0e\u00a0a chamada\u00a0PEC da Blindagem, que prev\u00ea exig\u00eancia de autoriza\u00e7\u00e3o do Congresso para processar criminalmente deputados e senadores.\u00a0<img decoding=\"async\" src=\"https:\/\/agenciabrasil.ebc.com.br\/ebc.png?id=1659657&amp;o=node\"><img decoding=\"async\" src=\"https:\/\/agenciabrasil.ebc.com.br\/ebc.gif?id=1659657&amp;o=node\"><\/p>\n\n\n\n<p>Foram registradas multid\u00f5es nas ruas de grandes cidades como Salvador, Recife, Natal e Belo Horizonte, Bras\u00edlia, S\u00e3o Paulo e Rio de Janeiro.<strong>&nbsp;Ao todo, 33 cidades tiveram atos, incluindo todas as capitais.<\/strong><\/p>\n\n\n\n<p>Com o mote \u201cCongresso Inimigo do Povo\u201d, os manifestantes exigiram a pris\u00e3o do ex-presidente Jair Bolsonaro,\u00a0condenado a 27 anos de pris\u00e3o por tentativa de golpe de Estado, organiza\u00e7\u00e3o criminosa, entre outros crimes.<\/p>\n\n\n\n<figure class=\"wp-block-image size-full\"><img loading=\"lazy\" decoding=\"async\" width=\"754\" height=\"503\" src=\"https:\/\/maetinganoticias.com\/wp-content\/uploads\/2025\/09\/ato-contra-anistia-mc_abr_21092025-17.webp\" alt=\"\" class=\"wp-image-8802\" srcset=\"https:\/\/maetinganoticias.com\/wp-content\/uploads\/2025\/09\/ato-contra-anistia-mc_abr_21092025-17.webp 754w, https:\/\/maetinganoticias.com\/wp-content\/uploads\/2025\/09\/ato-contra-anistia-mc_abr_21092025-17-300x200.webp 300w, https:\/\/maetinganoticias.com\/wp-content\/uploads\/2025\/09\/ato-contra-anistia-mc_abr_21092025-17-630x420.webp 630w, https:\/\/maetinganoticias.com\/wp-content\/uploads\/2025\/09\/ato-contra-anistia-mc_abr_21092025-17-150x100.webp 150w, https:\/\/maetinganoticias.com\/wp-content\/uploads\/2025\/09\/ato-contra-anistia-mc_abr_21092025-17-696x464.webp 696w\" sizes=\"auto, (max-width: 754px) 100vw, 754px\" \/><\/figure>\n\n\n\n<p>Manifestantes levaram cartazes \u00e0 Esplanada dos Minist\u00e9rios, em Bras\u00edlia\u00a0<strong>Marcelo Camargo\/Ag\u00eancia Brasil<\/strong><br><\/p>\n\n\n\n<p>Em Salvador (BA), milhares de pessoas se concentraram no bairro da Barra, na beira da praia, onde a cantora Daniela Mercury se apresentou para o p\u00fablico. \u201cBandidagem n\u00e3o \u00e9 com a gente\u201d, disse a artista baiana.<\/p>\n\n\n\n<p>O ato contou ainda&nbsp;com o ator Wagner Moura, que tamb\u00e9m cantou, al\u00e9m de elogiar o julgamento da trama golpista que condenou o ex-presidente Jair Bolsonaro e aliados.<\/p>\n\n\n\n<p><strong><em>\u201cEu fiquei com vontade de falar s\u00f3 do momento extraordin\u00e1rio pelo qual passa a democracia brasileira, que \u00e9 exemplo para o mundo inteiro. A gente que sempre cresceu dizendo que nossa democracia \u00e9 fr\u00e1gil, que ela \u00e9 jovem. Nossa democracia botou para \u2018lenhar\u2019 [para quebrar]\u201d<\/em><\/strong>, disse Wagner Moura.<\/p>\n\n\n\n<p>Em Belo Horizonte (MG), uma multid\u00e3o ocupou as ruas do centro da cidade, em concentra\u00e7\u00e3o na Pra\u00e7a Raul Soares, com gritos de \u201csem anistia para golpistas\u201d. O ato tamb\u00e9m contou com apresenta\u00e7\u00e3o de artistas, entre elas, a cantora Fernanda Takai, da banda Pato Fu.<\/p>\n\n\n\n<p>Em Recife (PE), o ato come\u00e7ou por volta das 14h,&nbsp;na Rua da Aurora, no centro da capital pernambucana, com o desfile do bloco de frevo Eu Acho \u00e9 Pouco, com uma das mais tradicionais orquestras do carnaval de Olinda. Grupos de maracatu tamb\u00e9m marcam presen\u00e7a no ato.<\/p>\n\n\n\n<p>A capital paraibana Jo\u00e3o Pessoa (PB) tamb\u00e9m fez um protesto nesse domingo, com gritos de \u201cFora, Hugo Motta\u201d, que \u00e9 um deputado federal paraibano e&nbsp;preside&nbsp;a C\u00e2mara dos Deputados. O parlamentar foi um dos principais alvos dos protestos pelo seu papel de pautar a vota\u00e7\u00e3o que aprovou&nbsp;a PEC da Blindagem na Casa.<\/p>\n\n\n\n<p>Tamb\u00e9m foram registrados atos em Bel\u00e9m (PA); Teresina (PI); Natal (RN); Fortaleza (CE); Porto Alegre (RS); Florian\u00f3polis (SC); Bras\u00edlia (DF); Rio de Janeiro (RJ) e S\u00e3o Paulo (SP).&nbsp;<\/p>\n\n\n\n<p>Convocados pelas frentes Povo Sem Medo e Brasil Popular, ligados ao PSOL, PT e movimentos populares, as manifesta\u00e7\u00f5es contaram com a presen\u00e7a de sindicatos, grupos estudantis, artistas e movimentos sociais, como MST e MTST, al\u00e9m de outros partidos de esquerda e centro-esquerda.<\/p>\n\n\n\n<p>Fonte: Ag\u00eancia Brasil<\/p>\n\n\n\n<p><\/p>\n","protected":false},"excerpt":{"rendered":"<p>Atos acontecem em 33 cidades, incluindo as 27 capitais Milhares de pessoas foram as ruas das capitais do Brasil neste domingo (21) para protestar contra a\u00a0anistia aos condenados por tentativa de golpe de Estado\u00a0e\u00a0a chamada\u00a0PEC da Blindagem, que prev\u00ea exig\u00eancia de autoriza\u00e7\u00e3o do Congresso para processar criminalmente deputados e senadores.\u00a0 Foram registradas multid\u00f5es nas ruas [&hellip;]<\/p>\n","protected":false},"author":1,"featured_media":8801,"comment_status":"open","ping_status":"open","sticky":false,"template":"","format":"standard","meta":{"om_disable_all_campaigns":false,"_monsterinsights_skip_tracking":false,"_monsterinsights_sitenote_active":false,"_monsterinsights_sitenote_note":"","_monsterinsights_sitenote_category":0,"_uf_show_specific_survey":0,"_uf_disable_surveys":false,"footnotes":""},"categories":[5],"tags":[],"class_list":{"0":"post-8800","1":"post","2":"type-post","3":"status-publish","4":"format-standard","5":"has-post-thumbnail","7":"category-politica"},"yoast_head":"<!-- This site is optimized with the Yoast SEO plugin v27.4 - https:\/\/yoast.com\/product\/yoast-seo-wordpress\/ -->\n<title>Em todo pa\u00eds, milhares protestam contra anistia e PEC da Blindagem - Maetinga Not\u00edcias<\/title>\n<meta name=\"robots\" content=\"index, follow, max-snippet:-1, max-image-preview:large, max-video-preview:-1\" \/>\n<link rel=\"canonical\" href=\"https:\/\/maetinganoticias.com\/index.php\/2025\/09\/22\/em-todo-pais-milhares-protestam-contra-anistia-e-pec-da-blindagem\/\" \/>\n<meta property=\"og:locale\" content=\"pt_BR\" \/>\n<meta property=\"og:type\" content=\"article\" \/>\n<meta property=\"og:title\" content=\"Em todo pa\u00eds, milhares protestam contra anistia e PEC da Blindagem - Maetinga Not\u00edcias\" \/>\n<meta property=\"og:description\" content=\"Atos acontecem em 33 cidades, incluindo as 27 capitais Milhares de pessoas foram as ruas das capitais do Brasil neste domingo (21) para protestar contra a\u00a0anistia aos condenados por tentativa de golpe de Estado\u00a0e\u00a0a chamada\u00a0PEC da Blindagem, que prev\u00ea exig\u00eancia de autoriza\u00e7\u00e3o do Congresso para processar criminalmente deputados e senadores.\u00a0 Foram registradas multid\u00f5es nas ruas [&hellip;]\" \/>\n<meta property=\"og:url\" content=\"https:\/\/maetinganoticias.com\/index.php\/2025\/09\/22\/em-todo-pais-milhares-protestam-contra-anistia-e-pec-da-blindagem\/\" \/>\n<meta property=\"og:site_name\" content=\"Maetinga Not\u00edcias\" \/>\n<meta property=\"article:published_time\" content=\"2025-09-22T15:54:00+00:00\" \/>\n<meta property=\"article:modified_time\" content=\"2025-09-22T15:54:01+00:00\" \/>\n<meta property=\"og:image\" content=\"https:\/\/maetinganoticias.com\/wp-content\/uploads\/2025\/09\/pint1572-1.webp\" \/>\n\t<meta property=\"og:image:width\" content=\"1170\" \/>\n\t<meta property=\"og:image:height\" content=\"700\" \/>\n\t<meta property=\"og:image:type\" content=\"image\/webp\" \/>\n<meta name=\"author\" content=\"Maetinga Not\u00edcias\" \/>\n<meta name=\"twitter:card\" content=\"summary_large_image\" \/>\n<meta name=\"twitter:label1\" content=\"Escrito por\" \/>\n\t<meta name=\"twitter:data1\" content=\"Maetinga Not\u00edcias\" \/>\n\t<meta name=\"twitter:label2\" content=\"Est. tempo de leitura\" \/>\n\t<meta name=\"twitter:data2\" content=\"4 minutos\" \/>\n<script type=\"application\/ld+json\" class=\"yoast-schema-graph\">{\"@context\":\"https:\\\/\\\/schema.org\",\"@graph\":[{\"@type\":[\"Article\",\"BlogPosting\"],\"@id\":\"https:\\\/\\\/maetinganoticias.com\\\/index.php\\\/2025\\\/09\\\/22\\\/em-todo-pais-milhares-protestam-contra-anistia-e-pec-da-blindagem\\\/#article\",\"isPartOf\":{\"@id\":\"https:\\\/\\\/maetinganoticias.com\\\/index.php\\\/2025\\\/09\\\/22\\\/em-todo-pais-milhares-protestam-contra-anistia-e-pec-da-blindagem\\\/\"},\"author\":{\"name\":\"Maetinga Not\u00edcias\",\"@id\":\"https:\\\/\\\/maetinganoticias.com\\\/#\\\/schema\\\/person\\\/968cf95e67a6810fc7fb35bbc9016962\"},\"headline\":\"Em todo pa\u00eds, milhares protestam contra anistia e PEC da Blindagem\",\"datePublished\":\"2025-09-22T15:54:00+00:00\",\"dateModified\":\"2025-09-22T15:54:01+00:00\",\"mainEntityOfPage\":{\"@id\":\"https:\\\/\\\/maetinganoticias.com\\\/index.php\\\/2025\\\/09\\\/22\\\/em-todo-pais-milhares-protestam-contra-anistia-e-pec-da-blindagem\\\/\"},\"wordCount\":508,\"commentCount\":0,\"publisher\":{\"@id\":\"https:\\\/\\\/maetinganoticias.com\\\/#organization\"},\"image\":{\"@id\":\"https:\\\/\\\/maetinganoticias.com\\\/index.php\\\/2025\\\/09\\\/22\\\/em-todo-pais-milhares-protestam-contra-anistia-e-pec-da-blindagem\\\/#primaryimage\"},\"thumbnailUrl\":\"https:\\\/\\\/maetinganoticias.com\\\/wp-content\\\/uploads\\\/2025\\\/09\\\/pint1572-1.webp\",\"articleSection\":[\"Pol\u00edtica\"],\"inLanguage\":\"pt-BR\",\"potentialAction\":[{\"@type\":\"CommentAction\",\"name\":\"Comment\",\"target\":[\"https:\\\/\\\/maetinganoticias.com\\\/index.php\\\/2025\\\/09\\\/22\\\/em-todo-pais-milhares-protestam-contra-anistia-e-pec-da-blindagem\\\/#respond\"]}]},{\"@type\":\"WebPage\",\"@id\":\"https:\\\/\\\/maetinganoticias.com\\\/index.php\\\/2025\\\/09\\\/22\\\/em-todo-pais-milhares-protestam-contra-anistia-e-pec-da-blindagem\\\/\",\"url\":\"https:\\\/\\\/maetinganoticias.com\\\/index.php\\\/2025\\\/09\\\/22\\\/em-todo-pais-milhares-protestam-contra-anistia-e-pec-da-blindagem\\\/\",\"name\":\"Em todo pa\u00eds, milhares protestam contra anistia e PEC da Blindagem - Maetinga Not\u00edcias\",\"isPartOf\":{\"@id\":\"https:\\\/\\\/maetinganoticias.com\\\/#website\"},\"primaryImageOfPage\":{\"@id\":\"https:\\\/\\\/maetinganoticias.com\\\/index.php\\\/2025\\\/09\\\/22\\\/em-todo-pais-milhares-protestam-contra-anistia-e-pec-da-blindagem\\\/#primaryimage\"},\"image\":{\"@id\":\"https:\\\/\\\/maetinganoticias.com\\\/index.php\\\/2025\\\/09\\\/22\\\/em-todo-pais-milhares-protestam-contra-anistia-e-pec-da-blindagem\\\/#primaryimage\"},\"thumbnailUrl\":\"https:\\\/\\\/maetinganoticias.com\\\/wp-content\\\/uploads\\\/2025\\\/09\\\/pint1572-1.webp\",\"datePublished\":\"2025-09-22T15:54:00+00:00\",\"dateModified\":\"2025-09-22T15:54:01+00:00\",\"breadcrumb\":{\"@id\":\"https:\\\/\\\/maetinganoticias.com\\\/index.php\\\/2025\\\/09\\\/22\\\/em-todo-pais-milhares-protestam-contra-anistia-e-pec-da-blindagem\\\/#breadcrumb\"},\"inLanguage\":\"pt-BR\",\"potentialAction\":[{\"@type\":\"ReadAction\",\"target\":[\"https:\\\/\\\/maetinganoticias.com\\\/index.php\\\/2025\\\/09\\\/22\\\/em-todo-pais-milhares-protestam-contra-anistia-e-pec-da-blindagem\\\/\"]}]},{\"@type\":\"ImageObject\",\"inLanguage\":\"pt-BR\",\"@id\":\"https:\\\/\\\/maetinganoticias.com\\\/index.php\\\/2025\\\/09\\\/22\\\/em-todo-pais-milhares-protestam-contra-anistia-e-pec-da-blindagem\\\/#primaryimage\",\"url\":\"https:\\\/\\\/maetinganoticias.com\\\/wp-content\\\/uploads\\\/2025\\\/09\\\/pint1572-1.webp\",\"contentUrl\":\"https:\\\/\\\/maetinganoticias.com\\\/wp-content\\\/uploads\\\/2025\\\/09\\\/pint1572-1.webp\",\"width\":1170,\"height\":700,\"caption\":\"\u00a9 Paulo Pinto\\\/Ag\u00eancia Brasil\"},{\"@type\":\"BreadcrumbList\",\"@id\":\"https:\\\/\\\/maetinganoticias.com\\\/index.php\\\/2025\\\/09\\\/22\\\/em-todo-pais-milhares-protestam-contra-anistia-e-pec-da-blindagem\\\/#breadcrumb\",\"itemListElement\":[{\"@type\":\"ListItem\",\"position\":1,\"name\":\"In\u00edcio\",\"item\":\"https:\\\/\\\/maetinganoticias.com\\\/\"},{\"@type\":\"ListItem\",\"position\":2,\"name\":\"Em todo pa\u00eds, milhares protestam contra anistia e PEC da Blindagem\"}]},{\"@type\":\"WebSite\",\"@id\":\"https:\\\/\\\/maetinganoticias.com\\\/#website\",\"url\":\"https:\\\/\\\/maetinganoticias.com\\\/\",\"name\":\"Maetinga Not\u00edcias\",\"description\":\"A Voz do Interior Baiano!\",\"publisher\":{\"@id\":\"https:\\\/\\\/maetinganoticias.com\\\/#organization\"},\"potentialAction\":[{\"@type\":\"SearchAction\",\"target\":{\"@type\":\"EntryPoint\",\"urlTemplate\":\"https:\\\/\\\/maetinganoticias.com\\\/?s={search_term_string}\"},\"query-input\":{\"@type\":\"PropertyValueSpecification\",\"valueRequired\":true,\"valueName\":\"search_term_string\"}}],\"inLanguage\":\"pt-BR\"},{\"@type\":\"Organization\",\"@id\":\"https:\\\/\\\/maetinganoticias.com\\\/#organization\",\"name\":\"Maetinga Not\u00edcias\",\"url\":\"https:\\\/\\\/maetinganoticias.com\\\/\",\"logo\":{\"@type\":\"ImageObject\",\"inLanguage\":\"pt-BR\",\"@id\":\"https:\\\/\\\/maetinganoticias.com\\\/#\\\/schema\\\/logo\\\/image\\\/\",\"url\":\"https:\\\/\\\/maetinganoticias.com\\\/wp-content\\\/uploads\\\/2023\\\/07\\\/cropped-cropped-cropped-cropped-BUSINESS-3-42-1.png\",\"contentUrl\":\"https:\\\/\\\/maetinganoticias.com\\\/wp-content\\\/uploads\\\/2023\\\/07\\\/cropped-cropped-cropped-cropped-BUSINESS-3-42-1.png\",\"width\":485,\"height\":109,\"caption\":\"Maetinga Not\u00edcias\"},\"image\":{\"@id\":\"https:\\\/\\\/maetinganoticias.com\\\/#\\\/schema\\\/logo\\\/image\\\/\"}},{\"@type\":\"Person\",\"@id\":\"https:\\\/\\\/maetinganoticias.com\\\/#\\\/schema\\\/person\\\/968cf95e67a6810fc7fb35bbc9016962\",\"name\":\"Maetinga Not\u00edcias\",\"image\":{\"@type\":\"ImageObject\",\"inLanguage\":\"pt-BR\",\"@id\":\"https:\\\/\\\/secure.gravatar.com\\\/avatar\\\/32e078313a5ca37a6c8d44e716ed4f9e87ecfde7222d2b88a1424bd49654f187?s=96&d=mm&r=g\",\"url\":\"https:\\\/\\\/secure.gravatar.com\\\/avatar\\\/32e078313a5ca37a6c8d44e716ed4f9e87ecfde7222d2b88a1424bd49654f187?s=96&d=mm&r=g\",\"contentUrl\":\"https:\\\/\\\/secure.gravatar.com\\\/avatar\\\/32e078313a5ca37a6c8d44e716ed4f9e87ecfde7222d2b88a1424bd49654f187?s=96&d=mm&r=g\",\"caption\":\"Maetinga Not\u00edcias\"},\"description\":\"A voz do Interior Baiano!\",\"sameAs\":[\"https:\\\/\\\/maetinganoticias.com\",\"https:\\\/\\\/www.instagram.com\\\/blogmaetinganoticias\\\/\"],\"url\":\"https:\\\/\\\/maetinganoticias.com\\\/index.php\\\/author\\\/carlosvianna13\\\/\"}]}<\/script>\n<!-- \/ Yoast SEO plugin. -->","yoast_head_json":{"title":"Em todo pa\u00eds, milhares protestam contra anistia e PEC da Blindagem - Maetinga Not\u00edcias","robots":{"index":"index","follow":"follow","max-snippet":"max-snippet:-1","max-image-preview":"max-image-preview:large","max-video-preview":"max-video-preview:-1"},"canonical":"https:\/\/maetinganoticias.com\/index.php\/2025\/09\/22\/em-todo-pais-milhares-protestam-contra-anistia-e-pec-da-blindagem\/","og_locale":"pt_BR","og_type":"article","og_title":"Em todo pa\u00eds, milhares protestam contra anistia e PEC da Blindagem - Maetinga Not\u00edcias","og_description":"Atos acontecem em 33 cidades, incluindo as 27 capitais Milhares de pessoas foram as ruas das capitais do Brasil neste domingo (21) para protestar contra a\u00a0anistia aos condenados por tentativa de golpe de Estado\u00a0e\u00a0a chamada\u00a0PEC da Blindagem, que prev\u00ea exig\u00eancia de autoriza\u00e7\u00e3o do Congresso para processar criminalmente deputados e senadores.\u00a0 Foram registradas multid\u00f5es nas ruas [&hellip;]","og_url":"https:\/\/maetinganoticias.com\/index.php\/2025\/09\/22\/em-todo-pais-milhares-protestam-contra-anistia-e-pec-da-blindagem\/","og_site_name":"Maetinga Not\u00edcias","article_published_time":"2025-09-22T15:54:00+00:00","article_modified_time":"2025-09-22T15:54:01+00:00","og_image":[{"width":1170,"height":700,"url":"https:\/\/maetinganoticias.com\/wp-content\/uploads\/2025\/09\/pint1572-1.webp","type":"image\/webp"}],"author":"Maetinga Not\u00edcias","twitter_card":"summary_large_image","twitter_misc":{"Escrito por":"Maetinga Not\u00edcias","Est. tempo de leitura":"4 minutos"},"schema":{"@context":"https:\/\/schema.org","@graph":[{"@type":["Article","BlogPosting"],"@id":"https:\/\/maetinganoticias.com\/index.php\/2025\/09\/22\/em-todo-pais-milhares-protestam-contra-anistia-e-pec-da-blindagem\/#article","isPartOf":{"@id":"https:\/\/maetinganoticias.com\/index.php\/2025\/09\/22\/em-todo-pais-milhares-protestam-contra-anistia-e-pec-da-blindagem\/"},"author":{"name":"Maetinga Not\u00edcias","@id":"https:\/\/maetinganoticias.com\/#\/schema\/person\/968cf95e67a6810fc7fb35bbc9016962"},"headline":"Em todo pa\u00eds, milhares protestam contra anistia e PEC da Blindagem","datePublished":"2025-09-22T15:54:00+00:00","dateModified":"2025-09-22T15:54:01+00:00","mainEntityOfPage":{"@id":"https:\/\/maetinganoticias.com\/index.php\/2025\/09\/22\/em-todo-pais-milhares-protestam-contra-anistia-e-pec-da-blindagem\/"},"wordCount":508,"commentCount":0,"publisher":{"@id":"https:\/\/maetinganoticias.com\/#organization"},"image":{"@id":"https:\/\/maetinganoticias.com\/index.php\/2025\/09\/22\/em-todo-pais-milhares-protestam-contra-anistia-e-pec-da-blindagem\/#primaryimage"},"thumbnailUrl":"https:\/\/maetinganoticias.com\/wp-content\/uploads\/2025\/09\/pint1572-1.webp","articleSection":["Pol\u00edtica"],"inLanguage":"pt-BR","potentialAction":[{"@type":"CommentAction","name":"Comment","target":["https:\/\/maetinganoticias.com\/index.php\/2025\/09\/22\/em-todo-pais-milhares-protestam-contra-anistia-e-pec-da-blindagem\/#respond"]}]},{"@type":"WebPage","@id":"https:\/\/maetinganoticias.com\/index.php\/2025\/09\/22\/em-todo-pais-milhares-protestam-contra-anistia-e-pec-da-blindagem\/","url":"https:\/\/maetinganoticias.com\/index.php\/2025\/09\/22\/em-todo-pais-milhares-protestam-contra-anistia-e-pec-da-blindagem\/","name":"Em todo pa\u00eds, milhares protestam contra anistia e PEC da Blindagem - Maetinga Not\u00edcias","isPartOf":{"@id":"https:\/\/maetinganoticias.com\/#website"},"primaryImageOfPage":{"@id":"https:\/\/maetinganoticias.com\/index.php\/2025\/09\/22\/em-todo-pais-milhares-protestam-contra-anistia-e-pec-da-blindagem\/#primaryimage"},"image":{"@id":"https:\/\/maetinganoticias.com\/index.php\/2025\/09\/22\/em-todo-pais-milhares-protestam-contra-anistia-e-pec-da-blindagem\/#primaryimage"},"thumbnailUrl":"https:\/\/maetinganoticias.com\/wp-content\/uploads\/2025\/09\/pint1572-1.webp","datePublished":"2025-09-22T15:54:00+00:00","dateModified":"2025-09-22T15:54:01+00:00","breadcrumb":{"@id":"https:\/\/maetinganoticias.com\/index.php\/2025\/09\/22\/em-todo-pais-milhares-protestam-contra-anistia-e-pec-da-blindagem\/#breadcrumb"},"inLanguage":"pt-BR","potentialAction":[{"@type":"ReadAction","target":["https:\/\/maetinganoticias.com\/index.php\/2025\/09\/22\/em-todo-pais-milhares-protestam-contra-anistia-e-pec-da-blindagem\/"]}]},{"@type":"ImageObject","inLanguage":"pt-BR","@id":"https:\/\/maetinganoticias.com\/index.php\/2025\/09\/22\/em-todo-pais-milhares-protestam-contra-anistia-e-pec-da-blindagem\/#primaryimage","url":"https:\/\/maetinganoticias.com\/wp-content\/uploads\/2025\/09\/pint1572-1.webp","contentUrl":"https:\/\/maetinganoticias.com\/wp-content\/uploads\/2025\/09\/pint1572-1.webp","width":1170,"height":700,"caption":"\u00a9 Paulo Pinto\/Ag\u00eancia Brasil"},{"@type":"BreadcrumbList","@id":"https:\/\/maetinganoticias.com\/index.php\/2025\/09\/22\/em-todo-pais-milhares-protestam-contra-anistia-e-pec-da-blindagem\/#breadcrumb","itemListElement":[{"@type":"ListItem","position":1,"name":"In\u00edcio","item":"https:\/\/maetinganoticias.com\/"},{"@type":"ListItem","position":2,"name":"Em todo pa\u00eds, milhares protestam contra anistia e PEC da Blindagem"}]},{"@type":"WebSite","@id":"https:\/\/maetinganoticias.com\/#website","url":"https:\/\/maetinganoticias.com\/","name":"Maetinga Not\u00edcias","description":"A Voz do Interior Baiano!","publisher":{"@id":"https:\/\/maetinganoticias.com\/#organization"},"potentialAction":[{"@type":"SearchAction","target":{"@type":"EntryPoint","urlTemplate":"https:\/\/maetinganoticias.com\/?s={search_term_string}"},"query-input":{"@type":"PropertyValueSpecification","valueRequired":true,"valueName":"search_term_string"}}],"inLanguage":"pt-BR"},{"@type":"Organization","@id":"https:\/\/maetinganoticias.com\/#organization","name":"Maetinga Not\u00edcias","url":"https:\/\/maetinganoticias.com\/","logo":{"@type":"ImageObject","inLanguage":"pt-BR","@id":"https:\/\/maetinganoticias.com\/#\/schema\/logo\/image\/","url":"https:\/\/maetinganoticias.com\/wp-content\/uploads\/2023\/07\/cropped-cropped-cropped-cropped-BUSINESS-3-42-1.png","contentUrl":"https:\/\/maetinganoticias.com\/wp-content\/uploads\/2023\/07\/cropped-cropped-cropped-cropped-BUSINESS-3-42-1.png","width":485,"height":109,"caption":"Maetinga Not\u00edcias"},"image":{"@id":"https:\/\/maetinganoticias.com\/#\/schema\/logo\/image\/"}},{"@type":"Person","@id":"https:\/\/maetinganoticias.com\/#\/schema\/person\/968cf95e67a6810fc7fb35bbc9016962","name":"Maetinga Not\u00edcias","image":{"@type":"ImageObject","inLanguage":"pt-BR","@id":"https:\/\/secure.gravatar.com\/avatar\/32e078313a5ca37a6c8d44e716ed4f9e87ecfde7222d2b88a1424bd49654f187?s=96&d=mm&r=g","url":"https:\/\/secure.gravatar.com\/avatar\/32e078313a5ca37a6c8d44e716ed4f9e87ecfde7222d2b88a1424bd49654f187?s=96&d=mm&r=g","contentUrl":"https:\/\/secure.gravatar.com\/avatar\/32e078313a5ca37a6c8d44e716ed4f9e87ecfde7222d2b88a1424bd49654f187?s=96&d=mm&r=g","caption":"Maetinga Not\u00edcias"},"description":"A voz do Interior Baiano!","sameAs":["https:\/\/maetinganoticias.com","https:\/\/www.instagram.com\/blogmaetinganoticias\/"],"url":"https:\/\/maetinganoticias.com\/index.php\/author\/carlosvianna13\/"}]}},"_links":{"self":[{"href":"https:\/\/maetinganoticias.com\/index.php\/wp-json\/wp\/v2\/posts\/8800","targetHints":{"allow":["GET"]}}],"collection":[{"href":"https:\/\/maetinganoticias.com\/index.php\/wp-json\/wp\/v2\/posts"}],"about":[{"href":"https:\/\/maetinganoticias.com\/index.php\/wp-json\/wp\/v2\/types\/post"}],"author":[{"embeddable":true,"href":"https:\/\/maetinganoticias.com\/index.php\/wp-json\/wp\/v2\/users\/1"}],"replies":[{"embeddable":true,"href":"https:\/\/maetinganoticias.com\/index.php\/wp-json\/wp\/v2\/comments?post=8800"}],"version-history":[{"count":1,"href":"https:\/\/maetinganoticias.com\/index.php\/wp-json\/wp\/v2\/posts\/8800\/revisions"}],"predecessor-version":[{"id":8803,"href":"https:\/\/maetinganoticias.com\/index.php\/wp-json\/wp\/v2\/posts\/8800\/revisions\/8803"}],"wp:featuredmedia":[{"embeddable":true,"href":"https:\/\/maetinganoticias.com\/index.php\/wp-json\/wp\/v2\/media\/8801"}],"wp:attachment":[{"href":"https:\/\/maetinganoticias.com\/index.php\/wp-json\/wp\/v2\/media?parent=8800"}],"wp:term":[{"taxonomy":"category","embeddable":true,"href":"https:\/\/maetinganoticias.com\/index.php\/wp-json\/wp\/v2\/categories?post=8800"},{"taxonomy":"post_tag","embeddable":true,"href":"https:\/\/maetinganoticias.com\/index.php\/wp-json\/wp\/v2\/tags?post=8800"}],"curies":[{"name":"wp","href":"https:\/\/api.w.org\/{rel}","templated":true}]}}