{"id":8794,"date":"2025-09-21T11:31:19","date_gmt":"2025-09-21T14:31:19","guid":{"rendered":"https:\/\/maetinganoticias.com\/?p=8794"},"modified":"2025-09-21T11:31:19","modified_gmt":"2025-09-21T14:31:19","slug":"acidente-em-maetinga-deixa-homem-gravemente-ferido","status":"publish","type":"post","link":"https:\/\/maetinganoticias.com\/index.php\/2025\/09\/21\/acidente-em-maetinga-deixa-homem-gravemente-ferido\/","title":{"rendered":"Acidente em Maetinga deixa homem gravemente ferido"},"content":{"rendered":"\n<p>Um acidente foi registrado na madrugada deste domingo (21), por volta da 1h, na Rua Sebasti\u00e3o Lima, no Centro de Maetinga, nas proximidades da ponte que d\u00e1 acesso \u00e0 regi\u00e3o do Mateiro.<\/p>\n\n\n\n<p>Segundo informa\u00e7\u00f5es, um ve\u00edculo Gol, de cor branca, colidiu na via, deixando o motorista ferido. O Servi\u00e7o de Atendimento M\u00f3vel de Urg\u00eancia (Samu) foi acionado e prestou os primeiros socorros.<\/p>\n\n\n\n<p>O condutor foi levado para o Centro de Sa\u00fade de Maetinga, onde precisou ser intubado pela equipe m\u00e9dica. Devido \u00e0 gravidade, foi solicitada a transfer\u00eancia para um hospital em Vit\u00f3ria da Conquista.<\/p>\n\n\n\n<p>A Pol\u00edcia Militar esteve no local, controlou o tr\u00e1fego, que chegou a ficar interditado, e registrou a ocorr\u00eancia.<\/p>\n","protected":false},"excerpt":{"rendered":"<p>Um acidente foi registrado na madrugada deste domingo (21), por volta da 1h, na Rua Sebasti\u00e3o Lima, no Centro de Maetinga, nas proximidades da ponte que d\u00e1 acesso \u00e0 regi\u00e3o do Mateiro. Segundo informa\u00e7\u00f5es, um ve\u00edculo Gol, de cor branca, colidiu na via, deixando o motorista ferido. O Servi\u00e7o de Atendimento M\u00f3vel de Urg\u00eancia (Samu) [&hellip;]<\/p>\n","protected":false},"author":1,"featured_media":8793,"comment_status":"closed","ping_status":"open","sticky":false,"template":"","format":"standard","meta":{"om_disable_all_campaigns":false,"_monsterinsights_skip_tracking":false,"_monsterinsights_sitenote_active":false,"_monsterinsights_sitenote_note":"","_monsterinsights_sitenote_category":0,"_uf_show_specific_survey":0,"_uf_disable_surveys":false,"footnotes":""},"categories":[524],"tags":[],"class_list":{"0":"post-8794","1":"post","2":"type-post","3":"status-publish","4":"format-standard","5":"has-post-thumbnail","7":"category-maetinga-2"},"yoast_head":"<!-- This site is optimized with the Yoast SEO plugin v27.4 - https:\/\/yoast.com\/product\/yoast-seo-wordpress\/ -->\n<title>Acidente em Maetinga deixa homem gravemente ferido - Maetinga Not\u00edcias<\/title>\n<meta name=\"robots\" content=\"index, follow, max-snippet:-1, max-image-preview:large, max-video-preview:-1\" \/>\n<link rel=\"canonical\" href=\"https:\/\/maetinganoticias.com\/index.php\/2025\/09\/21\/acidente-em-maetinga-deixa-homem-gravemente-ferido\/\" \/>\n<meta property=\"og:locale\" content=\"pt_BR\" \/>\n<meta property=\"og:type\" content=\"article\" \/>\n<meta property=\"og:title\" content=\"Acidente em Maetinga deixa homem gravemente ferido - Maetinga Not\u00edcias\" \/>\n<meta property=\"og:description\" content=\"Um acidente foi registrado na madrugada deste domingo (21), por volta da 1h, na Rua Sebasti\u00e3o Lima, no Centro de Maetinga, nas proximidades da ponte que d\u00e1 acesso \u00e0 regi\u00e3o do Mateiro. Segundo informa\u00e7\u00f5es, um ve\u00edculo Gol, de cor branca, colidiu na via, deixando o motorista ferido. O Servi\u00e7o de Atendimento M\u00f3vel de Urg\u00eancia (Samu) [&hellip;]\" \/>\n<meta property=\"og:url\" content=\"https:\/\/maetinganoticias.com\/index.php\/2025\/09\/21\/acidente-em-maetinga-deixa-homem-gravemente-ferido\/\" \/>\n<meta property=\"og:site_name\" content=\"Maetinga Not\u00edcias\" \/>\n<meta property=\"article:published_time\" content=\"2025-09-21T14:31:19+00:00\" \/>\n<meta property=\"og:image\" content=\"https:\/\/maetinganoticias.com\/wp-content\/uploads\/2025\/09\/img_4451.jpg\" \/>\n\t<meta property=\"og:image:width\" content=\"828\" \/>\n\t<meta property=\"og:image:height\" content=\"721\" \/>\n\t<meta property=\"og:image:type\" content=\"image\/jpeg\" \/>\n<meta name=\"author\" content=\"Maetinga Not\u00edcias\" \/>\n<meta name=\"twitter:card\" content=\"summary_large_image\" \/>\n<meta name=\"twitter:label1\" content=\"Escrito por\" \/>\n\t<meta name=\"twitter:data1\" content=\"Maetinga Not\u00edcias\" \/>\n\t<meta name=\"twitter:label2\" content=\"Est. tempo de leitura\" \/>\n\t<meta name=\"twitter:data2\" content=\"1 minuto\" \/>\n<script type=\"application\/ld+json\" class=\"yoast-schema-graph\">{\"@context\":\"https:\\\/\\\/schema.org\",\"@graph\":[{\"@type\":[\"Article\",\"BlogPosting\"],\"@id\":\"https:\\\/\\\/maetinganoticias.com\\\/index.php\\\/2025\\\/09\\\/21\\\/acidente-em-maetinga-deixa-homem-gravemente-ferido\\\/#article\",\"isPartOf\":{\"@id\":\"https:\\\/\\\/maetinganoticias.com\\\/index.php\\\/2025\\\/09\\\/21\\\/acidente-em-maetinga-deixa-homem-gravemente-ferido\\\/\"},\"author\":{\"name\":\"Maetinga Not\u00edcias\",\"@id\":\"https:\\\/\\\/maetinganoticias.com\\\/#\\\/schema\\\/person\\\/968cf95e67a6810fc7fb35bbc9016962\"},\"headline\":\"Acidente em Maetinga deixa homem gravemente ferido\",\"datePublished\":\"2025-09-21T14:31:19+00:00\",\"mainEntityOfPage\":{\"@id\":\"https:\\\/\\\/maetinganoticias.com\\\/index.php\\\/2025\\\/09\\\/21\\\/acidente-em-maetinga-deixa-homem-gravemente-ferido\\\/\"},\"wordCount\":130,\"publisher\":{\"@id\":\"https:\\\/\\\/maetinganoticias.com\\\/#organization\"},\"image\":{\"@id\":\"https:\\\/\\\/maetinganoticias.com\\\/index.php\\\/2025\\\/09\\\/21\\\/acidente-em-maetinga-deixa-homem-gravemente-ferido\\\/#primaryimage\"},\"thumbnailUrl\":\"https:\\\/\\\/maetinganoticias.com\\\/wp-content\\\/uploads\\\/2025\\\/09\\\/img_4451.jpg\",\"articleSection\":[\"Maetinga\"],\"inLanguage\":\"pt-BR\"},{\"@type\":\"WebPage\",\"@id\":\"https:\\\/\\\/maetinganoticias.com\\\/index.php\\\/2025\\\/09\\\/21\\\/acidente-em-maetinga-deixa-homem-gravemente-ferido\\\/\",\"url\":\"https:\\\/\\\/maetinganoticias.com\\\/index.php\\\/2025\\\/09\\\/21\\\/acidente-em-maetinga-deixa-homem-gravemente-ferido\\\/\",\"name\":\"Acidente em Maetinga deixa homem gravemente ferido - Maetinga Not\u00edcias\",\"isPartOf\":{\"@id\":\"https:\\\/\\\/maetinganoticias.com\\\/#website\"},\"primaryImageOfPage\":{\"@id\":\"https:\\\/\\\/maetinganoticias.com\\\/index.php\\\/2025\\\/09\\\/21\\\/acidente-em-maetinga-deixa-homem-gravemente-ferido\\\/#primaryimage\"},\"image\":{\"@id\":\"https:\\\/\\\/maetinganoticias.com\\\/index.php\\\/2025\\\/09\\\/21\\\/acidente-em-maetinga-deixa-homem-gravemente-ferido\\\/#primaryimage\"},\"thumbnailUrl\":\"https:\\\/\\\/maetinganoticias.com\\\/wp-content\\\/uploads\\\/2025\\\/09\\\/img_4451.jpg\",\"datePublished\":\"2025-09-21T14:31:19+00:00\",\"breadcrumb\":{\"@id\":\"https:\\\/\\\/maetinganoticias.com\\\/index.php\\\/2025\\\/09\\\/21\\\/acidente-em-maetinga-deixa-homem-gravemente-ferido\\\/#breadcrumb\"},\"inLanguage\":\"pt-BR\",\"potentialAction\":[{\"@type\":\"ReadAction\",\"target\":[\"https:\\\/\\\/maetinganoticias.com\\\/index.php\\\/2025\\\/09\\\/21\\\/acidente-em-maetinga-deixa-homem-gravemente-ferido\\\/\"]}]},{\"@type\":\"ImageObject\",\"inLanguage\":\"pt-BR\",\"@id\":\"https:\\\/\\\/maetinganoticias.com\\\/index.php\\\/2025\\\/09\\\/21\\\/acidente-em-maetinga-deixa-homem-gravemente-ferido\\\/#primaryimage\",\"url\":\"https:\\\/\\\/maetinganoticias.com\\\/wp-content\\\/uploads\\\/2025\\\/09\\\/img_4451.jpg\",\"contentUrl\":\"https:\\\/\\\/maetinganoticias.com\\\/wp-content\\\/uploads\\\/2025\\\/09\\\/img_4451.jpg\",\"width\":828,\"height\":721},{\"@type\":\"BreadcrumbList\",\"@id\":\"https:\\\/\\\/maetinganoticias.com\\\/index.php\\\/2025\\\/09\\\/21\\\/acidente-em-maetinga-deixa-homem-gravemente-ferido\\\/#breadcrumb\",\"itemListElement\":[{\"@type\":\"ListItem\",\"position\":1,\"name\":\"In\u00edcio\",\"item\":\"https:\\\/\\\/maetinganoticias.com\\\/\"},{\"@type\":\"ListItem\",\"position\":2,\"name\":\"Acidente em Maetinga deixa homem gravemente ferido\"}]},{\"@type\":\"WebSite\",\"@id\":\"https:\\\/\\\/maetinganoticias.com\\\/#website\",\"url\":\"https:\\\/\\\/maetinganoticias.com\\\/\",\"name\":\"Maetinga Not\u00edcias\",\"description\":\"A Voz do Interior Baiano!\",\"publisher\":{\"@id\":\"https:\\\/\\\/maetinganoticias.com\\\/#organization\"},\"potentialAction\":[{\"@type\":\"SearchAction\",\"target\":{\"@type\":\"EntryPoint\",\"urlTemplate\":\"https:\\\/\\\/maetinganoticias.com\\\/?s={search_term_string}\"},\"query-input\":{\"@type\":\"PropertyValueSpecification\",\"valueRequired\":true,\"valueName\":\"search_term_string\"}}],\"inLanguage\":\"pt-BR\"},{\"@type\":\"Organization\",\"@id\":\"https:\\\/\\\/maetinganoticias.com\\\/#organization\",\"name\":\"Maetinga Not\u00edcias\",\"url\":\"https:\\\/\\\/maetinganoticias.com\\\/\",\"logo\":{\"@type\":\"ImageObject\",\"inLanguage\":\"pt-BR\",\"@id\":\"https:\\\/\\\/maetinganoticias.com\\\/#\\\/schema\\\/logo\\\/image\\\/\",\"url\":\"https:\\\/\\\/maetinganoticias.com\\\/wp-content\\\/uploads\\\/2023\\\/07\\\/cropped-cropped-cropped-cropped-BUSINESS-3-42-1.png\",\"contentUrl\":\"https:\\\/\\\/maetinganoticias.com\\\/wp-content\\\/uploads\\\/2023\\\/07\\\/cropped-cropped-cropped-cropped-BUSINESS-3-42-1.png\",\"width\":485,\"height\":109,\"caption\":\"Maetinga Not\u00edcias\"},\"image\":{\"@id\":\"https:\\\/\\\/maetinganoticias.com\\\/#\\\/schema\\\/logo\\\/image\\\/\"}},{\"@type\":\"Person\",\"@id\":\"https:\\\/\\\/maetinganoticias.com\\\/#\\\/schema\\\/person\\\/968cf95e67a6810fc7fb35bbc9016962\",\"name\":\"Maetinga Not\u00edcias\",\"image\":{\"@type\":\"ImageObject\",\"inLanguage\":\"pt-BR\",\"@id\":\"https:\\\/\\\/secure.gravatar.com\\\/avatar\\\/32e078313a5ca37a6c8d44e716ed4f9e87ecfde7222d2b88a1424bd49654f187?s=96&d=mm&r=g\",\"url\":\"https:\\\/\\\/secure.gravatar.com\\\/avatar\\\/32e078313a5ca37a6c8d44e716ed4f9e87ecfde7222d2b88a1424bd49654f187?s=96&d=mm&r=g\",\"contentUrl\":\"https:\\\/\\\/secure.gravatar.com\\\/avatar\\\/32e078313a5ca37a6c8d44e716ed4f9e87ecfde7222d2b88a1424bd49654f187?s=96&d=mm&r=g\",\"caption\":\"Maetinga Not\u00edcias\"},\"description\":\"A voz do Interior Baiano!\",\"sameAs\":[\"https:\\\/\\\/maetinganoticias.com\",\"https:\\\/\\\/www.instagram.com\\\/blogmaetinganoticias\\\/\"],\"url\":\"https:\\\/\\\/maetinganoticias.com\\\/index.php\\\/author\\\/carlosvianna13\\\/\"}]}<\/script>\n<!-- \/ Yoast SEO plugin. -->","yoast_head_json":{"title":"Acidente em Maetinga deixa homem gravemente ferido - Maetinga Not\u00edcias","robots":{"index":"index","follow":"follow","max-snippet":"max-snippet:-1","max-image-preview":"max-image-preview:large","max-video-preview":"max-video-preview:-1"},"canonical":"https:\/\/maetinganoticias.com\/index.php\/2025\/09\/21\/acidente-em-maetinga-deixa-homem-gravemente-ferido\/","og_locale":"pt_BR","og_type":"article","og_title":"Acidente em Maetinga deixa homem gravemente ferido - Maetinga Not\u00edcias","og_description":"Um acidente foi registrado na madrugada deste domingo (21), por volta da 1h, na Rua Sebasti\u00e3o Lima, no Centro de Maetinga, nas proximidades da ponte que d\u00e1 acesso \u00e0 regi\u00e3o do Mateiro. Segundo informa\u00e7\u00f5es, um ve\u00edculo Gol, de cor branca, colidiu na via, deixando o motorista ferido. O Servi\u00e7o de Atendimento M\u00f3vel de Urg\u00eancia (Samu) [&hellip;]","og_url":"https:\/\/maetinganoticias.com\/index.php\/2025\/09\/21\/acidente-em-maetinga-deixa-homem-gravemente-ferido\/","og_site_name":"Maetinga Not\u00edcias","article_published_time":"2025-09-21T14:31:19+00:00","og_image":[{"width":828,"height":721,"url":"https:\/\/maetinganoticias.com\/wp-content\/uploads\/2025\/09\/img_4451.jpg","type":"image\/jpeg"}],"author":"Maetinga Not\u00edcias","twitter_card":"summary_large_image","twitter_misc":{"Escrito por":"Maetinga Not\u00edcias","Est. tempo de leitura":"1 minuto"},"schema":{"@context":"https:\/\/schema.org","@graph":[{"@type":["Article","BlogPosting"],"@id":"https:\/\/maetinganoticias.com\/index.php\/2025\/09\/21\/acidente-em-maetinga-deixa-homem-gravemente-ferido\/#article","isPartOf":{"@id":"https:\/\/maetinganoticias.com\/index.php\/2025\/09\/21\/acidente-em-maetinga-deixa-homem-gravemente-ferido\/"},"author":{"name":"Maetinga Not\u00edcias","@id":"https:\/\/maetinganoticias.com\/#\/schema\/person\/968cf95e67a6810fc7fb35bbc9016962"},"headline":"Acidente em Maetinga deixa homem gravemente ferido","datePublished":"2025-09-21T14:31:19+00:00","mainEntityOfPage":{"@id":"https:\/\/maetinganoticias.com\/index.php\/2025\/09\/21\/acidente-em-maetinga-deixa-homem-gravemente-ferido\/"},"wordCount":130,"publisher":{"@id":"https:\/\/maetinganoticias.com\/#organization"},"image":{"@id":"https:\/\/maetinganoticias.com\/index.php\/2025\/09\/21\/acidente-em-maetinga-deixa-homem-gravemente-ferido\/#primaryimage"},"thumbnailUrl":"https:\/\/maetinganoticias.com\/wp-content\/uploads\/2025\/09\/img_4451.jpg","articleSection":["Maetinga"],"inLanguage":"pt-BR"},{"@type":"WebPage","@id":"https:\/\/maetinganoticias.com\/index.php\/2025\/09\/21\/acidente-em-maetinga-deixa-homem-gravemente-ferido\/","url":"https:\/\/maetinganoticias.com\/index.php\/2025\/09\/21\/acidente-em-maetinga-deixa-homem-gravemente-ferido\/","name":"Acidente em Maetinga deixa homem gravemente ferido - Maetinga Not\u00edcias","isPartOf":{"@id":"https:\/\/maetinganoticias.com\/#website"},"primaryImageOfPage":{"@id":"https:\/\/maetinganoticias.com\/index.php\/2025\/09\/21\/acidente-em-maetinga-deixa-homem-gravemente-ferido\/#primaryimage"},"image":{"@id":"https:\/\/maetinganoticias.com\/index.php\/2025\/09\/21\/acidente-em-maetinga-deixa-homem-gravemente-ferido\/#primaryimage"},"thumbnailUrl":"https:\/\/maetinganoticias.com\/wp-content\/uploads\/2025\/09\/img_4451.jpg","datePublished":"2025-09-21T14:31:19+00:00","breadcrumb":{"@id":"https:\/\/maetinganoticias.com\/index.php\/2025\/09\/21\/acidente-em-maetinga-deixa-homem-gravemente-ferido\/#breadcrumb"},"inLanguage":"pt-BR","potentialAction":[{"@type":"ReadAction","target":["https:\/\/maetinganoticias.com\/index.php\/2025\/09\/21\/acidente-em-maetinga-deixa-homem-gravemente-ferido\/"]}]},{"@type":"ImageObject","inLanguage":"pt-BR","@id":"https:\/\/maetinganoticias.com\/index.php\/2025\/09\/21\/acidente-em-maetinga-deixa-homem-gravemente-ferido\/#primaryimage","url":"https:\/\/maetinganoticias.com\/wp-content\/uploads\/2025\/09\/img_4451.jpg","contentUrl":"https:\/\/maetinganoticias.com\/wp-content\/uploads\/2025\/09\/img_4451.jpg","width":828,"height":721},{"@type":"BreadcrumbList","@id":"https:\/\/maetinganoticias.com\/index.php\/2025\/09\/21\/acidente-em-maetinga-deixa-homem-gravemente-ferido\/#breadcrumb","itemListElement":[{"@type":"ListItem","position":1,"name":"In\u00edcio","item":"https:\/\/maetinganoticias.com\/"},{"@type":"ListItem","position":2,"name":"Acidente em Maetinga deixa homem gravemente ferido"}]},{"@type":"WebSite","@id":"https:\/\/maetinganoticias.com\/#website","url":"https:\/\/maetinganoticias.com\/","name":"Maetinga Not\u00edcias","description":"A Voz do Interior Baiano!","publisher":{"@id":"https:\/\/maetinganoticias.com\/#organization"},"potentialAction":[{"@type":"SearchAction","target":{"@type":"EntryPoint","urlTemplate":"https:\/\/maetinganoticias.com\/?s={search_term_string}"},"query-input":{"@type":"PropertyValueSpecification","valueRequired":true,"valueName":"search_term_string"}}],"inLanguage":"pt-BR"},{"@type":"Organization","@id":"https:\/\/maetinganoticias.com\/#organization","name":"Maetinga Not\u00edcias","url":"https:\/\/maetinganoticias.com\/","logo":{"@type":"ImageObject","inLanguage":"pt-BR","@id":"https:\/\/maetinganoticias.com\/#\/schema\/logo\/image\/","url":"https:\/\/maetinganoticias.com\/wp-content\/uploads\/2023\/07\/cropped-cropped-cropped-cropped-BUSINESS-3-42-1.png","contentUrl":"https:\/\/maetinganoticias.com\/wp-content\/uploads\/2023\/07\/cropped-cropped-cropped-cropped-BUSINESS-3-42-1.png","width":485,"height":109,"caption":"Maetinga Not\u00edcias"},"image":{"@id":"https:\/\/maetinganoticias.com\/#\/schema\/logo\/image\/"}},{"@type":"Person","@id":"https:\/\/maetinganoticias.com\/#\/schema\/person\/968cf95e67a6810fc7fb35bbc9016962","name":"Maetinga Not\u00edcias","image":{"@type":"ImageObject","inLanguage":"pt-BR","@id":"https:\/\/secure.gravatar.com\/avatar\/32e078313a5ca37a6c8d44e716ed4f9e87ecfde7222d2b88a1424bd49654f187?s=96&d=mm&r=g","url":"https:\/\/secure.gravatar.com\/avatar\/32e078313a5ca37a6c8d44e716ed4f9e87ecfde7222d2b88a1424bd49654f187?s=96&d=mm&r=g","contentUrl":"https:\/\/secure.gravatar.com\/avatar\/32e078313a5ca37a6c8d44e716ed4f9e87ecfde7222d2b88a1424bd49654f187?s=96&d=mm&r=g","caption":"Maetinga Not\u00edcias"},"description":"A voz do Interior Baiano!","sameAs":["https:\/\/maetinganoticias.com","https:\/\/www.instagram.com\/blogmaetinganoticias\/"],"url":"https:\/\/maetinganoticias.com\/index.php\/author\/carlosvianna13\/"}]}},"_links":{"self":[{"href":"https:\/\/maetinganoticias.com\/index.php\/wp-json\/wp\/v2\/posts\/8794","targetHints":{"allow":["GET"]}}],"collection":[{"href":"https:\/\/maetinganoticias.com\/index.php\/wp-json\/wp\/v2\/posts"}],"about":[{"href":"https:\/\/maetinganoticias.com\/index.php\/wp-json\/wp\/v2\/types\/post"}],"author":[{"embeddable":true,"href":"https:\/\/maetinganoticias.com\/index.php\/wp-json\/wp\/v2\/users\/1"}],"replies":[{"embeddable":true,"href":"https:\/\/maetinganoticias.com\/index.php\/wp-json\/wp\/v2\/comments?post=8794"}],"version-history":[{"count":1,"href":"https:\/\/maetinganoticias.com\/index.php\/wp-json\/wp\/v2\/posts\/8794\/revisions"}],"predecessor-version":[{"id":8795,"href":"https:\/\/maetinganoticias.com\/index.php\/wp-json\/wp\/v2\/posts\/8794\/revisions\/8795"}],"wp:featuredmedia":[{"embeddable":true,"href":"https:\/\/maetinganoticias.com\/index.php\/wp-json\/wp\/v2\/media\/8793"}],"wp:attachment":[{"href":"https:\/\/maetinganoticias.com\/index.php\/wp-json\/wp\/v2\/media?parent=8794"}],"wp:term":[{"taxonomy":"category","embeddable":true,"href":"https:\/\/maetinganoticias.com\/index.php\/wp-json\/wp\/v2\/categories?post=8794"},{"taxonomy":"post_tag","embeddable":true,"href":"https:\/\/maetinganoticias.com\/index.php\/wp-json\/wp\/v2\/tags?post=8794"}],"curies":[{"name":"wp","href":"https:\/\/api.w.org\/{rel}","templated":true}]}}