{"id":8747,"date":"2025-09-19T19:36:26","date_gmt":"2025-09-19T22:36:26","guid":{"rendered":"https:\/\/maetinganoticias.com\/?p=8747"},"modified":"2025-09-19T19:36:27","modified_gmt":"2025-09-19T22:36:27","slug":"quinho-tigre-participa-de-entrega-do-creas-em-ribeirao-do-largo","status":"publish","type":"post","link":"https:\/\/maetinganoticias.com\/index.php\/2025\/09\/19\/quinho-tigre-participa-de-entrega-do-creas-em-ribeirao-do-largo\/","title":{"rendered":"Quinho Tigre participa de entrega do CREAS em Ribeir\u00e3o do Largo"},"content":{"rendered":"\n<p>O pr\u00e9-candidato a deputado estadual <strong>Quinho Tigre<\/strong>, ex-prefeito de Belo Campo esteve nessa sexta-feira em <strong>Ribeir\u00e3o do Largo<\/strong>, onde participou da entrega do <strong>CREAS \u2013 Centro de Refer\u00eancia Especializado de Assist\u00eancia Social<\/strong>. O ato contou com a presen\u00e7a da prefeita <strong>Zuina<\/strong>, de lideran\u00e7as pol\u00edticas locais, que refor\u00e7ou apoio \u00e0 iniciativa.<\/p>\n\n\n\n<p>Durante o evento, Quinho Tigre ressaltou a import\u00e2ncia do novo equipamento para o munic\u00edpio:<\/p>\n\n\n\n<p><strong><em>\u201cO CREAS \u00e9 muito mais do que uma obra. Ele representa acolhimento, cuidado e prote\u00e7\u00e3o para fam\u00edlias e indiv\u00edduos em situa\u00e7\u00e3o de vulnerabilidade. \u00c9 a presen\u00e7a concreta do poder p\u00fablico ao lado do povo, oferecendo caminhos de supera\u00e7\u00e3o\u201d<\/em><\/strong>, afirmou.<\/p>\n\n\n\n<p>O espa\u00e7o vai oferecer <strong>atendimento especializado, orienta\u00e7\u00e3o e apoio<\/strong> a pessoas em situa\u00e7\u00e3o de risco social, fortalecendo a rede de prote\u00e7\u00e3o e garantindo acesso a direitos b\u00e1sicos.<\/p>\n\n\n\n<p>Segundo Quinho Tigre, a entrega em Ribeir\u00e3o do Largo \u00e9 uma prova de que a uni\u00e3o de for\u00e7as pode transformar realidades:<\/p>\n\n\n\n<p><strong><em>\u201cVer de perto essa conquista refor\u00e7a a certeza de que, quando caminhamos juntos, conseguimos fortalecer a assist\u00eancia social em nossa Bahia. Seguiremos trabalhando para que mais realiza\u00e7\u00f5es como essa cheguem a cada munic\u00edpio\u201d<\/em><\/strong>, completou o pr\u00e9-candidato.<\/p>\n\n\n\n<p>A inaugura\u00e7\u00e3o do CREAS foi celebrada como um avan\u00e7o significativo para a assist\u00eancia social no munic\u00edpio, consolidando parcerias entre lideran\u00e7as locais e estaduais em prol da popula\u00e7\u00e3o.<\/p>\n\n\n\n<figure class=\"wp-block-image size-large\"><img loading=\"lazy\" decoding=\"async\" width=\"768\" height=\"1024\" src=\"https:\/\/maetinganoticias.com\/wp-content\/uploads\/2025\/09\/SaveClip.App_551826461_18402891412141048_5314370366884481679_n-768x1024.jpg\" alt=\"\" class=\"wp-image-8748\" srcset=\"https:\/\/maetinganoticias.com\/wp-content\/uploads\/2025\/09\/SaveClip.App_551826461_18402891412141048_5314370366884481679_n-768x1024.jpg 768w, https:\/\/maetinganoticias.com\/wp-content\/uploads\/2025\/09\/SaveClip.App_551826461_18402891412141048_5314370366884481679_n-225x300.jpg 225w, https:\/\/maetinganoticias.com\/wp-content\/uploads\/2025\/09\/SaveClip.App_551826461_18402891412141048_5314370366884481679_n-315x420.jpg 315w, https:\/\/maetinganoticias.com\/wp-content\/uploads\/2025\/09\/SaveClip.App_551826461_18402891412141048_5314370366884481679_n-150x200.jpg 150w, https:\/\/maetinganoticias.com\/wp-content\/uploads\/2025\/09\/SaveClip.App_551826461_18402891412141048_5314370366884481679_n-300x400.jpg 300w, https:\/\/maetinganoticias.com\/wp-content\/uploads\/2025\/09\/SaveClip.App_551826461_18402891412141048_5314370366884481679_n-696x928.jpg 696w, https:\/\/maetinganoticias.com\/wp-content\/uploads\/2025\/09\/SaveClip.App_551826461_18402891412141048_5314370366884481679_n-1068x1424.jpg 1068w, https:\/\/maetinganoticias.com\/wp-content\/uploads\/2025\/09\/SaveClip.App_551826461_18402891412141048_5314370366884481679_n.jpg 1080w\" sizes=\"auto, (max-width: 768px) 100vw, 768px\" \/><\/figure>\n\n\n\n<figure class=\"wp-block-image size-large\"><img loading=\"lazy\" decoding=\"async\" width=\"768\" height=\"1024\" src=\"https:\/\/maetinganoticias.com\/wp-content\/uploads\/2025\/09\/SaveClip.App_551389144_18402891421141048_4669399500306757707_n-768x1024.jpg\" alt=\"\" class=\"wp-image-8749\" srcset=\"https:\/\/maetinganoticias.com\/wp-content\/uploads\/2025\/09\/SaveClip.App_551389144_18402891421141048_4669399500306757707_n-768x1024.jpg 768w, https:\/\/maetinganoticias.com\/wp-content\/uploads\/2025\/09\/SaveClip.App_551389144_18402891421141048_4669399500306757707_n-225x300.jpg 225w, https:\/\/maetinganoticias.com\/wp-content\/uploads\/2025\/09\/SaveClip.App_551389144_18402891421141048_4669399500306757707_n-315x420.jpg 315w, https:\/\/maetinganoticias.com\/wp-content\/uploads\/2025\/09\/SaveClip.App_551389144_18402891421141048_4669399500306757707_n-150x200.jpg 150w, https:\/\/maetinganoticias.com\/wp-content\/uploads\/2025\/09\/SaveClip.App_551389144_18402891421141048_4669399500306757707_n-300x400.jpg 300w, https:\/\/maetinganoticias.com\/wp-content\/uploads\/2025\/09\/SaveClip.App_551389144_18402891421141048_4669399500306757707_n-696x928.jpg 696w, https:\/\/maetinganoticias.com\/wp-content\/uploads\/2025\/09\/SaveClip.App_551389144_18402891421141048_4669399500306757707_n.jpg 864w\" sizes=\"auto, (max-width: 768px) 100vw, 768px\" \/><\/figure>\n\n\n\n<figure class=\"wp-block-image size-large\"><img loading=\"lazy\" decoding=\"async\" width=\"769\" height=\"1024\" src=\"https:\/\/maetinganoticias.com\/wp-content\/uploads\/2025\/09\/SaveClip.App_551498411_18402891376141048_3395258656582685415_n-769x1024.jpg\" alt=\"\" class=\"wp-image-8751\" srcset=\"https:\/\/maetinganoticias.com\/wp-content\/uploads\/2025\/09\/SaveClip.App_551498411_18402891376141048_3395258656582685415_n-769x1024.jpg 769w, https:\/\/maetinganoticias.com\/wp-content\/uploads\/2025\/09\/SaveClip.App_551498411_18402891376141048_3395258656582685415_n-225x300.jpg 225w, https:\/\/maetinganoticias.com\/wp-content\/uploads\/2025\/09\/SaveClip.App_551498411_18402891376141048_3395258656582685415_n-768x1023.jpg 768w, https:\/\/maetinganoticias.com\/wp-content\/uploads\/2025\/09\/SaveClip.App_551498411_18402891376141048_3395258656582685415_n-315x420.jpg 315w, https:\/\/maetinganoticias.com\/wp-content\/uploads\/2025\/09\/SaveClip.App_551498411_18402891376141048_3395258656582685415_n-150x200.jpg 150w, https:\/\/maetinganoticias.com\/wp-content\/uploads\/2025\/09\/SaveClip.App_551498411_18402891376141048_3395258656582685415_n-300x399.jpg 300w, https:\/\/maetinganoticias.com\/wp-content\/uploads\/2025\/09\/SaveClip.App_551498411_18402891376141048_3395258656582685415_n-696x927.jpg 696w, https:\/\/maetinganoticias.com\/wp-content\/uploads\/2025\/09\/SaveClip.App_551498411_18402891376141048_3395258656582685415_n-1068x1422.jpg 1068w, https:\/\/maetinganoticias.com\/wp-content\/uploads\/2025\/09\/SaveClip.App_551498411_18402891376141048_3395258656582685415_n.jpg 1080w\" sizes=\"auto, (max-width: 769px) 100vw, 769px\" \/><\/figure>\n","protected":false},"excerpt":{"rendered":"<p>O pr\u00e9-candidato a deputado estadual Quinho Tigre, ex-prefeito de Belo Campo esteve nessa sexta-feira em Ribeir\u00e3o do Largo, onde participou da entrega do CREAS \u2013 Centro de Refer\u00eancia Especializado de Assist\u00eancia Social. O ato contou com a presen\u00e7a da prefeita Zuina, de lideran\u00e7as pol\u00edticas locais, que refor\u00e7ou apoio \u00e0 iniciativa. Durante o evento, Quinho Tigre [&hellip;]<\/p>\n","protected":false},"author":1,"featured_media":8752,"comment_status":"open","ping_status":"open","sticky":false,"template":"","format":"standard","meta":{"om_disable_all_campaigns":false,"_monsterinsights_skip_tracking":false,"_monsterinsights_sitenote_active":false,"_monsterinsights_sitenote_note":"","_monsterinsights_sitenote_category":0,"_uf_show_specific_survey":0,"_uf_disable_surveys":false,"footnotes":""},"categories":[1524],"tags":[],"class_list":{"0":"post-8747","1":"post","2":"type-post","3":"status-publish","4":"format-standard","5":"has-post-thumbnail","7":"category-ribeirao-do-largo"},"yoast_head":"<!-- This site is optimized with the Yoast SEO plugin v27.4 - https:\/\/yoast.com\/product\/yoast-seo-wordpress\/ -->\n<title>Quinho Tigre participa de entrega do CREAS em Ribeir\u00e3o do Largo - Maetinga Not\u00edcias<\/title>\n<meta name=\"robots\" content=\"index, follow, max-snippet:-1, max-image-preview:large, max-video-preview:-1\" \/>\n<link rel=\"canonical\" href=\"https:\/\/maetinganoticias.com\/index.php\/2025\/09\/19\/quinho-tigre-participa-de-entrega-do-creas-em-ribeirao-do-largo\/\" \/>\n<meta property=\"og:locale\" content=\"pt_BR\" \/>\n<meta property=\"og:type\" content=\"article\" \/>\n<meta property=\"og:title\" content=\"Quinho Tigre participa de entrega do CREAS em Ribeir\u00e3o do Largo - Maetinga Not\u00edcias\" \/>\n<meta property=\"og:description\" content=\"O pr\u00e9-candidato a deputado estadual Quinho Tigre, ex-prefeito de Belo Campo esteve nessa sexta-feira em Ribeir\u00e3o do Largo, onde participou da entrega do CREAS \u2013 Centro de Refer\u00eancia Especializado de Assist\u00eancia Social. O ato contou com a presen\u00e7a da prefeita Zuina, de lideran\u00e7as pol\u00edticas locais, que refor\u00e7ou apoio \u00e0 iniciativa. Durante o evento, Quinho Tigre [&hellip;]\" \/>\n<meta property=\"og:url\" content=\"https:\/\/maetinganoticias.com\/index.php\/2025\/09\/19\/quinho-tigre-participa-de-entrega-do-creas-em-ribeirao-do-largo\/\" \/>\n<meta property=\"og:site_name\" content=\"Maetinga Not\u00edcias\" \/>\n<meta property=\"article:published_time\" content=\"2025-09-19T22:36:26+00:00\" \/>\n<meta property=\"article:modified_time\" content=\"2025-09-19T22:36:27+00:00\" \/>\n<meta property=\"og:image\" content=\"https:\/\/maetinganoticias.com\/wp-content\/uploads\/2025\/09\/SaveClip.App_551508646_18402891367141048_484332281589088984_n.jpg\" \/>\n\t<meta property=\"og:image:width\" content=\"864\" \/>\n\t<meta property=\"og:image:height\" content=\"1152\" \/>\n\t<meta property=\"og:image:type\" content=\"image\/jpeg\" \/>\n<meta name=\"author\" content=\"Maetinga Not\u00edcias\" \/>\n<meta name=\"twitter:card\" content=\"summary_large_image\" \/>\n<meta name=\"twitter:label1\" content=\"Escrito por\" \/>\n\t<meta name=\"twitter:data1\" content=\"Maetinga Not\u00edcias\" \/>\n\t<meta name=\"twitter:label2\" content=\"Est. tempo de leitura\" \/>\n\t<meta name=\"twitter:data2\" content=\"2 minutos\" \/>\n<script type=\"application\/ld+json\" class=\"yoast-schema-graph\">{\"@context\":\"https:\\\/\\\/schema.org\",\"@graph\":[{\"@type\":[\"Article\",\"BlogPosting\"],\"@id\":\"https:\\\/\\\/maetinganoticias.com\\\/index.php\\\/2025\\\/09\\\/19\\\/quinho-tigre-participa-de-entrega-do-creas-em-ribeirao-do-largo\\\/#article\",\"isPartOf\":{\"@id\":\"https:\\\/\\\/maetinganoticias.com\\\/index.php\\\/2025\\\/09\\\/19\\\/quinho-tigre-participa-de-entrega-do-creas-em-ribeirao-do-largo\\\/\"},\"author\":{\"name\":\"Maetinga Not\u00edcias\",\"@id\":\"https:\\\/\\\/maetinganoticias.com\\\/#\\\/schema\\\/person\\\/968cf95e67a6810fc7fb35bbc9016962\"},\"headline\":\"Quinho Tigre participa de entrega do CREAS em Ribeir\u00e3o do Largo\",\"datePublished\":\"2025-09-19T22:36:26+00:00\",\"dateModified\":\"2025-09-19T22:36:27+00:00\",\"mainEntityOfPage\":{\"@id\":\"https:\\\/\\\/maetinganoticias.com\\\/index.php\\\/2025\\\/09\\\/19\\\/quinho-tigre-participa-de-entrega-do-creas-em-ribeirao-do-largo\\\/\"},\"wordCount\":257,\"commentCount\":0,\"publisher\":{\"@id\":\"https:\\\/\\\/maetinganoticias.com\\\/#organization\"},\"image\":{\"@id\":\"https:\\\/\\\/maetinganoticias.com\\\/index.php\\\/2025\\\/09\\\/19\\\/quinho-tigre-participa-de-entrega-do-creas-em-ribeirao-do-largo\\\/#primaryimage\"},\"thumbnailUrl\":\"https:\\\/\\\/maetinganoticias.com\\\/wp-content\\\/uploads\\\/2025\\\/09\\\/SaveClip.App_551508646_18402891367141048_484332281589088984_n.jpg\",\"articleSection\":[\"RIBEIR\u00c3O DO LARGO\"],\"inLanguage\":\"pt-BR\",\"potentialAction\":[{\"@type\":\"CommentAction\",\"name\":\"Comment\",\"target\":[\"https:\\\/\\\/maetinganoticias.com\\\/index.php\\\/2025\\\/09\\\/19\\\/quinho-tigre-participa-de-entrega-do-creas-em-ribeirao-do-largo\\\/#respond\"]}]},{\"@type\":\"WebPage\",\"@id\":\"https:\\\/\\\/maetinganoticias.com\\\/index.php\\\/2025\\\/09\\\/19\\\/quinho-tigre-participa-de-entrega-do-creas-em-ribeirao-do-largo\\\/\",\"url\":\"https:\\\/\\\/maetinganoticias.com\\\/index.php\\\/2025\\\/09\\\/19\\\/quinho-tigre-participa-de-entrega-do-creas-em-ribeirao-do-largo\\\/\",\"name\":\"Quinho Tigre participa de entrega do CREAS em Ribeir\u00e3o do Largo - Maetinga Not\u00edcias\",\"isPartOf\":{\"@id\":\"https:\\\/\\\/maetinganoticias.com\\\/#website\"},\"primaryImageOfPage\":{\"@id\":\"https:\\\/\\\/maetinganoticias.com\\\/index.php\\\/2025\\\/09\\\/19\\\/quinho-tigre-participa-de-entrega-do-creas-em-ribeirao-do-largo\\\/#primaryimage\"},\"image\":{\"@id\":\"https:\\\/\\\/maetinganoticias.com\\\/index.php\\\/2025\\\/09\\\/19\\\/quinho-tigre-participa-de-entrega-do-creas-em-ribeirao-do-largo\\\/#primaryimage\"},\"thumbnailUrl\":\"https:\\\/\\\/maetinganoticias.com\\\/wp-content\\\/uploads\\\/2025\\\/09\\\/SaveClip.App_551508646_18402891367141048_484332281589088984_n.jpg\",\"datePublished\":\"2025-09-19T22:36:26+00:00\",\"dateModified\":\"2025-09-19T22:36:27+00:00\",\"breadcrumb\":{\"@id\":\"https:\\\/\\\/maetinganoticias.com\\\/index.php\\\/2025\\\/09\\\/19\\\/quinho-tigre-participa-de-entrega-do-creas-em-ribeirao-do-largo\\\/#breadcrumb\"},\"inLanguage\":\"pt-BR\",\"potentialAction\":[{\"@type\":\"ReadAction\",\"target\":[\"https:\\\/\\\/maetinganoticias.com\\\/index.php\\\/2025\\\/09\\\/19\\\/quinho-tigre-participa-de-entrega-do-creas-em-ribeirao-do-largo\\\/\"]}]},{\"@type\":\"ImageObject\",\"inLanguage\":\"pt-BR\",\"@id\":\"https:\\\/\\\/maetinganoticias.com\\\/index.php\\\/2025\\\/09\\\/19\\\/quinho-tigre-participa-de-entrega-do-creas-em-ribeirao-do-largo\\\/#primaryimage\",\"url\":\"https:\\\/\\\/maetinganoticias.com\\\/wp-content\\\/uploads\\\/2025\\\/09\\\/SaveClip.App_551508646_18402891367141048_484332281589088984_n.jpg\",\"contentUrl\":\"https:\\\/\\\/maetinganoticias.com\\\/wp-content\\\/uploads\\\/2025\\\/09\\\/SaveClip.App_551508646_18402891367141048_484332281589088984_n.jpg\",\"width\":864,\"height\":1152},{\"@type\":\"BreadcrumbList\",\"@id\":\"https:\\\/\\\/maetinganoticias.com\\\/index.php\\\/2025\\\/09\\\/19\\\/quinho-tigre-participa-de-entrega-do-creas-em-ribeirao-do-largo\\\/#breadcrumb\",\"itemListElement\":[{\"@type\":\"ListItem\",\"position\":1,\"name\":\"In\u00edcio\",\"item\":\"https:\\\/\\\/maetinganoticias.com\\\/\"},{\"@type\":\"ListItem\",\"position\":2,\"name\":\"Quinho Tigre participa de entrega do CREAS em Ribeir\u00e3o do Largo\"}]},{\"@type\":\"WebSite\",\"@id\":\"https:\\\/\\\/maetinganoticias.com\\\/#website\",\"url\":\"https:\\\/\\\/maetinganoticias.com\\\/\",\"name\":\"Maetinga Not\u00edcias\",\"description\":\"A Voz do Interior Baiano!\",\"publisher\":{\"@id\":\"https:\\\/\\\/maetinganoticias.com\\\/#organization\"},\"potentialAction\":[{\"@type\":\"SearchAction\",\"target\":{\"@type\":\"EntryPoint\",\"urlTemplate\":\"https:\\\/\\\/maetinganoticias.com\\\/?s={search_term_string}\"},\"query-input\":{\"@type\":\"PropertyValueSpecification\",\"valueRequired\":true,\"valueName\":\"search_term_string\"}}],\"inLanguage\":\"pt-BR\"},{\"@type\":\"Organization\",\"@id\":\"https:\\\/\\\/maetinganoticias.com\\\/#organization\",\"name\":\"Maetinga Not\u00edcias\",\"url\":\"https:\\\/\\\/maetinganoticias.com\\\/\",\"logo\":{\"@type\":\"ImageObject\",\"inLanguage\":\"pt-BR\",\"@id\":\"https:\\\/\\\/maetinganoticias.com\\\/#\\\/schema\\\/logo\\\/image\\\/\",\"url\":\"https:\\\/\\\/maetinganoticias.com\\\/wp-content\\\/uploads\\\/2023\\\/07\\\/cropped-cropped-cropped-cropped-BUSINESS-3-42-1.png\",\"contentUrl\":\"https:\\\/\\\/maetinganoticias.com\\\/wp-content\\\/uploads\\\/2023\\\/07\\\/cropped-cropped-cropped-cropped-BUSINESS-3-42-1.png\",\"width\":485,\"height\":109,\"caption\":\"Maetinga Not\u00edcias\"},\"image\":{\"@id\":\"https:\\\/\\\/maetinganoticias.com\\\/#\\\/schema\\\/logo\\\/image\\\/\"}},{\"@type\":\"Person\",\"@id\":\"https:\\\/\\\/maetinganoticias.com\\\/#\\\/schema\\\/person\\\/968cf95e67a6810fc7fb35bbc9016962\",\"name\":\"Maetinga Not\u00edcias\",\"image\":{\"@type\":\"ImageObject\",\"inLanguage\":\"pt-BR\",\"@id\":\"https:\\\/\\\/secure.gravatar.com\\\/avatar\\\/32e078313a5ca37a6c8d44e716ed4f9e87ecfde7222d2b88a1424bd49654f187?s=96&d=mm&r=g\",\"url\":\"https:\\\/\\\/secure.gravatar.com\\\/avatar\\\/32e078313a5ca37a6c8d44e716ed4f9e87ecfde7222d2b88a1424bd49654f187?s=96&d=mm&r=g\",\"contentUrl\":\"https:\\\/\\\/secure.gravatar.com\\\/avatar\\\/32e078313a5ca37a6c8d44e716ed4f9e87ecfde7222d2b88a1424bd49654f187?s=96&d=mm&r=g\",\"caption\":\"Maetinga Not\u00edcias\"},\"description\":\"A voz do Interior Baiano!\",\"sameAs\":[\"https:\\\/\\\/maetinganoticias.com\",\"https:\\\/\\\/www.instagram.com\\\/blogmaetinganoticias\\\/\"],\"url\":\"https:\\\/\\\/maetinganoticias.com\\\/index.php\\\/author\\\/carlosvianna13\\\/\"}]}<\/script>\n<!-- \/ Yoast SEO plugin. -->","yoast_head_json":{"title":"Quinho Tigre participa de entrega do CREAS em Ribeir\u00e3o do Largo - Maetinga Not\u00edcias","robots":{"index":"index","follow":"follow","max-snippet":"max-snippet:-1","max-image-preview":"max-image-preview:large","max-video-preview":"max-video-preview:-1"},"canonical":"https:\/\/maetinganoticias.com\/index.php\/2025\/09\/19\/quinho-tigre-participa-de-entrega-do-creas-em-ribeirao-do-largo\/","og_locale":"pt_BR","og_type":"article","og_title":"Quinho Tigre participa de entrega do CREAS em Ribeir\u00e3o do Largo - Maetinga Not\u00edcias","og_description":"O pr\u00e9-candidato a deputado estadual Quinho Tigre, ex-prefeito de Belo Campo esteve nessa sexta-feira em Ribeir\u00e3o do Largo, onde participou da entrega do CREAS \u2013 Centro de Refer\u00eancia Especializado de Assist\u00eancia Social. O ato contou com a presen\u00e7a da prefeita Zuina, de lideran\u00e7as pol\u00edticas locais, que refor\u00e7ou apoio \u00e0 iniciativa. Durante o evento, Quinho Tigre [&hellip;]","og_url":"https:\/\/maetinganoticias.com\/index.php\/2025\/09\/19\/quinho-tigre-participa-de-entrega-do-creas-em-ribeirao-do-largo\/","og_site_name":"Maetinga Not\u00edcias","article_published_time":"2025-09-19T22:36:26+00:00","article_modified_time":"2025-09-19T22:36:27+00:00","og_image":[{"width":864,"height":1152,"url":"https:\/\/maetinganoticias.com\/wp-content\/uploads\/2025\/09\/SaveClip.App_551508646_18402891367141048_484332281589088984_n.jpg","type":"image\/jpeg"}],"author":"Maetinga Not\u00edcias","twitter_card":"summary_large_image","twitter_misc":{"Escrito por":"Maetinga Not\u00edcias","Est. tempo de leitura":"2 minutos"},"schema":{"@context":"https:\/\/schema.org","@graph":[{"@type":["Article","BlogPosting"],"@id":"https:\/\/maetinganoticias.com\/index.php\/2025\/09\/19\/quinho-tigre-participa-de-entrega-do-creas-em-ribeirao-do-largo\/#article","isPartOf":{"@id":"https:\/\/maetinganoticias.com\/index.php\/2025\/09\/19\/quinho-tigre-participa-de-entrega-do-creas-em-ribeirao-do-largo\/"},"author":{"name":"Maetinga Not\u00edcias","@id":"https:\/\/maetinganoticias.com\/#\/schema\/person\/968cf95e67a6810fc7fb35bbc9016962"},"headline":"Quinho Tigre participa de entrega do CREAS em Ribeir\u00e3o do Largo","datePublished":"2025-09-19T22:36:26+00:00","dateModified":"2025-09-19T22:36:27+00:00","mainEntityOfPage":{"@id":"https:\/\/maetinganoticias.com\/index.php\/2025\/09\/19\/quinho-tigre-participa-de-entrega-do-creas-em-ribeirao-do-largo\/"},"wordCount":257,"commentCount":0,"publisher":{"@id":"https:\/\/maetinganoticias.com\/#organization"},"image":{"@id":"https:\/\/maetinganoticias.com\/index.php\/2025\/09\/19\/quinho-tigre-participa-de-entrega-do-creas-em-ribeirao-do-largo\/#primaryimage"},"thumbnailUrl":"https:\/\/maetinganoticias.com\/wp-content\/uploads\/2025\/09\/SaveClip.App_551508646_18402891367141048_484332281589088984_n.jpg","articleSection":["RIBEIR\u00c3O DO LARGO"],"inLanguage":"pt-BR","potentialAction":[{"@type":"CommentAction","name":"Comment","target":["https:\/\/maetinganoticias.com\/index.php\/2025\/09\/19\/quinho-tigre-participa-de-entrega-do-creas-em-ribeirao-do-largo\/#respond"]}]},{"@type":"WebPage","@id":"https:\/\/maetinganoticias.com\/index.php\/2025\/09\/19\/quinho-tigre-participa-de-entrega-do-creas-em-ribeirao-do-largo\/","url":"https:\/\/maetinganoticias.com\/index.php\/2025\/09\/19\/quinho-tigre-participa-de-entrega-do-creas-em-ribeirao-do-largo\/","name":"Quinho Tigre participa de entrega do CREAS em Ribeir\u00e3o do Largo - Maetinga Not\u00edcias","isPartOf":{"@id":"https:\/\/maetinganoticias.com\/#website"},"primaryImageOfPage":{"@id":"https:\/\/maetinganoticias.com\/index.php\/2025\/09\/19\/quinho-tigre-participa-de-entrega-do-creas-em-ribeirao-do-largo\/#primaryimage"},"image":{"@id":"https:\/\/maetinganoticias.com\/index.php\/2025\/09\/19\/quinho-tigre-participa-de-entrega-do-creas-em-ribeirao-do-largo\/#primaryimage"},"thumbnailUrl":"https:\/\/maetinganoticias.com\/wp-content\/uploads\/2025\/09\/SaveClip.App_551508646_18402891367141048_484332281589088984_n.jpg","datePublished":"2025-09-19T22:36:26+00:00","dateModified":"2025-09-19T22:36:27+00:00","breadcrumb":{"@id":"https:\/\/maetinganoticias.com\/index.php\/2025\/09\/19\/quinho-tigre-participa-de-entrega-do-creas-em-ribeirao-do-largo\/#breadcrumb"},"inLanguage":"pt-BR","potentialAction":[{"@type":"ReadAction","target":["https:\/\/maetinganoticias.com\/index.php\/2025\/09\/19\/quinho-tigre-participa-de-entrega-do-creas-em-ribeirao-do-largo\/"]}]},{"@type":"ImageObject","inLanguage":"pt-BR","@id":"https:\/\/maetinganoticias.com\/index.php\/2025\/09\/19\/quinho-tigre-participa-de-entrega-do-creas-em-ribeirao-do-largo\/#primaryimage","url":"https:\/\/maetinganoticias.com\/wp-content\/uploads\/2025\/09\/SaveClip.App_551508646_18402891367141048_484332281589088984_n.jpg","contentUrl":"https:\/\/maetinganoticias.com\/wp-content\/uploads\/2025\/09\/SaveClip.App_551508646_18402891367141048_484332281589088984_n.jpg","width":864,"height":1152},{"@type":"BreadcrumbList","@id":"https:\/\/maetinganoticias.com\/index.php\/2025\/09\/19\/quinho-tigre-participa-de-entrega-do-creas-em-ribeirao-do-largo\/#breadcrumb","itemListElement":[{"@type":"ListItem","position":1,"name":"In\u00edcio","item":"https:\/\/maetinganoticias.com\/"},{"@type":"ListItem","position":2,"name":"Quinho Tigre participa de entrega do CREAS em Ribeir\u00e3o do Largo"}]},{"@type":"WebSite","@id":"https:\/\/maetinganoticias.com\/#website","url":"https:\/\/maetinganoticias.com\/","name":"Maetinga Not\u00edcias","description":"A Voz do Interior Baiano!","publisher":{"@id":"https:\/\/maetinganoticias.com\/#organization"},"potentialAction":[{"@type":"SearchAction","target":{"@type":"EntryPoint","urlTemplate":"https:\/\/maetinganoticias.com\/?s={search_term_string}"},"query-input":{"@type":"PropertyValueSpecification","valueRequired":true,"valueName":"search_term_string"}}],"inLanguage":"pt-BR"},{"@type":"Organization","@id":"https:\/\/maetinganoticias.com\/#organization","name":"Maetinga Not\u00edcias","url":"https:\/\/maetinganoticias.com\/","logo":{"@type":"ImageObject","inLanguage":"pt-BR","@id":"https:\/\/maetinganoticias.com\/#\/schema\/logo\/image\/","url":"https:\/\/maetinganoticias.com\/wp-content\/uploads\/2023\/07\/cropped-cropped-cropped-cropped-BUSINESS-3-42-1.png","contentUrl":"https:\/\/maetinganoticias.com\/wp-content\/uploads\/2023\/07\/cropped-cropped-cropped-cropped-BUSINESS-3-42-1.png","width":485,"height":109,"caption":"Maetinga Not\u00edcias"},"image":{"@id":"https:\/\/maetinganoticias.com\/#\/schema\/logo\/image\/"}},{"@type":"Person","@id":"https:\/\/maetinganoticias.com\/#\/schema\/person\/968cf95e67a6810fc7fb35bbc9016962","name":"Maetinga Not\u00edcias","image":{"@type":"ImageObject","inLanguage":"pt-BR","@id":"https:\/\/secure.gravatar.com\/avatar\/32e078313a5ca37a6c8d44e716ed4f9e87ecfde7222d2b88a1424bd49654f187?s=96&d=mm&r=g","url":"https:\/\/secure.gravatar.com\/avatar\/32e078313a5ca37a6c8d44e716ed4f9e87ecfde7222d2b88a1424bd49654f187?s=96&d=mm&r=g","contentUrl":"https:\/\/secure.gravatar.com\/avatar\/32e078313a5ca37a6c8d44e716ed4f9e87ecfde7222d2b88a1424bd49654f187?s=96&d=mm&r=g","caption":"Maetinga Not\u00edcias"},"description":"A voz do Interior Baiano!","sameAs":["https:\/\/maetinganoticias.com","https:\/\/www.instagram.com\/blogmaetinganoticias\/"],"url":"https:\/\/maetinganoticias.com\/index.php\/author\/carlosvianna13\/"}]}},"_links":{"self":[{"href":"https:\/\/maetinganoticias.com\/index.php\/wp-json\/wp\/v2\/posts\/8747","targetHints":{"allow":["GET"]}}],"collection":[{"href":"https:\/\/maetinganoticias.com\/index.php\/wp-json\/wp\/v2\/posts"}],"about":[{"href":"https:\/\/maetinganoticias.com\/index.php\/wp-json\/wp\/v2\/types\/post"}],"author":[{"embeddable":true,"href":"https:\/\/maetinganoticias.com\/index.php\/wp-json\/wp\/v2\/users\/1"}],"replies":[{"embeddable":true,"href":"https:\/\/maetinganoticias.com\/index.php\/wp-json\/wp\/v2\/comments?post=8747"}],"version-history":[{"count":1,"href":"https:\/\/maetinganoticias.com\/index.php\/wp-json\/wp\/v2\/posts\/8747\/revisions"}],"predecessor-version":[{"id":8753,"href":"https:\/\/maetinganoticias.com\/index.php\/wp-json\/wp\/v2\/posts\/8747\/revisions\/8753"}],"wp:featuredmedia":[{"embeddable":true,"href":"https:\/\/maetinganoticias.com\/index.php\/wp-json\/wp\/v2\/media\/8752"}],"wp:attachment":[{"href":"https:\/\/maetinganoticias.com\/index.php\/wp-json\/wp\/v2\/media?parent=8747"}],"wp:term":[{"taxonomy":"category","embeddable":true,"href":"https:\/\/maetinganoticias.com\/index.php\/wp-json\/wp\/v2\/categories?post=8747"},{"taxonomy":"post_tag","embeddable":true,"href":"https:\/\/maetinganoticias.com\/index.php\/wp-json\/wp\/v2\/tags?post=8747"}],"curies":[{"name":"wp","href":"https:\/\/api.w.org\/{rel}","templated":true}]}}