{"id":8745,"date":"2025-09-19T12:44:06","date_gmt":"2025-09-19T15:44:06","guid":{"rendered":"https:\/\/maetinganoticias.com\/?p=8745"},"modified":"2025-09-19T12:44:06","modified_gmt":"2025-09-19T15:44:06","slug":"24-bpm-em-brumado-tera-novo-comandante-tenente-coronel-joceva-assume-pela-terceira-vez","status":"publish","type":"post","link":"https:\/\/maetinganoticias.com\/index.php\/2025\/09\/19\/24-bpm-em-brumado-tera-novo-comandante-tenente-coronel-joceva-assume-pela-terceira-vez\/","title":{"rendered":"24\u00b0 BPM em Brumado ter\u00e1 novo comandante: Tenente-Coronel Jocev\u00e3 assume pela terceira vez"},"content":{"rendered":"\n<p class=\"p3\">O 24\u00b0 Batalh\u00e3o de Pol\u00edcia Militar (BPM), sediado em Brumado, passar\u00e1 por mudan\u00e7as em seu comando. A altera\u00e7\u00e3o foi publicada no Di\u00e1rio Oficial do Estado nesta semana.<\/p>\n\n\n\n<p class=\"p3\">O Tenente-Coronel Eduardo Viana Moreira, que assumiu a unidade em dezembro de 2024, foi exonerado da fun\u00e7\u00e3o e designado para comandar o 9\u00b0 BPM, em Vit\u00f3ria da Conquista.<\/p>\n\n\n\n<p class=\"p3\">Para ocupar o posto em Brumado, foi nomeado o Tenente-Coronel Jocev\u00e3 Lima Oliveira. O oficial j\u00e1 possui ampla experi\u00eancia na regi\u00e3o, tendo chefiado a antiga 34\u00aa Companhia Independente de Pol\u00edcia Militar (CIPM) entre 2015 e 2017. Esta ser\u00e1 a terceira vez que Jocev\u00e3 estar\u00e1 \u00e0 frente de uma unidade da PM no munic\u00edpio.<\/p>\n\n\n\n<p class=\"p3\">A mudan\u00e7a refor\u00e7a a rotatividade de comandos dentro da Pol\u00edcia Militar da Bahia, pr\u00e1tica que busca alinhar estrat\u00e9gias de seguran\u00e7a p\u00fablica e garantir renova\u00e7\u00e3o na gest\u00e3o das unidades.<\/p>\n","protected":false},"excerpt":{"rendered":"<p>O 24\u00b0 Batalh\u00e3o de Pol\u00edcia Militar (BPM), sediado em Brumado, passar\u00e1 por mudan\u00e7as em seu comando. A altera\u00e7\u00e3o foi publicada no Di\u00e1rio Oficial do Estado nesta semana. O Tenente-Coronel Eduardo Viana Moreira, que assumiu a unidade em dezembro de 2024, foi exonerado da fun\u00e7\u00e3o e designado para comandar o 9\u00b0 BPM, em Vit\u00f3ria da Conquista. [&hellip;]<\/p>\n","protected":false},"author":1,"featured_media":8744,"comment_status":"closed","ping_status":"open","sticky":false,"template":"","format":"standard","meta":{"om_disable_all_campaigns":false,"_monsterinsights_skip_tracking":false,"_monsterinsights_sitenote_active":false,"_monsterinsights_sitenote_note":"","_monsterinsights_sitenote_category":0,"_uf_show_specific_survey":0,"_uf_disable_surveys":false,"footnotes":""},"categories":[42],"tags":[],"class_list":{"0":"post-8745","1":"post","2":"type-post","3":"status-publish","4":"format-standard","5":"has-post-thumbnail","7":"category-brumado"},"yoast_head":"<!-- This site is optimized with the Yoast SEO plugin v27.4 - https:\/\/yoast.com\/product\/yoast-seo-wordpress\/ -->\n<title>24\u00b0 BPM em Brumado ter\u00e1 novo comandante: Tenente-Coronel Jocev\u00e3 assume pela terceira vez - Maetinga Not\u00edcias<\/title>\n<meta name=\"robots\" content=\"index, follow, max-snippet:-1, max-image-preview:large, max-video-preview:-1\" \/>\n<link rel=\"canonical\" href=\"https:\/\/maetinganoticias.com\/index.php\/2025\/09\/19\/24-bpm-em-brumado-tera-novo-comandante-tenente-coronel-joceva-assume-pela-terceira-vez\/\" \/>\n<meta property=\"og:locale\" content=\"pt_BR\" \/>\n<meta property=\"og:type\" content=\"article\" \/>\n<meta property=\"og:title\" content=\"24\u00b0 BPM em Brumado ter\u00e1 novo comandante: Tenente-Coronel Jocev\u00e3 assume pela terceira vez - Maetinga Not\u00edcias\" \/>\n<meta property=\"og:description\" content=\"O 24\u00b0 Batalh\u00e3o de Pol\u00edcia Militar (BPM), sediado em Brumado, passar\u00e1 por mudan\u00e7as em seu comando. A altera\u00e7\u00e3o foi publicada no Di\u00e1rio Oficial do Estado nesta semana. O Tenente-Coronel Eduardo Viana Moreira, que assumiu a unidade em dezembro de 2024, foi exonerado da fun\u00e7\u00e3o e designado para comandar o 9\u00b0 BPM, em Vit\u00f3ria da Conquista. [&hellip;]\" \/>\n<meta property=\"og:url\" content=\"https:\/\/maetinganoticias.com\/index.php\/2025\/09\/19\/24-bpm-em-brumado-tera-novo-comandante-tenente-coronel-joceva-assume-pela-terceira-vez\/\" \/>\n<meta property=\"og:site_name\" content=\"Maetinga Not\u00edcias\" \/>\n<meta property=\"article:published_time\" content=\"2025-09-19T15:44:06+00:00\" \/>\n<meta property=\"og:image\" content=\"https:\/\/maetinganoticias.com\/wp-content\/uploads\/2025\/09\/img_4327.jpg\" \/>\n\t<meta property=\"og:image:width\" content=\"828\" \/>\n\t<meta property=\"og:image:height\" content=\"633\" \/>\n\t<meta property=\"og:image:type\" content=\"image\/jpeg\" \/>\n<meta name=\"author\" content=\"Maetinga Not\u00edcias\" \/>\n<meta name=\"twitter:card\" content=\"summary_large_image\" \/>\n<meta name=\"twitter:label1\" content=\"Escrito por\" \/>\n\t<meta name=\"twitter:data1\" content=\"Maetinga Not\u00edcias\" \/>\n\t<meta name=\"twitter:label2\" content=\"Est. tempo de leitura\" \/>\n\t<meta name=\"twitter:data2\" content=\"1 minuto\" \/>\n<script type=\"application\/ld+json\" class=\"yoast-schema-graph\">{\"@context\":\"https:\\\/\\\/schema.org\",\"@graph\":[{\"@type\":[\"Article\",\"BlogPosting\"],\"@id\":\"https:\\\/\\\/maetinganoticias.com\\\/index.php\\\/2025\\\/09\\\/19\\\/24-bpm-em-brumado-tera-novo-comandante-tenente-coronel-joceva-assume-pela-terceira-vez\\\/#article\",\"isPartOf\":{\"@id\":\"https:\\\/\\\/maetinganoticias.com\\\/index.php\\\/2025\\\/09\\\/19\\\/24-bpm-em-brumado-tera-novo-comandante-tenente-coronel-joceva-assume-pela-terceira-vez\\\/\"},\"author\":{\"name\":\"Maetinga Not\u00edcias\",\"@id\":\"https:\\\/\\\/maetinganoticias.com\\\/#\\\/schema\\\/person\\\/968cf95e67a6810fc7fb35bbc9016962\"},\"headline\":\"24\u00b0 BPM em Brumado ter\u00e1 novo comandante: Tenente-Coronel Jocev\u00e3 assume pela terceira vez\",\"datePublished\":\"2025-09-19T15:44:06+00:00\",\"mainEntityOfPage\":{\"@id\":\"https:\\\/\\\/maetinganoticias.com\\\/index.php\\\/2025\\\/09\\\/19\\\/24-bpm-em-brumado-tera-novo-comandante-tenente-coronel-joceva-assume-pela-terceira-vez\\\/\"},\"wordCount\":161,\"publisher\":{\"@id\":\"https:\\\/\\\/maetinganoticias.com\\\/#organization\"},\"image\":{\"@id\":\"https:\\\/\\\/maetinganoticias.com\\\/index.php\\\/2025\\\/09\\\/19\\\/24-bpm-em-brumado-tera-novo-comandante-tenente-coronel-joceva-assume-pela-terceira-vez\\\/#primaryimage\"},\"thumbnailUrl\":\"https:\\\/\\\/maetinganoticias.com\\\/wp-content\\\/uploads\\\/2025\\\/09\\\/img_4327.jpg\",\"articleSection\":[\"Brumado\"],\"inLanguage\":\"pt-BR\"},{\"@type\":\"WebPage\",\"@id\":\"https:\\\/\\\/maetinganoticias.com\\\/index.php\\\/2025\\\/09\\\/19\\\/24-bpm-em-brumado-tera-novo-comandante-tenente-coronel-joceva-assume-pela-terceira-vez\\\/\",\"url\":\"https:\\\/\\\/maetinganoticias.com\\\/index.php\\\/2025\\\/09\\\/19\\\/24-bpm-em-brumado-tera-novo-comandante-tenente-coronel-joceva-assume-pela-terceira-vez\\\/\",\"name\":\"24\u00b0 BPM em Brumado ter\u00e1 novo comandante: Tenente-Coronel Jocev\u00e3 assume pela terceira vez - Maetinga Not\u00edcias\",\"isPartOf\":{\"@id\":\"https:\\\/\\\/maetinganoticias.com\\\/#website\"},\"primaryImageOfPage\":{\"@id\":\"https:\\\/\\\/maetinganoticias.com\\\/index.php\\\/2025\\\/09\\\/19\\\/24-bpm-em-brumado-tera-novo-comandante-tenente-coronel-joceva-assume-pela-terceira-vez\\\/#primaryimage\"},\"image\":{\"@id\":\"https:\\\/\\\/maetinganoticias.com\\\/index.php\\\/2025\\\/09\\\/19\\\/24-bpm-em-brumado-tera-novo-comandante-tenente-coronel-joceva-assume-pela-terceira-vez\\\/#primaryimage\"},\"thumbnailUrl\":\"https:\\\/\\\/maetinganoticias.com\\\/wp-content\\\/uploads\\\/2025\\\/09\\\/img_4327.jpg\",\"datePublished\":\"2025-09-19T15:44:06+00:00\",\"breadcrumb\":{\"@id\":\"https:\\\/\\\/maetinganoticias.com\\\/index.php\\\/2025\\\/09\\\/19\\\/24-bpm-em-brumado-tera-novo-comandante-tenente-coronel-joceva-assume-pela-terceira-vez\\\/#breadcrumb\"},\"inLanguage\":\"pt-BR\",\"potentialAction\":[{\"@type\":\"ReadAction\",\"target\":[\"https:\\\/\\\/maetinganoticias.com\\\/index.php\\\/2025\\\/09\\\/19\\\/24-bpm-em-brumado-tera-novo-comandante-tenente-coronel-joceva-assume-pela-terceira-vez\\\/\"]}]},{\"@type\":\"ImageObject\",\"inLanguage\":\"pt-BR\",\"@id\":\"https:\\\/\\\/maetinganoticias.com\\\/index.php\\\/2025\\\/09\\\/19\\\/24-bpm-em-brumado-tera-novo-comandante-tenente-coronel-joceva-assume-pela-terceira-vez\\\/#primaryimage\",\"url\":\"https:\\\/\\\/maetinganoticias.com\\\/wp-content\\\/uploads\\\/2025\\\/09\\\/img_4327.jpg\",\"contentUrl\":\"https:\\\/\\\/maetinganoticias.com\\\/wp-content\\\/uploads\\\/2025\\\/09\\\/img_4327.jpg\",\"width\":828,\"height\":633},{\"@type\":\"BreadcrumbList\",\"@id\":\"https:\\\/\\\/maetinganoticias.com\\\/index.php\\\/2025\\\/09\\\/19\\\/24-bpm-em-brumado-tera-novo-comandante-tenente-coronel-joceva-assume-pela-terceira-vez\\\/#breadcrumb\",\"itemListElement\":[{\"@type\":\"ListItem\",\"position\":1,\"name\":\"In\u00edcio\",\"item\":\"https:\\\/\\\/maetinganoticias.com\\\/\"},{\"@type\":\"ListItem\",\"position\":2,\"name\":\"24\u00b0 BPM em Brumado ter\u00e1 novo comandante: Tenente-Coronel Jocev\u00e3 assume pela terceira vez\"}]},{\"@type\":\"WebSite\",\"@id\":\"https:\\\/\\\/maetinganoticias.com\\\/#website\",\"url\":\"https:\\\/\\\/maetinganoticias.com\\\/\",\"name\":\"Maetinga Not\u00edcias\",\"description\":\"A Voz do Interior Baiano!\",\"publisher\":{\"@id\":\"https:\\\/\\\/maetinganoticias.com\\\/#organization\"},\"potentialAction\":[{\"@type\":\"SearchAction\",\"target\":{\"@type\":\"EntryPoint\",\"urlTemplate\":\"https:\\\/\\\/maetinganoticias.com\\\/?s={search_term_string}\"},\"query-input\":{\"@type\":\"PropertyValueSpecification\",\"valueRequired\":true,\"valueName\":\"search_term_string\"}}],\"inLanguage\":\"pt-BR\"},{\"@type\":\"Organization\",\"@id\":\"https:\\\/\\\/maetinganoticias.com\\\/#organization\",\"name\":\"Maetinga Not\u00edcias\",\"url\":\"https:\\\/\\\/maetinganoticias.com\\\/\",\"logo\":{\"@type\":\"ImageObject\",\"inLanguage\":\"pt-BR\",\"@id\":\"https:\\\/\\\/maetinganoticias.com\\\/#\\\/schema\\\/logo\\\/image\\\/\",\"url\":\"https:\\\/\\\/maetinganoticias.com\\\/wp-content\\\/uploads\\\/2023\\\/07\\\/cropped-cropped-cropped-cropped-BUSINESS-3-42-1.png\",\"contentUrl\":\"https:\\\/\\\/maetinganoticias.com\\\/wp-content\\\/uploads\\\/2023\\\/07\\\/cropped-cropped-cropped-cropped-BUSINESS-3-42-1.png\",\"width\":485,\"height\":109,\"caption\":\"Maetinga Not\u00edcias\"},\"image\":{\"@id\":\"https:\\\/\\\/maetinganoticias.com\\\/#\\\/schema\\\/logo\\\/image\\\/\"}},{\"@type\":\"Person\",\"@id\":\"https:\\\/\\\/maetinganoticias.com\\\/#\\\/schema\\\/person\\\/968cf95e67a6810fc7fb35bbc9016962\",\"name\":\"Maetinga Not\u00edcias\",\"image\":{\"@type\":\"ImageObject\",\"inLanguage\":\"pt-BR\",\"@id\":\"https:\\\/\\\/secure.gravatar.com\\\/avatar\\\/32e078313a5ca37a6c8d44e716ed4f9e87ecfde7222d2b88a1424bd49654f187?s=96&d=mm&r=g\",\"url\":\"https:\\\/\\\/secure.gravatar.com\\\/avatar\\\/32e078313a5ca37a6c8d44e716ed4f9e87ecfde7222d2b88a1424bd49654f187?s=96&d=mm&r=g\",\"contentUrl\":\"https:\\\/\\\/secure.gravatar.com\\\/avatar\\\/32e078313a5ca37a6c8d44e716ed4f9e87ecfde7222d2b88a1424bd49654f187?s=96&d=mm&r=g\",\"caption\":\"Maetinga Not\u00edcias\"},\"description\":\"A voz do Interior Baiano!\",\"sameAs\":[\"https:\\\/\\\/maetinganoticias.com\",\"https:\\\/\\\/www.instagram.com\\\/blogmaetinganoticias\\\/\"],\"url\":\"https:\\\/\\\/maetinganoticias.com\\\/index.php\\\/author\\\/carlosvianna13\\\/\"}]}<\/script>\n<!-- \/ Yoast SEO plugin. -->","yoast_head_json":{"title":"24\u00b0 BPM em Brumado ter\u00e1 novo comandante: Tenente-Coronel Jocev\u00e3 assume pela terceira vez - Maetinga Not\u00edcias","robots":{"index":"index","follow":"follow","max-snippet":"max-snippet:-1","max-image-preview":"max-image-preview:large","max-video-preview":"max-video-preview:-1"},"canonical":"https:\/\/maetinganoticias.com\/index.php\/2025\/09\/19\/24-bpm-em-brumado-tera-novo-comandante-tenente-coronel-joceva-assume-pela-terceira-vez\/","og_locale":"pt_BR","og_type":"article","og_title":"24\u00b0 BPM em Brumado ter\u00e1 novo comandante: Tenente-Coronel Jocev\u00e3 assume pela terceira vez - Maetinga Not\u00edcias","og_description":"O 24\u00b0 Batalh\u00e3o de Pol\u00edcia Militar (BPM), sediado em Brumado, passar\u00e1 por mudan\u00e7as em seu comando. A altera\u00e7\u00e3o foi publicada no Di\u00e1rio Oficial do Estado nesta semana. O Tenente-Coronel Eduardo Viana Moreira, que assumiu a unidade em dezembro de 2024, foi exonerado da fun\u00e7\u00e3o e designado para comandar o 9\u00b0 BPM, em Vit\u00f3ria da Conquista. [&hellip;]","og_url":"https:\/\/maetinganoticias.com\/index.php\/2025\/09\/19\/24-bpm-em-brumado-tera-novo-comandante-tenente-coronel-joceva-assume-pela-terceira-vez\/","og_site_name":"Maetinga Not\u00edcias","article_published_time":"2025-09-19T15:44:06+00:00","og_image":[{"width":828,"height":633,"url":"https:\/\/maetinganoticias.com\/wp-content\/uploads\/2025\/09\/img_4327.jpg","type":"image\/jpeg"}],"author":"Maetinga Not\u00edcias","twitter_card":"summary_large_image","twitter_misc":{"Escrito por":"Maetinga Not\u00edcias","Est. tempo de leitura":"1 minuto"},"schema":{"@context":"https:\/\/schema.org","@graph":[{"@type":["Article","BlogPosting"],"@id":"https:\/\/maetinganoticias.com\/index.php\/2025\/09\/19\/24-bpm-em-brumado-tera-novo-comandante-tenente-coronel-joceva-assume-pela-terceira-vez\/#article","isPartOf":{"@id":"https:\/\/maetinganoticias.com\/index.php\/2025\/09\/19\/24-bpm-em-brumado-tera-novo-comandante-tenente-coronel-joceva-assume-pela-terceira-vez\/"},"author":{"name":"Maetinga Not\u00edcias","@id":"https:\/\/maetinganoticias.com\/#\/schema\/person\/968cf95e67a6810fc7fb35bbc9016962"},"headline":"24\u00b0 BPM em Brumado ter\u00e1 novo comandante: Tenente-Coronel Jocev\u00e3 assume pela terceira vez","datePublished":"2025-09-19T15:44:06+00:00","mainEntityOfPage":{"@id":"https:\/\/maetinganoticias.com\/index.php\/2025\/09\/19\/24-bpm-em-brumado-tera-novo-comandante-tenente-coronel-joceva-assume-pela-terceira-vez\/"},"wordCount":161,"publisher":{"@id":"https:\/\/maetinganoticias.com\/#organization"},"image":{"@id":"https:\/\/maetinganoticias.com\/index.php\/2025\/09\/19\/24-bpm-em-brumado-tera-novo-comandante-tenente-coronel-joceva-assume-pela-terceira-vez\/#primaryimage"},"thumbnailUrl":"https:\/\/maetinganoticias.com\/wp-content\/uploads\/2025\/09\/img_4327.jpg","articleSection":["Brumado"],"inLanguage":"pt-BR"},{"@type":"WebPage","@id":"https:\/\/maetinganoticias.com\/index.php\/2025\/09\/19\/24-bpm-em-brumado-tera-novo-comandante-tenente-coronel-joceva-assume-pela-terceira-vez\/","url":"https:\/\/maetinganoticias.com\/index.php\/2025\/09\/19\/24-bpm-em-brumado-tera-novo-comandante-tenente-coronel-joceva-assume-pela-terceira-vez\/","name":"24\u00b0 BPM em Brumado ter\u00e1 novo comandante: Tenente-Coronel Jocev\u00e3 assume pela terceira vez - Maetinga Not\u00edcias","isPartOf":{"@id":"https:\/\/maetinganoticias.com\/#website"},"primaryImageOfPage":{"@id":"https:\/\/maetinganoticias.com\/index.php\/2025\/09\/19\/24-bpm-em-brumado-tera-novo-comandante-tenente-coronel-joceva-assume-pela-terceira-vez\/#primaryimage"},"image":{"@id":"https:\/\/maetinganoticias.com\/index.php\/2025\/09\/19\/24-bpm-em-brumado-tera-novo-comandante-tenente-coronel-joceva-assume-pela-terceira-vez\/#primaryimage"},"thumbnailUrl":"https:\/\/maetinganoticias.com\/wp-content\/uploads\/2025\/09\/img_4327.jpg","datePublished":"2025-09-19T15:44:06+00:00","breadcrumb":{"@id":"https:\/\/maetinganoticias.com\/index.php\/2025\/09\/19\/24-bpm-em-brumado-tera-novo-comandante-tenente-coronel-joceva-assume-pela-terceira-vez\/#breadcrumb"},"inLanguage":"pt-BR","potentialAction":[{"@type":"ReadAction","target":["https:\/\/maetinganoticias.com\/index.php\/2025\/09\/19\/24-bpm-em-brumado-tera-novo-comandante-tenente-coronel-joceva-assume-pela-terceira-vez\/"]}]},{"@type":"ImageObject","inLanguage":"pt-BR","@id":"https:\/\/maetinganoticias.com\/index.php\/2025\/09\/19\/24-bpm-em-brumado-tera-novo-comandante-tenente-coronel-joceva-assume-pela-terceira-vez\/#primaryimage","url":"https:\/\/maetinganoticias.com\/wp-content\/uploads\/2025\/09\/img_4327.jpg","contentUrl":"https:\/\/maetinganoticias.com\/wp-content\/uploads\/2025\/09\/img_4327.jpg","width":828,"height":633},{"@type":"BreadcrumbList","@id":"https:\/\/maetinganoticias.com\/index.php\/2025\/09\/19\/24-bpm-em-brumado-tera-novo-comandante-tenente-coronel-joceva-assume-pela-terceira-vez\/#breadcrumb","itemListElement":[{"@type":"ListItem","position":1,"name":"In\u00edcio","item":"https:\/\/maetinganoticias.com\/"},{"@type":"ListItem","position":2,"name":"24\u00b0 BPM em Brumado ter\u00e1 novo comandante: Tenente-Coronel Jocev\u00e3 assume pela terceira vez"}]},{"@type":"WebSite","@id":"https:\/\/maetinganoticias.com\/#website","url":"https:\/\/maetinganoticias.com\/","name":"Maetinga Not\u00edcias","description":"A Voz do Interior Baiano!","publisher":{"@id":"https:\/\/maetinganoticias.com\/#organization"},"potentialAction":[{"@type":"SearchAction","target":{"@type":"EntryPoint","urlTemplate":"https:\/\/maetinganoticias.com\/?s={search_term_string}"},"query-input":{"@type":"PropertyValueSpecification","valueRequired":true,"valueName":"search_term_string"}}],"inLanguage":"pt-BR"},{"@type":"Organization","@id":"https:\/\/maetinganoticias.com\/#organization","name":"Maetinga Not\u00edcias","url":"https:\/\/maetinganoticias.com\/","logo":{"@type":"ImageObject","inLanguage":"pt-BR","@id":"https:\/\/maetinganoticias.com\/#\/schema\/logo\/image\/","url":"https:\/\/maetinganoticias.com\/wp-content\/uploads\/2023\/07\/cropped-cropped-cropped-cropped-BUSINESS-3-42-1.png","contentUrl":"https:\/\/maetinganoticias.com\/wp-content\/uploads\/2023\/07\/cropped-cropped-cropped-cropped-BUSINESS-3-42-1.png","width":485,"height":109,"caption":"Maetinga Not\u00edcias"},"image":{"@id":"https:\/\/maetinganoticias.com\/#\/schema\/logo\/image\/"}},{"@type":"Person","@id":"https:\/\/maetinganoticias.com\/#\/schema\/person\/968cf95e67a6810fc7fb35bbc9016962","name":"Maetinga Not\u00edcias","image":{"@type":"ImageObject","inLanguage":"pt-BR","@id":"https:\/\/secure.gravatar.com\/avatar\/32e078313a5ca37a6c8d44e716ed4f9e87ecfde7222d2b88a1424bd49654f187?s=96&d=mm&r=g","url":"https:\/\/secure.gravatar.com\/avatar\/32e078313a5ca37a6c8d44e716ed4f9e87ecfde7222d2b88a1424bd49654f187?s=96&d=mm&r=g","contentUrl":"https:\/\/secure.gravatar.com\/avatar\/32e078313a5ca37a6c8d44e716ed4f9e87ecfde7222d2b88a1424bd49654f187?s=96&d=mm&r=g","caption":"Maetinga Not\u00edcias"},"description":"A voz do Interior Baiano!","sameAs":["https:\/\/maetinganoticias.com","https:\/\/www.instagram.com\/blogmaetinganoticias\/"],"url":"https:\/\/maetinganoticias.com\/index.php\/author\/carlosvianna13\/"}]}},"_links":{"self":[{"href":"https:\/\/maetinganoticias.com\/index.php\/wp-json\/wp\/v2\/posts\/8745","targetHints":{"allow":["GET"]}}],"collection":[{"href":"https:\/\/maetinganoticias.com\/index.php\/wp-json\/wp\/v2\/posts"}],"about":[{"href":"https:\/\/maetinganoticias.com\/index.php\/wp-json\/wp\/v2\/types\/post"}],"author":[{"embeddable":true,"href":"https:\/\/maetinganoticias.com\/index.php\/wp-json\/wp\/v2\/users\/1"}],"replies":[{"embeddable":true,"href":"https:\/\/maetinganoticias.com\/index.php\/wp-json\/wp\/v2\/comments?post=8745"}],"version-history":[{"count":1,"href":"https:\/\/maetinganoticias.com\/index.php\/wp-json\/wp\/v2\/posts\/8745\/revisions"}],"predecessor-version":[{"id":8746,"href":"https:\/\/maetinganoticias.com\/index.php\/wp-json\/wp\/v2\/posts\/8745\/revisions\/8746"}],"wp:featuredmedia":[{"embeddable":true,"href":"https:\/\/maetinganoticias.com\/index.php\/wp-json\/wp\/v2\/media\/8744"}],"wp:attachment":[{"href":"https:\/\/maetinganoticias.com\/index.php\/wp-json\/wp\/v2\/media?parent=8745"}],"wp:term":[{"taxonomy":"category","embeddable":true,"href":"https:\/\/maetinganoticias.com\/index.php\/wp-json\/wp\/v2\/categories?post=8745"},{"taxonomy":"post_tag","embeddable":true,"href":"https:\/\/maetinganoticias.com\/index.php\/wp-json\/wp\/v2\/tags?post=8745"}],"curies":[{"name":"wp","href":"https:\/\/api.w.org\/{rel}","templated":true}]}}