{"id":8731,"date":"2025-09-19T08:44:36","date_gmt":"2025-09-19T11:44:36","guid":{"rendered":"https:\/\/maetinganoticias.com\/?p=8731"},"modified":"2025-09-19T08:44:38","modified_gmt":"2025-09-19T11:44:38","slug":"setembro-verde-inclusao-em-foco-presidente-janio-quadros-promove-roda-de-conversa-sobre-cidadania-e-direitos-da-pessoa-com-deficiencia","status":"publish","type":"post","link":"https:\/\/maetinganoticias.com\/index.php\/2025\/09\/19\/setembro-verde-inclusao-em-foco-presidente-janio-quadros-promove-roda-de-conversa-sobre-cidadania-e-direitos-da-pessoa-com-deficiencia\/","title":{"rendered":"Setembro Verde | Inclus\u00e3o em Foco: Presidente J\u00e2nio Quadros promove Roda de Conversa sobre cidadania e direitos da pessoa com defici\u00eancia"},"content":{"rendered":"\n<p>Na manh\u00e3 da \u00faltima quinta-feira (18), o Audit\u00f3rio da UNOPAR foi palco de um momento especial de reflex\u00e3o, aprendizado e fortalecimento da cidadania. Em alus\u00e3o ao <strong>Setembro Verde<\/strong> \u2013 m\u00eas dedicado \u00e0 luta pela inclus\u00e3o da pessoa com defici\u00eancia \u2013 a <strong>Secretaria Municipal de Desenvolvimento Social<\/strong> <strong>de Presidente J\u00e2nio Quadros<\/strong>, promoveu uma significativa <strong>Roda de Conversa<\/strong> reunindo diversos atores da comunidade.<\/p>\n\n\n\n<p>O evento contou com a participa\u00e7\u00e3o ativa de <strong>usu\u00e1rios da Pol\u00edtica de Assist\u00eancia Social<\/strong>, <strong>benefici\u00e1rios do Benef\u00edcio de Presta\u00e7\u00e3o Continuada (BPC)<\/strong>, al\u00e9m de <strong>profissionais de diferentes secretarias municipais<\/strong>. Juntos, debateram temas fundamentais como <strong>direitos, inclus\u00e3o social e a import\u00e2ncia de pol\u00edticas p\u00fablicas voltadas \u00e0 pessoa com defici\u00eancia<\/strong>.<\/p>\n\n\n\n<p>O ponto alto da manh\u00e3 foi a fala da <strong>Assistente Social do INSS de Anag\u00e9, H\u00e9lia Vieira<\/strong>, que trouxe uma valiosa contribui\u00e7\u00e3o ao compartilhar informa\u00e7\u00f5es e experi\u00eancias sobre o acesso a direitos e os desafios enfrentados por pessoas com defici\u00eancia no dia a dia. Sua abordagem sens\u00edvel e t\u00e9cnica refor\u00e7ou o compromisso coletivo com uma sociedade mais justa e acess\u00edvel para todos.<\/p>\n\n\n\n<p>A a\u00e7\u00e3o integra o calend\u00e1rio de mobiliza\u00e7\u00f5es do Setembro Verde e refor\u00e7a o papel do munic\u00edpio de <strong>Presidente J\u00e2nio Quadros<\/strong> na promo\u00e7\u00e3o da inclus\u00e3o social e no fortalecimento das pol\u00edticas p\u00fablicas que garantem dignidade e participa\u00e7\u00e3o plena \u00e0s pessoas com defici\u00eancia.<\/p>\n\n\n\n<figure class=\"wp-block-image size-large\"><img loading=\"lazy\" decoding=\"async\" width=\"1024\" height=\"683\" src=\"https:\/\/maetinganoticias.com\/wp-content\/uploads\/2025\/09\/Setembro-Verde-Inclusao-em-FocoNa-manha-da-ultima-quinta-feira-18-a-Secretaria-Municipal-de-1-1024x683.jpg\" alt=\"\" class=\"wp-image-8741\" srcset=\"https:\/\/maetinganoticias.com\/wp-content\/uploads\/2025\/09\/Setembro-Verde-Inclusao-em-FocoNa-manha-da-ultima-quinta-feira-18-a-Secretaria-Municipal-de-1-1024x683.jpg 1024w, https:\/\/maetinganoticias.com\/wp-content\/uploads\/2025\/09\/Setembro-Verde-Inclusao-em-FocoNa-manha-da-ultima-quinta-feira-18-a-Secretaria-Municipal-de-1-300x200.jpg 300w, https:\/\/maetinganoticias.com\/wp-content\/uploads\/2025\/09\/Setembro-Verde-Inclusao-em-FocoNa-manha-da-ultima-quinta-feira-18-a-Secretaria-Municipal-de-1-768x512.jpg 768w, https:\/\/maetinganoticias.com\/wp-content\/uploads\/2025\/09\/Setembro-Verde-Inclusao-em-FocoNa-manha-da-ultima-quinta-feira-18-a-Secretaria-Municipal-de-1-630x420.jpg 630w, https:\/\/maetinganoticias.com\/wp-content\/uploads\/2025\/09\/Setembro-Verde-Inclusao-em-FocoNa-manha-da-ultima-quinta-feira-18-a-Secretaria-Municipal-de-1-150x100.jpg 150w, https:\/\/maetinganoticias.com\/wp-content\/uploads\/2025\/09\/Setembro-Verde-Inclusao-em-FocoNa-manha-da-ultima-quinta-feira-18-a-Secretaria-Municipal-de-1-696x464.jpg 696w, https:\/\/maetinganoticias.com\/wp-content\/uploads\/2025\/09\/Setembro-Verde-Inclusao-em-FocoNa-manha-da-ultima-quinta-feira-18-a-Secretaria-Municipal-de-1-1068x712.jpg 1068w, https:\/\/maetinganoticias.com\/wp-content\/uploads\/2025\/09\/Setembro-Verde-Inclusao-em-FocoNa-manha-da-ultima-quinta-feira-18-a-Secretaria-Municipal-de-1.jpg 1080w\" sizes=\"auto, (max-width: 1024px) 100vw, 1024px\" \/><\/figure>\n\n\n\n<figure class=\"wp-block-image size-large\"><img loading=\"lazy\" decoding=\"async\" width=\"1024\" height=\"683\" src=\"https:\/\/maetinganoticias.com\/wp-content\/uploads\/2025\/09\/Setembro-Verde-Inclusao-em-FocoNa-manha-da-ultima-quinta-feira-18-a-Secretaria-Municipal-de-8-1024x683.jpg\" alt=\"\" class=\"wp-image-8734\" srcset=\"https:\/\/maetinganoticias.com\/wp-content\/uploads\/2025\/09\/Setembro-Verde-Inclusao-em-FocoNa-manha-da-ultima-quinta-feira-18-a-Secretaria-Municipal-de-8-1024x683.jpg 1024w, https:\/\/maetinganoticias.com\/wp-content\/uploads\/2025\/09\/Setembro-Verde-Inclusao-em-FocoNa-manha-da-ultima-quinta-feira-18-a-Secretaria-Municipal-de-8-300x200.jpg 300w, https:\/\/maetinganoticias.com\/wp-content\/uploads\/2025\/09\/Setembro-Verde-Inclusao-em-FocoNa-manha-da-ultima-quinta-feira-18-a-Secretaria-Municipal-de-8-768x512.jpg 768w, https:\/\/maetinganoticias.com\/wp-content\/uploads\/2025\/09\/Setembro-Verde-Inclusao-em-FocoNa-manha-da-ultima-quinta-feira-18-a-Secretaria-Municipal-de-8-630x420.jpg 630w, https:\/\/maetinganoticias.com\/wp-content\/uploads\/2025\/09\/Setembro-Verde-Inclusao-em-FocoNa-manha-da-ultima-quinta-feira-18-a-Secretaria-Municipal-de-8-150x100.jpg 150w, https:\/\/maetinganoticias.com\/wp-content\/uploads\/2025\/09\/Setembro-Verde-Inclusao-em-FocoNa-manha-da-ultima-quinta-feira-18-a-Secretaria-Municipal-de-8-696x464.jpg 696w, https:\/\/maetinganoticias.com\/wp-content\/uploads\/2025\/09\/Setembro-Verde-Inclusao-em-FocoNa-manha-da-ultima-quinta-feira-18-a-Secretaria-Municipal-de-8-1068x712.jpg 1068w, https:\/\/maetinganoticias.com\/wp-content\/uploads\/2025\/09\/Setembro-Verde-Inclusao-em-FocoNa-manha-da-ultima-quinta-feira-18-a-Secretaria-Municipal-de-8.jpg 1080w\" sizes=\"auto, (max-width: 1024px) 100vw, 1024px\" \/><\/figure>\n\n\n\n<figure class=\"wp-block-image size-large\"><img loading=\"lazy\" decoding=\"async\" width=\"1024\" height=\"683\" src=\"https:\/\/maetinganoticias.com\/wp-content\/uploads\/2025\/09\/Setembro-Verde-Inclusao-em-FocoNa-manha-da-ultima-quinta-feira-18-a-Secretaria-Municipal-de-2-1024x683.jpg\" alt=\"\" class=\"wp-image-8740\" srcset=\"https:\/\/maetinganoticias.com\/wp-content\/uploads\/2025\/09\/Setembro-Verde-Inclusao-em-FocoNa-manha-da-ultima-quinta-feira-18-a-Secretaria-Municipal-de-2-1024x683.jpg 1024w, https:\/\/maetinganoticias.com\/wp-content\/uploads\/2025\/09\/Setembro-Verde-Inclusao-em-FocoNa-manha-da-ultima-quinta-feira-18-a-Secretaria-Municipal-de-2-300x200.jpg 300w, https:\/\/maetinganoticias.com\/wp-content\/uploads\/2025\/09\/Setembro-Verde-Inclusao-em-FocoNa-manha-da-ultima-quinta-feira-18-a-Secretaria-Municipal-de-2-768x512.jpg 768w, https:\/\/maetinganoticias.com\/wp-content\/uploads\/2025\/09\/Setembro-Verde-Inclusao-em-FocoNa-manha-da-ultima-quinta-feira-18-a-Secretaria-Municipal-de-2-630x420.jpg 630w, https:\/\/maetinganoticias.com\/wp-content\/uploads\/2025\/09\/Setembro-Verde-Inclusao-em-FocoNa-manha-da-ultima-quinta-feira-18-a-Secretaria-Municipal-de-2-150x100.jpg 150w, https:\/\/maetinganoticias.com\/wp-content\/uploads\/2025\/09\/Setembro-Verde-Inclusao-em-FocoNa-manha-da-ultima-quinta-feira-18-a-Secretaria-Municipal-de-2-696x464.jpg 696w, https:\/\/maetinganoticias.com\/wp-content\/uploads\/2025\/09\/Setembro-Verde-Inclusao-em-FocoNa-manha-da-ultima-quinta-feira-18-a-Secretaria-Municipal-de-2-1068x712.jpg 1068w, https:\/\/maetinganoticias.com\/wp-content\/uploads\/2025\/09\/Setembro-Verde-Inclusao-em-FocoNa-manha-da-ultima-quinta-feira-18-a-Secretaria-Municipal-de-2.jpg 1080w\" sizes=\"auto, (max-width: 1024px) 100vw, 1024px\" \/><\/figure>\n\n\n\n<figure class=\"wp-block-image size-large\"><img loading=\"lazy\" decoding=\"async\" width=\"1024\" height=\"683\" src=\"https:\/\/maetinganoticias.com\/wp-content\/uploads\/2025\/09\/Setembro-Verde-Inclusao-em-FocoNa-manha-da-ultima-quinta-feira-18-a-Secretaria-Municipal-de-3-1024x683.jpg\" alt=\"\" class=\"wp-image-8739\" srcset=\"https:\/\/maetinganoticias.com\/wp-content\/uploads\/2025\/09\/Setembro-Verde-Inclusao-em-FocoNa-manha-da-ultima-quinta-feira-18-a-Secretaria-Municipal-de-3-1024x683.jpg 1024w, https:\/\/maetinganoticias.com\/wp-content\/uploads\/2025\/09\/Setembro-Verde-Inclusao-em-FocoNa-manha-da-ultima-quinta-feira-18-a-Secretaria-Municipal-de-3-300x200.jpg 300w, https:\/\/maetinganoticias.com\/wp-content\/uploads\/2025\/09\/Setembro-Verde-Inclusao-em-FocoNa-manha-da-ultima-quinta-feira-18-a-Secretaria-Municipal-de-3-768x512.jpg 768w, https:\/\/maetinganoticias.com\/wp-content\/uploads\/2025\/09\/Setembro-Verde-Inclusao-em-FocoNa-manha-da-ultima-quinta-feira-18-a-Secretaria-Municipal-de-3-630x420.jpg 630w, https:\/\/maetinganoticias.com\/wp-content\/uploads\/2025\/09\/Setembro-Verde-Inclusao-em-FocoNa-manha-da-ultima-quinta-feira-18-a-Secretaria-Municipal-de-3-150x100.jpg 150w, https:\/\/maetinganoticias.com\/wp-content\/uploads\/2025\/09\/Setembro-Verde-Inclusao-em-FocoNa-manha-da-ultima-quinta-feira-18-a-Secretaria-Municipal-de-3-696x464.jpg 696w, https:\/\/maetinganoticias.com\/wp-content\/uploads\/2025\/09\/Setembro-Verde-Inclusao-em-FocoNa-manha-da-ultima-quinta-feira-18-a-Secretaria-Municipal-de-3-1068x712.jpg 1068w, https:\/\/maetinganoticias.com\/wp-content\/uploads\/2025\/09\/Setembro-Verde-Inclusao-em-FocoNa-manha-da-ultima-quinta-feira-18-a-Secretaria-Municipal-de-3.jpg 1080w\" sizes=\"auto, (max-width: 1024px) 100vw, 1024px\" \/><\/figure>\n\n\n\n<figure class=\"wp-block-image size-large\"><img loading=\"lazy\" decoding=\"async\" width=\"1024\" height=\"683\" src=\"https:\/\/maetinganoticias.com\/wp-content\/uploads\/2025\/09\/Setembro-Verde-Inclusao-em-FocoNa-manha-da-ultima-quinta-feira-18-a-Secretaria-Municipal-de-5-1024x683.jpg\" alt=\"\" class=\"wp-image-8737\" srcset=\"https:\/\/maetinganoticias.com\/wp-content\/uploads\/2025\/09\/Setembro-Verde-Inclusao-em-FocoNa-manha-da-ultima-quinta-feira-18-a-Secretaria-Municipal-de-5-1024x683.jpg 1024w, https:\/\/maetinganoticias.com\/wp-content\/uploads\/2025\/09\/Setembro-Verde-Inclusao-em-FocoNa-manha-da-ultima-quinta-feira-18-a-Secretaria-Municipal-de-5-300x200.jpg 300w, https:\/\/maetinganoticias.com\/wp-content\/uploads\/2025\/09\/Setembro-Verde-Inclusao-em-FocoNa-manha-da-ultima-quinta-feira-18-a-Secretaria-Municipal-de-5-768x512.jpg 768w, https:\/\/maetinganoticias.com\/wp-content\/uploads\/2025\/09\/Setembro-Verde-Inclusao-em-FocoNa-manha-da-ultima-quinta-feira-18-a-Secretaria-Municipal-de-5-630x420.jpg 630w, https:\/\/maetinganoticias.com\/wp-content\/uploads\/2025\/09\/Setembro-Verde-Inclusao-em-FocoNa-manha-da-ultima-quinta-feira-18-a-Secretaria-Municipal-de-5-150x100.jpg 150w, https:\/\/maetinganoticias.com\/wp-content\/uploads\/2025\/09\/Setembro-Verde-Inclusao-em-FocoNa-manha-da-ultima-quinta-feira-18-a-Secretaria-Municipal-de-5-696x464.jpg 696w, https:\/\/maetinganoticias.com\/wp-content\/uploads\/2025\/09\/Setembro-Verde-Inclusao-em-FocoNa-manha-da-ultima-quinta-feira-18-a-Secretaria-Municipal-de-5-1068x712.jpg 1068w, https:\/\/maetinganoticias.com\/wp-content\/uploads\/2025\/09\/Setembro-Verde-Inclusao-em-FocoNa-manha-da-ultima-quinta-feira-18-a-Secretaria-Municipal-de-5.jpg 1080w\" sizes=\"auto, (max-width: 1024px) 100vw, 1024px\" \/><\/figure>\n\n\n\n<figure class=\"wp-block-image size-large\"><img loading=\"lazy\" decoding=\"async\" width=\"1024\" height=\"683\" src=\"https:\/\/maetinganoticias.com\/wp-content\/uploads\/2025\/09\/Setembro-Verde-Inclusao-em-FocoNa-manha-da-ultima-quinta-feira-18-a-Secretaria-Municipal-de-6-1024x683.jpg\" alt=\"\" class=\"wp-image-8736\" srcset=\"https:\/\/maetinganoticias.com\/wp-content\/uploads\/2025\/09\/Setembro-Verde-Inclusao-em-FocoNa-manha-da-ultima-quinta-feira-18-a-Secretaria-Municipal-de-6-1024x683.jpg 1024w, https:\/\/maetinganoticias.com\/wp-content\/uploads\/2025\/09\/Setembro-Verde-Inclusao-em-FocoNa-manha-da-ultima-quinta-feira-18-a-Secretaria-Municipal-de-6-300x200.jpg 300w, https:\/\/maetinganoticias.com\/wp-content\/uploads\/2025\/09\/Setembro-Verde-Inclusao-em-FocoNa-manha-da-ultima-quinta-feira-18-a-Secretaria-Municipal-de-6-768x512.jpg 768w, https:\/\/maetinganoticias.com\/wp-content\/uploads\/2025\/09\/Setembro-Verde-Inclusao-em-FocoNa-manha-da-ultima-quinta-feira-18-a-Secretaria-Municipal-de-6-630x420.jpg 630w, https:\/\/maetinganoticias.com\/wp-content\/uploads\/2025\/09\/Setembro-Verde-Inclusao-em-FocoNa-manha-da-ultima-quinta-feira-18-a-Secretaria-Municipal-de-6-150x100.jpg 150w, https:\/\/maetinganoticias.com\/wp-content\/uploads\/2025\/09\/Setembro-Verde-Inclusao-em-FocoNa-manha-da-ultima-quinta-feira-18-a-Secretaria-Municipal-de-6-696x464.jpg 696w, https:\/\/maetinganoticias.com\/wp-content\/uploads\/2025\/09\/Setembro-Verde-Inclusao-em-FocoNa-manha-da-ultima-quinta-feira-18-a-Secretaria-Municipal-de-6-1068x712.jpg 1068w, https:\/\/maetinganoticias.com\/wp-content\/uploads\/2025\/09\/Setembro-Verde-Inclusao-em-FocoNa-manha-da-ultima-quinta-feira-18-a-Secretaria-Municipal-de-6.jpg 1080w\" sizes=\"auto, (max-width: 1024px) 100vw, 1024px\" \/><\/figure>\n\n\n\n<figure class=\"wp-block-image size-large\"><img loading=\"lazy\" decoding=\"async\" width=\"1024\" height=\"683\" src=\"https:\/\/maetinganoticias.com\/wp-content\/uploads\/2025\/09\/Setembro-Verde-Inclusao-em-FocoNa-manha-da-ultima-quinta-feira-18-a-Secretaria-Municipal-de-10-1024x683.jpg\" alt=\"\" class=\"wp-image-8732\" srcset=\"https:\/\/maetinganoticias.com\/wp-content\/uploads\/2025\/09\/Setembro-Verde-Inclusao-em-FocoNa-manha-da-ultima-quinta-feira-18-a-Secretaria-Municipal-de-10-1024x683.jpg 1024w, https:\/\/maetinganoticias.com\/wp-content\/uploads\/2025\/09\/Setembro-Verde-Inclusao-em-FocoNa-manha-da-ultima-quinta-feira-18-a-Secretaria-Municipal-de-10-300x200.jpg 300w, https:\/\/maetinganoticias.com\/wp-content\/uploads\/2025\/09\/Setembro-Verde-Inclusao-em-FocoNa-manha-da-ultima-quinta-feira-18-a-Secretaria-Municipal-de-10-768x512.jpg 768w, https:\/\/maetinganoticias.com\/wp-content\/uploads\/2025\/09\/Setembro-Verde-Inclusao-em-FocoNa-manha-da-ultima-quinta-feira-18-a-Secretaria-Municipal-de-10-630x420.jpg 630w, https:\/\/maetinganoticias.com\/wp-content\/uploads\/2025\/09\/Setembro-Verde-Inclusao-em-FocoNa-manha-da-ultima-quinta-feira-18-a-Secretaria-Municipal-de-10-150x100.jpg 150w, https:\/\/maetinganoticias.com\/wp-content\/uploads\/2025\/09\/Setembro-Verde-Inclusao-em-FocoNa-manha-da-ultima-quinta-feira-18-a-Secretaria-Municipal-de-10-696x464.jpg 696w, https:\/\/maetinganoticias.com\/wp-content\/uploads\/2025\/09\/Setembro-Verde-Inclusao-em-FocoNa-manha-da-ultima-quinta-feira-18-a-Secretaria-Municipal-de-10-1068x712.jpg 1068w, https:\/\/maetinganoticias.com\/wp-content\/uploads\/2025\/09\/Setembro-Verde-Inclusao-em-FocoNa-manha-da-ultima-quinta-feira-18-a-Secretaria-Municipal-de-10.jpg 1080w\" sizes=\"auto, (max-width: 1024px) 100vw, 1024px\" \/><\/figure>\n","protected":false},"excerpt":{"rendered":"<p>Na manh\u00e3 da \u00faltima quinta-feira (18), o Audit\u00f3rio da UNOPAR foi palco de um momento especial de reflex\u00e3o, aprendizado e fortalecimento da cidadania. Em alus\u00e3o ao Setembro Verde \u2013 m\u00eas dedicado \u00e0 luta pela inclus\u00e3o da pessoa com defici\u00eancia \u2013 a Secretaria Municipal de Desenvolvimento Social de Presidente J\u00e2nio Quadros, promoveu uma significativa Roda de [&hellip;]<\/p>\n","protected":false},"author":1,"featured_media":8742,"comment_status":"open","ping_status":"open","sticky":false,"template":"","format":"standard","meta":{"om_disable_all_campaigns":false,"_monsterinsights_skip_tracking":false,"_monsterinsights_sitenote_active":false,"_monsterinsights_sitenote_note":"","_monsterinsights_sitenote_category":0,"_uf_show_specific_survey":0,"_uf_disable_surveys":false,"footnotes":""},"categories":[7],"tags":[],"class_list":{"0":"post-8731","1":"post","2":"type-post","3":"status-publish","4":"format-standard","5":"has-post-thumbnail","7":"category-janio-quadros"},"yoast_head":"<!-- This site is optimized with the Yoast SEO plugin v27.4 - https:\/\/yoast.com\/product\/yoast-seo-wordpress\/ -->\n<title>Setembro Verde | Inclus\u00e3o em Foco: Presidente J\u00e2nio Quadros promove Roda de Conversa sobre cidadania e direitos da pessoa com defici\u00eancia - Maetinga Not\u00edcias<\/title>\n<meta name=\"robots\" content=\"index, follow, max-snippet:-1, max-image-preview:large, max-video-preview:-1\" \/>\n<link rel=\"canonical\" href=\"https:\/\/maetinganoticias.com\/index.php\/2025\/09\/19\/setembro-verde-inclusao-em-foco-presidente-janio-quadros-promove-roda-de-conversa-sobre-cidadania-e-direitos-da-pessoa-com-deficiencia\/\" \/>\n<meta property=\"og:locale\" content=\"pt_BR\" \/>\n<meta property=\"og:type\" content=\"article\" \/>\n<meta property=\"og:title\" content=\"Setembro Verde | Inclus\u00e3o em Foco: Presidente J\u00e2nio Quadros promove Roda de Conversa sobre cidadania e direitos da pessoa com defici\u00eancia - Maetinga Not\u00edcias\" \/>\n<meta property=\"og:description\" content=\"Na manh\u00e3 da \u00faltima quinta-feira (18), o Audit\u00f3rio da UNOPAR foi palco de um momento especial de reflex\u00e3o, aprendizado e fortalecimento da cidadania. Em alus\u00e3o ao Setembro Verde \u2013 m\u00eas dedicado \u00e0 luta pela inclus\u00e3o da pessoa com defici\u00eancia \u2013 a Secretaria Municipal de Desenvolvimento Social de Presidente J\u00e2nio Quadros, promoveu uma significativa Roda de [&hellip;]\" \/>\n<meta property=\"og:url\" content=\"https:\/\/maetinganoticias.com\/index.php\/2025\/09\/19\/setembro-verde-inclusao-em-foco-presidente-janio-quadros-promove-roda-de-conversa-sobre-cidadania-e-direitos-da-pessoa-com-deficiencia\/\" \/>\n<meta property=\"og:site_name\" content=\"Maetinga Not\u00edcias\" \/>\n<meta property=\"article:published_time\" content=\"2025-09-19T11:44:36+00:00\" \/>\n<meta property=\"article:modified_time\" content=\"2025-09-19T11:44:38+00:00\" \/>\n<meta property=\"og:image\" content=\"https:\/\/maetinganoticias.com\/wp-content\/uploads\/2025\/09\/Setembro-Verde-Inclusao-em-FocoNa-manha-da-ultima-quinta-feira-18-a-Secretaria-Municipal-de.jpg\" \/>\n\t<meta property=\"og:image:width\" content=\"1080\" \/>\n\t<meta property=\"og:image:height\" content=\"720\" \/>\n\t<meta property=\"og:image:type\" content=\"image\/jpeg\" \/>\n<meta name=\"author\" content=\"Maetinga Not\u00edcias\" \/>\n<meta name=\"twitter:card\" content=\"summary_large_image\" \/>\n<meta name=\"twitter:label1\" content=\"Escrito por\" \/>\n\t<meta name=\"twitter:data1\" content=\"Maetinga Not\u00edcias\" \/>\n\t<meta name=\"twitter:label2\" content=\"Est. tempo de leitura\" \/>\n\t<meta name=\"twitter:data2\" content=\"3 minutos\" \/>\n<script type=\"application\/ld+json\" class=\"yoast-schema-graph\">{\"@context\":\"https:\\\/\\\/schema.org\",\"@graph\":[{\"@type\":[\"Article\",\"BlogPosting\"],\"@id\":\"https:\\\/\\\/maetinganoticias.com\\\/index.php\\\/2025\\\/09\\\/19\\\/setembro-verde-inclusao-em-foco-presidente-janio-quadros-promove-roda-de-conversa-sobre-cidadania-e-direitos-da-pessoa-com-deficiencia\\\/#article\",\"isPartOf\":{\"@id\":\"https:\\\/\\\/maetinganoticias.com\\\/index.php\\\/2025\\\/09\\\/19\\\/setembro-verde-inclusao-em-foco-presidente-janio-quadros-promove-roda-de-conversa-sobre-cidadania-e-direitos-da-pessoa-com-deficiencia\\\/\"},\"author\":{\"name\":\"Maetinga Not\u00edcias\",\"@id\":\"https:\\\/\\\/maetinganoticias.com\\\/#\\\/schema\\\/person\\\/968cf95e67a6810fc7fb35bbc9016962\"},\"headline\":\"Setembro Verde | Inclus\u00e3o em Foco: Presidente J\u00e2nio Quadros promove Roda de Conversa sobre cidadania e direitos da pessoa com defici\u00eancia\",\"datePublished\":\"2025-09-19T11:44:36+00:00\",\"dateModified\":\"2025-09-19T11:44:38+00:00\",\"mainEntityOfPage\":{\"@id\":\"https:\\\/\\\/maetinganoticias.com\\\/index.php\\\/2025\\\/09\\\/19\\\/setembro-verde-inclusao-em-foco-presidente-janio-quadros-promove-roda-de-conversa-sobre-cidadania-e-direitos-da-pessoa-com-deficiencia\\\/\"},\"wordCount\":270,\"commentCount\":0,\"publisher\":{\"@id\":\"https:\\\/\\\/maetinganoticias.com\\\/#organization\"},\"image\":{\"@id\":\"https:\\\/\\\/maetinganoticias.com\\\/index.php\\\/2025\\\/09\\\/19\\\/setembro-verde-inclusao-em-foco-presidente-janio-quadros-promove-roda-de-conversa-sobre-cidadania-e-direitos-da-pessoa-com-deficiencia\\\/#primaryimage\"},\"thumbnailUrl\":\"https:\\\/\\\/maetinganoticias.com\\\/wp-content\\\/uploads\\\/2025\\\/09\\\/Setembro-Verde-Inclusao-em-FocoNa-manha-da-ultima-quinta-feira-18-a-Secretaria-Municipal-de.jpg\",\"articleSection\":[\"J\u00e2nio Quadros\"],\"inLanguage\":\"pt-BR\",\"potentialAction\":[{\"@type\":\"CommentAction\",\"name\":\"Comment\",\"target\":[\"https:\\\/\\\/maetinganoticias.com\\\/index.php\\\/2025\\\/09\\\/19\\\/setembro-verde-inclusao-em-foco-presidente-janio-quadros-promove-roda-de-conversa-sobre-cidadania-e-direitos-da-pessoa-com-deficiencia\\\/#respond\"]}]},{\"@type\":\"WebPage\",\"@id\":\"https:\\\/\\\/maetinganoticias.com\\\/index.php\\\/2025\\\/09\\\/19\\\/setembro-verde-inclusao-em-foco-presidente-janio-quadros-promove-roda-de-conversa-sobre-cidadania-e-direitos-da-pessoa-com-deficiencia\\\/\",\"url\":\"https:\\\/\\\/maetinganoticias.com\\\/index.php\\\/2025\\\/09\\\/19\\\/setembro-verde-inclusao-em-foco-presidente-janio-quadros-promove-roda-de-conversa-sobre-cidadania-e-direitos-da-pessoa-com-deficiencia\\\/\",\"name\":\"Setembro Verde | Inclus\u00e3o em Foco: Presidente J\u00e2nio Quadros promove Roda de Conversa sobre cidadania e direitos da pessoa com defici\u00eancia - Maetinga Not\u00edcias\",\"isPartOf\":{\"@id\":\"https:\\\/\\\/maetinganoticias.com\\\/#website\"},\"primaryImageOfPage\":{\"@id\":\"https:\\\/\\\/maetinganoticias.com\\\/index.php\\\/2025\\\/09\\\/19\\\/setembro-verde-inclusao-em-foco-presidente-janio-quadros-promove-roda-de-conversa-sobre-cidadania-e-direitos-da-pessoa-com-deficiencia\\\/#primaryimage\"},\"image\":{\"@id\":\"https:\\\/\\\/maetinganoticias.com\\\/index.php\\\/2025\\\/09\\\/19\\\/setembro-verde-inclusao-em-foco-presidente-janio-quadros-promove-roda-de-conversa-sobre-cidadania-e-direitos-da-pessoa-com-deficiencia\\\/#primaryimage\"},\"thumbnailUrl\":\"https:\\\/\\\/maetinganoticias.com\\\/wp-content\\\/uploads\\\/2025\\\/09\\\/Setembro-Verde-Inclusao-em-FocoNa-manha-da-ultima-quinta-feira-18-a-Secretaria-Municipal-de.jpg\",\"datePublished\":\"2025-09-19T11:44:36+00:00\",\"dateModified\":\"2025-09-19T11:44:38+00:00\",\"breadcrumb\":{\"@id\":\"https:\\\/\\\/maetinganoticias.com\\\/index.php\\\/2025\\\/09\\\/19\\\/setembro-verde-inclusao-em-foco-presidente-janio-quadros-promove-roda-de-conversa-sobre-cidadania-e-direitos-da-pessoa-com-deficiencia\\\/#breadcrumb\"},\"inLanguage\":\"pt-BR\",\"potentialAction\":[{\"@type\":\"ReadAction\",\"target\":[\"https:\\\/\\\/maetinganoticias.com\\\/index.php\\\/2025\\\/09\\\/19\\\/setembro-verde-inclusao-em-foco-presidente-janio-quadros-promove-roda-de-conversa-sobre-cidadania-e-direitos-da-pessoa-com-deficiencia\\\/\"]}]},{\"@type\":\"ImageObject\",\"inLanguage\":\"pt-BR\",\"@id\":\"https:\\\/\\\/maetinganoticias.com\\\/index.php\\\/2025\\\/09\\\/19\\\/setembro-verde-inclusao-em-foco-presidente-janio-quadros-promove-roda-de-conversa-sobre-cidadania-e-direitos-da-pessoa-com-deficiencia\\\/#primaryimage\",\"url\":\"https:\\\/\\\/maetinganoticias.com\\\/wp-content\\\/uploads\\\/2025\\\/09\\\/Setembro-Verde-Inclusao-em-FocoNa-manha-da-ultima-quinta-feira-18-a-Secretaria-Municipal-de.jpg\",\"contentUrl\":\"https:\\\/\\\/maetinganoticias.com\\\/wp-content\\\/uploads\\\/2025\\\/09\\\/Setembro-Verde-Inclusao-em-FocoNa-manha-da-ultima-quinta-feira-18-a-Secretaria-Municipal-de.jpg\",\"width\":1080,\"height\":720},{\"@type\":\"BreadcrumbList\",\"@id\":\"https:\\\/\\\/maetinganoticias.com\\\/index.php\\\/2025\\\/09\\\/19\\\/setembro-verde-inclusao-em-foco-presidente-janio-quadros-promove-roda-de-conversa-sobre-cidadania-e-direitos-da-pessoa-com-deficiencia\\\/#breadcrumb\",\"itemListElement\":[{\"@type\":\"ListItem\",\"position\":1,\"name\":\"In\u00edcio\",\"item\":\"https:\\\/\\\/maetinganoticias.com\\\/\"},{\"@type\":\"ListItem\",\"position\":2,\"name\":\"Setembro Verde | Inclus\u00e3o em Foco: Presidente J\u00e2nio Quadros promove Roda de Conversa sobre cidadania e direitos da pessoa com defici\u00eancia\"}]},{\"@type\":\"WebSite\",\"@id\":\"https:\\\/\\\/maetinganoticias.com\\\/#website\",\"url\":\"https:\\\/\\\/maetinganoticias.com\\\/\",\"name\":\"Maetinga Not\u00edcias\",\"description\":\"A Voz do Interior Baiano!\",\"publisher\":{\"@id\":\"https:\\\/\\\/maetinganoticias.com\\\/#organization\"},\"potentialAction\":[{\"@type\":\"SearchAction\",\"target\":{\"@type\":\"EntryPoint\",\"urlTemplate\":\"https:\\\/\\\/maetinganoticias.com\\\/?s={search_term_string}\"},\"query-input\":{\"@type\":\"PropertyValueSpecification\",\"valueRequired\":true,\"valueName\":\"search_term_string\"}}],\"inLanguage\":\"pt-BR\"},{\"@type\":\"Organization\",\"@id\":\"https:\\\/\\\/maetinganoticias.com\\\/#organization\",\"name\":\"Maetinga Not\u00edcias\",\"url\":\"https:\\\/\\\/maetinganoticias.com\\\/\",\"logo\":{\"@type\":\"ImageObject\",\"inLanguage\":\"pt-BR\",\"@id\":\"https:\\\/\\\/maetinganoticias.com\\\/#\\\/schema\\\/logo\\\/image\\\/\",\"url\":\"https:\\\/\\\/maetinganoticias.com\\\/wp-content\\\/uploads\\\/2023\\\/07\\\/cropped-cropped-cropped-cropped-BUSINESS-3-42-1.png\",\"contentUrl\":\"https:\\\/\\\/maetinganoticias.com\\\/wp-content\\\/uploads\\\/2023\\\/07\\\/cropped-cropped-cropped-cropped-BUSINESS-3-42-1.png\",\"width\":485,\"height\":109,\"caption\":\"Maetinga Not\u00edcias\"},\"image\":{\"@id\":\"https:\\\/\\\/maetinganoticias.com\\\/#\\\/schema\\\/logo\\\/image\\\/\"}},{\"@type\":\"Person\",\"@id\":\"https:\\\/\\\/maetinganoticias.com\\\/#\\\/schema\\\/person\\\/968cf95e67a6810fc7fb35bbc9016962\",\"name\":\"Maetinga Not\u00edcias\",\"image\":{\"@type\":\"ImageObject\",\"inLanguage\":\"pt-BR\",\"@id\":\"https:\\\/\\\/secure.gravatar.com\\\/avatar\\\/32e078313a5ca37a6c8d44e716ed4f9e87ecfde7222d2b88a1424bd49654f187?s=96&d=mm&r=g\",\"url\":\"https:\\\/\\\/secure.gravatar.com\\\/avatar\\\/32e078313a5ca37a6c8d44e716ed4f9e87ecfde7222d2b88a1424bd49654f187?s=96&d=mm&r=g\",\"contentUrl\":\"https:\\\/\\\/secure.gravatar.com\\\/avatar\\\/32e078313a5ca37a6c8d44e716ed4f9e87ecfde7222d2b88a1424bd49654f187?s=96&d=mm&r=g\",\"caption\":\"Maetinga Not\u00edcias\"},\"description\":\"A voz do Interior Baiano!\",\"sameAs\":[\"https:\\\/\\\/maetinganoticias.com\",\"https:\\\/\\\/www.instagram.com\\\/blogmaetinganoticias\\\/\"],\"url\":\"https:\\\/\\\/maetinganoticias.com\\\/index.php\\\/author\\\/carlosvianna13\\\/\"}]}<\/script>\n<!-- \/ Yoast SEO plugin. -->","yoast_head_json":{"title":"Setembro Verde | Inclus\u00e3o em Foco: Presidente J\u00e2nio Quadros promove Roda de Conversa sobre cidadania e direitos da pessoa com defici\u00eancia - Maetinga Not\u00edcias","robots":{"index":"index","follow":"follow","max-snippet":"max-snippet:-1","max-image-preview":"max-image-preview:large","max-video-preview":"max-video-preview:-1"},"canonical":"https:\/\/maetinganoticias.com\/index.php\/2025\/09\/19\/setembro-verde-inclusao-em-foco-presidente-janio-quadros-promove-roda-de-conversa-sobre-cidadania-e-direitos-da-pessoa-com-deficiencia\/","og_locale":"pt_BR","og_type":"article","og_title":"Setembro Verde | Inclus\u00e3o em Foco: Presidente J\u00e2nio Quadros promove Roda de Conversa sobre cidadania e direitos da pessoa com defici\u00eancia - Maetinga Not\u00edcias","og_description":"Na manh\u00e3 da \u00faltima quinta-feira (18), o Audit\u00f3rio da UNOPAR foi palco de um momento especial de reflex\u00e3o, aprendizado e fortalecimento da cidadania. Em alus\u00e3o ao Setembro Verde \u2013 m\u00eas dedicado \u00e0 luta pela inclus\u00e3o da pessoa com defici\u00eancia \u2013 a Secretaria Municipal de Desenvolvimento Social de Presidente J\u00e2nio Quadros, promoveu uma significativa Roda de [&hellip;]","og_url":"https:\/\/maetinganoticias.com\/index.php\/2025\/09\/19\/setembro-verde-inclusao-em-foco-presidente-janio-quadros-promove-roda-de-conversa-sobre-cidadania-e-direitos-da-pessoa-com-deficiencia\/","og_site_name":"Maetinga Not\u00edcias","article_published_time":"2025-09-19T11:44:36+00:00","article_modified_time":"2025-09-19T11:44:38+00:00","og_image":[{"width":1080,"height":720,"url":"https:\/\/maetinganoticias.com\/wp-content\/uploads\/2025\/09\/Setembro-Verde-Inclusao-em-FocoNa-manha-da-ultima-quinta-feira-18-a-Secretaria-Municipal-de.jpg","type":"image\/jpeg"}],"author":"Maetinga Not\u00edcias","twitter_card":"summary_large_image","twitter_misc":{"Escrito por":"Maetinga Not\u00edcias","Est. tempo de leitura":"3 minutos"},"schema":{"@context":"https:\/\/schema.org","@graph":[{"@type":["Article","BlogPosting"],"@id":"https:\/\/maetinganoticias.com\/index.php\/2025\/09\/19\/setembro-verde-inclusao-em-foco-presidente-janio-quadros-promove-roda-de-conversa-sobre-cidadania-e-direitos-da-pessoa-com-deficiencia\/#article","isPartOf":{"@id":"https:\/\/maetinganoticias.com\/index.php\/2025\/09\/19\/setembro-verde-inclusao-em-foco-presidente-janio-quadros-promove-roda-de-conversa-sobre-cidadania-e-direitos-da-pessoa-com-deficiencia\/"},"author":{"name":"Maetinga Not\u00edcias","@id":"https:\/\/maetinganoticias.com\/#\/schema\/person\/968cf95e67a6810fc7fb35bbc9016962"},"headline":"Setembro Verde | Inclus\u00e3o em Foco: Presidente J\u00e2nio Quadros promove Roda de Conversa sobre cidadania e direitos da pessoa com defici\u00eancia","datePublished":"2025-09-19T11:44:36+00:00","dateModified":"2025-09-19T11:44:38+00:00","mainEntityOfPage":{"@id":"https:\/\/maetinganoticias.com\/index.php\/2025\/09\/19\/setembro-verde-inclusao-em-foco-presidente-janio-quadros-promove-roda-de-conversa-sobre-cidadania-e-direitos-da-pessoa-com-deficiencia\/"},"wordCount":270,"commentCount":0,"publisher":{"@id":"https:\/\/maetinganoticias.com\/#organization"},"image":{"@id":"https:\/\/maetinganoticias.com\/index.php\/2025\/09\/19\/setembro-verde-inclusao-em-foco-presidente-janio-quadros-promove-roda-de-conversa-sobre-cidadania-e-direitos-da-pessoa-com-deficiencia\/#primaryimage"},"thumbnailUrl":"https:\/\/maetinganoticias.com\/wp-content\/uploads\/2025\/09\/Setembro-Verde-Inclusao-em-FocoNa-manha-da-ultima-quinta-feira-18-a-Secretaria-Municipal-de.jpg","articleSection":["J\u00e2nio Quadros"],"inLanguage":"pt-BR","potentialAction":[{"@type":"CommentAction","name":"Comment","target":["https:\/\/maetinganoticias.com\/index.php\/2025\/09\/19\/setembro-verde-inclusao-em-foco-presidente-janio-quadros-promove-roda-de-conversa-sobre-cidadania-e-direitos-da-pessoa-com-deficiencia\/#respond"]}]},{"@type":"WebPage","@id":"https:\/\/maetinganoticias.com\/index.php\/2025\/09\/19\/setembro-verde-inclusao-em-foco-presidente-janio-quadros-promove-roda-de-conversa-sobre-cidadania-e-direitos-da-pessoa-com-deficiencia\/","url":"https:\/\/maetinganoticias.com\/index.php\/2025\/09\/19\/setembro-verde-inclusao-em-foco-presidente-janio-quadros-promove-roda-de-conversa-sobre-cidadania-e-direitos-da-pessoa-com-deficiencia\/","name":"Setembro Verde | Inclus\u00e3o em Foco: Presidente J\u00e2nio Quadros promove Roda de Conversa sobre cidadania e direitos da pessoa com defici\u00eancia - Maetinga Not\u00edcias","isPartOf":{"@id":"https:\/\/maetinganoticias.com\/#website"},"primaryImageOfPage":{"@id":"https:\/\/maetinganoticias.com\/index.php\/2025\/09\/19\/setembro-verde-inclusao-em-foco-presidente-janio-quadros-promove-roda-de-conversa-sobre-cidadania-e-direitos-da-pessoa-com-deficiencia\/#primaryimage"},"image":{"@id":"https:\/\/maetinganoticias.com\/index.php\/2025\/09\/19\/setembro-verde-inclusao-em-foco-presidente-janio-quadros-promove-roda-de-conversa-sobre-cidadania-e-direitos-da-pessoa-com-deficiencia\/#primaryimage"},"thumbnailUrl":"https:\/\/maetinganoticias.com\/wp-content\/uploads\/2025\/09\/Setembro-Verde-Inclusao-em-FocoNa-manha-da-ultima-quinta-feira-18-a-Secretaria-Municipal-de.jpg","datePublished":"2025-09-19T11:44:36+00:00","dateModified":"2025-09-19T11:44:38+00:00","breadcrumb":{"@id":"https:\/\/maetinganoticias.com\/index.php\/2025\/09\/19\/setembro-verde-inclusao-em-foco-presidente-janio-quadros-promove-roda-de-conversa-sobre-cidadania-e-direitos-da-pessoa-com-deficiencia\/#breadcrumb"},"inLanguage":"pt-BR","potentialAction":[{"@type":"ReadAction","target":["https:\/\/maetinganoticias.com\/index.php\/2025\/09\/19\/setembro-verde-inclusao-em-foco-presidente-janio-quadros-promove-roda-de-conversa-sobre-cidadania-e-direitos-da-pessoa-com-deficiencia\/"]}]},{"@type":"ImageObject","inLanguage":"pt-BR","@id":"https:\/\/maetinganoticias.com\/index.php\/2025\/09\/19\/setembro-verde-inclusao-em-foco-presidente-janio-quadros-promove-roda-de-conversa-sobre-cidadania-e-direitos-da-pessoa-com-deficiencia\/#primaryimage","url":"https:\/\/maetinganoticias.com\/wp-content\/uploads\/2025\/09\/Setembro-Verde-Inclusao-em-FocoNa-manha-da-ultima-quinta-feira-18-a-Secretaria-Municipal-de.jpg","contentUrl":"https:\/\/maetinganoticias.com\/wp-content\/uploads\/2025\/09\/Setembro-Verde-Inclusao-em-FocoNa-manha-da-ultima-quinta-feira-18-a-Secretaria-Municipal-de.jpg","width":1080,"height":720},{"@type":"BreadcrumbList","@id":"https:\/\/maetinganoticias.com\/index.php\/2025\/09\/19\/setembro-verde-inclusao-em-foco-presidente-janio-quadros-promove-roda-de-conversa-sobre-cidadania-e-direitos-da-pessoa-com-deficiencia\/#breadcrumb","itemListElement":[{"@type":"ListItem","position":1,"name":"In\u00edcio","item":"https:\/\/maetinganoticias.com\/"},{"@type":"ListItem","position":2,"name":"Setembro Verde | Inclus\u00e3o em Foco: Presidente J\u00e2nio Quadros promove Roda de Conversa sobre cidadania e direitos da pessoa com defici\u00eancia"}]},{"@type":"WebSite","@id":"https:\/\/maetinganoticias.com\/#website","url":"https:\/\/maetinganoticias.com\/","name":"Maetinga Not\u00edcias","description":"A Voz do Interior Baiano!","publisher":{"@id":"https:\/\/maetinganoticias.com\/#organization"},"potentialAction":[{"@type":"SearchAction","target":{"@type":"EntryPoint","urlTemplate":"https:\/\/maetinganoticias.com\/?s={search_term_string}"},"query-input":{"@type":"PropertyValueSpecification","valueRequired":true,"valueName":"search_term_string"}}],"inLanguage":"pt-BR"},{"@type":"Organization","@id":"https:\/\/maetinganoticias.com\/#organization","name":"Maetinga Not\u00edcias","url":"https:\/\/maetinganoticias.com\/","logo":{"@type":"ImageObject","inLanguage":"pt-BR","@id":"https:\/\/maetinganoticias.com\/#\/schema\/logo\/image\/","url":"https:\/\/maetinganoticias.com\/wp-content\/uploads\/2023\/07\/cropped-cropped-cropped-cropped-BUSINESS-3-42-1.png","contentUrl":"https:\/\/maetinganoticias.com\/wp-content\/uploads\/2023\/07\/cropped-cropped-cropped-cropped-BUSINESS-3-42-1.png","width":485,"height":109,"caption":"Maetinga Not\u00edcias"},"image":{"@id":"https:\/\/maetinganoticias.com\/#\/schema\/logo\/image\/"}},{"@type":"Person","@id":"https:\/\/maetinganoticias.com\/#\/schema\/person\/968cf95e67a6810fc7fb35bbc9016962","name":"Maetinga Not\u00edcias","image":{"@type":"ImageObject","inLanguage":"pt-BR","@id":"https:\/\/secure.gravatar.com\/avatar\/32e078313a5ca37a6c8d44e716ed4f9e87ecfde7222d2b88a1424bd49654f187?s=96&d=mm&r=g","url":"https:\/\/secure.gravatar.com\/avatar\/32e078313a5ca37a6c8d44e716ed4f9e87ecfde7222d2b88a1424bd49654f187?s=96&d=mm&r=g","contentUrl":"https:\/\/secure.gravatar.com\/avatar\/32e078313a5ca37a6c8d44e716ed4f9e87ecfde7222d2b88a1424bd49654f187?s=96&d=mm&r=g","caption":"Maetinga Not\u00edcias"},"description":"A voz do Interior Baiano!","sameAs":["https:\/\/maetinganoticias.com","https:\/\/www.instagram.com\/blogmaetinganoticias\/"],"url":"https:\/\/maetinganoticias.com\/index.php\/author\/carlosvianna13\/"}]}},"_links":{"self":[{"href":"https:\/\/maetinganoticias.com\/index.php\/wp-json\/wp\/v2\/posts\/8731","targetHints":{"allow":["GET"]}}],"collection":[{"href":"https:\/\/maetinganoticias.com\/index.php\/wp-json\/wp\/v2\/posts"}],"about":[{"href":"https:\/\/maetinganoticias.com\/index.php\/wp-json\/wp\/v2\/types\/post"}],"author":[{"embeddable":true,"href":"https:\/\/maetinganoticias.com\/index.php\/wp-json\/wp\/v2\/users\/1"}],"replies":[{"embeddable":true,"href":"https:\/\/maetinganoticias.com\/index.php\/wp-json\/wp\/v2\/comments?post=8731"}],"version-history":[{"count":1,"href":"https:\/\/maetinganoticias.com\/index.php\/wp-json\/wp\/v2\/posts\/8731\/revisions"}],"predecessor-version":[{"id":8743,"href":"https:\/\/maetinganoticias.com\/index.php\/wp-json\/wp\/v2\/posts\/8731\/revisions\/8743"}],"wp:featuredmedia":[{"embeddable":true,"href":"https:\/\/maetinganoticias.com\/index.php\/wp-json\/wp\/v2\/media\/8742"}],"wp:attachment":[{"href":"https:\/\/maetinganoticias.com\/index.php\/wp-json\/wp\/v2\/media?parent=8731"}],"wp:term":[{"taxonomy":"category","embeddable":true,"href":"https:\/\/maetinganoticias.com\/index.php\/wp-json\/wp\/v2\/categories?post=8731"},{"taxonomy":"post_tag","embeddable":true,"href":"https:\/\/maetinganoticias.com\/index.php\/wp-json\/wp\/v2\/tags?post=8731"}],"curies":[{"name":"wp","href":"https:\/\/api.w.org\/{rel}","templated":true}]}}