{"id":8184,"date":"2025-07-10T15:26:57","date_gmt":"2025-07-10T18:26:57","guid":{"rendered":"https:\/\/maetinganoticias.com\/?p=8184"},"modified":"2025-07-10T15:26:59","modified_gmt":"2025-07-10T18:26:59","slug":"haddad-diz-que-tarifaco-de-trump-nao-tem-racionalidade-economica","status":"publish","type":"post","link":"https:\/\/maetinganoticias.com\/index.php\/2025\/07\/10\/haddad-diz-que-tarifaco-de-trump-nao-tem-racionalidade-economica\/","title":{"rendered":"Haddad diz que tarifa\u00e7o de Trump n\u00e3o tem racionalidade econ\u00f4mica"},"content":{"rendered":"\n<p><strong>\u201cN\u00e3o h\u00e1 espa\u00e7o no Brasil para vassalo\u201d, afirma ministro da Fazenda<\/strong>&#8220;<\/p>\n\n\n\n<p><strong>O ministro da Fazenda, Fernando Haddad, afirmou, nesta quinta-feira (10), que a imposi\u00e7\u00e3o de tarifas comerciais sobre produtos exportados pelo Brasil aos Estados Unidos (EUA) ser\u00e1 desastrosa para quem promoveu. Haddad disse, por\u00e9m, que tal situa\u00e7\u00e3o n\u00e3o vai se manter e que esse \u201cataque ao Brasil\u201d n\u00e3o tem racionalidade econ\u00f4mica.<\/strong><img decoding=\"async\" src=\"https:\/\/agenciabrasil.ebc.com.br\/ebc.png?id=1650384&amp;o=node\"><img decoding=\"async\" src=\"https:\/\/agenciabrasil.ebc.com.br\/ebc.gif?id=1650384&amp;o=node\"><\/p>\n\n\n\n<p>Nesta quarta-feira (9),\u00a0\u00a0o presidente dos EUA, Donald Trump, enviou uma carta ao presidente Luiz In\u00e1cio Lula da Silva\u00a0anunciando a imposi\u00e7\u00e3o de uma tarifa de 50% sobre todas as exporta\u00e7\u00f5es brasileiras ao pa\u00eds norte-americano, a partir do dia 1\u00ba de agosto. No documento,\u00a0Trump justifica a medida citando o ex-presidente Jair Bolsonaro, que \u00e9 r\u00e9u no Supremo Tribunal Federal (STF) por tentativa de golpe de Estado.<\/p>\n\n\n\n<p>\u201cA \u00fanica explica\u00e7\u00e3o plaus\u00edvel para o que foi feito ontem \u00e9 porque a fam\u00edlia Bolsonaro urdiu esse ataque ao Brasil, com um objetivo espec\u00edfico, que \u00e9 escapar do processo judicial que est\u00e1 em curso. Ent\u00e3o, a \u00fanica explica\u00e7\u00e3o \u00e9 de car\u00e1ter pol\u00edtico envolvendo a fam\u00edlia Bolsonaro\u201d, disse Haddad. Ele lembrou que o pr\u00f3prio filho do ex-presidente, deputado federal licenciado Eduardo Bolsonaro (PL-SP), que est\u00e1 morando nos EUA,\u00a0manifesta-se publicamente sobre essas inten\u00e7\u00f5es.<\/p>\n\n\n\n<p>Outro ator pol\u00edtico que defende as a\u00e7\u00f5es do ex-presidente \u00e9 Tarc\u00edsio de Freitas,\u00a0governador de\u00a0S\u00e3o Paulo,\u00a0estado que, segundo Haddad, ser\u00e1 um dos mais afetados pela tarifas norte-americanas. Suco de laranja, m\u00e1quinas e aeronaves, produzidos em S\u00e3o Paulo, est\u00e3o entre os principais itens da pauta brasileira aos Estados Unidos.<\/p>\n\n\n\n<p>\u201cA extrema-direita vai ter que reconhecer, mais cedo ou mais tarde, que deu um enorme tiro no p\u00e9, porque est\u00e1 prejudicando o principal estado do pa\u00eds, justamente o estado de S\u00e3o Paulo. \u00c9 o suco de laranja de S\u00e3o Paulo, s\u00e3o os avi\u00f5es produzidos pela Embraer, que \u00e9 uma conquista hist\u00f3rica da tecnologia brasileira. Eu penso que o governador errou muito porque, ou bem uma pessoa \u00e9 candidata a presidente, ou \u00e9 candidata a vassalo E n\u00e3o h\u00e1 espa\u00e7o no Brasil para vassalagem. Desde 1822 isso acabou\u201d, refor\u00e7ou o ministro da Fazenda.<\/p>\n\n\n\n<h2 class=\"wp-block-heading\">Resposta<\/h2>\n\n\n\n<p>\u201cEu creio que foi um dia ruim e que n\u00f3s vamos ter que encontrar um caminho de superar e esquecer que ele aconteceu para boa rela\u00e7\u00e3o entre dois povos que se gostam\u201d, acrescentou Haddad, ao citar a complementariedade das duas economias, os interesses comuns e os 200 anos de rela\u00e7\u00f5es diplom\u00e1ticas entre Brasil e Estados Unidos.<\/p>\n\n\n\n<p>Haddad reafirmou a aposta na diplomacia brasileira que, para ele, \u00e9 reconhecida no mundo como uma das mais profissionais e vai buscar uma solu\u00e7\u00e3o &#8220;em bases econ\u00f4micas que sejam edificantes para as duas na\u00e7\u00f5es&#8221;.<\/p>\n\n\n\n<h2 class=\"wp-block-heading\">Multilateralismo<\/h2>\n\n\n\n<p>A decis\u00e3o do presidente americano contra o Brasil ocorre na mesma semana em que Trump e Lula trocaram cr\u00edticas por conta da realiza\u00e7\u00e3o da&nbsp;<a href=\"https:\/\/agenciabrasil.ebc.com.br\/internacional\/noticia\/2025-07\/declaracao-do-rio-paises-do-brics-defendem-ordem-global-mais-justa\" target=\"_blank\" rel=\"noreferrer noopener\">c\u00fapula do Brics<\/a>, bloco que re\u00fane as maiores economias emergentes do planeta, no Rio de Janeiro. Trump chegou a amea\u00e7ar os pa\u00edses alinhados ao grupo, o que agora se materializa no caso brasileiro.<\/p>\n\n\n\n<p><strong>O ministro Haddad defendeu o multilateralismo e negocia\u00e7\u00f5es comerciais diversificadas e disse que o Brasil \u00e9 grande demais para ser \u201cap\u00eandice de bloco econ\u00f4mico\u201d.<\/strong><\/p>\n\n\n\n<p>\u201cO Brasil acredita numa reglobaliza\u00e7\u00e3o sustent\u00e1vel. A globaliza\u00e7\u00e3o neoliberal, realmente, n\u00e3o deu certo. Ela produziu enormes desequil\u00edbrios, e isso muito em virtude daquilo que foi a receita do Norte Global. O Norte Global \u00e9 que colocou a globaliza\u00e7\u00e3o neoliberal como m\u00e1xima, como objetivo m\u00e1ximo do fim da hist\u00f3ria. E o que aconteceu foi que houve uma corrida e, nessa corrida, a China levou a melhor\u201d, explicou Haddad sobre a\u00a0guerra comercial entre China e Estados Unidos.<\/p>\n","protected":false},"excerpt":{"rendered":"<p>\u201cN\u00e3o h\u00e1 espa\u00e7o no Brasil para vassalo\u201d, afirma ministro da Fazenda&#8220; O ministro da Fazenda, Fernando Haddad, afirmou, nesta quinta-feira (10), que a imposi\u00e7\u00e3o de tarifas comerciais sobre produtos exportados pelo Brasil aos Estados Unidos (EUA) ser\u00e1 desastrosa para quem promoveu. Haddad disse, por\u00e9m, que tal situa\u00e7\u00e3o n\u00e3o vai se manter e que esse \u201cataque [&hellip;]<\/p>\n","protected":false},"author":1,"featured_media":8185,"comment_status":"open","ping_status":"open","sticky":false,"template":"","format":"standard","meta":{"om_disable_all_campaigns":false,"_monsterinsights_skip_tracking":false,"_monsterinsights_sitenote_active":false,"_monsterinsights_sitenote_note":"","_monsterinsights_sitenote_category":0,"_uf_show_specific_survey":0,"_uf_disable_surveys":false,"footnotes":""},"categories":[832],"tags":[],"class_list":{"0":"post-8184","1":"post","2":"type-post","3":"status-publish","4":"format-standard","5":"has-post-thumbnail","7":"category-economia"},"yoast_head":"<!-- This site is optimized with the Yoast SEO plugin v27.5 - https:\/\/yoast.com\/product\/yoast-seo-wordpress\/ -->\n<title>Haddad diz que tarifa\u00e7o de Trump n\u00e3o tem racionalidade econ\u00f4mica - Maetinga Not\u00edcias<\/title>\n<meta name=\"robots\" content=\"index, follow, max-snippet:-1, max-image-preview:large, max-video-preview:-1\" \/>\n<link rel=\"canonical\" href=\"https:\/\/maetinganoticias.com\/index.php\/2025\/07\/10\/haddad-diz-que-tarifaco-de-trump-nao-tem-racionalidade-economica\/\" \/>\n<meta property=\"og:locale\" content=\"pt_BR\" \/>\n<meta property=\"og:type\" content=\"article\" \/>\n<meta property=\"og:title\" content=\"Haddad diz que tarifa\u00e7o de Trump n\u00e3o tem racionalidade econ\u00f4mica - Maetinga Not\u00edcias\" \/>\n<meta property=\"og:description\" content=\"\u201cN\u00e3o h\u00e1 espa\u00e7o no Brasil para vassalo\u201d, afirma ministro da Fazenda&#8220; O ministro da Fazenda, Fernando Haddad, afirmou, nesta quinta-feira (10), que a imposi\u00e7\u00e3o de tarifas comerciais sobre produtos exportados pelo Brasil aos Estados Unidos (EUA) ser\u00e1 desastrosa para quem promoveu. Haddad disse, por\u00e9m, que tal situa\u00e7\u00e3o n\u00e3o vai se manter e que esse \u201cataque [&hellip;]\" \/>\n<meta property=\"og:url\" content=\"https:\/\/maetinganoticias.com\/index.php\/2025\/07\/10\/haddad-diz-que-tarifaco-de-trump-nao-tem-racionalidade-economica\/\" \/>\n<meta property=\"og:site_name\" content=\"Maetinga Not\u00edcias\" \/>\n<meta property=\"article:published_time\" content=\"2025-07-10T18:26:57+00:00\" \/>\n<meta property=\"article:modified_time\" content=\"2025-07-10T18:26:59+00:00\" \/>\n<meta property=\"og:image\" content=\"https:\/\/maetinganoticias.com\/wp-content\/uploads\/2025\/07\/WhatsApp-Image-2025-07-10-at-15.23.08.jpeg\" \/>\n\t<meta property=\"og:image:width\" content=\"1170\" \/>\n\t<meta property=\"og:image:height\" content=\"700\" \/>\n\t<meta property=\"og:image:type\" content=\"image\/jpeg\" \/>\n<meta name=\"author\" content=\"Maetinga Not\u00edcias\" \/>\n<meta name=\"twitter:card\" content=\"summary_large_image\" \/>\n<meta name=\"twitter:label1\" content=\"Escrito por\" \/>\n\t<meta name=\"twitter:data1\" content=\"Maetinga Not\u00edcias\" \/>\n\t<meta name=\"twitter:label2\" content=\"Est. tempo de leitura\" \/>\n\t<meta name=\"twitter:data2\" content=\"4 minutos\" \/>\n<script type=\"application\/ld+json\" class=\"yoast-schema-graph\">{\"@context\":\"https:\\\/\\\/schema.org\",\"@graph\":[{\"@type\":[\"Article\",\"BlogPosting\"],\"@id\":\"https:\\\/\\\/maetinganoticias.com\\\/index.php\\\/2025\\\/07\\\/10\\\/haddad-diz-que-tarifaco-de-trump-nao-tem-racionalidade-economica\\\/#article\",\"isPartOf\":{\"@id\":\"https:\\\/\\\/maetinganoticias.com\\\/index.php\\\/2025\\\/07\\\/10\\\/haddad-diz-que-tarifaco-de-trump-nao-tem-racionalidade-economica\\\/\"},\"author\":{\"name\":\"Maetinga Not\u00edcias\",\"@id\":\"https:\\\/\\\/maetinganoticias.com\\\/#\\\/schema\\\/person\\\/968cf95e67a6810fc7fb35bbc9016962\"},\"headline\":\"Haddad diz que tarifa\u00e7o de Trump n\u00e3o tem racionalidade econ\u00f4mica\",\"datePublished\":\"2025-07-10T18:26:57+00:00\",\"dateModified\":\"2025-07-10T18:26:59+00:00\",\"mainEntityOfPage\":{\"@id\":\"https:\\\/\\\/maetinganoticias.com\\\/index.php\\\/2025\\\/07\\\/10\\\/haddad-diz-que-tarifaco-de-trump-nao-tem-racionalidade-economica\\\/\"},\"wordCount\":653,\"commentCount\":0,\"publisher\":{\"@id\":\"https:\\\/\\\/maetinganoticias.com\\\/#organization\"},\"image\":{\"@id\":\"https:\\\/\\\/maetinganoticias.com\\\/index.php\\\/2025\\\/07\\\/10\\\/haddad-diz-que-tarifaco-de-trump-nao-tem-racionalidade-economica\\\/#primaryimage\"},\"thumbnailUrl\":\"https:\\\/\\\/maetinganoticias.com\\\/wp-content\\\/uploads\\\/2025\\\/07\\\/WhatsApp-Image-2025-07-10-at-15.23.08.jpeg\",\"articleSection\":[\"Economia\"],\"inLanguage\":\"pt-BR\",\"potentialAction\":[{\"@type\":\"CommentAction\",\"name\":\"Comment\",\"target\":[\"https:\\\/\\\/maetinganoticias.com\\\/index.php\\\/2025\\\/07\\\/10\\\/haddad-diz-que-tarifaco-de-trump-nao-tem-racionalidade-economica\\\/#respond\"]}]},{\"@type\":\"WebPage\",\"@id\":\"https:\\\/\\\/maetinganoticias.com\\\/index.php\\\/2025\\\/07\\\/10\\\/haddad-diz-que-tarifaco-de-trump-nao-tem-racionalidade-economica\\\/\",\"url\":\"https:\\\/\\\/maetinganoticias.com\\\/index.php\\\/2025\\\/07\\\/10\\\/haddad-diz-que-tarifaco-de-trump-nao-tem-racionalidade-economica\\\/\",\"name\":\"Haddad diz que tarifa\u00e7o de Trump n\u00e3o tem racionalidade econ\u00f4mica - Maetinga Not\u00edcias\",\"isPartOf\":{\"@id\":\"https:\\\/\\\/maetinganoticias.com\\\/#website\"},\"primaryImageOfPage\":{\"@id\":\"https:\\\/\\\/maetinganoticias.com\\\/index.php\\\/2025\\\/07\\\/10\\\/haddad-diz-que-tarifaco-de-trump-nao-tem-racionalidade-economica\\\/#primaryimage\"},\"image\":{\"@id\":\"https:\\\/\\\/maetinganoticias.com\\\/index.php\\\/2025\\\/07\\\/10\\\/haddad-diz-que-tarifaco-de-trump-nao-tem-racionalidade-economica\\\/#primaryimage\"},\"thumbnailUrl\":\"https:\\\/\\\/maetinganoticias.com\\\/wp-content\\\/uploads\\\/2025\\\/07\\\/WhatsApp-Image-2025-07-10-at-15.23.08.jpeg\",\"datePublished\":\"2025-07-10T18:26:57+00:00\",\"dateModified\":\"2025-07-10T18:26:59+00:00\",\"breadcrumb\":{\"@id\":\"https:\\\/\\\/maetinganoticias.com\\\/index.php\\\/2025\\\/07\\\/10\\\/haddad-diz-que-tarifaco-de-trump-nao-tem-racionalidade-economica\\\/#breadcrumb\"},\"inLanguage\":\"pt-BR\",\"potentialAction\":[{\"@type\":\"ReadAction\",\"target\":[\"https:\\\/\\\/maetinganoticias.com\\\/index.php\\\/2025\\\/07\\\/10\\\/haddad-diz-que-tarifaco-de-trump-nao-tem-racionalidade-economica\\\/\"]}]},{\"@type\":\"ImageObject\",\"inLanguage\":\"pt-BR\",\"@id\":\"https:\\\/\\\/maetinganoticias.com\\\/index.php\\\/2025\\\/07\\\/10\\\/haddad-diz-que-tarifaco-de-trump-nao-tem-racionalidade-economica\\\/#primaryimage\",\"url\":\"https:\\\/\\\/maetinganoticias.com\\\/wp-content\\\/uploads\\\/2025\\\/07\\\/WhatsApp-Image-2025-07-10-at-15.23.08.jpeg\",\"contentUrl\":\"https:\\\/\\\/maetinganoticias.com\\\/wp-content\\\/uploads\\\/2025\\\/07\\\/WhatsApp-Image-2025-07-10-at-15.23.08.jpeg\",\"width\":1170,\"height\":700,\"caption\":\"\u00a9 Lula Marques\\\/Ag\u00eancia Brasil\"},{\"@type\":\"BreadcrumbList\",\"@id\":\"https:\\\/\\\/maetinganoticias.com\\\/index.php\\\/2025\\\/07\\\/10\\\/haddad-diz-que-tarifaco-de-trump-nao-tem-racionalidade-economica\\\/#breadcrumb\",\"itemListElement\":[{\"@type\":\"ListItem\",\"position\":1,\"name\":\"In\u00edcio\",\"item\":\"https:\\\/\\\/maetinganoticias.com\\\/\"},{\"@type\":\"ListItem\",\"position\":2,\"name\":\"Haddad diz que tarifa\u00e7o de Trump n\u00e3o tem racionalidade econ\u00f4mica\"}]},{\"@type\":\"WebSite\",\"@id\":\"https:\\\/\\\/maetinganoticias.com\\\/#website\",\"url\":\"https:\\\/\\\/maetinganoticias.com\\\/\",\"name\":\"Maetinga Not\u00edcias\",\"description\":\"A Voz do Interior Baiano!\",\"publisher\":{\"@id\":\"https:\\\/\\\/maetinganoticias.com\\\/#organization\"},\"potentialAction\":[{\"@type\":\"SearchAction\",\"target\":{\"@type\":\"EntryPoint\",\"urlTemplate\":\"https:\\\/\\\/maetinganoticias.com\\\/?s={search_term_string}\"},\"query-input\":{\"@type\":\"PropertyValueSpecification\",\"valueRequired\":true,\"valueName\":\"search_term_string\"}}],\"inLanguage\":\"pt-BR\"},{\"@type\":\"Organization\",\"@id\":\"https:\\\/\\\/maetinganoticias.com\\\/#organization\",\"name\":\"Maetinga Not\u00edcias\",\"url\":\"https:\\\/\\\/maetinganoticias.com\\\/\",\"logo\":{\"@type\":\"ImageObject\",\"inLanguage\":\"pt-BR\",\"@id\":\"https:\\\/\\\/maetinganoticias.com\\\/#\\\/schema\\\/logo\\\/image\\\/\",\"url\":\"https:\\\/\\\/maetinganoticias.com\\\/wp-content\\\/uploads\\\/2023\\\/07\\\/cropped-cropped-cropped-cropped-BUSINESS-3-42-1.png\",\"contentUrl\":\"https:\\\/\\\/maetinganoticias.com\\\/wp-content\\\/uploads\\\/2023\\\/07\\\/cropped-cropped-cropped-cropped-BUSINESS-3-42-1.png\",\"width\":485,\"height\":109,\"caption\":\"Maetinga Not\u00edcias\"},\"image\":{\"@id\":\"https:\\\/\\\/maetinganoticias.com\\\/#\\\/schema\\\/logo\\\/image\\\/\"}},{\"@type\":\"Person\",\"@id\":\"https:\\\/\\\/maetinganoticias.com\\\/#\\\/schema\\\/person\\\/968cf95e67a6810fc7fb35bbc9016962\",\"name\":\"Maetinga Not\u00edcias\",\"image\":{\"@type\":\"ImageObject\",\"inLanguage\":\"pt-BR\",\"@id\":\"https:\\\/\\\/secure.gravatar.com\\\/avatar\\\/32e078313a5ca37a6c8d44e716ed4f9e87ecfde7222d2b88a1424bd49654f187?s=96&d=mm&r=g\",\"url\":\"https:\\\/\\\/secure.gravatar.com\\\/avatar\\\/32e078313a5ca37a6c8d44e716ed4f9e87ecfde7222d2b88a1424bd49654f187?s=96&d=mm&r=g\",\"contentUrl\":\"https:\\\/\\\/secure.gravatar.com\\\/avatar\\\/32e078313a5ca37a6c8d44e716ed4f9e87ecfde7222d2b88a1424bd49654f187?s=96&d=mm&r=g\",\"caption\":\"Maetinga Not\u00edcias\"},\"description\":\"A voz do Interior Baiano!\",\"sameAs\":[\"https:\\\/\\\/maetinganoticias.com\",\"https:\\\/\\\/www.instagram.com\\\/blogmaetinganoticias\\\/\"],\"url\":\"https:\\\/\\\/maetinganoticias.com\\\/index.php\\\/author\\\/carlosvianna13\\\/\"}]}<\/script>\n<!-- \/ Yoast SEO plugin. -->","yoast_head_json":{"title":"Haddad diz que tarifa\u00e7o de Trump n\u00e3o tem racionalidade econ\u00f4mica - Maetinga Not\u00edcias","robots":{"index":"index","follow":"follow","max-snippet":"max-snippet:-1","max-image-preview":"max-image-preview:large","max-video-preview":"max-video-preview:-1"},"canonical":"https:\/\/maetinganoticias.com\/index.php\/2025\/07\/10\/haddad-diz-que-tarifaco-de-trump-nao-tem-racionalidade-economica\/","og_locale":"pt_BR","og_type":"article","og_title":"Haddad diz que tarifa\u00e7o de Trump n\u00e3o tem racionalidade econ\u00f4mica - Maetinga Not\u00edcias","og_description":"\u201cN\u00e3o h\u00e1 espa\u00e7o no Brasil para vassalo\u201d, afirma ministro da Fazenda&#8220; O ministro da Fazenda, Fernando Haddad, afirmou, nesta quinta-feira (10), que a imposi\u00e7\u00e3o de tarifas comerciais sobre produtos exportados pelo Brasil aos Estados Unidos (EUA) ser\u00e1 desastrosa para quem promoveu. Haddad disse, por\u00e9m, que tal situa\u00e7\u00e3o n\u00e3o vai se manter e que esse \u201cataque [&hellip;]","og_url":"https:\/\/maetinganoticias.com\/index.php\/2025\/07\/10\/haddad-diz-que-tarifaco-de-trump-nao-tem-racionalidade-economica\/","og_site_name":"Maetinga Not\u00edcias","article_published_time":"2025-07-10T18:26:57+00:00","article_modified_time":"2025-07-10T18:26:59+00:00","og_image":[{"width":1170,"height":700,"url":"https:\/\/maetinganoticias.com\/wp-content\/uploads\/2025\/07\/WhatsApp-Image-2025-07-10-at-15.23.08.jpeg","type":"image\/jpeg"}],"author":"Maetinga Not\u00edcias","twitter_card":"summary_large_image","twitter_misc":{"Escrito por":"Maetinga Not\u00edcias","Est. tempo de leitura":"4 minutos"},"schema":{"@context":"https:\/\/schema.org","@graph":[{"@type":["Article","BlogPosting"],"@id":"https:\/\/maetinganoticias.com\/index.php\/2025\/07\/10\/haddad-diz-que-tarifaco-de-trump-nao-tem-racionalidade-economica\/#article","isPartOf":{"@id":"https:\/\/maetinganoticias.com\/index.php\/2025\/07\/10\/haddad-diz-que-tarifaco-de-trump-nao-tem-racionalidade-economica\/"},"author":{"name":"Maetinga Not\u00edcias","@id":"https:\/\/maetinganoticias.com\/#\/schema\/person\/968cf95e67a6810fc7fb35bbc9016962"},"headline":"Haddad diz que tarifa\u00e7o de Trump n\u00e3o tem racionalidade econ\u00f4mica","datePublished":"2025-07-10T18:26:57+00:00","dateModified":"2025-07-10T18:26:59+00:00","mainEntityOfPage":{"@id":"https:\/\/maetinganoticias.com\/index.php\/2025\/07\/10\/haddad-diz-que-tarifaco-de-trump-nao-tem-racionalidade-economica\/"},"wordCount":653,"commentCount":0,"publisher":{"@id":"https:\/\/maetinganoticias.com\/#organization"},"image":{"@id":"https:\/\/maetinganoticias.com\/index.php\/2025\/07\/10\/haddad-diz-que-tarifaco-de-trump-nao-tem-racionalidade-economica\/#primaryimage"},"thumbnailUrl":"https:\/\/maetinganoticias.com\/wp-content\/uploads\/2025\/07\/WhatsApp-Image-2025-07-10-at-15.23.08.jpeg","articleSection":["Economia"],"inLanguage":"pt-BR","potentialAction":[{"@type":"CommentAction","name":"Comment","target":["https:\/\/maetinganoticias.com\/index.php\/2025\/07\/10\/haddad-diz-que-tarifaco-de-trump-nao-tem-racionalidade-economica\/#respond"]}]},{"@type":"WebPage","@id":"https:\/\/maetinganoticias.com\/index.php\/2025\/07\/10\/haddad-diz-que-tarifaco-de-trump-nao-tem-racionalidade-economica\/","url":"https:\/\/maetinganoticias.com\/index.php\/2025\/07\/10\/haddad-diz-que-tarifaco-de-trump-nao-tem-racionalidade-economica\/","name":"Haddad diz que tarifa\u00e7o de Trump n\u00e3o tem racionalidade econ\u00f4mica - Maetinga Not\u00edcias","isPartOf":{"@id":"https:\/\/maetinganoticias.com\/#website"},"primaryImageOfPage":{"@id":"https:\/\/maetinganoticias.com\/index.php\/2025\/07\/10\/haddad-diz-que-tarifaco-de-trump-nao-tem-racionalidade-economica\/#primaryimage"},"image":{"@id":"https:\/\/maetinganoticias.com\/index.php\/2025\/07\/10\/haddad-diz-que-tarifaco-de-trump-nao-tem-racionalidade-economica\/#primaryimage"},"thumbnailUrl":"https:\/\/maetinganoticias.com\/wp-content\/uploads\/2025\/07\/WhatsApp-Image-2025-07-10-at-15.23.08.jpeg","datePublished":"2025-07-10T18:26:57+00:00","dateModified":"2025-07-10T18:26:59+00:00","breadcrumb":{"@id":"https:\/\/maetinganoticias.com\/index.php\/2025\/07\/10\/haddad-diz-que-tarifaco-de-trump-nao-tem-racionalidade-economica\/#breadcrumb"},"inLanguage":"pt-BR","potentialAction":[{"@type":"ReadAction","target":["https:\/\/maetinganoticias.com\/index.php\/2025\/07\/10\/haddad-diz-que-tarifaco-de-trump-nao-tem-racionalidade-economica\/"]}]},{"@type":"ImageObject","inLanguage":"pt-BR","@id":"https:\/\/maetinganoticias.com\/index.php\/2025\/07\/10\/haddad-diz-que-tarifaco-de-trump-nao-tem-racionalidade-economica\/#primaryimage","url":"https:\/\/maetinganoticias.com\/wp-content\/uploads\/2025\/07\/WhatsApp-Image-2025-07-10-at-15.23.08.jpeg","contentUrl":"https:\/\/maetinganoticias.com\/wp-content\/uploads\/2025\/07\/WhatsApp-Image-2025-07-10-at-15.23.08.jpeg","width":1170,"height":700,"caption":"\u00a9 Lula Marques\/Ag\u00eancia Brasil"},{"@type":"BreadcrumbList","@id":"https:\/\/maetinganoticias.com\/index.php\/2025\/07\/10\/haddad-diz-que-tarifaco-de-trump-nao-tem-racionalidade-economica\/#breadcrumb","itemListElement":[{"@type":"ListItem","position":1,"name":"In\u00edcio","item":"https:\/\/maetinganoticias.com\/"},{"@type":"ListItem","position":2,"name":"Haddad diz que tarifa\u00e7o de Trump n\u00e3o tem racionalidade econ\u00f4mica"}]},{"@type":"WebSite","@id":"https:\/\/maetinganoticias.com\/#website","url":"https:\/\/maetinganoticias.com\/","name":"Maetinga Not\u00edcias","description":"A Voz do Interior Baiano!","publisher":{"@id":"https:\/\/maetinganoticias.com\/#organization"},"potentialAction":[{"@type":"SearchAction","target":{"@type":"EntryPoint","urlTemplate":"https:\/\/maetinganoticias.com\/?s={search_term_string}"},"query-input":{"@type":"PropertyValueSpecification","valueRequired":true,"valueName":"search_term_string"}}],"inLanguage":"pt-BR"},{"@type":"Organization","@id":"https:\/\/maetinganoticias.com\/#organization","name":"Maetinga Not\u00edcias","url":"https:\/\/maetinganoticias.com\/","logo":{"@type":"ImageObject","inLanguage":"pt-BR","@id":"https:\/\/maetinganoticias.com\/#\/schema\/logo\/image\/","url":"https:\/\/maetinganoticias.com\/wp-content\/uploads\/2023\/07\/cropped-cropped-cropped-cropped-BUSINESS-3-42-1.png","contentUrl":"https:\/\/maetinganoticias.com\/wp-content\/uploads\/2023\/07\/cropped-cropped-cropped-cropped-BUSINESS-3-42-1.png","width":485,"height":109,"caption":"Maetinga Not\u00edcias"},"image":{"@id":"https:\/\/maetinganoticias.com\/#\/schema\/logo\/image\/"}},{"@type":"Person","@id":"https:\/\/maetinganoticias.com\/#\/schema\/person\/968cf95e67a6810fc7fb35bbc9016962","name":"Maetinga Not\u00edcias","image":{"@type":"ImageObject","inLanguage":"pt-BR","@id":"https:\/\/secure.gravatar.com\/avatar\/32e078313a5ca37a6c8d44e716ed4f9e87ecfde7222d2b88a1424bd49654f187?s=96&d=mm&r=g","url":"https:\/\/secure.gravatar.com\/avatar\/32e078313a5ca37a6c8d44e716ed4f9e87ecfde7222d2b88a1424bd49654f187?s=96&d=mm&r=g","contentUrl":"https:\/\/secure.gravatar.com\/avatar\/32e078313a5ca37a6c8d44e716ed4f9e87ecfde7222d2b88a1424bd49654f187?s=96&d=mm&r=g","caption":"Maetinga Not\u00edcias"},"description":"A voz do Interior Baiano!","sameAs":["https:\/\/maetinganoticias.com","https:\/\/www.instagram.com\/blogmaetinganoticias\/"],"url":"https:\/\/maetinganoticias.com\/index.php\/author\/carlosvianna13\/"}]}},"_links":{"self":[{"href":"https:\/\/maetinganoticias.com\/index.php\/wp-json\/wp\/v2\/posts\/8184","targetHints":{"allow":["GET"]}}],"collection":[{"href":"https:\/\/maetinganoticias.com\/index.php\/wp-json\/wp\/v2\/posts"}],"about":[{"href":"https:\/\/maetinganoticias.com\/index.php\/wp-json\/wp\/v2\/types\/post"}],"author":[{"embeddable":true,"href":"https:\/\/maetinganoticias.com\/index.php\/wp-json\/wp\/v2\/users\/1"}],"replies":[{"embeddable":true,"href":"https:\/\/maetinganoticias.com\/index.php\/wp-json\/wp\/v2\/comments?post=8184"}],"version-history":[{"count":1,"href":"https:\/\/maetinganoticias.com\/index.php\/wp-json\/wp\/v2\/posts\/8184\/revisions"}],"predecessor-version":[{"id":8186,"href":"https:\/\/maetinganoticias.com\/index.php\/wp-json\/wp\/v2\/posts\/8184\/revisions\/8186"}],"wp:featuredmedia":[{"embeddable":true,"href":"https:\/\/maetinganoticias.com\/index.php\/wp-json\/wp\/v2\/media\/8185"}],"wp:attachment":[{"href":"https:\/\/maetinganoticias.com\/index.php\/wp-json\/wp\/v2\/media?parent=8184"}],"wp:term":[{"taxonomy":"category","embeddable":true,"href":"https:\/\/maetinganoticias.com\/index.php\/wp-json\/wp\/v2\/categories?post=8184"},{"taxonomy":"post_tag","embeddable":true,"href":"https:\/\/maetinganoticias.com\/index.php\/wp-json\/wp\/v2\/tags?post=8184"}],"curies":[{"name":"wp","href":"https:\/\/api.w.org\/{rel}","templated":true}]}}