{"id":7126,"date":"2025-02-01T10:23:08","date_gmt":"2025-02-01T13:23:08","guid":{"rendered":"https:\/\/maetinganoticias.com\/?p=7126"},"modified":"2025-02-01T10:24:55","modified_gmt":"2025-02-01T13:24:55","slug":"prefeito-de-brumado-recebe-onibus-escolar-do-governo-baiano","status":"publish","type":"post","link":"https:\/\/maetinganoticias.com\/index.php\/2025\/02\/01\/prefeito-de-brumado-recebe-onibus-escolar-do-governo-baiano\/","title":{"rendered":"Prefeito de Brumado recebe \u00f4nibus escolar do Governo baiano"},"content":{"rendered":"\n<p>O munic\u00edpio de\u00a0Brumado\u00a0recebeu um novo \u00f4nibus escolar para refor\u00e7ar o transporte dos alunos da Rede Municipal de Ensino. O ve\u00edculo foi entregue pelo governador Jer\u00f4nimo Rodrigues (PT) ao prefeito Fabr\u00edcio Abrantes (Avante) nesta quinta-feira (30). A aquisi\u00e7\u00e3o do \u00f4nibus faz parte das a\u00e7\u00f5es do Governo da\u00a0Bahia\u00a0para melhorar a infraestrutura do transporte escolar nos munic\u00edpios. O prefeito comemorou a chegada do ve\u00edculo, destacando que ele j\u00e1 estar\u00e1 dispon\u00edvel para os estudantes no retorno \u00e0s aulas. &#8220;Sabe como eu voltei de Salvador? De \u00f4nibus novinho! Ontem recebi mais um ve\u00edculo para Brumado. Dessa vez foi um \u00f4nibus escolar que j\u00e1 estar\u00e1 pronto para transportar os alunos da Rede Municipal na volta \u00e0s aulas. Obrigado ao governador Jer\u00f4nimo Rodrigues, que tem tratado Brumado com toda aten\u00e7\u00e3o e carinho&#8221;, disse Fabr\u00edcio Abrantes.<\/p>\n","protected":false},"excerpt":{"rendered":"<p>O munic\u00edpio de\u00a0Brumado\u00a0recebeu um novo \u00f4nibus escolar para refor\u00e7ar o transporte dos alunos da Rede Municipal de Ensino. O ve\u00edculo foi entregue pelo governador Jer\u00f4nimo Rodrigues (PT) ao prefeito Fabr\u00edcio Abrantes (Avante) nesta quinta-feira (30). A aquisi\u00e7\u00e3o do \u00f4nibus faz parte das a\u00e7\u00f5es do Governo da\u00a0Bahia\u00a0para melhorar a infraestrutura do transporte escolar nos munic\u00edpios. O [&hellip;]<\/p>\n","protected":false},"author":1,"featured_media":7127,"comment_status":"open","ping_status":"open","sticky":false,"template":"","format":"standard","meta":{"om_disable_all_campaigns":false,"_monsterinsights_skip_tracking":false,"_monsterinsights_sitenote_active":false,"_monsterinsights_sitenote_note":"","_monsterinsights_sitenote_category":0,"_uf_show_specific_survey":0,"_uf_disable_surveys":false,"footnotes":""},"categories":[42],"tags":[81,127,145],"class_list":{"0":"post-7126","1":"post","2":"type-post","3":"status-publish","4":"format-standard","5":"has-post-thumbnail","7":"category-brumado","8":"tag-bahia","9":"tag-brumado","10":"tag-sudoeste-da-bahia"},"yoast_head":"<!-- This site is optimized with the Yoast SEO plugin v27.4 - https:\/\/yoast.com\/product\/yoast-seo-wordpress\/ -->\n<title>Prefeito de Brumado recebe \u00f4nibus escolar do Governo baiano - Maetinga Not\u00edcias<\/title>\n<meta name=\"robots\" content=\"index, follow, max-snippet:-1, max-image-preview:large, max-video-preview:-1\" \/>\n<link rel=\"canonical\" href=\"https:\/\/maetinganoticias.com\/index.php\/2025\/02\/01\/prefeito-de-brumado-recebe-onibus-escolar-do-governo-baiano\/\" \/>\n<meta property=\"og:locale\" content=\"pt_BR\" \/>\n<meta property=\"og:type\" content=\"article\" \/>\n<meta property=\"og:title\" content=\"Prefeito de Brumado recebe \u00f4nibus escolar do Governo baiano - Maetinga Not\u00edcias\" \/>\n<meta property=\"og:description\" content=\"O munic\u00edpio de\u00a0Brumado\u00a0recebeu um novo \u00f4nibus escolar para refor\u00e7ar o transporte dos alunos da Rede Municipal de Ensino. O ve\u00edculo foi entregue pelo governador Jer\u00f4nimo Rodrigues (PT) ao prefeito Fabr\u00edcio Abrantes (Avante) nesta quinta-feira (30). A aquisi\u00e7\u00e3o do \u00f4nibus faz parte das a\u00e7\u00f5es do Governo da\u00a0Bahia\u00a0para melhorar a infraestrutura do transporte escolar nos munic\u00edpios. O [&hellip;]\" \/>\n<meta property=\"og:url\" content=\"https:\/\/maetinganoticias.com\/index.php\/2025\/02\/01\/prefeito-de-brumado-recebe-onibus-escolar-do-governo-baiano\/\" \/>\n<meta property=\"og:site_name\" content=\"Maetinga Not\u00edcias\" \/>\n<meta property=\"article:published_time\" content=\"2025-02-01T13:23:08+00:00\" \/>\n<meta property=\"article:modified_time\" content=\"2025-02-01T13:24:55+00:00\" \/>\n<meta property=\"og:image\" content=\"https:\/\/maetinganoticias.com\/wp-content\/uploads\/2025\/02\/WhatsApp-Image-2025-02-01-at-10.20.48-1.jpeg\" \/>\n\t<meta property=\"og:image:width\" content=\"1000\" \/>\n\t<meta property=\"og:image:height\" content=\"723\" \/>\n\t<meta property=\"og:image:type\" content=\"image\/jpeg\" \/>\n<meta name=\"author\" content=\"Maetinga Not\u00edcias\" \/>\n<meta name=\"twitter:card\" content=\"summary_large_image\" \/>\n<meta name=\"twitter:label1\" content=\"Escrito por\" \/>\n\t<meta name=\"twitter:data1\" content=\"Maetinga Not\u00edcias\" \/>\n\t<meta name=\"twitter:label2\" content=\"Est. tempo de leitura\" \/>\n\t<meta name=\"twitter:data2\" content=\"1 minuto\" \/>\n<script type=\"application\/ld+json\" class=\"yoast-schema-graph\">{\"@context\":\"https:\\\/\\\/schema.org\",\"@graph\":[{\"@type\":[\"Article\",\"BlogPosting\"],\"@id\":\"https:\\\/\\\/maetinganoticias.com\\\/index.php\\\/2025\\\/02\\\/01\\\/prefeito-de-brumado-recebe-onibus-escolar-do-governo-baiano\\\/#article\",\"isPartOf\":{\"@id\":\"https:\\\/\\\/maetinganoticias.com\\\/index.php\\\/2025\\\/02\\\/01\\\/prefeito-de-brumado-recebe-onibus-escolar-do-governo-baiano\\\/\"},\"author\":{\"name\":\"Maetinga Not\u00edcias\",\"@id\":\"https:\\\/\\\/maetinganoticias.com\\\/#\\\/schema\\\/person\\\/968cf95e67a6810fc7fb35bbc9016962\"},\"headline\":\"Prefeito de Brumado recebe \u00f4nibus escolar do Governo baiano\",\"datePublished\":\"2025-02-01T13:23:08+00:00\",\"dateModified\":\"2025-02-01T13:24:55+00:00\",\"mainEntityOfPage\":{\"@id\":\"https:\\\/\\\/maetinganoticias.com\\\/index.php\\\/2025\\\/02\\\/01\\\/prefeito-de-brumado-recebe-onibus-escolar-do-governo-baiano\\\/\"},\"wordCount\":154,\"commentCount\":0,\"publisher\":{\"@id\":\"https:\\\/\\\/maetinganoticias.com\\\/#organization\"},\"image\":{\"@id\":\"https:\\\/\\\/maetinganoticias.com\\\/index.php\\\/2025\\\/02\\\/01\\\/prefeito-de-brumado-recebe-onibus-escolar-do-governo-baiano\\\/#primaryimage\"},\"thumbnailUrl\":\"https:\\\/\\\/maetinganoticias.com\\\/wp-content\\\/uploads\\\/2025\\\/02\\\/WhatsApp-Image-2025-02-01-at-10.20.48-1.jpeg\",\"keywords\":[\"BAHIA\",\"Brumado\",\"SUDOESTE DA BAHIA\"],\"articleSection\":[\"Brumado\"],\"inLanguage\":\"pt-BR\",\"potentialAction\":[{\"@type\":\"CommentAction\",\"name\":\"Comment\",\"target\":[\"https:\\\/\\\/maetinganoticias.com\\\/index.php\\\/2025\\\/02\\\/01\\\/prefeito-de-brumado-recebe-onibus-escolar-do-governo-baiano\\\/#respond\"]}]},{\"@type\":\"WebPage\",\"@id\":\"https:\\\/\\\/maetinganoticias.com\\\/index.php\\\/2025\\\/02\\\/01\\\/prefeito-de-brumado-recebe-onibus-escolar-do-governo-baiano\\\/\",\"url\":\"https:\\\/\\\/maetinganoticias.com\\\/index.php\\\/2025\\\/02\\\/01\\\/prefeito-de-brumado-recebe-onibus-escolar-do-governo-baiano\\\/\",\"name\":\"Prefeito de Brumado recebe \u00f4nibus escolar do Governo baiano - Maetinga Not\u00edcias\",\"isPartOf\":{\"@id\":\"https:\\\/\\\/maetinganoticias.com\\\/#website\"},\"primaryImageOfPage\":{\"@id\":\"https:\\\/\\\/maetinganoticias.com\\\/index.php\\\/2025\\\/02\\\/01\\\/prefeito-de-brumado-recebe-onibus-escolar-do-governo-baiano\\\/#primaryimage\"},\"image\":{\"@id\":\"https:\\\/\\\/maetinganoticias.com\\\/index.php\\\/2025\\\/02\\\/01\\\/prefeito-de-brumado-recebe-onibus-escolar-do-governo-baiano\\\/#primaryimage\"},\"thumbnailUrl\":\"https:\\\/\\\/maetinganoticias.com\\\/wp-content\\\/uploads\\\/2025\\\/02\\\/WhatsApp-Image-2025-02-01-at-10.20.48-1.jpeg\",\"datePublished\":\"2025-02-01T13:23:08+00:00\",\"dateModified\":\"2025-02-01T13:24:55+00:00\",\"breadcrumb\":{\"@id\":\"https:\\\/\\\/maetinganoticias.com\\\/index.php\\\/2025\\\/02\\\/01\\\/prefeito-de-brumado-recebe-onibus-escolar-do-governo-baiano\\\/#breadcrumb\"},\"inLanguage\":\"pt-BR\",\"potentialAction\":[{\"@type\":\"ReadAction\",\"target\":[\"https:\\\/\\\/maetinganoticias.com\\\/index.php\\\/2025\\\/02\\\/01\\\/prefeito-de-brumado-recebe-onibus-escolar-do-governo-baiano\\\/\"]}]},{\"@type\":\"ImageObject\",\"inLanguage\":\"pt-BR\",\"@id\":\"https:\\\/\\\/maetinganoticias.com\\\/index.php\\\/2025\\\/02\\\/01\\\/prefeito-de-brumado-recebe-onibus-escolar-do-governo-baiano\\\/#primaryimage\",\"url\":\"https:\\\/\\\/maetinganoticias.com\\\/wp-content\\\/uploads\\\/2025\\\/02\\\/WhatsApp-Image-2025-02-01-at-10.20.48-1.jpeg\",\"contentUrl\":\"https:\\\/\\\/maetinganoticias.com\\\/wp-content\\\/uploads\\\/2025\\\/02\\\/WhatsApp-Image-2025-02-01-at-10.20.48-1.jpeg\",\"width\":1000,\"height\":723},{\"@type\":\"BreadcrumbList\",\"@id\":\"https:\\\/\\\/maetinganoticias.com\\\/index.php\\\/2025\\\/02\\\/01\\\/prefeito-de-brumado-recebe-onibus-escolar-do-governo-baiano\\\/#breadcrumb\",\"itemListElement\":[{\"@type\":\"ListItem\",\"position\":1,\"name\":\"In\u00edcio\",\"item\":\"https:\\\/\\\/maetinganoticias.com\\\/\"},{\"@type\":\"ListItem\",\"position\":2,\"name\":\"Prefeito de Brumado recebe \u00f4nibus escolar do Governo baiano\"}]},{\"@type\":\"WebSite\",\"@id\":\"https:\\\/\\\/maetinganoticias.com\\\/#website\",\"url\":\"https:\\\/\\\/maetinganoticias.com\\\/\",\"name\":\"Maetinga Not\u00edcias\",\"description\":\"A Voz do Interior Baiano!\",\"publisher\":{\"@id\":\"https:\\\/\\\/maetinganoticias.com\\\/#organization\"},\"potentialAction\":[{\"@type\":\"SearchAction\",\"target\":{\"@type\":\"EntryPoint\",\"urlTemplate\":\"https:\\\/\\\/maetinganoticias.com\\\/?s={search_term_string}\"},\"query-input\":{\"@type\":\"PropertyValueSpecification\",\"valueRequired\":true,\"valueName\":\"search_term_string\"}}],\"inLanguage\":\"pt-BR\"},{\"@type\":\"Organization\",\"@id\":\"https:\\\/\\\/maetinganoticias.com\\\/#organization\",\"name\":\"Maetinga Not\u00edcias\",\"url\":\"https:\\\/\\\/maetinganoticias.com\\\/\",\"logo\":{\"@type\":\"ImageObject\",\"inLanguage\":\"pt-BR\",\"@id\":\"https:\\\/\\\/maetinganoticias.com\\\/#\\\/schema\\\/logo\\\/image\\\/\",\"url\":\"https:\\\/\\\/maetinganoticias.com\\\/wp-content\\\/uploads\\\/2023\\\/07\\\/cropped-cropped-cropped-cropped-BUSINESS-3-42-1.png\",\"contentUrl\":\"https:\\\/\\\/maetinganoticias.com\\\/wp-content\\\/uploads\\\/2023\\\/07\\\/cropped-cropped-cropped-cropped-BUSINESS-3-42-1.png\",\"width\":485,\"height\":109,\"caption\":\"Maetinga Not\u00edcias\"},\"image\":{\"@id\":\"https:\\\/\\\/maetinganoticias.com\\\/#\\\/schema\\\/logo\\\/image\\\/\"}},{\"@type\":\"Person\",\"@id\":\"https:\\\/\\\/maetinganoticias.com\\\/#\\\/schema\\\/person\\\/968cf95e67a6810fc7fb35bbc9016962\",\"name\":\"Maetinga Not\u00edcias\",\"image\":{\"@type\":\"ImageObject\",\"inLanguage\":\"pt-BR\",\"@id\":\"https:\\\/\\\/secure.gravatar.com\\\/avatar\\\/32e078313a5ca37a6c8d44e716ed4f9e87ecfde7222d2b88a1424bd49654f187?s=96&d=mm&r=g\",\"url\":\"https:\\\/\\\/secure.gravatar.com\\\/avatar\\\/32e078313a5ca37a6c8d44e716ed4f9e87ecfde7222d2b88a1424bd49654f187?s=96&d=mm&r=g\",\"contentUrl\":\"https:\\\/\\\/secure.gravatar.com\\\/avatar\\\/32e078313a5ca37a6c8d44e716ed4f9e87ecfde7222d2b88a1424bd49654f187?s=96&d=mm&r=g\",\"caption\":\"Maetinga Not\u00edcias\"},\"description\":\"A voz do Interior Baiano!\",\"sameAs\":[\"https:\\\/\\\/maetinganoticias.com\",\"https:\\\/\\\/www.instagram.com\\\/blogmaetinganoticias\\\/\"],\"url\":\"https:\\\/\\\/maetinganoticias.com\\\/index.php\\\/author\\\/carlosvianna13\\\/\"}]}<\/script>\n<!-- \/ Yoast SEO plugin. -->","yoast_head_json":{"title":"Prefeito de Brumado recebe \u00f4nibus escolar do Governo baiano - Maetinga Not\u00edcias","robots":{"index":"index","follow":"follow","max-snippet":"max-snippet:-1","max-image-preview":"max-image-preview:large","max-video-preview":"max-video-preview:-1"},"canonical":"https:\/\/maetinganoticias.com\/index.php\/2025\/02\/01\/prefeito-de-brumado-recebe-onibus-escolar-do-governo-baiano\/","og_locale":"pt_BR","og_type":"article","og_title":"Prefeito de Brumado recebe \u00f4nibus escolar do Governo baiano - Maetinga Not\u00edcias","og_description":"O munic\u00edpio de\u00a0Brumado\u00a0recebeu um novo \u00f4nibus escolar para refor\u00e7ar o transporte dos alunos da Rede Municipal de Ensino. O ve\u00edculo foi entregue pelo governador Jer\u00f4nimo Rodrigues (PT) ao prefeito Fabr\u00edcio Abrantes (Avante) nesta quinta-feira (30). A aquisi\u00e7\u00e3o do \u00f4nibus faz parte das a\u00e7\u00f5es do Governo da\u00a0Bahia\u00a0para melhorar a infraestrutura do transporte escolar nos munic\u00edpios. O [&hellip;]","og_url":"https:\/\/maetinganoticias.com\/index.php\/2025\/02\/01\/prefeito-de-brumado-recebe-onibus-escolar-do-governo-baiano\/","og_site_name":"Maetinga Not\u00edcias","article_published_time":"2025-02-01T13:23:08+00:00","article_modified_time":"2025-02-01T13:24:55+00:00","og_image":[{"width":1000,"height":723,"url":"https:\/\/maetinganoticias.com\/wp-content\/uploads\/2025\/02\/WhatsApp-Image-2025-02-01-at-10.20.48-1.jpeg","type":"image\/jpeg"}],"author":"Maetinga Not\u00edcias","twitter_card":"summary_large_image","twitter_misc":{"Escrito por":"Maetinga Not\u00edcias","Est. tempo de leitura":"1 minuto"},"schema":{"@context":"https:\/\/schema.org","@graph":[{"@type":["Article","BlogPosting"],"@id":"https:\/\/maetinganoticias.com\/index.php\/2025\/02\/01\/prefeito-de-brumado-recebe-onibus-escolar-do-governo-baiano\/#article","isPartOf":{"@id":"https:\/\/maetinganoticias.com\/index.php\/2025\/02\/01\/prefeito-de-brumado-recebe-onibus-escolar-do-governo-baiano\/"},"author":{"name":"Maetinga Not\u00edcias","@id":"https:\/\/maetinganoticias.com\/#\/schema\/person\/968cf95e67a6810fc7fb35bbc9016962"},"headline":"Prefeito de Brumado recebe \u00f4nibus escolar do Governo baiano","datePublished":"2025-02-01T13:23:08+00:00","dateModified":"2025-02-01T13:24:55+00:00","mainEntityOfPage":{"@id":"https:\/\/maetinganoticias.com\/index.php\/2025\/02\/01\/prefeito-de-brumado-recebe-onibus-escolar-do-governo-baiano\/"},"wordCount":154,"commentCount":0,"publisher":{"@id":"https:\/\/maetinganoticias.com\/#organization"},"image":{"@id":"https:\/\/maetinganoticias.com\/index.php\/2025\/02\/01\/prefeito-de-brumado-recebe-onibus-escolar-do-governo-baiano\/#primaryimage"},"thumbnailUrl":"https:\/\/maetinganoticias.com\/wp-content\/uploads\/2025\/02\/WhatsApp-Image-2025-02-01-at-10.20.48-1.jpeg","keywords":["BAHIA","Brumado","SUDOESTE DA BAHIA"],"articleSection":["Brumado"],"inLanguage":"pt-BR","potentialAction":[{"@type":"CommentAction","name":"Comment","target":["https:\/\/maetinganoticias.com\/index.php\/2025\/02\/01\/prefeito-de-brumado-recebe-onibus-escolar-do-governo-baiano\/#respond"]}]},{"@type":"WebPage","@id":"https:\/\/maetinganoticias.com\/index.php\/2025\/02\/01\/prefeito-de-brumado-recebe-onibus-escolar-do-governo-baiano\/","url":"https:\/\/maetinganoticias.com\/index.php\/2025\/02\/01\/prefeito-de-brumado-recebe-onibus-escolar-do-governo-baiano\/","name":"Prefeito de Brumado recebe \u00f4nibus escolar do Governo baiano - Maetinga Not\u00edcias","isPartOf":{"@id":"https:\/\/maetinganoticias.com\/#website"},"primaryImageOfPage":{"@id":"https:\/\/maetinganoticias.com\/index.php\/2025\/02\/01\/prefeito-de-brumado-recebe-onibus-escolar-do-governo-baiano\/#primaryimage"},"image":{"@id":"https:\/\/maetinganoticias.com\/index.php\/2025\/02\/01\/prefeito-de-brumado-recebe-onibus-escolar-do-governo-baiano\/#primaryimage"},"thumbnailUrl":"https:\/\/maetinganoticias.com\/wp-content\/uploads\/2025\/02\/WhatsApp-Image-2025-02-01-at-10.20.48-1.jpeg","datePublished":"2025-02-01T13:23:08+00:00","dateModified":"2025-02-01T13:24:55+00:00","breadcrumb":{"@id":"https:\/\/maetinganoticias.com\/index.php\/2025\/02\/01\/prefeito-de-brumado-recebe-onibus-escolar-do-governo-baiano\/#breadcrumb"},"inLanguage":"pt-BR","potentialAction":[{"@type":"ReadAction","target":["https:\/\/maetinganoticias.com\/index.php\/2025\/02\/01\/prefeito-de-brumado-recebe-onibus-escolar-do-governo-baiano\/"]}]},{"@type":"ImageObject","inLanguage":"pt-BR","@id":"https:\/\/maetinganoticias.com\/index.php\/2025\/02\/01\/prefeito-de-brumado-recebe-onibus-escolar-do-governo-baiano\/#primaryimage","url":"https:\/\/maetinganoticias.com\/wp-content\/uploads\/2025\/02\/WhatsApp-Image-2025-02-01-at-10.20.48-1.jpeg","contentUrl":"https:\/\/maetinganoticias.com\/wp-content\/uploads\/2025\/02\/WhatsApp-Image-2025-02-01-at-10.20.48-1.jpeg","width":1000,"height":723},{"@type":"BreadcrumbList","@id":"https:\/\/maetinganoticias.com\/index.php\/2025\/02\/01\/prefeito-de-brumado-recebe-onibus-escolar-do-governo-baiano\/#breadcrumb","itemListElement":[{"@type":"ListItem","position":1,"name":"In\u00edcio","item":"https:\/\/maetinganoticias.com\/"},{"@type":"ListItem","position":2,"name":"Prefeito de Brumado recebe \u00f4nibus escolar do Governo baiano"}]},{"@type":"WebSite","@id":"https:\/\/maetinganoticias.com\/#website","url":"https:\/\/maetinganoticias.com\/","name":"Maetinga Not\u00edcias","description":"A Voz do Interior Baiano!","publisher":{"@id":"https:\/\/maetinganoticias.com\/#organization"},"potentialAction":[{"@type":"SearchAction","target":{"@type":"EntryPoint","urlTemplate":"https:\/\/maetinganoticias.com\/?s={search_term_string}"},"query-input":{"@type":"PropertyValueSpecification","valueRequired":true,"valueName":"search_term_string"}}],"inLanguage":"pt-BR"},{"@type":"Organization","@id":"https:\/\/maetinganoticias.com\/#organization","name":"Maetinga Not\u00edcias","url":"https:\/\/maetinganoticias.com\/","logo":{"@type":"ImageObject","inLanguage":"pt-BR","@id":"https:\/\/maetinganoticias.com\/#\/schema\/logo\/image\/","url":"https:\/\/maetinganoticias.com\/wp-content\/uploads\/2023\/07\/cropped-cropped-cropped-cropped-BUSINESS-3-42-1.png","contentUrl":"https:\/\/maetinganoticias.com\/wp-content\/uploads\/2023\/07\/cropped-cropped-cropped-cropped-BUSINESS-3-42-1.png","width":485,"height":109,"caption":"Maetinga Not\u00edcias"},"image":{"@id":"https:\/\/maetinganoticias.com\/#\/schema\/logo\/image\/"}},{"@type":"Person","@id":"https:\/\/maetinganoticias.com\/#\/schema\/person\/968cf95e67a6810fc7fb35bbc9016962","name":"Maetinga Not\u00edcias","image":{"@type":"ImageObject","inLanguage":"pt-BR","@id":"https:\/\/secure.gravatar.com\/avatar\/32e078313a5ca37a6c8d44e716ed4f9e87ecfde7222d2b88a1424bd49654f187?s=96&d=mm&r=g","url":"https:\/\/secure.gravatar.com\/avatar\/32e078313a5ca37a6c8d44e716ed4f9e87ecfde7222d2b88a1424bd49654f187?s=96&d=mm&r=g","contentUrl":"https:\/\/secure.gravatar.com\/avatar\/32e078313a5ca37a6c8d44e716ed4f9e87ecfde7222d2b88a1424bd49654f187?s=96&d=mm&r=g","caption":"Maetinga Not\u00edcias"},"description":"A voz do Interior Baiano!","sameAs":["https:\/\/maetinganoticias.com","https:\/\/www.instagram.com\/blogmaetinganoticias\/"],"url":"https:\/\/maetinganoticias.com\/index.php\/author\/carlosvianna13\/"}]}},"_links":{"self":[{"href":"https:\/\/maetinganoticias.com\/index.php\/wp-json\/wp\/v2\/posts\/7126","targetHints":{"allow":["GET"]}}],"collection":[{"href":"https:\/\/maetinganoticias.com\/index.php\/wp-json\/wp\/v2\/posts"}],"about":[{"href":"https:\/\/maetinganoticias.com\/index.php\/wp-json\/wp\/v2\/types\/post"}],"author":[{"embeddable":true,"href":"https:\/\/maetinganoticias.com\/index.php\/wp-json\/wp\/v2\/users\/1"}],"replies":[{"embeddable":true,"href":"https:\/\/maetinganoticias.com\/index.php\/wp-json\/wp\/v2\/comments?post=7126"}],"version-history":[{"count":1,"href":"https:\/\/maetinganoticias.com\/index.php\/wp-json\/wp\/v2\/posts\/7126\/revisions"}],"predecessor-version":[{"id":7128,"href":"https:\/\/maetinganoticias.com\/index.php\/wp-json\/wp\/v2\/posts\/7126\/revisions\/7128"}],"wp:featuredmedia":[{"embeddable":true,"href":"https:\/\/maetinganoticias.com\/index.php\/wp-json\/wp\/v2\/media\/7127"}],"wp:attachment":[{"href":"https:\/\/maetinganoticias.com\/index.php\/wp-json\/wp\/v2\/media?parent=7126"}],"wp:term":[{"taxonomy":"category","embeddable":true,"href":"https:\/\/maetinganoticias.com\/index.php\/wp-json\/wp\/v2\/categories?post=7126"},{"taxonomy":"post_tag","embeddable":true,"href":"https:\/\/maetinganoticias.com\/index.php\/wp-json\/wp\/v2\/tags?post=7126"}],"curies":[{"name":"wp","href":"https:\/\/api.w.org\/{rel}","templated":true}]}}