{"id":6937,"date":"2024-12-21T13:29:03","date_gmt":"2024-12-21T16:29:03","guid":{"rendered":"https:\/\/maetinganoticias.com\/?p=6937"},"modified":"2024-12-21T13:29:03","modified_gmt":"2024-12-21T16:29:03","slug":"acidente-com-22-mortos-na-br-116-com-onibus-que-seguia-para-jequie","status":"publish","type":"post","link":"https:\/\/maetinganoticias.com\/index.php\/2024\/12\/21\/acidente-com-22-mortos-na-br-116-com-onibus-que-seguia-para-jequie\/","title":{"rendered":"Acidente com 22 mortos na BR-116 com \u00f4nibus que seguia para Jequi\u00e9&nbsp;"},"content":{"rendered":"\n<p>Neste s\u00e1bado, por volta das 3h30, um grave acidente na BR-116, na altura da Lajinha, zona rural de Te\u00f3filo Otoni, em Minas Gerais, resultou em pelo menos 22 mortes. O \u00f4nibus, da empresa ENTRAM, havia sa\u00eddo de S\u00e3o Paulo com destino a Jequi\u00e9, na Bahia, transportando 45 passageiros.<\/p>\n\n\n\n<p>De acordo com informa\u00e7\u00f5es preliminares da Pol\u00edcia Militar de Minas Gerais (PMMG), o acidente foi causado pelo estouro de um pneu, fazendo com que o motorista perdesse o controle do ve\u00edculo. O \u00f4nibus invadiu a contram\u00e3o da rodovia e colidiu frontalmente com uma carreta carregada de pedras. Ap\u00f3s o impacto, o \u00f4nibus pegou fogo e saiu da pista.<\/p>\n\n\n\n<p>Treze pessoas sobreviveram ao acidente e foram socorridas pelo Samu para atendimento m\u00e9dico. O trabalho de resgate foi intenso e, at\u00e9 o momento, h\u00e1 possibilidade de o n\u00famero de v\u00edtimas fatais aumentar. As autoridades seguem investigando as causas do acidente.<\/p>\n\n\n\n<p>O tr\u00e1gico epis\u00f3dio comoveu moradores da regi\u00e3o e familiares dos passageiros. Nossa solidariedade \u00e0s v\u00edtimas e seus entes queridos neste momento de dor.<\/p>\n","protected":false},"excerpt":{"rendered":"<p>Neste s\u00e1bado, por volta das 3h30, um grave acidente na BR-116, na altura da Lajinha, zona rural de Te\u00f3filo Otoni, em Minas Gerais, resultou em pelo menos 22 mortes. O \u00f4nibus, da empresa ENTRAM, havia sa\u00eddo de S\u00e3o Paulo com destino a Jequi\u00e9, na Bahia, transportando 45 passageiros. De acordo com informa\u00e7\u00f5es preliminares da Pol\u00edcia [&hellip;]<\/p>\n","protected":false},"author":1,"featured_media":6936,"comment_status":"closed","ping_status":"open","sticky":false,"template":"","format":"standard","meta":{"om_disable_all_campaigns":false,"_monsterinsights_skip_tracking":false,"_monsterinsights_sitenote_active":false,"_monsterinsights_sitenote_note":"","_monsterinsights_sitenote_category":0,"_uf_show_specific_survey":0,"_uf_disable_surveys":false,"footnotes":""},"categories":[579],"tags":[],"class_list":{"0":"post-6937","1":"post","2":"type-post","3":"status-publish","4":"format-standard","5":"has-post-thumbnail","7":"category-acidente"},"yoast_head":"<!-- This site is optimized with the Yoast SEO plugin v27.5 - https:\/\/yoast.com\/product\/yoast-seo-wordpress\/ -->\n<title>Acidente com 22 mortos na BR-116 com \u00f4nibus que seguia para Jequi\u00e9&nbsp; - Maetinga Not\u00edcias<\/title>\n<meta name=\"robots\" content=\"index, follow, max-snippet:-1, max-image-preview:large, max-video-preview:-1\" \/>\n<link rel=\"canonical\" href=\"https:\/\/maetinganoticias.com\/index.php\/2024\/12\/21\/acidente-com-22-mortos-na-br-116-com-onibus-que-seguia-para-jequie\/\" \/>\n<meta property=\"og:locale\" content=\"pt_BR\" \/>\n<meta property=\"og:type\" content=\"article\" \/>\n<meta property=\"og:title\" content=\"Acidente com 22 mortos na BR-116 com \u00f4nibus que seguia para Jequi\u00e9&nbsp; - Maetinga Not\u00edcias\" \/>\n<meta property=\"og:description\" content=\"Neste s\u00e1bado, por volta das 3h30, um grave acidente na BR-116, na altura da Lajinha, zona rural de Te\u00f3filo Otoni, em Minas Gerais, resultou em pelo menos 22 mortes. O \u00f4nibus, da empresa ENTRAM, havia sa\u00eddo de S\u00e3o Paulo com destino a Jequi\u00e9, na Bahia, transportando 45 passageiros. De acordo com informa\u00e7\u00f5es preliminares da Pol\u00edcia [&hellip;]\" \/>\n<meta property=\"og:url\" content=\"https:\/\/maetinganoticias.com\/index.php\/2024\/12\/21\/acidente-com-22-mortos-na-br-116-com-onibus-que-seguia-para-jequie\/\" \/>\n<meta property=\"og:site_name\" content=\"Maetinga Not\u00edcias\" \/>\n<meta property=\"article:published_time\" content=\"2024-12-21T16:29:03+00:00\" \/>\n<meta property=\"og:image\" content=\"https:\/\/maetinganoticias.com\/wp-content\/uploads\/2024\/12\/img_3853-1.jpg\" \/>\n\t<meta property=\"og:image:width\" content=\"924\" \/>\n\t<meta property=\"og:image:height\" content=\"693\" \/>\n\t<meta property=\"og:image:type\" content=\"image\/jpeg\" \/>\n<meta name=\"author\" content=\"Maetinga Not\u00edcias\" \/>\n<meta name=\"twitter:card\" content=\"summary_large_image\" \/>\n<meta name=\"twitter:label1\" content=\"Escrito por\" \/>\n\t<meta name=\"twitter:data1\" content=\"Maetinga Not\u00edcias\" \/>\n\t<meta name=\"twitter:label2\" content=\"Est. tempo de leitura\" \/>\n\t<meta name=\"twitter:data2\" content=\"1 minuto\" \/>\n<script type=\"application\/ld+json\" class=\"yoast-schema-graph\">{\"@context\":\"https:\\\/\\\/schema.org\",\"@graph\":[{\"@type\":[\"Article\",\"BlogPosting\"],\"@id\":\"https:\\\/\\\/maetinganoticias.com\\\/index.php\\\/2024\\\/12\\\/21\\\/acidente-com-22-mortos-na-br-116-com-onibus-que-seguia-para-jequie\\\/#article\",\"isPartOf\":{\"@id\":\"https:\\\/\\\/maetinganoticias.com\\\/index.php\\\/2024\\\/12\\\/21\\\/acidente-com-22-mortos-na-br-116-com-onibus-que-seguia-para-jequie\\\/\"},\"author\":{\"name\":\"Maetinga Not\u00edcias\",\"@id\":\"https:\\\/\\\/maetinganoticias.com\\\/#\\\/schema\\\/person\\\/968cf95e67a6810fc7fb35bbc9016962\"},\"headline\":\"Acidente com 22 mortos na BR-116 com \u00f4nibus que seguia para Jequi\u00e9&nbsp;\",\"datePublished\":\"2024-12-21T16:29:03+00:00\",\"mainEntityOfPage\":{\"@id\":\"https:\\\/\\\/maetinganoticias.com\\\/index.php\\\/2024\\\/12\\\/21\\\/acidente-com-22-mortos-na-br-116-com-onibus-que-seguia-para-jequie\\\/\"},\"wordCount\":195,\"publisher\":{\"@id\":\"https:\\\/\\\/maetinganoticias.com\\\/#organization\"},\"image\":{\"@id\":\"https:\\\/\\\/maetinganoticias.com\\\/index.php\\\/2024\\\/12\\\/21\\\/acidente-com-22-mortos-na-br-116-com-onibus-que-seguia-para-jequie\\\/#primaryimage\"},\"thumbnailUrl\":\"https:\\\/\\\/maetinganoticias.com\\\/wp-content\\\/uploads\\\/2024\\\/12\\\/img_3853-1.jpg\",\"articleSection\":[\"ACIDENTE\"],\"inLanguage\":\"pt-BR\"},{\"@type\":\"WebPage\",\"@id\":\"https:\\\/\\\/maetinganoticias.com\\\/index.php\\\/2024\\\/12\\\/21\\\/acidente-com-22-mortos-na-br-116-com-onibus-que-seguia-para-jequie\\\/\",\"url\":\"https:\\\/\\\/maetinganoticias.com\\\/index.php\\\/2024\\\/12\\\/21\\\/acidente-com-22-mortos-na-br-116-com-onibus-que-seguia-para-jequie\\\/\",\"name\":\"Acidente com 22 mortos na BR-116 com \u00f4nibus que seguia para Jequi\u00e9&nbsp; - Maetinga Not\u00edcias\",\"isPartOf\":{\"@id\":\"https:\\\/\\\/maetinganoticias.com\\\/#website\"},\"primaryImageOfPage\":{\"@id\":\"https:\\\/\\\/maetinganoticias.com\\\/index.php\\\/2024\\\/12\\\/21\\\/acidente-com-22-mortos-na-br-116-com-onibus-que-seguia-para-jequie\\\/#primaryimage\"},\"image\":{\"@id\":\"https:\\\/\\\/maetinganoticias.com\\\/index.php\\\/2024\\\/12\\\/21\\\/acidente-com-22-mortos-na-br-116-com-onibus-que-seguia-para-jequie\\\/#primaryimage\"},\"thumbnailUrl\":\"https:\\\/\\\/maetinganoticias.com\\\/wp-content\\\/uploads\\\/2024\\\/12\\\/img_3853-1.jpg\",\"datePublished\":\"2024-12-21T16:29:03+00:00\",\"breadcrumb\":{\"@id\":\"https:\\\/\\\/maetinganoticias.com\\\/index.php\\\/2024\\\/12\\\/21\\\/acidente-com-22-mortos-na-br-116-com-onibus-que-seguia-para-jequie\\\/#breadcrumb\"},\"inLanguage\":\"pt-BR\",\"potentialAction\":[{\"@type\":\"ReadAction\",\"target\":[\"https:\\\/\\\/maetinganoticias.com\\\/index.php\\\/2024\\\/12\\\/21\\\/acidente-com-22-mortos-na-br-116-com-onibus-que-seguia-para-jequie\\\/\"]}]},{\"@type\":\"ImageObject\",\"inLanguage\":\"pt-BR\",\"@id\":\"https:\\\/\\\/maetinganoticias.com\\\/index.php\\\/2024\\\/12\\\/21\\\/acidente-com-22-mortos-na-br-116-com-onibus-que-seguia-para-jequie\\\/#primaryimage\",\"url\":\"https:\\\/\\\/maetinganoticias.com\\\/wp-content\\\/uploads\\\/2024\\\/12\\\/img_3853-1.jpg\",\"contentUrl\":\"https:\\\/\\\/maetinganoticias.com\\\/wp-content\\\/uploads\\\/2024\\\/12\\\/img_3853-1.jpg\",\"width\":924,\"height\":693},{\"@type\":\"BreadcrumbList\",\"@id\":\"https:\\\/\\\/maetinganoticias.com\\\/index.php\\\/2024\\\/12\\\/21\\\/acidente-com-22-mortos-na-br-116-com-onibus-que-seguia-para-jequie\\\/#breadcrumb\",\"itemListElement\":[{\"@type\":\"ListItem\",\"position\":1,\"name\":\"In\u00edcio\",\"item\":\"https:\\\/\\\/maetinganoticias.com\\\/\"},{\"@type\":\"ListItem\",\"position\":2,\"name\":\"Acidente com 22 mortos na BR-116 com \u00f4nibus que seguia para Jequi\u00e9&nbsp;\"}]},{\"@type\":\"WebSite\",\"@id\":\"https:\\\/\\\/maetinganoticias.com\\\/#website\",\"url\":\"https:\\\/\\\/maetinganoticias.com\\\/\",\"name\":\"Maetinga Not\u00edcias\",\"description\":\"A Voz do Interior Baiano!\",\"publisher\":{\"@id\":\"https:\\\/\\\/maetinganoticias.com\\\/#organization\"},\"potentialAction\":[{\"@type\":\"SearchAction\",\"target\":{\"@type\":\"EntryPoint\",\"urlTemplate\":\"https:\\\/\\\/maetinganoticias.com\\\/?s={search_term_string}\"},\"query-input\":{\"@type\":\"PropertyValueSpecification\",\"valueRequired\":true,\"valueName\":\"search_term_string\"}}],\"inLanguage\":\"pt-BR\"},{\"@type\":\"Organization\",\"@id\":\"https:\\\/\\\/maetinganoticias.com\\\/#organization\",\"name\":\"Maetinga Not\u00edcias\",\"url\":\"https:\\\/\\\/maetinganoticias.com\\\/\",\"logo\":{\"@type\":\"ImageObject\",\"inLanguage\":\"pt-BR\",\"@id\":\"https:\\\/\\\/maetinganoticias.com\\\/#\\\/schema\\\/logo\\\/image\\\/\",\"url\":\"https:\\\/\\\/maetinganoticias.com\\\/wp-content\\\/uploads\\\/2023\\\/07\\\/cropped-cropped-cropped-cropped-BUSINESS-3-42-1.png\",\"contentUrl\":\"https:\\\/\\\/maetinganoticias.com\\\/wp-content\\\/uploads\\\/2023\\\/07\\\/cropped-cropped-cropped-cropped-BUSINESS-3-42-1.png\",\"width\":485,\"height\":109,\"caption\":\"Maetinga Not\u00edcias\"},\"image\":{\"@id\":\"https:\\\/\\\/maetinganoticias.com\\\/#\\\/schema\\\/logo\\\/image\\\/\"}},{\"@type\":\"Person\",\"@id\":\"https:\\\/\\\/maetinganoticias.com\\\/#\\\/schema\\\/person\\\/968cf95e67a6810fc7fb35bbc9016962\",\"name\":\"Maetinga Not\u00edcias\",\"image\":{\"@type\":\"ImageObject\",\"inLanguage\":\"pt-BR\",\"@id\":\"https:\\\/\\\/secure.gravatar.com\\\/avatar\\\/32e078313a5ca37a6c8d44e716ed4f9e87ecfde7222d2b88a1424bd49654f187?s=96&d=mm&r=g\",\"url\":\"https:\\\/\\\/secure.gravatar.com\\\/avatar\\\/32e078313a5ca37a6c8d44e716ed4f9e87ecfde7222d2b88a1424bd49654f187?s=96&d=mm&r=g\",\"contentUrl\":\"https:\\\/\\\/secure.gravatar.com\\\/avatar\\\/32e078313a5ca37a6c8d44e716ed4f9e87ecfde7222d2b88a1424bd49654f187?s=96&d=mm&r=g\",\"caption\":\"Maetinga Not\u00edcias\"},\"description\":\"A voz do Interior Baiano!\",\"sameAs\":[\"https:\\\/\\\/maetinganoticias.com\",\"https:\\\/\\\/www.instagram.com\\\/blogmaetinganoticias\\\/\"],\"url\":\"https:\\\/\\\/maetinganoticias.com\\\/index.php\\\/author\\\/carlosvianna13\\\/\"}]}<\/script>\n<!-- \/ Yoast SEO plugin. -->","yoast_head_json":{"title":"Acidente com 22 mortos na BR-116 com \u00f4nibus que seguia para Jequi\u00e9&nbsp; - Maetinga Not\u00edcias","robots":{"index":"index","follow":"follow","max-snippet":"max-snippet:-1","max-image-preview":"max-image-preview:large","max-video-preview":"max-video-preview:-1"},"canonical":"https:\/\/maetinganoticias.com\/index.php\/2024\/12\/21\/acidente-com-22-mortos-na-br-116-com-onibus-que-seguia-para-jequie\/","og_locale":"pt_BR","og_type":"article","og_title":"Acidente com 22 mortos na BR-116 com \u00f4nibus que seguia para Jequi\u00e9&nbsp; - Maetinga Not\u00edcias","og_description":"Neste s\u00e1bado, por volta das 3h30, um grave acidente na BR-116, na altura da Lajinha, zona rural de Te\u00f3filo Otoni, em Minas Gerais, resultou em pelo menos 22 mortes. O \u00f4nibus, da empresa ENTRAM, havia sa\u00eddo de S\u00e3o Paulo com destino a Jequi\u00e9, na Bahia, transportando 45 passageiros. De acordo com informa\u00e7\u00f5es preliminares da Pol\u00edcia [&hellip;]","og_url":"https:\/\/maetinganoticias.com\/index.php\/2024\/12\/21\/acidente-com-22-mortos-na-br-116-com-onibus-que-seguia-para-jequie\/","og_site_name":"Maetinga Not\u00edcias","article_published_time":"2024-12-21T16:29:03+00:00","og_image":[{"width":924,"height":693,"url":"https:\/\/maetinganoticias.com\/wp-content\/uploads\/2024\/12\/img_3853-1.jpg","type":"image\/jpeg"}],"author":"Maetinga Not\u00edcias","twitter_card":"summary_large_image","twitter_misc":{"Escrito por":"Maetinga Not\u00edcias","Est. tempo de leitura":"1 minuto"},"schema":{"@context":"https:\/\/schema.org","@graph":[{"@type":["Article","BlogPosting"],"@id":"https:\/\/maetinganoticias.com\/index.php\/2024\/12\/21\/acidente-com-22-mortos-na-br-116-com-onibus-que-seguia-para-jequie\/#article","isPartOf":{"@id":"https:\/\/maetinganoticias.com\/index.php\/2024\/12\/21\/acidente-com-22-mortos-na-br-116-com-onibus-que-seguia-para-jequie\/"},"author":{"name":"Maetinga Not\u00edcias","@id":"https:\/\/maetinganoticias.com\/#\/schema\/person\/968cf95e67a6810fc7fb35bbc9016962"},"headline":"Acidente com 22 mortos na BR-116 com \u00f4nibus que seguia para Jequi\u00e9&nbsp;","datePublished":"2024-12-21T16:29:03+00:00","mainEntityOfPage":{"@id":"https:\/\/maetinganoticias.com\/index.php\/2024\/12\/21\/acidente-com-22-mortos-na-br-116-com-onibus-que-seguia-para-jequie\/"},"wordCount":195,"publisher":{"@id":"https:\/\/maetinganoticias.com\/#organization"},"image":{"@id":"https:\/\/maetinganoticias.com\/index.php\/2024\/12\/21\/acidente-com-22-mortos-na-br-116-com-onibus-que-seguia-para-jequie\/#primaryimage"},"thumbnailUrl":"https:\/\/maetinganoticias.com\/wp-content\/uploads\/2024\/12\/img_3853-1.jpg","articleSection":["ACIDENTE"],"inLanguage":"pt-BR"},{"@type":"WebPage","@id":"https:\/\/maetinganoticias.com\/index.php\/2024\/12\/21\/acidente-com-22-mortos-na-br-116-com-onibus-que-seguia-para-jequie\/","url":"https:\/\/maetinganoticias.com\/index.php\/2024\/12\/21\/acidente-com-22-mortos-na-br-116-com-onibus-que-seguia-para-jequie\/","name":"Acidente com 22 mortos na BR-116 com \u00f4nibus que seguia para Jequi\u00e9&nbsp; - Maetinga Not\u00edcias","isPartOf":{"@id":"https:\/\/maetinganoticias.com\/#website"},"primaryImageOfPage":{"@id":"https:\/\/maetinganoticias.com\/index.php\/2024\/12\/21\/acidente-com-22-mortos-na-br-116-com-onibus-que-seguia-para-jequie\/#primaryimage"},"image":{"@id":"https:\/\/maetinganoticias.com\/index.php\/2024\/12\/21\/acidente-com-22-mortos-na-br-116-com-onibus-que-seguia-para-jequie\/#primaryimage"},"thumbnailUrl":"https:\/\/maetinganoticias.com\/wp-content\/uploads\/2024\/12\/img_3853-1.jpg","datePublished":"2024-12-21T16:29:03+00:00","breadcrumb":{"@id":"https:\/\/maetinganoticias.com\/index.php\/2024\/12\/21\/acidente-com-22-mortos-na-br-116-com-onibus-que-seguia-para-jequie\/#breadcrumb"},"inLanguage":"pt-BR","potentialAction":[{"@type":"ReadAction","target":["https:\/\/maetinganoticias.com\/index.php\/2024\/12\/21\/acidente-com-22-mortos-na-br-116-com-onibus-que-seguia-para-jequie\/"]}]},{"@type":"ImageObject","inLanguage":"pt-BR","@id":"https:\/\/maetinganoticias.com\/index.php\/2024\/12\/21\/acidente-com-22-mortos-na-br-116-com-onibus-que-seguia-para-jequie\/#primaryimage","url":"https:\/\/maetinganoticias.com\/wp-content\/uploads\/2024\/12\/img_3853-1.jpg","contentUrl":"https:\/\/maetinganoticias.com\/wp-content\/uploads\/2024\/12\/img_3853-1.jpg","width":924,"height":693},{"@type":"BreadcrumbList","@id":"https:\/\/maetinganoticias.com\/index.php\/2024\/12\/21\/acidente-com-22-mortos-na-br-116-com-onibus-que-seguia-para-jequie\/#breadcrumb","itemListElement":[{"@type":"ListItem","position":1,"name":"In\u00edcio","item":"https:\/\/maetinganoticias.com\/"},{"@type":"ListItem","position":2,"name":"Acidente com 22 mortos na BR-116 com \u00f4nibus que seguia para Jequi\u00e9&nbsp;"}]},{"@type":"WebSite","@id":"https:\/\/maetinganoticias.com\/#website","url":"https:\/\/maetinganoticias.com\/","name":"Maetinga Not\u00edcias","description":"A Voz do Interior Baiano!","publisher":{"@id":"https:\/\/maetinganoticias.com\/#organization"},"potentialAction":[{"@type":"SearchAction","target":{"@type":"EntryPoint","urlTemplate":"https:\/\/maetinganoticias.com\/?s={search_term_string}"},"query-input":{"@type":"PropertyValueSpecification","valueRequired":true,"valueName":"search_term_string"}}],"inLanguage":"pt-BR"},{"@type":"Organization","@id":"https:\/\/maetinganoticias.com\/#organization","name":"Maetinga Not\u00edcias","url":"https:\/\/maetinganoticias.com\/","logo":{"@type":"ImageObject","inLanguage":"pt-BR","@id":"https:\/\/maetinganoticias.com\/#\/schema\/logo\/image\/","url":"https:\/\/maetinganoticias.com\/wp-content\/uploads\/2023\/07\/cropped-cropped-cropped-cropped-BUSINESS-3-42-1.png","contentUrl":"https:\/\/maetinganoticias.com\/wp-content\/uploads\/2023\/07\/cropped-cropped-cropped-cropped-BUSINESS-3-42-1.png","width":485,"height":109,"caption":"Maetinga Not\u00edcias"},"image":{"@id":"https:\/\/maetinganoticias.com\/#\/schema\/logo\/image\/"}},{"@type":"Person","@id":"https:\/\/maetinganoticias.com\/#\/schema\/person\/968cf95e67a6810fc7fb35bbc9016962","name":"Maetinga Not\u00edcias","image":{"@type":"ImageObject","inLanguage":"pt-BR","@id":"https:\/\/secure.gravatar.com\/avatar\/32e078313a5ca37a6c8d44e716ed4f9e87ecfde7222d2b88a1424bd49654f187?s=96&d=mm&r=g","url":"https:\/\/secure.gravatar.com\/avatar\/32e078313a5ca37a6c8d44e716ed4f9e87ecfde7222d2b88a1424bd49654f187?s=96&d=mm&r=g","contentUrl":"https:\/\/secure.gravatar.com\/avatar\/32e078313a5ca37a6c8d44e716ed4f9e87ecfde7222d2b88a1424bd49654f187?s=96&d=mm&r=g","caption":"Maetinga Not\u00edcias"},"description":"A voz do Interior Baiano!","sameAs":["https:\/\/maetinganoticias.com","https:\/\/www.instagram.com\/blogmaetinganoticias\/"],"url":"https:\/\/maetinganoticias.com\/index.php\/author\/carlosvianna13\/"}]}},"_links":{"self":[{"href":"https:\/\/maetinganoticias.com\/index.php\/wp-json\/wp\/v2\/posts\/6937","targetHints":{"allow":["GET"]}}],"collection":[{"href":"https:\/\/maetinganoticias.com\/index.php\/wp-json\/wp\/v2\/posts"}],"about":[{"href":"https:\/\/maetinganoticias.com\/index.php\/wp-json\/wp\/v2\/types\/post"}],"author":[{"embeddable":true,"href":"https:\/\/maetinganoticias.com\/index.php\/wp-json\/wp\/v2\/users\/1"}],"replies":[{"embeddable":true,"href":"https:\/\/maetinganoticias.com\/index.php\/wp-json\/wp\/v2\/comments?post=6937"}],"version-history":[{"count":1,"href":"https:\/\/maetinganoticias.com\/index.php\/wp-json\/wp\/v2\/posts\/6937\/revisions"}],"predecessor-version":[{"id":6938,"href":"https:\/\/maetinganoticias.com\/index.php\/wp-json\/wp\/v2\/posts\/6937\/revisions\/6938"}],"wp:featuredmedia":[{"embeddable":true,"href":"https:\/\/maetinganoticias.com\/index.php\/wp-json\/wp\/v2\/media\/6936"}],"wp:attachment":[{"href":"https:\/\/maetinganoticias.com\/index.php\/wp-json\/wp\/v2\/media?parent=6937"}],"wp:term":[{"taxonomy":"category","embeddable":true,"href":"https:\/\/maetinganoticias.com\/index.php\/wp-json\/wp\/v2\/categories?post=6937"},{"taxonomy":"post_tag","embeddable":true,"href":"https:\/\/maetinganoticias.com\/index.php\/wp-json\/wp\/v2\/tags?post=6937"}],"curies":[{"name":"wp","href":"https:\/\/api.w.org\/{rel}","templated":true}]}}