{"id":6800,"date":"2024-12-11T20:13:05","date_gmt":"2024-12-11T23:13:05","guid":{"rendered":"https:\/\/maetinganoticias.com\/?p=6800"},"modified":"2024-12-11T20:13:06","modified_gmt":"2024-12-11T23:13:06","slug":"lula-fara-novo-procedimento-medico-nesta-quinta","status":"publish","type":"post","link":"https:\/\/maetinganoticias.com\/index.php\/2024\/12\/11\/lula-fara-novo-procedimento-medico-nesta-quinta\/","title":{"rendered":"Lula far\u00e1 novo procedimento m\u00e9dico nesta quinta"},"content":{"rendered":"\n<p><strong><em>Presidente permanece sob cuidados intensivos no S\u00edrio-Liban\u00eas<\/em><\/strong><\/p>\n\n\n\n<p>O presidente Luiz In\u00e1cio Lula da Silva ser\u00e1 submetido a um novo procedimento nesta quinta-feira pela manh\u00e3, informou o Hospital S\u00edrio-Liban\u00eas em boletim divulgado \u00e0s 16h30 desta quarta-feira (11).<img decoding=\"async\" src=\"https:\/\/agenciabrasil.ebc.com.br\/ebc.png?id=1623384&amp;o=node\"><img decoding=\"async\" src=\"https:\/\/agenciabrasil.ebc.com.br\/ebc.gif?id=1623384&amp;o=node\"><\/p>\n\n\n\n<p>Ele far\u00e1 uma emboliza\u00e7\u00e3o de art\u00e9ria men\u00edngea m\u00e9dia (procedimento endovascular).&nbsp;<\/p>\n\n\n\n<p>Em nota assinada pelos m\u00e9dicos Luiz Francisco Cardoso e \u00c1lvaro Sarkis, o hospital informa que Lula permanece sob cuidados intensivos e que passou o dia bem, sem intercorr\u00eancias. O presidente realizou fisioterapia, caminhou e recebeu visitas de familiares.&nbsp;<\/p>\n\n\n\n<p>&#8220;Como parte da programa\u00e7\u00e3o terap\u00eautica, far\u00e1 complementa\u00e7\u00e3o de cirurgia com procedimento endovascular (emboliza\u00e7\u00e3o de art\u00e9ria men\u00edngea m\u00e9dia) amanh\u00e3, pela manh\u00e3\u201d, diz o texto do boletim do hospital S\u00edrio-Liban\u00eas, onde Lula est\u00e1 internado.&nbsp;<\/p>\n\n\n\n<p>Lula segue sob os cuidados dos m\u00e9dicos Roberto Kalil Filho e Ana Helena Germoglio.&nbsp;<\/p>\n\n\n\n<p>De acordo com a assessoria de imprensa da Presid\u00eancia da Rep\u00fablica, o procedimento n\u00e3o \u00e9 uma nova cirurgia nem ser\u00e1 realizado no centro cir\u00fargico. O procedimento \u00e9 um cateterismo e \u201cparte protocolar\u201d da cirurgia j\u00e1 realizada.<\/p>\n\n\n\n<h2 class=\"wp-block-heading\">Hist\u00f3rico<\/h2>\n\n\n\n<p>O presidente sentiu dores de cabe\u00e7a na noite de segunda (9) e, depois de exames feitos no hospital S\u00edrio-Liban\u00eas, em&nbsp;Bras\u00edlia, foi transferido para a unidade de&nbsp;S\u00e3o Paulo.<\/p>\n\n\n\n<p>Na madrugada de ter\u00e7a-feira (10),\u00a0Lula foi submetido a uma\u00a0trepana\u00e7\u00e3o\u00a0para drenar uma hemorragia intracraniana, consequ\u00eancia de um\u00a0acidente dom\u00e9stico\u00a0sofrido\u00a0pelo presidente em 19 de outubro, quando ele caiu no banheiro da resid\u00eancia oficial e bateu com a cabe\u00e7a.<\/p>\n\n\n\n<p>Por: Ag\u00eancia Brasil<\/p>\n","protected":false},"excerpt":{"rendered":"<p>Presidente permanece sob cuidados intensivos no S\u00edrio-Liban\u00eas O presidente Luiz In\u00e1cio Lula da Silva ser\u00e1 submetido a um novo procedimento nesta quinta-feira pela manh\u00e3, informou o Hospital S\u00edrio-Liban\u00eas em boletim divulgado \u00e0s 16h30 desta quarta-feira (11). Ele far\u00e1 uma emboliza\u00e7\u00e3o de art\u00e9ria men\u00edngea m\u00e9dia (procedimento endovascular).&nbsp; Em nota assinada pelos m\u00e9dicos Luiz Francisco Cardoso e [&hellip;]<\/p>\n","protected":false},"author":1,"featured_media":6801,"comment_status":"open","ping_status":"open","sticky":false,"template":"","format":"standard","meta":{"om_disable_all_campaigns":false,"_monsterinsights_skip_tracking":false,"_monsterinsights_sitenote_active":false,"_monsterinsights_sitenote_note":"","_monsterinsights_sitenote_category":0,"_uf_show_specific_survey":0,"_uf_disable_surveys":false,"footnotes":""},"categories":[5],"tags":[141,1373,1374],"class_list":{"0":"post-6800","1":"post","2":"type-post","3":"status-publish","4":"format-standard","5":"has-post-thumbnail","7":"category-politica","8":"tag-lula","9":"tag-procedimento-medico","10":"tag-saude-3"},"yoast_head":"<!-- This site is optimized with the Yoast SEO plugin v27.4 - https:\/\/yoast.com\/product\/yoast-seo-wordpress\/ -->\n<title>Lula far\u00e1 novo procedimento m\u00e9dico nesta quinta - Maetinga Not\u00edcias<\/title>\n<meta name=\"robots\" content=\"index, follow, max-snippet:-1, max-image-preview:large, max-video-preview:-1\" \/>\n<link rel=\"canonical\" href=\"https:\/\/maetinganoticias.com\/index.php\/2024\/12\/11\/lula-fara-novo-procedimento-medico-nesta-quinta\/\" \/>\n<meta property=\"og:locale\" content=\"pt_BR\" \/>\n<meta property=\"og:type\" content=\"article\" \/>\n<meta property=\"og:title\" content=\"Lula far\u00e1 novo procedimento m\u00e9dico nesta quinta - Maetinga Not\u00edcias\" \/>\n<meta property=\"og:description\" content=\"Presidente permanece sob cuidados intensivos no S\u00edrio-Liban\u00eas O presidente Luiz In\u00e1cio Lula da Silva ser\u00e1 submetido a um novo procedimento nesta quinta-feira pela manh\u00e3, informou o Hospital S\u00edrio-Liban\u00eas em boletim divulgado \u00e0s 16h30 desta quarta-feira (11). Ele far\u00e1 uma emboliza\u00e7\u00e3o de art\u00e9ria men\u00edngea m\u00e9dia (procedimento endovascular).&nbsp; Em nota assinada pelos m\u00e9dicos Luiz Francisco Cardoso e [&hellip;]\" \/>\n<meta property=\"og:url\" content=\"https:\/\/maetinganoticias.com\/index.php\/2024\/12\/11\/lula-fara-novo-procedimento-medico-nesta-quinta\/\" \/>\n<meta property=\"og:site_name\" content=\"Maetinga Not\u00edcias\" \/>\n<meta property=\"article:published_time\" content=\"2024-12-11T23:13:05+00:00\" \/>\n<meta property=\"article:modified_time\" content=\"2024-12-11T23:13:06+00:00\" \/>\n<meta property=\"og:image\" content=\"https:\/\/maetinganoticias.com\/wp-content\/uploads\/2024\/12\/WhatsApp-Image-2024-12-11-at-20.10.32.jpeg\" \/>\n\t<meta property=\"og:image:width\" content=\"1170\" \/>\n\t<meta property=\"og:image:height\" content=\"700\" \/>\n\t<meta property=\"og:image:type\" content=\"image\/jpeg\" \/>\n<meta name=\"author\" content=\"Maetinga Not\u00edcias\" \/>\n<meta name=\"twitter:card\" content=\"summary_large_image\" \/>\n<meta name=\"twitter:label1\" content=\"Escrito por\" \/>\n\t<meta name=\"twitter:data1\" content=\"Maetinga Not\u00edcias\" \/>\n\t<meta name=\"twitter:label2\" content=\"Est. tempo de leitura\" \/>\n\t<meta name=\"twitter:data2\" content=\"2 minutos\" \/>\n<script type=\"application\/ld+json\" class=\"yoast-schema-graph\">{\"@context\":\"https:\\\/\\\/schema.org\",\"@graph\":[{\"@type\":[\"Article\",\"BlogPosting\"],\"@id\":\"https:\\\/\\\/maetinganoticias.com\\\/index.php\\\/2024\\\/12\\\/11\\\/lula-fara-novo-procedimento-medico-nesta-quinta\\\/#article\",\"isPartOf\":{\"@id\":\"https:\\\/\\\/maetinganoticias.com\\\/index.php\\\/2024\\\/12\\\/11\\\/lula-fara-novo-procedimento-medico-nesta-quinta\\\/\"},\"author\":{\"name\":\"Maetinga Not\u00edcias\",\"@id\":\"https:\\\/\\\/maetinganoticias.com\\\/#\\\/schema\\\/person\\\/968cf95e67a6810fc7fb35bbc9016962\"},\"headline\":\"Lula far\u00e1 novo procedimento m\u00e9dico nesta quinta\",\"datePublished\":\"2024-12-11T23:13:05+00:00\",\"dateModified\":\"2024-12-11T23:13:06+00:00\",\"mainEntityOfPage\":{\"@id\":\"https:\\\/\\\/maetinganoticias.com\\\/index.php\\\/2024\\\/12\\\/11\\\/lula-fara-novo-procedimento-medico-nesta-quinta\\\/\"},\"wordCount\":286,\"commentCount\":0,\"publisher\":{\"@id\":\"https:\\\/\\\/maetinganoticias.com\\\/#organization\"},\"image\":{\"@id\":\"https:\\\/\\\/maetinganoticias.com\\\/index.php\\\/2024\\\/12\\\/11\\\/lula-fara-novo-procedimento-medico-nesta-quinta\\\/#primaryimage\"},\"thumbnailUrl\":\"https:\\\/\\\/maetinganoticias.com\\\/wp-content\\\/uploads\\\/2024\\\/12\\\/WhatsApp-Image-2024-12-11-at-20.10.32.jpeg\",\"keywords\":[\"Lula\",\"PROCEDIMENTO M\u00c9DICO\",\"S\u00c1UDE\"],\"articleSection\":[\"Pol\u00edtica\"],\"inLanguage\":\"pt-BR\",\"potentialAction\":[{\"@type\":\"CommentAction\",\"name\":\"Comment\",\"target\":[\"https:\\\/\\\/maetinganoticias.com\\\/index.php\\\/2024\\\/12\\\/11\\\/lula-fara-novo-procedimento-medico-nesta-quinta\\\/#respond\"]}]},{\"@type\":\"WebPage\",\"@id\":\"https:\\\/\\\/maetinganoticias.com\\\/index.php\\\/2024\\\/12\\\/11\\\/lula-fara-novo-procedimento-medico-nesta-quinta\\\/\",\"url\":\"https:\\\/\\\/maetinganoticias.com\\\/index.php\\\/2024\\\/12\\\/11\\\/lula-fara-novo-procedimento-medico-nesta-quinta\\\/\",\"name\":\"Lula far\u00e1 novo procedimento m\u00e9dico nesta quinta - Maetinga Not\u00edcias\",\"isPartOf\":{\"@id\":\"https:\\\/\\\/maetinganoticias.com\\\/#website\"},\"primaryImageOfPage\":{\"@id\":\"https:\\\/\\\/maetinganoticias.com\\\/index.php\\\/2024\\\/12\\\/11\\\/lula-fara-novo-procedimento-medico-nesta-quinta\\\/#primaryimage\"},\"image\":{\"@id\":\"https:\\\/\\\/maetinganoticias.com\\\/index.php\\\/2024\\\/12\\\/11\\\/lula-fara-novo-procedimento-medico-nesta-quinta\\\/#primaryimage\"},\"thumbnailUrl\":\"https:\\\/\\\/maetinganoticias.com\\\/wp-content\\\/uploads\\\/2024\\\/12\\\/WhatsApp-Image-2024-12-11-at-20.10.32.jpeg\",\"datePublished\":\"2024-12-11T23:13:05+00:00\",\"dateModified\":\"2024-12-11T23:13:06+00:00\",\"breadcrumb\":{\"@id\":\"https:\\\/\\\/maetinganoticias.com\\\/index.php\\\/2024\\\/12\\\/11\\\/lula-fara-novo-procedimento-medico-nesta-quinta\\\/#breadcrumb\"},\"inLanguage\":\"pt-BR\",\"potentialAction\":[{\"@type\":\"ReadAction\",\"target\":[\"https:\\\/\\\/maetinganoticias.com\\\/index.php\\\/2024\\\/12\\\/11\\\/lula-fara-novo-procedimento-medico-nesta-quinta\\\/\"]}]},{\"@type\":\"ImageObject\",\"inLanguage\":\"pt-BR\",\"@id\":\"https:\\\/\\\/maetinganoticias.com\\\/index.php\\\/2024\\\/12\\\/11\\\/lula-fara-novo-procedimento-medico-nesta-quinta\\\/#primaryimage\",\"url\":\"https:\\\/\\\/maetinganoticias.com\\\/wp-content\\\/uploads\\\/2024\\\/12\\\/WhatsApp-Image-2024-12-11-at-20.10.32.jpeg\",\"contentUrl\":\"https:\\\/\\\/maetinganoticias.com\\\/wp-content\\\/uploads\\\/2024\\\/12\\\/WhatsApp-Image-2024-12-11-at-20.10.32.jpeg\",\"width\":1170,\"height\":700,\"caption\":\"\u00a9 Marcelo Camargo\\\/Ag\u00eancia Brasil\"},{\"@type\":\"BreadcrumbList\",\"@id\":\"https:\\\/\\\/maetinganoticias.com\\\/index.php\\\/2024\\\/12\\\/11\\\/lula-fara-novo-procedimento-medico-nesta-quinta\\\/#breadcrumb\",\"itemListElement\":[{\"@type\":\"ListItem\",\"position\":1,\"name\":\"In\u00edcio\",\"item\":\"https:\\\/\\\/maetinganoticias.com\\\/\"},{\"@type\":\"ListItem\",\"position\":2,\"name\":\"Lula far\u00e1 novo procedimento m\u00e9dico nesta quinta\"}]},{\"@type\":\"WebSite\",\"@id\":\"https:\\\/\\\/maetinganoticias.com\\\/#website\",\"url\":\"https:\\\/\\\/maetinganoticias.com\\\/\",\"name\":\"Maetinga Not\u00edcias\",\"description\":\"A Voz do Interior Baiano!\",\"publisher\":{\"@id\":\"https:\\\/\\\/maetinganoticias.com\\\/#organization\"},\"potentialAction\":[{\"@type\":\"SearchAction\",\"target\":{\"@type\":\"EntryPoint\",\"urlTemplate\":\"https:\\\/\\\/maetinganoticias.com\\\/?s={search_term_string}\"},\"query-input\":{\"@type\":\"PropertyValueSpecification\",\"valueRequired\":true,\"valueName\":\"search_term_string\"}}],\"inLanguage\":\"pt-BR\"},{\"@type\":\"Organization\",\"@id\":\"https:\\\/\\\/maetinganoticias.com\\\/#organization\",\"name\":\"Maetinga Not\u00edcias\",\"url\":\"https:\\\/\\\/maetinganoticias.com\\\/\",\"logo\":{\"@type\":\"ImageObject\",\"inLanguage\":\"pt-BR\",\"@id\":\"https:\\\/\\\/maetinganoticias.com\\\/#\\\/schema\\\/logo\\\/image\\\/\",\"url\":\"https:\\\/\\\/maetinganoticias.com\\\/wp-content\\\/uploads\\\/2023\\\/07\\\/cropped-cropped-cropped-cropped-BUSINESS-3-42-1.png\",\"contentUrl\":\"https:\\\/\\\/maetinganoticias.com\\\/wp-content\\\/uploads\\\/2023\\\/07\\\/cropped-cropped-cropped-cropped-BUSINESS-3-42-1.png\",\"width\":485,\"height\":109,\"caption\":\"Maetinga Not\u00edcias\"},\"image\":{\"@id\":\"https:\\\/\\\/maetinganoticias.com\\\/#\\\/schema\\\/logo\\\/image\\\/\"}},{\"@type\":\"Person\",\"@id\":\"https:\\\/\\\/maetinganoticias.com\\\/#\\\/schema\\\/person\\\/968cf95e67a6810fc7fb35bbc9016962\",\"name\":\"Maetinga Not\u00edcias\",\"image\":{\"@type\":\"ImageObject\",\"inLanguage\":\"pt-BR\",\"@id\":\"https:\\\/\\\/secure.gravatar.com\\\/avatar\\\/32e078313a5ca37a6c8d44e716ed4f9e87ecfde7222d2b88a1424bd49654f187?s=96&d=mm&r=g\",\"url\":\"https:\\\/\\\/secure.gravatar.com\\\/avatar\\\/32e078313a5ca37a6c8d44e716ed4f9e87ecfde7222d2b88a1424bd49654f187?s=96&d=mm&r=g\",\"contentUrl\":\"https:\\\/\\\/secure.gravatar.com\\\/avatar\\\/32e078313a5ca37a6c8d44e716ed4f9e87ecfde7222d2b88a1424bd49654f187?s=96&d=mm&r=g\",\"caption\":\"Maetinga Not\u00edcias\"},\"description\":\"A voz do Interior Baiano!\",\"sameAs\":[\"https:\\\/\\\/maetinganoticias.com\",\"https:\\\/\\\/www.instagram.com\\\/blogmaetinganoticias\\\/\"],\"url\":\"https:\\\/\\\/maetinganoticias.com\\\/index.php\\\/author\\\/carlosvianna13\\\/\"}]}<\/script>\n<!-- \/ Yoast SEO plugin. -->","yoast_head_json":{"title":"Lula far\u00e1 novo procedimento m\u00e9dico nesta quinta - Maetinga Not\u00edcias","robots":{"index":"index","follow":"follow","max-snippet":"max-snippet:-1","max-image-preview":"max-image-preview:large","max-video-preview":"max-video-preview:-1"},"canonical":"https:\/\/maetinganoticias.com\/index.php\/2024\/12\/11\/lula-fara-novo-procedimento-medico-nesta-quinta\/","og_locale":"pt_BR","og_type":"article","og_title":"Lula far\u00e1 novo procedimento m\u00e9dico nesta quinta - Maetinga Not\u00edcias","og_description":"Presidente permanece sob cuidados intensivos no S\u00edrio-Liban\u00eas O presidente Luiz In\u00e1cio Lula da Silva ser\u00e1 submetido a um novo procedimento nesta quinta-feira pela manh\u00e3, informou o Hospital S\u00edrio-Liban\u00eas em boletim divulgado \u00e0s 16h30 desta quarta-feira (11). Ele far\u00e1 uma emboliza\u00e7\u00e3o de art\u00e9ria men\u00edngea m\u00e9dia (procedimento endovascular).&nbsp; Em nota assinada pelos m\u00e9dicos Luiz Francisco Cardoso e [&hellip;]","og_url":"https:\/\/maetinganoticias.com\/index.php\/2024\/12\/11\/lula-fara-novo-procedimento-medico-nesta-quinta\/","og_site_name":"Maetinga Not\u00edcias","article_published_time":"2024-12-11T23:13:05+00:00","article_modified_time":"2024-12-11T23:13:06+00:00","og_image":[{"width":1170,"height":700,"url":"https:\/\/maetinganoticias.com\/wp-content\/uploads\/2024\/12\/WhatsApp-Image-2024-12-11-at-20.10.32.jpeg","type":"image\/jpeg"}],"author":"Maetinga Not\u00edcias","twitter_card":"summary_large_image","twitter_misc":{"Escrito por":"Maetinga Not\u00edcias","Est. tempo de leitura":"2 minutos"},"schema":{"@context":"https:\/\/schema.org","@graph":[{"@type":["Article","BlogPosting"],"@id":"https:\/\/maetinganoticias.com\/index.php\/2024\/12\/11\/lula-fara-novo-procedimento-medico-nesta-quinta\/#article","isPartOf":{"@id":"https:\/\/maetinganoticias.com\/index.php\/2024\/12\/11\/lula-fara-novo-procedimento-medico-nesta-quinta\/"},"author":{"name":"Maetinga Not\u00edcias","@id":"https:\/\/maetinganoticias.com\/#\/schema\/person\/968cf95e67a6810fc7fb35bbc9016962"},"headline":"Lula far\u00e1 novo procedimento m\u00e9dico nesta quinta","datePublished":"2024-12-11T23:13:05+00:00","dateModified":"2024-12-11T23:13:06+00:00","mainEntityOfPage":{"@id":"https:\/\/maetinganoticias.com\/index.php\/2024\/12\/11\/lula-fara-novo-procedimento-medico-nesta-quinta\/"},"wordCount":286,"commentCount":0,"publisher":{"@id":"https:\/\/maetinganoticias.com\/#organization"},"image":{"@id":"https:\/\/maetinganoticias.com\/index.php\/2024\/12\/11\/lula-fara-novo-procedimento-medico-nesta-quinta\/#primaryimage"},"thumbnailUrl":"https:\/\/maetinganoticias.com\/wp-content\/uploads\/2024\/12\/WhatsApp-Image-2024-12-11-at-20.10.32.jpeg","keywords":["Lula","PROCEDIMENTO M\u00c9DICO","S\u00c1UDE"],"articleSection":["Pol\u00edtica"],"inLanguage":"pt-BR","potentialAction":[{"@type":"CommentAction","name":"Comment","target":["https:\/\/maetinganoticias.com\/index.php\/2024\/12\/11\/lula-fara-novo-procedimento-medico-nesta-quinta\/#respond"]}]},{"@type":"WebPage","@id":"https:\/\/maetinganoticias.com\/index.php\/2024\/12\/11\/lula-fara-novo-procedimento-medico-nesta-quinta\/","url":"https:\/\/maetinganoticias.com\/index.php\/2024\/12\/11\/lula-fara-novo-procedimento-medico-nesta-quinta\/","name":"Lula far\u00e1 novo procedimento m\u00e9dico nesta quinta - Maetinga Not\u00edcias","isPartOf":{"@id":"https:\/\/maetinganoticias.com\/#website"},"primaryImageOfPage":{"@id":"https:\/\/maetinganoticias.com\/index.php\/2024\/12\/11\/lula-fara-novo-procedimento-medico-nesta-quinta\/#primaryimage"},"image":{"@id":"https:\/\/maetinganoticias.com\/index.php\/2024\/12\/11\/lula-fara-novo-procedimento-medico-nesta-quinta\/#primaryimage"},"thumbnailUrl":"https:\/\/maetinganoticias.com\/wp-content\/uploads\/2024\/12\/WhatsApp-Image-2024-12-11-at-20.10.32.jpeg","datePublished":"2024-12-11T23:13:05+00:00","dateModified":"2024-12-11T23:13:06+00:00","breadcrumb":{"@id":"https:\/\/maetinganoticias.com\/index.php\/2024\/12\/11\/lula-fara-novo-procedimento-medico-nesta-quinta\/#breadcrumb"},"inLanguage":"pt-BR","potentialAction":[{"@type":"ReadAction","target":["https:\/\/maetinganoticias.com\/index.php\/2024\/12\/11\/lula-fara-novo-procedimento-medico-nesta-quinta\/"]}]},{"@type":"ImageObject","inLanguage":"pt-BR","@id":"https:\/\/maetinganoticias.com\/index.php\/2024\/12\/11\/lula-fara-novo-procedimento-medico-nesta-quinta\/#primaryimage","url":"https:\/\/maetinganoticias.com\/wp-content\/uploads\/2024\/12\/WhatsApp-Image-2024-12-11-at-20.10.32.jpeg","contentUrl":"https:\/\/maetinganoticias.com\/wp-content\/uploads\/2024\/12\/WhatsApp-Image-2024-12-11-at-20.10.32.jpeg","width":1170,"height":700,"caption":"\u00a9 Marcelo Camargo\/Ag\u00eancia Brasil"},{"@type":"BreadcrumbList","@id":"https:\/\/maetinganoticias.com\/index.php\/2024\/12\/11\/lula-fara-novo-procedimento-medico-nesta-quinta\/#breadcrumb","itemListElement":[{"@type":"ListItem","position":1,"name":"In\u00edcio","item":"https:\/\/maetinganoticias.com\/"},{"@type":"ListItem","position":2,"name":"Lula far\u00e1 novo procedimento m\u00e9dico nesta quinta"}]},{"@type":"WebSite","@id":"https:\/\/maetinganoticias.com\/#website","url":"https:\/\/maetinganoticias.com\/","name":"Maetinga Not\u00edcias","description":"A Voz do Interior Baiano!","publisher":{"@id":"https:\/\/maetinganoticias.com\/#organization"},"potentialAction":[{"@type":"SearchAction","target":{"@type":"EntryPoint","urlTemplate":"https:\/\/maetinganoticias.com\/?s={search_term_string}"},"query-input":{"@type":"PropertyValueSpecification","valueRequired":true,"valueName":"search_term_string"}}],"inLanguage":"pt-BR"},{"@type":"Organization","@id":"https:\/\/maetinganoticias.com\/#organization","name":"Maetinga Not\u00edcias","url":"https:\/\/maetinganoticias.com\/","logo":{"@type":"ImageObject","inLanguage":"pt-BR","@id":"https:\/\/maetinganoticias.com\/#\/schema\/logo\/image\/","url":"https:\/\/maetinganoticias.com\/wp-content\/uploads\/2023\/07\/cropped-cropped-cropped-cropped-BUSINESS-3-42-1.png","contentUrl":"https:\/\/maetinganoticias.com\/wp-content\/uploads\/2023\/07\/cropped-cropped-cropped-cropped-BUSINESS-3-42-1.png","width":485,"height":109,"caption":"Maetinga Not\u00edcias"},"image":{"@id":"https:\/\/maetinganoticias.com\/#\/schema\/logo\/image\/"}},{"@type":"Person","@id":"https:\/\/maetinganoticias.com\/#\/schema\/person\/968cf95e67a6810fc7fb35bbc9016962","name":"Maetinga Not\u00edcias","image":{"@type":"ImageObject","inLanguage":"pt-BR","@id":"https:\/\/secure.gravatar.com\/avatar\/32e078313a5ca37a6c8d44e716ed4f9e87ecfde7222d2b88a1424bd49654f187?s=96&d=mm&r=g","url":"https:\/\/secure.gravatar.com\/avatar\/32e078313a5ca37a6c8d44e716ed4f9e87ecfde7222d2b88a1424bd49654f187?s=96&d=mm&r=g","contentUrl":"https:\/\/secure.gravatar.com\/avatar\/32e078313a5ca37a6c8d44e716ed4f9e87ecfde7222d2b88a1424bd49654f187?s=96&d=mm&r=g","caption":"Maetinga Not\u00edcias"},"description":"A voz do Interior Baiano!","sameAs":["https:\/\/maetinganoticias.com","https:\/\/www.instagram.com\/blogmaetinganoticias\/"],"url":"https:\/\/maetinganoticias.com\/index.php\/author\/carlosvianna13\/"}]}},"_links":{"self":[{"href":"https:\/\/maetinganoticias.com\/index.php\/wp-json\/wp\/v2\/posts\/6800","targetHints":{"allow":["GET"]}}],"collection":[{"href":"https:\/\/maetinganoticias.com\/index.php\/wp-json\/wp\/v2\/posts"}],"about":[{"href":"https:\/\/maetinganoticias.com\/index.php\/wp-json\/wp\/v2\/types\/post"}],"author":[{"embeddable":true,"href":"https:\/\/maetinganoticias.com\/index.php\/wp-json\/wp\/v2\/users\/1"}],"replies":[{"embeddable":true,"href":"https:\/\/maetinganoticias.com\/index.php\/wp-json\/wp\/v2\/comments?post=6800"}],"version-history":[{"count":1,"href":"https:\/\/maetinganoticias.com\/index.php\/wp-json\/wp\/v2\/posts\/6800\/revisions"}],"predecessor-version":[{"id":6803,"href":"https:\/\/maetinganoticias.com\/index.php\/wp-json\/wp\/v2\/posts\/6800\/revisions\/6803"}],"wp:featuredmedia":[{"embeddable":true,"href":"https:\/\/maetinganoticias.com\/index.php\/wp-json\/wp\/v2\/media\/6801"}],"wp:attachment":[{"href":"https:\/\/maetinganoticias.com\/index.php\/wp-json\/wp\/v2\/media?parent=6800"}],"wp:term":[{"taxonomy":"category","embeddable":true,"href":"https:\/\/maetinganoticias.com\/index.php\/wp-json\/wp\/v2\/categories?post=6800"},{"taxonomy":"post_tag","embeddable":true,"href":"https:\/\/maetinganoticias.com\/index.php\/wp-json\/wp\/v2\/tags?post=6800"}],"curies":[{"name":"wp","href":"https:\/\/api.w.org\/{rel}","templated":true}]}}