{"id":6270,"date":"2024-11-17T14:43:21","date_gmt":"2024-11-17T17:43:21","guid":{"rendered":"https:\/\/maetinganoticias.com\/?p=6270"},"modified":"2024-11-17T14:43:21","modified_gmt":"2024-11-17T17:43:21","slug":"carreta-carregada-de-soja-tomba-na-rotatoria-da-br-030-com-a-ba-262-em-brumado","status":"publish","type":"post","link":"https:\/\/maetinganoticias.com\/index.php\/2024\/11\/17\/carreta-carregada-de-soja-tomba-na-rotatoria-da-br-030-com-a-ba-262-em-brumado\/","title":{"rendered":"Carreta carregada de soja tomba na rotat\u00f3ria da BR-030 com a BA-262 em Brumado"},"content":{"rendered":"\n<p id=\"isPasted\">Neste domingo (17), uma carreta carregada de soja tombou na rotat\u00f3ria que liga a BR-030 \u00e0 BA-262, no in\u00edcio do anel vi\u00e1rio de&nbsp;Brumado. <\/p>\n\n\n\n<p id=\"isPasted\">O motorista do ve\u00edculo foi socorrido por uma equipe do SAMU 192 e encaminhado ao Hospital Professor Magalh\u00e3es Neto. <\/p>\n\n\n\n<p id=\"isPasted\">At\u00e9 o momento, n\u00e3o h\u00e1 informa\u00e7\u00f5es sobre seu estado de sa\u00fade. <\/p>\n\n\n\n<p id=\"isPasted\">A&nbsp;Pol\u00edcia&nbsp;Rodovi\u00e1ria Estadual (PRE) esteve no local para controlar o tr\u00e2nsito, evitando maiores transtornos aos motoristas que trafegavam pela regi\u00e3o. <\/p>\n\n\n\n<p id=\"isPasted\">Apesar do impacto do acidente, a carga de soja foi preservada. <\/p>\n\n\n\n<p id=\"isPasted\">As causas do tombamento ainda n\u00e3o foram oficialmente esclarecidas. A PRE segue investigando o ocorrido e dever\u00e1 divulgar mais detalhes em breve.<\/p>\n\n\n\n<p><\/p>\n","protected":false},"excerpt":{"rendered":"<p>Neste domingo (17), uma carreta carregada de soja tombou na rotat\u00f3ria que liga a BR-030 \u00e0 BA-262, no in\u00edcio do anel vi\u00e1rio de&nbsp;Brumado. O motorista do ve\u00edculo foi socorrido por uma equipe do SAMU 192 e encaminhado ao Hospital Professor Magalh\u00e3es Neto. At\u00e9 o momento, n\u00e3o h\u00e1 informa\u00e7\u00f5es sobre seu estado de sa\u00fade. A&nbsp;Pol\u00edcia&nbsp;Rodovi\u00e1ria Estadual [&hellip;]<\/p>\n","protected":false},"author":1,"featured_media":6269,"comment_status":"closed","ping_status":"open","sticky":false,"template":"","format":"standard","meta":{"om_disable_all_campaigns":false,"_monsterinsights_skip_tracking":false,"_monsterinsights_sitenote_active":false,"_monsterinsights_sitenote_note":"","_monsterinsights_sitenote_category":0,"_uf_show_specific_survey":0,"_uf_disable_surveys":false,"footnotes":""},"categories":[42],"tags":[142,127,865],"class_list":{"0":"post-6270","1":"post","2":"type-post","3":"status-publish","4":"format-standard","5":"has-post-thumbnail","7":"category-brumado","8":"tag-acidente","9":"tag-brumado","10":"tag-pre"},"yoast_head":"<!-- This site is optimized with the Yoast SEO plugin v27.5 - https:\/\/yoast.com\/product\/yoast-seo-wordpress\/ -->\n<title>Carreta carregada de soja tomba na rotat\u00f3ria da BR-030 com a BA-262 em Brumado - Maetinga Not\u00edcias<\/title>\n<meta name=\"robots\" content=\"index, follow, max-snippet:-1, max-image-preview:large, max-video-preview:-1\" \/>\n<link rel=\"canonical\" href=\"https:\/\/maetinganoticias.com\/index.php\/2024\/11\/17\/carreta-carregada-de-soja-tomba-na-rotatoria-da-br-030-com-a-ba-262-em-brumado\/\" \/>\n<meta property=\"og:locale\" content=\"pt_BR\" \/>\n<meta property=\"og:type\" content=\"article\" \/>\n<meta property=\"og:title\" content=\"Carreta carregada de soja tomba na rotat\u00f3ria da BR-030 com a BA-262 em Brumado - Maetinga Not\u00edcias\" \/>\n<meta property=\"og:description\" content=\"Neste domingo (17), uma carreta carregada de soja tombou na rotat\u00f3ria que liga a BR-030 \u00e0 BA-262, no in\u00edcio do anel vi\u00e1rio de&nbsp;Brumado. O motorista do ve\u00edculo foi socorrido por uma equipe do SAMU 192 e encaminhado ao Hospital Professor Magalh\u00e3es Neto. At\u00e9 o momento, n\u00e3o h\u00e1 informa\u00e7\u00f5es sobre seu estado de sa\u00fade. A&nbsp;Pol\u00edcia&nbsp;Rodovi\u00e1ria Estadual [&hellip;]\" \/>\n<meta property=\"og:url\" content=\"https:\/\/maetinganoticias.com\/index.php\/2024\/11\/17\/carreta-carregada-de-soja-tomba-na-rotatoria-da-br-030-com-a-ba-262-em-brumado\/\" \/>\n<meta property=\"og:site_name\" content=\"Maetinga Not\u00edcias\" \/>\n<meta property=\"article:published_time\" content=\"2024-11-17T17:43:21+00:00\" \/>\n<meta property=\"og:image\" content=\"https:\/\/maetinganoticias.com\/wp-content\/uploads\/2024\/11\/img_2632.jpg\" \/>\n\t<meta property=\"og:image:width\" content=\"929\" \/>\n\t<meta property=\"og:image:height\" content=\"664\" \/>\n\t<meta property=\"og:image:type\" content=\"image\/jpeg\" \/>\n<meta name=\"author\" content=\"Maetinga Not\u00edcias\" \/>\n<meta name=\"twitter:card\" content=\"summary_large_image\" \/>\n<meta name=\"twitter:label1\" content=\"Escrito por\" \/>\n\t<meta name=\"twitter:data1\" content=\"Maetinga Not\u00edcias\" \/>\n\t<meta name=\"twitter:label2\" content=\"Est. tempo de leitura\" \/>\n\t<meta name=\"twitter:data2\" content=\"1 minuto\" \/>\n<script type=\"application\/ld+json\" class=\"yoast-schema-graph\">{\"@context\":\"https:\\\/\\\/schema.org\",\"@graph\":[{\"@type\":[\"Article\",\"BlogPosting\"],\"@id\":\"https:\\\/\\\/maetinganoticias.com\\\/index.php\\\/2024\\\/11\\\/17\\\/carreta-carregada-de-soja-tomba-na-rotatoria-da-br-030-com-a-ba-262-em-brumado\\\/#article\",\"isPartOf\":{\"@id\":\"https:\\\/\\\/maetinganoticias.com\\\/index.php\\\/2024\\\/11\\\/17\\\/carreta-carregada-de-soja-tomba-na-rotatoria-da-br-030-com-a-ba-262-em-brumado\\\/\"},\"author\":{\"name\":\"Maetinga Not\u00edcias\",\"@id\":\"https:\\\/\\\/maetinganoticias.com\\\/#\\\/schema\\\/person\\\/968cf95e67a6810fc7fb35bbc9016962\"},\"headline\":\"Carreta carregada de soja tomba na rotat\u00f3ria da BR-030 com a BA-262 em Brumado\",\"datePublished\":\"2024-11-17T17:43:21+00:00\",\"mainEntityOfPage\":{\"@id\":\"https:\\\/\\\/maetinganoticias.com\\\/index.php\\\/2024\\\/11\\\/17\\\/carreta-carregada-de-soja-tomba-na-rotatoria-da-br-030-com-a-ba-262-em-brumado\\\/\"},\"wordCount\":136,\"publisher\":{\"@id\":\"https:\\\/\\\/maetinganoticias.com\\\/#organization\"},\"image\":{\"@id\":\"https:\\\/\\\/maetinganoticias.com\\\/index.php\\\/2024\\\/11\\\/17\\\/carreta-carregada-de-soja-tomba-na-rotatoria-da-br-030-com-a-ba-262-em-brumado\\\/#primaryimage\"},\"thumbnailUrl\":\"https:\\\/\\\/maetinganoticias.com\\\/wp-content\\\/uploads\\\/2024\\\/11\\\/img_2632.jpg\",\"keywords\":[\"ACIDENTE\",\"Brumado\",\"PRE\"],\"articleSection\":[\"Brumado\"],\"inLanguage\":\"pt-BR\"},{\"@type\":\"WebPage\",\"@id\":\"https:\\\/\\\/maetinganoticias.com\\\/index.php\\\/2024\\\/11\\\/17\\\/carreta-carregada-de-soja-tomba-na-rotatoria-da-br-030-com-a-ba-262-em-brumado\\\/\",\"url\":\"https:\\\/\\\/maetinganoticias.com\\\/index.php\\\/2024\\\/11\\\/17\\\/carreta-carregada-de-soja-tomba-na-rotatoria-da-br-030-com-a-ba-262-em-brumado\\\/\",\"name\":\"Carreta carregada de soja tomba na rotat\u00f3ria da BR-030 com a BA-262 em Brumado - Maetinga Not\u00edcias\",\"isPartOf\":{\"@id\":\"https:\\\/\\\/maetinganoticias.com\\\/#website\"},\"primaryImageOfPage\":{\"@id\":\"https:\\\/\\\/maetinganoticias.com\\\/index.php\\\/2024\\\/11\\\/17\\\/carreta-carregada-de-soja-tomba-na-rotatoria-da-br-030-com-a-ba-262-em-brumado\\\/#primaryimage\"},\"image\":{\"@id\":\"https:\\\/\\\/maetinganoticias.com\\\/index.php\\\/2024\\\/11\\\/17\\\/carreta-carregada-de-soja-tomba-na-rotatoria-da-br-030-com-a-ba-262-em-brumado\\\/#primaryimage\"},\"thumbnailUrl\":\"https:\\\/\\\/maetinganoticias.com\\\/wp-content\\\/uploads\\\/2024\\\/11\\\/img_2632.jpg\",\"datePublished\":\"2024-11-17T17:43:21+00:00\",\"breadcrumb\":{\"@id\":\"https:\\\/\\\/maetinganoticias.com\\\/index.php\\\/2024\\\/11\\\/17\\\/carreta-carregada-de-soja-tomba-na-rotatoria-da-br-030-com-a-ba-262-em-brumado\\\/#breadcrumb\"},\"inLanguage\":\"pt-BR\",\"potentialAction\":[{\"@type\":\"ReadAction\",\"target\":[\"https:\\\/\\\/maetinganoticias.com\\\/index.php\\\/2024\\\/11\\\/17\\\/carreta-carregada-de-soja-tomba-na-rotatoria-da-br-030-com-a-ba-262-em-brumado\\\/\"]}]},{\"@type\":\"ImageObject\",\"inLanguage\":\"pt-BR\",\"@id\":\"https:\\\/\\\/maetinganoticias.com\\\/index.php\\\/2024\\\/11\\\/17\\\/carreta-carregada-de-soja-tomba-na-rotatoria-da-br-030-com-a-ba-262-em-brumado\\\/#primaryimage\",\"url\":\"https:\\\/\\\/maetinganoticias.com\\\/wp-content\\\/uploads\\\/2024\\\/11\\\/img_2632.jpg\",\"contentUrl\":\"https:\\\/\\\/maetinganoticias.com\\\/wp-content\\\/uploads\\\/2024\\\/11\\\/img_2632.jpg\",\"width\":929,\"height\":664},{\"@type\":\"BreadcrumbList\",\"@id\":\"https:\\\/\\\/maetinganoticias.com\\\/index.php\\\/2024\\\/11\\\/17\\\/carreta-carregada-de-soja-tomba-na-rotatoria-da-br-030-com-a-ba-262-em-brumado\\\/#breadcrumb\",\"itemListElement\":[{\"@type\":\"ListItem\",\"position\":1,\"name\":\"In\u00edcio\",\"item\":\"https:\\\/\\\/maetinganoticias.com\\\/\"},{\"@type\":\"ListItem\",\"position\":2,\"name\":\"Carreta carregada de soja tomba na rotat\u00f3ria da BR-030 com a BA-262 em Brumado\"}]},{\"@type\":\"WebSite\",\"@id\":\"https:\\\/\\\/maetinganoticias.com\\\/#website\",\"url\":\"https:\\\/\\\/maetinganoticias.com\\\/\",\"name\":\"Maetinga Not\u00edcias\",\"description\":\"A Voz do Interior Baiano!\",\"publisher\":{\"@id\":\"https:\\\/\\\/maetinganoticias.com\\\/#organization\"},\"potentialAction\":[{\"@type\":\"SearchAction\",\"target\":{\"@type\":\"EntryPoint\",\"urlTemplate\":\"https:\\\/\\\/maetinganoticias.com\\\/?s={search_term_string}\"},\"query-input\":{\"@type\":\"PropertyValueSpecification\",\"valueRequired\":true,\"valueName\":\"search_term_string\"}}],\"inLanguage\":\"pt-BR\"},{\"@type\":\"Organization\",\"@id\":\"https:\\\/\\\/maetinganoticias.com\\\/#organization\",\"name\":\"Maetinga Not\u00edcias\",\"url\":\"https:\\\/\\\/maetinganoticias.com\\\/\",\"logo\":{\"@type\":\"ImageObject\",\"inLanguage\":\"pt-BR\",\"@id\":\"https:\\\/\\\/maetinganoticias.com\\\/#\\\/schema\\\/logo\\\/image\\\/\",\"url\":\"https:\\\/\\\/maetinganoticias.com\\\/wp-content\\\/uploads\\\/2023\\\/07\\\/cropped-cropped-cropped-cropped-BUSINESS-3-42-1.png\",\"contentUrl\":\"https:\\\/\\\/maetinganoticias.com\\\/wp-content\\\/uploads\\\/2023\\\/07\\\/cropped-cropped-cropped-cropped-BUSINESS-3-42-1.png\",\"width\":485,\"height\":109,\"caption\":\"Maetinga Not\u00edcias\"},\"image\":{\"@id\":\"https:\\\/\\\/maetinganoticias.com\\\/#\\\/schema\\\/logo\\\/image\\\/\"}},{\"@type\":\"Person\",\"@id\":\"https:\\\/\\\/maetinganoticias.com\\\/#\\\/schema\\\/person\\\/968cf95e67a6810fc7fb35bbc9016962\",\"name\":\"Maetinga Not\u00edcias\",\"image\":{\"@type\":\"ImageObject\",\"inLanguage\":\"pt-BR\",\"@id\":\"https:\\\/\\\/secure.gravatar.com\\\/avatar\\\/32e078313a5ca37a6c8d44e716ed4f9e87ecfde7222d2b88a1424bd49654f187?s=96&d=mm&r=g\",\"url\":\"https:\\\/\\\/secure.gravatar.com\\\/avatar\\\/32e078313a5ca37a6c8d44e716ed4f9e87ecfde7222d2b88a1424bd49654f187?s=96&d=mm&r=g\",\"contentUrl\":\"https:\\\/\\\/secure.gravatar.com\\\/avatar\\\/32e078313a5ca37a6c8d44e716ed4f9e87ecfde7222d2b88a1424bd49654f187?s=96&d=mm&r=g\",\"caption\":\"Maetinga Not\u00edcias\"},\"description\":\"A voz do Interior Baiano!\",\"sameAs\":[\"https:\\\/\\\/maetinganoticias.com\",\"https:\\\/\\\/www.instagram.com\\\/blogmaetinganoticias\\\/\"],\"url\":\"https:\\\/\\\/maetinganoticias.com\\\/index.php\\\/author\\\/carlosvianna13\\\/\"}]}<\/script>\n<!-- \/ Yoast SEO plugin. -->","yoast_head_json":{"title":"Carreta carregada de soja tomba na rotat\u00f3ria da BR-030 com a BA-262 em Brumado - Maetinga Not\u00edcias","robots":{"index":"index","follow":"follow","max-snippet":"max-snippet:-1","max-image-preview":"max-image-preview:large","max-video-preview":"max-video-preview:-1"},"canonical":"https:\/\/maetinganoticias.com\/index.php\/2024\/11\/17\/carreta-carregada-de-soja-tomba-na-rotatoria-da-br-030-com-a-ba-262-em-brumado\/","og_locale":"pt_BR","og_type":"article","og_title":"Carreta carregada de soja tomba na rotat\u00f3ria da BR-030 com a BA-262 em Brumado - Maetinga Not\u00edcias","og_description":"Neste domingo (17), uma carreta carregada de soja tombou na rotat\u00f3ria que liga a BR-030 \u00e0 BA-262, no in\u00edcio do anel vi\u00e1rio de&nbsp;Brumado. O motorista do ve\u00edculo foi socorrido por uma equipe do SAMU 192 e encaminhado ao Hospital Professor Magalh\u00e3es Neto. At\u00e9 o momento, n\u00e3o h\u00e1 informa\u00e7\u00f5es sobre seu estado de sa\u00fade. A&nbsp;Pol\u00edcia&nbsp;Rodovi\u00e1ria Estadual [&hellip;]","og_url":"https:\/\/maetinganoticias.com\/index.php\/2024\/11\/17\/carreta-carregada-de-soja-tomba-na-rotatoria-da-br-030-com-a-ba-262-em-brumado\/","og_site_name":"Maetinga Not\u00edcias","article_published_time":"2024-11-17T17:43:21+00:00","og_image":[{"width":929,"height":664,"url":"https:\/\/maetinganoticias.com\/wp-content\/uploads\/2024\/11\/img_2632.jpg","type":"image\/jpeg"}],"author":"Maetinga Not\u00edcias","twitter_card":"summary_large_image","twitter_misc":{"Escrito por":"Maetinga Not\u00edcias","Est. tempo de leitura":"1 minuto"},"schema":{"@context":"https:\/\/schema.org","@graph":[{"@type":["Article","BlogPosting"],"@id":"https:\/\/maetinganoticias.com\/index.php\/2024\/11\/17\/carreta-carregada-de-soja-tomba-na-rotatoria-da-br-030-com-a-ba-262-em-brumado\/#article","isPartOf":{"@id":"https:\/\/maetinganoticias.com\/index.php\/2024\/11\/17\/carreta-carregada-de-soja-tomba-na-rotatoria-da-br-030-com-a-ba-262-em-brumado\/"},"author":{"name":"Maetinga Not\u00edcias","@id":"https:\/\/maetinganoticias.com\/#\/schema\/person\/968cf95e67a6810fc7fb35bbc9016962"},"headline":"Carreta carregada de soja tomba na rotat\u00f3ria da BR-030 com a BA-262 em Brumado","datePublished":"2024-11-17T17:43:21+00:00","mainEntityOfPage":{"@id":"https:\/\/maetinganoticias.com\/index.php\/2024\/11\/17\/carreta-carregada-de-soja-tomba-na-rotatoria-da-br-030-com-a-ba-262-em-brumado\/"},"wordCount":136,"publisher":{"@id":"https:\/\/maetinganoticias.com\/#organization"},"image":{"@id":"https:\/\/maetinganoticias.com\/index.php\/2024\/11\/17\/carreta-carregada-de-soja-tomba-na-rotatoria-da-br-030-com-a-ba-262-em-brumado\/#primaryimage"},"thumbnailUrl":"https:\/\/maetinganoticias.com\/wp-content\/uploads\/2024\/11\/img_2632.jpg","keywords":["ACIDENTE","Brumado","PRE"],"articleSection":["Brumado"],"inLanguage":"pt-BR"},{"@type":"WebPage","@id":"https:\/\/maetinganoticias.com\/index.php\/2024\/11\/17\/carreta-carregada-de-soja-tomba-na-rotatoria-da-br-030-com-a-ba-262-em-brumado\/","url":"https:\/\/maetinganoticias.com\/index.php\/2024\/11\/17\/carreta-carregada-de-soja-tomba-na-rotatoria-da-br-030-com-a-ba-262-em-brumado\/","name":"Carreta carregada de soja tomba na rotat\u00f3ria da BR-030 com a BA-262 em Brumado - Maetinga Not\u00edcias","isPartOf":{"@id":"https:\/\/maetinganoticias.com\/#website"},"primaryImageOfPage":{"@id":"https:\/\/maetinganoticias.com\/index.php\/2024\/11\/17\/carreta-carregada-de-soja-tomba-na-rotatoria-da-br-030-com-a-ba-262-em-brumado\/#primaryimage"},"image":{"@id":"https:\/\/maetinganoticias.com\/index.php\/2024\/11\/17\/carreta-carregada-de-soja-tomba-na-rotatoria-da-br-030-com-a-ba-262-em-brumado\/#primaryimage"},"thumbnailUrl":"https:\/\/maetinganoticias.com\/wp-content\/uploads\/2024\/11\/img_2632.jpg","datePublished":"2024-11-17T17:43:21+00:00","breadcrumb":{"@id":"https:\/\/maetinganoticias.com\/index.php\/2024\/11\/17\/carreta-carregada-de-soja-tomba-na-rotatoria-da-br-030-com-a-ba-262-em-brumado\/#breadcrumb"},"inLanguage":"pt-BR","potentialAction":[{"@type":"ReadAction","target":["https:\/\/maetinganoticias.com\/index.php\/2024\/11\/17\/carreta-carregada-de-soja-tomba-na-rotatoria-da-br-030-com-a-ba-262-em-brumado\/"]}]},{"@type":"ImageObject","inLanguage":"pt-BR","@id":"https:\/\/maetinganoticias.com\/index.php\/2024\/11\/17\/carreta-carregada-de-soja-tomba-na-rotatoria-da-br-030-com-a-ba-262-em-brumado\/#primaryimage","url":"https:\/\/maetinganoticias.com\/wp-content\/uploads\/2024\/11\/img_2632.jpg","contentUrl":"https:\/\/maetinganoticias.com\/wp-content\/uploads\/2024\/11\/img_2632.jpg","width":929,"height":664},{"@type":"BreadcrumbList","@id":"https:\/\/maetinganoticias.com\/index.php\/2024\/11\/17\/carreta-carregada-de-soja-tomba-na-rotatoria-da-br-030-com-a-ba-262-em-brumado\/#breadcrumb","itemListElement":[{"@type":"ListItem","position":1,"name":"In\u00edcio","item":"https:\/\/maetinganoticias.com\/"},{"@type":"ListItem","position":2,"name":"Carreta carregada de soja tomba na rotat\u00f3ria da BR-030 com a BA-262 em Brumado"}]},{"@type":"WebSite","@id":"https:\/\/maetinganoticias.com\/#website","url":"https:\/\/maetinganoticias.com\/","name":"Maetinga Not\u00edcias","description":"A Voz do Interior Baiano!","publisher":{"@id":"https:\/\/maetinganoticias.com\/#organization"},"potentialAction":[{"@type":"SearchAction","target":{"@type":"EntryPoint","urlTemplate":"https:\/\/maetinganoticias.com\/?s={search_term_string}"},"query-input":{"@type":"PropertyValueSpecification","valueRequired":true,"valueName":"search_term_string"}}],"inLanguage":"pt-BR"},{"@type":"Organization","@id":"https:\/\/maetinganoticias.com\/#organization","name":"Maetinga Not\u00edcias","url":"https:\/\/maetinganoticias.com\/","logo":{"@type":"ImageObject","inLanguage":"pt-BR","@id":"https:\/\/maetinganoticias.com\/#\/schema\/logo\/image\/","url":"https:\/\/maetinganoticias.com\/wp-content\/uploads\/2023\/07\/cropped-cropped-cropped-cropped-BUSINESS-3-42-1.png","contentUrl":"https:\/\/maetinganoticias.com\/wp-content\/uploads\/2023\/07\/cropped-cropped-cropped-cropped-BUSINESS-3-42-1.png","width":485,"height":109,"caption":"Maetinga Not\u00edcias"},"image":{"@id":"https:\/\/maetinganoticias.com\/#\/schema\/logo\/image\/"}},{"@type":"Person","@id":"https:\/\/maetinganoticias.com\/#\/schema\/person\/968cf95e67a6810fc7fb35bbc9016962","name":"Maetinga Not\u00edcias","image":{"@type":"ImageObject","inLanguage":"pt-BR","@id":"https:\/\/secure.gravatar.com\/avatar\/32e078313a5ca37a6c8d44e716ed4f9e87ecfde7222d2b88a1424bd49654f187?s=96&d=mm&r=g","url":"https:\/\/secure.gravatar.com\/avatar\/32e078313a5ca37a6c8d44e716ed4f9e87ecfde7222d2b88a1424bd49654f187?s=96&d=mm&r=g","contentUrl":"https:\/\/secure.gravatar.com\/avatar\/32e078313a5ca37a6c8d44e716ed4f9e87ecfde7222d2b88a1424bd49654f187?s=96&d=mm&r=g","caption":"Maetinga Not\u00edcias"},"description":"A voz do Interior Baiano!","sameAs":["https:\/\/maetinganoticias.com","https:\/\/www.instagram.com\/blogmaetinganoticias\/"],"url":"https:\/\/maetinganoticias.com\/index.php\/author\/carlosvianna13\/"}]}},"_links":{"self":[{"href":"https:\/\/maetinganoticias.com\/index.php\/wp-json\/wp\/v2\/posts\/6270","targetHints":{"allow":["GET"]}}],"collection":[{"href":"https:\/\/maetinganoticias.com\/index.php\/wp-json\/wp\/v2\/posts"}],"about":[{"href":"https:\/\/maetinganoticias.com\/index.php\/wp-json\/wp\/v2\/types\/post"}],"author":[{"embeddable":true,"href":"https:\/\/maetinganoticias.com\/index.php\/wp-json\/wp\/v2\/users\/1"}],"replies":[{"embeddable":true,"href":"https:\/\/maetinganoticias.com\/index.php\/wp-json\/wp\/v2\/comments?post=6270"}],"version-history":[{"count":1,"href":"https:\/\/maetinganoticias.com\/index.php\/wp-json\/wp\/v2\/posts\/6270\/revisions"}],"predecessor-version":[{"id":6271,"href":"https:\/\/maetinganoticias.com\/index.php\/wp-json\/wp\/v2\/posts\/6270\/revisions\/6271"}],"wp:featuredmedia":[{"embeddable":true,"href":"https:\/\/maetinganoticias.com\/index.php\/wp-json\/wp\/v2\/media\/6269"}],"wp:attachment":[{"href":"https:\/\/maetinganoticias.com\/index.php\/wp-json\/wp\/v2\/media?parent=6270"}],"wp:term":[{"taxonomy":"category","embeddable":true,"href":"https:\/\/maetinganoticias.com\/index.php\/wp-json\/wp\/v2\/categories?post=6270"},{"taxonomy":"post_tag","embeddable":true,"href":"https:\/\/maetinganoticias.com\/index.php\/wp-json\/wp\/v2\/tags?post=6270"}],"curies":[{"name":"wp","href":"https:\/\/api.w.org\/{rel}","templated":true}]}}