{"id":6089,"date":"2024-11-06T18:37:09","date_gmt":"2024-11-06T21:37:09","guid":{"rendered":"https:\/\/maetinganoticias.com\/?p=6089"},"modified":"2024-11-06T18:38:40","modified_gmt":"2024-11-06T21:38:40","slug":"bolsonaro-e-impedido-de-ir-a-posse-de-trump-devido-a-passaporte-retido","status":"publish","type":"post","link":"https:\/\/maetinganoticias.com\/index.php\/2024\/11\/06\/bolsonaro-e-impedido-de-ir-a-posse-de-trump-devido-a-passaporte-retido\/","title":{"rendered":"Bolsonaro est\u00e1 impedido de ir \u00e0 posse de Trump devido a passaporte retido"},"content":{"rendered":"\n<p><strong><em>Restri\u00e7\u00e3o \u00e9 resultado das investiga\u00e7\u00f5es relacionadas aos ataques de 8 de Janeiro de 2022, e seus advogados agora buscam uma solu\u00e7\u00e3o no Supremo Tribunal Federal (STF)<\/em><\/strong><\/p>\n\n\n\n<p>Mesmo com a vit\u00f3ria nas elei\u00e7\u00f5es, o presidente eleito dos Estados Unidos, Donald Trump pode n\u00e3o contar com um dos principais aliados na Am\u00e9rica do Sul, o ex-presidente Jair Bolsonaro, em sua posse em janeiro.<\/p>\n\n\n\n<p>Isso porque o l\u00edder bolsonarista est\u00e1 com o passaporte apreendido pelo Supremo Tribunal Federal (STF), a pedido do ministro Alexandre de Moraes, e para fazer uma viagem internacional precisaria pedir a autoriza\u00e7\u00e3o da Corte.<\/p>\n\n\n\n<p>Em outubro deste ano, a Primeira Turma do STF decidiu manter a decis\u00e3o de Moraes de apreens\u00e3o do passaporte de Bolsonaro e proibiu seu contato com investigados da suposta tentativa de golpe de Estado, em oito de janeiro de 2023.<\/p>\n\n\n\n<p>Com isso, Bolsonaro s\u00f3 poder\u00e1 ir \u00e0 posse de Trump se a decis\u00e3o for revogada.<\/p>\n","protected":false},"excerpt":{"rendered":"<p>Restri\u00e7\u00e3o \u00e9 resultado das investiga\u00e7\u00f5es relacionadas aos ataques de 8 de Janeiro de 2022, e seus advogados agora buscam uma solu\u00e7\u00e3o no Supremo Tribunal Federal (STF) Mesmo com a vit\u00f3ria nas elei\u00e7\u00f5es, o presidente eleito dos Estados Unidos, Donald Trump pode n\u00e3o contar com um dos principais aliados na Am\u00e9rica do Sul, o ex-presidente Jair [&hellip;]<\/p>\n","protected":false},"author":1,"featured_media":6090,"comment_status":"open","ping_status":"open","sticky":false,"template":"","format":"standard","meta":{"om_disable_all_campaigns":false,"_monsterinsights_skip_tracking":false,"_monsterinsights_sitenote_active":false,"_monsterinsights_sitenote_note":"","_monsterinsights_sitenote_category":0,"_uf_show_specific_survey":0,"_uf_disable_surveys":false,"footnotes":""},"categories":[5],"tags":[542,164,1233,1117,1234],"class_list":{"0":"post-6089","1":"post","2":"type-post","3":"status-publish","4":"format-standard","5":"has-post-thumbnail","7":"category-politica","8":"tag-bolsonaro","9":"tag-brasil","10":"tag-passaporte","11":"tag-politica-2","12":"tag-trump"},"yoast_head":"<!-- This site is optimized with the Yoast SEO plugin v27.5 - https:\/\/yoast.com\/product\/yoast-seo-wordpress\/ -->\n<title>Bolsonaro est\u00e1 impedido de ir \u00e0 posse de Trump devido a passaporte retido - Maetinga Not\u00edcias<\/title>\n<meta name=\"robots\" content=\"index, follow, max-snippet:-1, max-image-preview:large, max-video-preview:-1\" \/>\n<link rel=\"canonical\" href=\"https:\/\/maetinganoticias.com\/index.php\/2024\/11\/06\/bolsonaro-e-impedido-de-ir-a-posse-de-trump-devido-a-passaporte-retido\/\" \/>\n<meta property=\"og:locale\" content=\"pt_BR\" \/>\n<meta property=\"og:type\" content=\"article\" \/>\n<meta property=\"og:title\" content=\"Bolsonaro est\u00e1 impedido de ir \u00e0 posse de Trump devido a passaporte retido - Maetinga Not\u00edcias\" \/>\n<meta property=\"og:description\" content=\"Restri\u00e7\u00e3o \u00e9 resultado das investiga\u00e7\u00f5es relacionadas aos ataques de 8 de Janeiro de 2022, e seus advogados agora buscam uma solu\u00e7\u00e3o no Supremo Tribunal Federal (STF) Mesmo com a vit\u00f3ria nas elei\u00e7\u00f5es, o presidente eleito dos Estados Unidos, Donald Trump pode n\u00e3o contar com um dos principais aliados na Am\u00e9rica do Sul, o ex-presidente Jair [&hellip;]\" \/>\n<meta property=\"og:url\" content=\"https:\/\/maetinganoticias.com\/index.php\/2024\/11\/06\/bolsonaro-e-impedido-de-ir-a-posse-de-trump-devido-a-passaporte-retido\/\" \/>\n<meta property=\"og:site_name\" content=\"Maetinga Not\u00edcias\" \/>\n<meta property=\"article:published_time\" content=\"2024-11-06T21:37:09+00:00\" \/>\n<meta property=\"article:modified_time\" content=\"2024-11-06T21:38:40+00:00\" \/>\n<meta property=\"og:image\" content=\"https:\/\/maetinganoticias.com\/wp-content\/uploads\/2024\/11\/whatsapp-image-2024-11-06-at-092412.jpeg\" \/>\n\t<meta property=\"og:image:width\" content=\"1536\" \/>\n\t<meta property=\"og:image:height\" content=\"609\" \/>\n\t<meta property=\"og:image:type\" content=\"image\/jpeg\" \/>\n<meta name=\"author\" content=\"Maetinga Not\u00edcias\" \/>\n<meta name=\"twitter:card\" content=\"summary_large_image\" \/>\n<meta name=\"twitter:label1\" content=\"Escrito por\" \/>\n\t<meta name=\"twitter:data1\" content=\"Maetinga Not\u00edcias\" \/>\n\t<meta name=\"twitter:label2\" content=\"Est. tempo de leitura\" \/>\n\t<meta name=\"twitter:data2\" content=\"2 minutos\" \/>\n<script type=\"application\/ld+json\" class=\"yoast-schema-graph\">{\"@context\":\"https:\\\/\\\/schema.org\",\"@graph\":[{\"@type\":[\"Article\",\"BlogPosting\"],\"@id\":\"https:\\\/\\\/maetinganoticias.com\\\/index.php\\\/2024\\\/11\\\/06\\\/bolsonaro-e-impedido-de-ir-a-posse-de-trump-devido-a-passaporte-retido\\\/#article\",\"isPartOf\":{\"@id\":\"https:\\\/\\\/maetinganoticias.com\\\/index.php\\\/2024\\\/11\\\/06\\\/bolsonaro-e-impedido-de-ir-a-posse-de-trump-devido-a-passaporte-retido\\\/\"},\"author\":{\"name\":\"Maetinga Not\u00edcias\",\"@id\":\"https:\\\/\\\/maetinganoticias.com\\\/#\\\/schema\\\/person\\\/968cf95e67a6810fc7fb35bbc9016962\"},\"headline\":\"Bolsonaro est\u00e1 impedido de ir \u00e0 posse de Trump devido a passaporte retido\",\"datePublished\":\"2024-11-06T21:37:09+00:00\",\"dateModified\":\"2024-11-06T21:38:40+00:00\",\"mainEntityOfPage\":{\"@id\":\"https:\\\/\\\/maetinganoticias.com\\\/index.php\\\/2024\\\/11\\\/06\\\/bolsonaro-e-impedido-de-ir-a-posse-de-trump-devido-a-passaporte-retido\\\/\"},\"wordCount\":169,\"commentCount\":0,\"publisher\":{\"@id\":\"https:\\\/\\\/maetinganoticias.com\\\/#organization\"},\"image\":{\"@id\":\"https:\\\/\\\/maetinganoticias.com\\\/index.php\\\/2024\\\/11\\\/06\\\/bolsonaro-e-impedido-de-ir-a-posse-de-trump-devido-a-passaporte-retido\\\/#primaryimage\"},\"thumbnailUrl\":\"https:\\\/\\\/maetinganoticias.com\\\/wp-content\\\/uploads\\\/2024\\\/11\\\/whatsapp-image-2024-11-06-at-092412.jpeg\",\"keywords\":[\"BOLSONARO\",\"BRASIL\",\"PASSAPORTE\",\"POL\u00cdTICA\",\"TRUMP\"],\"articleSection\":[\"Pol\u00edtica\"],\"inLanguage\":\"pt-BR\",\"potentialAction\":[{\"@type\":\"CommentAction\",\"name\":\"Comment\",\"target\":[\"https:\\\/\\\/maetinganoticias.com\\\/index.php\\\/2024\\\/11\\\/06\\\/bolsonaro-e-impedido-de-ir-a-posse-de-trump-devido-a-passaporte-retido\\\/#respond\"]}]},{\"@type\":\"WebPage\",\"@id\":\"https:\\\/\\\/maetinganoticias.com\\\/index.php\\\/2024\\\/11\\\/06\\\/bolsonaro-e-impedido-de-ir-a-posse-de-trump-devido-a-passaporte-retido\\\/\",\"url\":\"https:\\\/\\\/maetinganoticias.com\\\/index.php\\\/2024\\\/11\\\/06\\\/bolsonaro-e-impedido-de-ir-a-posse-de-trump-devido-a-passaporte-retido\\\/\",\"name\":\"Bolsonaro est\u00e1 impedido de ir \u00e0 posse de Trump devido a passaporte retido - Maetinga Not\u00edcias\",\"isPartOf\":{\"@id\":\"https:\\\/\\\/maetinganoticias.com\\\/#website\"},\"primaryImageOfPage\":{\"@id\":\"https:\\\/\\\/maetinganoticias.com\\\/index.php\\\/2024\\\/11\\\/06\\\/bolsonaro-e-impedido-de-ir-a-posse-de-trump-devido-a-passaporte-retido\\\/#primaryimage\"},\"image\":{\"@id\":\"https:\\\/\\\/maetinganoticias.com\\\/index.php\\\/2024\\\/11\\\/06\\\/bolsonaro-e-impedido-de-ir-a-posse-de-trump-devido-a-passaporte-retido\\\/#primaryimage\"},\"thumbnailUrl\":\"https:\\\/\\\/maetinganoticias.com\\\/wp-content\\\/uploads\\\/2024\\\/11\\\/whatsapp-image-2024-11-06-at-092412.jpeg\",\"datePublished\":\"2024-11-06T21:37:09+00:00\",\"dateModified\":\"2024-11-06T21:38:40+00:00\",\"breadcrumb\":{\"@id\":\"https:\\\/\\\/maetinganoticias.com\\\/index.php\\\/2024\\\/11\\\/06\\\/bolsonaro-e-impedido-de-ir-a-posse-de-trump-devido-a-passaporte-retido\\\/#breadcrumb\"},\"inLanguage\":\"pt-BR\",\"potentialAction\":[{\"@type\":\"ReadAction\",\"target\":[\"https:\\\/\\\/maetinganoticias.com\\\/index.php\\\/2024\\\/11\\\/06\\\/bolsonaro-e-impedido-de-ir-a-posse-de-trump-devido-a-passaporte-retido\\\/\"]}]},{\"@type\":\"ImageObject\",\"inLanguage\":\"pt-BR\",\"@id\":\"https:\\\/\\\/maetinganoticias.com\\\/index.php\\\/2024\\\/11\\\/06\\\/bolsonaro-e-impedido-de-ir-a-posse-de-trump-devido-a-passaporte-retido\\\/#primaryimage\",\"url\":\"https:\\\/\\\/maetinganoticias.com\\\/wp-content\\\/uploads\\\/2024\\\/11\\\/whatsapp-image-2024-11-06-at-092412.jpeg\",\"contentUrl\":\"https:\\\/\\\/maetinganoticias.com\\\/wp-content\\\/uploads\\\/2024\\\/11\\\/whatsapp-image-2024-11-06-at-092412.jpeg\",\"width\":1536,\"height\":609,\"caption\":\"Jair Bolsonaro (Composi\u00e7\u00e3o\\\/Weslley Santos\\\/CENARIUM)\"},{\"@type\":\"BreadcrumbList\",\"@id\":\"https:\\\/\\\/maetinganoticias.com\\\/index.php\\\/2024\\\/11\\\/06\\\/bolsonaro-e-impedido-de-ir-a-posse-de-trump-devido-a-passaporte-retido\\\/#breadcrumb\",\"itemListElement\":[{\"@type\":\"ListItem\",\"position\":1,\"name\":\"In\u00edcio\",\"item\":\"https:\\\/\\\/maetinganoticias.com\\\/\"},{\"@type\":\"ListItem\",\"position\":2,\"name\":\"Bolsonaro est\u00e1 impedido de ir \u00e0 posse de Trump devido a passaporte retido\"}]},{\"@type\":\"WebSite\",\"@id\":\"https:\\\/\\\/maetinganoticias.com\\\/#website\",\"url\":\"https:\\\/\\\/maetinganoticias.com\\\/\",\"name\":\"Maetinga Not\u00edcias\",\"description\":\"A Voz do Interior Baiano!\",\"publisher\":{\"@id\":\"https:\\\/\\\/maetinganoticias.com\\\/#organization\"},\"potentialAction\":[{\"@type\":\"SearchAction\",\"target\":{\"@type\":\"EntryPoint\",\"urlTemplate\":\"https:\\\/\\\/maetinganoticias.com\\\/?s={search_term_string}\"},\"query-input\":{\"@type\":\"PropertyValueSpecification\",\"valueRequired\":true,\"valueName\":\"search_term_string\"}}],\"inLanguage\":\"pt-BR\"},{\"@type\":\"Organization\",\"@id\":\"https:\\\/\\\/maetinganoticias.com\\\/#organization\",\"name\":\"Maetinga Not\u00edcias\",\"url\":\"https:\\\/\\\/maetinganoticias.com\\\/\",\"logo\":{\"@type\":\"ImageObject\",\"inLanguage\":\"pt-BR\",\"@id\":\"https:\\\/\\\/maetinganoticias.com\\\/#\\\/schema\\\/logo\\\/image\\\/\",\"url\":\"https:\\\/\\\/maetinganoticias.com\\\/wp-content\\\/uploads\\\/2023\\\/07\\\/cropped-cropped-cropped-cropped-BUSINESS-3-42-1.png\",\"contentUrl\":\"https:\\\/\\\/maetinganoticias.com\\\/wp-content\\\/uploads\\\/2023\\\/07\\\/cropped-cropped-cropped-cropped-BUSINESS-3-42-1.png\",\"width\":485,\"height\":109,\"caption\":\"Maetinga Not\u00edcias\"},\"image\":{\"@id\":\"https:\\\/\\\/maetinganoticias.com\\\/#\\\/schema\\\/logo\\\/image\\\/\"}},{\"@type\":\"Person\",\"@id\":\"https:\\\/\\\/maetinganoticias.com\\\/#\\\/schema\\\/person\\\/968cf95e67a6810fc7fb35bbc9016962\",\"name\":\"Maetinga Not\u00edcias\",\"image\":{\"@type\":\"ImageObject\",\"inLanguage\":\"pt-BR\",\"@id\":\"https:\\\/\\\/secure.gravatar.com\\\/avatar\\\/32e078313a5ca37a6c8d44e716ed4f9e87ecfde7222d2b88a1424bd49654f187?s=96&d=mm&r=g\",\"url\":\"https:\\\/\\\/secure.gravatar.com\\\/avatar\\\/32e078313a5ca37a6c8d44e716ed4f9e87ecfde7222d2b88a1424bd49654f187?s=96&d=mm&r=g\",\"contentUrl\":\"https:\\\/\\\/secure.gravatar.com\\\/avatar\\\/32e078313a5ca37a6c8d44e716ed4f9e87ecfde7222d2b88a1424bd49654f187?s=96&d=mm&r=g\",\"caption\":\"Maetinga Not\u00edcias\"},\"description\":\"A voz do Interior Baiano!\",\"sameAs\":[\"https:\\\/\\\/maetinganoticias.com\",\"https:\\\/\\\/www.instagram.com\\\/blogmaetinganoticias\\\/\"],\"url\":\"https:\\\/\\\/maetinganoticias.com\\\/index.php\\\/author\\\/carlosvianna13\\\/\"}]}<\/script>\n<!-- \/ Yoast SEO plugin. -->","yoast_head_json":{"title":"Bolsonaro est\u00e1 impedido de ir \u00e0 posse de Trump devido a passaporte retido - Maetinga Not\u00edcias","robots":{"index":"index","follow":"follow","max-snippet":"max-snippet:-1","max-image-preview":"max-image-preview:large","max-video-preview":"max-video-preview:-1"},"canonical":"https:\/\/maetinganoticias.com\/index.php\/2024\/11\/06\/bolsonaro-e-impedido-de-ir-a-posse-de-trump-devido-a-passaporte-retido\/","og_locale":"pt_BR","og_type":"article","og_title":"Bolsonaro est\u00e1 impedido de ir \u00e0 posse de Trump devido a passaporte retido - Maetinga Not\u00edcias","og_description":"Restri\u00e7\u00e3o \u00e9 resultado das investiga\u00e7\u00f5es relacionadas aos ataques de 8 de Janeiro de 2022, e seus advogados agora buscam uma solu\u00e7\u00e3o no Supremo Tribunal Federal (STF) Mesmo com a vit\u00f3ria nas elei\u00e7\u00f5es, o presidente eleito dos Estados Unidos, Donald Trump pode n\u00e3o contar com um dos principais aliados na Am\u00e9rica do Sul, o ex-presidente Jair [&hellip;]","og_url":"https:\/\/maetinganoticias.com\/index.php\/2024\/11\/06\/bolsonaro-e-impedido-de-ir-a-posse-de-trump-devido-a-passaporte-retido\/","og_site_name":"Maetinga Not\u00edcias","article_published_time":"2024-11-06T21:37:09+00:00","article_modified_time":"2024-11-06T21:38:40+00:00","og_image":[{"width":1536,"height":609,"url":"https:\/\/maetinganoticias.com\/wp-content\/uploads\/2024\/11\/whatsapp-image-2024-11-06-at-092412.jpeg","type":"image\/jpeg"}],"author":"Maetinga Not\u00edcias","twitter_card":"summary_large_image","twitter_misc":{"Escrito por":"Maetinga Not\u00edcias","Est. tempo de leitura":"2 minutos"},"schema":{"@context":"https:\/\/schema.org","@graph":[{"@type":["Article","BlogPosting"],"@id":"https:\/\/maetinganoticias.com\/index.php\/2024\/11\/06\/bolsonaro-e-impedido-de-ir-a-posse-de-trump-devido-a-passaporte-retido\/#article","isPartOf":{"@id":"https:\/\/maetinganoticias.com\/index.php\/2024\/11\/06\/bolsonaro-e-impedido-de-ir-a-posse-de-trump-devido-a-passaporte-retido\/"},"author":{"name":"Maetinga Not\u00edcias","@id":"https:\/\/maetinganoticias.com\/#\/schema\/person\/968cf95e67a6810fc7fb35bbc9016962"},"headline":"Bolsonaro est\u00e1 impedido de ir \u00e0 posse de Trump devido a passaporte retido","datePublished":"2024-11-06T21:37:09+00:00","dateModified":"2024-11-06T21:38:40+00:00","mainEntityOfPage":{"@id":"https:\/\/maetinganoticias.com\/index.php\/2024\/11\/06\/bolsonaro-e-impedido-de-ir-a-posse-de-trump-devido-a-passaporte-retido\/"},"wordCount":169,"commentCount":0,"publisher":{"@id":"https:\/\/maetinganoticias.com\/#organization"},"image":{"@id":"https:\/\/maetinganoticias.com\/index.php\/2024\/11\/06\/bolsonaro-e-impedido-de-ir-a-posse-de-trump-devido-a-passaporte-retido\/#primaryimage"},"thumbnailUrl":"https:\/\/maetinganoticias.com\/wp-content\/uploads\/2024\/11\/whatsapp-image-2024-11-06-at-092412.jpeg","keywords":["BOLSONARO","BRASIL","PASSAPORTE","POL\u00cdTICA","TRUMP"],"articleSection":["Pol\u00edtica"],"inLanguage":"pt-BR","potentialAction":[{"@type":"CommentAction","name":"Comment","target":["https:\/\/maetinganoticias.com\/index.php\/2024\/11\/06\/bolsonaro-e-impedido-de-ir-a-posse-de-trump-devido-a-passaporte-retido\/#respond"]}]},{"@type":"WebPage","@id":"https:\/\/maetinganoticias.com\/index.php\/2024\/11\/06\/bolsonaro-e-impedido-de-ir-a-posse-de-trump-devido-a-passaporte-retido\/","url":"https:\/\/maetinganoticias.com\/index.php\/2024\/11\/06\/bolsonaro-e-impedido-de-ir-a-posse-de-trump-devido-a-passaporte-retido\/","name":"Bolsonaro est\u00e1 impedido de ir \u00e0 posse de Trump devido a passaporte retido - Maetinga Not\u00edcias","isPartOf":{"@id":"https:\/\/maetinganoticias.com\/#website"},"primaryImageOfPage":{"@id":"https:\/\/maetinganoticias.com\/index.php\/2024\/11\/06\/bolsonaro-e-impedido-de-ir-a-posse-de-trump-devido-a-passaporte-retido\/#primaryimage"},"image":{"@id":"https:\/\/maetinganoticias.com\/index.php\/2024\/11\/06\/bolsonaro-e-impedido-de-ir-a-posse-de-trump-devido-a-passaporte-retido\/#primaryimage"},"thumbnailUrl":"https:\/\/maetinganoticias.com\/wp-content\/uploads\/2024\/11\/whatsapp-image-2024-11-06-at-092412.jpeg","datePublished":"2024-11-06T21:37:09+00:00","dateModified":"2024-11-06T21:38:40+00:00","breadcrumb":{"@id":"https:\/\/maetinganoticias.com\/index.php\/2024\/11\/06\/bolsonaro-e-impedido-de-ir-a-posse-de-trump-devido-a-passaporte-retido\/#breadcrumb"},"inLanguage":"pt-BR","potentialAction":[{"@type":"ReadAction","target":["https:\/\/maetinganoticias.com\/index.php\/2024\/11\/06\/bolsonaro-e-impedido-de-ir-a-posse-de-trump-devido-a-passaporte-retido\/"]}]},{"@type":"ImageObject","inLanguage":"pt-BR","@id":"https:\/\/maetinganoticias.com\/index.php\/2024\/11\/06\/bolsonaro-e-impedido-de-ir-a-posse-de-trump-devido-a-passaporte-retido\/#primaryimage","url":"https:\/\/maetinganoticias.com\/wp-content\/uploads\/2024\/11\/whatsapp-image-2024-11-06-at-092412.jpeg","contentUrl":"https:\/\/maetinganoticias.com\/wp-content\/uploads\/2024\/11\/whatsapp-image-2024-11-06-at-092412.jpeg","width":1536,"height":609,"caption":"Jair Bolsonaro (Composi\u00e7\u00e3o\/Weslley Santos\/CENARIUM)"},{"@type":"BreadcrumbList","@id":"https:\/\/maetinganoticias.com\/index.php\/2024\/11\/06\/bolsonaro-e-impedido-de-ir-a-posse-de-trump-devido-a-passaporte-retido\/#breadcrumb","itemListElement":[{"@type":"ListItem","position":1,"name":"In\u00edcio","item":"https:\/\/maetinganoticias.com\/"},{"@type":"ListItem","position":2,"name":"Bolsonaro est\u00e1 impedido de ir \u00e0 posse de Trump devido a passaporte retido"}]},{"@type":"WebSite","@id":"https:\/\/maetinganoticias.com\/#website","url":"https:\/\/maetinganoticias.com\/","name":"Maetinga Not\u00edcias","description":"A Voz do Interior Baiano!","publisher":{"@id":"https:\/\/maetinganoticias.com\/#organization"},"potentialAction":[{"@type":"SearchAction","target":{"@type":"EntryPoint","urlTemplate":"https:\/\/maetinganoticias.com\/?s={search_term_string}"},"query-input":{"@type":"PropertyValueSpecification","valueRequired":true,"valueName":"search_term_string"}}],"inLanguage":"pt-BR"},{"@type":"Organization","@id":"https:\/\/maetinganoticias.com\/#organization","name":"Maetinga Not\u00edcias","url":"https:\/\/maetinganoticias.com\/","logo":{"@type":"ImageObject","inLanguage":"pt-BR","@id":"https:\/\/maetinganoticias.com\/#\/schema\/logo\/image\/","url":"https:\/\/maetinganoticias.com\/wp-content\/uploads\/2023\/07\/cropped-cropped-cropped-cropped-BUSINESS-3-42-1.png","contentUrl":"https:\/\/maetinganoticias.com\/wp-content\/uploads\/2023\/07\/cropped-cropped-cropped-cropped-BUSINESS-3-42-1.png","width":485,"height":109,"caption":"Maetinga Not\u00edcias"},"image":{"@id":"https:\/\/maetinganoticias.com\/#\/schema\/logo\/image\/"}},{"@type":"Person","@id":"https:\/\/maetinganoticias.com\/#\/schema\/person\/968cf95e67a6810fc7fb35bbc9016962","name":"Maetinga Not\u00edcias","image":{"@type":"ImageObject","inLanguage":"pt-BR","@id":"https:\/\/secure.gravatar.com\/avatar\/32e078313a5ca37a6c8d44e716ed4f9e87ecfde7222d2b88a1424bd49654f187?s=96&d=mm&r=g","url":"https:\/\/secure.gravatar.com\/avatar\/32e078313a5ca37a6c8d44e716ed4f9e87ecfde7222d2b88a1424bd49654f187?s=96&d=mm&r=g","contentUrl":"https:\/\/secure.gravatar.com\/avatar\/32e078313a5ca37a6c8d44e716ed4f9e87ecfde7222d2b88a1424bd49654f187?s=96&d=mm&r=g","caption":"Maetinga Not\u00edcias"},"description":"A voz do Interior Baiano!","sameAs":["https:\/\/maetinganoticias.com","https:\/\/www.instagram.com\/blogmaetinganoticias\/"],"url":"https:\/\/maetinganoticias.com\/index.php\/author\/carlosvianna13\/"}]}},"_links":{"self":[{"href":"https:\/\/maetinganoticias.com\/index.php\/wp-json\/wp\/v2\/posts\/6089","targetHints":{"allow":["GET"]}}],"collection":[{"href":"https:\/\/maetinganoticias.com\/index.php\/wp-json\/wp\/v2\/posts"}],"about":[{"href":"https:\/\/maetinganoticias.com\/index.php\/wp-json\/wp\/v2\/types\/post"}],"author":[{"embeddable":true,"href":"https:\/\/maetinganoticias.com\/index.php\/wp-json\/wp\/v2\/users\/1"}],"replies":[{"embeddable":true,"href":"https:\/\/maetinganoticias.com\/index.php\/wp-json\/wp\/v2\/comments?post=6089"}],"version-history":[{"count":2,"href":"https:\/\/maetinganoticias.com\/index.php\/wp-json\/wp\/v2\/posts\/6089\/revisions"}],"predecessor-version":[{"id":6093,"href":"https:\/\/maetinganoticias.com\/index.php\/wp-json\/wp\/v2\/posts\/6089\/revisions\/6093"}],"wp:featuredmedia":[{"embeddable":true,"href":"https:\/\/maetinganoticias.com\/index.php\/wp-json\/wp\/v2\/media\/6090"}],"wp:attachment":[{"href":"https:\/\/maetinganoticias.com\/index.php\/wp-json\/wp\/v2\/media?parent=6089"}],"wp:term":[{"taxonomy":"category","embeddable":true,"href":"https:\/\/maetinganoticias.com\/index.php\/wp-json\/wp\/v2\/categories?post=6089"},{"taxonomy":"post_tag","embeddable":true,"href":"https:\/\/maetinganoticias.com\/index.php\/wp-json\/wp\/v2\/tags?post=6089"}],"curies":[{"name":"wp","href":"https:\/\/api.w.org\/{rel}","templated":true}]}}