{"id":5919,"date":"2024-10-26T08:52:52","date_gmt":"2024-10-26T11:52:52","guid":{"rendered":"https:\/\/maetinganoticias.com\/?p=5919"},"modified":"2024-10-26T08:53:25","modified_gmt":"2024-10-26T11:53:25","slug":"aneel-reduz-para-amarela-bandeira-tarifaria-de-energia-em-novembro","status":"publish","type":"post","link":"https:\/\/maetinganoticias.com\/index.php\/2024\/10\/26\/aneel-reduz-para-amarela-bandeira-tarifaria-de-energia-em-novembro\/","title":{"rendered":"Aneel reduz para amarela bandeira tarif\u00e1ria de energia em novembro"},"content":{"rendered":"\n<p><em><strong>Melhora no volume de chuvas motivou revis\u00e3o de tarifa extra<\/strong><\/em><\/p>\n\n\n\n<p>Ap\u00f3s dois meses no n\u00edvel vermelho, a bandeira tarif\u00e1ria para novembro ser\u00e1 amarela, com cobran\u00e7a extra de R$ 1,885 na conta de luz para cada 100 quilowatts-hora (kWh) de energia el\u00e9trica consumidos. A Ag\u00eancia Nacional de Energia El\u00e9trica (Aneel) reduziu a bandeira tarif\u00e1ria.<img decoding=\"async\" src=\"https:\/\/agenciabrasil.ebc.com.br\/ebc.png?id=1617018&amp;o=node\"><img decoding=\"async\" src=\"https:\/\/agenciabrasil.ebc.com.br\/ebc.gif?id=1617018&amp;o=node\"><\/p>\n\n\n\n<p>Em outubro, a bandeira estava no n\u00edvel vermelho patamar 2, a mais cara de todas, com a cobran\u00e7a de R$ 7,877 por 100 kWh. Desde agosto de 2021 que a tarifa mais alta n\u00e3o era acionada.<\/p>\n\n\n\n<p>Segundo a Aneel, um dos fatores que determinaram a redu\u00e7\u00e3o da bandeira tarif\u00e1ria para amarela foi a melhoria nas condi\u00e7\u00f5es de gera\u00e7\u00e3o de energia no pa\u00eds. A ag\u00eancia reguladora, no entanto, informou que a previs\u00e3o de chuvas e de vaz\u00f5es nas regi\u00f5es das hidrel\u00e9tricas continua abaixo da m\u00e9dia, o que justifica o acionamento da bandeira tarif\u00e1ria para cobrir os custos da gera\u00e7\u00e3o termel\u00e9trica para atender \u00e0s necessidades dos consumidores.<\/p>\n\n\n\n<p>Uma sequ\u00eancia de bandeiras verdes, sem a cobran\u00e7a de tarifas extras, foi iniciada em abril de 2022. A s\u00e9rie foi interrompida em julho deste ano, com a bandeira amarela, seguida da bandeira verde em agosto, e da vermelha patamar 1, em setembro. Com as ondas de calor e as fortes secas no in\u00edcio do segundo semestre, a Aneel acionou a bandeira vermelha patamar 2 em outubro.<\/p>\n\n\n\n<h2 class=\"wp-block-heading\">Bandeiras tarif\u00e1rias<\/h2>\n\n\n\n<p>Criadas em 2015 pela Aneel, as\u00a0bandeiras tarif\u00e1rias\u00a0refletem os custos vari\u00e1veis da gera\u00e7\u00e3o de energia el\u00e9trica. Divididas em n\u00edveis, as bandeiras indicam quanto est\u00e1 custando para o Sistema Interligado Nacional (SIN) gerar a energia usada nas casas, em estabelecimentos comerciais e nas ind\u00fastrias.<\/p>\n\n\n\n<p>Quando a conta de luz \u00e9 calculada pela bandeira verde, n\u00e3o h\u00e1 nenhum acr\u00e9scimo. Quando s\u00e3o aplicadas as bandeiras vermelha ou amarela, a conta sofre acr\u00e9scimos de R$ 1,885 (bandeira amarela), R$ 4,463 (bandeira vermelha patamar 1) e R$ 7,877 (bandeira vermelha patamar 2) a cada 100 quilowatts-hora (kWh) consumidos. De setembro de 2021 a 15 de abril de 2022, vigorou uma bandeira de escassez h\u00eddrica de R$ 14,20 extras a cada 100 kWh.<\/p>\n\n\n\n<p>O SIN \u00e9 dividido em quatro subsistemas: Sudeste\/Centro-Oeste, Sul, Nordeste e Norte. Praticamente todo o pa\u00eds \u00e9 coberto pelo SIN, \u00e0 exce\u00e7\u00e3o de&nbsp;algumas partes de estados da Regi\u00e3o Norte e de Mato Grosso, al\u00e9m de todo o estado de Roraima. Atualmente, h\u00e1 212 localidades isoladas do SIN, nas quais o consumo \u00e9 baixo e representa menos de 1% da carga total do pa\u00eds. A demanda por energia nessas regi\u00f5es \u00e9 suprida, principalmente, por t\u00e9rmicas a \u00f3leo diesel.<\/p>\n\n\n\n<p>Segundo a Aneel, as bandeiras permitem ao consumidor um papel mais ativo na defini\u00e7\u00e3o de sua conta de energia. \u201cAo saber, por exemplo, que a bandeira est\u00e1 vermelha, o consumidor pode adaptar seu consumo para ajudar a reduzir o valor da conta&#8221;, avalia a ag\u00eancia.<\/p>\n","protected":false},"excerpt":{"rendered":"<p>Melhora no volume de chuvas motivou revis\u00e3o de tarifa extra Ap\u00f3s dois meses no n\u00edvel vermelho, a bandeira tarif\u00e1ria para novembro ser\u00e1 amarela, com cobran\u00e7a extra de R$ 1,885 na conta de luz para cada 100 quilowatts-hora (kWh) de energia el\u00e9trica consumidos. A Ag\u00eancia Nacional de Energia El\u00e9trica (Aneel) reduziu a bandeira tarif\u00e1ria. Em outubro, [&hellip;]<\/p>\n","protected":false},"author":1,"featured_media":5920,"comment_status":"open","ping_status":"open","sticky":false,"template":"","format":"standard","meta":{"om_disable_all_campaigns":false,"_monsterinsights_skip_tracking":false,"_monsterinsights_sitenote_active":false,"_monsterinsights_sitenote_note":"","_monsterinsights_sitenote_category":0,"_uf_show_specific_survey":0,"_uf_disable_surveys":false,"footnotes":""},"categories":[832],"tags":[783,1193,787],"class_list":{"0":"post-5919","1":"post","2":"type-post","3":"status-publish","4":"format-standard","5":"has-post-thumbnail","7":"category-economia","8":"tag-aneel","9":"tag-bandeira-tarifaria","10":"tag-energia-eletrica"},"yoast_head":"<!-- This site is optimized with the Yoast SEO plugin v27.4 - https:\/\/yoast.com\/product\/yoast-seo-wordpress\/ -->\n<title>Aneel reduz para amarela bandeira tarif\u00e1ria de energia em novembro - Maetinga Not\u00edcias<\/title>\n<meta name=\"robots\" content=\"index, follow, max-snippet:-1, max-image-preview:large, max-video-preview:-1\" \/>\n<link rel=\"canonical\" href=\"https:\/\/maetinganoticias.com\/index.php\/2024\/10\/26\/aneel-reduz-para-amarela-bandeira-tarifaria-de-energia-em-novembro\/\" \/>\n<meta property=\"og:locale\" content=\"pt_BR\" \/>\n<meta property=\"og:type\" content=\"article\" \/>\n<meta property=\"og:title\" content=\"Aneel reduz para amarela bandeira tarif\u00e1ria de energia em novembro - Maetinga Not\u00edcias\" \/>\n<meta property=\"og:description\" content=\"Melhora no volume de chuvas motivou revis\u00e3o de tarifa extra Ap\u00f3s dois meses no n\u00edvel vermelho, a bandeira tarif\u00e1ria para novembro ser\u00e1 amarela, com cobran\u00e7a extra de R$ 1,885 na conta de luz para cada 100 quilowatts-hora (kWh) de energia el\u00e9trica consumidos. A Ag\u00eancia Nacional de Energia El\u00e9trica (Aneel) reduziu a bandeira tarif\u00e1ria. Em outubro, [&hellip;]\" \/>\n<meta property=\"og:url\" content=\"https:\/\/maetinganoticias.com\/index.php\/2024\/10\/26\/aneel-reduz-para-amarela-bandeira-tarifaria-de-energia-em-novembro\/\" \/>\n<meta property=\"og:site_name\" content=\"Maetinga Not\u00edcias\" \/>\n<meta property=\"article:published_time\" content=\"2024-10-26T11:52:52+00:00\" \/>\n<meta property=\"article:modified_time\" content=\"2024-10-26T11:53:25+00:00\" \/>\n<meta property=\"og:image\" content=\"https:\/\/maetinganoticias.com\/wp-content\/uploads\/2024\/10\/download.jpg\" \/>\n\t<meta property=\"og:image:width\" content=\"275\" \/>\n\t<meta property=\"og:image:height\" content=\"183\" \/>\n\t<meta property=\"og:image:type\" content=\"image\/jpeg\" \/>\n<meta name=\"author\" content=\"Maetinga Not\u00edcias\" \/>\n<meta name=\"twitter:card\" content=\"summary_large_image\" \/>\n<meta name=\"twitter:label1\" content=\"Escrito por\" \/>\n\t<meta name=\"twitter:data1\" content=\"Maetinga Not\u00edcias\" \/>\n\t<meta name=\"twitter:label2\" content=\"Est. tempo de leitura\" \/>\n\t<meta name=\"twitter:data2\" content=\"4 minutos\" \/>\n<script type=\"application\/ld+json\" class=\"yoast-schema-graph\">{\"@context\":\"https:\\\/\\\/schema.org\",\"@graph\":[{\"@type\":[\"Article\",\"BlogPosting\"],\"@id\":\"https:\\\/\\\/maetinganoticias.com\\\/index.php\\\/2024\\\/10\\\/26\\\/aneel-reduz-para-amarela-bandeira-tarifaria-de-energia-em-novembro\\\/#article\",\"isPartOf\":{\"@id\":\"https:\\\/\\\/maetinganoticias.com\\\/index.php\\\/2024\\\/10\\\/26\\\/aneel-reduz-para-amarela-bandeira-tarifaria-de-energia-em-novembro\\\/\"},\"author\":{\"name\":\"Maetinga Not\u00edcias\",\"@id\":\"https:\\\/\\\/maetinganoticias.com\\\/#\\\/schema\\\/person\\\/968cf95e67a6810fc7fb35bbc9016962\"},\"headline\":\"Aneel reduz para amarela bandeira tarif\u00e1ria de energia em novembro\",\"datePublished\":\"2024-10-26T11:52:52+00:00\",\"dateModified\":\"2024-10-26T11:53:25+00:00\",\"mainEntityOfPage\":{\"@id\":\"https:\\\/\\\/maetinganoticias.com\\\/index.php\\\/2024\\\/10\\\/26\\\/aneel-reduz-para-amarela-bandeira-tarifaria-de-energia-em-novembro\\\/\"},\"wordCount\":502,\"commentCount\":1,\"publisher\":{\"@id\":\"https:\\\/\\\/maetinganoticias.com\\\/#organization\"},\"image\":{\"@id\":\"https:\\\/\\\/maetinganoticias.com\\\/index.php\\\/2024\\\/10\\\/26\\\/aneel-reduz-para-amarela-bandeira-tarifaria-de-energia-em-novembro\\\/#primaryimage\"},\"thumbnailUrl\":\"https:\\\/\\\/maetinganoticias.com\\\/wp-content\\\/uploads\\\/2024\\\/10\\\/download.jpg\",\"keywords\":[\"ANEEL\",\"BANDEIRA TARIF\u00c1RIA\",\"ENERGIA EL\u00c9TRICA\"],\"articleSection\":[\"Economia\"],\"inLanguage\":\"pt-BR\",\"potentialAction\":[{\"@type\":\"CommentAction\",\"name\":\"Comment\",\"target\":[\"https:\\\/\\\/maetinganoticias.com\\\/index.php\\\/2024\\\/10\\\/26\\\/aneel-reduz-para-amarela-bandeira-tarifaria-de-energia-em-novembro\\\/#respond\"]}]},{\"@type\":\"WebPage\",\"@id\":\"https:\\\/\\\/maetinganoticias.com\\\/index.php\\\/2024\\\/10\\\/26\\\/aneel-reduz-para-amarela-bandeira-tarifaria-de-energia-em-novembro\\\/\",\"url\":\"https:\\\/\\\/maetinganoticias.com\\\/index.php\\\/2024\\\/10\\\/26\\\/aneel-reduz-para-amarela-bandeira-tarifaria-de-energia-em-novembro\\\/\",\"name\":\"Aneel reduz para amarela bandeira tarif\u00e1ria de energia em novembro - Maetinga Not\u00edcias\",\"isPartOf\":{\"@id\":\"https:\\\/\\\/maetinganoticias.com\\\/#website\"},\"primaryImageOfPage\":{\"@id\":\"https:\\\/\\\/maetinganoticias.com\\\/index.php\\\/2024\\\/10\\\/26\\\/aneel-reduz-para-amarela-bandeira-tarifaria-de-energia-em-novembro\\\/#primaryimage\"},\"image\":{\"@id\":\"https:\\\/\\\/maetinganoticias.com\\\/index.php\\\/2024\\\/10\\\/26\\\/aneel-reduz-para-amarela-bandeira-tarifaria-de-energia-em-novembro\\\/#primaryimage\"},\"thumbnailUrl\":\"https:\\\/\\\/maetinganoticias.com\\\/wp-content\\\/uploads\\\/2024\\\/10\\\/download.jpg\",\"datePublished\":\"2024-10-26T11:52:52+00:00\",\"dateModified\":\"2024-10-26T11:53:25+00:00\",\"breadcrumb\":{\"@id\":\"https:\\\/\\\/maetinganoticias.com\\\/index.php\\\/2024\\\/10\\\/26\\\/aneel-reduz-para-amarela-bandeira-tarifaria-de-energia-em-novembro\\\/#breadcrumb\"},\"inLanguage\":\"pt-BR\",\"potentialAction\":[{\"@type\":\"ReadAction\",\"target\":[\"https:\\\/\\\/maetinganoticias.com\\\/index.php\\\/2024\\\/10\\\/26\\\/aneel-reduz-para-amarela-bandeira-tarifaria-de-energia-em-novembro\\\/\"]}]},{\"@type\":\"ImageObject\",\"inLanguage\":\"pt-BR\",\"@id\":\"https:\\\/\\\/maetinganoticias.com\\\/index.php\\\/2024\\\/10\\\/26\\\/aneel-reduz-para-amarela-bandeira-tarifaria-de-energia-em-novembro\\\/#primaryimage\",\"url\":\"https:\\\/\\\/maetinganoticias.com\\\/wp-content\\\/uploads\\\/2024\\\/10\\\/download.jpg\",\"contentUrl\":\"https:\\\/\\\/maetinganoticias.com\\\/wp-content\\\/uploads\\\/2024\\\/10\\\/download.jpg\",\"width\":275,\"height\":183,\"caption\":\"\u00a9 Fernando Fraz\u00e3o\\\/Ag\u00eancia Brasil\"},{\"@type\":\"BreadcrumbList\",\"@id\":\"https:\\\/\\\/maetinganoticias.com\\\/index.php\\\/2024\\\/10\\\/26\\\/aneel-reduz-para-amarela-bandeira-tarifaria-de-energia-em-novembro\\\/#breadcrumb\",\"itemListElement\":[{\"@type\":\"ListItem\",\"position\":1,\"name\":\"In\u00edcio\",\"item\":\"https:\\\/\\\/maetinganoticias.com\\\/\"},{\"@type\":\"ListItem\",\"position\":2,\"name\":\"Aneel reduz para amarela bandeira tarif\u00e1ria de energia em novembro\"}]},{\"@type\":\"WebSite\",\"@id\":\"https:\\\/\\\/maetinganoticias.com\\\/#website\",\"url\":\"https:\\\/\\\/maetinganoticias.com\\\/\",\"name\":\"Maetinga Not\u00edcias\",\"description\":\"A Voz do Interior Baiano!\",\"publisher\":{\"@id\":\"https:\\\/\\\/maetinganoticias.com\\\/#organization\"},\"potentialAction\":[{\"@type\":\"SearchAction\",\"target\":{\"@type\":\"EntryPoint\",\"urlTemplate\":\"https:\\\/\\\/maetinganoticias.com\\\/?s={search_term_string}\"},\"query-input\":{\"@type\":\"PropertyValueSpecification\",\"valueRequired\":true,\"valueName\":\"search_term_string\"}}],\"inLanguage\":\"pt-BR\"},{\"@type\":\"Organization\",\"@id\":\"https:\\\/\\\/maetinganoticias.com\\\/#organization\",\"name\":\"Maetinga Not\u00edcias\",\"url\":\"https:\\\/\\\/maetinganoticias.com\\\/\",\"logo\":{\"@type\":\"ImageObject\",\"inLanguage\":\"pt-BR\",\"@id\":\"https:\\\/\\\/maetinganoticias.com\\\/#\\\/schema\\\/logo\\\/image\\\/\",\"url\":\"https:\\\/\\\/maetinganoticias.com\\\/wp-content\\\/uploads\\\/2023\\\/07\\\/cropped-cropped-cropped-cropped-BUSINESS-3-42-1.png\",\"contentUrl\":\"https:\\\/\\\/maetinganoticias.com\\\/wp-content\\\/uploads\\\/2023\\\/07\\\/cropped-cropped-cropped-cropped-BUSINESS-3-42-1.png\",\"width\":485,\"height\":109,\"caption\":\"Maetinga Not\u00edcias\"},\"image\":{\"@id\":\"https:\\\/\\\/maetinganoticias.com\\\/#\\\/schema\\\/logo\\\/image\\\/\"}},{\"@type\":\"Person\",\"@id\":\"https:\\\/\\\/maetinganoticias.com\\\/#\\\/schema\\\/person\\\/968cf95e67a6810fc7fb35bbc9016962\",\"name\":\"Maetinga Not\u00edcias\",\"image\":{\"@type\":\"ImageObject\",\"inLanguage\":\"pt-BR\",\"@id\":\"https:\\\/\\\/secure.gravatar.com\\\/avatar\\\/32e078313a5ca37a6c8d44e716ed4f9e87ecfde7222d2b88a1424bd49654f187?s=96&d=mm&r=g\",\"url\":\"https:\\\/\\\/secure.gravatar.com\\\/avatar\\\/32e078313a5ca37a6c8d44e716ed4f9e87ecfde7222d2b88a1424bd49654f187?s=96&d=mm&r=g\",\"contentUrl\":\"https:\\\/\\\/secure.gravatar.com\\\/avatar\\\/32e078313a5ca37a6c8d44e716ed4f9e87ecfde7222d2b88a1424bd49654f187?s=96&d=mm&r=g\",\"caption\":\"Maetinga Not\u00edcias\"},\"description\":\"A voz do Interior Baiano!\",\"sameAs\":[\"https:\\\/\\\/maetinganoticias.com\",\"https:\\\/\\\/www.instagram.com\\\/blogmaetinganoticias\\\/\"],\"url\":\"https:\\\/\\\/maetinganoticias.com\\\/index.php\\\/author\\\/carlosvianna13\\\/\"}]}<\/script>\n<!-- \/ Yoast SEO plugin. -->","yoast_head_json":{"title":"Aneel reduz para amarela bandeira tarif\u00e1ria de energia em novembro - Maetinga Not\u00edcias","robots":{"index":"index","follow":"follow","max-snippet":"max-snippet:-1","max-image-preview":"max-image-preview:large","max-video-preview":"max-video-preview:-1"},"canonical":"https:\/\/maetinganoticias.com\/index.php\/2024\/10\/26\/aneel-reduz-para-amarela-bandeira-tarifaria-de-energia-em-novembro\/","og_locale":"pt_BR","og_type":"article","og_title":"Aneel reduz para amarela bandeira tarif\u00e1ria de energia em novembro - Maetinga Not\u00edcias","og_description":"Melhora no volume de chuvas motivou revis\u00e3o de tarifa extra Ap\u00f3s dois meses no n\u00edvel vermelho, a bandeira tarif\u00e1ria para novembro ser\u00e1 amarela, com cobran\u00e7a extra de R$ 1,885 na conta de luz para cada 100 quilowatts-hora (kWh) de energia el\u00e9trica consumidos. A Ag\u00eancia Nacional de Energia El\u00e9trica (Aneel) reduziu a bandeira tarif\u00e1ria. Em outubro, [&hellip;]","og_url":"https:\/\/maetinganoticias.com\/index.php\/2024\/10\/26\/aneel-reduz-para-amarela-bandeira-tarifaria-de-energia-em-novembro\/","og_site_name":"Maetinga Not\u00edcias","article_published_time":"2024-10-26T11:52:52+00:00","article_modified_time":"2024-10-26T11:53:25+00:00","og_image":[{"width":275,"height":183,"url":"https:\/\/maetinganoticias.com\/wp-content\/uploads\/2024\/10\/download.jpg","type":"image\/jpeg"}],"author":"Maetinga Not\u00edcias","twitter_card":"summary_large_image","twitter_misc":{"Escrito por":"Maetinga Not\u00edcias","Est. tempo de leitura":"4 minutos"},"schema":{"@context":"https:\/\/schema.org","@graph":[{"@type":["Article","BlogPosting"],"@id":"https:\/\/maetinganoticias.com\/index.php\/2024\/10\/26\/aneel-reduz-para-amarela-bandeira-tarifaria-de-energia-em-novembro\/#article","isPartOf":{"@id":"https:\/\/maetinganoticias.com\/index.php\/2024\/10\/26\/aneel-reduz-para-amarela-bandeira-tarifaria-de-energia-em-novembro\/"},"author":{"name":"Maetinga Not\u00edcias","@id":"https:\/\/maetinganoticias.com\/#\/schema\/person\/968cf95e67a6810fc7fb35bbc9016962"},"headline":"Aneel reduz para amarela bandeira tarif\u00e1ria de energia em novembro","datePublished":"2024-10-26T11:52:52+00:00","dateModified":"2024-10-26T11:53:25+00:00","mainEntityOfPage":{"@id":"https:\/\/maetinganoticias.com\/index.php\/2024\/10\/26\/aneel-reduz-para-amarela-bandeira-tarifaria-de-energia-em-novembro\/"},"wordCount":502,"commentCount":1,"publisher":{"@id":"https:\/\/maetinganoticias.com\/#organization"},"image":{"@id":"https:\/\/maetinganoticias.com\/index.php\/2024\/10\/26\/aneel-reduz-para-amarela-bandeira-tarifaria-de-energia-em-novembro\/#primaryimage"},"thumbnailUrl":"https:\/\/maetinganoticias.com\/wp-content\/uploads\/2024\/10\/download.jpg","keywords":["ANEEL","BANDEIRA TARIF\u00c1RIA","ENERGIA EL\u00c9TRICA"],"articleSection":["Economia"],"inLanguage":"pt-BR","potentialAction":[{"@type":"CommentAction","name":"Comment","target":["https:\/\/maetinganoticias.com\/index.php\/2024\/10\/26\/aneel-reduz-para-amarela-bandeira-tarifaria-de-energia-em-novembro\/#respond"]}]},{"@type":"WebPage","@id":"https:\/\/maetinganoticias.com\/index.php\/2024\/10\/26\/aneel-reduz-para-amarela-bandeira-tarifaria-de-energia-em-novembro\/","url":"https:\/\/maetinganoticias.com\/index.php\/2024\/10\/26\/aneel-reduz-para-amarela-bandeira-tarifaria-de-energia-em-novembro\/","name":"Aneel reduz para amarela bandeira tarif\u00e1ria de energia em novembro - Maetinga Not\u00edcias","isPartOf":{"@id":"https:\/\/maetinganoticias.com\/#website"},"primaryImageOfPage":{"@id":"https:\/\/maetinganoticias.com\/index.php\/2024\/10\/26\/aneel-reduz-para-amarela-bandeira-tarifaria-de-energia-em-novembro\/#primaryimage"},"image":{"@id":"https:\/\/maetinganoticias.com\/index.php\/2024\/10\/26\/aneel-reduz-para-amarela-bandeira-tarifaria-de-energia-em-novembro\/#primaryimage"},"thumbnailUrl":"https:\/\/maetinganoticias.com\/wp-content\/uploads\/2024\/10\/download.jpg","datePublished":"2024-10-26T11:52:52+00:00","dateModified":"2024-10-26T11:53:25+00:00","breadcrumb":{"@id":"https:\/\/maetinganoticias.com\/index.php\/2024\/10\/26\/aneel-reduz-para-amarela-bandeira-tarifaria-de-energia-em-novembro\/#breadcrumb"},"inLanguage":"pt-BR","potentialAction":[{"@type":"ReadAction","target":["https:\/\/maetinganoticias.com\/index.php\/2024\/10\/26\/aneel-reduz-para-amarela-bandeira-tarifaria-de-energia-em-novembro\/"]}]},{"@type":"ImageObject","inLanguage":"pt-BR","@id":"https:\/\/maetinganoticias.com\/index.php\/2024\/10\/26\/aneel-reduz-para-amarela-bandeira-tarifaria-de-energia-em-novembro\/#primaryimage","url":"https:\/\/maetinganoticias.com\/wp-content\/uploads\/2024\/10\/download.jpg","contentUrl":"https:\/\/maetinganoticias.com\/wp-content\/uploads\/2024\/10\/download.jpg","width":275,"height":183,"caption":"\u00a9 Fernando Fraz\u00e3o\/Ag\u00eancia Brasil"},{"@type":"BreadcrumbList","@id":"https:\/\/maetinganoticias.com\/index.php\/2024\/10\/26\/aneel-reduz-para-amarela-bandeira-tarifaria-de-energia-em-novembro\/#breadcrumb","itemListElement":[{"@type":"ListItem","position":1,"name":"In\u00edcio","item":"https:\/\/maetinganoticias.com\/"},{"@type":"ListItem","position":2,"name":"Aneel reduz para amarela bandeira tarif\u00e1ria de energia em novembro"}]},{"@type":"WebSite","@id":"https:\/\/maetinganoticias.com\/#website","url":"https:\/\/maetinganoticias.com\/","name":"Maetinga Not\u00edcias","description":"A Voz do Interior Baiano!","publisher":{"@id":"https:\/\/maetinganoticias.com\/#organization"},"potentialAction":[{"@type":"SearchAction","target":{"@type":"EntryPoint","urlTemplate":"https:\/\/maetinganoticias.com\/?s={search_term_string}"},"query-input":{"@type":"PropertyValueSpecification","valueRequired":true,"valueName":"search_term_string"}}],"inLanguage":"pt-BR"},{"@type":"Organization","@id":"https:\/\/maetinganoticias.com\/#organization","name":"Maetinga Not\u00edcias","url":"https:\/\/maetinganoticias.com\/","logo":{"@type":"ImageObject","inLanguage":"pt-BR","@id":"https:\/\/maetinganoticias.com\/#\/schema\/logo\/image\/","url":"https:\/\/maetinganoticias.com\/wp-content\/uploads\/2023\/07\/cropped-cropped-cropped-cropped-BUSINESS-3-42-1.png","contentUrl":"https:\/\/maetinganoticias.com\/wp-content\/uploads\/2023\/07\/cropped-cropped-cropped-cropped-BUSINESS-3-42-1.png","width":485,"height":109,"caption":"Maetinga Not\u00edcias"},"image":{"@id":"https:\/\/maetinganoticias.com\/#\/schema\/logo\/image\/"}},{"@type":"Person","@id":"https:\/\/maetinganoticias.com\/#\/schema\/person\/968cf95e67a6810fc7fb35bbc9016962","name":"Maetinga Not\u00edcias","image":{"@type":"ImageObject","inLanguage":"pt-BR","@id":"https:\/\/secure.gravatar.com\/avatar\/32e078313a5ca37a6c8d44e716ed4f9e87ecfde7222d2b88a1424bd49654f187?s=96&d=mm&r=g","url":"https:\/\/secure.gravatar.com\/avatar\/32e078313a5ca37a6c8d44e716ed4f9e87ecfde7222d2b88a1424bd49654f187?s=96&d=mm&r=g","contentUrl":"https:\/\/secure.gravatar.com\/avatar\/32e078313a5ca37a6c8d44e716ed4f9e87ecfde7222d2b88a1424bd49654f187?s=96&d=mm&r=g","caption":"Maetinga Not\u00edcias"},"description":"A voz do Interior Baiano!","sameAs":["https:\/\/maetinganoticias.com","https:\/\/www.instagram.com\/blogmaetinganoticias\/"],"url":"https:\/\/maetinganoticias.com\/index.php\/author\/carlosvianna13\/"}]}},"_links":{"self":[{"href":"https:\/\/maetinganoticias.com\/index.php\/wp-json\/wp\/v2\/posts\/5919","targetHints":{"allow":["GET"]}}],"collection":[{"href":"https:\/\/maetinganoticias.com\/index.php\/wp-json\/wp\/v2\/posts"}],"about":[{"href":"https:\/\/maetinganoticias.com\/index.php\/wp-json\/wp\/v2\/types\/post"}],"author":[{"embeddable":true,"href":"https:\/\/maetinganoticias.com\/index.php\/wp-json\/wp\/v2\/users\/1"}],"replies":[{"embeddable":true,"href":"https:\/\/maetinganoticias.com\/index.php\/wp-json\/wp\/v2\/comments?post=5919"}],"version-history":[{"count":2,"href":"https:\/\/maetinganoticias.com\/index.php\/wp-json\/wp\/v2\/posts\/5919\/revisions"}],"predecessor-version":[{"id":5923,"href":"https:\/\/maetinganoticias.com\/index.php\/wp-json\/wp\/v2\/posts\/5919\/revisions\/5923"}],"wp:featuredmedia":[{"embeddable":true,"href":"https:\/\/maetinganoticias.com\/index.php\/wp-json\/wp\/v2\/media\/5920"}],"wp:attachment":[{"href":"https:\/\/maetinganoticias.com\/index.php\/wp-json\/wp\/v2\/media?parent=5919"}],"wp:term":[{"taxonomy":"category","embeddable":true,"href":"https:\/\/maetinganoticias.com\/index.php\/wp-json\/wp\/v2\/categories?post=5919"},{"taxonomy":"post_tag","embeddable":true,"href":"https:\/\/maetinganoticias.com\/index.php\/wp-json\/wp\/v2\/tags?post=5919"}],"curies":[{"name":"wp","href":"https:\/\/api.w.org\/{rel}","templated":true}]}}