{"id":5810,"date":"2024-10-17T14:32:20","date_gmt":"2024-10-17T17:32:20","guid":{"rendered":"https:\/\/maetinganoticias.com\/?p=5810"},"modified":"2024-10-17T14:32:20","modified_gmt":"2024-10-17T17:32:20","slug":"grande-sp-ainda-tem-36-mil-clientes-sem-energia-eletrica","status":"publish","type":"post","link":"https:\/\/maetinganoticias.com\/index.php\/2024\/10\/17\/grande-sp-ainda-tem-36-mil-clientes-sem-energia-eletrica\/","title":{"rendered":"Grande SP ainda tem 36 mil clientes sem energia el\u00e9trica"},"content":{"rendered":"\n<p><strong><em>Enel diz que n\u00famero \u00e9 muito pr\u00f3ximo da opera\u00e7\u00e3o normal<\/em><\/strong><\/p>\n\n\n\n<p>A Grande S\u00e3o Paulo tem ainda cerca de 36 mil clientes sem energia el\u00e9trica, segundo a concession\u00e1ria Enel. A regi\u00e3o sofreu um apag\u00e3o, iniciado na \u00faltima sexta-feira (11), ap\u00f3s um temporal. Em coletiva de imprensa na manh\u00e3 de hoje (17), o presidente da Enel, Guilherme Lencastre, disse, no entanto, que o n\u00famero \u00e9 muito pr\u00f3ximo da opera\u00e7\u00e3o normal &#8211; quando n\u00e3o h\u00e1 incid\u00eancia de eventos clim\u00e1ticos intensos.<img decoding=\"async\" src=\"https:\/\/agenciabrasil.ebc.com.br\/ebc.png?id=1615838&amp;o=node\"><img decoding=\"async\" src=\"https:\/\/agenciabrasil.ebc.com.br\/ebc.gif?id=1615838&amp;o=node\"><\/p>\n\n\n\n<p>\u201cNeste momento, estamos com 36 mil clientes sem energia, isso significa uma opera\u00e7\u00e3o muito pr\u00f3xima da normalidade do nosso neg\u00f3cio. N\u00f3s temos 8,2 milh\u00f5es de clientes. Numa opera\u00e7\u00e3o normal, esse n\u00famero oscila inclusive entre esse patamar 36 [mil] ou at\u00e9 um pouco mais\u201d, disse Lencastre.<\/p>\n\n\n\n<p>Ele apresentou dados que revelam um total de 3,1 milh\u00f5es clientes atingidos pelo apag\u00e3o. A rede afetada inclui 17 linhas de alta tens\u00e3o, 11 subesta\u00e7\u00f5es, 221 circuitos de m\u00e9dia tens\u00e3o, 105 transformadores, 251 postes e 1.492 ocorr\u00eancias com vegeta\u00e7\u00e3o.<\/p>\n\n\n\n<p>\u201cDurante as primeiras 24 horas, tivemos uma recupera\u00e7\u00e3o aproximada de 79%. No ano passado, a gente chegou a ter uma boa recupera\u00e7\u00e3o, mas de 57 a 58%. \u00c9 importante dizer que essa situa\u00e7\u00e3o, de fato, foi muito at\u00edpica. Ano passado tamb\u00e9m foi at\u00edpico. Essa recupera\u00e7\u00e3o em compara\u00e7\u00e3o com o ano passado foi melhor\u201d, apontou. Em novembro do ano passado, a Grande S\u00e3o Paulo sofreu um apag\u00e3o tamb\u00e9m por conta de chuvas intensas.<\/p>\n\n\n\n<p>\u201cN\u00f3s continuamos com nossa for\u00e7a de trabalho mobilizada, atuando em campo. \u00c9 poss\u00edvel que existam casos de clientes mais antigos e esses s\u00e3o os priorit\u00e1rios que n\u00f3s vamos restabelecer a partir de agora. Estamos mantendo a opera\u00e7\u00e3o como se ainda estiv\u00e9ssemos em crise, apesar de n\u00e3o estarmos mais em crise\u201d, acrescentou.<\/p>\n\n\n\n<p>Cr\u00e9ditos: Ag\u00eancia Brasil<\/p>\n","protected":false},"excerpt":{"rendered":"<p>Enel diz que n\u00famero \u00e9 muito pr\u00f3ximo da opera\u00e7\u00e3o normal A Grande S\u00e3o Paulo tem ainda cerca de 36 mil clientes sem energia el\u00e9trica, segundo a concession\u00e1ria Enel. A regi\u00e3o sofreu um apag\u00e3o, iniciado na \u00faltima sexta-feira (11), ap\u00f3s um temporal. Em coletiva de imprensa na manh\u00e3 de hoje (17), o presidente da Enel, Guilherme [&hellip;]<\/p>\n","protected":false},"author":1,"featured_media":5811,"comment_status":"open","ping_status":"open","sticky":false,"template":"","format":"standard","meta":{"om_disable_all_campaigns":false,"_monsterinsights_skip_tracking":false,"_monsterinsights_sitenote_active":false,"_monsterinsights_sitenote_note":"","_monsterinsights_sitenote_category":0,"_uf_show_specific_survey":0,"_uf_disable_surveys":false,"footnotes":""},"categories":[376],"tags":[1171,1170,787,244],"class_list":{"0":"post-5810","1":"post","2":"type-post","3":"status-publish","4":"format-standard","5":"has-post-thumbnail","7":"category-sao-paulo","8":"tag-apagao","9":"tag-enel","10":"tag-energia-eletrica","11":"tag-sao-paulo"},"yoast_head":"<!-- This site is optimized with the Yoast SEO plugin v27.4 - https:\/\/yoast.com\/product\/yoast-seo-wordpress\/ -->\n<title>Grande SP ainda tem 36 mil clientes sem energia el\u00e9trica - Maetinga Not\u00edcias<\/title>\n<meta name=\"robots\" content=\"index, follow, max-snippet:-1, max-image-preview:large, max-video-preview:-1\" \/>\n<link rel=\"canonical\" href=\"https:\/\/maetinganoticias.com\/index.php\/2024\/10\/17\/grande-sp-ainda-tem-36-mil-clientes-sem-energia-eletrica\/\" \/>\n<meta property=\"og:locale\" content=\"pt_BR\" \/>\n<meta property=\"og:type\" content=\"article\" \/>\n<meta property=\"og:title\" content=\"Grande SP ainda tem 36 mil clientes sem energia el\u00e9trica - Maetinga Not\u00edcias\" \/>\n<meta property=\"og:description\" content=\"Enel diz que n\u00famero \u00e9 muito pr\u00f3ximo da opera\u00e7\u00e3o normal A Grande S\u00e3o Paulo tem ainda cerca de 36 mil clientes sem energia el\u00e9trica, segundo a concession\u00e1ria Enel. A regi\u00e3o sofreu um apag\u00e3o, iniciado na \u00faltima sexta-feira (11), ap\u00f3s um temporal. Em coletiva de imprensa na manh\u00e3 de hoje (17), o presidente da Enel, Guilherme [&hellip;]\" \/>\n<meta property=\"og:url\" content=\"https:\/\/maetinganoticias.com\/index.php\/2024\/10\/17\/grande-sp-ainda-tem-36-mil-clientes-sem-energia-eletrica\/\" \/>\n<meta property=\"og:site_name\" content=\"Maetinga Not\u00edcias\" \/>\n<meta property=\"article:published_time\" content=\"2024-10-17T17:32:20+00:00\" \/>\n<meta property=\"og:image\" content=\"https:\/\/maetinganoticias.com\/wp-content\/uploads\/2024\/10\/WhatsApp-Image-2024-10-17-at-14.31.46.jpeg\" \/>\n\t<meta property=\"og:image:width\" content=\"825\" \/>\n\t<meta property=\"og:image:height\" content=\"494\" \/>\n\t<meta property=\"og:image:type\" content=\"image\/jpeg\" \/>\n<meta name=\"author\" content=\"Maetinga Not\u00edcias\" \/>\n<meta name=\"twitter:card\" content=\"summary_large_image\" \/>\n<meta name=\"twitter:label1\" content=\"Escrito por\" \/>\n\t<meta name=\"twitter:data1\" content=\"Maetinga Not\u00edcias\" \/>\n\t<meta name=\"twitter:label2\" content=\"Est. tempo de leitura\" \/>\n\t<meta name=\"twitter:data2\" content=\"3 minutos\" \/>\n<script type=\"application\/ld+json\" class=\"yoast-schema-graph\">{\"@context\":\"https:\\\/\\\/schema.org\",\"@graph\":[{\"@type\":[\"Article\",\"BlogPosting\"],\"@id\":\"https:\\\/\\\/maetinganoticias.com\\\/index.php\\\/2024\\\/10\\\/17\\\/grande-sp-ainda-tem-36-mil-clientes-sem-energia-eletrica\\\/#article\",\"isPartOf\":{\"@id\":\"https:\\\/\\\/maetinganoticias.com\\\/index.php\\\/2024\\\/10\\\/17\\\/grande-sp-ainda-tem-36-mil-clientes-sem-energia-eletrica\\\/\"},\"author\":{\"name\":\"Maetinga Not\u00edcias\",\"@id\":\"https:\\\/\\\/maetinganoticias.com\\\/#\\\/schema\\\/person\\\/968cf95e67a6810fc7fb35bbc9016962\"},\"headline\":\"Grande SP ainda tem 36 mil clientes sem energia el\u00e9trica\",\"datePublished\":\"2024-10-17T17:32:20+00:00\",\"mainEntityOfPage\":{\"@id\":\"https:\\\/\\\/maetinganoticias.com\\\/index.php\\\/2024\\\/10\\\/17\\\/grande-sp-ainda-tem-36-mil-clientes-sem-energia-eletrica\\\/\"},\"wordCount\":328,\"commentCount\":0,\"publisher\":{\"@id\":\"https:\\\/\\\/maetinganoticias.com\\\/#organization\"},\"image\":{\"@id\":\"https:\\\/\\\/maetinganoticias.com\\\/index.php\\\/2024\\\/10\\\/17\\\/grande-sp-ainda-tem-36-mil-clientes-sem-energia-eletrica\\\/#primaryimage\"},\"thumbnailUrl\":\"https:\\\/\\\/maetinganoticias.com\\\/wp-content\\\/uploads\\\/2024\\\/10\\\/WhatsApp-Image-2024-10-17-at-14.31.46.jpeg\",\"keywords\":[\"APAG\u00c3O\",\"ENEL\",\"ENERGIA EL\u00c9TRICA\",\"S\u00c3O PAULO\"],\"articleSection\":[\"S\u00e3o Paulo\"],\"inLanguage\":\"pt-BR\",\"potentialAction\":[{\"@type\":\"CommentAction\",\"name\":\"Comment\",\"target\":[\"https:\\\/\\\/maetinganoticias.com\\\/index.php\\\/2024\\\/10\\\/17\\\/grande-sp-ainda-tem-36-mil-clientes-sem-energia-eletrica\\\/#respond\"]}]},{\"@type\":\"WebPage\",\"@id\":\"https:\\\/\\\/maetinganoticias.com\\\/index.php\\\/2024\\\/10\\\/17\\\/grande-sp-ainda-tem-36-mil-clientes-sem-energia-eletrica\\\/\",\"url\":\"https:\\\/\\\/maetinganoticias.com\\\/index.php\\\/2024\\\/10\\\/17\\\/grande-sp-ainda-tem-36-mil-clientes-sem-energia-eletrica\\\/\",\"name\":\"Grande SP ainda tem 36 mil clientes sem energia el\u00e9trica - Maetinga Not\u00edcias\",\"isPartOf\":{\"@id\":\"https:\\\/\\\/maetinganoticias.com\\\/#website\"},\"primaryImageOfPage\":{\"@id\":\"https:\\\/\\\/maetinganoticias.com\\\/index.php\\\/2024\\\/10\\\/17\\\/grande-sp-ainda-tem-36-mil-clientes-sem-energia-eletrica\\\/#primaryimage\"},\"image\":{\"@id\":\"https:\\\/\\\/maetinganoticias.com\\\/index.php\\\/2024\\\/10\\\/17\\\/grande-sp-ainda-tem-36-mil-clientes-sem-energia-eletrica\\\/#primaryimage\"},\"thumbnailUrl\":\"https:\\\/\\\/maetinganoticias.com\\\/wp-content\\\/uploads\\\/2024\\\/10\\\/WhatsApp-Image-2024-10-17-at-14.31.46.jpeg\",\"datePublished\":\"2024-10-17T17:32:20+00:00\",\"breadcrumb\":{\"@id\":\"https:\\\/\\\/maetinganoticias.com\\\/index.php\\\/2024\\\/10\\\/17\\\/grande-sp-ainda-tem-36-mil-clientes-sem-energia-eletrica\\\/#breadcrumb\"},\"inLanguage\":\"pt-BR\",\"potentialAction\":[{\"@type\":\"ReadAction\",\"target\":[\"https:\\\/\\\/maetinganoticias.com\\\/index.php\\\/2024\\\/10\\\/17\\\/grande-sp-ainda-tem-36-mil-clientes-sem-energia-eletrica\\\/\"]}]},{\"@type\":\"ImageObject\",\"inLanguage\":\"pt-BR\",\"@id\":\"https:\\\/\\\/maetinganoticias.com\\\/index.php\\\/2024\\\/10\\\/17\\\/grande-sp-ainda-tem-36-mil-clientes-sem-energia-eletrica\\\/#primaryimage\",\"url\":\"https:\\\/\\\/maetinganoticias.com\\\/wp-content\\\/uploads\\\/2024\\\/10\\\/WhatsApp-Image-2024-10-17-at-14.31.46.jpeg\",\"contentUrl\":\"https:\\\/\\\/maetinganoticias.com\\\/wp-content\\\/uploads\\\/2024\\\/10\\\/WhatsApp-Image-2024-10-17-at-14.31.46.jpeg\",\"width\":825,\"height\":494,\"caption\":\"Foto: Reprodu\u00e7\u00e3o \\\/ Rovena Rosa\\\/Ag\u00eancia Brasil\"},{\"@type\":\"BreadcrumbList\",\"@id\":\"https:\\\/\\\/maetinganoticias.com\\\/index.php\\\/2024\\\/10\\\/17\\\/grande-sp-ainda-tem-36-mil-clientes-sem-energia-eletrica\\\/#breadcrumb\",\"itemListElement\":[{\"@type\":\"ListItem\",\"position\":1,\"name\":\"In\u00edcio\",\"item\":\"https:\\\/\\\/maetinganoticias.com\\\/\"},{\"@type\":\"ListItem\",\"position\":2,\"name\":\"Grande SP ainda tem 36 mil clientes sem energia el\u00e9trica\"}]},{\"@type\":\"WebSite\",\"@id\":\"https:\\\/\\\/maetinganoticias.com\\\/#website\",\"url\":\"https:\\\/\\\/maetinganoticias.com\\\/\",\"name\":\"Maetinga Not\u00edcias\",\"description\":\"A Voz do Interior Baiano!\",\"publisher\":{\"@id\":\"https:\\\/\\\/maetinganoticias.com\\\/#organization\"},\"potentialAction\":[{\"@type\":\"SearchAction\",\"target\":{\"@type\":\"EntryPoint\",\"urlTemplate\":\"https:\\\/\\\/maetinganoticias.com\\\/?s={search_term_string}\"},\"query-input\":{\"@type\":\"PropertyValueSpecification\",\"valueRequired\":true,\"valueName\":\"search_term_string\"}}],\"inLanguage\":\"pt-BR\"},{\"@type\":\"Organization\",\"@id\":\"https:\\\/\\\/maetinganoticias.com\\\/#organization\",\"name\":\"Maetinga Not\u00edcias\",\"url\":\"https:\\\/\\\/maetinganoticias.com\\\/\",\"logo\":{\"@type\":\"ImageObject\",\"inLanguage\":\"pt-BR\",\"@id\":\"https:\\\/\\\/maetinganoticias.com\\\/#\\\/schema\\\/logo\\\/image\\\/\",\"url\":\"https:\\\/\\\/maetinganoticias.com\\\/wp-content\\\/uploads\\\/2023\\\/07\\\/cropped-cropped-cropped-cropped-BUSINESS-3-42-1.png\",\"contentUrl\":\"https:\\\/\\\/maetinganoticias.com\\\/wp-content\\\/uploads\\\/2023\\\/07\\\/cropped-cropped-cropped-cropped-BUSINESS-3-42-1.png\",\"width\":485,\"height\":109,\"caption\":\"Maetinga Not\u00edcias\"},\"image\":{\"@id\":\"https:\\\/\\\/maetinganoticias.com\\\/#\\\/schema\\\/logo\\\/image\\\/\"}},{\"@type\":\"Person\",\"@id\":\"https:\\\/\\\/maetinganoticias.com\\\/#\\\/schema\\\/person\\\/968cf95e67a6810fc7fb35bbc9016962\",\"name\":\"Maetinga Not\u00edcias\",\"image\":{\"@type\":\"ImageObject\",\"inLanguage\":\"pt-BR\",\"@id\":\"https:\\\/\\\/secure.gravatar.com\\\/avatar\\\/32e078313a5ca37a6c8d44e716ed4f9e87ecfde7222d2b88a1424bd49654f187?s=96&d=mm&r=g\",\"url\":\"https:\\\/\\\/secure.gravatar.com\\\/avatar\\\/32e078313a5ca37a6c8d44e716ed4f9e87ecfde7222d2b88a1424bd49654f187?s=96&d=mm&r=g\",\"contentUrl\":\"https:\\\/\\\/secure.gravatar.com\\\/avatar\\\/32e078313a5ca37a6c8d44e716ed4f9e87ecfde7222d2b88a1424bd49654f187?s=96&d=mm&r=g\",\"caption\":\"Maetinga Not\u00edcias\"},\"description\":\"A voz do Interior Baiano!\",\"sameAs\":[\"https:\\\/\\\/maetinganoticias.com\",\"https:\\\/\\\/www.instagram.com\\\/blogmaetinganoticias\\\/\"],\"url\":\"https:\\\/\\\/maetinganoticias.com\\\/index.php\\\/author\\\/carlosvianna13\\\/\"}]}<\/script>\n<!-- \/ Yoast SEO plugin. -->","yoast_head_json":{"title":"Grande SP ainda tem 36 mil clientes sem energia el\u00e9trica - Maetinga Not\u00edcias","robots":{"index":"index","follow":"follow","max-snippet":"max-snippet:-1","max-image-preview":"max-image-preview:large","max-video-preview":"max-video-preview:-1"},"canonical":"https:\/\/maetinganoticias.com\/index.php\/2024\/10\/17\/grande-sp-ainda-tem-36-mil-clientes-sem-energia-eletrica\/","og_locale":"pt_BR","og_type":"article","og_title":"Grande SP ainda tem 36 mil clientes sem energia el\u00e9trica - Maetinga Not\u00edcias","og_description":"Enel diz que n\u00famero \u00e9 muito pr\u00f3ximo da opera\u00e7\u00e3o normal A Grande S\u00e3o Paulo tem ainda cerca de 36 mil clientes sem energia el\u00e9trica, segundo a concession\u00e1ria Enel. A regi\u00e3o sofreu um apag\u00e3o, iniciado na \u00faltima sexta-feira (11), ap\u00f3s um temporal. Em coletiva de imprensa na manh\u00e3 de hoje (17), o presidente da Enel, Guilherme [&hellip;]","og_url":"https:\/\/maetinganoticias.com\/index.php\/2024\/10\/17\/grande-sp-ainda-tem-36-mil-clientes-sem-energia-eletrica\/","og_site_name":"Maetinga Not\u00edcias","article_published_time":"2024-10-17T17:32:20+00:00","og_image":[{"width":825,"height":494,"url":"https:\/\/maetinganoticias.com\/wp-content\/uploads\/2024\/10\/WhatsApp-Image-2024-10-17-at-14.31.46.jpeg","type":"image\/jpeg"}],"author":"Maetinga Not\u00edcias","twitter_card":"summary_large_image","twitter_misc":{"Escrito por":"Maetinga Not\u00edcias","Est. tempo de leitura":"3 minutos"},"schema":{"@context":"https:\/\/schema.org","@graph":[{"@type":["Article","BlogPosting"],"@id":"https:\/\/maetinganoticias.com\/index.php\/2024\/10\/17\/grande-sp-ainda-tem-36-mil-clientes-sem-energia-eletrica\/#article","isPartOf":{"@id":"https:\/\/maetinganoticias.com\/index.php\/2024\/10\/17\/grande-sp-ainda-tem-36-mil-clientes-sem-energia-eletrica\/"},"author":{"name":"Maetinga Not\u00edcias","@id":"https:\/\/maetinganoticias.com\/#\/schema\/person\/968cf95e67a6810fc7fb35bbc9016962"},"headline":"Grande SP ainda tem 36 mil clientes sem energia el\u00e9trica","datePublished":"2024-10-17T17:32:20+00:00","mainEntityOfPage":{"@id":"https:\/\/maetinganoticias.com\/index.php\/2024\/10\/17\/grande-sp-ainda-tem-36-mil-clientes-sem-energia-eletrica\/"},"wordCount":328,"commentCount":0,"publisher":{"@id":"https:\/\/maetinganoticias.com\/#organization"},"image":{"@id":"https:\/\/maetinganoticias.com\/index.php\/2024\/10\/17\/grande-sp-ainda-tem-36-mil-clientes-sem-energia-eletrica\/#primaryimage"},"thumbnailUrl":"https:\/\/maetinganoticias.com\/wp-content\/uploads\/2024\/10\/WhatsApp-Image-2024-10-17-at-14.31.46.jpeg","keywords":["APAG\u00c3O","ENEL","ENERGIA EL\u00c9TRICA","S\u00c3O PAULO"],"articleSection":["S\u00e3o Paulo"],"inLanguage":"pt-BR","potentialAction":[{"@type":"CommentAction","name":"Comment","target":["https:\/\/maetinganoticias.com\/index.php\/2024\/10\/17\/grande-sp-ainda-tem-36-mil-clientes-sem-energia-eletrica\/#respond"]}]},{"@type":"WebPage","@id":"https:\/\/maetinganoticias.com\/index.php\/2024\/10\/17\/grande-sp-ainda-tem-36-mil-clientes-sem-energia-eletrica\/","url":"https:\/\/maetinganoticias.com\/index.php\/2024\/10\/17\/grande-sp-ainda-tem-36-mil-clientes-sem-energia-eletrica\/","name":"Grande SP ainda tem 36 mil clientes sem energia el\u00e9trica - Maetinga Not\u00edcias","isPartOf":{"@id":"https:\/\/maetinganoticias.com\/#website"},"primaryImageOfPage":{"@id":"https:\/\/maetinganoticias.com\/index.php\/2024\/10\/17\/grande-sp-ainda-tem-36-mil-clientes-sem-energia-eletrica\/#primaryimage"},"image":{"@id":"https:\/\/maetinganoticias.com\/index.php\/2024\/10\/17\/grande-sp-ainda-tem-36-mil-clientes-sem-energia-eletrica\/#primaryimage"},"thumbnailUrl":"https:\/\/maetinganoticias.com\/wp-content\/uploads\/2024\/10\/WhatsApp-Image-2024-10-17-at-14.31.46.jpeg","datePublished":"2024-10-17T17:32:20+00:00","breadcrumb":{"@id":"https:\/\/maetinganoticias.com\/index.php\/2024\/10\/17\/grande-sp-ainda-tem-36-mil-clientes-sem-energia-eletrica\/#breadcrumb"},"inLanguage":"pt-BR","potentialAction":[{"@type":"ReadAction","target":["https:\/\/maetinganoticias.com\/index.php\/2024\/10\/17\/grande-sp-ainda-tem-36-mil-clientes-sem-energia-eletrica\/"]}]},{"@type":"ImageObject","inLanguage":"pt-BR","@id":"https:\/\/maetinganoticias.com\/index.php\/2024\/10\/17\/grande-sp-ainda-tem-36-mil-clientes-sem-energia-eletrica\/#primaryimage","url":"https:\/\/maetinganoticias.com\/wp-content\/uploads\/2024\/10\/WhatsApp-Image-2024-10-17-at-14.31.46.jpeg","contentUrl":"https:\/\/maetinganoticias.com\/wp-content\/uploads\/2024\/10\/WhatsApp-Image-2024-10-17-at-14.31.46.jpeg","width":825,"height":494,"caption":"Foto: Reprodu\u00e7\u00e3o \/ Rovena Rosa\/Ag\u00eancia Brasil"},{"@type":"BreadcrumbList","@id":"https:\/\/maetinganoticias.com\/index.php\/2024\/10\/17\/grande-sp-ainda-tem-36-mil-clientes-sem-energia-eletrica\/#breadcrumb","itemListElement":[{"@type":"ListItem","position":1,"name":"In\u00edcio","item":"https:\/\/maetinganoticias.com\/"},{"@type":"ListItem","position":2,"name":"Grande SP ainda tem 36 mil clientes sem energia el\u00e9trica"}]},{"@type":"WebSite","@id":"https:\/\/maetinganoticias.com\/#website","url":"https:\/\/maetinganoticias.com\/","name":"Maetinga Not\u00edcias","description":"A Voz do Interior Baiano!","publisher":{"@id":"https:\/\/maetinganoticias.com\/#organization"},"potentialAction":[{"@type":"SearchAction","target":{"@type":"EntryPoint","urlTemplate":"https:\/\/maetinganoticias.com\/?s={search_term_string}"},"query-input":{"@type":"PropertyValueSpecification","valueRequired":true,"valueName":"search_term_string"}}],"inLanguage":"pt-BR"},{"@type":"Organization","@id":"https:\/\/maetinganoticias.com\/#organization","name":"Maetinga Not\u00edcias","url":"https:\/\/maetinganoticias.com\/","logo":{"@type":"ImageObject","inLanguage":"pt-BR","@id":"https:\/\/maetinganoticias.com\/#\/schema\/logo\/image\/","url":"https:\/\/maetinganoticias.com\/wp-content\/uploads\/2023\/07\/cropped-cropped-cropped-cropped-BUSINESS-3-42-1.png","contentUrl":"https:\/\/maetinganoticias.com\/wp-content\/uploads\/2023\/07\/cropped-cropped-cropped-cropped-BUSINESS-3-42-1.png","width":485,"height":109,"caption":"Maetinga Not\u00edcias"},"image":{"@id":"https:\/\/maetinganoticias.com\/#\/schema\/logo\/image\/"}},{"@type":"Person","@id":"https:\/\/maetinganoticias.com\/#\/schema\/person\/968cf95e67a6810fc7fb35bbc9016962","name":"Maetinga Not\u00edcias","image":{"@type":"ImageObject","inLanguage":"pt-BR","@id":"https:\/\/secure.gravatar.com\/avatar\/32e078313a5ca37a6c8d44e716ed4f9e87ecfde7222d2b88a1424bd49654f187?s=96&d=mm&r=g","url":"https:\/\/secure.gravatar.com\/avatar\/32e078313a5ca37a6c8d44e716ed4f9e87ecfde7222d2b88a1424bd49654f187?s=96&d=mm&r=g","contentUrl":"https:\/\/secure.gravatar.com\/avatar\/32e078313a5ca37a6c8d44e716ed4f9e87ecfde7222d2b88a1424bd49654f187?s=96&d=mm&r=g","caption":"Maetinga Not\u00edcias"},"description":"A voz do Interior Baiano!","sameAs":["https:\/\/maetinganoticias.com","https:\/\/www.instagram.com\/blogmaetinganoticias\/"],"url":"https:\/\/maetinganoticias.com\/index.php\/author\/carlosvianna13\/"}]}},"_links":{"self":[{"href":"https:\/\/maetinganoticias.com\/index.php\/wp-json\/wp\/v2\/posts\/5810","targetHints":{"allow":["GET"]}}],"collection":[{"href":"https:\/\/maetinganoticias.com\/index.php\/wp-json\/wp\/v2\/posts"}],"about":[{"href":"https:\/\/maetinganoticias.com\/index.php\/wp-json\/wp\/v2\/types\/post"}],"author":[{"embeddable":true,"href":"https:\/\/maetinganoticias.com\/index.php\/wp-json\/wp\/v2\/users\/1"}],"replies":[{"embeddable":true,"href":"https:\/\/maetinganoticias.com\/index.php\/wp-json\/wp\/v2\/comments?post=5810"}],"version-history":[{"count":1,"href":"https:\/\/maetinganoticias.com\/index.php\/wp-json\/wp\/v2\/posts\/5810\/revisions"}],"predecessor-version":[{"id":5812,"href":"https:\/\/maetinganoticias.com\/index.php\/wp-json\/wp\/v2\/posts\/5810\/revisions\/5812"}],"wp:featuredmedia":[{"embeddable":true,"href":"https:\/\/maetinganoticias.com\/index.php\/wp-json\/wp\/v2\/media\/5811"}],"wp:attachment":[{"href":"https:\/\/maetinganoticias.com\/index.php\/wp-json\/wp\/v2\/media?parent=5810"}],"wp:term":[{"taxonomy":"category","embeddable":true,"href":"https:\/\/maetinganoticias.com\/index.php\/wp-json\/wp\/v2\/categories?post=5810"},{"taxonomy":"post_tag","embeddable":true,"href":"https:\/\/maetinganoticias.com\/index.php\/wp-json\/wp\/v2\/tags?post=5810"}],"curies":[{"name":"wp","href":"https:\/\/api.w.org\/{rel}","templated":true}]}}