{"id":5342,"date":"2024-08-08T11:27:51","date_gmt":"2024-08-08T14:27:51","guid":{"rendered":"https:\/\/maetinganoticias.com\/?p=5342"},"modified":"2024-08-08T11:27:51","modified_gmt":"2024-08-08T14:27:51","slug":"candidata-a-prefeitura-de-coracao-de-maria-usa-colete-a-prova-de-balas-em-convencao","status":"publish","type":"post","link":"https:\/\/maetinganoticias.com\/index.php\/2024\/08\/08\/candidata-a-prefeitura-de-coracao-de-maria-usa-colete-a-prova-de-balas-em-convencao\/","title":{"rendered":"Candidata \u00e0 Prefeitura de Cora\u00e7\u00e3o de Maria usa colete \u00e0 prova de balas em Conven\u00e7\u00e3o"},"content":{"rendered":"\n<p>No \u00faltimo domingo (4), Josi da R\u00e1dio (PSB), radialista e candidata \u00e0 prefeitura da cidade de\u00a0<strong>Cora\u00e7\u00e3o de Maria<\/strong>, oficializou sua candidatura em uma conven\u00e7\u00e3o partid\u00e1ria. <\/p>\n\n\n\n<p>O evento chamou aten\u00e7\u00e3o n\u00e3o apenas pela formaliza\u00e7\u00e3o da candidatura, mas tamb\u00e9m pelo fato de Josi ter comparecido usando um colete \u00e0 prova de balas. <\/p>\n\n\n\n<p>A decis\u00e3o de usar o colete veio ap\u00f3s Josi receber amea\u00e7as, conforme relatado pela advogada Jordanna S\u00e1. \u201cJosi vem sofrendo v\u00e1rias situa\u00e7\u00f5es, inclusive ataques \u00e0 fam\u00edlia. <\/p>\n\n\n\n<p>Ela tem recebido amea\u00e7as de morte e tamb\u00e9m amea\u00e7as indiretas atrav\u00e9s de redes sociais\u201d, explicou a advogada. Josi, conhecida por seu programa de r\u00e1dio onde critica a atual gest\u00e3o de Cora\u00e7\u00e3o de Maria e outros munic\u00edpios vizinhos, enfrenta uma situa\u00e7\u00e3o delicada. <\/p>\n\n\n\n<p>Segundo Jordanna S\u00e1, as amea\u00e7as parecem ser uma tentativa de silenciar o trabalho da radialista. \u201cN\u00e3o podemos afirmar com certeza a origem das amea\u00e7as, mas sabemos que Josi est\u00e1 em embate direto com a atual administra\u00e7\u00e3o\u201d, acrescentou a advogada em entrevista ao CORREIO.<\/p>\n","protected":false},"excerpt":{"rendered":"<p>No \u00faltimo domingo (4), Josi da R\u00e1dio (PSB), radialista e candidata \u00e0 prefeitura da cidade de\u00a0Cora\u00e7\u00e3o de Maria, oficializou sua candidatura em uma conven\u00e7\u00e3o partid\u00e1ria. O evento chamou aten\u00e7\u00e3o n\u00e3o apenas pela formaliza\u00e7\u00e3o da candidatura, mas tamb\u00e9m pelo fato de Josi ter comparecido usando um colete \u00e0 prova de balas. A decis\u00e3o de usar o [&hellip;]<\/p>\n","protected":false},"author":1,"featured_media":5343,"comment_status":"open","ping_status":"open","sticky":false,"template":"","format":"standard","meta":{"om_disable_all_campaigns":false,"_monsterinsights_skip_tracking":false,"_monsterinsights_sitenote_active":false,"_monsterinsights_sitenote_note":"","_monsterinsights_sitenote_category":0,"_uf_show_specific_survey":0,"_uf_disable_surveys":false,"footnotes":""},"categories":[186],"tags":[81,1101,337],"class_list":{"0":"post-5342","1":"post","2":"type-post","3":"status-publish","4":"format-standard","5":"has-post-thumbnail","7":"category-eleicoes-2024","8":"tag-bahia","9":"tag-coracao-de-maria","10":"tag-eleicoes-2024"},"yoast_head":"<!-- This site is optimized with the Yoast SEO plugin v27.4 - https:\/\/yoast.com\/product\/yoast-seo-wordpress\/ -->\n<title>Candidata \u00e0 Prefeitura de Cora\u00e7\u00e3o de Maria usa colete \u00e0 prova de balas em Conven\u00e7\u00e3o - Maetinga Not\u00edcias<\/title>\n<meta name=\"robots\" content=\"index, follow, max-snippet:-1, max-image-preview:large, max-video-preview:-1\" \/>\n<link rel=\"canonical\" href=\"https:\/\/maetinganoticias.com\/index.php\/2024\/08\/08\/candidata-a-prefeitura-de-coracao-de-maria-usa-colete-a-prova-de-balas-em-convencao\/\" \/>\n<meta property=\"og:locale\" content=\"pt_BR\" \/>\n<meta property=\"og:type\" content=\"article\" \/>\n<meta property=\"og:title\" content=\"Candidata \u00e0 Prefeitura de Cora\u00e7\u00e3o de Maria usa colete \u00e0 prova de balas em Conven\u00e7\u00e3o - Maetinga Not\u00edcias\" \/>\n<meta property=\"og:description\" content=\"No \u00faltimo domingo (4), Josi da R\u00e1dio (PSB), radialista e candidata \u00e0 prefeitura da cidade de\u00a0Cora\u00e7\u00e3o de Maria, oficializou sua candidatura em uma conven\u00e7\u00e3o partid\u00e1ria. O evento chamou aten\u00e7\u00e3o n\u00e3o apenas pela formaliza\u00e7\u00e3o da candidatura, mas tamb\u00e9m pelo fato de Josi ter comparecido usando um colete \u00e0 prova de balas. A decis\u00e3o de usar o [&hellip;]\" \/>\n<meta property=\"og:url\" content=\"https:\/\/maetinganoticias.com\/index.php\/2024\/08\/08\/candidata-a-prefeitura-de-coracao-de-maria-usa-colete-a-prova-de-balas-em-convencao\/\" \/>\n<meta property=\"og:site_name\" content=\"Maetinga Not\u00edcias\" \/>\n<meta property=\"article:published_time\" content=\"2024-08-08T14:27:51+00:00\" \/>\n<meta property=\"og:image\" content=\"https:\/\/maetinganoticias.com\/wp-content\/uploads\/2024\/08\/WhatsApp-Image-2024-08-08-at-11.24.18.jpeg\" \/>\n\t<meta property=\"og:image:width\" content=\"1000\" \/>\n\t<meta property=\"og:image:height\" content=\"970\" \/>\n\t<meta property=\"og:image:type\" content=\"image\/jpeg\" \/>\n<meta name=\"author\" content=\"Maetinga Not\u00edcias\" \/>\n<meta name=\"twitter:card\" content=\"summary_large_image\" \/>\n<meta name=\"twitter:label1\" content=\"Escrito por\" \/>\n\t<meta name=\"twitter:data1\" content=\"Maetinga Not\u00edcias\" \/>\n\t<meta name=\"twitter:label2\" content=\"Est. tempo de leitura\" \/>\n\t<meta name=\"twitter:data2\" content=\"2 minutos\" \/>\n<script type=\"application\/ld+json\" class=\"yoast-schema-graph\">{\"@context\":\"https:\\\/\\\/schema.org\",\"@graph\":[{\"@type\":[\"Article\",\"BlogPosting\"],\"@id\":\"https:\\\/\\\/maetinganoticias.com\\\/index.php\\\/2024\\\/08\\\/08\\\/candidata-a-prefeitura-de-coracao-de-maria-usa-colete-a-prova-de-balas-em-convencao\\\/#article\",\"isPartOf\":{\"@id\":\"https:\\\/\\\/maetinganoticias.com\\\/index.php\\\/2024\\\/08\\\/08\\\/candidata-a-prefeitura-de-coracao-de-maria-usa-colete-a-prova-de-balas-em-convencao\\\/\"},\"author\":{\"name\":\"Maetinga Not\u00edcias\",\"@id\":\"https:\\\/\\\/maetinganoticias.com\\\/#\\\/schema\\\/person\\\/968cf95e67a6810fc7fb35bbc9016962\"},\"headline\":\"Candidata \u00e0 Prefeitura de Cora\u00e7\u00e3o de Maria usa colete \u00e0 prova de balas em Conven\u00e7\u00e3o\",\"datePublished\":\"2024-08-08T14:27:51+00:00\",\"mainEntityOfPage\":{\"@id\":\"https:\\\/\\\/maetinganoticias.com\\\/index.php\\\/2024\\\/08\\\/08\\\/candidata-a-prefeitura-de-coracao-de-maria-usa-colete-a-prova-de-balas-em-convencao\\\/\"},\"wordCount\":199,\"commentCount\":0,\"publisher\":{\"@id\":\"https:\\\/\\\/maetinganoticias.com\\\/#organization\"},\"image\":{\"@id\":\"https:\\\/\\\/maetinganoticias.com\\\/index.php\\\/2024\\\/08\\\/08\\\/candidata-a-prefeitura-de-coracao-de-maria-usa-colete-a-prova-de-balas-em-convencao\\\/#primaryimage\"},\"thumbnailUrl\":\"https:\\\/\\\/maetinganoticias.com\\\/wp-content\\\/uploads\\\/2024\\\/08\\\/WhatsApp-Image-2024-08-08-at-11.24.18.jpeg\",\"keywords\":[\"BAHIA\",\"CORA\u00c7\u00c3O DE MARIA\",\"ELEI\u00c7\u00d5ES 2024\"],\"articleSection\":[\"Elei\u00e7\u00f5es 2024\"],\"inLanguage\":\"pt-BR\",\"potentialAction\":[{\"@type\":\"CommentAction\",\"name\":\"Comment\",\"target\":[\"https:\\\/\\\/maetinganoticias.com\\\/index.php\\\/2024\\\/08\\\/08\\\/candidata-a-prefeitura-de-coracao-de-maria-usa-colete-a-prova-de-balas-em-convencao\\\/#respond\"]}]},{\"@type\":\"WebPage\",\"@id\":\"https:\\\/\\\/maetinganoticias.com\\\/index.php\\\/2024\\\/08\\\/08\\\/candidata-a-prefeitura-de-coracao-de-maria-usa-colete-a-prova-de-balas-em-convencao\\\/\",\"url\":\"https:\\\/\\\/maetinganoticias.com\\\/index.php\\\/2024\\\/08\\\/08\\\/candidata-a-prefeitura-de-coracao-de-maria-usa-colete-a-prova-de-balas-em-convencao\\\/\",\"name\":\"Candidata \u00e0 Prefeitura de Cora\u00e7\u00e3o de Maria usa colete \u00e0 prova de balas em Conven\u00e7\u00e3o - Maetinga Not\u00edcias\",\"isPartOf\":{\"@id\":\"https:\\\/\\\/maetinganoticias.com\\\/#website\"},\"primaryImageOfPage\":{\"@id\":\"https:\\\/\\\/maetinganoticias.com\\\/index.php\\\/2024\\\/08\\\/08\\\/candidata-a-prefeitura-de-coracao-de-maria-usa-colete-a-prova-de-balas-em-convencao\\\/#primaryimage\"},\"image\":{\"@id\":\"https:\\\/\\\/maetinganoticias.com\\\/index.php\\\/2024\\\/08\\\/08\\\/candidata-a-prefeitura-de-coracao-de-maria-usa-colete-a-prova-de-balas-em-convencao\\\/#primaryimage\"},\"thumbnailUrl\":\"https:\\\/\\\/maetinganoticias.com\\\/wp-content\\\/uploads\\\/2024\\\/08\\\/WhatsApp-Image-2024-08-08-at-11.24.18.jpeg\",\"datePublished\":\"2024-08-08T14:27:51+00:00\",\"breadcrumb\":{\"@id\":\"https:\\\/\\\/maetinganoticias.com\\\/index.php\\\/2024\\\/08\\\/08\\\/candidata-a-prefeitura-de-coracao-de-maria-usa-colete-a-prova-de-balas-em-convencao\\\/#breadcrumb\"},\"inLanguage\":\"pt-BR\",\"potentialAction\":[{\"@type\":\"ReadAction\",\"target\":[\"https:\\\/\\\/maetinganoticias.com\\\/index.php\\\/2024\\\/08\\\/08\\\/candidata-a-prefeitura-de-coracao-de-maria-usa-colete-a-prova-de-balas-em-convencao\\\/\"]}]},{\"@type\":\"ImageObject\",\"inLanguage\":\"pt-BR\",\"@id\":\"https:\\\/\\\/maetinganoticias.com\\\/index.php\\\/2024\\\/08\\\/08\\\/candidata-a-prefeitura-de-coracao-de-maria-usa-colete-a-prova-de-balas-em-convencao\\\/#primaryimage\",\"url\":\"https:\\\/\\\/maetinganoticias.com\\\/wp-content\\\/uploads\\\/2024\\\/08\\\/WhatsApp-Image-2024-08-08-at-11.24.18.jpeg\",\"contentUrl\":\"https:\\\/\\\/maetinganoticias.com\\\/wp-content\\\/uploads\\\/2024\\\/08\\\/WhatsApp-Image-2024-08-08-at-11.24.18.jpeg\",\"width\":1000,\"height\":970,\"caption\":\"Foto - Reprodu\u00e7\u00e3o \\\/ Instagram\"},{\"@type\":\"BreadcrumbList\",\"@id\":\"https:\\\/\\\/maetinganoticias.com\\\/index.php\\\/2024\\\/08\\\/08\\\/candidata-a-prefeitura-de-coracao-de-maria-usa-colete-a-prova-de-balas-em-convencao\\\/#breadcrumb\",\"itemListElement\":[{\"@type\":\"ListItem\",\"position\":1,\"name\":\"In\u00edcio\",\"item\":\"https:\\\/\\\/maetinganoticias.com\\\/\"},{\"@type\":\"ListItem\",\"position\":2,\"name\":\"Candidata \u00e0 Prefeitura de Cora\u00e7\u00e3o de Maria usa colete \u00e0 prova de balas em Conven\u00e7\u00e3o\"}]},{\"@type\":\"WebSite\",\"@id\":\"https:\\\/\\\/maetinganoticias.com\\\/#website\",\"url\":\"https:\\\/\\\/maetinganoticias.com\\\/\",\"name\":\"Maetinga Not\u00edcias\",\"description\":\"A Voz do Interior Baiano!\",\"publisher\":{\"@id\":\"https:\\\/\\\/maetinganoticias.com\\\/#organization\"},\"potentialAction\":[{\"@type\":\"SearchAction\",\"target\":{\"@type\":\"EntryPoint\",\"urlTemplate\":\"https:\\\/\\\/maetinganoticias.com\\\/?s={search_term_string}\"},\"query-input\":{\"@type\":\"PropertyValueSpecification\",\"valueRequired\":true,\"valueName\":\"search_term_string\"}}],\"inLanguage\":\"pt-BR\"},{\"@type\":\"Organization\",\"@id\":\"https:\\\/\\\/maetinganoticias.com\\\/#organization\",\"name\":\"Maetinga Not\u00edcias\",\"url\":\"https:\\\/\\\/maetinganoticias.com\\\/\",\"logo\":{\"@type\":\"ImageObject\",\"inLanguage\":\"pt-BR\",\"@id\":\"https:\\\/\\\/maetinganoticias.com\\\/#\\\/schema\\\/logo\\\/image\\\/\",\"url\":\"https:\\\/\\\/maetinganoticias.com\\\/wp-content\\\/uploads\\\/2023\\\/07\\\/cropped-cropped-cropped-cropped-BUSINESS-3-42-1.png\",\"contentUrl\":\"https:\\\/\\\/maetinganoticias.com\\\/wp-content\\\/uploads\\\/2023\\\/07\\\/cropped-cropped-cropped-cropped-BUSINESS-3-42-1.png\",\"width\":485,\"height\":109,\"caption\":\"Maetinga Not\u00edcias\"},\"image\":{\"@id\":\"https:\\\/\\\/maetinganoticias.com\\\/#\\\/schema\\\/logo\\\/image\\\/\"}},{\"@type\":\"Person\",\"@id\":\"https:\\\/\\\/maetinganoticias.com\\\/#\\\/schema\\\/person\\\/968cf95e67a6810fc7fb35bbc9016962\",\"name\":\"Maetinga Not\u00edcias\",\"image\":{\"@type\":\"ImageObject\",\"inLanguage\":\"pt-BR\",\"@id\":\"https:\\\/\\\/secure.gravatar.com\\\/avatar\\\/32e078313a5ca37a6c8d44e716ed4f9e87ecfde7222d2b88a1424bd49654f187?s=96&d=mm&r=g\",\"url\":\"https:\\\/\\\/secure.gravatar.com\\\/avatar\\\/32e078313a5ca37a6c8d44e716ed4f9e87ecfde7222d2b88a1424bd49654f187?s=96&d=mm&r=g\",\"contentUrl\":\"https:\\\/\\\/secure.gravatar.com\\\/avatar\\\/32e078313a5ca37a6c8d44e716ed4f9e87ecfde7222d2b88a1424bd49654f187?s=96&d=mm&r=g\",\"caption\":\"Maetinga Not\u00edcias\"},\"description\":\"A voz do Interior Baiano!\",\"sameAs\":[\"https:\\\/\\\/maetinganoticias.com\",\"https:\\\/\\\/www.instagram.com\\\/blogmaetinganoticias\\\/\"],\"url\":\"https:\\\/\\\/maetinganoticias.com\\\/index.php\\\/author\\\/carlosvianna13\\\/\"}]}<\/script>\n<!-- \/ Yoast SEO plugin. -->","yoast_head_json":{"title":"Candidata \u00e0 Prefeitura de Cora\u00e7\u00e3o de Maria usa colete \u00e0 prova de balas em Conven\u00e7\u00e3o - Maetinga Not\u00edcias","robots":{"index":"index","follow":"follow","max-snippet":"max-snippet:-1","max-image-preview":"max-image-preview:large","max-video-preview":"max-video-preview:-1"},"canonical":"https:\/\/maetinganoticias.com\/index.php\/2024\/08\/08\/candidata-a-prefeitura-de-coracao-de-maria-usa-colete-a-prova-de-balas-em-convencao\/","og_locale":"pt_BR","og_type":"article","og_title":"Candidata \u00e0 Prefeitura de Cora\u00e7\u00e3o de Maria usa colete \u00e0 prova de balas em Conven\u00e7\u00e3o - Maetinga Not\u00edcias","og_description":"No \u00faltimo domingo (4), Josi da R\u00e1dio (PSB), radialista e candidata \u00e0 prefeitura da cidade de\u00a0Cora\u00e7\u00e3o de Maria, oficializou sua candidatura em uma conven\u00e7\u00e3o partid\u00e1ria. O evento chamou aten\u00e7\u00e3o n\u00e3o apenas pela formaliza\u00e7\u00e3o da candidatura, mas tamb\u00e9m pelo fato de Josi ter comparecido usando um colete \u00e0 prova de balas. A decis\u00e3o de usar o [&hellip;]","og_url":"https:\/\/maetinganoticias.com\/index.php\/2024\/08\/08\/candidata-a-prefeitura-de-coracao-de-maria-usa-colete-a-prova-de-balas-em-convencao\/","og_site_name":"Maetinga Not\u00edcias","article_published_time":"2024-08-08T14:27:51+00:00","og_image":[{"width":1000,"height":970,"url":"https:\/\/maetinganoticias.com\/wp-content\/uploads\/2024\/08\/WhatsApp-Image-2024-08-08-at-11.24.18.jpeg","type":"image\/jpeg"}],"author":"Maetinga Not\u00edcias","twitter_card":"summary_large_image","twitter_misc":{"Escrito por":"Maetinga Not\u00edcias","Est. tempo de leitura":"2 minutos"},"schema":{"@context":"https:\/\/schema.org","@graph":[{"@type":["Article","BlogPosting"],"@id":"https:\/\/maetinganoticias.com\/index.php\/2024\/08\/08\/candidata-a-prefeitura-de-coracao-de-maria-usa-colete-a-prova-de-balas-em-convencao\/#article","isPartOf":{"@id":"https:\/\/maetinganoticias.com\/index.php\/2024\/08\/08\/candidata-a-prefeitura-de-coracao-de-maria-usa-colete-a-prova-de-balas-em-convencao\/"},"author":{"name":"Maetinga Not\u00edcias","@id":"https:\/\/maetinganoticias.com\/#\/schema\/person\/968cf95e67a6810fc7fb35bbc9016962"},"headline":"Candidata \u00e0 Prefeitura de Cora\u00e7\u00e3o de Maria usa colete \u00e0 prova de balas em Conven\u00e7\u00e3o","datePublished":"2024-08-08T14:27:51+00:00","mainEntityOfPage":{"@id":"https:\/\/maetinganoticias.com\/index.php\/2024\/08\/08\/candidata-a-prefeitura-de-coracao-de-maria-usa-colete-a-prova-de-balas-em-convencao\/"},"wordCount":199,"commentCount":0,"publisher":{"@id":"https:\/\/maetinganoticias.com\/#organization"},"image":{"@id":"https:\/\/maetinganoticias.com\/index.php\/2024\/08\/08\/candidata-a-prefeitura-de-coracao-de-maria-usa-colete-a-prova-de-balas-em-convencao\/#primaryimage"},"thumbnailUrl":"https:\/\/maetinganoticias.com\/wp-content\/uploads\/2024\/08\/WhatsApp-Image-2024-08-08-at-11.24.18.jpeg","keywords":["BAHIA","CORA\u00c7\u00c3O DE MARIA","ELEI\u00c7\u00d5ES 2024"],"articleSection":["Elei\u00e7\u00f5es 2024"],"inLanguage":"pt-BR","potentialAction":[{"@type":"CommentAction","name":"Comment","target":["https:\/\/maetinganoticias.com\/index.php\/2024\/08\/08\/candidata-a-prefeitura-de-coracao-de-maria-usa-colete-a-prova-de-balas-em-convencao\/#respond"]}]},{"@type":"WebPage","@id":"https:\/\/maetinganoticias.com\/index.php\/2024\/08\/08\/candidata-a-prefeitura-de-coracao-de-maria-usa-colete-a-prova-de-balas-em-convencao\/","url":"https:\/\/maetinganoticias.com\/index.php\/2024\/08\/08\/candidata-a-prefeitura-de-coracao-de-maria-usa-colete-a-prova-de-balas-em-convencao\/","name":"Candidata \u00e0 Prefeitura de Cora\u00e7\u00e3o de Maria usa colete \u00e0 prova de balas em Conven\u00e7\u00e3o - Maetinga Not\u00edcias","isPartOf":{"@id":"https:\/\/maetinganoticias.com\/#website"},"primaryImageOfPage":{"@id":"https:\/\/maetinganoticias.com\/index.php\/2024\/08\/08\/candidata-a-prefeitura-de-coracao-de-maria-usa-colete-a-prova-de-balas-em-convencao\/#primaryimage"},"image":{"@id":"https:\/\/maetinganoticias.com\/index.php\/2024\/08\/08\/candidata-a-prefeitura-de-coracao-de-maria-usa-colete-a-prova-de-balas-em-convencao\/#primaryimage"},"thumbnailUrl":"https:\/\/maetinganoticias.com\/wp-content\/uploads\/2024\/08\/WhatsApp-Image-2024-08-08-at-11.24.18.jpeg","datePublished":"2024-08-08T14:27:51+00:00","breadcrumb":{"@id":"https:\/\/maetinganoticias.com\/index.php\/2024\/08\/08\/candidata-a-prefeitura-de-coracao-de-maria-usa-colete-a-prova-de-balas-em-convencao\/#breadcrumb"},"inLanguage":"pt-BR","potentialAction":[{"@type":"ReadAction","target":["https:\/\/maetinganoticias.com\/index.php\/2024\/08\/08\/candidata-a-prefeitura-de-coracao-de-maria-usa-colete-a-prova-de-balas-em-convencao\/"]}]},{"@type":"ImageObject","inLanguage":"pt-BR","@id":"https:\/\/maetinganoticias.com\/index.php\/2024\/08\/08\/candidata-a-prefeitura-de-coracao-de-maria-usa-colete-a-prova-de-balas-em-convencao\/#primaryimage","url":"https:\/\/maetinganoticias.com\/wp-content\/uploads\/2024\/08\/WhatsApp-Image-2024-08-08-at-11.24.18.jpeg","contentUrl":"https:\/\/maetinganoticias.com\/wp-content\/uploads\/2024\/08\/WhatsApp-Image-2024-08-08-at-11.24.18.jpeg","width":1000,"height":970,"caption":"Foto - Reprodu\u00e7\u00e3o \/ Instagram"},{"@type":"BreadcrumbList","@id":"https:\/\/maetinganoticias.com\/index.php\/2024\/08\/08\/candidata-a-prefeitura-de-coracao-de-maria-usa-colete-a-prova-de-balas-em-convencao\/#breadcrumb","itemListElement":[{"@type":"ListItem","position":1,"name":"In\u00edcio","item":"https:\/\/maetinganoticias.com\/"},{"@type":"ListItem","position":2,"name":"Candidata \u00e0 Prefeitura de Cora\u00e7\u00e3o de Maria usa colete \u00e0 prova de balas em Conven\u00e7\u00e3o"}]},{"@type":"WebSite","@id":"https:\/\/maetinganoticias.com\/#website","url":"https:\/\/maetinganoticias.com\/","name":"Maetinga Not\u00edcias","description":"A Voz do Interior Baiano!","publisher":{"@id":"https:\/\/maetinganoticias.com\/#organization"},"potentialAction":[{"@type":"SearchAction","target":{"@type":"EntryPoint","urlTemplate":"https:\/\/maetinganoticias.com\/?s={search_term_string}"},"query-input":{"@type":"PropertyValueSpecification","valueRequired":true,"valueName":"search_term_string"}}],"inLanguage":"pt-BR"},{"@type":"Organization","@id":"https:\/\/maetinganoticias.com\/#organization","name":"Maetinga Not\u00edcias","url":"https:\/\/maetinganoticias.com\/","logo":{"@type":"ImageObject","inLanguage":"pt-BR","@id":"https:\/\/maetinganoticias.com\/#\/schema\/logo\/image\/","url":"https:\/\/maetinganoticias.com\/wp-content\/uploads\/2023\/07\/cropped-cropped-cropped-cropped-BUSINESS-3-42-1.png","contentUrl":"https:\/\/maetinganoticias.com\/wp-content\/uploads\/2023\/07\/cropped-cropped-cropped-cropped-BUSINESS-3-42-1.png","width":485,"height":109,"caption":"Maetinga Not\u00edcias"},"image":{"@id":"https:\/\/maetinganoticias.com\/#\/schema\/logo\/image\/"}},{"@type":"Person","@id":"https:\/\/maetinganoticias.com\/#\/schema\/person\/968cf95e67a6810fc7fb35bbc9016962","name":"Maetinga Not\u00edcias","image":{"@type":"ImageObject","inLanguage":"pt-BR","@id":"https:\/\/secure.gravatar.com\/avatar\/32e078313a5ca37a6c8d44e716ed4f9e87ecfde7222d2b88a1424bd49654f187?s=96&d=mm&r=g","url":"https:\/\/secure.gravatar.com\/avatar\/32e078313a5ca37a6c8d44e716ed4f9e87ecfde7222d2b88a1424bd49654f187?s=96&d=mm&r=g","contentUrl":"https:\/\/secure.gravatar.com\/avatar\/32e078313a5ca37a6c8d44e716ed4f9e87ecfde7222d2b88a1424bd49654f187?s=96&d=mm&r=g","caption":"Maetinga Not\u00edcias"},"description":"A voz do Interior Baiano!","sameAs":["https:\/\/maetinganoticias.com","https:\/\/www.instagram.com\/blogmaetinganoticias\/"],"url":"https:\/\/maetinganoticias.com\/index.php\/author\/carlosvianna13\/"}]}},"_links":{"self":[{"href":"https:\/\/maetinganoticias.com\/index.php\/wp-json\/wp\/v2\/posts\/5342","targetHints":{"allow":["GET"]}}],"collection":[{"href":"https:\/\/maetinganoticias.com\/index.php\/wp-json\/wp\/v2\/posts"}],"about":[{"href":"https:\/\/maetinganoticias.com\/index.php\/wp-json\/wp\/v2\/types\/post"}],"author":[{"embeddable":true,"href":"https:\/\/maetinganoticias.com\/index.php\/wp-json\/wp\/v2\/users\/1"}],"replies":[{"embeddable":true,"href":"https:\/\/maetinganoticias.com\/index.php\/wp-json\/wp\/v2\/comments?post=5342"}],"version-history":[{"count":1,"href":"https:\/\/maetinganoticias.com\/index.php\/wp-json\/wp\/v2\/posts\/5342\/revisions"}],"predecessor-version":[{"id":5344,"href":"https:\/\/maetinganoticias.com\/index.php\/wp-json\/wp\/v2\/posts\/5342\/revisions\/5344"}],"wp:featuredmedia":[{"embeddable":true,"href":"https:\/\/maetinganoticias.com\/index.php\/wp-json\/wp\/v2\/media\/5343"}],"wp:attachment":[{"href":"https:\/\/maetinganoticias.com\/index.php\/wp-json\/wp\/v2\/media?parent=5342"}],"wp:term":[{"taxonomy":"category","embeddable":true,"href":"https:\/\/maetinganoticias.com\/index.php\/wp-json\/wp\/v2\/categories?post=5342"},{"taxonomy":"post_tag","embeddable":true,"href":"https:\/\/maetinganoticias.com\/index.php\/wp-json\/wp\/v2\/tags?post=5342"}],"curies":[{"name":"wp","href":"https:\/\/api.w.org\/{rel}","templated":true}]}}