{"id":5331,"date":"2024-08-07T09:11:01","date_gmt":"2024-08-07T12:11:01","guid":{"rendered":"https:\/\/maetinganoticias.com\/?p=5331"},"modified":"2024-08-07T09:11:02","modified_gmt":"2024-08-07T12:11:02","slug":"stf-reconhece-vinculo-de-entregador-de-aplicativo-com-empresa","status":"publish","type":"post","link":"https:\/\/maetinganoticias.com\/index.php\/2024\/08\/07\/stf-reconhece-vinculo-de-entregador-de-aplicativo-com-empresa\/","title":{"rendered":"STF reconhece v\u00ednculo de entregador de aplicativo com empresa"},"content":{"rendered":"\n<h3 class=\"wp-block-heading\"><em><strong>Ele era obrigado a trabalhar somente para a terceirizada<\/strong><\/em><\/h3>\n\n\n\n<p><br>A Primeira Turma do Supremo Tribunal Federal (STF) decidiu nesta ter\u00e7a-feira (6) reconhecer v\u00ednculo de emprego entre um entregador de aplicativo e uma empresa terceirizada que presta servi\u00e7os para a plataforma iFood.<img decoding=\"async\" src=\"https:\/\/agenciabrasil.ebc.com.br\/ebc.png?id=1606798&amp;o=node\"><img decoding=\"async\" src=\"https:\/\/agenciabrasil.ebc.com.br\/ebc.gif?id=1606798&amp;o=node\"><\/p>\n\n\n\n<p>Por maioria de votos, os ministros rejeitaram um recurso da terceirizada para derrubar a decis\u00e3o da Justi\u00e7a do Trabalho do Rio de Janeiro que reconheceu o v\u00ednculo. De acordo com o processo, o entregador era obrigado a cumprir jornada de trabalho e a trabalhar exclusivamente para a empresa. Dessa forma, ficou caracterizado o v\u00ednculo.<\/p>\n\n\n\n<p>Durante a sess\u00e3o, o ministro Alexandre de Moraes afirmou que o caso espec\u00edfico julgado n\u00e3o tem rela\u00e7\u00e3o com as decis\u00f5es do Supremo que rejeitaram a rela\u00e7\u00e3o de emprego entre entregadores e as plataformas de entregas e transporte de pessoas.&nbsp;<\/p>\n\n\n\n<p>Segundo o ministro, o entregador n\u00e3o recebia ordens direta do iFood. A escala de trabalho era estabelecida pela empresa terceirizada e n\u00e3o h\u00e1 comprova\u00e7\u00e3o de v\u00ednculo com o iFood.<\/p>\n\n\n\n<p>&#8220;No depoimento pessoal, fica muito claro que o entregador n\u00e3o tinha nenhuma rela\u00e7\u00e3o com o iFood. Ele tinha rela\u00e7\u00e3o com essa empresa. A Justi\u00e7a do Trabalho detalhou e entendeu que existem provas&#8221;, afirmou.<\/p>\n\n\n\n<p>Al\u00e9m de Moraes, os ministros Cristiano Zanin, Fl\u00e1vio Dino e C\u00e1rmen L\u00facia seguiram o mesmo entendimento.<\/p>\n\n\n\n<p>Em dezembro do ano passado, nos casos envolvendo v\u00ednculo direto, a Primeira Turma entendeu que n\u00e3o h\u00e1 v\u00ednculo com as plataformas. O mesmo entendimento j\u00e1 foi tomado pelo plen\u00e1rio em decis\u00f5es v\u00e1lidas para casos concretos.<\/p>\n\n\n\n<p>Cr\u00e9ditos: Ag\u00eancia Brasil<\/p>\n","protected":false},"excerpt":{"rendered":"<p>Ele era obrigado a trabalhar somente para a terceirizada A Primeira Turma do Supremo Tribunal Federal (STF) decidiu nesta ter\u00e7a-feira (6) reconhecer v\u00ednculo de emprego entre um entregador de aplicativo e uma empresa terceirizada que presta servi\u00e7os para a plataforma iFood. Por maioria de votos, os ministros rejeitaram um recurso da terceirizada para derrubar a [&hellip;]<\/p>\n","protected":false},"author":1,"featured_media":5332,"comment_status":"open","ping_status":"open","sticky":false,"template":"","format":"standard","meta":{"om_disable_all_campaigns":false,"_monsterinsights_skip_tracking":false,"_monsterinsights_sitenote_active":false,"_monsterinsights_sitenote_note":"","_monsterinsights_sitenote_category":0,"_uf_show_specific_survey":0,"_uf_disable_surveys":false,"footnotes":""},"categories":[29],"tags":[756,164,1098,668],"class_list":{"0":"post-5331","1":"post","2":"type-post","3":"status-publish","4":"format-standard","5":"has-post-thumbnail","7":"category-brasil","8":"tag-aplicativos","9":"tag-brasil","10":"tag-entregas","11":"tag-supremo-tribunal-federal"},"yoast_head":"<!-- This site is optimized with the Yoast SEO plugin v27.5 - https:\/\/yoast.com\/product\/yoast-seo-wordpress\/ -->\n<title>STF reconhece v\u00ednculo de entregador de aplicativo com empresa - Maetinga Not\u00edcias<\/title>\n<meta name=\"robots\" content=\"index, follow, max-snippet:-1, max-image-preview:large, max-video-preview:-1\" \/>\n<link rel=\"canonical\" href=\"https:\/\/maetinganoticias.com\/index.php\/2024\/08\/07\/stf-reconhece-vinculo-de-entregador-de-aplicativo-com-empresa\/\" \/>\n<meta property=\"og:locale\" content=\"pt_BR\" \/>\n<meta property=\"og:type\" content=\"article\" \/>\n<meta property=\"og:title\" content=\"STF reconhece v\u00ednculo de entregador de aplicativo com empresa - Maetinga Not\u00edcias\" \/>\n<meta property=\"og:description\" content=\"Ele era obrigado a trabalhar somente para a terceirizada A Primeira Turma do Supremo Tribunal Federal (STF) decidiu nesta ter\u00e7a-feira (6) reconhecer v\u00ednculo de emprego entre um entregador de aplicativo e uma empresa terceirizada que presta servi\u00e7os para a plataforma iFood. Por maioria de votos, os ministros rejeitaram um recurso da terceirizada para derrubar a [&hellip;]\" \/>\n<meta property=\"og:url\" content=\"https:\/\/maetinganoticias.com\/index.php\/2024\/08\/07\/stf-reconhece-vinculo-de-entregador-de-aplicativo-com-empresa\/\" \/>\n<meta property=\"og:site_name\" content=\"Maetinga Not\u00edcias\" \/>\n<meta property=\"article:published_time\" content=\"2024-08-07T12:11:01+00:00\" \/>\n<meta property=\"article:modified_time\" content=\"2024-08-07T12:11:02+00:00\" \/>\n<meta property=\"og:image\" content=\"https:\/\/maetinganoticias.com\/wp-content\/uploads\/2024\/08\/WhatsApp-Image-2024-08-07-at-09.06.47.jpeg\" \/>\n\t<meta property=\"og:image:width\" content=\"740\" \/>\n\t<meta property=\"og:image:height\" content=\"527\" \/>\n\t<meta property=\"og:image:type\" content=\"image\/jpeg\" \/>\n<meta name=\"author\" content=\"Maetinga Not\u00edcias\" \/>\n<meta name=\"twitter:card\" content=\"summary_large_image\" \/>\n<meta name=\"twitter:label1\" content=\"Escrito por\" \/>\n\t<meta name=\"twitter:data1\" content=\"Maetinga Not\u00edcias\" \/>\n\t<meta name=\"twitter:label2\" content=\"Est. tempo de leitura\" \/>\n\t<meta name=\"twitter:data2\" content=\"2 minutos\" \/>\n<script type=\"application\/ld+json\" class=\"yoast-schema-graph\">{\"@context\":\"https:\\\/\\\/schema.org\",\"@graph\":[{\"@type\":[\"Article\",\"BlogPosting\"],\"@id\":\"https:\\\/\\\/maetinganoticias.com\\\/index.php\\\/2024\\\/08\\\/07\\\/stf-reconhece-vinculo-de-entregador-de-aplicativo-com-empresa\\\/#article\",\"isPartOf\":{\"@id\":\"https:\\\/\\\/maetinganoticias.com\\\/index.php\\\/2024\\\/08\\\/07\\\/stf-reconhece-vinculo-de-entregador-de-aplicativo-com-empresa\\\/\"},\"author\":{\"name\":\"Maetinga Not\u00edcias\",\"@id\":\"https:\\\/\\\/maetinganoticias.com\\\/#\\\/schema\\\/person\\\/968cf95e67a6810fc7fb35bbc9016962\"},\"headline\":\"STF reconhece v\u00ednculo de entregador de aplicativo com empresa\",\"datePublished\":\"2024-08-07T12:11:01+00:00\",\"dateModified\":\"2024-08-07T12:11:02+00:00\",\"mainEntityOfPage\":{\"@id\":\"https:\\\/\\\/maetinganoticias.com\\\/index.php\\\/2024\\\/08\\\/07\\\/stf-reconhece-vinculo-de-entregador-de-aplicativo-com-empresa\\\/\"},\"wordCount\":293,\"commentCount\":0,\"publisher\":{\"@id\":\"https:\\\/\\\/maetinganoticias.com\\\/#organization\"},\"image\":{\"@id\":\"https:\\\/\\\/maetinganoticias.com\\\/index.php\\\/2024\\\/08\\\/07\\\/stf-reconhece-vinculo-de-entregador-de-aplicativo-com-empresa\\\/#primaryimage\"},\"thumbnailUrl\":\"https:\\\/\\\/maetinganoticias.com\\\/wp-content\\\/uploads\\\/2024\\\/08\\\/WhatsApp-Image-2024-08-07-at-09.06.47.jpeg\",\"keywords\":[\"APLICATIVOS\",\"BRASIL\",\"ENTREGAS\",\"SUPREMO TRIBUNAL FEDERAL\"],\"articleSection\":[\"Brasil\"],\"inLanguage\":\"pt-BR\",\"potentialAction\":[{\"@type\":\"CommentAction\",\"name\":\"Comment\",\"target\":[\"https:\\\/\\\/maetinganoticias.com\\\/index.php\\\/2024\\\/08\\\/07\\\/stf-reconhece-vinculo-de-entregador-de-aplicativo-com-empresa\\\/#respond\"]}]},{\"@type\":\"WebPage\",\"@id\":\"https:\\\/\\\/maetinganoticias.com\\\/index.php\\\/2024\\\/08\\\/07\\\/stf-reconhece-vinculo-de-entregador-de-aplicativo-com-empresa\\\/\",\"url\":\"https:\\\/\\\/maetinganoticias.com\\\/index.php\\\/2024\\\/08\\\/07\\\/stf-reconhece-vinculo-de-entregador-de-aplicativo-com-empresa\\\/\",\"name\":\"STF reconhece v\u00ednculo de entregador de aplicativo com empresa - Maetinga Not\u00edcias\",\"isPartOf\":{\"@id\":\"https:\\\/\\\/maetinganoticias.com\\\/#website\"},\"primaryImageOfPage\":{\"@id\":\"https:\\\/\\\/maetinganoticias.com\\\/index.php\\\/2024\\\/08\\\/07\\\/stf-reconhece-vinculo-de-entregador-de-aplicativo-com-empresa\\\/#primaryimage\"},\"image\":{\"@id\":\"https:\\\/\\\/maetinganoticias.com\\\/index.php\\\/2024\\\/08\\\/07\\\/stf-reconhece-vinculo-de-entregador-de-aplicativo-com-empresa\\\/#primaryimage\"},\"thumbnailUrl\":\"https:\\\/\\\/maetinganoticias.com\\\/wp-content\\\/uploads\\\/2024\\\/08\\\/WhatsApp-Image-2024-08-07-at-09.06.47.jpeg\",\"datePublished\":\"2024-08-07T12:11:01+00:00\",\"dateModified\":\"2024-08-07T12:11:02+00:00\",\"breadcrumb\":{\"@id\":\"https:\\\/\\\/maetinganoticias.com\\\/index.php\\\/2024\\\/08\\\/07\\\/stf-reconhece-vinculo-de-entregador-de-aplicativo-com-empresa\\\/#breadcrumb\"},\"inLanguage\":\"pt-BR\",\"potentialAction\":[{\"@type\":\"ReadAction\",\"target\":[\"https:\\\/\\\/maetinganoticias.com\\\/index.php\\\/2024\\\/08\\\/07\\\/stf-reconhece-vinculo-de-entregador-de-aplicativo-com-empresa\\\/\"]}]},{\"@type\":\"ImageObject\",\"inLanguage\":\"pt-BR\",\"@id\":\"https:\\\/\\\/maetinganoticias.com\\\/index.php\\\/2024\\\/08\\\/07\\\/stf-reconhece-vinculo-de-entregador-de-aplicativo-com-empresa\\\/#primaryimage\",\"url\":\"https:\\\/\\\/maetinganoticias.com\\\/wp-content\\\/uploads\\\/2024\\\/08\\\/WhatsApp-Image-2024-08-07-at-09.06.47.jpeg\",\"contentUrl\":\"https:\\\/\\\/maetinganoticias.com\\\/wp-content\\\/uploads\\\/2024\\\/08\\\/WhatsApp-Image-2024-08-07-at-09.06.47.jpeg\",\"width\":740,\"height\":527,\"caption\":\"Foto\\\/Reprodu\u00e7\u00e3o\"},{\"@type\":\"BreadcrumbList\",\"@id\":\"https:\\\/\\\/maetinganoticias.com\\\/index.php\\\/2024\\\/08\\\/07\\\/stf-reconhece-vinculo-de-entregador-de-aplicativo-com-empresa\\\/#breadcrumb\",\"itemListElement\":[{\"@type\":\"ListItem\",\"position\":1,\"name\":\"In\u00edcio\",\"item\":\"https:\\\/\\\/maetinganoticias.com\\\/\"},{\"@type\":\"ListItem\",\"position\":2,\"name\":\"STF reconhece v\u00ednculo de entregador de aplicativo com empresa\"}]},{\"@type\":\"WebSite\",\"@id\":\"https:\\\/\\\/maetinganoticias.com\\\/#website\",\"url\":\"https:\\\/\\\/maetinganoticias.com\\\/\",\"name\":\"Maetinga Not\u00edcias\",\"description\":\"A Voz do Interior Baiano!\",\"publisher\":{\"@id\":\"https:\\\/\\\/maetinganoticias.com\\\/#organization\"},\"potentialAction\":[{\"@type\":\"SearchAction\",\"target\":{\"@type\":\"EntryPoint\",\"urlTemplate\":\"https:\\\/\\\/maetinganoticias.com\\\/?s={search_term_string}\"},\"query-input\":{\"@type\":\"PropertyValueSpecification\",\"valueRequired\":true,\"valueName\":\"search_term_string\"}}],\"inLanguage\":\"pt-BR\"},{\"@type\":\"Organization\",\"@id\":\"https:\\\/\\\/maetinganoticias.com\\\/#organization\",\"name\":\"Maetinga Not\u00edcias\",\"url\":\"https:\\\/\\\/maetinganoticias.com\\\/\",\"logo\":{\"@type\":\"ImageObject\",\"inLanguage\":\"pt-BR\",\"@id\":\"https:\\\/\\\/maetinganoticias.com\\\/#\\\/schema\\\/logo\\\/image\\\/\",\"url\":\"https:\\\/\\\/maetinganoticias.com\\\/wp-content\\\/uploads\\\/2023\\\/07\\\/cropped-cropped-cropped-cropped-BUSINESS-3-42-1.png\",\"contentUrl\":\"https:\\\/\\\/maetinganoticias.com\\\/wp-content\\\/uploads\\\/2023\\\/07\\\/cropped-cropped-cropped-cropped-BUSINESS-3-42-1.png\",\"width\":485,\"height\":109,\"caption\":\"Maetinga Not\u00edcias\"},\"image\":{\"@id\":\"https:\\\/\\\/maetinganoticias.com\\\/#\\\/schema\\\/logo\\\/image\\\/\"}},{\"@type\":\"Person\",\"@id\":\"https:\\\/\\\/maetinganoticias.com\\\/#\\\/schema\\\/person\\\/968cf95e67a6810fc7fb35bbc9016962\",\"name\":\"Maetinga Not\u00edcias\",\"image\":{\"@type\":\"ImageObject\",\"inLanguage\":\"pt-BR\",\"@id\":\"https:\\\/\\\/secure.gravatar.com\\\/avatar\\\/32e078313a5ca37a6c8d44e716ed4f9e87ecfde7222d2b88a1424bd49654f187?s=96&d=mm&r=g\",\"url\":\"https:\\\/\\\/secure.gravatar.com\\\/avatar\\\/32e078313a5ca37a6c8d44e716ed4f9e87ecfde7222d2b88a1424bd49654f187?s=96&d=mm&r=g\",\"contentUrl\":\"https:\\\/\\\/secure.gravatar.com\\\/avatar\\\/32e078313a5ca37a6c8d44e716ed4f9e87ecfde7222d2b88a1424bd49654f187?s=96&d=mm&r=g\",\"caption\":\"Maetinga Not\u00edcias\"},\"description\":\"A voz do Interior Baiano!\",\"sameAs\":[\"https:\\\/\\\/maetinganoticias.com\",\"https:\\\/\\\/www.instagram.com\\\/blogmaetinganoticias\\\/\"],\"url\":\"https:\\\/\\\/maetinganoticias.com\\\/index.php\\\/author\\\/carlosvianna13\\\/\"}]}<\/script>\n<!-- \/ Yoast SEO plugin. -->","yoast_head_json":{"title":"STF reconhece v\u00ednculo de entregador de aplicativo com empresa - Maetinga Not\u00edcias","robots":{"index":"index","follow":"follow","max-snippet":"max-snippet:-1","max-image-preview":"max-image-preview:large","max-video-preview":"max-video-preview:-1"},"canonical":"https:\/\/maetinganoticias.com\/index.php\/2024\/08\/07\/stf-reconhece-vinculo-de-entregador-de-aplicativo-com-empresa\/","og_locale":"pt_BR","og_type":"article","og_title":"STF reconhece v\u00ednculo de entregador de aplicativo com empresa - Maetinga Not\u00edcias","og_description":"Ele era obrigado a trabalhar somente para a terceirizada A Primeira Turma do Supremo Tribunal Federal (STF) decidiu nesta ter\u00e7a-feira (6) reconhecer v\u00ednculo de emprego entre um entregador de aplicativo e uma empresa terceirizada que presta servi\u00e7os para a plataforma iFood. Por maioria de votos, os ministros rejeitaram um recurso da terceirizada para derrubar a [&hellip;]","og_url":"https:\/\/maetinganoticias.com\/index.php\/2024\/08\/07\/stf-reconhece-vinculo-de-entregador-de-aplicativo-com-empresa\/","og_site_name":"Maetinga Not\u00edcias","article_published_time":"2024-08-07T12:11:01+00:00","article_modified_time":"2024-08-07T12:11:02+00:00","og_image":[{"width":740,"height":527,"url":"https:\/\/maetinganoticias.com\/wp-content\/uploads\/2024\/08\/WhatsApp-Image-2024-08-07-at-09.06.47.jpeg","type":"image\/jpeg"}],"author":"Maetinga Not\u00edcias","twitter_card":"summary_large_image","twitter_misc":{"Escrito por":"Maetinga Not\u00edcias","Est. tempo de leitura":"2 minutos"},"schema":{"@context":"https:\/\/schema.org","@graph":[{"@type":["Article","BlogPosting"],"@id":"https:\/\/maetinganoticias.com\/index.php\/2024\/08\/07\/stf-reconhece-vinculo-de-entregador-de-aplicativo-com-empresa\/#article","isPartOf":{"@id":"https:\/\/maetinganoticias.com\/index.php\/2024\/08\/07\/stf-reconhece-vinculo-de-entregador-de-aplicativo-com-empresa\/"},"author":{"name":"Maetinga Not\u00edcias","@id":"https:\/\/maetinganoticias.com\/#\/schema\/person\/968cf95e67a6810fc7fb35bbc9016962"},"headline":"STF reconhece v\u00ednculo de entregador de aplicativo com empresa","datePublished":"2024-08-07T12:11:01+00:00","dateModified":"2024-08-07T12:11:02+00:00","mainEntityOfPage":{"@id":"https:\/\/maetinganoticias.com\/index.php\/2024\/08\/07\/stf-reconhece-vinculo-de-entregador-de-aplicativo-com-empresa\/"},"wordCount":293,"commentCount":0,"publisher":{"@id":"https:\/\/maetinganoticias.com\/#organization"},"image":{"@id":"https:\/\/maetinganoticias.com\/index.php\/2024\/08\/07\/stf-reconhece-vinculo-de-entregador-de-aplicativo-com-empresa\/#primaryimage"},"thumbnailUrl":"https:\/\/maetinganoticias.com\/wp-content\/uploads\/2024\/08\/WhatsApp-Image-2024-08-07-at-09.06.47.jpeg","keywords":["APLICATIVOS","BRASIL","ENTREGAS","SUPREMO TRIBUNAL FEDERAL"],"articleSection":["Brasil"],"inLanguage":"pt-BR","potentialAction":[{"@type":"CommentAction","name":"Comment","target":["https:\/\/maetinganoticias.com\/index.php\/2024\/08\/07\/stf-reconhece-vinculo-de-entregador-de-aplicativo-com-empresa\/#respond"]}]},{"@type":"WebPage","@id":"https:\/\/maetinganoticias.com\/index.php\/2024\/08\/07\/stf-reconhece-vinculo-de-entregador-de-aplicativo-com-empresa\/","url":"https:\/\/maetinganoticias.com\/index.php\/2024\/08\/07\/stf-reconhece-vinculo-de-entregador-de-aplicativo-com-empresa\/","name":"STF reconhece v\u00ednculo de entregador de aplicativo com empresa - Maetinga Not\u00edcias","isPartOf":{"@id":"https:\/\/maetinganoticias.com\/#website"},"primaryImageOfPage":{"@id":"https:\/\/maetinganoticias.com\/index.php\/2024\/08\/07\/stf-reconhece-vinculo-de-entregador-de-aplicativo-com-empresa\/#primaryimage"},"image":{"@id":"https:\/\/maetinganoticias.com\/index.php\/2024\/08\/07\/stf-reconhece-vinculo-de-entregador-de-aplicativo-com-empresa\/#primaryimage"},"thumbnailUrl":"https:\/\/maetinganoticias.com\/wp-content\/uploads\/2024\/08\/WhatsApp-Image-2024-08-07-at-09.06.47.jpeg","datePublished":"2024-08-07T12:11:01+00:00","dateModified":"2024-08-07T12:11:02+00:00","breadcrumb":{"@id":"https:\/\/maetinganoticias.com\/index.php\/2024\/08\/07\/stf-reconhece-vinculo-de-entregador-de-aplicativo-com-empresa\/#breadcrumb"},"inLanguage":"pt-BR","potentialAction":[{"@type":"ReadAction","target":["https:\/\/maetinganoticias.com\/index.php\/2024\/08\/07\/stf-reconhece-vinculo-de-entregador-de-aplicativo-com-empresa\/"]}]},{"@type":"ImageObject","inLanguage":"pt-BR","@id":"https:\/\/maetinganoticias.com\/index.php\/2024\/08\/07\/stf-reconhece-vinculo-de-entregador-de-aplicativo-com-empresa\/#primaryimage","url":"https:\/\/maetinganoticias.com\/wp-content\/uploads\/2024\/08\/WhatsApp-Image-2024-08-07-at-09.06.47.jpeg","contentUrl":"https:\/\/maetinganoticias.com\/wp-content\/uploads\/2024\/08\/WhatsApp-Image-2024-08-07-at-09.06.47.jpeg","width":740,"height":527,"caption":"Foto\/Reprodu\u00e7\u00e3o"},{"@type":"BreadcrumbList","@id":"https:\/\/maetinganoticias.com\/index.php\/2024\/08\/07\/stf-reconhece-vinculo-de-entregador-de-aplicativo-com-empresa\/#breadcrumb","itemListElement":[{"@type":"ListItem","position":1,"name":"In\u00edcio","item":"https:\/\/maetinganoticias.com\/"},{"@type":"ListItem","position":2,"name":"STF reconhece v\u00ednculo de entregador de aplicativo com empresa"}]},{"@type":"WebSite","@id":"https:\/\/maetinganoticias.com\/#website","url":"https:\/\/maetinganoticias.com\/","name":"Maetinga Not\u00edcias","description":"A Voz do Interior Baiano!","publisher":{"@id":"https:\/\/maetinganoticias.com\/#organization"},"potentialAction":[{"@type":"SearchAction","target":{"@type":"EntryPoint","urlTemplate":"https:\/\/maetinganoticias.com\/?s={search_term_string}"},"query-input":{"@type":"PropertyValueSpecification","valueRequired":true,"valueName":"search_term_string"}}],"inLanguage":"pt-BR"},{"@type":"Organization","@id":"https:\/\/maetinganoticias.com\/#organization","name":"Maetinga Not\u00edcias","url":"https:\/\/maetinganoticias.com\/","logo":{"@type":"ImageObject","inLanguage":"pt-BR","@id":"https:\/\/maetinganoticias.com\/#\/schema\/logo\/image\/","url":"https:\/\/maetinganoticias.com\/wp-content\/uploads\/2023\/07\/cropped-cropped-cropped-cropped-BUSINESS-3-42-1.png","contentUrl":"https:\/\/maetinganoticias.com\/wp-content\/uploads\/2023\/07\/cropped-cropped-cropped-cropped-BUSINESS-3-42-1.png","width":485,"height":109,"caption":"Maetinga Not\u00edcias"},"image":{"@id":"https:\/\/maetinganoticias.com\/#\/schema\/logo\/image\/"}},{"@type":"Person","@id":"https:\/\/maetinganoticias.com\/#\/schema\/person\/968cf95e67a6810fc7fb35bbc9016962","name":"Maetinga Not\u00edcias","image":{"@type":"ImageObject","inLanguage":"pt-BR","@id":"https:\/\/secure.gravatar.com\/avatar\/32e078313a5ca37a6c8d44e716ed4f9e87ecfde7222d2b88a1424bd49654f187?s=96&d=mm&r=g","url":"https:\/\/secure.gravatar.com\/avatar\/32e078313a5ca37a6c8d44e716ed4f9e87ecfde7222d2b88a1424bd49654f187?s=96&d=mm&r=g","contentUrl":"https:\/\/secure.gravatar.com\/avatar\/32e078313a5ca37a6c8d44e716ed4f9e87ecfde7222d2b88a1424bd49654f187?s=96&d=mm&r=g","caption":"Maetinga Not\u00edcias"},"description":"A voz do Interior Baiano!","sameAs":["https:\/\/maetinganoticias.com","https:\/\/www.instagram.com\/blogmaetinganoticias\/"],"url":"https:\/\/maetinganoticias.com\/index.php\/author\/carlosvianna13\/"}]}},"_links":{"self":[{"href":"https:\/\/maetinganoticias.com\/index.php\/wp-json\/wp\/v2\/posts\/5331","targetHints":{"allow":["GET"]}}],"collection":[{"href":"https:\/\/maetinganoticias.com\/index.php\/wp-json\/wp\/v2\/posts"}],"about":[{"href":"https:\/\/maetinganoticias.com\/index.php\/wp-json\/wp\/v2\/types\/post"}],"author":[{"embeddable":true,"href":"https:\/\/maetinganoticias.com\/index.php\/wp-json\/wp\/v2\/users\/1"}],"replies":[{"embeddable":true,"href":"https:\/\/maetinganoticias.com\/index.php\/wp-json\/wp\/v2\/comments?post=5331"}],"version-history":[{"count":2,"href":"https:\/\/maetinganoticias.com\/index.php\/wp-json\/wp\/v2\/posts\/5331\/revisions"}],"predecessor-version":[{"id":5334,"href":"https:\/\/maetinganoticias.com\/index.php\/wp-json\/wp\/v2\/posts\/5331\/revisions\/5334"}],"wp:featuredmedia":[{"embeddable":true,"href":"https:\/\/maetinganoticias.com\/index.php\/wp-json\/wp\/v2\/media\/5332"}],"wp:attachment":[{"href":"https:\/\/maetinganoticias.com\/index.php\/wp-json\/wp\/v2\/media?parent=5331"}],"wp:term":[{"taxonomy":"category","embeddable":true,"href":"https:\/\/maetinganoticias.com\/index.php\/wp-json\/wp\/v2\/categories?post=5331"},{"taxonomy":"post_tag","embeddable":true,"href":"https:\/\/maetinganoticias.com\/index.php\/wp-json\/wp\/v2\/tags?post=5331"}],"curies":[{"name":"wp","href":"https:\/\/api.w.org\/{rel}","templated":true}]}}