{"id":4976,"date":"2024-07-03T17:20:47","date_gmt":"2024-07-03T20:20:47","guid":{"rendered":"https:\/\/maetinganoticias.com\/?p=4976"},"modified":"2024-07-03T17:21:42","modified_gmt":"2024-07-03T20:21:42","slug":"restricoes-a-prefeitos-que-tentarao-reeleicao-em-outubro-passam-a-valer-no-proximo-sabado-6","status":"publish","type":"post","link":"https:\/\/maetinganoticias.com\/index.php\/2024\/07\/03\/restricoes-a-prefeitos-que-tentarao-reeleicao-em-outubro-passam-a-valer-no-proximo-sabado-6\/","title":{"rendered":"Restri\u00e7\u00f5es a prefeitos que tentar\u00e3o reelei\u00e7\u00e3o em outubro passam a valer no pr\u00f3ximo s\u00e1bado (6)"},"content":{"rendered":"\n<p><em><strong>Gestores n\u00e3o poder\u00e3o nomear, exonerar ou contratar pessoal. Legisla\u00e7\u00e3o eleitoral tamb\u00e9m pro\u00edbe presen\u00e7a em inaugura\u00e7\u00e3o de obras p\u00fablicas<\/strong><\/em><\/p>\n\n\n\n<p><br>A partir do pr\u00f3ximo s\u00e1bado (6), os prefeitos que v\u00e3o tentar se reeleger para mais quatro anos de mandato n\u00e3o poder\u00e3o mais nomear, exonerar ou contratar funcion\u00e1rios. A legisla\u00e7\u00e3o eleitoral tamb\u00e9m pro\u00edbe a participa\u00e7\u00e3o destes gestores na inaugura\u00e7\u00e3o de obras p\u00fablicas.&nbsp;<\/p>\n\n\n\n<p>Desde o \u00faltimo domingo (30), emissoras de r\u00e1dio e TV tamb\u00e9m est\u00e3o impedidas de transmitir programa apresentado ou comentado por pr\u00e9-candidato.&nbsp;<\/p>\n\n\n\n<p>As condutas vedadas aos prefeitos e vereadores que buscam a reelei\u00e7\u00e3o visam impedir que a m\u00e1quina p\u00fablica seja usada para a obten\u00e7\u00e3o de vantagens por aqueles que hoje est\u00e3o no poder.&nbsp;<\/p>\n\n\n\n<p>Especialista em direito eleitoral, Ant\u00f4nio Carlos de Freitas Jr. diz que essas e outras regras fazem parte do calend\u00e1rio definido pelo Tribunal Superior Eleitoral (TSE). Ele afirma que as pr\u00f3ximas semanas ser\u00e3o decisivas para aqueles que pretendem concorrer no pleito.&nbsp;<\/p>\n\n\n\n<p>&#8220;Qualquer pessoa que diga que hoje \u00e9 candidato, isso n\u00e3o \u00e9 uma verdade completa, porque os candidatos s\u00e3o decididos em uma conven\u00e7\u00e3o do partido, que ocorrer\u00e1 apenas a partir de 20 de julho, terminando em 5 de agosto. O registro dessa candidatura vai de 6 at\u00e9 15 de agosto e [elas] ser\u00e3o julgadas em primeiro grau at\u00e9 16 de setembro&#8221;, detalha.&nbsp;<\/p>\n\n\n\n<p>Somente ap\u00f3s o dia 16 de agosto, isto \u00e9, findado o per\u00edodo para registro dos candidatos, \u00e9 que a propaganda eleitoral ser\u00e1 liberada. At\u00e9 l\u00e1, de acordo com o TSE, qualquer manifesta\u00e7\u00e3o com pedido expl\u00edcito de voto pode ser considerada irregular e gerar multa. &#8220;N\u00f3s estamos em momento de pr\u00e9-campanha e, portanto, ainda n\u00e3o pode ter propaganda eleitoral&#8221;, ressalta o especialista Alexandre Rollo.&nbsp;<\/p>\n\n\n\n<p>Rollo lembra que, quatro dias depois, o TSE vai divulgar o percentual de candidaturas femininas e de pessoas negras por partido. O especialista destaca que isso servir\u00e1 para balizar a distribui\u00e7\u00e3o do Fundo Especial de Financiamento de Campanha.&nbsp;<\/p>\n\n\n\n<p>&#8220;Se o partido tiver 50% de candidaturas femininas, por exemplo, vai ter que destinar 50% do recurso para mulheres. Mesma coisa ainda envolvendo candidatos negros: o dinheiro p\u00fablico vai ter que ser distribu\u00eddo na propor\u00e7\u00e3o das candidaturas que v\u00e3o disputar as elei\u00e7\u00f5es por aquele determinado partido&#8221;, diz.&nbsp;<\/p>\n\n\n\n<p>Entre 30 de agosto e 3 de outubro, come\u00e7a o hor\u00e1rio eleitoral gratuito. J\u00e1 de 9 a 13 de setembro, o TSE divulgar\u00e1 a presta\u00e7\u00e3o de contas parcial dos partidos e candidatos. &#8220;A partir de 15 de setembro tem divulga\u00e7\u00e3o de doadores e valores doados. Voc\u00ea que est\u00e1 muito atento \u00e0 atua\u00e7\u00e3o eleitoral, j\u00e1 poder\u00e1 verificar junto aos registros do Tribunal Superior Eleitoral e ver quem est\u00e1 doando para quem, quanto que doou, etc.&#8221;, diz Freitas Jr.&nbsp;<\/p>\n\n\n\n<p>De 21 de setembro em diante, nenhum candidato pode ser preso, exceto se for pego em flagrante. O mesmo vale para os eleitores, mas nesse caso a exce\u00e7\u00e3o se aplica apenas a partir de 1\u00ba de outubro.&nbsp;<\/p>\n\n\n\n<p>Passados os dois turnos das elei\u00e7\u00f5es, os eleitores que n\u00e3o compareceram \u00e0s urnas no primeiro turno ter\u00e3o at\u00e9 5 de dezembro para justificar aus\u00eancia, enquanto os que faltaram ao segundo turno, ter\u00e3o at\u00e9 7 de janeiro de 2025 para faz\u00ea-lo.\u00a0<\/p>\n\n\n\n<p>Cr\u00e9ditos: Brasil 61<\/p>\n","protected":false},"excerpt":{"rendered":"<p>Gestores n\u00e3o poder\u00e3o nomear, exonerar ou contratar pessoal. Legisla\u00e7\u00e3o eleitoral tamb\u00e9m pro\u00edbe presen\u00e7a em inaugura\u00e7\u00e3o de obras p\u00fablicas A partir do pr\u00f3ximo s\u00e1bado (6), os prefeitos que v\u00e3o tentar se reeleger para mais quatro anos de mandato n\u00e3o poder\u00e3o mais nomear, exonerar ou contratar funcion\u00e1rios. A legisla\u00e7\u00e3o eleitoral tamb\u00e9m pro\u00edbe a participa\u00e7\u00e3o destes gestores na [&hellip;]<\/p>\n","protected":false},"author":1,"featured_media":4977,"comment_status":"open","ping_status":"open","sticky":false,"template":"","format":"standard","meta":{"om_disable_all_campaigns":false,"_monsterinsights_skip_tracking":false,"_monsterinsights_sitenote_active":false,"_monsterinsights_sitenote_note":"","_monsterinsights_sitenote_category":0,"_uf_show_specific_survey":0,"_uf_disable_surveys":false,"footnotes":""},"categories":[186],"tags":[164,337,822,505],"class_list":{"0":"post-4976","1":"post","2":"type-post","3":"status-publish","4":"format-standard","5":"has-post-thumbnail","7":"category-eleicoes-2024","8":"tag-brasil","9":"tag-eleicoes-2024","10":"tag-tre","11":"tag-tse"},"yoast_head":"<!-- This site is optimized with the Yoast SEO plugin v27.4 - https:\/\/yoast.com\/product\/yoast-seo-wordpress\/ -->\n<title>Restri\u00e7\u00f5es a prefeitos que tentar\u00e3o reelei\u00e7\u00e3o em outubro passam a valer no pr\u00f3ximo s\u00e1bado (6) - Maetinga Not\u00edcias<\/title>\n<meta name=\"robots\" content=\"index, follow, max-snippet:-1, max-image-preview:large, max-video-preview:-1\" \/>\n<link rel=\"canonical\" href=\"https:\/\/maetinganoticias.com\/index.php\/2024\/07\/03\/restricoes-a-prefeitos-que-tentarao-reeleicao-em-outubro-passam-a-valer-no-proximo-sabado-6\/\" \/>\n<meta property=\"og:locale\" content=\"pt_BR\" \/>\n<meta property=\"og:type\" content=\"article\" \/>\n<meta property=\"og:title\" content=\"Restri\u00e7\u00f5es a prefeitos que tentar\u00e3o reelei\u00e7\u00e3o em outubro passam a valer no pr\u00f3ximo s\u00e1bado (6) - Maetinga Not\u00edcias\" \/>\n<meta property=\"og:description\" content=\"Gestores n\u00e3o poder\u00e3o nomear, exonerar ou contratar pessoal. Legisla\u00e7\u00e3o eleitoral tamb\u00e9m pro\u00edbe presen\u00e7a em inaugura\u00e7\u00e3o de obras p\u00fablicas A partir do pr\u00f3ximo s\u00e1bado (6), os prefeitos que v\u00e3o tentar se reeleger para mais quatro anos de mandato n\u00e3o poder\u00e3o mais nomear, exonerar ou contratar funcion\u00e1rios. A legisla\u00e7\u00e3o eleitoral tamb\u00e9m pro\u00edbe a participa\u00e7\u00e3o destes gestores na [&hellip;]\" \/>\n<meta property=\"og:url\" content=\"https:\/\/maetinganoticias.com\/index.php\/2024\/07\/03\/restricoes-a-prefeitos-que-tentarao-reeleicao-em-outubro-passam-a-valer-no-proximo-sabado-6\/\" \/>\n<meta property=\"og:site_name\" content=\"Maetinga Not\u00edcias\" \/>\n<meta property=\"article:published_time\" content=\"2024-07-03T20:20:47+00:00\" \/>\n<meta property=\"article:modified_time\" content=\"2024-07-03T20:21:42+00:00\" \/>\n<meta property=\"og:image\" content=\"https:\/\/maetinganoticias.com\/wp-content\/uploads\/2024\/07\/0a9d07534fabea4ac6fdfae74ba2026308fe5e764f0c9c6331f85d50255052c7-10-1.jpg\" \/>\n\t<meta property=\"og:image:width\" content=\"500\" \/>\n\t<meta property=\"og:image:height\" content=\"320\" \/>\n\t<meta property=\"og:image:type\" content=\"image\/jpeg\" \/>\n<meta name=\"author\" content=\"Maetinga Not\u00edcias\" \/>\n<meta name=\"twitter:card\" content=\"summary_large_image\" \/>\n<meta name=\"twitter:label1\" content=\"Escrito por\" \/>\n\t<meta name=\"twitter:data1\" content=\"Maetinga Not\u00edcias\" \/>\n\t<meta name=\"twitter:label2\" content=\"Est. tempo de leitura\" \/>\n\t<meta name=\"twitter:data2\" content=\"4 minutos\" \/>\n<script type=\"application\/ld+json\" class=\"yoast-schema-graph\">{\"@context\":\"https:\\\/\\\/schema.org\",\"@graph\":[{\"@type\":[\"Article\",\"BlogPosting\"],\"@id\":\"https:\\\/\\\/maetinganoticias.com\\\/index.php\\\/2024\\\/07\\\/03\\\/restricoes-a-prefeitos-que-tentarao-reeleicao-em-outubro-passam-a-valer-no-proximo-sabado-6\\\/#article\",\"isPartOf\":{\"@id\":\"https:\\\/\\\/maetinganoticias.com\\\/index.php\\\/2024\\\/07\\\/03\\\/restricoes-a-prefeitos-que-tentarao-reeleicao-em-outubro-passam-a-valer-no-proximo-sabado-6\\\/\"},\"author\":{\"name\":\"Maetinga Not\u00edcias\",\"@id\":\"https:\\\/\\\/maetinganoticias.com\\\/#\\\/schema\\\/person\\\/968cf95e67a6810fc7fb35bbc9016962\"},\"headline\":\"Restri\u00e7\u00f5es a prefeitos que tentar\u00e3o reelei\u00e7\u00e3o em outubro passam a valer no pr\u00f3ximo s\u00e1bado (6)\",\"datePublished\":\"2024-07-03T20:20:47+00:00\",\"dateModified\":\"2024-07-03T20:21:42+00:00\",\"mainEntityOfPage\":{\"@id\":\"https:\\\/\\\/maetinganoticias.com\\\/index.php\\\/2024\\\/07\\\/03\\\/restricoes-a-prefeitos-que-tentarao-reeleicao-em-outubro-passam-a-valer-no-proximo-sabado-6\\\/\"},\"wordCount\":583,\"commentCount\":0,\"publisher\":{\"@id\":\"https:\\\/\\\/maetinganoticias.com\\\/#organization\"},\"image\":{\"@id\":\"https:\\\/\\\/maetinganoticias.com\\\/index.php\\\/2024\\\/07\\\/03\\\/restricoes-a-prefeitos-que-tentarao-reeleicao-em-outubro-passam-a-valer-no-proximo-sabado-6\\\/#primaryimage\"},\"thumbnailUrl\":\"https:\\\/\\\/maetinganoticias.com\\\/wp-content\\\/uploads\\\/2024\\\/07\\\/0a9d07534fabea4ac6fdfae74ba2026308fe5e764f0c9c6331f85d50255052c7-10-1.jpg\",\"keywords\":[\"BRASIL\",\"ELEI\u00c7\u00d5ES 2024\",\"TRE\",\"TSE\"],\"articleSection\":[\"Elei\u00e7\u00f5es 2024\"],\"inLanguage\":\"pt-BR\",\"potentialAction\":[{\"@type\":\"CommentAction\",\"name\":\"Comment\",\"target\":[\"https:\\\/\\\/maetinganoticias.com\\\/index.php\\\/2024\\\/07\\\/03\\\/restricoes-a-prefeitos-que-tentarao-reeleicao-em-outubro-passam-a-valer-no-proximo-sabado-6\\\/#respond\"]}]},{\"@type\":\"WebPage\",\"@id\":\"https:\\\/\\\/maetinganoticias.com\\\/index.php\\\/2024\\\/07\\\/03\\\/restricoes-a-prefeitos-que-tentarao-reeleicao-em-outubro-passam-a-valer-no-proximo-sabado-6\\\/\",\"url\":\"https:\\\/\\\/maetinganoticias.com\\\/index.php\\\/2024\\\/07\\\/03\\\/restricoes-a-prefeitos-que-tentarao-reeleicao-em-outubro-passam-a-valer-no-proximo-sabado-6\\\/\",\"name\":\"Restri\u00e7\u00f5es a prefeitos que tentar\u00e3o reelei\u00e7\u00e3o em outubro passam a valer no pr\u00f3ximo s\u00e1bado (6) - Maetinga Not\u00edcias\",\"isPartOf\":{\"@id\":\"https:\\\/\\\/maetinganoticias.com\\\/#website\"},\"primaryImageOfPage\":{\"@id\":\"https:\\\/\\\/maetinganoticias.com\\\/index.php\\\/2024\\\/07\\\/03\\\/restricoes-a-prefeitos-que-tentarao-reeleicao-em-outubro-passam-a-valer-no-proximo-sabado-6\\\/#primaryimage\"},\"image\":{\"@id\":\"https:\\\/\\\/maetinganoticias.com\\\/index.php\\\/2024\\\/07\\\/03\\\/restricoes-a-prefeitos-que-tentarao-reeleicao-em-outubro-passam-a-valer-no-proximo-sabado-6\\\/#primaryimage\"},\"thumbnailUrl\":\"https:\\\/\\\/maetinganoticias.com\\\/wp-content\\\/uploads\\\/2024\\\/07\\\/0a9d07534fabea4ac6fdfae74ba2026308fe5e764f0c9c6331f85d50255052c7-10-1.jpg\",\"datePublished\":\"2024-07-03T20:20:47+00:00\",\"dateModified\":\"2024-07-03T20:21:42+00:00\",\"breadcrumb\":{\"@id\":\"https:\\\/\\\/maetinganoticias.com\\\/index.php\\\/2024\\\/07\\\/03\\\/restricoes-a-prefeitos-que-tentarao-reeleicao-em-outubro-passam-a-valer-no-proximo-sabado-6\\\/#breadcrumb\"},\"inLanguage\":\"pt-BR\",\"potentialAction\":[{\"@type\":\"ReadAction\",\"target\":[\"https:\\\/\\\/maetinganoticias.com\\\/index.php\\\/2024\\\/07\\\/03\\\/restricoes-a-prefeitos-que-tentarao-reeleicao-em-outubro-passam-a-valer-no-proximo-sabado-6\\\/\"]}]},{\"@type\":\"ImageObject\",\"inLanguage\":\"pt-BR\",\"@id\":\"https:\\\/\\\/maetinganoticias.com\\\/index.php\\\/2024\\\/07\\\/03\\\/restricoes-a-prefeitos-que-tentarao-reeleicao-em-outubro-passam-a-valer-no-proximo-sabado-6\\\/#primaryimage\",\"url\":\"https:\\\/\\\/maetinganoticias.com\\\/wp-content\\\/uploads\\\/2024\\\/07\\\/0a9d07534fabea4ac6fdfae74ba2026308fe5e764f0c9c6331f85d50255052c7-10-1.jpg\",\"contentUrl\":\"https:\\\/\\\/maetinganoticias.com\\\/wp-content\\\/uploads\\\/2024\\\/07\\\/0a9d07534fabea4ac6fdfae74ba2026308fe5e764f0c9c6331f85d50255052c7-10-1.jpg\",\"width\":500,\"height\":320,\"caption\":\"Bruno de Freitas Moura Ag\u00eancia Brasil\"},{\"@type\":\"BreadcrumbList\",\"@id\":\"https:\\\/\\\/maetinganoticias.com\\\/index.php\\\/2024\\\/07\\\/03\\\/restricoes-a-prefeitos-que-tentarao-reeleicao-em-outubro-passam-a-valer-no-proximo-sabado-6\\\/#breadcrumb\",\"itemListElement\":[{\"@type\":\"ListItem\",\"position\":1,\"name\":\"In\u00edcio\",\"item\":\"https:\\\/\\\/maetinganoticias.com\\\/\"},{\"@type\":\"ListItem\",\"position\":2,\"name\":\"Restri\u00e7\u00f5es a prefeitos que tentar\u00e3o reelei\u00e7\u00e3o em outubro passam a valer no pr\u00f3ximo s\u00e1bado (6)\"}]},{\"@type\":\"WebSite\",\"@id\":\"https:\\\/\\\/maetinganoticias.com\\\/#website\",\"url\":\"https:\\\/\\\/maetinganoticias.com\\\/\",\"name\":\"Maetinga Not\u00edcias\",\"description\":\"A Voz do Interior Baiano!\",\"publisher\":{\"@id\":\"https:\\\/\\\/maetinganoticias.com\\\/#organization\"},\"potentialAction\":[{\"@type\":\"SearchAction\",\"target\":{\"@type\":\"EntryPoint\",\"urlTemplate\":\"https:\\\/\\\/maetinganoticias.com\\\/?s={search_term_string}\"},\"query-input\":{\"@type\":\"PropertyValueSpecification\",\"valueRequired\":true,\"valueName\":\"search_term_string\"}}],\"inLanguage\":\"pt-BR\"},{\"@type\":\"Organization\",\"@id\":\"https:\\\/\\\/maetinganoticias.com\\\/#organization\",\"name\":\"Maetinga Not\u00edcias\",\"url\":\"https:\\\/\\\/maetinganoticias.com\\\/\",\"logo\":{\"@type\":\"ImageObject\",\"inLanguage\":\"pt-BR\",\"@id\":\"https:\\\/\\\/maetinganoticias.com\\\/#\\\/schema\\\/logo\\\/image\\\/\",\"url\":\"https:\\\/\\\/maetinganoticias.com\\\/wp-content\\\/uploads\\\/2023\\\/07\\\/cropped-cropped-cropped-cropped-BUSINESS-3-42-1.png\",\"contentUrl\":\"https:\\\/\\\/maetinganoticias.com\\\/wp-content\\\/uploads\\\/2023\\\/07\\\/cropped-cropped-cropped-cropped-BUSINESS-3-42-1.png\",\"width\":485,\"height\":109,\"caption\":\"Maetinga Not\u00edcias\"},\"image\":{\"@id\":\"https:\\\/\\\/maetinganoticias.com\\\/#\\\/schema\\\/logo\\\/image\\\/\"}},{\"@type\":\"Person\",\"@id\":\"https:\\\/\\\/maetinganoticias.com\\\/#\\\/schema\\\/person\\\/968cf95e67a6810fc7fb35bbc9016962\",\"name\":\"Maetinga Not\u00edcias\",\"image\":{\"@type\":\"ImageObject\",\"inLanguage\":\"pt-BR\",\"@id\":\"https:\\\/\\\/secure.gravatar.com\\\/avatar\\\/32e078313a5ca37a6c8d44e716ed4f9e87ecfde7222d2b88a1424bd49654f187?s=96&d=mm&r=g\",\"url\":\"https:\\\/\\\/secure.gravatar.com\\\/avatar\\\/32e078313a5ca37a6c8d44e716ed4f9e87ecfde7222d2b88a1424bd49654f187?s=96&d=mm&r=g\",\"contentUrl\":\"https:\\\/\\\/secure.gravatar.com\\\/avatar\\\/32e078313a5ca37a6c8d44e716ed4f9e87ecfde7222d2b88a1424bd49654f187?s=96&d=mm&r=g\",\"caption\":\"Maetinga Not\u00edcias\"},\"description\":\"A voz do Interior Baiano!\",\"sameAs\":[\"https:\\\/\\\/maetinganoticias.com\",\"https:\\\/\\\/www.instagram.com\\\/blogmaetinganoticias\\\/\"],\"url\":\"https:\\\/\\\/maetinganoticias.com\\\/index.php\\\/author\\\/carlosvianna13\\\/\"}]}<\/script>\n<!-- \/ Yoast SEO plugin. -->","yoast_head_json":{"title":"Restri\u00e7\u00f5es a prefeitos que tentar\u00e3o reelei\u00e7\u00e3o em outubro passam a valer no pr\u00f3ximo s\u00e1bado (6) - Maetinga Not\u00edcias","robots":{"index":"index","follow":"follow","max-snippet":"max-snippet:-1","max-image-preview":"max-image-preview:large","max-video-preview":"max-video-preview:-1"},"canonical":"https:\/\/maetinganoticias.com\/index.php\/2024\/07\/03\/restricoes-a-prefeitos-que-tentarao-reeleicao-em-outubro-passam-a-valer-no-proximo-sabado-6\/","og_locale":"pt_BR","og_type":"article","og_title":"Restri\u00e7\u00f5es a prefeitos que tentar\u00e3o reelei\u00e7\u00e3o em outubro passam a valer no pr\u00f3ximo s\u00e1bado (6) - Maetinga Not\u00edcias","og_description":"Gestores n\u00e3o poder\u00e3o nomear, exonerar ou contratar pessoal. Legisla\u00e7\u00e3o eleitoral tamb\u00e9m pro\u00edbe presen\u00e7a em inaugura\u00e7\u00e3o de obras p\u00fablicas A partir do pr\u00f3ximo s\u00e1bado (6), os prefeitos que v\u00e3o tentar se reeleger para mais quatro anos de mandato n\u00e3o poder\u00e3o mais nomear, exonerar ou contratar funcion\u00e1rios. A legisla\u00e7\u00e3o eleitoral tamb\u00e9m pro\u00edbe a participa\u00e7\u00e3o destes gestores na [&hellip;]","og_url":"https:\/\/maetinganoticias.com\/index.php\/2024\/07\/03\/restricoes-a-prefeitos-que-tentarao-reeleicao-em-outubro-passam-a-valer-no-proximo-sabado-6\/","og_site_name":"Maetinga Not\u00edcias","article_published_time":"2024-07-03T20:20:47+00:00","article_modified_time":"2024-07-03T20:21:42+00:00","og_image":[{"width":500,"height":320,"url":"https:\/\/maetinganoticias.com\/wp-content\/uploads\/2024\/07\/0a9d07534fabea4ac6fdfae74ba2026308fe5e764f0c9c6331f85d50255052c7-10-1.jpg","type":"image\/jpeg"}],"author":"Maetinga Not\u00edcias","twitter_card":"summary_large_image","twitter_misc":{"Escrito por":"Maetinga Not\u00edcias","Est. tempo de leitura":"4 minutos"},"schema":{"@context":"https:\/\/schema.org","@graph":[{"@type":["Article","BlogPosting"],"@id":"https:\/\/maetinganoticias.com\/index.php\/2024\/07\/03\/restricoes-a-prefeitos-que-tentarao-reeleicao-em-outubro-passam-a-valer-no-proximo-sabado-6\/#article","isPartOf":{"@id":"https:\/\/maetinganoticias.com\/index.php\/2024\/07\/03\/restricoes-a-prefeitos-que-tentarao-reeleicao-em-outubro-passam-a-valer-no-proximo-sabado-6\/"},"author":{"name":"Maetinga Not\u00edcias","@id":"https:\/\/maetinganoticias.com\/#\/schema\/person\/968cf95e67a6810fc7fb35bbc9016962"},"headline":"Restri\u00e7\u00f5es a prefeitos que tentar\u00e3o reelei\u00e7\u00e3o em outubro passam a valer no pr\u00f3ximo s\u00e1bado (6)","datePublished":"2024-07-03T20:20:47+00:00","dateModified":"2024-07-03T20:21:42+00:00","mainEntityOfPage":{"@id":"https:\/\/maetinganoticias.com\/index.php\/2024\/07\/03\/restricoes-a-prefeitos-que-tentarao-reeleicao-em-outubro-passam-a-valer-no-proximo-sabado-6\/"},"wordCount":583,"commentCount":0,"publisher":{"@id":"https:\/\/maetinganoticias.com\/#organization"},"image":{"@id":"https:\/\/maetinganoticias.com\/index.php\/2024\/07\/03\/restricoes-a-prefeitos-que-tentarao-reeleicao-em-outubro-passam-a-valer-no-proximo-sabado-6\/#primaryimage"},"thumbnailUrl":"https:\/\/maetinganoticias.com\/wp-content\/uploads\/2024\/07\/0a9d07534fabea4ac6fdfae74ba2026308fe5e764f0c9c6331f85d50255052c7-10-1.jpg","keywords":["BRASIL","ELEI\u00c7\u00d5ES 2024","TRE","TSE"],"articleSection":["Elei\u00e7\u00f5es 2024"],"inLanguage":"pt-BR","potentialAction":[{"@type":"CommentAction","name":"Comment","target":["https:\/\/maetinganoticias.com\/index.php\/2024\/07\/03\/restricoes-a-prefeitos-que-tentarao-reeleicao-em-outubro-passam-a-valer-no-proximo-sabado-6\/#respond"]}]},{"@type":"WebPage","@id":"https:\/\/maetinganoticias.com\/index.php\/2024\/07\/03\/restricoes-a-prefeitos-que-tentarao-reeleicao-em-outubro-passam-a-valer-no-proximo-sabado-6\/","url":"https:\/\/maetinganoticias.com\/index.php\/2024\/07\/03\/restricoes-a-prefeitos-que-tentarao-reeleicao-em-outubro-passam-a-valer-no-proximo-sabado-6\/","name":"Restri\u00e7\u00f5es a prefeitos que tentar\u00e3o reelei\u00e7\u00e3o em outubro passam a valer no pr\u00f3ximo s\u00e1bado (6) - Maetinga Not\u00edcias","isPartOf":{"@id":"https:\/\/maetinganoticias.com\/#website"},"primaryImageOfPage":{"@id":"https:\/\/maetinganoticias.com\/index.php\/2024\/07\/03\/restricoes-a-prefeitos-que-tentarao-reeleicao-em-outubro-passam-a-valer-no-proximo-sabado-6\/#primaryimage"},"image":{"@id":"https:\/\/maetinganoticias.com\/index.php\/2024\/07\/03\/restricoes-a-prefeitos-que-tentarao-reeleicao-em-outubro-passam-a-valer-no-proximo-sabado-6\/#primaryimage"},"thumbnailUrl":"https:\/\/maetinganoticias.com\/wp-content\/uploads\/2024\/07\/0a9d07534fabea4ac6fdfae74ba2026308fe5e764f0c9c6331f85d50255052c7-10-1.jpg","datePublished":"2024-07-03T20:20:47+00:00","dateModified":"2024-07-03T20:21:42+00:00","breadcrumb":{"@id":"https:\/\/maetinganoticias.com\/index.php\/2024\/07\/03\/restricoes-a-prefeitos-que-tentarao-reeleicao-em-outubro-passam-a-valer-no-proximo-sabado-6\/#breadcrumb"},"inLanguage":"pt-BR","potentialAction":[{"@type":"ReadAction","target":["https:\/\/maetinganoticias.com\/index.php\/2024\/07\/03\/restricoes-a-prefeitos-que-tentarao-reeleicao-em-outubro-passam-a-valer-no-proximo-sabado-6\/"]}]},{"@type":"ImageObject","inLanguage":"pt-BR","@id":"https:\/\/maetinganoticias.com\/index.php\/2024\/07\/03\/restricoes-a-prefeitos-que-tentarao-reeleicao-em-outubro-passam-a-valer-no-proximo-sabado-6\/#primaryimage","url":"https:\/\/maetinganoticias.com\/wp-content\/uploads\/2024\/07\/0a9d07534fabea4ac6fdfae74ba2026308fe5e764f0c9c6331f85d50255052c7-10-1.jpg","contentUrl":"https:\/\/maetinganoticias.com\/wp-content\/uploads\/2024\/07\/0a9d07534fabea4ac6fdfae74ba2026308fe5e764f0c9c6331f85d50255052c7-10-1.jpg","width":500,"height":320,"caption":"Bruno de Freitas Moura Ag\u00eancia Brasil"},{"@type":"BreadcrumbList","@id":"https:\/\/maetinganoticias.com\/index.php\/2024\/07\/03\/restricoes-a-prefeitos-que-tentarao-reeleicao-em-outubro-passam-a-valer-no-proximo-sabado-6\/#breadcrumb","itemListElement":[{"@type":"ListItem","position":1,"name":"In\u00edcio","item":"https:\/\/maetinganoticias.com\/"},{"@type":"ListItem","position":2,"name":"Restri\u00e7\u00f5es a prefeitos que tentar\u00e3o reelei\u00e7\u00e3o em outubro passam a valer no pr\u00f3ximo s\u00e1bado (6)"}]},{"@type":"WebSite","@id":"https:\/\/maetinganoticias.com\/#website","url":"https:\/\/maetinganoticias.com\/","name":"Maetinga Not\u00edcias","description":"A Voz do Interior Baiano!","publisher":{"@id":"https:\/\/maetinganoticias.com\/#organization"},"potentialAction":[{"@type":"SearchAction","target":{"@type":"EntryPoint","urlTemplate":"https:\/\/maetinganoticias.com\/?s={search_term_string}"},"query-input":{"@type":"PropertyValueSpecification","valueRequired":true,"valueName":"search_term_string"}}],"inLanguage":"pt-BR"},{"@type":"Organization","@id":"https:\/\/maetinganoticias.com\/#organization","name":"Maetinga Not\u00edcias","url":"https:\/\/maetinganoticias.com\/","logo":{"@type":"ImageObject","inLanguage":"pt-BR","@id":"https:\/\/maetinganoticias.com\/#\/schema\/logo\/image\/","url":"https:\/\/maetinganoticias.com\/wp-content\/uploads\/2023\/07\/cropped-cropped-cropped-cropped-BUSINESS-3-42-1.png","contentUrl":"https:\/\/maetinganoticias.com\/wp-content\/uploads\/2023\/07\/cropped-cropped-cropped-cropped-BUSINESS-3-42-1.png","width":485,"height":109,"caption":"Maetinga Not\u00edcias"},"image":{"@id":"https:\/\/maetinganoticias.com\/#\/schema\/logo\/image\/"}},{"@type":"Person","@id":"https:\/\/maetinganoticias.com\/#\/schema\/person\/968cf95e67a6810fc7fb35bbc9016962","name":"Maetinga Not\u00edcias","image":{"@type":"ImageObject","inLanguage":"pt-BR","@id":"https:\/\/secure.gravatar.com\/avatar\/32e078313a5ca37a6c8d44e716ed4f9e87ecfde7222d2b88a1424bd49654f187?s=96&d=mm&r=g","url":"https:\/\/secure.gravatar.com\/avatar\/32e078313a5ca37a6c8d44e716ed4f9e87ecfde7222d2b88a1424bd49654f187?s=96&d=mm&r=g","contentUrl":"https:\/\/secure.gravatar.com\/avatar\/32e078313a5ca37a6c8d44e716ed4f9e87ecfde7222d2b88a1424bd49654f187?s=96&d=mm&r=g","caption":"Maetinga Not\u00edcias"},"description":"A voz do Interior Baiano!","sameAs":["https:\/\/maetinganoticias.com","https:\/\/www.instagram.com\/blogmaetinganoticias\/"],"url":"https:\/\/maetinganoticias.com\/index.php\/author\/carlosvianna13\/"}]}},"_links":{"self":[{"href":"https:\/\/maetinganoticias.com\/index.php\/wp-json\/wp\/v2\/posts\/4976","targetHints":{"allow":["GET"]}}],"collection":[{"href":"https:\/\/maetinganoticias.com\/index.php\/wp-json\/wp\/v2\/posts"}],"about":[{"href":"https:\/\/maetinganoticias.com\/index.php\/wp-json\/wp\/v2\/types\/post"}],"author":[{"embeddable":true,"href":"https:\/\/maetinganoticias.com\/index.php\/wp-json\/wp\/v2\/users\/1"}],"replies":[{"embeddable":true,"href":"https:\/\/maetinganoticias.com\/index.php\/wp-json\/wp\/v2\/comments?post=4976"}],"version-history":[{"count":1,"href":"https:\/\/maetinganoticias.com\/index.php\/wp-json\/wp\/v2\/posts\/4976\/revisions"}],"predecessor-version":[{"id":4978,"href":"https:\/\/maetinganoticias.com\/index.php\/wp-json\/wp\/v2\/posts\/4976\/revisions\/4978"}],"wp:featuredmedia":[{"embeddable":true,"href":"https:\/\/maetinganoticias.com\/index.php\/wp-json\/wp\/v2\/media\/4977"}],"wp:attachment":[{"href":"https:\/\/maetinganoticias.com\/index.php\/wp-json\/wp\/v2\/media?parent=4976"}],"wp:term":[{"taxonomy":"category","embeddable":true,"href":"https:\/\/maetinganoticias.com\/index.php\/wp-json\/wp\/v2\/categories?post=4976"},{"taxonomy":"post_tag","embeddable":true,"href":"https:\/\/maetinganoticias.com\/index.php\/wp-json\/wp\/v2\/tags?post=4976"}],"curies":[{"name":"wp","href":"https:\/\/api.w.org\/{rel}","templated":true}]}}