{"id":4925,"date":"2024-06-21T21:28:43","date_gmt":"2024-06-22T00:28:43","guid":{"rendered":"https:\/\/maetinganoticias.com\/?p=4925"},"modified":"2024-06-21T21:28:44","modified_gmt":"2024-06-22T00:28:44","slug":"professores-de-pelo-menos-25-universidades-decidiram-pelo-fim-da-greve","status":"publish","type":"post","link":"https:\/\/maetinganoticias.com\/index.php\/2024\/06\/21\/professores-de-pelo-menos-25-universidades-decidiram-pelo-fim-da-greve\/","title":{"rendered":"Professores de pelo menos 25 universidades decidiram pelo fim da greve"},"content":{"rendered":"\n<h3 class=\"wp-block-heading\"><strong><em>Interrup\u00e7\u00e3o da paralisa\u00e7\u00e3o n\u00e3o significa o retorno imediato \u00e0s aulas<\/em><\/strong><\/h3>\n\n\n\n<p>Professores de pelo\u00a0menos 25 universidades federais j\u00e1 decidiram pelo fim da greve iniciada em meados de abril, segundo apura\u00e7\u00e3o da\u00a0<strong>Ag\u00eancia Brasil<\/strong>.\u00a0<\/p>\n\n\n\n<p>O prazo para que os docentes fa\u00e7am assembleias em suas universidades\u00a0para\u00a0analisar as propostas do governo\u00a0e decidir sobre o retorno \u00e0s aulas termina hoje (21).\u00a0 A consulta nas 55 universidades foi determinada pelo comando nacional da greve dos professores universit\u00e1rios, ligado ao Sindicato Nacional dos Docentes das Institui\u00e7\u00f5es de Ensino Superior (Andes).<\/p>\n\n\n\n<p>A interrup\u00e7\u00e3o da greve, no entanto, n\u00e3o significa o retorno imediato \u00e0s aulas e outras atividades acad\u00eamicas. Cada universidade tem autonomia administrativa para reestabelecer seu calend\u00e1rio para finaliza\u00e7\u00e3o do 1\u00ba semestre letivo de 2024 e para o in\u00edcio do 2\u00ba semestre letivo de 2024. Os professores da\u00a0Universidade de Bras\u00edlia (UnB), por exemplo,\u00a0anunciaram\u00a0que retornam \u00e0s aulas na pr\u00f3xima quarta-feira (26).<\/p>\n\n\n\n<p>Durante o final de semana, o comando nacional de greve vai tabular as respostas das se\u00e7\u00f5es sindicais, secretarias regionais e dos comandos locais de greve sobre a continuidade ou t\u00e9rmino do movimento paredista. Tamb\u00e9m vai analisar o encaminhamento de retorno das atividades e in\u00edcio da reposi\u00e7\u00e3o, se na pr\u00f3xima semana ou se apenas no in\u00edcio de julho.<\/p>\n\n\n\n<p>O retorno das aulas tamb\u00e9m depende do trabalho prestado pelo pessoal t\u00e9cnico e administrativo que, entre outras atividades, \u00e9 respons\u00e1vel por&nbsp;processar&nbsp;os novos calend\u00e1rios acad\u00eamicos e efetuar&nbsp;eventuais trancamentos de matr\u00edcula nos departamentos universit\u00e1rios.<\/p>\n\n\n\n<p>A Federa\u00e7\u00e3o de Sindicatos de Trabalhadores T\u00e9cnico-administrativos em Institui\u00e7\u00f5es de Ensino Superior P\u00fablicas do Brasil (Fasubra) tamb\u00e9m est\u00e1 analisando os resultados da rodada de assembleias das entidades de base ocorridas ao longo desta semana.<\/p>\n\n\n\n<p>Cr\u00e9ditos: Ag\u00eancia Brasil<\/p>\n","protected":false},"excerpt":{"rendered":"<p>Interrup\u00e7\u00e3o da paralisa\u00e7\u00e3o n\u00e3o significa o retorno imediato \u00e0s aulas Professores de pelo\u00a0menos 25 universidades federais j\u00e1 decidiram pelo fim da greve iniciada em meados de abril, segundo apura\u00e7\u00e3o da\u00a0Ag\u00eancia Brasil.\u00a0 O prazo para que os docentes fa\u00e7am assembleias em suas universidades\u00a0para\u00a0analisar as propostas do governo\u00a0e decidir sobre o retorno \u00e0s aulas termina hoje (21).\u00a0 [&hellip;]<\/p>\n","protected":false},"author":1,"featured_media":4926,"comment_status":"open","ping_status":"open","sticky":false,"template":"","format":"standard","meta":{"om_disable_all_campaigns":false,"_monsterinsights_skip_tracking":false,"_monsterinsights_sitenote_active":false,"_monsterinsights_sitenote_note":"","_monsterinsights_sitenote_category":0,"_uf_show_specific_survey":0,"_uf_disable_surveys":false,"footnotes":""},"categories":[1015],"tags":[164,124,399,400],"class_list":{"0":"post-4925","1":"post","2":"type-post","3":"status-publish","4":"format-standard","5":"has-post-thumbnail","7":"category-educacao","8":"tag-brasil","9":"tag-educacao","10":"tag-greve","11":"tag-professor"},"yoast_head":"<!-- This site is optimized with the Yoast SEO plugin v27.5 - https:\/\/yoast.com\/product\/yoast-seo-wordpress\/ -->\n<title>Professores de pelo menos 25 universidades decidiram pelo fim da greve - Maetinga Not\u00edcias<\/title>\n<meta name=\"robots\" content=\"index, follow, max-snippet:-1, max-image-preview:large, max-video-preview:-1\" \/>\n<link rel=\"canonical\" href=\"https:\/\/maetinganoticias.com\/index.php\/2024\/06\/21\/professores-de-pelo-menos-25-universidades-decidiram-pelo-fim-da-greve\/\" \/>\n<meta property=\"og:locale\" content=\"pt_BR\" \/>\n<meta property=\"og:type\" content=\"article\" \/>\n<meta property=\"og:title\" content=\"Professores de pelo menos 25 universidades decidiram pelo fim da greve - Maetinga Not\u00edcias\" \/>\n<meta property=\"og:description\" content=\"Interrup\u00e7\u00e3o da paralisa\u00e7\u00e3o n\u00e3o significa o retorno imediato \u00e0s aulas Professores de pelo\u00a0menos 25 universidades federais j\u00e1 decidiram pelo fim da greve iniciada em meados de abril, segundo apura\u00e7\u00e3o da\u00a0Ag\u00eancia Brasil.\u00a0 O prazo para que os docentes fa\u00e7am assembleias em suas universidades\u00a0para\u00a0analisar as propostas do governo\u00a0e decidir sobre o retorno \u00e0s aulas termina hoje (21).\u00a0 [&hellip;]\" \/>\n<meta property=\"og:url\" content=\"https:\/\/maetinganoticias.com\/index.php\/2024\/06\/21\/professores-de-pelo-menos-25-universidades-decidiram-pelo-fim-da-greve\/\" \/>\n<meta property=\"og:site_name\" content=\"Maetinga Not\u00edcias\" \/>\n<meta property=\"article:published_time\" content=\"2024-06-22T00:28:43+00:00\" \/>\n<meta property=\"article:modified_time\" content=\"2024-06-22T00:28:44+00:00\" \/>\n<meta property=\"og:image\" content=\"https:\/\/maetinganoticias.com\/wp-content\/uploads\/2024\/06\/WhatsApp-Image-2024-06-21-at-21.26.43.jpeg\" \/>\n\t<meta property=\"og:image:width\" content=\"1170\" \/>\n\t<meta property=\"og:image:height\" content=\"700\" \/>\n\t<meta property=\"og:image:type\" content=\"image\/jpeg\" \/>\n<meta name=\"author\" content=\"Maetinga Not\u00edcias\" \/>\n<meta name=\"twitter:card\" content=\"summary_large_image\" \/>\n<meta name=\"twitter:label1\" content=\"Escrito por\" \/>\n\t<meta name=\"twitter:data1\" content=\"Maetinga Not\u00edcias\" \/>\n\t<meta name=\"twitter:label2\" content=\"Est. tempo de leitura\" \/>\n\t<meta name=\"twitter:data2\" content=\"2 minutos\" \/>\n<script type=\"application\/ld+json\" class=\"yoast-schema-graph\">{\"@context\":\"https:\\\/\\\/schema.org\",\"@graph\":[{\"@type\":[\"Article\",\"BlogPosting\"],\"@id\":\"https:\\\/\\\/maetinganoticias.com\\\/index.php\\\/2024\\\/06\\\/21\\\/professores-de-pelo-menos-25-universidades-decidiram-pelo-fim-da-greve\\\/#article\",\"isPartOf\":{\"@id\":\"https:\\\/\\\/maetinganoticias.com\\\/index.php\\\/2024\\\/06\\\/21\\\/professores-de-pelo-menos-25-universidades-decidiram-pelo-fim-da-greve\\\/\"},\"author\":{\"name\":\"Maetinga Not\u00edcias\",\"@id\":\"https:\\\/\\\/maetinganoticias.com\\\/#\\\/schema\\\/person\\\/968cf95e67a6810fc7fb35bbc9016962\"},\"headline\":\"Professores de pelo menos 25 universidades decidiram pelo fim da greve\",\"datePublished\":\"2024-06-22T00:28:43+00:00\",\"dateModified\":\"2024-06-22T00:28:44+00:00\",\"mainEntityOfPage\":{\"@id\":\"https:\\\/\\\/maetinganoticias.com\\\/index.php\\\/2024\\\/06\\\/21\\\/professores-de-pelo-menos-25-universidades-decidiram-pelo-fim-da-greve\\\/\"},\"wordCount\":319,\"commentCount\":0,\"publisher\":{\"@id\":\"https:\\\/\\\/maetinganoticias.com\\\/#organization\"},\"image\":{\"@id\":\"https:\\\/\\\/maetinganoticias.com\\\/index.php\\\/2024\\\/06\\\/21\\\/professores-de-pelo-menos-25-universidades-decidiram-pelo-fim-da-greve\\\/#primaryimage\"},\"thumbnailUrl\":\"https:\\\/\\\/maetinganoticias.com\\\/wp-content\\\/uploads\\\/2024\\\/06\\\/WhatsApp-Image-2024-06-21-at-21.26.43.jpeg\",\"keywords\":[\"BRASIL\",\"EDUCA\u00c7\u00c3O\",\"GREVE\",\"PROFESSOR\"],\"articleSection\":[\"EDUCA\u00c7\u00c3O\"],\"inLanguage\":\"pt-BR\",\"potentialAction\":[{\"@type\":\"CommentAction\",\"name\":\"Comment\",\"target\":[\"https:\\\/\\\/maetinganoticias.com\\\/index.php\\\/2024\\\/06\\\/21\\\/professores-de-pelo-menos-25-universidades-decidiram-pelo-fim-da-greve\\\/#respond\"]}]},{\"@type\":\"WebPage\",\"@id\":\"https:\\\/\\\/maetinganoticias.com\\\/index.php\\\/2024\\\/06\\\/21\\\/professores-de-pelo-menos-25-universidades-decidiram-pelo-fim-da-greve\\\/\",\"url\":\"https:\\\/\\\/maetinganoticias.com\\\/index.php\\\/2024\\\/06\\\/21\\\/professores-de-pelo-menos-25-universidades-decidiram-pelo-fim-da-greve\\\/\",\"name\":\"Professores de pelo menos 25 universidades decidiram pelo fim da greve - Maetinga Not\u00edcias\",\"isPartOf\":{\"@id\":\"https:\\\/\\\/maetinganoticias.com\\\/#website\"},\"primaryImageOfPage\":{\"@id\":\"https:\\\/\\\/maetinganoticias.com\\\/index.php\\\/2024\\\/06\\\/21\\\/professores-de-pelo-menos-25-universidades-decidiram-pelo-fim-da-greve\\\/#primaryimage\"},\"image\":{\"@id\":\"https:\\\/\\\/maetinganoticias.com\\\/index.php\\\/2024\\\/06\\\/21\\\/professores-de-pelo-menos-25-universidades-decidiram-pelo-fim-da-greve\\\/#primaryimage\"},\"thumbnailUrl\":\"https:\\\/\\\/maetinganoticias.com\\\/wp-content\\\/uploads\\\/2024\\\/06\\\/WhatsApp-Image-2024-06-21-at-21.26.43.jpeg\",\"datePublished\":\"2024-06-22T00:28:43+00:00\",\"dateModified\":\"2024-06-22T00:28:44+00:00\",\"breadcrumb\":{\"@id\":\"https:\\\/\\\/maetinganoticias.com\\\/index.php\\\/2024\\\/06\\\/21\\\/professores-de-pelo-menos-25-universidades-decidiram-pelo-fim-da-greve\\\/#breadcrumb\"},\"inLanguage\":\"pt-BR\",\"potentialAction\":[{\"@type\":\"ReadAction\",\"target\":[\"https:\\\/\\\/maetinganoticias.com\\\/index.php\\\/2024\\\/06\\\/21\\\/professores-de-pelo-menos-25-universidades-decidiram-pelo-fim-da-greve\\\/\"]}]},{\"@type\":\"ImageObject\",\"inLanguage\":\"pt-BR\",\"@id\":\"https:\\\/\\\/maetinganoticias.com\\\/index.php\\\/2024\\\/06\\\/21\\\/professores-de-pelo-menos-25-universidades-decidiram-pelo-fim-da-greve\\\/#primaryimage\",\"url\":\"https:\\\/\\\/maetinganoticias.com\\\/wp-content\\\/uploads\\\/2024\\\/06\\\/WhatsApp-Image-2024-06-21-at-21.26.43.jpeg\",\"contentUrl\":\"https:\\\/\\\/maetinganoticias.com\\\/wp-content\\\/uploads\\\/2024\\\/06\\\/WhatsApp-Image-2024-06-21-at-21.26.43.jpeg\",\"width\":1170,\"height\":700,\"caption\":\"Foto: Fabio Rodrigues Pozzebom\\\/Ag\u00eancia Brasil\"},{\"@type\":\"BreadcrumbList\",\"@id\":\"https:\\\/\\\/maetinganoticias.com\\\/index.php\\\/2024\\\/06\\\/21\\\/professores-de-pelo-menos-25-universidades-decidiram-pelo-fim-da-greve\\\/#breadcrumb\",\"itemListElement\":[{\"@type\":\"ListItem\",\"position\":1,\"name\":\"In\u00edcio\",\"item\":\"https:\\\/\\\/maetinganoticias.com\\\/\"},{\"@type\":\"ListItem\",\"position\":2,\"name\":\"Professores de pelo menos 25 universidades decidiram pelo fim da greve\"}]},{\"@type\":\"WebSite\",\"@id\":\"https:\\\/\\\/maetinganoticias.com\\\/#website\",\"url\":\"https:\\\/\\\/maetinganoticias.com\\\/\",\"name\":\"Maetinga Not\u00edcias\",\"description\":\"A Voz do Interior Baiano!\",\"publisher\":{\"@id\":\"https:\\\/\\\/maetinganoticias.com\\\/#organization\"},\"potentialAction\":[{\"@type\":\"SearchAction\",\"target\":{\"@type\":\"EntryPoint\",\"urlTemplate\":\"https:\\\/\\\/maetinganoticias.com\\\/?s={search_term_string}\"},\"query-input\":{\"@type\":\"PropertyValueSpecification\",\"valueRequired\":true,\"valueName\":\"search_term_string\"}}],\"inLanguage\":\"pt-BR\"},{\"@type\":\"Organization\",\"@id\":\"https:\\\/\\\/maetinganoticias.com\\\/#organization\",\"name\":\"Maetinga Not\u00edcias\",\"url\":\"https:\\\/\\\/maetinganoticias.com\\\/\",\"logo\":{\"@type\":\"ImageObject\",\"inLanguage\":\"pt-BR\",\"@id\":\"https:\\\/\\\/maetinganoticias.com\\\/#\\\/schema\\\/logo\\\/image\\\/\",\"url\":\"https:\\\/\\\/maetinganoticias.com\\\/wp-content\\\/uploads\\\/2023\\\/07\\\/cropped-cropped-cropped-cropped-BUSINESS-3-42-1.png\",\"contentUrl\":\"https:\\\/\\\/maetinganoticias.com\\\/wp-content\\\/uploads\\\/2023\\\/07\\\/cropped-cropped-cropped-cropped-BUSINESS-3-42-1.png\",\"width\":485,\"height\":109,\"caption\":\"Maetinga Not\u00edcias\"},\"image\":{\"@id\":\"https:\\\/\\\/maetinganoticias.com\\\/#\\\/schema\\\/logo\\\/image\\\/\"}},{\"@type\":\"Person\",\"@id\":\"https:\\\/\\\/maetinganoticias.com\\\/#\\\/schema\\\/person\\\/968cf95e67a6810fc7fb35bbc9016962\",\"name\":\"Maetinga Not\u00edcias\",\"image\":{\"@type\":\"ImageObject\",\"inLanguage\":\"pt-BR\",\"@id\":\"https:\\\/\\\/secure.gravatar.com\\\/avatar\\\/32e078313a5ca37a6c8d44e716ed4f9e87ecfde7222d2b88a1424bd49654f187?s=96&d=mm&r=g\",\"url\":\"https:\\\/\\\/secure.gravatar.com\\\/avatar\\\/32e078313a5ca37a6c8d44e716ed4f9e87ecfde7222d2b88a1424bd49654f187?s=96&d=mm&r=g\",\"contentUrl\":\"https:\\\/\\\/secure.gravatar.com\\\/avatar\\\/32e078313a5ca37a6c8d44e716ed4f9e87ecfde7222d2b88a1424bd49654f187?s=96&d=mm&r=g\",\"caption\":\"Maetinga Not\u00edcias\"},\"description\":\"A voz do Interior Baiano!\",\"sameAs\":[\"https:\\\/\\\/maetinganoticias.com\",\"https:\\\/\\\/www.instagram.com\\\/blogmaetinganoticias\\\/\"],\"url\":\"https:\\\/\\\/maetinganoticias.com\\\/index.php\\\/author\\\/carlosvianna13\\\/\"}]}<\/script>\n<!-- \/ Yoast SEO plugin. -->","yoast_head_json":{"title":"Professores de pelo menos 25 universidades decidiram pelo fim da greve - Maetinga Not\u00edcias","robots":{"index":"index","follow":"follow","max-snippet":"max-snippet:-1","max-image-preview":"max-image-preview:large","max-video-preview":"max-video-preview:-1"},"canonical":"https:\/\/maetinganoticias.com\/index.php\/2024\/06\/21\/professores-de-pelo-menos-25-universidades-decidiram-pelo-fim-da-greve\/","og_locale":"pt_BR","og_type":"article","og_title":"Professores de pelo menos 25 universidades decidiram pelo fim da greve - Maetinga Not\u00edcias","og_description":"Interrup\u00e7\u00e3o da paralisa\u00e7\u00e3o n\u00e3o significa o retorno imediato \u00e0s aulas Professores de pelo\u00a0menos 25 universidades federais j\u00e1 decidiram pelo fim da greve iniciada em meados de abril, segundo apura\u00e7\u00e3o da\u00a0Ag\u00eancia Brasil.\u00a0 O prazo para que os docentes fa\u00e7am assembleias em suas universidades\u00a0para\u00a0analisar as propostas do governo\u00a0e decidir sobre o retorno \u00e0s aulas termina hoje (21).\u00a0 [&hellip;]","og_url":"https:\/\/maetinganoticias.com\/index.php\/2024\/06\/21\/professores-de-pelo-menos-25-universidades-decidiram-pelo-fim-da-greve\/","og_site_name":"Maetinga Not\u00edcias","article_published_time":"2024-06-22T00:28:43+00:00","article_modified_time":"2024-06-22T00:28:44+00:00","og_image":[{"width":1170,"height":700,"url":"https:\/\/maetinganoticias.com\/wp-content\/uploads\/2024\/06\/WhatsApp-Image-2024-06-21-at-21.26.43.jpeg","type":"image\/jpeg"}],"author":"Maetinga Not\u00edcias","twitter_card":"summary_large_image","twitter_misc":{"Escrito por":"Maetinga Not\u00edcias","Est. tempo de leitura":"2 minutos"},"schema":{"@context":"https:\/\/schema.org","@graph":[{"@type":["Article","BlogPosting"],"@id":"https:\/\/maetinganoticias.com\/index.php\/2024\/06\/21\/professores-de-pelo-menos-25-universidades-decidiram-pelo-fim-da-greve\/#article","isPartOf":{"@id":"https:\/\/maetinganoticias.com\/index.php\/2024\/06\/21\/professores-de-pelo-menos-25-universidades-decidiram-pelo-fim-da-greve\/"},"author":{"name":"Maetinga Not\u00edcias","@id":"https:\/\/maetinganoticias.com\/#\/schema\/person\/968cf95e67a6810fc7fb35bbc9016962"},"headline":"Professores de pelo menos 25 universidades decidiram pelo fim da greve","datePublished":"2024-06-22T00:28:43+00:00","dateModified":"2024-06-22T00:28:44+00:00","mainEntityOfPage":{"@id":"https:\/\/maetinganoticias.com\/index.php\/2024\/06\/21\/professores-de-pelo-menos-25-universidades-decidiram-pelo-fim-da-greve\/"},"wordCount":319,"commentCount":0,"publisher":{"@id":"https:\/\/maetinganoticias.com\/#organization"},"image":{"@id":"https:\/\/maetinganoticias.com\/index.php\/2024\/06\/21\/professores-de-pelo-menos-25-universidades-decidiram-pelo-fim-da-greve\/#primaryimage"},"thumbnailUrl":"https:\/\/maetinganoticias.com\/wp-content\/uploads\/2024\/06\/WhatsApp-Image-2024-06-21-at-21.26.43.jpeg","keywords":["BRASIL","EDUCA\u00c7\u00c3O","GREVE","PROFESSOR"],"articleSection":["EDUCA\u00c7\u00c3O"],"inLanguage":"pt-BR","potentialAction":[{"@type":"CommentAction","name":"Comment","target":["https:\/\/maetinganoticias.com\/index.php\/2024\/06\/21\/professores-de-pelo-menos-25-universidades-decidiram-pelo-fim-da-greve\/#respond"]}]},{"@type":"WebPage","@id":"https:\/\/maetinganoticias.com\/index.php\/2024\/06\/21\/professores-de-pelo-menos-25-universidades-decidiram-pelo-fim-da-greve\/","url":"https:\/\/maetinganoticias.com\/index.php\/2024\/06\/21\/professores-de-pelo-menos-25-universidades-decidiram-pelo-fim-da-greve\/","name":"Professores de pelo menos 25 universidades decidiram pelo fim da greve - Maetinga Not\u00edcias","isPartOf":{"@id":"https:\/\/maetinganoticias.com\/#website"},"primaryImageOfPage":{"@id":"https:\/\/maetinganoticias.com\/index.php\/2024\/06\/21\/professores-de-pelo-menos-25-universidades-decidiram-pelo-fim-da-greve\/#primaryimage"},"image":{"@id":"https:\/\/maetinganoticias.com\/index.php\/2024\/06\/21\/professores-de-pelo-menos-25-universidades-decidiram-pelo-fim-da-greve\/#primaryimage"},"thumbnailUrl":"https:\/\/maetinganoticias.com\/wp-content\/uploads\/2024\/06\/WhatsApp-Image-2024-06-21-at-21.26.43.jpeg","datePublished":"2024-06-22T00:28:43+00:00","dateModified":"2024-06-22T00:28:44+00:00","breadcrumb":{"@id":"https:\/\/maetinganoticias.com\/index.php\/2024\/06\/21\/professores-de-pelo-menos-25-universidades-decidiram-pelo-fim-da-greve\/#breadcrumb"},"inLanguage":"pt-BR","potentialAction":[{"@type":"ReadAction","target":["https:\/\/maetinganoticias.com\/index.php\/2024\/06\/21\/professores-de-pelo-menos-25-universidades-decidiram-pelo-fim-da-greve\/"]}]},{"@type":"ImageObject","inLanguage":"pt-BR","@id":"https:\/\/maetinganoticias.com\/index.php\/2024\/06\/21\/professores-de-pelo-menos-25-universidades-decidiram-pelo-fim-da-greve\/#primaryimage","url":"https:\/\/maetinganoticias.com\/wp-content\/uploads\/2024\/06\/WhatsApp-Image-2024-06-21-at-21.26.43.jpeg","contentUrl":"https:\/\/maetinganoticias.com\/wp-content\/uploads\/2024\/06\/WhatsApp-Image-2024-06-21-at-21.26.43.jpeg","width":1170,"height":700,"caption":"Foto: Fabio Rodrigues Pozzebom\/Ag\u00eancia Brasil"},{"@type":"BreadcrumbList","@id":"https:\/\/maetinganoticias.com\/index.php\/2024\/06\/21\/professores-de-pelo-menos-25-universidades-decidiram-pelo-fim-da-greve\/#breadcrumb","itemListElement":[{"@type":"ListItem","position":1,"name":"In\u00edcio","item":"https:\/\/maetinganoticias.com\/"},{"@type":"ListItem","position":2,"name":"Professores de pelo menos 25 universidades decidiram pelo fim da greve"}]},{"@type":"WebSite","@id":"https:\/\/maetinganoticias.com\/#website","url":"https:\/\/maetinganoticias.com\/","name":"Maetinga Not\u00edcias","description":"A Voz do Interior Baiano!","publisher":{"@id":"https:\/\/maetinganoticias.com\/#organization"},"potentialAction":[{"@type":"SearchAction","target":{"@type":"EntryPoint","urlTemplate":"https:\/\/maetinganoticias.com\/?s={search_term_string}"},"query-input":{"@type":"PropertyValueSpecification","valueRequired":true,"valueName":"search_term_string"}}],"inLanguage":"pt-BR"},{"@type":"Organization","@id":"https:\/\/maetinganoticias.com\/#organization","name":"Maetinga Not\u00edcias","url":"https:\/\/maetinganoticias.com\/","logo":{"@type":"ImageObject","inLanguage":"pt-BR","@id":"https:\/\/maetinganoticias.com\/#\/schema\/logo\/image\/","url":"https:\/\/maetinganoticias.com\/wp-content\/uploads\/2023\/07\/cropped-cropped-cropped-cropped-BUSINESS-3-42-1.png","contentUrl":"https:\/\/maetinganoticias.com\/wp-content\/uploads\/2023\/07\/cropped-cropped-cropped-cropped-BUSINESS-3-42-1.png","width":485,"height":109,"caption":"Maetinga Not\u00edcias"},"image":{"@id":"https:\/\/maetinganoticias.com\/#\/schema\/logo\/image\/"}},{"@type":"Person","@id":"https:\/\/maetinganoticias.com\/#\/schema\/person\/968cf95e67a6810fc7fb35bbc9016962","name":"Maetinga Not\u00edcias","image":{"@type":"ImageObject","inLanguage":"pt-BR","@id":"https:\/\/secure.gravatar.com\/avatar\/32e078313a5ca37a6c8d44e716ed4f9e87ecfde7222d2b88a1424bd49654f187?s=96&d=mm&r=g","url":"https:\/\/secure.gravatar.com\/avatar\/32e078313a5ca37a6c8d44e716ed4f9e87ecfde7222d2b88a1424bd49654f187?s=96&d=mm&r=g","contentUrl":"https:\/\/secure.gravatar.com\/avatar\/32e078313a5ca37a6c8d44e716ed4f9e87ecfde7222d2b88a1424bd49654f187?s=96&d=mm&r=g","caption":"Maetinga Not\u00edcias"},"description":"A voz do Interior Baiano!","sameAs":["https:\/\/maetinganoticias.com","https:\/\/www.instagram.com\/blogmaetinganoticias\/"],"url":"https:\/\/maetinganoticias.com\/index.php\/author\/carlosvianna13\/"}]}},"_links":{"self":[{"href":"https:\/\/maetinganoticias.com\/index.php\/wp-json\/wp\/v2\/posts\/4925","targetHints":{"allow":["GET"]}}],"collection":[{"href":"https:\/\/maetinganoticias.com\/index.php\/wp-json\/wp\/v2\/posts"}],"about":[{"href":"https:\/\/maetinganoticias.com\/index.php\/wp-json\/wp\/v2\/types\/post"}],"author":[{"embeddable":true,"href":"https:\/\/maetinganoticias.com\/index.php\/wp-json\/wp\/v2\/users\/1"}],"replies":[{"embeddable":true,"href":"https:\/\/maetinganoticias.com\/index.php\/wp-json\/wp\/v2\/comments?post=4925"}],"version-history":[{"count":1,"href":"https:\/\/maetinganoticias.com\/index.php\/wp-json\/wp\/v2\/posts\/4925\/revisions"}],"predecessor-version":[{"id":4927,"href":"https:\/\/maetinganoticias.com\/index.php\/wp-json\/wp\/v2\/posts\/4925\/revisions\/4927"}],"wp:featuredmedia":[{"embeddable":true,"href":"https:\/\/maetinganoticias.com\/index.php\/wp-json\/wp\/v2\/media\/4926"}],"wp:attachment":[{"href":"https:\/\/maetinganoticias.com\/index.php\/wp-json\/wp\/v2\/media?parent=4925"}],"wp:term":[{"taxonomy":"category","embeddable":true,"href":"https:\/\/maetinganoticias.com\/index.php\/wp-json\/wp\/v2\/categories?post=4925"},{"taxonomy":"post_tag","embeddable":true,"href":"https:\/\/maetinganoticias.com\/index.php\/wp-json\/wp\/v2\/tags?post=4925"}],"curies":[{"name":"wp","href":"https:\/\/api.w.org\/{rel}","templated":true}]}}