{"id":4643,"date":"2024-05-23T15:09:39","date_gmt":"2024-05-23T18:09:39","guid":{"rendered":"https:\/\/maetinganoticias.com\/?p=4643"},"modified":"2024-05-23T15:09:39","modified_gmt":"2024-05-23T18:09:39","slug":"stf-reconhece-inconstitucionalidade-do-assedio-judicial-contra-jornalistas","status":"publish","type":"post","link":"https:\/\/maetinganoticias.com\/index.php\/2024\/05\/23\/stf-reconhece-inconstitucionalidade-do-assedio-judicial-contra-jornalistas\/","title":{"rendered":"STF reconhece inconstitucionalidade do ass\u00e9dio judicial contra jornalistas"},"content":{"rendered":"\n<p>Na sess\u00e3o desta quarta, ao acompanhar esse entendimento, o ministro Edson Fachin avaliou que o tribunal, ao definir, configurar e impedir o ass\u00e9dio judicial, d\u00e1 um passo importante para frear a\u00e7\u00f5es que desestimulem a produ\u00e7\u00e3o de not\u00edcias, a investiga\u00e7\u00e3o de fatos e a veicula\u00e7\u00e3o de opini\u00f5es cr\u00edticas.<\/p>\n\n\n\n<p>Para o ministro Alexandre de Moraes, o ass\u00e9dio judicial \u00e9 um problema grave que afeta n\u00e3o apenas jornalistas, mas tamb\u00e9m o mundo pol\u00edtico. \u201cN\u00e3o \u00e9 poss\u00edvel permitir que determinado grupo comece a \u2018stalkear\u2019 pessoas pela via judicial\u201d, disse.<\/p>\n\n\n\n<p>Os ministros Alexandre de Moraes, Dias Toffoli e Gilmar Mendes divergiram apenas quanto ao ponto do voto de Barroso relativo \u00e0 responsabiliza\u00e7\u00e3o. Para Toffoli, a responsabilidade civil dos profissionais de imprensa deve ser verificada conforme previsto no C\u00f3digo Civil para quem cometa ato il\u00edcito que viole direito e cause dano.<\/p>\n\n\n\n<p>Na a\u00e7\u00e3o da Associa\u00e7\u00e3o Brasileira de Imprensa foi alegado o uso abusivo de a\u00e7\u00f5es judiciais de repara\u00e7\u00e3o por danos materiais e morais. O processo teve um trecho rejeitado que pedia que as v\u00edtimas de ass\u00e9dio judicial fossem ressarcidas por danos morais e que houvesse multa para as pessoas que cometam esse tipo de conduta. Os ministros firmaram entendimento de que j\u00e1 existem instrumentos previstos para a prote\u00e7\u00e3o do r\u00e9u e repara\u00e7\u00e3o de danos, cabendo ao juiz de cada caso decidir a respeito.&nbsp;<\/p>\n\n\n\n<p>J\u00e1 a Abraji pediu a interpreta\u00e7\u00e3o de um dispositivo do C\u00f3digo de Processo Civil que trata da coopera\u00e7\u00e3o judici\u00e1ria para centraliza\u00e7\u00e3o de processos repetitivos para situa\u00e7\u00f5es de ass\u00e9dio judicial.\u00a0<\/p>\n\n\n\n<p>Cr\u00e9ditos: Bahia Not\u00edcias<\/p>\n","protected":false},"excerpt":{"rendered":"<p>Na sess\u00e3o desta quarta, ao acompanhar esse entendimento, o ministro Edson Fachin avaliou que o tribunal, ao definir, configurar e impedir o ass\u00e9dio judicial, d\u00e1 um passo importante para frear a\u00e7\u00f5es que desestimulem a produ\u00e7\u00e3o de not\u00edcias, a investiga\u00e7\u00e3o de fatos e a veicula\u00e7\u00e3o de opini\u00f5es cr\u00edticas. Para o ministro Alexandre de Moraes, o ass\u00e9dio [&hellip;]<\/p>\n","protected":false},"author":1,"featured_media":4644,"comment_status":"open","ping_status":"open","sticky":false,"template":"","format":"standard","meta":{"om_disable_all_campaigns":false,"_monsterinsights_skip_tracking":false,"_monsterinsights_sitenote_active":false,"_monsterinsights_sitenote_note":"","_monsterinsights_sitenote_category":0,"_uf_show_specific_survey":0,"_uf_disable_surveys":false,"footnotes":""},"categories":[29],"tags":[164,976,977],"class_list":{"0":"post-4643","1":"post","2":"type-post","3":"status-publish","4":"format-standard","5":"has-post-thumbnail","7":"category-brasil","8":"tag-brasil","9":"tag-jornalistas","10":"tag-liberdade-de-expressao"},"yoast_head":"<!-- This site is optimized with the Yoast SEO plugin v27.5 - https:\/\/yoast.com\/product\/yoast-seo-wordpress\/ -->\n<title>STF reconhece inconstitucionalidade do ass\u00e9dio judicial contra jornalistas - Maetinga Not\u00edcias<\/title>\n<meta name=\"robots\" content=\"index, follow, max-snippet:-1, max-image-preview:large, max-video-preview:-1\" \/>\n<link rel=\"canonical\" href=\"https:\/\/maetinganoticias.com\/index.php\/2024\/05\/23\/stf-reconhece-inconstitucionalidade-do-assedio-judicial-contra-jornalistas\/\" \/>\n<meta property=\"og:locale\" content=\"pt_BR\" \/>\n<meta property=\"og:type\" content=\"article\" \/>\n<meta property=\"og:title\" content=\"STF reconhece inconstitucionalidade do ass\u00e9dio judicial contra jornalistas - Maetinga Not\u00edcias\" \/>\n<meta property=\"og:description\" content=\"Na sess\u00e3o desta quarta, ao acompanhar esse entendimento, o ministro Edson Fachin avaliou que o tribunal, ao definir, configurar e impedir o ass\u00e9dio judicial, d\u00e1 um passo importante para frear a\u00e7\u00f5es que desestimulem a produ\u00e7\u00e3o de not\u00edcias, a investiga\u00e7\u00e3o de fatos e a veicula\u00e7\u00e3o de opini\u00f5es cr\u00edticas. Para o ministro Alexandre de Moraes, o ass\u00e9dio [&hellip;]\" \/>\n<meta property=\"og:url\" content=\"https:\/\/maetinganoticias.com\/index.php\/2024\/05\/23\/stf-reconhece-inconstitucionalidade-do-assedio-judicial-contra-jornalistas\/\" \/>\n<meta property=\"og:site_name\" content=\"Maetinga Not\u00edcias\" \/>\n<meta property=\"article:published_time\" content=\"2024-05-23T18:09:39+00:00\" \/>\n<meta property=\"og:image\" content=\"https:\/\/maetinganoticias.com\/wp-content\/uploads\/2024\/05\/IMAGEM_NOTICIA_9.png\" \/>\n\t<meta property=\"og:image:width\" content=\"1200\" \/>\n\t<meta property=\"og:image:height\" content=\"630\" \/>\n\t<meta property=\"og:image:type\" content=\"image\/png\" \/>\n<meta name=\"author\" content=\"Maetinga Not\u00edcias\" \/>\n<meta name=\"twitter:card\" content=\"summary_large_image\" \/>\n<meta name=\"twitter:label1\" content=\"Escrito por\" \/>\n\t<meta name=\"twitter:data1\" content=\"Maetinga Not\u00edcias\" \/>\n\t<meta name=\"twitter:label2\" content=\"Est. tempo de leitura\" \/>\n\t<meta name=\"twitter:data2\" content=\"2 minutos\" \/>\n<script type=\"application\/ld+json\" class=\"yoast-schema-graph\">{\"@context\":\"https:\\\/\\\/schema.org\",\"@graph\":[{\"@type\":[\"Article\",\"BlogPosting\"],\"@id\":\"https:\\\/\\\/maetinganoticias.com\\\/index.php\\\/2024\\\/05\\\/23\\\/stf-reconhece-inconstitucionalidade-do-assedio-judicial-contra-jornalistas\\\/#article\",\"isPartOf\":{\"@id\":\"https:\\\/\\\/maetinganoticias.com\\\/index.php\\\/2024\\\/05\\\/23\\\/stf-reconhece-inconstitucionalidade-do-assedio-judicial-contra-jornalistas\\\/\"},\"author\":{\"name\":\"Maetinga Not\u00edcias\",\"@id\":\"https:\\\/\\\/maetinganoticias.com\\\/#\\\/schema\\\/person\\\/968cf95e67a6810fc7fb35bbc9016962\"},\"headline\":\"STF reconhece inconstitucionalidade do ass\u00e9dio judicial contra jornalistas\",\"datePublished\":\"2024-05-23T18:09:39+00:00\",\"mainEntityOfPage\":{\"@id\":\"https:\\\/\\\/maetinganoticias.com\\\/index.php\\\/2024\\\/05\\\/23\\\/stf-reconhece-inconstitucionalidade-do-assedio-judicial-contra-jornalistas\\\/\"},\"wordCount\":292,\"commentCount\":0,\"publisher\":{\"@id\":\"https:\\\/\\\/maetinganoticias.com\\\/#organization\"},\"image\":{\"@id\":\"https:\\\/\\\/maetinganoticias.com\\\/index.php\\\/2024\\\/05\\\/23\\\/stf-reconhece-inconstitucionalidade-do-assedio-judicial-contra-jornalistas\\\/#primaryimage\"},\"thumbnailUrl\":\"https:\\\/\\\/maetinganoticias.com\\\/wp-content\\\/uploads\\\/2024\\\/05\\\/IMAGEM_NOTICIA_9.png\",\"keywords\":[\"BRASIL\",\"JORNALISTAS\",\"LIBERDADE DE EXPRESS\u00c3O\"],\"articleSection\":[\"Brasil\"],\"inLanguage\":\"pt-BR\",\"potentialAction\":[{\"@type\":\"CommentAction\",\"name\":\"Comment\",\"target\":[\"https:\\\/\\\/maetinganoticias.com\\\/index.php\\\/2024\\\/05\\\/23\\\/stf-reconhece-inconstitucionalidade-do-assedio-judicial-contra-jornalistas\\\/#respond\"]}]},{\"@type\":\"WebPage\",\"@id\":\"https:\\\/\\\/maetinganoticias.com\\\/index.php\\\/2024\\\/05\\\/23\\\/stf-reconhece-inconstitucionalidade-do-assedio-judicial-contra-jornalistas\\\/\",\"url\":\"https:\\\/\\\/maetinganoticias.com\\\/index.php\\\/2024\\\/05\\\/23\\\/stf-reconhece-inconstitucionalidade-do-assedio-judicial-contra-jornalistas\\\/\",\"name\":\"STF reconhece inconstitucionalidade do ass\u00e9dio judicial contra jornalistas - Maetinga Not\u00edcias\",\"isPartOf\":{\"@id\":\"https:\\\/\\\/maetinganoticias.com\\\/#website\"},\"primaryImageOfPage\":{\"@id\":\"https:\\\/\\\/maetinganoticias.com\\\/index.php\\\/2024\\\/05\\\/23\\\/stf-reconhece-inconstitucionalidade-do-assedio-judicial-contra-jornalistas\\\/#primaryimage\"},\"image\":{\"@id\":\"https:\\\/\\\/maetinganoticias.com\\\/index.php\\\/2024\\\/05\\\/23\\\/stf-reconhece-inconstitucionalidade-do-assedio-judicial-contra-jornalistas\\\/#primaryimage\"},\"thumbnailUrl\":\"https:\\\/\\\/maetinganoticias.com\\\/wp-content\\\/uploads\\\/2024\\\/05\\\/IMAGEM_NOTICIA_9.png\",\"datePublished\":\"2024-05-23T18:09:39+00:00\",\"breadcrumb\":{\"@id\":\"https:\\\/\\\/maetinganoticias.com\\\/index.php\\\/2024\\\/05\\\/23\\\/stf-reconhece-inconstitucionalidade-do-assedio-judicial-contra-jornalistas\\\/#breadcrumb\"},\"inLanguage\":\"pt-BR\",\"potentialAction\":[{\"@type\":\"ReadAction\",\"target\":[\"https:\\\/\\\/maetinganoticias.com\\\/index.php\\\/2024\\\/05\\\/23\\\/stf-reconhece-inconstitucionalidade-do-assedio-judicial-contra-jornalistas\\\/\"]}]},{\"@type\":\"ImageObject\",\"inLanguage\":\"pt-BR\",\"@id\":\"https:\\\/\\\/maetinganoticias.com\\\/index.php\\\/2024\\\/05\\\/23\\\/stf-reconhece-inconstitucionalidade-do-assedio-judicial-contra-jornalistas\\\/#primaryimage\",\"url\":\"https:\\\/\\\/maetinganoticias.com\\\/wp-content\\\/uploads\\\/2024\\\/05\\\/IMAGEM_NOTICIA_9.png\",\"contentUrl\":\"https:\\\/\\\/maetinganoticias.com\\\/wp-content\\\/uploads\\\/2024\\\/05\\\/IMAGEM_NOTICIA_9.png\",\"width\":1200,\"height\":630,\"caption\":\"Foto: Antonio Augusto \\\/ SCO \\\/ STF\"},{\"@type\":\"BreadcrumbList\",\"@id\":\"https:\\\/\\\/maetinganoticias.com\\\/index.php\\\/2024\\\/05\\\/23\\\/stf-reconhece-inconstitucionalidade-do-assedio-judicial-contra-jornalistas\\\/#breadcrumb\",\"itemListElement\":[{\"@type\":\"ListItem\",\"position\":1,\"name\":\"In\u00edcio\",\"item\":\"https:\\\/\\\/maetinganoticias.com\\\/\"},{\"@type\":\"ListItem\",\"position\":2,\"name\":\"STF reconhece inconstitucionalidade do ass\u00e9dio judicial contra jornalistas\"}]},{\"@type\":\"WebSite\",\"@id\":\"https:\\\/\\\/maetinganoticias.com\\\/#website\",\"url\":\"https:\\\/\\\/maetinganoticias.com\\\/\",\"name\":\"Maetinga Not\u00edcias\",\"description\":\"A Voz do Interior Baiano!\",\"publisher\":{\"@id\":\"https:\\\/\\\/maetinganoticias.com\\\/#organization\"},\"potentialAction\":[{\"@type\":\"SearchAction\",\"target\":{\"@type\":\"EntryPoint\",\"urlTemplate\":\"https:\\\/\\\/maetinganoticias.com\\\/?s={search_term_string}\"},\"query-input\":{\"@type\":\"PropertyValueSpecification\",\"valueRequired\":true,\"valueName\":\"search_term_string\"}}],\"inLanguage\":\"pt-BR\"},{\"@type\":\"Organization\",\"@id\":\"https:\\\/\\\/maetinganoticias.com\\\/#organization\",\"name\":\"Maetinga Not\u00edcias\",\"url\":\"https:\\\/\\\/maetinganoticias.com\\\/\",\"logo\":{\"@type\":\"ImageObject\",\"inLanguage\":\"pt-BR\",\"@id\":\"https:\\\/\\\/maetinganoticias.com\\\/#\\\/schema\\\/logo\\\/image\\\/\",\"url\":\"https:\\\/\\\/maetinganoticias.com\\\/wp-content\\\/uploads\\\/2023\\\/07\\\/cropped-cropped-cropped-cropped-BUSINESS-3-42-1.png\",\"contentUrl\":\"https:\\\/\\\/maetinganoticias.com\\\/wp-content\\\/uploads\\\/2023\\\/07\\\/cropped-cropped-cropped-cropped-BUSINESS-3-42-1.png\",\"width\":485,\"height\":109,\"caption\":\"Maetinga Not\u00edcias\"},\"image\":{\"@id\":\"https:\\\/\\\/maetinganoticias.com\\\/#\\\/schema\\\/logo\\\/image\\\/\"}},{\"@type\":\"Person\",\"@id\":\"https:\\\/\\\/maetinganoticias.com\\\/#\\\/schema\\\/person\\\/968cf95e67a6810fc7fb35bbc9016962\",\"name\":\"Maetinga Not\u00edcias\",\"image\":{\"@type\":\"ImageObject\",\"inLanguage\":\"pt-BR\",\"@id\":\"https:\\\/\\\/secure.gravatar.com\\\/avatar\\\/32e078313a5ca37a6c8d44e716ed4f9e87ecfde7222d2b88a1424bd49654f187?s=96&d=mm&r=g\",\"url\":\"https:\\\/\\\/secure.gravatar.com\\\/avatar\\\/32e078313a5ca37a6c8d44e716ed4f9e87ecfde7222d2b88a1424bd49654f187?s=96&d=mm&r=g\",\"contentUrl\":\"https:\\\/\\\/secure.gravatar.com\\\/avatar\\\/32e078313a5ca37a6c8d44e716ed4f9e87ecfde7222d2b88a1424bd49654f187?s=96&d=mm&r=g\",\"caption\":\"Maetinga Not\u00edcias\"},\"description\":\"A voz do Interior Baiano!\",\"sameAs\":[\"https:\\\/\\\/maetinganoticias.com\",\"https:\\\/\\\/www.instagram.com\\\/blogmaetinganoticias\\\/\"],\"url\":\"https:\\\/\\\/maetinganoticias.com\\\/index.php\\\/author\\\/carlosvianna13\\\/\"}]}<\/script>\n<!-- \/ Yoast SEO plugin. -->","yoast_head_json":{"title":"STF reconhece inconstitucionalidade do ass\u00e9dio judicial contra jornalistas - Maetinga Not\u00edcias","robots":{"index":"index","follow":"follow","max-snippet":"max-snippet:-1","max-image-preview":"max-image-preview:large","max-video-preview":"max-video-preview:-1"},"canonical":"https:\/\/maetinganoticias.com\/index.php\/2024\/05\/23\/stf-reconhece-inconstitucionalidade-do-assedio-judicial-contra-jornalistas\/","og_locale":"pt_BR","og_type":"article","og_title":"STF reconhece inconstitucionalidade do ass\u00e9dio judicial contra jornalistas - Maetinga Not\u00edcias","og_description":"Na sess\u00e3o desta quarta, ao acompanhar esse entendimento, o ministro Edson Fachin avaliou que o tribunal, ao definir, configurar e impedir o ass\u00e9dio judicial, d\u00e1 um passo importante para frear a\u00e7\u00f5es que desestimulem a produ\u00e7\u00e3o de not\u00edcias, a investiga\u00e7\u00e3o de fatos e a veicula\u00e7\u00e3o de opini\u00f5es cr\u00edticas. Para o ministro Alexandre de Moraes, o ass\u00e9dio [&hellip;]","og_url":"https:\/\/maetinganoticias.com\/index.php\/2024\/05\/23\/stf-reconhece-inconstitucionalidade-do-assedio-judicial-contra-jornalistas\/","og_site_name":"Maetinga Not\u00edcias","article_published_time":"2024-05-23T18:09:39+00:00","og_image":[{"width":1200,"height":630,"url":"https:\/\/maetinganoticias.com\/wp-content\/uploads\/2024\/05\/IMAGEM_NOTICIA_9.png","type":"image\/png"}],"author":"Maetinga Not\u00edcias","twitter_card":"summary_large_image","twitter_misc":{"Escrito por":"Maetinga Not\u00edcias","Est. tempo de leitura":"2 minutos"},"schema":{"@context":"https:\/\/schema.org","@graph":[{"@type":["Article","BlogPosting"],"@id":"https:\/\/maetinganoticias.com\/index.php\/2024\/05\/23\/stf-reconhece-inconstitucionalidade-do-assedio-judicial-contra-jornalistas\/#article","isPartOf":{"@id":"https:\/\/maetinganoticias.com\/index.php\/2024\/05\/23\/stf-reconhece-inconstitucionalidade-do-assedio-judicial-contra-jornalistas\/"},"author":{"name":"Maetinga Not\u00edcias","@id":"https:\/\/maetinganoticias.com\/#\/schema\/person\/968cf95e67a6810fc7fb35bbc9016962"},"headline":"STF reconhece inconstitucionalidade do ass\u00e9dio judicial contra jornalistas","datePublished":"2024-05-23T18:09:39+00:00","mainEntityOfPage":{"@id":"https:\/\/maetinganoticias.com\/index.php\/2024\/05\/23\/stf-reconhece-inconstitucionalidade-do-assedio-judicial-contra-jornalistas\/"},"wordCount":292,"commentCount":0,"publisher":{"@id":"https:\/\/maetinganoticias.com\/#organization"},"image":{"@id":"https:\/\/maetinganoticias.com\/index.php\/2024\/05\/23\/stf-reconhece-inconstitucionalidade-do-assedio-judicial-contra-jornalistas\/#primaryimage"},"thumbnailUrl":"https:\/\/maetinganoticias.com\/wp-content\/uploads\/2024\/05\/IMAGEM_NOTICIA_9.png","keywords":["BRASIL","JORNALISTAS","LIBERDADE DE EXPRESS\u00c3O"],"articleSection":["Brasil"],"inLanguage":"pt-BR","potentialAction":[{"@type":"CommentAction","name":"Comment","target":["https:\/\/maetinganoticias.com\/index.php\/2024\/05\/23\/stf-reconhece-inconstitucionalidade-do-assedio-judicial-contra-jornalistas\/#respond"]}]},{"@type":"WebPage","@id":"https:\/\/maetinganoticias.com\/index.php\/2024\/05\/23\/stf-reconhece-inconstitucionalidade-do-assedio-judicial-contra-jornalistas\/","url":"https:\/\/maetinganoticias.com\/index.php\/2024\/05\/23\/stf-reconhece-inconstitucionalidade-do-assedio-judicial-contra-jornalistas\/","name":"STF reconhece inconstitucionalidade do ass\u00e9dio judicial contra jornalistas - Maetinga Not\u00edcias","isPartOf":{"@id":"https:\/\/maetinganoticias.com\/#website"},"primaryImageOfPage":{"@id":"https:\/\/maetinganoticias.com\/index.php\/2024\/05\/23\/stf-reconhece-inconstitucionalidade-do-assedio-judicial-contra-jornalistas\/#primaryimage"},"image":{"@id":"https:\/\/maetinganoticias.com\/index.php\/2024\/05\/23\/stf-reconhece-inconstitucionalidade-do-assedio-judicial-contra-jornalistas\/#primaryimage"},"thumbnailUrl":"https:\/\/maetinganoticias.com\/wp-content\/uploads\/2024\/05\/IMAGEM_NOTICIA_9.png","datePublished":"2024-05-23T18:09:39+00:00","breadcrumb":{"@id":"https:\/\/maetinganoticias.com\/index.php\/2024\/05\/23\/stf-reconhece-inconstitucionalidade-do-assedio-judicial-contra-jornalistas\/#breadcrumb"},"inLanguage":"pt-BR","potentialAction":[{"@type":"ReadAction","target":["https:\/\/maetinganoticias.com\/index.php\/2024\/05\/23\/stf-reconhece-inconstitucionalidade-do-assedio-judicial-contra-jornalistas\/"]}]},{"@type":"ImageObject","inLanguage":"pt-BR","@id":"https:\/\/maetinganoticias.com\/index.php\/2024\/05\/23\/stf-reconhece-inconstitucionalidade-do-assedio-judicial-contra-jornalistas\/#primaryimage","url":"https:\/\/maetinganoticias.com\/wp-content\/uploads\/2024\/05\/IMAGEM_NOTICIA_9.png","contentUrl":"https:\/\/maetinganoticias.com\/wp-content\/uploads\/2024\/05\/IMAGEM_NOTICIA_9.png","width":1200,"height":630,"caption":"Foto: Antonio Augusto \/ SCO \/ STF"},{"@type":"BreadcrumbList","@id":"https:\/\/maetinganoticias.com\/index.php\/2024\/05\/23\/stf-reconhece-inconstitucionalidade-do-assedio-judicial-contra-jornalistas\/#breadcrumb","itemListElement":[{"@type":"ListItem","position":1,"name":"In\u00edcio","item":"https:\/\/maetinganoticias.com\/"},{"@type":"ListItem","position":2,"name":"STF reconhece inconstitucionalidade do ass\u00e9dio judicial contra jornalistas"}]},{"@type":"WebSite","@id":"https:\/\/maetinganoticias.com\/#website","url":"https:\/\/maetinganoticias.com\/","name":"Maetinga Not\u00edcias","description":"A Voz do Interior Baiano!","publisher":{"@id":"https:\/\/maetinganoticias.com\/#organization"},"potentialAction":[{"@type":"SearchAction","target":{"@type":"EntryPoint","urlTemplate":"https:\/\/maetinganoticias.com\/?s={search_term_string}"},"query-input":{"@type":"PropertyValueSpecification","valueRequired":true,"valueName":"search_term_string"}}],"inLanguage":"pt-BR"},{"@type":"Organization","@id":"https:\/\/maetinganoticias.com\/#organization","name":"Maetinga Not\u00edcias","url":"https:\/\/maetinganoticias.com\/","logo":{"@type":"ImageObject","inLanguage":"pt-BR","@id":"https:\/\/maetinganoticias.com\/#\/schema\/logo\/image\/","url":"https:\/\/maetinganoticias.com\/wp-content\/uploads\/2023\/07\/cropped-cropped-cropped-cropped-BUSINESS-3-42-1.png","contentUrl":"https:\/\/maetinganoticias.com\/wp-content\/uploads\/2023\/07\/cropped-cropped-cropped-cropped-BUSINESS-3-42-1.png","width":485,"height":109,"caption":"Maetinga Not\u00edcias"},"image":{"@id":"https:\/\/maetinganoticias.com\/#\/schema\/logo\/image\/"}},{"@type":"Person","@id":"https:\/\/maetinganoticias.com\/#\/schema\/person\/968cf95e67a6810fc7fb35bbc9016962","name":"Maetinga Not\u00edcias","image":{"@type":"ImageObject","inLanguage":"pt-BR","@id":"https:\/\/secure.gravatar.com\/avatar\/32e078313a5ca37a6c8d44e716ed4f9e87ecfde7222d2b88a1424bd49654f187?s=96&d=mm&r=g","url":"https:\/\/secure.gravatar.com\/avatar\/32e078313a5ca37a6c8d44e716ed4f9e87ecfde7222d2b88a1424bd49654f187?s=96&d=mm&r=g","contentUrl":"https:\/\/secure.gravatar.com\/avatar\/32e078313a5ca37a6c8d44e716ed4f9e87ecfde7222d2b88a1424bd49654f187?s=96&d=mm&r=g","caption":"Maetinga Not\u00edcias"},"description":"A voz do Interior Baiano!","sameAs":["https:\/\/maetinganoticias.com","https:\/\/www.instagram.com\/blogmaetinganoticias\/"],"url":"https:\/\/maetinganoticias.com\/index.php\/author\/carlosvianna13\/"}]}},"_links":{"self":[{"href":"https:\/\/maetinganoticias.com\/index.php\/wp-json\/wp\/v2\/posts\/4643","targetHints":{"allow":["GET"]}}],"collection":[{"href":"https:\/\/maetinganoticias.com\/index.php\/wp-json\/wp\/v2\/posts"}],"about":[{"href":"https:\/\/maetinganoticias.com\/index.php\/wp-json\/wp\/v2\/types\/post"}],"author":[{"embeddable":true,"href":"https:\/\/maetinganoticias.com\/index.php\/wp-json\/wp\/v2\/users\/1"}],"replies":[{"embeddable":true,"href":"https:\/\/maetinganoticias.com\/index.php\/wp-json\/wp\/v2\/comments?post=4643"}],"version-history":[{"count":1,"href":"https:\/\/maetinganoticias.com\/index.php\/wp-json\/wp\/v2\/posts\/4643\/revisions"}],"predecessor-version":[{"id":4645,"href":"https:\/\/maetinganoticias.com\/index.php\/wp-json\/wp\/v2\/posts\/4643\/revisions\/4645"}],"wp:featuredmedia":[{"embeddable":true,"href":"https:\/\/maetinganoticias.com\/index.php\/wp-json\/wp\/v2\/media\/4644"}],"wp:attachment":[{"href":"https:\/\/maetinganoticias.com\/index.php\/wp-json\/wp\/v2\/media?parent=4643"}],"wp:term":[{"taxonomy":"category","embeddable":true,"href":"https:\/\/maetinganoticias.com\/index.php\/wp-json\/wp\/v2\/categories?post=4643"},{"taxonomy":"post_tag","embeddable":true,"href":"https:\/\/maetinganoticias.com\/index.php\/wp-json\/wp\/v2\/tags?post=4643"}],"curies":[{"name":"wp","href":"https:\/\/api.w.org\/{rel}","templated":true}]}}