{"id":4191,"date":"2024-04-27T09:38:32","date_gmt":"2024-04-27T12:38:32","guid":{"rendered":"https:\/\/maetinganoticias.com\/?p=4191"},"modified":"2024-04-27T09:38:33","modified_gmt":"2024-04-27T12:38:33","slug":"ministro-fux-pede-vista-e-interrompe-julgamento-da-desoneracao-da-folha","status":"publish","type":"post","link":"https:\/\/maetinganoticias.com\/index.php\/2024\/04\/27\/ministro-fux-pede-vista-e-interrompe-julgamento-da-desoneracao-da-folha\/","title":{"rendered":"Ministro Fux pede vista e interrompe julgamento da desonera\u00e7\u00e3o da folha"},"content":{"rendered":"\n<p><strong><em>Cinco ministros votaram a favor para manter suspens\u00e3o da medida<\/em><\/strong><\/p>\n\n\n\n<p>O Supremo Tribunal Federal (STF) tem cinco votos para manter a decis\u00e3o individual do ministro Cristiano Zanin que derrubou a desonera\u00e7\u00e3o de impostos sobre a folha de pagamento de 17 setores da economia e de determinados munic\u00edpios at\u00e9 2027. A Corte come\u00e7ou a julgar nesta sexta-feira (26) no plen\u00e1rio virtual se a liminar de Zanin ser\u00e1 referendada.\u00a0<\/p>\n\n\n\n<p>At\u00e9 o momento, o placar da vota\u00e7\u00e3o est\u00e1 5 votos a 0 pela manuten\u00e7\u00e3o da decis\u00e3o, que foi motivada por uma a\u00e7\u00e3o da Advocacia-Geral da Uni\u00e3o (AGU), \u00f3rg\u00e3o que representa o governo federal na Justi\u00e7a.<\/p>\n\n\n\n<p>Al\u00e9m de Zanin, os votos foram proferidos pelos ministros Fl\u00e1vio Dino, Lu\u00eds Roberto Barroso, Gilmar Mendes e Edson Fachin.&nbsp;<\/p>\n\n\n\n<p>Apesar dos votos, o julgamento foi interrompido por um pedido de vista feito pelo ministro Luiz Fux. N\u00e3o h\u00e1 data para a retomada do julgamento. A suspens\u00e3o da desonera\u00e7\u00e3o continua em validade.&nbsp;<\/p>\n\n\n\n<p>Na a\u00e7\u00e3o protocolada no STF, a AGU sustentou que a desonera\u00e7\u00e3o foi prorrogada at\u00e9 2027 pelo Congresso sem estabelecer o impacto financeiro da ren\u00fancia fiscal. A peti\u00e7\u00e3o foi assinada pelo presidente Luiz In\u00e1cio Lula da Silva e pelo advogado-geral da Uni\u00e3o (AGU), Jorge Messias.<\/p>\n\n\n\n<p>A a\u00e7\u00e3o tamb\u00e9m contestou a decis\u00e3o do presidente do Senado, Rodrigo Pacheco (PSD-MG), que invalidou o trecho da Medida Provis\u00f3ria (MP) 1.202\/2023. A MP derrubou a desonera\u00e7\u00e3o previdenci\u00e1ria para pequenas e m\u00e9dias prefeituras.<\/p>\n\n\n\n<p>Ao aceitar os argumentos da AGU, o ministro Cristiano Zanin\u00a0entendeu que a aprova\u00e7\u00e3o de desonera\u00e7\u00e3o pelo Congresso n\u00e3o indicou o impacto financeiro nas contas p\u00fablicas.<\/p>\n\n\n\n<p>&#8220;O quadro f\u00e1tico apresentado, inclusive com a edi\u00e7\u00e3o de subsequentes medidas provis\u00f3rias com o objetivo de reduzir o desequil\u00edbrio das contas p\u00fablicas indicam, neste ju\u00edzo preliminar, que h\u00e1 urg\u00eancia em se evitar verdadeiro desajuste fiscal de propor\u00e7\u00f5es bilion\u00e1rias e de dif\u00edcil saneamento caso o controle venha a ser feito apenas ao final do julgamento de m\u00e9rito&#8221;, justificou Zanin.<\/p>\n\n\n\n<p>Mais cedo, o\u00a0Senado recorreu da decis\u00e3o de Zanin\u00a0e pediu que o ministro reconsidere sua decis\u00e3o.\u00a0<\/p>\n\n\n\n<p>Fonte: Ag\u00eancia Brasil<\/p>\n","protected":false},"excerpt":{"rendered":"<p>Cinco ministros votaram a favor para manter suspens\u00e3o da medida O Supremo Tribunal Federal (STF) tem cinco votos para manter a decis\u00e3o individual do ministro Cristiano Zanin que derrubou a desonera\u00e7\u00e3o de impostos sobre a folha de pagamento de 17 setores da economia e de determinados munic\u00edpios at\u00e9 2027. A Corte come\u00e7ou a julgar nesta [&hellip;]<\/p>\n","protected":false},"author":1,"featured_media":4192,"comment_status":"open","ping_status":"open","sticky":false,"template":"","format":"standard","meta":{"om_disable_all_campaigns":false,"_monsterinsights_skip_tracking":false,"_monsterinsights_sitenote_active":false,"_monsterinsights_sitenote_note":"","_monsterinsights_sitenote_category":0,"_uf_show_specific_survey":0,"_uf_disable_surveys":false,"footnotes":""},"categories":[29],"tags":[924,643,222,925],"class_list":{"0":"post-4191","1":"post","2":"type-post","3":"status-publish","4":"format-standard","5":"has-post-thumbnail","7":"category-brasil","8":"tag-exoneracao-da-folha-de-pagamento","9":"tag-senado","10":"tag-stf","11":"tag-zanin"},"yoast_head":"<!-- This site is optimized with the Yoast SEO plugin v27.4 - https:\/\/yoast.com\/product\/yoast-seo-wordpress\/ -->\n<title>Ministro Fux pede vista e interrompe julgamento da desonera\u00e7\u00e3o da folha - Maetinga Not\u00edcias<\/title>\n<meta name=\"robots\" content=\"index, follow, max-snippet:-1, max-image-preview:large, max-video-preview:-1\" \/>\n<link rel=\"canonical\" href=\"https:\/\/maetinganoticias.com\/index.php\/2024\/04\/27\/ministro-fux-pede-vista-e-interrompe-julgamento-da-desoneracao-da-folha\/\" \/>\n<meta property=\"og:locale\" content=\"pt_BR\" \/>\n<meta property=\"og:type\" content=\"article\" \/>\n<meta property=\"og:title\" content=\"Ministro Fux pede vista e interrompe julgamento da desonera\u00e7\u00e3o da folha - Maetinga Not\u00edcias\" \/>\n<meta property=\"og:description\" content=\"Cinco ministros votaram a favor para manter suspens\u00e3o da medida O Supremo Tribunal Federal (STF) tem cinco votos para manter a decis\u00e3o individual do ministro Cristiano Zanin que derrubou a desonera\u00e7\u00e3o de impostos sobre a folha de pagamento de 17 setores da economia e de determinados munic\u00edpios at\u00e9 2027. A Corte come\u00e7ou a julgar nesta [&hellip;]\" \/>\n<meta property=\"og:url\" content=\"https:\/\/maetinganoticias.com\/index.php\/2024\/04\/27\/ministro-fux-pede-vista-e-interrompe-julgamento-da-desoneracao-da-folha\/\" \/>\n<meta property=\"og:site_name\" content=\"Maetinga Not\u00edcias\" \/>\n<meta property=\"article:published_time\" content=\"2024-04-27T12:38:32+00:00\" \/>\n<meta property=\"article:modified_time\" content=\"2024-04-27T12:38:33+00:00\" \/>\n<meta property=\"og:image\" content=\"https:\/\/maetinganoticias.com\/wp-content\/uploads\/2024\/04\/WhatsApp-Image-2024-04-27-at-09.35.38.jpeg\" \/>\n\t<meta property=\"og:image:width\" content=\"1170\" \/>\n\t<meta property=\"og:image:height\" content=\"700\" \/>\n\t<meta property=\"og:image:type\" content=\"image\/jpeg\" \/>\n<meta name=\"author\" content=\"Maetinga Not\u00edcias\" \/>\n<meta name=\"twitter:card\" content=\"summary_large_image\" \/>\n<meta name=\"twitter:label1\" content=\"Escrito por\" \/>\n\t<meta name=\"twitter:data1\" content=\"Maetinga Not\u00edcias\" \/>\n\t<meta name=\"twitter:label2\" content=\"Est. tempo de leitura\" \/>\n\t<meta name=\"twitter:data2\" content=\"3 minutos\" \/>\n<script type=\"application\/ld+json\" class=\"yoast-schema-graph\">{\"@context\":\"https:\\\/\\\/schema.org\",\"@graph\":[{\"@type\":[\"Article\",\"BlogPosting\"],\"@id\":\"https:\\\/\\\/maetinganoticias.com\\\/index.php\\\/2024\\\/04\\\/27\\\/ministro-fux-pede-vista-e-interrompe-julgamento-da-desoneracao-da-folha\\\/#article\",\"isPartOf\":{\"@id\":\"https:\\\/\\\/maetinganoticias.com\\\/index.php\\\/2024\\\/04\\\/27\\\/ministro-fux-pede-vista-e-interrompe-julgamento-da-desoneracao-da-folha\\\/\"},\"author\":{\"name\":\"Maetinga Not\u00edcias\",\"@id\":\"https:\\\/\\\/maetinganoticias.com\\\/#\\\/schema\\\/person\\\/968cf95e67a6810fc7fb35bbc9016962\"},\"headline\":\"Ministro Fux pede vista e interrompe julgamento da desonera\u00e7\u00e3o da folha\",\"datePublished\":\"2024-04-27T12:38:32+00:00\",\"dateModified\":\"2024-04-27T12:38:33+00:00\",\"mainEntityOfPage\":{\"@id\":\"https:\\\/\\\/maetinganoticias.com\\\/index.php\\\/2024\\\/04\\\/27\\\/ministro-fux-pede-vista-e-interrompe-julgamento-da-desoneracao-da-folha\\\/\"},\"wordCount\":391,\"commentCount\":0,\"publisher\":{\"@id\":\"https:\\\/\\\/maetinganoticias.com\\\/#organization\"},\"image\":{\"@id\":\"https:\\\/\\\/maetinganoticias.com\\\/index.php\\\/2024\\\/04\\\/27\\\/ministro-fux-pede-vista-e-interrompe-julgamento-da-desoneracao-da-folha\\\/#primaryimage\"},\"thumbnailUrl\":\"https:\\\/\\\/maetinganoticias.com\\\/wp-content\\\/uploads\\\/2024\\\/04\\\/WhatsApp-Image-2024-04-27-at-09.35.38.jpeg\",\"keywords\":[\"EXONERA\u00c7\u00c3O DA FOLHA DE PAGAMENTO\",\"SENADO\",\"stf\",\"ZANIN\"],\"articleSection\":[\"Brasil\"],\"inLanguage\":\"pt-BR\",\"potentialAction\":[{\"@type\":\"CommentAction\",\"name\":\"Comment\",\"target\":[\"https:\\\/\\\/maetinganoticias.com\\\/index.php\\\/2024\\\/04\\\/27\\\/ministro-fux-pede-vista-e-interrompe-julgamento-da-desoneracao-da-folha\\\/#respond\"]}]},{\"@type\":\"WebPage\",\"@id\":\"https:\\\/\\\/maetinganoticias.com\\\/index.php\\\/2024\\\/04\\\/27\\\/ministro-fux-pede-vista-e-interrompe-julgamento-da-desoneracao-da-folha\\\/\",\"url\":\"https:\\\/\\\/maetinganoticias.com\\\/index.php\\\/2024\\\/04\\\/27\\\/ministro-fux-pede-vista-e-interrompe-julgamento-da-desoneracao-da-folha\\\/\",\"name\":\"Ministro Fux pede vista e interrompe julgamento da desonera\u00e7\u00e3o da folha - Maetinga Not\u00edcias\",\"isPartOf\":{\"@id\":\"https:\\\/\\\/maetinganoticias.com\\\/#website\"},\"primaryImageOfPage\":{\"@id\":\"https:\\\/\\\/maetinganoticias.com\\\/index.php\\\/2024\\\/04\\\/27\\\/ministro-fux-pede-vista-e-interrompe-julgamento-da-desoneracao-da-folha\\\/#primaryimage\"},\"image\":{\"@id\":\"https:\\\/\\\/maetinganoticias.com\\\/index.php\\\/2024\\\/04\\\/27\\\/ministro-fux-pede-vista-e-interrompe-julgamento-da-desoneracao-da-folha\\\/#primaryimage\"},\"thumbnailUrl\":\"https:\\\/\\\/maetinganoticias.com\\\/wp-content\\\/uploads\\\/2024\\\/04\\\/WhatsApp-Image-2024-04-27-at-09.35.38.jpeg\",\"datePublished\":\"2024-04-27T12:38:32+00:00\",\"dateModified\":\"2024-04-27T12:38:33+00:00\",\"breadcrumb\":{\"@id\":\"https:\\\/\\\/maetinganoticias.com\\\/index.php\\\/2024\\\/04\\\/27\\\/ministro-fux-pede-vista-e-interrompe-julgamento-da-desoneracao-da-folha\\\/#breadcrumb\"},\"inLanguage\":\"pt-BR\",\"potentialAction\":[{\"@type\":\"ReadAction\",\"target\":[\"https:\\\/\\\/maetinganoticias.com\\\/index.php\\\/2024\\\/04\\\/27\\\/ministro-fux-pede-vista-e-interrompe-julgamento-da-desoneracao-da-folha\\\/\"]}]},{\"@type\":\"ImageObject\",\"inLanguage\":\"pt-BR\",\"@id\":\"https:\\\/\\\/maetinganoticias.com\\\/index.php\\\/2024\\\/04\\\/27\\\/ministro-fux-pede-vista-e-interrompe-julgamento-da-desoneracao-da-folha\\\/#primaryimage\",\"url\":\"https:\\\/\\\/maetinganoticias.com\\\/wp-content\\\/uploads\\\/2024\\\/04\\\/WhatsApp-Image-2024-04-27-at-09.35.38.jpeg\",\"contentUrl\":\"https:\\\/\\\/maetinganoticias.com\\\/wp-content\\\/uploads\\\/2024\\\/04\\\/WhatsApp-Image-2024-04-27-at-09.35.38.jpeg\",\"width\":1170,\"height\":700,\"caption\":\"Foto: Marcelo Casal Jr\\\/Ag\u00eancia Brasil\"},{\"@type\":\"BreadcrumbList\",\"@id\":\"https:\\\/\\\/maetinganoticias.com\\\/index.php\\\/2024\\\/04\\\/27\\\/ministro-fux-pede-vista-e-interrompe-julgamento-da-desoneracao-da-folha\\\/#breadcrumb\",\"itemListElement\":[{\"@type\":\"ListItem\",\"position\":1,\"name\":\"In\u00edcio\",\"item\":\"https:\\\/\\\/maetinganoticias.com\\\/\"},{\"@type\":\"ListItem\",\"position\":2,\"name\":\"Ministro Fux pede vista e interrompe julgamento da desonera\u00e7\u00e3o da folha\"}]},{\"@type\":\"WebSite\",\"@id\":\"https:\\\/\\\/maetinganoticias.com\\\/#website\",\"url\":\"https:\\\/\\\/maetinganoticias.com\\\/\",\"name\":\"Maetinga Not\u00edcias\",\"description\":\"A Voz do Interior Baiano!\",\"publisher\":{\"@id\":\"https:\\\/\\\/maetinganoticias.com\\\/#organization\"},\"potentialAction\":[{\"@type\":\"SearchAction\",\"target\":{\"@type\":\"EntryPoint\",\"urlTemplate\":\"https:\\\/\\\/maetinganoticias.com\\\/?s={search_term_string}\"},\"query-input\":{\"@type\":\"PropertyValueSpecification\",\"valueRequired\":true,\"valueName\":\"search_term_string\"}}],\"inLanguage\":\"pt-BR\"},{\"@type\":\"Organization\",\"@id\":\"https:\\\/\\\/maetinganoticias.com\\\/#organization\",\"name\":\"Maetinga Not\u00edcias\",\"url\":\"https:\\\/\\\/maetinganoticias.com\\\/\",\"logo\":{\"@type\":\"ImageObject\",\"inLanguage\":\"pt-BR\",\"@id\":\"https:\\\/\\\/maetinganoticias.com\\\/#\\\/schema\\\/logo\\\/image\\\/\",\"url\":\"https:\\\/\\\/maetinganoticias.com\\\/wp-content\\\/uploads\\\/2023\\\/07\\\/cropped-cropped-cropped-cropped-BUSINESS-3-42-1.png\",\"contentUrl\":\"https:\\\/\\\/maetinganoticias.com\\\/wp-content\\\/uploads\\\/2023\\\/07\\\/cropped-cropped-cropped-cropped-BUSINESS-3-42-1.png\",\"width\":485,\"height\":109,\"caption\":\"Maetinga Not\u00edcias\"},\"image\":{\"@id\":\"https:\\\/\\\/maetinganoticias.com\\\/#\\\/schema\\\/logo\\\/image\\\/\"}},{\"@type\":\"Person\",\"@id\":\"https:\\\/\\\/maetinganoticias.com\\\/#\\\/schema\\\/person\\\/968cf95e67a6810fc7fb35bbc9016962\",\"name\":\"Maetinga Not\u00edcias\",\"image\":{\"@type\":\"ImageObject\",\"inLanguage\":\"pt-BR\",\"@id\":\"https:\\\/\\\/secure.gravatar.com\\\/avatar\\\/32e078313a5ca37a6c8d44e716ed4f9e87ecfde7222d2b88a1424bd49654f187?s=96&d=mm&r=g\",\"url\":\"https:\\\/\\\/secure.gravatar.com\\\/avatar\\\/32e078313a5ca37a6c8d44e716ed4f9e87ecfde7222d2b88a1424bd49654f187?s=96&d=mm&r=g\",\"contentUrl\":\"https:\\\/\\\/secure.gravatar.com\\\/avatar\\\/32e078313a5ca37a6c8d44e716ed4f9e87ecfde7222d2b88a1424bd49654f187?s=96&d=mm&r=g\",\"caption\":\"Maetinga Not\u00edcias\"},\"description\":\"A voz do Interior Baiano!\",\"sameAs\":[\"https:\\\/\\\/maetinganoticias.com\",\"https:\\\/\\\/www.instagram.com\\\/blogmaetinganoticias\\\/\"],\"url\":\"https:\\\/\\\/maetinganoticias.com\\\/index.php\\\/author\\\/carlosvianna13\\\/\"}]}<\/script>\n<!-- \/ Yoast SEO plugin. -->","yoast_head_json":{"title":"Ministro Fux pede vista e interrompe julgamento da desonera\u00e7\u00e3o da folha - Maetinga Not\u00edcias","robots":{"index":"index","follow":"follow","max-snippet":"max-snippet:-1","max-image-preview":"max-image-preview:large","max-video-preview":"max-video-preview:-1"},"canonical":"https:\/\/maetinganoticias.com\/index.php\/2024\/04\/27\/ministro-fux-pede-vista-e-interrompe-julgamento-da-desoneracao-da-folha\/","og_locale":"pt_BR","og_type":"article","og_title":"Ministro Fux pede vista e interrompe julgamento da desonera\u00e7\u00e3o da folha - Maetinga Not\u00edcias","og_description":"Cinco ministros votaram a favor para manter suspens\u00e3o da medida O Supremo Tribunal Federal (STF) tem cinco votos para manter a decis\u00e3o individual do ministro Cristiano Zanin que derrubou a desonera\u00e7\u00e3o de impostos sobre a folha de pagamento de 17 setores da economia e de determinados munic\u00edpios at\u00e9 2027. A Corte come\u00e7ou a julgar nesta [&hellip;]","og_url":"https:\/\/maetinganoticias.com\/index.php\/2024\/04\/27\/ministro-fux-pede-vista-e-interrompe-julgamento-da-desoneracao-da-folha\/","og_site_name":"Maetinga Not\u00edcias","article_published_time":"2024-04-27T12:38:32+00:00","article_modified_time":"2024-04-27T12:38:33+00:00","og_image":[{"width":1170,"height":700,"url":"https:\/\/maetinganoticias.com\/wp-content\/uploads\/2024\/04\/WhatsApp-Image-2024-04-27-at-09.35.38.jpeg","type":"image\/jpeg"}],"author":"Maetinga Not\u00edcias","twitter_card":"summary_large_image","twitter_misc":{"Escrito por":"Maetinga Not\u00edcias","Est. tempo de leitura":"3 minutos"},"schema":{"@context":"https:\/\/schema.org","@graph":[{"@type":["Article","BlogPosting"],"@id":"https:\/\/maetinganoticias.com\/index.php\/2024\/04\/27\/ministro-fux-pede-vista-e-interrompe-julgamento-da-desoneracao-da-folha\/#article","isPartOf":{"@id":"https:\/\/maetinganoticias.com\/index.php\/2024\/04\/27\/ministro-fux-pede-vista-e-interrompe-julgamento-da-desoneracao-da-folha\/"},"author":{"name":"Maetinga Not\u00edcias","@id":"https:\/\/maetinganoticias.com\/#\/schema\/person\/968cf95e67a6810fc7fb35bbc9016962"},"headline":"Ministro Fux pede vista e interrompe julgamento da desonera\u00e7\u00e3o da folha","datePublished":"2024-04-27T12:38:32+00:00","dateModified":"2024-04-27T12:38:33+00:00","mainEntityOfPage":{"@id":"https:\/\/maetinganoticias.com\/index.php\/2024\/04\/27\/ministro-fux-pede-vista-e-interrompe-julgamento-da-desoneracao-da-folha\/"},"wordCount":391,"commentCount":0,"publisher":{"@id":"https:\/\/maetinganoticias.com\/#organization"},"image":{"@id":"https:\/\/maetinganoticias.com\/index.php\/2024\/04\/27\/ministro-fux-pede-vista-e-interrompe-julgamento-da-desoneracao-da-folha\/#primaryimage"},"thumbnailUrl":"https:\/\/maetinganoticias.com\/wp-content\/uploads\/2024\/04\/WhatsApp-Image-2024-04-27-at-09.35.38.jpeg","keywords":["EXONERA\u00c7\u00c3O DA FOLHA DE PAGAMENTO","SENADO","stf","ZANIN"],"articleSection":["Brasil"],"inLanguage":"pt-BR","potentialAction":[{"@type":"CommentAction","name":"Comment","target":["https:\/\/maetinganoticias.com\/index.php\/2024\/04\/27\/ministro-fux-pede-vista-e-interrompe-julgamento-da-desoneracao-da-folha\/#respond"]}]},{"@type":"WebPage","@id":"https:\/\/maetinganoticias.com\/index.php\/2024\/04\/27\/ministro-fux-pede-vista-e-interrompe-julgamento-da-desoneracao-da-folha\/","url":"https:\/\/maetinganoticias.com\/index.php\/2024\/04\/27\/ministro-fux-pede-vista-e-interrompe-julgamento-da-desoneracao-da-folha\/","name":"Ministro Fux pede vista e interrompe julgamento da desonera\u00e7\u00e3o da folha - Maetinga Not\u00edcias","isPartOf":{"@id":"https:\/\/maetinganoticias.com\/#website"},"primaryImageOfPage":{"@id":"https:\/\/maetinganoticias.com\/index.php\/2024\/04\/27\/ministro-fux-pede-vista-e-interrompe-julgamento-da-desoneracao-da-folha\/#primaryimage"},"image":{"@id":"https:\/\/maetinganoticias.com\/index.php\/2024\/04\/27\/ministro-fux-pede-vista-e-interrompe-julgamento-da-desoneracao-da-folha\/#primaryimage"},"thumbnailUrl":"https:\/\/maetinganoticias.com\/wp-content\/uploads\/2024\/04\/WhatsApp-Image-2024-04-27-at-09.35.38.jpeg","datePublished":"2024-04-27T12:38:32+00:00","dateModified":"2024-04-27T12:38:33+00:00","breadcrumb":{"@id":"https:\/\/maetinganoticias.com\/index.php\/2024\/04\/27\/ministro-fux-pede-vista-e-interrompe-julgamento-da-desoneracao-da-folha\/#breadcrumb"},"inLanguage":"pt-BR","potentialAction":[{"@type":"ReadAction","target":["https:\/\/maetinganoticias.com\/index.php\/2024\/04\/27\/ministro-fux-pede-vista-e-interrompe-julgamento-da-desoneracao-da-folha\/"]}]},{"@type":"ImageObject","inLanguage":"pt-BR","@id":"https:\/\/maetinganoticias.com\/index.php\/2024\/04\/27\/ministro-fux-pede-vista-e-interrompe-julgamento-da-desoneracao-da-folha\/#primaryimage","url":"https:\/\/maetinganoticias.com\/wp-content\/uploads\/2024\/04\/WhatsApp-Image-2024-04-27-at-09.35.38.jpeg","contentUrl":"https:\/\/maetinganoticias.com\/wp-content\/uploads\/2024\/04\/WhatsApp-Image-2024-04-27-at-09.35.38.jpeg","width":1170,"height":700,"caption":"Foto: Marcelo Casal Jr\/Ag\u00eancia Brasil"},{"@type":"BreadcrumbList","@id":"https:\/\/maetinganoticias.com\/index.php\/2024\/04\/27\/ministro-fux-pede-vista-e-interrompe-julgamento-da-desoneracao-da-folha\/#breadcrumb","itemListElement":[{"@type":"ListItem","position":1,"name":"In\u00edcio","item":"https:\/\/maetinganoticias.com\/"},{"@type":"ListItem","position":2,"name":"Ministro Fux pede vista e interrompe julgamento da desonera\u00e7\u00e3o da folha"}]},{"@type":"WebSite","@id":"https:\/\/maetinganoticias.com\/#website","url":"https:\/\/maetinganoticias.com\/","name":"Maetinga Not\u00edcias","description":"A Voz do Interior Baiano!","publisher":{"@id":"https:\/\/maetinganoticias.com\/#organization"},"potentialAction":[{"@type":"SearchAction","target":{"@type":"EntryPoint","urlTemplate":"https:\/\/maetinganoticias.com\/?s={search_term_string}"},"query-input":{"@type":"PropertyValueSpecification","valueRequired":true,"valueName":"search_term_string"}}],"inLanguage":"pt-BR"},{"@type":"Organization","@id":"https:\/\/maetinganoticias.com\/#organization","name":"Maetinga Not\u00edcias","url":"https:\/\/maetinganoticias.com\/","logo":{"@type":"ImageObject","inLanguage":"pt-BR","@id":"https:\/\/maetinganoticias.com\/#\/schema\/logo\/image\/","url":"https:\/\/maetinganoticias.com\/wp-content\/uploads\/2023\/07\/cropped-cropped-cropped-cropped-BUSINESS-3-42-1.png","contentUrl":"https:\/\/maetinganoticias.com\/wp-content\/uploads\/2023\/07\/cropped-cropped-cropped-cropped-BUSINESS-3-42-1.png","width":485,"height":109,"caption":"Maetinga Not\u00edcias"},"image":{"@id":"https:\/\/maetinganoticias.com\/#\/schema\/logo\/image\/"}},{"@type":"Person","@id":"https:\/\/maetinganoticias.com\/#\/schema\/person\/968cf95e67a6810fc7fb35bbc9016962","name":"Maetinga Not\u00edcias","image":{"@type":"ImageObject","inLanguage":"pt-BR","@id":"https:\/\/secure.gravatar.com\/avatar\/32e078313a5ca37a6c8d44e716ed4f9e87ecfde7222d2b88a1424bd49654f187?s=96&d=mm&r=g","url":"https:\/\/secure.gravatar.com\/avatar\/32e078313a5ca37a6c8d44e716ed4f9e87ecfde7222d2b88a1424bd49654f187?s=96&d=mm&r=g","contentUrl":"https:\/\/secure.gravatar.com\/avatar\/32e078313a5ca37a6c8d44e716ed4f9e87ecfde7222d2b88a1424bd49654f187?s=96&d=mm&r=g","caption":"Maetinga Not\u00edcias"},"description":"A voz do Interior Baiano!","sameAs":["https:\/\/maetinganoticias.com","https:\/\/www.instagram.com\/blogmaetinganoticias\/"],"url":"https:\/\/maetinganoticias.com\/index.php\/author\/carlosvianna13\/"}]}},"_links":{"self":[{"href":"https:\/\/maetinganoticias.com\/index.php\/wp-json\/wp\/v2\/posts\/4191","targetHints":{"allow":["GET"]}}],"collection":[{"href":"https:\/\/maetinganoticias.com\/index.php\/wp-json\/wp\/v2\/posts"}],"about":[{"href":"https:\/\/maetinganoticias.com\/index.php\/wp-json\/wp\/v2\/types\/post"}],"author":[{"embeddable":true,"href":"https:\/\/maetinganoticias.com\/index.php\/wp-json\/wp\/v2\/users\/1"}],"replies":[{"embeddable":true,"href":"https:\/\/maetinganoticias.com\/index.php\/wp-json\/wp\/v2\/comments?post=4191"}],"version-history":[{"count":1,"href":"https:\/\/maetinganoticias.com\/index.php\/wp-json\/wp\/v2\/posts\/4191\/revisions"}],"predecessor-version":[{"id":4193,"href":"https:\/\/maetinganoticias.com\/index.php\/wp-json\/wp\/v2\/posts\/4191\/revisions\/4193"}],"wp:featuredmedia":[{"embeddable":true,"href":"https:\/\/maetinganoticias.com\/index.php\/wp-json\/wp\/v2\/media\/4192"}],"wp:attachment":[{"href":"https:\/\/maetinganoticias.com\/index.php\/wp-json\/wp\/v2\/media?parent=4191"}],"wp:term":[{"taxonomy":"category","embeddable":true,"href":"https:\/\/maetinganoticias.com\/index.php\/wp-json\/wp\/v2\/categories?post=4191"},{"taxonomy":"post_tag","embeddable":true,"href":"https:\/\/maetinganoticias.com\/index.php\/wp-json\/wp\/v2\/tags?post=4191"}],"curies":[{"name":"wp","href":"https:\/\/api.w.org\/{rel}","templated":true}]}}