{"id":4186,"date":"2024-04-27T09:05:13","date_gmt":"2024-04-27T12:05:13","guid":{"rendered":"https:\/\/maetinganoticias.com\/?p=4186"},"modified":"2024-04-27T10:44:18","modified_gmt":"2024-04-27T13:44:18","slug":"prf-realiza-mais-um-leilao-de-veiculos-na-bahia","status":"publish","type":"post","link":"https:\/\/maetinganoticias.com\/index.php\/2024\/04\/27\/prf-realiza-mais-um-leilao-de-veiculos-na-bahia\/","title":{"rendered":"PRF realiza mais um leil\u00e3o de ve\u00edculos na Bahia"},"content":{"rendered":"\n<p><em><strong>Mais de 350 ve\u00edculos, entre conservados e sucatas, ser\u00e3o leiloados.<\/strong><\/em><\/p>\n\n\n\n<p>ASuperintend\u00eancia da Pol\u00edcia Rodovi\u00e1ria Federal na Bahia&nbsp; est\u00e1 promovendo leil\u00e3o de ve\u00edculos que ocorrer\u00e3o de forma exclusivamente online, atrav\u00e9s do&nbsp;<a href=\"https:\/\/www.danielgarcialeiloes.com.br\/\">site&nbsp;<\/a>do Leiloeiro P\u00fablico. O leil\u00e3o acontecer\u00e1 no dia 16 de maio, a partir das 9h.&nbsp;<\/p>\n\n\n\n<p>Entre os lotes dispon\u00edveis, h\u00e1 ve\u00edculos de terceiros recolhidos, classificados como conservados, isto \u00e9, ve\u00edculos pass\u00edveis de recupera\u00e7\u00e3o e com possibilidade de receber documenta\u00e7\u00e3o para regulariza\u00e7\u00e3o, tendo condi\u00e7\u00f5es de voltar a circular em via p\u00fablica, al\u00e9m de autom\u00f3veis classificados como sucatas aproveit\u00e1veis e sucatas aproveit\u00e1veis com motor inserv\u00edvel.<\/p>\n\n\n\n<p>Quem quiser fazer lances deve se cadastrar no site do leiloeiro, com no m\u00ednimo de 48 horas de anteced\u00eancia. Tanto pessoas f\u00edsicas quanto pessoas jur\u00eddicas podem participar. O cadastro pr\u00e9vio do usu\u00e1rio \u00e9 requisito indispens\u00e1vel para a participa\u00e7\u00e3o na forma online.<\/p>\n\n\n\n<p>Os pedidos de esclarecimentos referentes a este processo licitat\u00f3rio dever\u00e3o ser enviados \u00e0 Comiss\u00e3o Regional de Gest\u00e3o de P\u00e1tios e Leil\u00e3o BA (CRGPL-BA) at\u00e9 03 (tr\u00eas) dias \u00fateis anteriores \u00e0 data designada para abertura da sess\u00e3o p\u00fablica, por meio eletr\u00f4nico no endere\u00e7o gestao.patios.ba@prf.gov.br, ou protocoladas no endere\u00e7o indicado no Edital.<\/p>\n\n\n\n<p>&nbsp;<strong>Visita\u00e7\u00f5es P\u00fablicas<\/strong><\/p>\n\n\n\n<p>A visita\u00e7\u00e3o p\u00fablica dos lotes que ser\u00e3o leiloados poder\u00e1 ser feita nos p\u00e1tios relacionados abaixo, ocorrendo das 08:30h \u00e0s 17:00h dos dias 08, 09 e 10 de maio de 2024.<\/p>\n\n\n\n<figure class=\"wp-block-image size-large\"><img loading=\"lazy\" decoding=\"async\" width=\"1024\" height=\"522\" src=\"https:\/\/maetinganoticias.com\/wp-content\/uploads\/2024\/04\/pasted-image-0-1024x522.png\" alt=\"\" class=\"wp-image-4188\" srcset=\"https:\/\/maetinganoticias.com\/wp-content\/uploads\/2024\/04\/pasted-image-0-1024x522.png 1024w, https:\/\/maetinganoticias.com\/wp-content\/uploads\/2024\/04\/pasted-image-0-300x153.png 300w, https:\/\/maetinganoticias.com\/wp-content\/uploads\/2024\/04\/pasted-image-0-768x391.png 768w, https:\/\/maetinganoticias.com\/wp-content\/uploads\/2024\/04\/pasted-image-0-150x76.png 150w, https:\/\/maetinganoticias.com\/wp-content\/uploads\/2024\/04\/pasted-image-0-696x354.png 696w, https:\/\/maetinganoticias.com\/wp-content\/uploads\/2024\/04\/pasted-image-0-1068x544.png 1068w, https:\/\/maetinganoticias.com\/wp-content\/uploads\/2024\/04\/pasted-image-0-825x420.png 825w, https:\/\/maetinganoticias.com\/wp-content\/uploads\/2024\/04\/pasted-image-0.png 1237w\" sizes=\"auto, (max-width: 1024px) 100vw, 1024px\" \/><\/figure>\n\n\n\n<figure class=\"wp-block-image size-full\"><img loading=\"lazy\" decoding=\"async\" width=\"718\" height=\"670\" src=\"https:\/\/maetinganoticias.com\/wp-content\/uploads\/2024\/04\/pasted-image-0-1.png\" alt=\"\" class=\"wp-image-4189\" srcset=\"https:\/\/maetinganoticias.com\/wp-content\/uploads\/2024\/04\/pasted-image-0-1.png 718w, https:\/\/maetinganoticias.com\/wp-content\/uploads\/2024\/04\/pasted-image-0-1-300x280.png 300w, https:\/\/maetinganoticias.com\/wp-content\/uploads\/2024\/04\/pasted-image-0-1-150x140.png 150w, https:\/\/maetinganoticias.com\/wp-content\/uploads\/2024\/04\/pasted-image-0-1-696x649.png 696w, https:\/\/maetinganoticias.com\/wp-content\/uploads\/2024\/04\/pasted-image-0-1-450x420.png 450w\" sizes=\"auto, (max-width: 718px) 100vw, 718px\" \/><\/figure>\n\n\n\n<p>\u00c9 permitida, exclusivamente, a avalia\u00e7\u00e3o visual dos lotes, sendo vedado o seu manuseio, experimenta\u00e7\u00e3o, retirada\/substitui\u00e7\u00e3o de pe\u00e7as, etc. Durante a visita\u00e7\u00e3o, o interessado poder\u00e1 visualizar o ve\u00edculo internamente e externamente, inclusive o motor.<\/p>\n\n\n\n<p>A visita\u00e7\u00e3o ocorrer\u00e1 com o acompanhamento de um Policial Rodovi\u00e1rio Federal ou preposto indicado pelo Leiloeiro.<\/p>\n\n\n\n<p>Os interessados em participar dos leil\u00f5es devem acessar os editais completos&nbsp; e verificar todas as informa\u00e7\u00f5es. Os editais est\u00e3o dispon\u00edveis&nbsp; online no portal da PRF\/BA (https:\/\/www.gov.br\/prf\/pt-br\/assuntos\/pasta-leiloes\/estados\/bahia) e no site do Leiloeiro Oficial contratado (<a href=\"http:\/\/www.danielgarcialeiloes.com.br\/\">www.danielgarcialeiloes.com.br<\/a>).<\/p>\n\n\n\n<p>O leil\u00e3o de ve\u00edculos realizado pela PRF na Bahia traz diversos benef\u00edcios, incluindo a contribui\u00e7\u00e3o para a redu\u00e7\u00e3o de focos do mosquito da dengue. Ao retirar ve\u00edculos que estavam em p\u00e1tios por longos per\u00edodos, o leil\u00e3o ajuda a evitar o ac\u00famulo de \u00e1gua parada, ambiente prop\u00edcio para a prolifera\u00e7\u00e3o do mosquito transmissor da doen\u00e7a.<\/p>\n\n\n\n<p>Por: GOV.BR<\/p>\n","protected":false},"excerpt":{"rendered":"<p>Mais de 350 ve\u00edculos, entre conservados e sucatas, ser\u00e3o leiloados. ASuperintend\u00eancia da Pol\u00edcia Rodovi\u00e1ria Federal na Bahia&nbsp; est\u00e1 promovendo leil\u00e3o de ve\u00edculos que ocorrer\u00e3o de forma exclusivamente online, atrav\u00e9s do&nbsp;site&nbsp;do Leiloeiro P\u00fablico. O leil\u00e3o acontecer\u00e1 no dia 16 de maio, a partir das 9h.&nbsp; Entre os lotes dispon\u00edveis, h\u00e1 ve\u00edculos de terceiros recolhidos, classificados como [&hellip;]<\/p>\n","protected":false},"author":1,"featured_media":4187,"comment_status":"open","ping_status":"open","sticky":false,"template":"","format":"standard","meta":{"om_disable_all_campaigns":false,"_monsterinsights_skip_tracking":false,"_monsterinsights_sitenote_active":false,"_monsterinsights_sitenote_note":"","_monsterinsights_sitenote_category":0,"_uf_show_specific_survey":0,"_uf_disable_surveys":false,"footnotes":""},"categories":[40],"tags":[81,923,145],"class_list":{"0":"post-4186","1":"post","2":"type-post","3":"status-publish","4":"format-standard","5":"has-post-thumbnail","7":"category-bahia","8":"tag-bahia","9":"tag-leilao","10":"tag-sudoeste-da-bahia"},"yoast_head":"<!-- This site is optimized with the Yoast SEO plugin v27.4 - https:\/\/yoast.com\/product\/yoast-seo-wordpress\/ -->\n<title>PRF realiza mais um leil\u00e3o de ve\u00edculos na Bahia - Maetinga Not\u00edcias<\/title>\n<meta name=\"robots\" content=\"index, follow, max-snippet:-1, max-image-preview:large, max-video-preview:-1\" \/>\n<link rel=\"canonical\" href=\"https:\/\/maetinganoticias.com\/index.php\/2024\/04\/27\/prf-realiza-mais-um-leilao-de-veiculos-na-bahia\/\" \/>\n<meta property=\"og:locale\" content=\"pt_BR\" \/>\n<meta property=\"og:type\" content=\"article\" \/>\n<meta property=\"og:title\" content=\"PRF realiza mais um leil\u00e3o de ve\u00edculos na Bahia - Maetinga Not\u00edcias\" \/>\n<meta property=\"og:description\" content=\"Mais de 350 ve\u00edculos, entre conservados e sucatas, ser\u00e3o leiloados. ASuperintend\u00eancia da Pol\u00edcia Rodovi\u00e1ria Federal na Bahia&nbsp; est\u00e1 promovendo leil\u00e3o de ve\u00edculos que ocorrer\u00e3o de forma exclusivamente online, atrav\u00e9s do&nbsp;site&nbsp;do Leiloeiro P\u00fablico. O leil\u00e3o acontecer\u00e1 no dia 16 de maio, a partir das 9h.&nbsp; Entre os lotes dispon\u00edveis, h\u00e1 ve\u00edculos de terceiros recolhidos, classificados como [&hellip;]\" \/>\n<meta property=\"og:url\" content=\"https:\/\/maetinganoticias.com\/index.php\/2024\/04\/27\/prf-realiza-mais-um-leilao-de-veiculos-na-bahia\/\" \/>\n<meta property=\"og:site_name\" content=\"Maetinga Not\u00edcias\" \/>\n<meta property=\"article:published_time\" content=\"2024-04-27T12:05:13+00:00\" \/>\n<meta property=\"article:modified_time\" content=\"2024-04-27T13:44:18+00:00\" \/>\n<meta property=\"og:image\" content=\"https:\/\/maetinganoticias.com\/wp-content\/uploads\/2024\/04\/leilao-veiculos-bahia-26042024-vinny-publicidade.jpg\" \/>\n\t<meta property=\"og:image:width\" content=\"750\" \/>\n\t<meta property=\"og:image:height\" content=\"450\" \/>\n\t<meta property=\"og:image:type\" content=\"image\/jpeg\" \/>\n<meta name=\"author\" content=\"Maetinga Not\u00edcias\" \/>\n<meta name=\"twitter:card\" content=\"summary_large_image\" \/>\n<meta name=\"twitter:label1\" content=\"Escrito por\" \/>\n\t<meta name=\"twitter:data1\" content=\"Maetinga Not\u00edcias\" \/>\n\t<meta name=\"twitter:label2\" content=\"Est. tempo de leitura\" \/>\n\t<meta name=\"twitter:data2\" content=\"3 minutos\" \/>\n<script type=\"application\/ld+json\" class=\"yoast-schema-graph\">{\"@context\":\"https:\\\/\\\/schema.org\",\"@graph\":[{\"@type\":[\"Article\",\"BlogPosting\"],\"@id\":\"https:\\\/\\\/maetinganoticias.com\\\/index.php\\\/2024\\\/04\\\/27\\\/prf-realiza-mais-um-leilao-de-veiculos-na-bahia\\\/#article\",\"isPartOf\":{\"@id\":\"https:\\\/\\\/maetinganoticias.com\\\/index.php\\\/2024\\\/04\\\/27\\\/prf-realiza-mais-um-leilao-de-veiculos-na-bahia\\\/\"},\"author\":{\"name\":\"Maetinga Not\u00edcias\",\"@id\":\"https:\\\/\\\/maetinganoticias.com\\\/#\\\/schema\\\/person\\\/968cf95e67a6810fc7fb35bbc9016962\"},\"headline\":\"PRF realiza mais um leil\u00e3o de ve\u00edculos na Bahia\",\"datePublished\":\"2024-04-27T12:05:13+00:00\",\"dateModified\":\"2024-04-27T13:44:18+00:00\",\"mainEntityOfPage\":{\"@id\":\"https:\\\/\\\/maetinganoticias.com\\\/index.php\\\/2024\\\/04\\\/27\\\/prf-realiza-mais-um-leilao-de-veiculos-na-bahia\\\/\"},\"wordCount\":457,\"commentCount\":1,\"publisher\":{\"@id\":\"https:\\\/\\\/maetinganoticias.com\\\/#organization\"},\"image\":{\"@id\":\"https:\\\/\\\/maetinganoticias.com\\\/index.php\\\/2024\\\/04\\\/27\\\/prf-realiza-mais-um-leilao-de-veiculos-na-bahia\\\/#primaryimage\"},\"thumbnailUrl\":\"https:\\\/\\\/maetinganoticias.com\\\/wp-content\\\/uploads\\\/2024\\\/04\\\/leilao-veiculos-bahia-26042024-vinny-publicidade.jpg\",\"keywords\":[\"BAHIA\",\"LEIL\u00c3O\",\"SUDOESTE DA BAHIA\"],\"articleSection\":[\"Bahia\"],\"inLanguage\":\"pt-BR\",\"potentialAction\":[{\"@type\":\"CommentAction\",\"name\":\"Comment\",\"target\":[\"https:\\\/\\\/maetinganoticias.com\\\/index.php\\\/2024\\\/04\\\/27\\\/prf-realiza-mais-um-leilao-de-veiculos-na-bahia\\\/#respond\"]}]},{\"@type\":\"WebPage\",\"@id\":\"https:\\\/\\\/maetinganoticias.com\\\/index.php\\\/2024\\\/04\\\/27\\\/prf-realiza-mais-um-leilao-de-veiculos-na-bahia\\\/\",\"url\":\"https:\\\/\\\/maetinganoticias.com\\\/index.php\\\/2024\\\/04\\\/27\\\/prf-realiza-mais-um-leilao-de-veiculos-na-bahia\\\/\",\"name\":\"PRF realiza mais um leil\u00e3o de ve\u00edculos na Bahia - Maetinga Not\u00edcias\",\"isPartOf\":{\"@id\":\"https:\\\/\\\/maetinganoticias.com\\\/#website\"},\"primaryImageOfPage\":{\"@id\":\"https:\\\/\\\/maetinganoticias.com\\\/index.php\\\/2024\\\/04\\\/27\\\/prf-realiza-mais-um-leilao-de-veiculos-na-bahia\\\/#primaryimage\"},\"image\":{\"@id\":\"https:\\\/\\\/maetinganoticias.com\\\/index.php\\\/2024\\\/04\\\/27\\\/prf-realiza-mais-um-leilao-de-veiculos-na-bahia\\\/#primaryimage\"},\"thumbnailUrl\":\"https:\\\/\\\/maetinganoticias.com\\\/wp-content\\\/uploads\\\/2024\\\/04\\\/leilao-veiculos-bahia-26042024-vinny-publicidade.jpg\",\"datePublished\":\"2024-04-27T12:05:13+00:00\",\"dateModified\":\"2024-04-27T13:44:18+00:00\",\"breadcrumb\":{\"@id\":\"https:\\\/\\\/maetinganoticias.com\\\/index.php\\\/2024\\\/04\\\/27\\\/prf-realiza-mais-um-leilao-de-veiculos-na-bahia\\\/#breadcrumb\"},\"inLanguage\":\"pt-BR\",\"potentialAction\":[{\"@type\":\"ReadAction\",\"target\":[\"https:\\\/\\\/maetinganoticias.com\\\/index.php\\\/2024\\\/04\\\/27\\\/prf-realiza-mais-um-leilao-de-veiculos-na-bahia\\\/\"]}]},{\"@type\":\"ImageObject\",\"inLanguage\":\"pt-BR\",\"@id\":\"https:\\\/\\\/maetinganoticias.com\\\/index.php\\\/2024\\\/04\\\/27\\\/prf-realiza-mais-um-leilao-de-veiculos-na-bahia\\\/#primaryimage\",\"url\":\"https:\\\/\\\/maetinganoticias.com\\\/wp-content\\\/uploads\\\/2024\\\/04\\\/leilao-veiculos-bahia-26042024-vinny-publicidade.jpg\",\"contentUrl\":\"https:\\\/\\\/maetinganoticias.com\\\/wp-content\\\/uploads\\\/2024\\\/04\\\/leilao-veiculos-bahia-26042024-vinny-publicidade.jpg\",\"width\":750,\"height\":450,\"caption\":\"FOTO:GOV.BR\"},{\"@type\":\"BreadcrumbList\",\"@id\":\"https:\\\/\\\/maetinganoticias.com\\\/index.php\\\/2024\\\/04\\\/27\\\/prf-realiza-mais-um-leilao-de-veiculos-na-bahia\\\/#breadcrumb\",\"itemListElement\":[{\"@type\":\"ListItem\",\"position\":1,\"name\":\"In\u00edcio\",\"item\":\"https:\\\/\\\/maetinganoticias.com\\\/\"},{\"@type\":\"ListItem\",\"position\":2,\"name\":\"PRF realiza mais um leil\u00e3o de ve\u00edculos na Bahia\"}]},{\"@type\":\"WebSite\",\"@id\":\"https:\\\/\\\/maetinganoticias.com\\\/#website\",\"url\":\"https:\\\/\\\/maetinganoticias.com\\\/\",\"name\":\"Maetinga Not\u00edcias\",\"description\":\"A Voz do Interior Baiano!\",\"publisher\":{\"@id\":\"https:\\\/\\\/maetinganoticias.com\\\/#organization\"},\"potentialAction\":[{\"@type\":\"SearchAction\",\"target\":{\"@type\":\"EntryPoint\",\"urlTemplate\":\"https:\\\/\\\/maetinganoticias.com\\\/?s={search_term_string}\"},\"query-input\":{\"@type\":\"PropertyValueSpecification\",\"valueRequired\":true,\"valueName\":\"search_term_string\"}}],\"inLanguage\":\"pt-BR\"},{\"@type\":\"Organization\",\"@id\":\"https:\\\/\\\/maetinganoticias.com\\\/#organization\",\"name\":\"Maetinga Not\u00edcias\",\"url\":\"https:\\\/\\\/maetinganoticias.com\\\/\",\"logo\":{\"@type\":\"ImageObject\",\"inLanguage\":\"pt-BR\",\"@id\":\"https:\\\/\\\/maetinganoticias.com\\\/#\\\/schema\\\/logo\\\/image\\\/\",\"url\":\"https:\\\/\\\/maetinganoticias.com\\\/wp-content\\\/uploads\\\/2023\\\/07\\\/cropped-cropped-cropped-cropped-BUSINESS-3-42-1.png\",\"contentUrl\":\"https:\\\/\\\/maetinganoticias.com\\\/wp-content\\\/uploads\\\/2023\\\/07\\\/cropped-cropped-cropped-cropped-BUSINESS-3-42-1.png\",\"width\":485,\"height\":109,\"caption\":\"Maetinga Not\u00edcias\"},\"image\":{\"@id\":\"https:\\\/\\\/maetinganoticias.com\\\/#\\\/schema\\\/logo\\\/image\\\/\"}},{\"@type\":\"Person\",\"@id\":\"https:\\\/\\\/maetinganoticias.com\\\/#\\\/schema\\\/person\\\/968cf95e67a6810fc7fb35bbc9016962\",\"name\":\"Maetinga Not\u00edcias\",\"image\":{\"@type\":\"ImageObject\",\"inLanguage\":\"pt-BR\",\"@id\":\"https:\\\/\\\/secure.gravatar.com\\\/avatar\\\/32e078313a5ca37a6c8d44e716ed4f9e87ecfde7222d2b88a1424bd49654f187?s=96&d=mm&r=g\",\"url\":\"https:\\\/\\\/secure.gravatar.com\\\/avatar\\\/32e078313a5ca37a6c8d44e716ed4f9e87ecfde7222d2b88a1424bd49654f187?s=96&d=mm&r=g\",\"contentUrl\":\"https:\\\/\\\/secure.gravatar.com\\\/avatar\\\/32e078313a5ca37a6c8d44e716ed4f9e87ecfde7222d2b88a1424bd49654f187?s=96&d=mm&r=g\",\"caption\":\"Maetinga Not\u00edcias\"},\"description\":\"A voz do Interior Baiano!\",\"sameAs\":[\"https:\\\/\\\/maetinganoticias.com\",\"https:\\\/\\\/www.instagram.com\\\/blogmaetinganoticias\\\/\"],\"url\":\"https:\\\/\\\/maetinganoticias.com\\\/index.php\\\/author\\\/carlosvianna13\\\/\"}]}<\/script>\n<!-- \/ Yoast SEO plugin. -->","yoast_head_json":{"title":"PRF realiza mais um leil\u00e3o de ve\u00edculos na Bahia - Maetinga Not\u00edcias","robots":{"index":"index","follow":"follow","max-snippet":"max-snippet:-1","max-image-preview":"max-image-preview:large","max-video-preview":"max-video-preview:-1"},"canonical":"https:\/\/maetinganoticias.com\/index.php\/2024\/04\/27\/prf-realiza-mais-um-leilao-de-veiculos-na-bahia\/","og_locale":"pt_BR","og_type":"article","og_title":"PRF realiza mais um leil\u00e3o de ve\u00edculos na Bahia - Maetinga Not\u00edcias","og_description":"Mais de 350 ve\u00edculos, entre conservados e sucatas, ser\u00e3o leiloados. ASuperintend\u00eancia da Pol\u00edcia Rodovi\u00e1ria Federal na Bahia&nbsp; est\u00e1 promovendo leil\u00e3o de ve\u00edculos que ocorrer\u00e3o de forma exclusivamente online, atrav\u00e9s do&nbsp;site&nbsp;do Leiloeiro P\u00fablico. O leil\u00e3o acontecer\u00e1 no dia 16 de maio, a partir das 9h.&nbsp; Entre os lotes dispon\u00edveis, h\u00e1 ve\u00edculos de terceiros recolhidos, classificados como [&hellip;]","og_url":"https:\/\/maetinganoticias.com\/index.php\/2024\/04\/27\/prf-realiza-mais-um-leilao-de-veiculos-na-bahia\/","og_site_name":"Maetinga Not\u00edcias","article_published_time":"2024-04-27T12:05:13+00:00","article_modified_time":"2024-04-27T13:44:18+00:00","og_image":[{"width":750,"height":450,"url":"https:\/\/maetinganoticias.com\/wp-content\/uploads\/2024\/04\/leilao-veiculos-bahia-26042024-vinny-publicidade.jpg","type":"image\/jpeg"}],"author":"Maetinga Not\u00edcias","twitter_card":"summary_large_image","twitter_misc":{"Escrito por":"Maetinga Not\u00edcias","Est. tempo de leitura":"3 minutos"},"schema":{"@context":"https:\/\/schema.org","@graph":[{"@type":["Article","BlogPosting"],"@id":"https:\/\/maetinganoticias.com\/index.php\/2024\/04\/27\/prf-realiza-mais-um-leilao-de-veiculos-na-bahia\/#article","isPartOf":{"@id":"https:\/\/maetinganoticias.com\/index.php\/2024\/04\/27\/prf-realiza-mais-um-leilao-de-veiculos-na-bahia\/"},"author":{"name":"Maetinga Not\u00edcias","@id":"https:\/\/maetinganoticias.com\/#\/schema\/person\/968cf95e67a6810fc7fb35bbc9016962"},"headline":"PRF realiza mais um leil\u00e3o de ve\u00edculos na Bahia","datePublished":"2024-04-27T12:05:13+00:00","dateModified":"2024-04-27T13:44:18+00:00","mainEntityOfPage":{"@id":"https:\/\/maetinganoticias.com\/index.php\/2024\/04\/27\/prf-realiza-mais-um-leilao-de-veiculos-na-bahia\/"},"wordCount":457,"commentCount":1,"publisher":{"@id":"https:\/\/maetinganoticias.com\/#organization"},"image":{"@id":"https:\/\/maetinganoticias.com\/index.php\/2024\/04\/27\/prf-realiza-mais-um-leilao-de-veiculos-na-bahia\/#primaryimage"},"thumbnailUrl":"https:\/\/maetinganoticias.com\/wp-content\/uploads\/2024\/04\/leilao-veiculos-bahia-26042024-vinny-publicidade.jpg","keywords":["BAHIA","LEIL\u00c3O","SUDOESTE DA BAHIA"],"articleSection":["Bahia"],"inLanguage":"pt-BR","potentialAction":[{"@type":"CommentAction","name":"Comment","target":["https:\/\/maetinganoticias.com\/index.php\/2024\/04\/27\/prf-realiza-mais-um-leilao-de-veiculos-na-bahia\/#respond"]}]},{"@type":"WebPage","@id":"https:\/\/maetinganoticias.com\/index.php\/2024\/04\/27\/prf-realiza-mais-um-leilao-de-veiculos-na-bahia\/","url":"https:\/\/maetinganoticias.com\/index.php\/2024\/04\/27\/prf-realiza-mais-um-leilao-de-veiculos-na-bahia\/","name":"PRF realiza mais um leil\u00e3o de ve\u00edculos na Bahia - Maetinga Not\u00edcias","isPartOf":{"@id":"https:\/\/maetinganoticias.com\/#website"},"primaryImageOfPage":{"@id":"https:\/\/maetinganoticias.com\/index.php\/2024\/04\/27\/prf-realiza-mais-um-leilao-de-veiculos-na-bahia\/#primaryimage"},"image":{"@id":"https:\/\/maetinganoticias.com\/index.php\/2024\/04\/27\/prf-realiza-mais-um-leilao-de-veiculos-na-bahia\/#primaryimage"},"thumbnailUrl":"https:\/\/maetinganoticias.com\/wp-content\/uploads\/2024\/04\/leilao-veiculos-bahia-26042024-vinny-publicidade.jpg","datePublished":"2024-04-27T12:05:13+00:00","dateModified":"2024-04-27T13:44:18+00:00","breadcrumb":{"@id":"https:\/\/maetinganoticias.com\/index.php\/2024\/04\/27\/prf-realiza-mais-um-leilao-de-veiculos-na-bahia\/#breadcrumb"},"inLanguage":"pt-BR","potentialAction":[{"@type":"ReadAction","target":["https:\/\/maetinganoticias.com\/index.php\/2024\/04\/27\/prf-realiza-mais-um-leilao-de-veiculos-na-bahia\/"]}]},{"@type":"ImageObject","inLanguage":"pt-BR","@id":"https:\/\/maetinganoticias.com\/index.php\/2024\/04\/27\/prf-realiza-mais-um-leilao-de-veiculos-na-bahia\/#primaryimage","url":"https:\/\/maetinganoticias.com\/wp-content\/uploads\/2024\/04\/leilao-veiculos-bahia-26042024-vinny-publicidade.jpg","contentUrl":"https:\/\/maetinganoticias.com\/wp-content\/uploads\/2024\/04\/leilao-veiculos-bahia-26042024-vinny-publicidade.jpg","width":750,"height":450,"caption":"FOTO:GOV.BR"},{"@type":"BreadcrumbList","@id":"https:\/\/maetinganoticias.com\/index.php\/2024\/04\/27\/prf-realiza-mais-um-leilao-de-veiculos-na-bahia\/#breadcrumb","itemListElement":[{"@type":"ListItem","position":1,"name":"In\u00edcio","item":"https:\/\/maetinganoticias.com\/"},{"@type":"ListItem","position":2,"name":"PRF realiza mais um leil\u00e3o de ve\u00edculos na Bahia"}]},{"@type":"WebSite","@id":"https:\/\/maetinganoticias.com\/#website","url":"https:\/\/maetinganoticias.com\/","name":"Maetinga Not\u00edcias","description":"A Voz do Interior Baiano!","publisher":{"@id":"https:\/\/maetinganoticias.com\/#organization"},"potentialAction":[{"@type":"SearchAction","target":{"@type":"EntryPoint","urlTemplate":"https:\/\/maetinganoticias.com\/?s={search_term_string}"},"query-input":{"@type":"PropertyValueSpecification","valueRequired":true,"valueName":"search_term_string"}}],"inLanguage":"pt-BR"},{"@type":"Organization","@id":"https:\/\/maetinganoticias.com\/#organization","name":"Maetinga Not\u00edcias","url":"https:\/\/maetinganoticias.com\/","logo":{"@type":"ImageObject","inLanguage":"pt-BR","@id":"https:\/\/maetinganoticias.com\/#\/schema\/logo\/image\/","url":"https:\/\/maetinganoticias.com\/wp-content\/uploads\/2023\/07\/cropped-cropped-cropped-cropped-BUSINESS-3-42-1.png","contentUrl":"https:\/\/maetinganoticias.com\/wp-content\/uploads\/2023\/07\/cropped-cropped-cropped-cropped-BUSINESS-3-42-1.png","width":485,"height":109,"caption":"Maetinga Not\u00edcias"},"image":{"@id":"https:\/\/maetinganoticias.com\/#\/schema\/logo\/image\/"}},{"@type":"Person","@id":"https:\/\/maetinganoticias.com\/#\/schema\/person\/968cf95e67a6810fc7fb35bbc9016962","name":"Maetinga Not\u00edcias","image":{"@type":"ImageObject","inLanguage":"pt-BR","@id":"https:\/\/secure.gravatar.com\/avatar\/32e078313a5ca37a6c8d44e716ed4f9e87ecfde7222d2b88a1424bd49654f187?s=96&d=mm&r=g","url":"https:\/\/secure.gravatar.com\/avatar\/32e078313a5ca37a6c8d44e716ed4f9e87ecfde7222d2b88a1424bd49654f187?s=96&d=mm&r=g","contentUrl":"https:\/\/secure.gravatar.com\/avatar\/32e078313a5ca37a6c8d44e716ed4f9e87ecfde7222d2b88a1424bd49654f187?s=96&d=mm&r=g","caption":"Maetinga Not\u00edcias"},"description":"A voz do Interior Baiano!","sameAs":["https:\/\/maetinganoticias.com","https:\/\/www.instagram.com\/blogmaetinganoticias\/"],"url":"https:\/\/maetinganoticias.com\/index.php\/author\/carlosvianna13\/"}]}},"_links":{"self":[{"href":"https:\/\/maetinganoticias.com\/index.php\/wp-json\/wp\/v2\/posts\/4186","targetHints":{"allow":["GET"]}}],"collection":[{"href":"https:\/\/maetinganoticias.com\/index.php\/wp-json\/wp\/v2\/posts"}],"about":[{"href":"https:\/\/maetinganoticias.com\/index.php\/wp-json\/wp\/v2\/types\/post"}],"author":[{"embeddable":true,"href":"https:\/\/maetinganoticias.com\/index.php\/wp-json\/wp\/v2\/users\/1"}],"replies":[{"embeddable":true,"href":"https:\/\/maetinganoticias.com\/index.php\/wp-json\/wp\/v2\/comments?post=4186"}],"version-history":[{"count":2,"href":"https:\/\/maetinganoticias.com\/index.php\/wp-json\/wp\/v2\/posts\/4186\/revisions"}],"predecessor-version":[{"id":4195,"href":"https:\/\/maetinganoticias.com\/index.php\/wp-json\/wp\/v2\/posts\/4186\/revisions\/4195"}],"wp:featuredmedia":[{"embeddable":true,"href":"https:\/\/maetinganoticias.com\/index.php\/wp-json\/wp\/v2\/media\/4187"}],"wp:attachment":[{"href":"https:\/\/maetinganoticias.com\/index.php\/wp-json\/wp\/v2\/media?parent=4186"}],"wp:term":[{"taxonomy":"category","embeddable":true,"href":"https:\/\/maetinganoticias.com\/index.php\/wp-json\/wp\/v2\/categories?post=4186"},{"taxonomy":"post_tag","embeddable":true,"href":"https:\/\/maetinganoticias.com\/index.php\/wp-json\/wp\/v2\/tags?post=4186"}],"curies":[{"name":"wp","href":"https:\/\/api.w.org\/{rel}","templated":true}]}}