{"id":4154,"date":"2024-04-24T17:47:23","date_gmt":"2024-04-24T20:47:23","guid":{"rendered":"https:\/\/maetinganoticias.com\/?p=4154"},"modified":"2024-04-24T18:53:57","modified_gmt":"2024-04-24T21:53:57","slug":"permanencia-de-bolsonaro-em-embaixada-da-hungria-nao-desrespeitou-medidas-cautelares-decide-stf","status":"publish","type":"post","link":"https:\/\/maetinganoticias.com\/index.php\/2024\/04\/24\/permanencia-de-bolsonaro-em-embaixada-da-hungria-nao-desrespeitou-medidas-cautelares-decide-stf\/","title":{"rendered":"Perman\u00eancia de Bolsonaro em Embaixada da Hungria n\u00e3o desrespeitou medidas cautelares, decide STF"},"content":{"rendered":"\n<p>O ministro Alexandre de Moraes, do Supremo Tribunal Federal (STF), concluiu nesta quarta-feira (24) que n\u00e3o h\u00e1 provas de que o ex-presidente Jair Bolsonaro\u00a0pediria asilo ao permanecer por dois dias na Embaixada da Hungria, em Bras\u00edlia, em fevereiro deste ano. A estadia de Bolsonaro na embaixada foi divulgada pelo jornal\u00a0<em>The New York Times<\/em>.\u00a0<\/p>\n\n\n\n<p>Ao avaliar o caso, Moraes argumentou que o ex-presidente n\u00e3o violou a medida cautelar que o pro\u00edbe de se ausentar do pa\u00eds.<\/p>\n\n\n\n<p>&#8220;N\u00e3o h\u00e1 elementos concretos que indiquem efetivamente que o investigado pretendia a obten\u00e7\u00e3o de asilo diplom\u00e1tico para evadir-se do pa\u00eds e, consequentemente, prejudicar a investiga\u00e7\u00e3o criminal em andamento&#8221;, afirmou o ministro.<\/p>\n\n\n\n<p>Moraes, no entanto,&nbsp;manteve a apreens\u00e3o do passaporte do ex-presidente. A reten\u00e7\u00e3o do documento e a proibi\u00e7\u00e3o de sair do pa\u00eds foram determinadas pelo ministro ap\u00f3s Bolsonaro ser alvo de uma busca e&nbsp;apreens\u00e3o durante a Opera\u00e7\u00e3o Tempus Veritatis, que investiga a tentativa de golpe de Estado no pa\u00eds ap\u00f3s o resultado das elei\u00e7\u00f5es de 2022.<\/p>\n\n\n\n<p>&#8220;A situa\u00e7\u00e3o f\u00e1tica permanece inalterada, n\u00e3o havendo necessidade de altera\u00e7\u00e3o nas medidas cautelares j\u00e1 determinadas&#8221;, escreveu Moraes.&nbsp;<\/p>\n\n\n\n<h2 class=\"wp-block-heading\">Hospedagem<\/h2>\n\n\n\n<p>A estadia de Bolsonaro na embaixada foi divulgada pelo jornal&nbsp;<em>The New York Times<\/em>. O jornal analisou as imagens das c\u00e2meras de seguran\u00e7a do local e imagens de sat\u00e9lite, que mostram que ele chegou no dia 12 de fevereiro \u00e0 tarde e saiu na tarde do dia 14 de fevereiro.<\/p>\n\n\n\n<p>As imagens mostram que a embaixada estava praticamente vazia, exceto por alguns diplomatas h\u00fangaros que moram no local. Segundo o jornal, os funcion\u00e1rios estavam de f\u00e9rias e a estadia de Bolsonaro ocorreu durante o feriado de carnaval.<\/p>\n\n\n\n<p>Segundo a reportagem, no dia 14 de fevereiro os diplomatas h\u00fangaros contataram os funcion\u00e1rios brasileiros, que deveriam retornar ao trabalho no dia seguinte, dando a orienta\u00e7\u00e3o para que ficassem em casa pelo resto da semana.<\/p>\n\n\n\n<p>Bolsonaro \u00e9 aliado do primeiro-ministro da Hungria, Viktor Orb\u00e1n, que esteve na posse do ex-presidente em 2018. Em 2022, Bolsonaro visitou Budapeste, capital h\u00fangara, e foi recebido por Orb\u00e1n. Ambos trocam constantes elogios p\u00fablicos.<\/p>\n\n\n\n<p>Edi\u00e7\u00e3o: Fernando Fraga\/Ag\u00eancia Brasil<\/p>\n","protected":false},"excerpt":{"rendered":"<p>O ministro Alexandre de Moraes, do Supremo Tribunal Federal (STF), concluiu nesta quarta-feira (24) que n\u00e3o h\u00e1 provas de que o ex-presidente Jair Bolsonaro\u00a0pediria asilo ao permanecer por dois dias na Embaixada da Hungria, em Bras\u00edlia, em fevereiro deste ano. A estadia de Bolsonaro na embaixada foi divulgada pelo jornal\u00a0The New York Times.\u00a0 Ao avaliar [&hellip;]<\/p>\n","protected":false},"author":1,"featured_media":4155,"comment_status":"open","ping_status":"open","sticky":false,"template":"","format":"standard","meta":{"om_disable_all_campaigns":false,"_monsterinsights_skip_tracking":false,"_monsterinsights_sitenote_active":false,"_monsterinsights_sitenote_note":"","_monsterinsights_sitenote_category":0,"_uf_show_specific_survey":0,"_uf_disable_surveys":false,"footnotes":""},"categories":[29],"tags":[542,164,505],"class_list":{"0":"post-4154","1":"post","2":"type-post","3":"status-publish","4":"format-standard","5":"has-post-thumbnail","7":"category-brasil","8":"tag-bolsonaro","9":"tag-brasil","10":"tag-tse"},"yoast_head":"<!-- This site is optimized with the Yoast SEO plugin v27.4 - https:\/\/yoast.com\/product\/yoast-seo-wordpress\/ -->\n<title>Perman\u00eancia de Bolsonaro em Embaixada da Hungria n\u00e3o desrespeitou medidas cautelares, decide STF - Maetinga Not\u00edcias<\/title>\n<meta name=\"robots\" content=\"index, follow, max-snippet:-1, max-image-preview:large, max-video-preview:-1\" \/>\n<link rel=\"canonical\" href=\"https:\/\/maetinganoticias.com\/index.php\/2024\/04\/24\/permanencia-de-bolsonaro-em-embaixada-da-hungria-nao-desrespeitou-medidas-cautelares-decide-stf\/\" \/>\n<meta property=\"og:locale\" content=\"pt_BR\" \/>\n<meta property=\"og:type\" content=\"article\" \/>\n<meta property=\"og:title\" content=\"Perman\u00eancia de Bolsonaro em Embaixada da Hungria n\u00e3o desrespeitou medidas cautelares, decide STF - Maetinga Not\u00edcias\" \/>\n<meta property=\"og:description\" content=\"O ministro Alexandre de Moraes, do Supremo Tribunal Federal (STF), concluiu nesta quarta-feira (24) que n\u00e3o h\u00e1 provas de que o ex-presidente Jair Bolsonaro\u00a0pediria asilo ao permanecer por dois dias na Embaixada da Hungria, em Bras\u00edlia, em fevereiro deste ano. A estadia de Bolsonaro na embaixada foi divulgada pelo jornal\u00a0The New York Times.\u00a0 Ao avaliar [&hellip;]\" \/>\n<meta property=\"og:url\" content=\"https:\/\/maetinganoticias.com\/index.php\/2024\/04\/24\/permanencia-de-bolsonaro-em-embaixada-da-hungria-nao-desrespeitou-medidas-cautelares-decide-stf\/\" \/>\n<meta property=\"og:site_name\" content=\"Maetinga Not\u00edcias\" \/>\n<meta property=\"article:published_time\" content=\"2024-04-24T20:47:23+00:00\" \/>\n<meta property=\"article:modified_time\" content=\"2024-04-24T21:53:57+00:00\" \/>\n<meta property=\"og:image\" content=\"https:\/\/maetinganoticias.com\/wp-content\/uploads\/2024\/04\/WhatsApp-Image-2024-04-24-at-17.46.45.jpeg\" \/>\n\t<meta property=\"og:image:width\" content=\"1170\" \/>\n\t<meta property=\"og:image:height\" content=\"700\" \/>\n\t<meta property=\"og:image:type\" content=\"image\/jpeg\" \/>\n<meta name=\"author\" content=\"Maetinga Not\u00edcias\" \/>\n<meta name=\"twitter:card\" content=\"summary_large_image\" \/>\n<meta name=\"twitter:label1\" content=\"Escrito por\" \/>\n\t<meta name=\"twitter:data1\" content=\"Maetinga Not\u00edcias\" \/>\n\t<meta name=\"twitter:label2\" content=\"Est. tempo de leitura\" \/>\n\t<meta name=\"twitter:data2\" content=\"1 minuto\" \/>\n<script type=\"application\/ld+json\" class=\"yoast-schema-graph\">{\"@context\":\"https:\\\/\\\/schema.org\",\"@graph\":[{\"@type\":[\"Article\",\"BlogPosting\"],\"@id\":\"https:\\\/\\\/maetinganoticias.com\\\/index.php\\\/2024\\\/04\\\/24\\\/permanencia-de-bolsonaro-em-embaixada-da-hungria-nao-desrespeitou-medidas-cautelares-decide-stf\\\/#article\",\"isPartOf\":{\"@id\":\"https:\\\/\\\/maetinganoticias.com\\\/index.php\\\/2024\\\/04\\\/24\\\/permanencia-de-bolsonaro-em-embaixada-da-hungria-nao-desrespeitou-medidas-cautelares-decide-stf\\\/\"},\"author\":{\"name\":\"Maetinga Not\u00edcias\",\"@id\":\"https:\\\/\\\/maetinganoticias.com\\\/#\\\/schema\\\/person\\\/968cf95e67a6810fc7fb35bbc9016962\"},\"headline\":\"Perman\u00eancia de Bolsonaro em Embaixada da Hungria n\u00e3o desrespeitou medidas cautelares, decide STF\",\"datePublished\":\"2024-04-24T20:47:23+00:00\",\"dateModified\":\"2024-04-24T21:53:57+00:00\",\"mainEntityOfPage\":{\"@id\":\"https:\\\/\\\/maetinganoticias.com\\\/index.php\\\/2024\\\/04\\\/24\\\/permanencia-de-bolsonaro-em-embaixada-da-hungria-nao-desrespeitou-medidas-cautelares-decide-stf\\\/\"},\"wordCount\":392,\"commentCount\":0,\"publisher\":{\"@id\":\"https:\\\/\\\/maetinganoticias.com\\\/#organization\"},\"image\":{\"@id\":\"https:\\\/\\\/maetinganoticias.com\\\/index.php\\\/2024\\\/04\\\/24\\\/permanencia-de-bolsonaro-em-embaixada-da-hungria-nao-desrespeitou-medidas-cautelares-decide-stf\\\/#primaryimage\"},\"thumbnailUrl\":\"https:\\\/\\\/maetinganoticias.com\\\/wp-content\\\/uploads\\\/2024\\\/04\\\/WhatsApp-Image-2024-04-24-at-17.46.45.jpeg\",\"keywords\":[\"BOLSONARO\",\"BRASIL\",\"TSE\"],\"articleSection\":[\"Brasil\"],\"inLanguage\":\"pt-BR\",\"potentialAction\":[{\"@type\":\"CommentAction\",\"name\":\"Comment\",\"target\":[\"https:\\\/\\\/maetinganoticias.com\\\/index.php\\\/2024\\\/04\\\/24\\\/permanencia-de-bolsonaro-em-embaixada-da-hungria-nao-desrespeitou-medidas-cautelares-decide-stf\\\/#respond\"]}]},{\"@type\":\"WebPage\",\"@id\":\"https:\\\/\\\/maetinganoticias.com\\\/index.php\\\/2024\\\/04\\\/24\\\/permanencia-de-bolsonaro-em-embaixada-da-hungria-nao-desrespeitou-medidas-cautelares-decide-stf\\\/\",\"url\":\"https:\\\/\\\/maetinganoticias.com\\\/index.php\\\/2024\\\/04\\\/24\\\/permanencia-de-bolsonaro-em-embaixada-da-hungria-nao-desrespeitou-medidas-cautelares-decide-stf\\\/\",\"name\":\"Perman\u00eancia de Bolsonaro em Embaixada da Hungria n\u00e3o desrespeitou medidas cautelares, decide STF - Maetinga Not\u00edcias\",\"isPartOf\":{\"@id\":\"https:\\\/\\\/maetinganoticias.com\\\/#website\"},\"primaryImageOfPage\":{\"@id\":\"https:\\\/\\\/maetinganoticias.com\\\/index.php\\\/2024\\\/04\\\/24\\\/permanencia-de-bolsonaro-em-embaixada-da-hungria-nao-desrespeitou-medidas-cautelares-decide-stf\\\/#primaryimage\"},\"image\":{\"@id\":\"https:\\\/\\\/maetinganoticias.com\\\/index.php\\\/2024\\\/04\\\/24\\\/permanencia-de-bolsonaro-em-embaixada-da-hungria-nao-desrespeitou-medidas-cautelares-decide-stf\\\/#primaryimage\"},\"thumbnailUrl\":\"https:\\\/\\\/maetinganoticias.com\\\/wp-content\\\/uploads\\\/2024\\\/04\\\/WhatsApp-Image-2024-04-24-at-17.46.45.jpeg\",\"datePublished\":\"2024-04-24T20:47:23+00:00\",\"dateModified\":\"2024-04-24T21:53:57+00:00\",\"breadcrumb\":{\"@id\":\"https:\\\/\\\/maetinganoticias.com\\\/index.php\\\/2024\\\/04\\\/24\\\/permanencia-de-bolsonaro-em-embaixada-da-hungria-nao-desrespeitou-medidas-cautelares-decide-stf\\\/#breadcrumb\"},\"inLanguage\":\"pt-BR\",\"potentialAction\":[{\"@type\":\"ReadAction\",\"target\":[\"https:\\\/\\\/maetinganoticias.com\\\/index.php\\\/2024\\\/04\\\/24\\\/permanencia-de-bolsonaro-em-embaixada-da-hungria-nao-desrespeitou-medidas-cautelares-decide-stf\\\/\"]}]},{\"@type\":\"ImageObject\",\"inLanguage\":\"pt-BR\",\"@id\":\"https:\\\/\\\/maetinganoticias.com\\\/index.php\\\/2024\\\/04\\\/24\\\/permanencia-de-bolsonaro-em-embaixada-da-hungria-nao-desrespeitou-medidas-cautelares-decide-stf\\\/#primaryimage\",\"url\":\"https:\\\/\\\/maetinganoticias.com\\\/wp-content\\\/uploads\\\/2024\\\/04\\\/WhatsApp-Image-2024-04-24-at-17.46.45.jpeg\",\"contentUrl\":\"https:\\\/\\\/maetinganoticias.com\\\/wp-content\\\/uploads\\\/2024\\\/04\\\/WhatsApp-Image-2024-04-24-at-17.46.45.jpeg\",\"width\":1170,\"height\":700,\"caption\":\"Foto - Divulga\u00e7\u00e3o \\\/ Embaixada da Hungria\"},{\"@type\":\"BreadcrumbList\",\"@id\":\"https:\\\/\\\/maetinganoticias.com\\\/index.php\\\/2024\\\/04\\\/24\\\/permanencia-de-bolsonaro-em-embaixada-da-hungria-nao-desrespeitou-medidas-cautelares-decide-stf\\\/#breadcrumb\",\"itemListElement\":[{\"@type\":\"ListItem\",\"position\":1,\"name\":\"In\u00edcio\",\"item\":\"https:\\\/\\\/maetinganoticias.com\\\/\"},{\"@type\":\"ListItem\",\"position\":2,\"name\":\"Perman\u00eancia de Bolsonaro em Embaixada da Hungria n\u00e3o desrespeitou medidas cautelares, decide STF\"}]},{\"@type\":\"WebSite\",\"@id\":\"https:\\\/\\\/maetinganoticias.com\\\/#website\",\"url\":\"https:\\\/\\\/maetinganoticias.com\\\/\",\"name\":\"Maetinga Not\u00edcias\",\"description\":\"A Voz do Interior Baiano!\",\"publisher\":{\"@id\":\"https:\\\/\\\/maetinganoticias.com\\\/#organization\"},\"potentialAction\":[{\"@type\":\"SearchAction\",\"target\":{\"@type\":\"EntryPoint\",\"urlTemplate\":\"https:\\\/\\\/maetinganoticias.com\\\/?s={search_term_string}\"},\"query-input\":{\"@type\":\"PropertyValueSpecification\",\"valueRequired\":true,\"valueName\":\"search_term_string\"}}],\"inLanguage\":\"pt-BR\"},{\"@type\":\"Organization\",\"@id\":\"https:\\\/\\\/maetinganoticias.com\\\/#organization\",\"name\":\"Maetinga Not\u00edcias\",\"url\":\"https:\\\/\\\/maetinganoticias.com\\\/\",\"logo\":{\"@type\":\"ImageObject\",\"inLanguage\":\"pt-BR\",\"@id\":\"https:\\\/\\\/maetinganoticias.com\\\/#\\\/schema\\\/logo\\\/image\\\/\",\"url\":\"https:\\\/\\\/maetinganoticias.com\\\/wp-content\\\/uploads\\\/2023\\\/07\\\/cropped-cropped-cropped-cropped-BUSINESS-3-42-1.png\",\"contentUrl\":\"https:\\\/\\\/maetinganoticias.com\\\/wp-content\\\/uploads\\\/2023\\\/07\\\/cropped-cropped-cropped-cropped-BUSINESS-3-42-1.png\",\"width\":485,\"height\":109,\"caption\":\"Maetinga Not\u00edcias\"},\"image\":{\"@id\":\"https:\\\/\\\/maetinganoticias.com\\\/#\\\/schema\\\/logo\\\/image\\\/\"}},{\"@type\":\"Person\",\"@id\":\"https:\\\/\\\/maetinganoticias.com\\\/#\\\/schema\\\/person\\\/968cf95e67a6810fc7fb35bbc9016962\",\"name\":\"Maetinga Not\u00edcias\",\"image\":{\"@type\":\"ImageObject\",\"inLanguage\":\"pt-BR\",\"@id\":\"https:\\\/\\\/secure.gravatar.com\\\/avatar\\\/32e078313a5ca37a6c8d44e716ed4f9e87ecfde7222d2b88a1424bd49654f187?s=96&d=mm&r=g\",\"url\":\"https:\\\/\\\/secure.gravatar.com\\\/avatar\\\/32e078313a5ca37a6c8d44e716ed4f9e87ecfde7222d2b88a1424bd49654f187?s=96&d=mm&r=g\",\"contentUrl\":\"https:\\\/\\\/secure.gravatar.com\\\/avatar\\\/32e078313a5ca37a6c8d44e716ed4f9e87ecfde7222d2b88a1424bd49654f187?s=96&d=mm&r=g\",\"caption\":\"Maetinga Not\u00edcias\"},\"description\":\"A voz do Interior Baiano!\",\"sameAs\":[\"https:\\\/\\\/maetinganoticias.com\",\"https:\\\/\\\/www.instagram.com\\\/blogmaetinganoticias\\\/\"],\"url\":\"https:\\\/\\\/maetinganoticias.com\\\/index.php\\\/author\\\/carlosvianna13\\\/\"}]}<\/script>\n<!-- \/ Yoast SEO plugin. -->","yoast_head_json":{"title":"Perman\u00eancia de Bolsonaro em Embaixada da Hungria n\u00e3o desrespeitou medidas cautelares, decide STF - Maetinga Not\u00edcias","robots":{"index":"index","follow":"follow","max-snippet":"max-snippet:-1","max-image-preview":"max-image-preview:large","max-video-preview":"max-video-preview:-1"},"canonical":"https:\/\/maetinganoticias.com\/index.php\/2024\/04\/24\/permanencia-de-bolsonaro-em-embaixada-da-hungria-nao-desrespeitou-medidas-cautelares-decide-stf\/","og_locale":"pt_BR","og_type":"article","og_title":"Perman\u00eancia de Bolsonaro em Embaixada da Hungria n\u00e3o desrespeitou medidas cautelares, decide STF - Maetinga Not\u00edcias","og_description":"O ministro Alexandre de Moraes, do Supremo Tribunal Federal (STF), concluiu nesta quarta-feira (24) que n\u00e3o h\u00e1 provas de que o ex-presidente Jair Bolsonaro\u00a0pediria asilo ao permanecer por dois dias na Embaixada da Hungria, em Bras\u00edlia, em fevereiro deste ano. A estadia de Bolsonaro na embaixada foi divulgada pelo jornal\u00a0The New York Times.\u00a0 Ao avaliar [&hellip;]","og_url":"https:\/\/maetinganoticias.com\/index.php\/2024\/04\/24\/permanencia-de-bolsonaro-em-embaixada-da-hungria-nao-desrespeitou-medidas-cautelares-decide-stf\/","og_site_name":"Maetinga Not\u00edcias","article_published_time":"2024-04-24T20:47:23+00:00","article_modified_time":"2024-04-24T21:53:57+00:00","og_image":[{"width":1170,"height":700,"url":"https:\/\/maetinganoticias.com\/wp-content\/uploads\/2024\/04\/WhatsApp-Image-2024-04-24-at-17.46.45.jpeg","type":"image\/jpeg"}],"author":"Maetinga Not\u00edcias","twitter_card":"summary_large_image","twitter_misc":{"Escrito por":"Maetinga Not\u00edcias","Est. tempo de leitura":"1 minuto"},"schema":{"@context":"https:\/\/schema.org","@graph":[{"@type":["Article","BlogPosting"],"@id":"https:\/\/maetinganoticias.com\/index.php\/2024\/04\/24\/permanencia-de-bolsonaro-em-embaixada-da-hungria-nao-desrespeitou-medidas-cautelares-decide-stf\/#article","isPartOf":{"@id":"https:\/\/maetinganoticias.com\/index.php\/2024\/04\/24\/permanencia-de-bolsonaro-em-embaixada-da-hungria-nao-desrespeitou-medidas-cautelares-decide-stf\/"},"author":{"name":"Maetinga Not\u00edcias","@id":"https:\/\/maetinganoticias.com\/#\/schema\/person\/968cf95e67a6810fc7fb35bbc9016962"},"headline":"Perman\u00eancia de Bolsonaro em Embaixada da Hungria n\u00e3o desrespeitou medidas cautelares, decide STF","datePublished":"2024-04-24T20:47:23+00:00","dateModified":"2024-04-24T21:53:57+00:00","mainEntityOfPage":{"@id":"https:\/\/maetinganoticias.com\/index.php\/2024\/04\/24\/permanencia-de-bolsonaro-em-embaixada-da-hungria-nao-desrespeitou-medidas-cautelares-decide-stf\/"},"wordCount":392,"commentCount":0,"publisher":{"@id":"https:\/\/maetinganoticias.com\/#organization"},"image":{"@id":"https:\/\/maetinganoticias.com\/index.php\/2024\/04\/24\/permanencia-de-bolsonaro-em-embaixada-da-hungria-nao-desrespeitou-medidas-cautelares-decide-stf\/#primaryimage"},"thumbnailUrl":"https:\/\/maetinganoticias.com\/wp-content\/uploads\/2024\/04\/WhatsApp-Image-2024-04-24-at-17.46.45.jpeg","keywords":["BOLSONARO","BRASIL","TSE"],"articleSection":["Brasil"],"inLanguage":"pt-BR","potentialAction":[{"@type":"CommentAction","name":"Comment","target":["https:\/\/maetinganoticias.com\/index.php\/2024\/04\/24\/permanencia-de-bolsonaro-em-embaixada-da-hungria-nao-desrespeitou-medidas-cautelares-decide-stf\/#respond"]}]},{"@type":"WebPage","@id":"https:\/\/maetinganoticias.com\/index.php\/2024\/04\/24\/permanencia-de-bolsonaro-em-embaixada-da-hungria-nao-desrespeitou-medidas-cautelares-decide-stf\/","url":"https:\/\/maetinganoticias.com\/index.php\/2024\/04\/24\/permanencia-de-bolsonaro-em-embaixada-da-hungria-nao-desrespeitou-medidas-cautelares-decide-stf\/","name":"Perman\u00eancia de Bolsonaro em Embaixada da Hungria n\u00e3o desrespeitou medidas cautelares, decide STF - Maetinga Not\u00edcias","isPartOf":{"@id":"https:\/\/maetinganoticias.com\/#website"},"primaryImageOfPage":{"@id":"https:\/\/maetinganoticias.com\/index.php\/2024\/04\/24\/permanencia-de-bolsonaro-em-embaixada-da-hungria-nao-desrespeitou-medidas-cautelares-decide-stf\/#primaryimage"},"image":{"@id":"https:\/\/maetinganoticias.com\/index.php\/2024\/04\/24\/permanencia-de-bolsonaro-em-embaixada-da-hungria-nao-desrespeitou-medidas-cautelares-decide-stf\/#primaryimage"},"thumbnailUrl":"https:\/\/maetinganoticias.com\/wp-content\/uploads\/2024\/04\/WhatsApp-Image-2024-04-24-at-17.46.45.jpeg","datePublished":"2024-04-24T20:47:23+00:00","dateModified":"2024-04-24T21:53:57+00:00","breadcrumb":{"@id":"https:\/\/maetinganoticias.com\/index.php\/2024\/04\/24\/permanencia-de-bolsonaro-em-embaixada-da-hungria-nao-desrespeitou-medidas-cautelares-decide-stf\/#breadcrumb"},"inLanguage":"pt-BR","potentialAction":[{"@type":"ReadAction","target":["https:\/\/maetinganoticias.com\/index.php\/2024\/04\/24\/permanencia-de-bolsonaro-em-embaixada-da-hungria-nao-desrespeitou-medidas-cautelares-decide-stf\/"]}]},{"@type":"ImageObject","inLanguage":"pt-BR","@id":"https:\/\/maetinganoticias.com\/index.php\/2024\/04\/24\/permanencia-de-bolsonaro-em-embaixada-da-hungria-nao-desrespeitou-medidas-cautelares-decide-stf\/#primaryimage","url":"https:\/\/maetinganoticias.com\/wp-content\/uploads\/2024\/04\/WhatsApp-Image-2024-04-24-at-17.46.45.jpeg","contentUrl":"https:\/\/maetinganoticias.com\/wp-content\/uploads\/2024\/04\/WhatsApp-Image-2024-04-24-at-17.46.45.jpeg","width":1170,"height":700,"caption":"Foto - Divulga\u00e7\u00e3o \/ Embaixada da Hungria"},{"@type":"BreadcrumbList","@id":"https:\/\/maetinganoticias.com\/index.php\/2024\/04\/24\/permanencia-de-bolsonaro-em-embaixada-da-hungria-nao-desrespeitou-medidas-cautelares-decide-stf\/#breadcrumb","itemListElement":[{"@type":"ListItem","position":1,"name":"In\u00edcio","item":"https:\/\/maetinganoticias.com\/"},{"@type":"ListItem","position":2,"name":"Perman\u00eancia de Bolsonaro em Embaixada da Hungria n\u00e3o desrespeitou medidas cautelares, decide STF"}]},{"@type":"WebSite","@id":"https:\/\/maetinganoticias.com\/#website","url":"https:\/\/maetinganoticias.com\/","name":"Maetinga Not\u00edcias","description":"A Voz do Interior Baiano!","publisher":{"@id":"https:\/\/maetinganoticias.com\/#organization"},"potentialAction":[{"@type":"SearchAction","target":{"@type":"EntryPoint","urlTemplate":"https:\/\/maetinganoticias.com\/?s={search_term_string}"},"query-input":{"@type":"PropertyValueSpecification","valueRequired":true,"valueName":"search_term_string"}}],"inLanguage":"pt-BR"},{"@type":"Organization","@id":"https:\/\/maetinganoticias.com\/#organization","name":"Maetinga Not\u00edcias","url":"https:\/\/maetinganoticias.com\/","logo":{"@type":"ImageObject","inLanguage":"pt-BR","@id":"https:\/\/maetinganoticias.com\/#\/schema\/logo\/image\/","url":"https:\/\/maetinganoticias.com\/wp-content\/uploads\/2023\/07\/cropped-cropped-cropped-cropped-BUSINESS-3-42-1.png","contentUrl":"https:\/\/maetinganoticias.com\/wp-content\/uploads\/2023\/07\/cropped-cropped-cropped-cropped-BUSINESS-3-42-1.png","width":485,"height":109,"caption":"Maetinga Not\u00edcias"},"image":{"@id":"https:\/\/maetinganoticias.com\/#\/schema\/logo\/image\/"}},{"@type":"Person","@id":"https:\/\/maetinganoticias.com\/#\/schema\/person\/968cf95e67a6810fc7fb35bbc9016962","name":"Maetinga Not\u00edcias","image":{"@type":"ImageObject","inLanguage":"pt-BR","@id":"https:\/\/secure.gravatar.com\/avatar\/32e078313a5ca37a6c8d44e716ed4f9e87ecfde7222d2b88a1424bd49654f187?s=96&d=mm&r=g","url":"https:\/\/secure.gravatar.com\/avatar\/32e078313a5ca37a6c8d44e716ed4f9e87ecfde7222d2b88a1424bd49654f187?s=96&d=mm&r=g","contentUrl":"https:\/\/secure.gravatar.com\/avatar\/32e078313a5ca37a6c8d44e716ed4f9e87ecfde7222d2b88a1424bd49654f187?s=96&d=mm&r=g","caption":"Maetinga Not\u00edcias"},"description":"A voz do Interior Baiano!","sameAs":["https:\/\/maetinganoticias.com","https:\/\/www.instagram.com\/blogmaetinganoticias\/"],"url":"https:\/\/maetinganoticias.com\/index.php\/author\/carlosvianna13\/"}]}},"_links":{"self":[{"href":"https:\/\/maetinganoticias.com\/index.php\/wp-json\/wp\/v2\/posts\/4154","targetHints":{"allow":["GET"]}}],"collection":[{"href":"https:\/\/maetinganoticias.com\/index.php\/wp-json\/wp\/v2\/posts"}],"about":[{"href":"https:\/\/maetinganoticias.com\/index.php\/wp-json\/wp\/v2\/types\/post"}],"author":[{"embeddable":true,"href":"https:\/\/maetinganoticias.com\/index.php\/wp-json\/wp\/v2\/users\/1"}],"replies":[{"embeddable":true,"href":"https:\/\/maetinganoticias.com\/index.php\/wp-json\/wp\/v2\/comments?post=4154"}],"version-history":[{"count":2,"href":"https:\/\/maetinganoticias.com\/index.php\/wp-json\/wp\/v2\/posts\/4154\/revisions"}],"predecessor-version":[{"id":4163,"href":"https:\/\/maetinganoticias.com\/index.php\/wp-json\/wp\/v2\/posts\/4154\/revisions\/4163"}],"wp:featuredmedia":[{"embeddable":true,"href":"https:\/\/maetinganoticias.com\/index.php\/wp-json\/wp\/v2\/media\/4155"}],"wp:attachment":[{"href":"https:\/\/maetinganoticias.com\/index.php\/wp-json\/wp\/v2\/media?parent=4154"}],"wp:term":[{"taxonomy":"category","embeddable":true,"href":"https:\/\/maetinganoticias.com\/index.php\/wp-json\/wp\/v2\/categories?post=4154"},{"taxonomy":"post_tag","embeddable":true,"href":"https:\/\/maetinganoticias.com\/index.php\/wp-json\/wp\/v2\/tags?post=4154"}],"curies":[{"name":"wp","href":"https:\/\/api.w.org\/{rel}","templated":true}]}}