{"id":3797,"date":"2024-03-25T13:39:22","date_gmt":"2024-03-25T16:39:22","guid":{"rendered":"https:\/\/maetinganoticias.com\/?p=3797"},"modified":"2024-03-25T13:39:22","modified_gmt":"2024-03-25T16:39:22","slug":"carro-capota-na-ba-262-trecho-entre-anage-vitoria-da-conquista","status":"publish","type":"post","link":"https:\/\/maetinganoticias.com\/index.php\/2024\/03\/25\/carro-capota-na-ba-262-trecho-entre-anage-vitoria-da-conquista\/","title":{"rendered":"Carro capota na BA-262 trecho entre Anag\u00e9\/Vit\u00f3ria da Conquista"},"content":{"rendered":"\n<p>Um capotamento registrado neste domingo (24\/04) no trecho da BA-262, entre\u00a0Vit\u00f3ria da Conquista\u00a0e\u00a0Anag\u00e9, chamou a aten\u00e7\u00e3o das autoridades. <\/p>\n\n\n\n<p>O incidente envolveu um ve\u00edculo VW\/GOLF e, felizmente, n\u00e3o resultou em v\u00edtimas. <\/p>\n\n\n\n<p>De acordo com informa\u00e7\u00f5es coletadas no local, o acidente ocorreu durante uma manobra de ultrapassagem, quando o condutor do VW\/GOLF perdeu o controle do ve\u00edculo, levando-o a capotar. <\/p>\n\n\n\n<p>Apesar do susto, apenas danos materiais foram registrados.<\/p>\n","protected":false},"excerpt":{"rendered":"<p>Um capotamento registrado neste domingo (24\/04) no trecho da BA-262, entre\u00a0Vit\u00f3ria da Conquista\u00a0e\u00a0Anag\u00e9, chamou a aten\u00e7\u00e3o das autoridades. O incidente envolveu um ve\u00edculo VW\/GOLF e, felizmente, n\u00e3o resultou em v\u00edtimas. De acordo com informa\u00e7\u00f5es coletadas no local, o acidente ocorreu durante uma manobra de ultrapassagem, quando o condutor do VW\/GOLF perdeu o controle do ve\u00edculo, [&hellip;]<\/p>\n","protected":false},"author":1,"featured_media":3798,"comment_status":"open","ping_status":"open","sticky":false,"template":"","format":"standard","meta":{"om_disable_all_campaigns":false,"_monsterinsights_skip_tracking":false,"_monsterinsights_sitenote_active":false,"_monsterinsights_sitenote_note":"","_monsterinsights_sitenote_category":0,"_uf_show_specific_survey":0,"_uf_disable_surveys":false,"footnotes":""},"categories":[185],"tags":[142,81,145],"class_list":{"0":"post-3797","1":"post","2":"type-post","3":"status-publish","4":"format-standard","5":"has-post-thumbnail","7":"category-anage","8":"tag-acidente","9":"tag-bahia","10":"tag-sudoeste-da-bahia"},"yoast_head":"<!-- This site is optimized with the Yoast SEO plugin v27.4 - https:\/\/yoast.com\/product\/yoast-seo-wordpress\/ -->\n<title>Carro capota na BA-262 trecho entre Anag\u00e9\/Vit\u00f3ria da Conquista - Maetinga Not\u00edcias<\/title>\n<meta name=\"robots\" content=\"index, follow, max-snippet:-1, max-image-preview:large, max-video-preview:-1\" \/>\n<link rel=\"canonical\" href=\"https:\/\/maetinganoticias.com\/index.php\/2024\/03\/25\/carro-capota-na-ba-262-trecho-entre-anage-vitoria-da-conquista\/\" \/>\n<meta property=\"og:locale\" content=\"pt_BR\" \/>\n<meta property=\"og:type\" content=\"article\" \/>\n<meta property=\"og:title\" content=\"Carro capota na BA-262 trecho entre Anag\u00e9\/Vit\u00f3ria da Conquista - Maetinga Not\u00edcias\" \/>\n<meta property=\"og:description\" content=\"Um capotamento registrado neste domingo (24\/04) no trecho da BA-262, entre\u00a0Vit\u00f3ria da Conquista\u00a0e\u00a0Anag\u00e9, chamou a aten\u00e7\u00e3o das autoridades. O incidente envolveu um ve\u00edculo VW\/GOLF e, felizmente, n\u00e3o resultou em v\u00edtimas. De acordo com informa\u00e7\u00f5es coletadas no local, o acidente ocorreu durante uma manobra de ultrapassagem, quando o condutor do VW\/GOLF perdeu o controle do ve\u00edculo, [&hellip;]\" \/>\n<meta property=\"og:url\" content=\"https:\/\/maetinganoticias.com\/index.php\/2024\/03\/25\/carro-capota-na-ba-262-trecho-entre-anage-vitoria-da-conquista\/\" \/>\n<meta property=\"og:site_name\" content=\"Maetinga Not\u00edcias\" \/>\n<meta property=\"article:published_time\" content=\"2024-03-25T16:39:22+00:00\" \/>\n<meta property=\"og:image\" content=\"https:\/\/maetinganoticias.com\/wp-content\/uploads\/2024\/03\/WhatsApp-Image-2024-03-25-at-13.38.47.jpeg\" \/>\n\t<meta property=\"og:image:width\" content=\"1000\" \/>\n\t<meta property=\"og:image:height\" content=\"823\" \/>\n\t<meta property=\"og:image:type\" content=\"image\/jpeg\" \/>\n<meta name=\"author\" content=\"Maetinga Not\u00edcias\" \/>\n<meta name=\"twitter:card\" content=\"summary_large_image\" \/>\n<meta name=\"twitter:label1\" content=\"Escrito por\" \/>\n\t<meta name=\"twitter:data1\" content=\"Maetinga Not\u00edcias\" \/>\n\t<meta name=\"twitter:label2\" content=\"Est. tempo de leitura\" \/>\n\t<meta name=\"twitter:data2\" content=\"1 minuto\" \/>\n<script type=\"application\/ld+json\" class=\"yoast-schema-graph\">{\"@context\":\"https:\\\/\\\/schema.org\",\"@graph\":[{\"@type\":[\"Article\",\"BlogPosting\"],\"@id\":\"https:\\\/\\\/maetinganoticias.com\\\/index.php\\\/2024\\\/03\\\/25\\\/carro-capota-na-ba-262-trecho-entre-anage-vitoria-da-conquista\\\/#article\",\"isPartOf\":{\"@id\":\"https:\\\/\\\/maetinganoticias.com\\\/index.php\\\/2024\\\/03\\\/25\\\/carro-capota-na-ba-262-trecho-entre-anage-vitoria-da-conquista\\\/\"},\"author\":{\"name\":\"Maetinga Not\u00edcias\",\"@id\":\"https:\\\/\\\/maetinganoticias.com\\\/#\\\/schema\\\/person\\\/968cf95e67a6810fc7fb35bbc9016962\"},\"headline\":\"Carro capota na BA-262 trecho entre Anag\u00e9\\\/Vit\u00f3ria da Conquista\",\"datePublished\":\"2024-03-25T16:39:22+00:00\",\"mainEntityOfPage\":{\"@id\":\"https:\\\/\\\/maetinganoticias.com\\\/index.php\\\/2024\\\/03\\\/25\\\/carro-capota-na-ba-262-trecho-entre-anage-vitoria-da-conquista\\\/\"},\"wordCount\":88,\"commentCount\":0,\"publisher\":{\"@id\":\"https:\\\/\\\/maetinganoticias.com\\\/#organization\"},\"image\":{\"@id\":\"https:\\\/\\\/maetinganoticias.com\\\/index.php\\\/2024\\\/03\\\/25\\\/carro-capota-na-ba-262-trecho-entre-anage-vitoria-da-conquista\\\/#primaryimage\"},\"thumbnailUrl\":\"https:\\\/\\\/maetinganoticias.com\\\/wp-content\\\/uploads\\\/2024\\\/03\\\/WhatsApp-Image-2024-03-25-at-13.38.47.jpeg\",\"keywords\":[\"ACIDENTE\",\"BAHIA\",\"SUDOESTE DA BAHIA\"],\"articleSection\":[\"Anag\u00e9\"],\"inLanguage\":\"pt-BR\",\"potentialAction\":[{\"@type\":\"CommentAction\",\"name\":\"Comment\",\"target\":[\"https:\\\/\\\/maetinganoticias.com\\\/index.php\\\/2024\\\/03\\\/25\\\/carro-capota-na-ba-262-trecho-entre-anage-vitoria-da-conquista\\\/#respond\"]}]},{\"@type\":\"WebPage\",\"@id\":\"https:\\\/\\\/maetinganoticias.com\\\/index.php\\\/2024\\\/03\\\/25\\\/carro-capota-na-ba-262-trecho-entre-anage-vitoria-da-conquista\\\/\",\"url\":\"https:\\\/\\\/maetinganoticias.com\\\/index.php\\\/2024\\\/03\\\/25\\\/carro-capota-na-ba-262-trecho-entre-anage-vitoria-da-conquista\\\/\",\"name\":\"Carro capota na BA-262 trecho entre Anag\u00e9\\\/Vit\u00f3ria da Conquista - Maetinga Not\u00edcias\",\"isPartOf\":{\"@id\":\"https:\\\/\\\/maetinganoticias.com\\\/#website\"},\"primaryImageOfPage\":{\"@id\":\"https:\\\/\\\/maetinganoticias.com\\\/index.php\\\/2024\\\/03\\\/25\\\/carro-capota-na-ba-262-trecho-entre-anage-vitoria-da-conquista\\\/#primaryimage\"},\"image\":{\"@id\":\"https:\\\/\\\/maetinganoticias.com\\\/index.php\\\/2024\\\/03\\\/25\\\/carro-capota-na-ba-262-trecho-entre-anage-vitoria-da-conquista\\\/#primaryimage\"},\"thumbnailUrl\":\"https:\\\/\\\/maetinganoticias.com\\\/wp-content\\\/uploads\\\/2024\\\/03\\\/WhatsApp-Image-2024-03-25-at-13.38.47.jpeg\",\"datePublished\":\"2024-03-25T16:39:22+00:00\",\"breadcrumb\":{\"@id\":\"https:\\\/\\\/maetinganoticias.com\\\/index.php\\\/2024\\\/03\\\/25\\\/carro-capota-na-ba-262-trecho-entre-anage-vitoria-da-conquista\\\/#breadcrumb\"},\"inLanguage\":\"pt-BR\",\"potentialAction\":[{\"@type\":\"ReadAction\",\"target\":[\"https:\\\/\\\/maetinganoticias.com\\\/index.php\\\/2024\\\/03\\\/25\\\/carro-capota-na-ba-262-trecho-entre-anage-vitoria-da-conquista\\\/\"]}]},{\"@type\":\"ImageObject\",\"inLanguage\":\"pt-BR\",\"@id\":\"https:\\\/\\\/maetinganoticias.com\\\/index.php\\\/2024\\\/03\\\/25\\\/carro-capota-na-ba-262-trecho-entre-anage-vitoria-da-conquista\\\/#primaryimage\",\"url\":\"https:\\\/\\\/maetinganoticias.com\\\/wp-content\\\/uploads\\\/2024\\\/03\\\/WhatsApp-Image-2024-03-25-at-13.38.47.jpeg\",\"contentUrl\":\"https:\\\/\\\/maetinganoticias.com\\\/wp-content\\\/uploads\\\/2024\\\/03\\\/WhatsApp-Image-2024-03-25-at-13.38.47.jpeg\",\"width\":1000,\"height\":823,\"caption\":\"Foto - Divulga\u00e7\u00e3o \\\/ PRE-BA\"},{\"@type\":\"BreadcrumbList\",\"@id\":\"https:\\\/\\\/maetinganoticias.com\\\/index.php\\\/2024\\\/03\\\/25\\\/carro-capota-na-ba-262-trecho-entre-anage-vitoria-da-conquista\\\/#breadcrumb\",\"itemListElement\":[{\"@type\":\"ListItem\",\"position\":1,\"name\":\"In\u00edcio\",\"item\":\"https:\\\/\\\/maetinganoticias.com\\\/\"},{\"@type\":\"ListItem\",\"position\":2,\"name\":\"Carro capota na BA-262 trecho entre Anag\u00e9\\\/Vit\u00f3ria da Conquista\"}]},{\"@type\":\"WebSite\",\"@id\":\"https:\\\/\\\/maetinganoticias.com\\\/#website\",\"url\":\"https:\\\/\\\/maetinganoticias.com\\\/\",\"name\":\"Maetinga Not\u00edcias\",\"description\":\"A Voz do Interior Baiano!\",\"publisher\":{\"@id\":\"https:\\\/\\\/maetinganoticias.com\\\/#organization\"},\"potentialAction\":[{\"@type\":\"SearchAction\",\"target\":{\"@type\":\"EntryPoint\",\"urlTemplate\":\"https:\\\/\\\/maetinganoticias.com\\\/?s={search_term_string}\"},\"query-input\":{\"@type\":\"PropertyValueSpecification\",\"valueRequired\":true,\"valueName\":\"search_term_string\"}}],\"inLanguage\":\"pt-BR\"},{\"@type\":\"Organization\",\"@id\":\"https:\\\/\\\/maetinganoticias.com\\\/#organization\",\"name\":\"Maetinga Not\u00edcias\",\"url\":\"https:\\\/\\\/maetinganoticias.com\\\/\",\"logo\":{\"@type\":\"ImageObject\",\"inLanguage\":\"pt-BR\",\"@id\":\"https:\\\/\\\/maetinganoticias.com\\\/#\\\/schema\\\/logo\\\/image\\\/\",\"url\":\"https:\\\/\\\/maetinganoticias.com\\\/wp-content\\\/uploads\\\/2023\\\/07\\\/cropped-cropped-cropped-cropped-BUSINESS-3-42-1.png\",\"contentUrl\":\"https:\\\/\\\/maetinganoticias.com\\\/wp-content\\\/uploads\\\/2023\\\/07\\\/cropped-cropped-cropped-cropped-BUSINESS-3-42-1.png\",\"width\":485,\"height\":109,\"caption\":\"Maetinga Not\u00edcias\"},\"image\":{\"@id\":\"https:\\\/\\\/maetinganoticias.com\\\/#\\\/schema\\\/logo\\\/image\\\/\"}},{\"@type\":\"Person\",\"@id\":\"https:\\\/\\\/maetinganoticias.com\\\/#\\\/schema\\\/person\\\/968cf95e67a6810fc7fb35bbc9016962\",\"name\":\"Maetinga Not\u00edcias\",\"image\":{\"@type\":\"ImageObject\",\"inLanguage\":\"pt-BR\",\"@id\":\"https:\\\/\\\/secure.gravatar.com\\\/avatar\\\/32e078313a5ca37a6c8d44e716ed4f9e87ecfde7222d2b88a1424bd49654f187?s=96&d=mm&r=g\",\"url\":\"https:\\\/\\\/secure.gravatar.com\\\/avatar\\\/32e078313a5ca37a6c8d44e716ed4f9e87ecfde7222d2b88a1424bd49654f187?s=96&d=mm&r=g\",\"contentUrl\":\"https:\\\/\\\/secure.gravatar.com\\\/avatar\\\/32e078313a5ca37a6c8d44e716ed4f9e87ecfde7222d2b88a1424bd49654f187?s=96&d=mm&r=g\",\"caption\":\"Maetinga Not\u00edcias\"},\"description\":\"A voz do Interior Baiano!\",\"sameAs\":[\"https:\\\/\\\/maetinganoticias.com\",\"https:\\\/\\\/www.instagram.com\\\/blogmaetinganoticias\\\/\"],\"url\":\"https:\\\/\\\/maetinganoticias.com\\\/index.php\\\/author\\\/carlosvianna13\\\/\"}]}<\/script>\n<!-- \/ Yoast SEO plugin. -->","yoast_head_json":{"title":"Carro capota na BA-262 trecho entre Anag\u00e9\/Vit\u00f3ria da Conquista - Maetinga Not\u00edcias","robots":{"index":"index","follow":"follow","max-snippet":"max-snippet:-1","max-image-preview":"max-image-preview:large","max-video-preview":"max-video-preview:-1"},"canonical":"https:\/\/maetinganoticias.com\/index.php\/2024\/03\/25\/carro-capota-na-ba-262-trecho-entre-anage-vitoria-da-conquista\/","og_locale":"pt_BR","og_type":"article","og_title":"Carro capota na BA-262 trecho entre Anag\u00e9\/Vit\u00f3ria da Conquista - Maetinga Not\u00edcias","og_description":"Um capotamento registrado neste domingo (24\/04) no trecho da BA-262, entre\u00a0Vit\u00f3ria da Conquista\u00a0e\u00a0Anag\u00e9, chamou a aten\u00e7\u00e3o das autoridades. O incidente envolveu um ve\u00edculo VW\/GOLF e, felizmente, n\u00e3o resultou em v\u00edtimas. De acordo com informa\u00e7\u00f5es coletadas no local, o acidente ocorreu durante uma manobra de ultrapassagem, quando o condutor do VW\/GOLF perdeu o controle do ve\u00edculo, [&hellip;]","og_url":"https:\/\/maetinganoticias.com\/index.php\/2024\/03\/25\/carro-capota-na-ba-262-trecho-entre-anage-vitoria-da-conquista\/","og_site_name":"Maetinga Not\u00edcias","article_published_time":"2024-03-25T16:39:22+00:00","og_image":[{"width":1000,"height":823,"url":"https:\/\/maetinganoticias.com\/wp-content\/uploads\/2024\/03\/WhatsApp-Image-2024-03-25-at-13.38.47.jpeg","type":"image\/jpeg"}],"author":"Maetinga Not\u00edcias","twitter_card":"summary_large_image","twitter_misc":{"Escrito por":"Maetinga Not\u00edcias","Est. tempo de leitura":"1 minuto"},"schema":{"@context":"https:\/\/schema.org","@graph":[{"@type":["Article","BlogPosting"],"@id":"https:\/\/maetinganoticias.com\/index.php\/2024\/03\/25\/carro-capota-na-ba-262-trecho-entre-anage-vitoria-da-conquista\/#article","isPartOf":{"@id":"https:\/\/maetinganoticias.com\/index.php\/2024\/03\/25\/carro-capota-na-ba-262-trecho-entre-anage-vitoria-da-conquista\/"},"author":{"name":"Maetinga Not\u00edcias","@id":"https:\/\/maetinganoticias.com\/#\/schema\/person\/968cf95e67a6810fc7fb35bbc9016962"},"headline":"Carro capota na BA-262 trecho entre Anag\u00e9\/Vit\u00f3ria da Conquista","datePublished":"2024-03-25T16:39:22+00:00","mainEntityOfPage":{"@id":"https:\/\/maetinganoticias.com\/index.php\/2024\/03\/25\/carro-capota-na-ba-262-trecho-entre-anage-vitoria-da-conquista\/"},"wordCount":88,"commentCount":0,"publisher":{"@id":"https:\/\/maetinganoticias.com\/#organization"},"image":{"@id":"https:\/\/maetinganoticias.com\/index.php\/2024\/03\/25\/carro-capota-na-ba-262-trecho-entre-anage-vitoria-da-conquista\/#primaryimage"},"thumbnailUrl":"https:\/\/maetinganoticias.com\/wp-content\/uploads\/2024\/03\/WhatsApp-Image-2024-03-25-at-13.38.47.jpeg","keywords":["ACIDENTE","BAHIA","SUDOESTE DA BAHIA"],"articleSection":["Anag\u00e9"],"inLanguage":"pt-BR","potentialAction":[{"@type":"CommentAction","name":"Comment","target":["https:\/\/maetinganoticias.com\/index.php\/2024\/03\/25\/carro-capota-na-ba-262-trecho-entre-anage-vitoria-da-conquista\/#respond"]}]},{"@type":"WebPage","@id":"https:\/\/maetinganoticias.com\/index.php\/2024\/03\/25\/carro-capota-na-ba-262-trecho-entre-anage-vitoria-da-conquista\/","url":"https:\/\/maetinganoticias.com\/index.php\/2024\/03\/25\/carro-capota-na-ba-262-trecho-entre-anage-vitoria-da-conquista\/","name":"Carro capota na BA-262 trecho entre Anag\u00e9\/Vit\u00f3ria da Conquista - Maetinga Not\u00edcias","isPartOf":{"@id":"https:\/\/maetinganoticias.com\/#website"},"primaryImageOfPage":{"@id":"https:\/\/maetinganoticias.com\/index.php\/2024\/03\/25\/carro-capota-na-ba-262-trecho-entre-anage-vitoria-da-conquista\/#primaryimage"},"image":{"@id":"https:\/\/maetinganoticias.com\/index.php\/2024\/03\/25\/carro-capota-na-ba-262-trecho-entre-anage-vitoria-da-conquista\/#primaryimage"},"thumbnailUrl":"https:\/\/maetinganoticias.com\/wp-content\/uploads\/2024\/03\/WhatsApp-Image-2024-03-25-at-13.38.47.jpeg","datePublished":"2024-03-25T16:39:22+00:00","breadcrumb":{"@id":"https:\/\/maetinganoticias.com\/index.php\/2024\/03\/25\/carro-capota-na-ba-262-trecho-entre-anage-vitoria-da-conquista\/#breadcrumb"},"inLanguage":"pt-BR","potentialAction":[{"@type":"ReadAction","target":["https:\/\/maetinganoticias.com\/index.php\/2024\/03\/25\/carro-capota-na-ba-262-trecho-entre-anage-vitoria-da-conquista\/"]}]},{"@type":"ImageObject","inLanguage":"pt-BR","@id":"https:\/\/maetinganoticias.com\/index.php\/2024\/03\/25\/carro-capota-na-ba-262-trecho-entre-anage-vitoria-da-conquista\/#primaryimage","url":"https:\/\/maetinganoticias.com\/wp-content\/uploads\/2024\/03\/WhatsApp-Image-2024-03-25-at-13.38.47.jpeg","contentUrl":"https:\/\/maetinganoticias.com\/wp-content\/uploads\/2024\/03\/WhatsApp-Image-2024-03-25-at-13.38.47.jpeg","width":1000,"height":823,"caption":"Foto - Divulga\u00e7\u00e3o \/ PRE-BA"},{"@type":"BreadcrumbList","@id":"https:\/\/maetinganoticias.com\/index.php\/2024\/03\/25\/carro-capota-na-ba-262-trecho-entre-anage-vitoria-da-conquista\/#breadcrumb","itemListElement":[{"@type":"ListItem","position":1,"name":"In\u00edcio","item":"https:\/\/maetinganoticias.com\/"},{"@type":"ListItem","position":2,"name":"Carro capota na BA-262 trecho entre Anag\u00e9\/Vit\u00f3ria da Conquista"}]},{"@type":"WebSite","@id":"https:\/\/maetinganoticias.com\/#website","url":"https:\/\/maetinganoticias.com\/","name":"Maetinga Not\u00edcias","description":"A Voz do Interior Baiano!","publisher":{"@id":"https:\/\/maetinganoticias.com\/#organization"},"potentialAction":[{"@type":"SearchAction","target":{"@type":"EntryPoint","urlTemplate":"https:\/\/maetinganoticias.com\/?s={search_term_string}"},"query-input":{"@type":"PropertyValueSpecification","valueRequired":true,"valueName":"search_term_string"}}],"inLanguage":"pt-BR"},{"@type":"Organization","@id":"https:\/\/maetinganoticias.com\/#organization","name":"Maetinga Not\u00edcias","url":"https:\/\/maetinganoticias.com\/","logo":{"@type":"ImageObject","inLanguage":"pt-BR","@id":"https:\/\/maetinganoticias.com\/#\/schema\/logo\/image\/","url":"https:\/\/maetinganoticias.com\/wp-content\/uploads\/2023\/07\/cropped-cropped-cropped-cropped-BUSINESS-3-42-1.png","contentUrl":"https:\/\/maetinganoticias.com\/wp-content\/uploads\/2023\/07\/cropped-cropped-cropped-cropped-BUSINESS-3-42-1.png","width":485,"height":109,"caption":"Maetinga Not\u00edcias"},"image":{"@id":"https:\/\/maetinganoticias.com\/#\/schema\/logo\/image\/"}},{"@type":"Person","@id":"https:\/\/maetinganoticias.com\/#\/schema\/person\/968cf95e67a6810fc7fb35bbc9016962","name":"Maetinga Not\u00edcias","image":{"@type":"ImageObject","inLanguage":"pt-BR","@id":"https:\/\/secure.gravatar.com\/avatar\/32e078313a5ca37a6c8d44e716ed4f9e87ecfde7222d2b88a1424bd49654f187?s=96&d=mm&r=g","url":"https:\/\/secure.gravatar.com\/avatar\/32e078313a5ca37a6c8d44e716ed4f9e87ecfde7222d2b88a1424bd49654f187?s=96&d=mm&r=g","contentUrl":"https:\/\/secure.gravatar.com\/avatar\/32e078313a5ca37a6c8d44e716ed4f9e87ecfde7222d2b88a1424bd49654f187?s=96&d=mm&r=g","caption":"Maetinga Not\u00edcias"},"description":"A voz do Interior Baiano!","sameAs":["https:\/\/maetinganoticias.com","https:\/\/www.instagram.com\/blogmaetinganoticias\/"],"url":"https:\/\/maetinganoticias.com\/index.php\/author\/carlosvianna13\/"}]}},"_links":{"self":[{"href":"https:\/\/maetinganoticias.com\/index.php\/wp-json\/wp\/v2\/posts\/3797","targetHints":{"allow":["GET"]}}],"collection":[{"href":"https:\/\/maetinganoticias.com\/index.php\/wp-json\/wp\/v2\/posts"}],"about":[{"href":"https:\/\/maetinganoticias.com\/index.php\/wp-json\/wp\/v2\/types\/post"}],"author":[{"embeddable":true,"href":"https:\/\/maetinganoticias.com\/index.php\/wp-json\/wp\/v2\/users\/1"}],"replies":[{"embeddable":true,"href":"https:\/\/maetinganoticias.com\/index.php\/wp-json\/wp\/v2\/comments?post=3797"}],"version-history":[{"count":1,"href":"https:\/\/maetinganoticias.com\/index.php\/wp-json\/wp\/v2\/posts\/3797\/revisions"}],"predecessor-version":[{"id":3799,"href":"https:\/\/maetinganoticias.com\/index.php\/wp-json\/wp\/v2\/posts\/3797\/revisions\/3799"}],"wp:featuredmedia":[{"embeddable":true,"href":"https:\/\/maetinganoticias.com\/index.php\/wp-json\/wp\/v2\/media\/3798"}],"wp:attachment":[{"href":"https:\/\/maetinganoticias.com\/index.php\/wp-json\/wp\/v2\/media?parent=3797"}],"wp:term":[{"taxonomy":"category","embeddable":true,"href":"https:\/\/maetinganoticias.com\/index.php\/wp-json\/wp\/v2\/categories?post=3797"},{"taxonomy":"post_tag","embeddable":true,"href":"https:\/\/maetinganoticias.com\/index.php\/wp-json\/wp\/v2\/tags?post=3797"}],"curies":[{"name":"wp","href":"https:\/\/api.w.org\/{rel}","templated":true}]}}