{"id":3609,"date":"2024-03-12T10:25:50","date_gmt":"2024-03-12T13:25:50","guid":{"rendered":"https:\/\/maetinganoticias.com\/?p=3609"},"modified":"2024-03-12T10:25:51","modified_gmt":"2024-03-12T13:25:51","slug":"homem-e-preso-apos-agredir-os-pais-em-guanambi","status":"publish","type":"post","link":"https:\/\/maetinganoticias.com\/index.php\/2024\/03\/12\/homem-e-preso-apos-agredir-os-pais-em-guanambi\/","title":{"rendered":"Homem \u00e9 preso ap\u00f3s agredir os pais em Guanambi"},"content":{"rendered":"\n<p>Policiais do 17\u00ba Batalh\u00e3o de Pol\u00edcia Militar (17\u00ba BPM) foram acionados para atender a ocorr\u00eancia por volta das 3h30, na Rua Aroeira, no bairro Monte Azul. <\/p>\n\n\n\n<p>No local a guarni\u00e7\u00e3o foi informada por uma mulher de 54 anos que seu filho teria agredido fisicamente ela e o seu esposo de 51 anos.<\/p>\n\n\n\n<p>Conforme a PM, mesmo com a presen\u00e7a dos policiais, o agressor, visivelmente transtornado, ainda tentou investir contra o seu pai, tentando agredi-lo e proferindo contra ele amea\u00e7as de morte por todo o tempo.<\/p>\n\n\n\n<p>O suspeito foi contido, e encaminhado, juntamente com as v\u00edtimas, at\u00e9 a Delegacia Territorial de Guanambi, para as provid\u00eancias legais cab\u00edveis.<\/p>\n\n\n\n<p>Fonte: Sert\u00e3o em Dia<\/p>\n","protected":false},"excerpt":{"rendered":"<p>Policiais do 17\u00ba Batalh\u00e3o de Pol\u00edcia Militar (17\u00ba BPM) foram acionados para atender a ocorr\u00eancia por volta das 3h30, na Rua Aroeira, no bairro Monte Azul. No local a guarni\u00e7\u00e3o foi informada por uma mulher de 54 anos que seu filho teria agredido fisicamente ela e o seu esposo de 51 anos. Conforme a PM, [&hellip;]<\/p>\n","protected":false},"author":1,"featured_media":3608,"comment_status":"open","ping_status":"open","sticky":false,"template":"","format":"standard","meta":{"om_disable_all_campaigns":false,"_monsterinsights_skip_tracking":false,"_monsterinsights_sitenote_active":false,"_monsterinsights_sitenote_note":"","_monsterinsights_sitenote_category":0,"_uf_show_specific_survey":0,"_uf_disable_surveys":false,"footnotes":""},"categories":[13],"tags":[262,87,594],"class_list":{"0":"post-3609","1":"post","2":"type-post","3":"status-publish","4":"format-standard","5":"has-post-thumbnail","7":"category-guanambi","8":"tag-guanambi","9":"tag-policia","10":"tag-violencia"},"yoast_head":"<!-- This site is optimized with the Yoast SEO plugin v27.4 - https:\/\/yoast.com\/product\/yoast-seo-wordpress\/ -->\n<title>Homem \u00e9 preso ap\u00f3s agredir os pais em Guanambi - Maetinga Not\u00edcias<\/title>\n<meta name=\"robots\" content=\"index, follow, max-snippet:-1, max-image-preview:large, max-video-preview:-1\" \/>\n<link rel=\"canonical\" href=\"https:\/\/maetinganoticias.com\/index.php\/2024\/03\/12\/homem-e-preso-apos-agredir-os-pais-em-guanambi\/\" \/>\n<meta property=\"og:locale\" content=\"pt_BR\" \/>\n<meta property=\"og:type\" content=\"article\" \/>\n<meta property=\"og:title\" content=\"Homem \u00e9 preso ap\u00f3s agredir os pais em Guanambi - Maetinga Not\u00edcias\" \/>\n<meta property=\"og:description\" content=\"Policiais do 17\u00ba Batalh\u00e3o de Pol\u00edcia Militar (17\u00ba BPM) foram acionados para atender a ocorr\u00eancia por volta das 3h30, na Rua Aroeira, no bairro Monte Azul. No local a guarni\u00e7\u00e3o foi informada por uma mulher de 54 anos que seu filho teria agredido fisicamente ela e o seu esposo de 51 anos. Conforme a PM, [&hellip;]\" \/>\n<meta property=\"og:url\" content=\"https:\/\/maetinganoticias.com\/index.php\/2024\/03\/12\/homem-e-preso-apos-agredir-os-pais-em-guanambi\/\" \/>\n<meta property=\"og:site_name\" content=\"Maetinga Not\u00edcias\" \/>\n<meta property=\"article:published_time\" content=\"2024-03-12T13:25:50+00:00\" \/>\n<meta property=\"article:modified_time\" content=\"2024-03-12T13:25:51+00:00\" \/>\n<meta property=\"og:image\" content=\"https:\/\/maetinganoticias.com\/wp-content\/uploads\/2024\/03\/img_3300-1.jpg\" \/>\n\t<meta property=\"og:image:width\" content=\"791\" \/>\n\t<meta property=\"og:image:height\" content=\"414\" \/>\n\t<meta property=\"og:image:type\" content=\"image\/jpeg\" \/>\n<meta name=\"author\" content=\"Maetinga Not\u00edcias\" \/>\n<meta name=\"twitter:card\" content=\"summary_large_image\" \/>\n<meta name=\"twitter:label1\" content=\"Escrito por\" \/>\n\t<meta name=\"twitter:data1\" content=\"Maetinga Not\u00edcias\" \/>\n\t<meta name=\"twitter:label2\" content=\"Est. tempo de leitura\" \/>\n\t<meta name=\"twitter:data2\" content=\"1 minuto\" \/>\n<script type=\"application\/ld+json\" class=\"yoast-schema-graph\">{\"@context\":\"https:\\\/\\\/schema.org\",\"@graph\":[{\"@type\":[\"Article\",\"BlogPosting\"],\"@id\":\"https:\\\/\\\/maetinganoticias.com\\\/index.php\\\/2024\\\/03\\\/12\\\/homem-e-preso-apos-agredir-os-pais-em-guanambi\\\/#article\",\"isPartOf\":{\"@id\":\"https:\\\/\\\/maetinganoticias.com\\\/index.php\\\/2024\\\/03\\\/12\\\/homem-e-preso-apos-agredir-os-pais-em-guanambi\\\/\"},\"author\":{\"name\":\"Maetinga Not\u00edcias\",\"@id\":\"https:\\\/\\\/maetinganoticias.com\\\/#\\\/schema\\\/person\\\/968cf95e67a6810fc7fb35bbc9016962\"},\"headline\":\"Homem \u00e9 preso ap\u00f3s agredir os pais em Guanambi\",\"datePublished\":\"2024-03-12T13:25:50+00:00\",\"dateModified\":\"2024-03-12T13:25:51+00:00\",\"mainEntityOfPage\":{\"@id\":\"https:\\\/\\\/maetinganoticias.com\\\/index.php\\\/2024\\\/03\\\/12\\\/homem-e-preso-apos-agredir-os-pais-em-guanambi\\\/\"},\"wordCount\":125,\"commentCount\":0,\"publisher\":{\"@id\":\"https:\\\/\\\/maetinganoticias.com\\\/#organization\"},\"image\":{\"@id\":\"https:\\\/\\\/maetinganoticias.com\\\/index.php\\\/2024\\\/03\\\/12\\\/homem-e-preso-apos-agredir-os-pais-em-guanambi\\\/#primaryimage\"},\"thumbnailUrl\":\"https:\\\/\\\/maetinganoticias.com\\\/wp-content\\\/uploads\\\/2024\\\/03\\\/img_3300-1.jpg\",\"keywords\":[\"GUANAMBI\",\"POL\u00cdCIA\",\"VIOL\u00caNCIA\"],\"articleSection\":[\"Guanambi\"],\"inLanguage\":\"pt-BR\",\"potentialAction\":[{\"@type\":\"CommentAction\",\"name\":\"Comment\",\"target\":[\"https:\\\/\\\/maetinganoticias.com\\\/index.php\\\/2024\\\/03\\\/12\\\/homem-e-preso-apos-agredir-os-pais-em-guanambi\\\/#respond\"]}]},{\"@type\":\"WebPage\",\"@id\":\"https:\\\/\\\/maetinganoticias.com\\\/index.php\\\/2024\\\/03\\\/12\\\/homem-e-preso-apos-agredir-os-pais-em-guanambi\\\/\",\"url\":\"https:\\\/\\\/maetinganoticias.com\\\/index.php\\\/2024\\\/03\\\/12\\\/homem-e-preso-apos-agredir-os-pais-em-guanambi\\\/\",\"name\":\"Homem \u00e9 preso ap\u00f3s agredir os pais em Guanambi - Maetinga Not\u00edcias\",\"isPartOf\":{\"@id\":\"https:\\\/\\\/maetinganoticias.com\\\/#website\"},\"primaryImageOfPage\":{\"@id\":\"https:\\\/\\\/maetinganoticias.com\\\/index.php\\\/2024\\\/03\\\/12\\\/homem-e-preso-apos-agredir-os-pais-em-guanambi\\\/#primaryimage\"},\"image\":{\"@id\":\"https:\\\/\\\/maetinganoticias.com\\\/index.php\\\/2024\\\/03\\\/12\\\/homem-e-preso-apos-agredir-os-pais-em-guanambi\\\/#primaryimage\"},\"thumbnailUrl\":\"https:\\\/\\\/maetinganoticias.com\\\/wp-content\\\/uploads\\\/2024\\\/03\\\/img_3300-1.jpg\",\"datePublished\":\"2024-03-12T13:25:50+00:00\",\"dateModified\":\"2024-03-12T13:25:51+00:00\",\"breadcrumb\":{\"@id\":\"https:\\\/\\\/maetinganoticias.com\\\/index.php\\\/2024\\\/03\\\/12\\\/homem-e-preso-apos-agredir-os-pais-em-guanambi\\\/#breadcrumb\"},\"inLanguage\":\"pt-BR\",\"potentialAction\":[{\"@type\":\"ReadAction\",\"target\":[\"https:\\\/\\\/maetinganoticias.com\\\/index.php\\\/2024\\\/03\\\/12\\\/homem-e-preso-apos-agredir-os-pais-em-guanambi\\\/\"]}]},{\"@type\":\"ImageObject\",\"inLanguage\":\"pt-BR\",\"@id\":\"https:\\\/\\\/maetinganoticias.com\\\/index.php\\\/2024\\\/03\\\/12\\\/homem-e-preso-apos-agredir-os-pais-em-guanambi\\\/#primaryimage\",\"url\":\"https:\\\/\\\/maetinganoticias.com\\\/wp-content\\\/uploads\\\/2024\\\/03\\\/img_3300-1.jpg\",\"contentUrl\":\"https:\\\/\\\/maetinganoticias.com\\\/wp-content\\\/uploads\\\/2024\\\/03\\\/img_3300-1.jpg\",\"width\":791,\"height\":414},{\"@type\":\"BreadcrumbList\",\"@id\":\"https:\\\/\\\/maetinganoticias.com\\\/index.php\\\/2024\\\/03\\\/12\\\/homem-e-preso-apos-agredir-os-pais-em-guanambi\\\/#breadcrumb\",\"itemListElement\":[{\"@type\":\"ListItem\",\"position\":1,\"name\":\"In\u00edcio\",\"item\":\"https:\\\/\\\/maetinganoticias.com\\\/\"},{\"@type\":\"ListItem\",\"position\":2,\"name\":\"Homem \u00e9 preso ap\u00f3s agredir os pais em Guanambi\"}]},{\"@type\":\"WebSite\",\"@id\":\"https:\\\/\\\/maetinganoticias.com\\\/#website\",\"url\":\"https:\\\/\\\/maetinganoticias.com\\\/\",\"name\":\"Maetinga Not\u00edcias\",\"description\":\"A Voz do Interior Baiano!\",\"publisher\":{\"@id\":\"https:\\\/\\\/maetinganoticias.com\\\/#organization\"},\"potentialAction\":[{\"@type\":\"SearchAction\",\"target\":{\"@type\":\"EntryPoint\",\"urlTemplate\":\"https:\\\/\\\/maetinganoticias.com\\\/?s={search_term_string}\"},\"query-input\":{\"@type\":\"PropertyValueSpecification\",\"valueRequired\":true,\"valueName\":\"search_term_string\"}}],\"inLanguage\":\"pt-BR\"},{\"@type\":\"Organization\",\"@id\":\"https:\\\/\\\/maetinganoticias.com\\\/#organization\",\"name\":\"Maetinga Not\u00edcias\",\"url\":\"https:\\\/\\\/maetinganoticias.com\\\/\",\"logo\":{\"@type\":\"ImageObject\",\"inLanguage\":\"pt-BR\",\"@id\":\"https:\\\/\\\/maetinganoticias.com\\\/#\\\/schema\\\/logo\\\/image\\\/\",\"url\":\"https:\\\/\\\/maetinganoticias.com\\\/wp-content\\\/uploads\\\/2023\\\/07\\\/cropped-cropped-cropped-cropped-BUSINESS-3-42-1.png\",\"contentUrl\":\"https:\\\/\\\/maetinganoticias.com\\\/wp-content\\\/uploads\\\/2023\\\/07\\\/cropped-cropped-cropped-cropped-BUSINESS-3-42-1.png\",\"width\":485,\"height\":109,\"caption\":\"Maetinga Not\u00edcias\"},\"image\":{\"@id\":\"https:\\\/\\\/maetinganoticias.com\\\/#\\\/schema\\\/logo\\\/image\\\/\"}},{\"@type\":\"Person\",\"@id\":\"https:\\\/\\\/maetinganoticias.com\\\/#\\\/schema\\\/person\\\/968cf95e67a6810fc7fb35bbc9016962\",\"name\":\"Maetinga Not\u00edcias\",\"image\":{\"@type\":\"ImageObject\",\"inLanguage\":\"pt-BR\",\"@id\":\"https:\\\/\\\/secure.gravatar.com\\\/avatar\\\/32e078313a5ca37a6c8d44e716ed4f9e87ecfde7222d2b88a1424bd49654f187?s=96&d=mm&r=g\",\"url\":\"https:\\\/\\\/secure.gravatar.com\\\/avatar\\\/32e078313a5ca37a6c8d44e716ed4f9e87ecfde7222d2b88a1424bd49654f187?s=96&d=mm&r=g\",\"contentUrl\":\"https:\\\/\\\/secure.gravatar.com\\\/avatar\\\/32e078313a5ca37a6c8d44e716ed4f9e87ecfde7222d2b88a1424bd49654f187?s=96&d=mm&r=g\",\"caption\":\"Maetinga Not\u00edcias\"},\"description\":\"A voz do Interior Baiano!\",\"sameAs\":[\"https:\\\/\\\/maetinganoticias.com\",\"https:\\\/\\\/www.instagram.com\\\/blogmaetinganoticias\\\/\"],\"url\":\"https:\\\/\\\/maetinganoticias.com\\\/index.php\\\/author\\\/carlosvianna13\\\/\"}]}<\/script>\n<!-- \/ Yoast SEO plugin. -->","yoast_head_json":{"title":"Homem \u00e9 preso ap\u00f3s agredir os pais em Guanambi - Maetinga Not\u00edcias","robots":{"index":"index","follow":"follow","max-snippet":"max-snippet:-1","max-image-preview":"max-image-preview:large","max-video-preview":"max-video-preview:-1"},"canonical":"https:\/\/maetinganoticias.com\/index.php\/2024\/03\/12\/homem-e-preso-apos-agredir-os-pais-em-guanambi\/","og_locale":"pt_BR","og_type":"article","og_title":"Homem \u00e9 preso ap\u00f3s agredir os pais em Guanambi - Maetinga Not\u00edcias","og_description":"Policiais do 17\u00ba Batalh\u00e3o de Pol\u00edcia Militar (17\u00ba BPM) foram acionados para atender a ocorr\u00eancia por volta das 3h30, na Rua Aroeira, no bairro Monte Azul. No local a guarni\u00e7\u00e3o foi informada por uma mulher de 54 anos que seu filho teria agredido fisicamente ela e o seu esposo de 51 anos. Conforme a PM, [&hellip;]","og_url":"https:\/\/maetinganoticias.com\/index.php\/2024\/03\/12\/homem-e-preso-apos-agredir-os-pais-em-guanambi\/","og_site_name":"Maetinga Not\u00edcias","article_published_time":"2024-03-12T13:25:50+00:00","article_modified_time":"2024-03-12T13:25:51+00:00","og_image":[{"width":791,"height":414,"url":"https:\/\/maetinganoticias.com\/wp-content\/uploads\/2024\/03\/img_3300-1.jpg","type":"image\/jpeg"}],"author":"Maetinga Not\u00edcias","twitter_card":"summary_large_image","twitter_misc":{"Escrito por":"Maetinga Not\u00edcias","Est. tempo de leitura":"1 minuto"},"schema":{"@context":"https:\/\/schema.org","@graph":[{"@type":["Article","BlogPosting"],"@id":"https:\/\/maetinganoticias.com\/index.php\/2024\/03\/12\/homem-e-preso-apos-agredir-os-pais-em-guanambi\/#article","isPartOf":{"@id":"https:\/\/maetinganoticias.com\/index.php\/2024\/03\/12\/homem-e-preso-apos-agredir-os-pais-em-guanambi\/"},"author":{"name":"Maetinga Not\u00edcias","@id":"https:\/\/maetinganoticias.com\/#\/schema\/person\/968cf95e67a6810fc7fb35bbc9016962"},"headline":"Homem \u00e9 preso ap\u00f3s agredir os pais em Guanambi","datePublished":"2024-03-12T13:25:50+00:00","dateModified":"2024-03-12T13:25:51+00:00","mainEntityOfPage":{"@id":"https:\/\/maetinganoticias.com\/index.php\/2024\/03\/12\/homem-e-preso-apos-agredir-os-pais-em-guanambi\/"},"wordCount":125,"commentCount":0,"publisher":{"@id":"https:\/\/maetinganoticias.com\/#organization"},"image":{"@id":"https:\/\/maetinganoticias.com\/index.php\/2024\/03\/12\/homem-e-preso-apos-agredir-os-pais-em-guanambi\/#primaryimage"},"thumbnailUrl":"https:\/\/maetinganoticias.com\/wp-content\/uploads\/2024\/03\/img_3300-1.jpg","keywords":["GUANAMBI","POL\u00cdCIA","VIOL\u00caNCIA"],"articleSection":["Guanambi"],"inLanguage":"pt-BR","potentialAction":[{"@type":"CommentAction","name":"Comment","target":["https:\/\/maetinganoticias.com\/index.php\/2024\/03\/12\/homem-e-preso-apos-agredir-os-pais-em-guanambi\/#respond"]}]},{"@type":"WebPage","@id":"https:\/\/maetinganoticias.com\/index.php\/2024\/03\/12\/homem-e-preso-apos-agredir-os-pais-em-guanambi\/","url":"https:\/\/maetinganoticias.com\/index.php\/2024\/03\/12\/homem-e-preso-apos-agredir-os-pais-em-guanambi\/","name":"Homem \u00e9 preso ap\u00f3s agredir os pais em Guanambi - Maetinga Not\u00edcias","isPartOf":{"@id":"https:\/\/maetinganoticias.com\/#website"},"primaryImageOfPage":{"@id":"https:\/\/maetinganoticias.com\/index.php\/2024\/03\/12\/homem-e-preso-apos-agredir-os-pais-em-guanambi\/#primaryimage"},"image":{"@id":"https:\/\/maetinganoticias.com\/index.php\/2024\/03\/12\/homem-e-preso-apos-agredir-os-pais-em-guanambi\/#primaryimage"},"thumbnailUrl":"https:\/\/maetinganoticias.com\/wp-content\/uploads\/2024\/03\/img_3300-1.jpg","datePublished":"2024-03-12T13:25:50+00:00","dateModified":"2024-03-12T13:25:51+00:00","breadcrumb":{"@id":"https:\/\/maetinganoticias.com\/index.php\/2024\/03\/12\/homem-e-preso-apos-agredir-os-pais-em-guanambi\/#breadcrumb"},"inLanguage":"pt-BR","potentialAction":[{"@type":"ReadAction","target":["https:\/\/maetinganoticias.com\/index.php\/2024\/03\/12\/homem-e-preso-apos-agredir-os-pais-em-guanambi\/"]}]},{"@type":"ImageObject","inLanguage":"pt-BR","@id":"https:\/\/maetinganoticias.com\/index.php\/2024\/03\/12\/homem-e-preso-apos-agredir-os-pais-em-guanambi\/#primaryimage","url":"https:\/\/maetinganoticias.com\/wp-content\/uploads\/2024\/03\/img_3300-1.jpg","contentUrl":"https:\/\/maetinganoticias.com\/wp-content\/uploads\/2024\/03\/img_3300-1.jpg","width":791,"height":414},{"@type":"BreadcrumbList","@id":"https:\/\/maetinganoticias.com\/index.php\/2024\/03\/12\/homem-e-preso-apos-agredir-os-pais-em-guanambi\/#breadcrumb","itemListElement":[{"@type":"ListItem","position":1,"name":"In\u00edcio","item":"https:\/\/maetinganoticias.com\/"},{"@type":"ListItem","position":2,"name":"Homem \u00e9 preso ap\u00f3s agredir os pais em Guanambi"}]},{"@type":"WebSite","@id":"https:\/\/maetinganoticias.com\/#website","url":"https:\/\/maetinganoticias.com\/","name":"Maetinga Not\u00edcias","description":"A Voz do Interior Baiano!","publisher":{"@id":"https:\/\/maetinganoticias.com\/#organization"},"potentialAction":[{"@type":"SearchAction","target":{"@type":"EntryPoint","urlTemplate":"https:\/\/maetinganoticias.com\/?s={search_term_string}"},"query-input":{"@type":"PropertyValueSpecification","valueRequired":true,"valueName":"search_term_string"}}],"inLanguage":"pt-BR"},{"@type":"Organization","@id":"https:\/\/maetinganoticias.com\/#organization","name":"Maetinga Not\u00edcias","url":"https:\/\/maetinganoticias.com\/","logo":{"@type":"ImageObject","inLanguage":"pt-BR","@id":"https:\/\/maetinganoticias.com\/#\/schema\/logo\/image\/","url":"https:\/\/maetinganoticias.com\/wp-content\/uploads\/2023\/07\/cropped-cropped-cropped-cropped-BUSINESS-3-42-1.png","contentUrl":"https:\/\/maetinganoticias.com\/wp-content\/uploads\/2023\/07\/cropped-cropped-cropped-cropped-BUSINESS-3-42-1.png","width":485,"height":109,"caption":"Maetinga Not\u00edcias"},"image":{"@id":"https:\/\/maetinganoticias.com\/#\/schema\/logo\/image\/"}},{"@type":"Person","@id":"https:\/\/maetinganoticias.com\/#\/schema\/person\/968cf95e67a6810fc7fb35bbc9016962","name":"Maetinga Not\u00edcias","image":{"@type":"ImageObject","inLanguage":"pt-BR","@id":"https:\/\/secure.gravatar.com\/avatar\/32e078313a5ca37a6c8d44e716ed4f9e87ecfde7222d2b88a1424bd49654f187?s=96&d=mm&r=g","url":"https:\/\/secure.gravatar.com\/avatar\/32e078313a5ca37a6c8d44e716ed4f9e87ecfde7222d2b88a1424bd49654f187?s=96&d=mm&r=g","contentUrl":"https:\/\/secure.gravatar.com\/avatar\/32e078313a5ca37a6c8d44e716ed4f9e87ecfde7222d2b88a1424bd49654f187?s=96&d=mm&r=g","caption":"Maetinga Not\u00edcias"},"description":"A voz do Interior Baiano!","sameAs":["https:\/\/maetinganoticias.com","https:\/\/www.instagram.com\/blogmaetinganoticias\/"],"url":"https:\/\/maetinganoticias.com\/index.php\/author\/carlosvianna13\/"}]}},"_links":{"self":[{"href":"https:\/\/maetinganoticias.com\/index.php\/wp-json\/wp\/v2\/posts\/3609","targetHints":{"allow":["GET"]}}],"collection":[{"href":"https:\/\/maetinganoticias.com\/index.php\/wp-json\/wp\/v2\/posts"}],"about":[{"href":"https:\/\/maetinganoticias.com\/index.php\/wp-json\/wp\/v2\/types\/post"}],"author":[{"embeddable":true,"href":"https:\/\/maetinganoticias.com\/index.php\/wp-json\/wp\/v2\/users\/1"}],"replies":[{"embeddable":true,"href":"https:\/\/maetinganoticias.com\/index.php\/wp-json\/wp\/v2\/comments?post=3609"}],"version-history":[{"count":1,"href":"https:\/\/maetinganoticias.com\/index.php\/wp-json\/wp\/v2\/posts\/3609\/revisions"}],"predecessor-version":[{"id":3610,"href":"https:\/\/maetinganoticias.com\/index.php\/wp-json\/wp\/v2\/posts\/3609\/revisions\/3610"}],"wp:featuredmedia":[{"embeddable":true,"href":"https:\/\/maetinganoticias.com\/index.php\/wp-json\/wp\/v2\/media\/3608"}],"wp:attachment":[{"href":"https:\/\/maetinganoticias.com\/index.php\/wp-json\/wp\/v2\/media?parent=3609"}],"wp:term":[{"taxonomy":"category","embeddable":true,"href":"https:\/\/maetinganoticias.com\/index.php\/wp-json\/wp\/v2\/categories?post=3609"},{"taxonomy":"post_tag","embeddable":true,"href":"https:\/\/maetinganoticias.com\/index.php\/wp-json\/wp\/v2\/tags?post=3609"}],"curies":[{"name":"wp","href":"https:\/\/api.w.org\/{rel}","templated":true}]}}