{"id":3226,"date":"2024-02-28T15:24:12","date_gmt":"2024-02-28T18:24:12","guid":{"rendered":"https:\/\/maetinganoticias.com\/?p=3226"},"modified":"2024-02-28T15:24:57","modified_gmt":"2024-02-28T18:24:57","slug":"com-greve-na-argentina-latam-e-gol-cancelam-voos-do-brasil-para-pais-vizinho","status":"publish","type":"post","link":"https:\/\/maetinganoticias.com\/index.php\/2024\/02\/28\/com-greve-na-argentina-latam-e-gol-cancelam-voos-do-brasil-para-pais-vizinho\/","title":{"rendered":"Com greve na Argentina, Latam e Gol cancelam voos do Brasil para pa\u00eds vizinho"},"content":{"rendered":"\n<p>As empresas a\u00e9reas brasileiras Latam e Gol cancelaram os voos para \u00e0 Argentina que seriam realizados nesta quarta-feira (28) por causa da greve de trabalhadores aeroportu\u00e1rios no pa\u00eds vizinho. As companhias informaram que os passageiros prejudicados poder\u00e3o remarcar os voos para outras datas, sem custos adicionais.<img decoding=\"async\" src=\"https:\/\/agenciabrasil.ebc.com.br\/ebc.png?id=1583340&amp;o=node\"><img decoding=\"async\" src=\"https:\/\/agenciabrasil.ebc.com.br\/ebc.gif?id=1583340&amp;o=node\"><\/p>\n\n\n\n<p>De acordo com a Gol, a paralisa\u00e7\u00e3o dos trabalhadores argentinos afeta os aeroportos de Buenos Aires, C\u00f3rdoba e Ros\u00e1rio, que receberiam voos da empresa hoje.<\/p>\n\n\n\n<p>\u201cTodos os clientes ter\u00e3o seus voos remarcados para outras datas e poder\u00e3o realizar a altera\u00e7\u00e3o sem custos, de acordo com a vontade de cada passageiro. Clientes com bilhetes marcados para esta data est\u00e3o recebendo comunica\u00e7\u00e3o por&nbsp;<em>e-mail<\/em>&nbsp;e SMS, de acordo com os dados informados no ato da compra, j\u00e1 podendo realizar a autogest\u00e3o de seus bilhetes nos canais digitais da GOL\u201d, informou a companhia.<\/p>\n\n\n\n<p>Para quem adquiriu bilhetes por meio de ag\u00eancias de viagem, a Gol diz para procurar diretamente os representantes dessas ag\u00eancias. &nbsp;<\/p>\n\n\n\n<p>A Latam explicou que o cancelamento foi necess\u00e1rio porque os trabalhadores em greve s\u00e3o respons\u00e1veis \u201cpela transfer\u00eancia de passageiros e suas bagagens das esta\u00e7\u00f5es das companhias a\u00e9reas para as aeronaves e vice-versa, entre outras tarefas\u201d.<\/p>\n\n\n\n<p>A companhia informou que o reagendamento da viagem pode ser feito para at\u00e9 um ano depois do primeiro voo, \u201crespeitando a origem e o destino do itiner\u00e1rio\u201d. Al\u00e9m disso, a Latam ofereceu aos clientes a possibilidade de reembolso dos valores gastos. \u201cOs reembolsos se aplicam sem \u00f4nus e para todos os cupons de bilhetes n\u00e3o utilizados\u201d, acrescentou.<\/p>\n\n\n\n<h2 class=\"wp-block-heading\">Greve e infla\u00e7\u00e3o<\/h2>\n\n\n\n<p>Os trabalhadores da empresa argentina Intercargo, respons\u00e1veis pela infraestrutura de aeroportos, e da companhia a\u00e9rea Aerol\u00edneas Argentina fazem greve nesta quarta-feira por motivos salariais. A Aerol\u00edneas informou que cancelou 331 voos no dia de hoje, o que teria afetado cerca de 24 mil passageiros.<\/p>\n\n\n\n<p>De acordo com a Associa\u00e7\u00e3o do Pessoal Aeron\u00e1utico (APA), que representa uma das categorias em greve, as empresas ofereceram um reajuste de 12%, enquanto a defasagem salarial estaria em cerca de 70%.<\/p>\n\n\n\n<p>A Argentina tem enfrentado altas taxas de infla\u00e7\u00e3o nos \u00faltimos anos, registrando aumento de 20,6% nos pre\u00e7os ao consumidor em janeiro deste ano. No acumulado dos \u00faltimos 12 meses, nossos vizinhos enfrentam\u00a0varia\u00e7\u00e3o de pre\u00e7os\u00a0de 254%, de acordo com o Instituto Nacional de Estat\u00edsticas e Censos da Argentina (Indec).<\/p>\n\n\n\n<p>Fonte: Ag\u00eancia Brasil<\/p>\n","protected":false},"excerpt":{"rendered":"<p>As empresas a\u00e9reas brasileiras Latam e Gol cancelaram os voos para \u00e0 Argentina que seriam realizados nesta quarta-feira (28) por causa da greve de trabalhadores aeroportu\u00e1rios no pa\u00eds vizinho. As companhias informaram que os passageiros prejudicados poder\u00e3o remarcar os voos para outras datas, sem custos adicionais. De acordo com a Gol, a paralisa\u00e7\u00e3o dos trabalhadores [&hellip;]<\/p>\n","protected":false},"author":1,"featured_media":3228,"comment_status":"open","ping_status":"open","sticky":false,"template":"","format":"standard","meta":{"om_disable_all_campaigns":false,"_monsterinsights_skip_tracking":false,"_monsterinsights_sitenote_active":false,"_monsterinsights_sitenote_note":"","_monsterinsights_sitenote_category":0,"_uf_show_specific_survey":0,"_uf_disable_surveys":false,"footnotes":""},"categories":[29,1],"tags":[278,164,451,729,399,345,346],"class_list":{"0":"post-3226","1":"post","2":"type-post","3":"status-publish","4":"format-standard","5":"has-post-thumbnail","7":"category-brasil","8":"category-blog","9":"tag-argentina","10":"tag-brasil","11":"tag-crise","12":"tag-gol","13":"tag-greve","14":"tag-latam","15":"tag-voo"},"yoast_head":"<!-- This site is optimized with the Yoast SEO plugin v27.4 - https:\/\/yoast.com\/product\/yoast-seo-wordpress\/ -->\n<title>Com greve na Argentina, Latam e Gol cancelam voos do Brasil para pa\u00eds vizinho - Maetinga Not\u00edcias<\/title>\n<meta name=\"robots\" content=\"index, follow, max-snippet:-1, max-image-preview:large, max-video-preview:-1\" \/>\n<link rel=\"canonical\" href=\"https:\/\/maetinganoticias.com\/index.php\/2024\/02\/28\/com-greve-na-argentina-latam-e-gol-cancelam-voos-do-brasil-para-pais-vizinho\/\" \/>\n<meta property=\"og:locale\" content=\"pt_BR\" \/>\n<meta property=\"og:type\" content=\"article\" \/>\n<meta property=\"og:title\" content=\"Com greve na Argentina, Latam e Gol cancelam voos do Brasil para pa\u00eds vizinho - Maetinga Not\u00edcias\" \/>\n<meta property=\"og:description\" content=\"As empresas a\u00e9reas brasileiras Latam e Gol cancelaram os voos para \u00e0 Argentina que seriam realizados nesta quarta-feira (28) por causa da greve de trabalhadores aeroportu\u00e1rios no pa\u00eds vizinho. As companhias informaram que os passageiros prejudicados poder\u00e3o remarcar os voos para outras datas, sem custos adicionais. De acordo com a Gol, a paralisa\u00e7\u00e3o dos trabalhadores [&hellip;]\" \/>\n<meta property=\"og:url\" content=\"https:\/\/maetinganoticias.com\/index.php\/2024\/02\/28\/com-greve-na-argentina-latam-e-gol-cancelam-voos-do-brasil-para-pais-vizinho\/\" \/>\n<meta property=\"og:site_name\" content=\"Maetinga Not\u00edcias\" \/>\n<meta property=\"article:published_time\" content=\"2024-02-28T18:24:12+00:00\" \/>\n<meta property=\"article:modified_time\" content=\"2024-02-28T18:24:57+00:00\" \/>\n<meta property=\"og:image\" content=\"https:\/\/maetinganoticias.com\/wp-content\/uploads\/2024\/02\/WhatsApp-Image-2024-02-28-at-15.21.32.jpeg\" \/>\n\t<meta property=\"og:image:width\" content=\"1170\" \/>\n\t<meta property=\"og:image:height\" content=\"700\" \/>\n\t<meta property=\"og:image:type\" content=\"image\/jpeg\" \/>\n<meta name=\"author\" content=\"Maetinga Not\u00edcias\" \/>\n<meta name=\"twitter:card\" content=\"summary_large_image\" \/>\n<meta name=\"twitter:label1\" content=\"Escrito por\" \/>\n\t<meta name=\"twitter:data1\" content=\"Maetinga Not\u00edcias\" \/>\n\t<meta name=\"twitter:label2\" content=\"Est. tempo de leitura\" \/>\n\t<meta name=\"twitter:data2\" content=\"3 minutos\" \/>\n<script type=\"application\/ld+json\" class=\"yoast-schema-graph\">{\"@context\":\"https:\\\/\\\/schema.org\",\"@graph\":[{\"@type\":[\"Article\",\"BlogPosting\"],\"@id\":\"https:\\\/\\\/maetinganoticias.com\\\/index.php\\\/2024\\\/02\\\/28\\\/com-greve-na-argentina-latam-e-gol-cancelam-voos-do-brasil-para-pais-vizinho\\\/#article\",\"isPartOf\":{\"@id\":\"https:\\\/\\\/maetinganoticias.com\\\/index.php\\\/2024\\\/02\\\/28\\\/com-greve-na-argentina-latam-e-gol-cancelam-voos-do-brasil-para-pais-vizinho\\\/\"},\"author\":{\"name\":\"Maetinga Not\u00edcias\",\"@id\":\"https:\\\/\\\/maetinganoticias.com\\\/#\\\/schema\\\/person\\\/968cf95e67a6810fc7fb35bbc9016962\"},\"headline\":\"Com greve na Argentina, Latam e Gol cancelam voos do Brasil para pa\u00eds vizinho\",\"datePublished\":\"2024-02-28T18:24:12+00:00\",\"dateModified\":\"2024-02-28T18:24:57+00:00\",\"mainEntityOfPage\":{\"@id\":\"https:\\\/\\\/maetinganoticias.com\\\/index.php\\\/2024\\\/02\\\/28\\\/com-greve-na-argentina-latam-e-gol-cancelam-voos-do-brasil-para-pais-vizinho\\\/\"},\"wordCount\":426,\"commentCount\":77,\"publisher\":{\"@id\":\"https:\\\/\\\/maetinganoticias.com\\\/#organization\"},\"image\":{\"@id\":\"https:\\\/\\\/maetinganoticias.com\\\/index.php\\\/2024\\\/02\\\/28\\\/com-greve-na-argentina-latam-e-gol-cancelam-voos-do-brasil-para-pais-vizinho\\\/#primaryimage\"},\"thumbnailUrl\":\"https:\\\/\\\/maetinganoticias.com\\\/wp-content\\\/uploads\\\/2024\\\/02\\\/WhatsApp-Image-2024-02-28-at-15.21.32.jpeg\",\"keywords\":[\"ARGENTINA\",\"BRASIL\",\"CRISE\",\"GOL\",\"GREVE\",\"LATAM\",\"VOO\"],\"articleSection\":[\"Brasil\",\"Regi\u00e3o\"],\"inLanguage\":\"pt-BR\",\"potentialAction\":[{\"@type\":\"CommentAction\",\"name\":\"Comment\",\"target\":[\"https:\\\/\\\/maetinganoticias.com\\\/index.php\\\/2024\\\/02\\\/28\\\/com-greve-na-argentina-latam-e-gol-cancelam-voos-do-brasil-para-pais-vizinho\\\/#respond\"]}]},{\"@type\":\"WebPage\",\"@id\":\"https:\\\/\\\/maetinganoticias.com\\\/index.php\\\/2024\\\/02\\\/28\\\/com-greve-na-argentina-latam-e-gol-cancelam-voos-do-brasil-para-pais-vizinho\\\/\",\"url\":\"https:\\\/\\\/maetinganoticias.com\\\/index.php\\\/2024\\\/02\\\/28\\\/com-greve-na-argentina-latam-e-gol-cancelam-voos-do-brasil-para-pais-vizinho\\\/\",\"name\":\"Com greve na Argentina, Latam e Gol cancelam voos do Brasil para pa\u00eds vizinho - Maetinga Not\u00edcias\",\"isPartOf\":{\"@id\":\"https:\\\/\\\/maetinganoticias.com\\\/#website\"},\"primaryImageOfPage\":{\"@id\":\"https:\\\/\\\/maetinganoticias.com\\\/index.php\\\/2024\\\/02\\\/28\\\/com-greve-na-argentina-latam-e-gol-cancelam-voos-do-brasil-para-pais-vizinho\\\/#primaryimage\"},\"image\":{\"@id\":\"https:\\\/\\\/maetinganoticias.com\\\/index.php\\\/2024\\\/02\\\/28\\\/com-greve-na-argentina-latam-e-gol-cancelam-voos-do-brasil-para-pais-vizinho\\\/#primaryimage\"},\"thumbnailUrl\":\"https:\\\/\\\/maetinganoticias.com\\\/wp-content\\\/uploads\\\/2024\\\/02\\\/WhatsApp-Image-2024-02-28-at-15.21.32.jpeg\",\"datePublished\":\"2024-02-28T18:24:12+00:00\",\"dateModified\":\"2024-02-28T18:24:57+00:00\",\"breadcrumb\":{\"@id\":\"https:\\\/\\\/maetinganoticias.com\\\/index.php\\\/2024\\\/02\\\/28\\\/com-greve-na-argentina-latam-e-gol-cancelam-voos-do-brasil-para-pais-vizinho\\\/#breadcrumb\"},\"inLanguage\":\"pt-BR\",\"potentialAction\":[{\"@type\":\"ReadAction\",\"target\":[\"https:\\\/\\\/maetinganoticias.com\\\/index.php\\\/2024\\\/02\\\/28\\\/com-greve-na-argentina-latam-e-gol-cancelam-voos-do-brasil-para-pais-vizinho\\\/\"]}]},{\"@type\":\"ImageObject\",\"inLanguage\":\"pt-BR\",\"@id\":\"https:\\\/\\\/maetinganoticias.com\\\/index.php\\\/2024\\\/02\\\/28\\\/com-greve-na-argentina-latam-e-gol-cancelam-voos-do-brasil-para-pais-vizinho\\\/#primaryimage\",\"url\":\"https:\\\/\\\/maetinganoticias.com\\\/wp-content\\\/uploads\\\/2024\\\/02\\\/WhatsApp-Image-2024-02-28-at-15.21.32.jpeg\",\"contentUrl\":\"https:\\\/\\\/maetinganoticias.com\\\/wp-content\\\/uploads\\\/2024\\\/02\\\/WhatsApp-Image-2024-02-28-at-15.21.32.jpeg\",\"width\":1170,\"height\":700,\"caption\":\"Passageiros poder\u00e3o remarcar para outra data\"},{\"@type\":\"BreadcrumbList\",\"@id\":\"https:\\\/\\\/maetinganoticias.com\\\/index.php\\\/2024\\\/02\\\/28\\\/com-greve-na-argentina-latam-e-gol-cancelam-voos-do-brasil-para-pais-vizinho\\\/#breadcrumb\",\"itemListElement\":[{\"@type\":\"ListItem\",\"position\":1,\"name\":\"In\u00edcio\",\"item\":\"https:\\\/\\\/maetinganoticias.com\\\/\"},{\"@type\":\"ListItem\",\"position\":2,\"name\":\"Com greve na Argentina, Latam e Gol cancelam voos do Brasil para pa\u00eds vizinho\"}]},{\"@type\":\"WebSite\",\"@id\":\"https:\\\/\\\/maetinganoticias.com\\\/#website\",\"url\":\"https:\\\/\\\/maetinganoticias.com\\\/\",\"name\":\"Maetinga Not\u00edcias\",\"description\":\"A Voz do Interior Baiano!\",\"publisher\":{\"@id\":\"https:\\\/\\\/maetinganoticias.com\\\/#organization\"},\"potentialAction\":[{\"@type\":\"SearchAction\",\"target\":{\"@type\":\"EntryPoint\",\"urlTemplate\":\"https:\\\/\\\/maetinganoticias.com\\\/?s={search_term_string}\"},\"query-input\":{\"@type\":\"PropertyValueSpecification\",\"valueRequired\":true,\"valueName\":\"search_term_string\"}}],\"inLanguage\":\"pt-BR\"},{\"@type\":\"Organization\",\"@id\":\"https:\\\/\\\/maetinganoticias.com\\\/#organization\",\"name\":\"Maetinga Not\u00edcias\",\"url\":\"https:\\\/\\\/maetinganoticias.com\\\/\",\"logo\":{\"@type\":\"ImageObject\",\"inLanguage\":\"pt-BR\",\"@id\":\"https:\\\/\\\/maetinganoticias.com\\\/#\\\/schema\\\/logo\\\/image\\\/\",\"url\":\"https:\\\/\\\/maetinganoticias.com\\\/wp-content\\\/uploads\\\/2023\\\/07\\\/cropped-cropped-cropped-cropped-BUSINESS-3-42-1.png\",\"contentUrl\":\"https:\\\/\\\/maetinganoticias.com\\\/wp-content\\\/uploads\\\/2023\\\/07\\\/cropped-cropped-cropped-cropped-BUSINESS-3-42-1.png\",\"width\":485,\"height\":109,\"caption\":\"Maetinga Not\u00edcias\"},\"image\":{\"@id\":\"https:\\\/\\\/maetinganoticias.com\\\/#\\\/schema\\\/logo\\\/image\\\/\"}},{\"@type\":\"Person\",\"@id\":\"https:\\\/\\\/maetinganoticias.com\\\/#\\\/schema\\\/person\\\/968cf95e67a6810fc7fb35bbc9016962\",\"name\":\"Maetinga Not\u00edcias\",\"image\":{\"@type\":\"ImageObject\",\"inLanguage\":\"pt-BR\",\"@id\":\"https:\\\/\\\/secure.gravatar.com\\\/avatar\\\/32e078313a5ca37a6c8d44e716ed4f9e87ecfde7222d2b88a1424bd49654f187?s=96&d=mm&r=g\",\"url\":\"https:\\\/\\\/secure.gravatar.com\\\/avatar\\\/32e078313a5ca37a6c8d44e716ed4f9e87ecfde7222d2b88a1424bd49654f187?s=96&d=mm&r=g\",\"contentUrl\":\"https:\\\/\\\/secure.gravatar.com\\\/avatar\\\/32e078313a5ca37a6c8d44e716ed4f9e87ecfde7222d2b88a1424bd49654f187?s=96&d=mm&r=g\",\"caption\":\"Maetinga Not\u00edcias\"},\"description\":\"A voz do Interior Baiano!\",\"sameAs\":[\"https:\\\/\\\/maetinganoticias.com\",\"https:\\\/\\\/www.instagram.com\\\/blogmaetinganoticias\\\/\"],\"url\":\"https:\\\/\\\/maetinganoticias.com\\\/index.php\\\/author\\\/carlosvianna13\\\/\"}]}<\/script>\n<!-- \/ Yoast SEO plugin. -->","yoast_head_json":{"title":"Com greve na Argentina, Latam e Gol cancelam voos do Brasil para pa\u00eds vizinho - Maetinga Not\u00edcias","robots":{"index":"index","follow":"follow","max-snippet":"max-snippet:-1","max-image-preview":"max-image-preview:large","max-video-preview":"max-video-preview:-1"},"canonical":"https:\/\/maetinganoticias.com\/index.php\/2024\/02\/28\/com-greve-na-argentina-latam-e-gol-cancelam-voos-do-brasil-para-pais-vizinho\/","og_locale":"pt_BR","og_type":"article","og_title":"Com greve na Argentina, Latam e Gol cancelam voos do Brasil para pa\u00eds vizinho - Maetinga Not\u00edcias","og_description":"As empresas a\u00e9reas brasileiras Latam e Gol cancelaram os voos para \u00e0 Argentina que seriam realizados nesta quarta-feira (28) por causa da greve de trabalhadores aeroportu\u00e1rios no pa\u00eds vizinho. As companhias informaram que os passageiros prejudicados poder\u00e3o remarcar os voos para outras datas, sem custos adicionais. De acordo com a Gol, a paralisa\u00e7\u00e3o dos trabalhadores [&hellip;]","og_url":"https:\/\/maetinganoticias.com\/index.php\/2024\/02\/28\/com-greve-na-argentina-latam-e-gol-cancelam-voos-do-brasil-para-pais-vizinho\/","og_site_name":"Maetinga Not\u00edcias","article_published_time":"2024-02-28T18:24:12+00:00","article_modified_time":"2024-02-28T18:24:57+00:00","og_image":[{"width":1170,"height":700,"url":"https:\/\/maetinganoticias.com\/wp-content\/uploads\/2024\/02\/WhatsApp-Image-2024-02-28-at-15.21.32.jpeg","type":"image\/jpeg"}],"author":"Maetinga Not\u00edcias","twitter_card":"summary_large_image","twitter_misc":{"Escrito por":"Maetinga Not\u00edcias","Est. tempo de leitura":"3 minutos"},"schema":{"@context":"https:\/\/schema.org","@graph":[{"@type":["Article","BlogPosting"],"@id":"https:\/\/maetinganoticias.com\/index.php\/2024\/02\/28\/com-greve-na-argentina-latam-e-gol-cancelam-voos-do-brasil-para-pais-vizinho\/#article","isPartOf":{"@id":"https:\/\/maetinganoticias.com\/index.php\/2024\/02\/28\/com-greve-na-argentina-latam-e-gol-cancelam-voos-do-brasil-para-pais-vizinho\/"},"author":{"name":"Maetinga Not\u00edcias","@id":"https:\/\/maetinganoticias.com\/#\/schema\/person\/968cf95e67a6810fc7fb35bbc9016962"},"headline":"Com greve na Argentina, Latam e Gol cancelam voos do Brasil para pa\u00eds vizinho","datePublished":"2024-02-28T18:24:12+00:00","dateModified":"2024-02-28T18:24:57+00:00","mainEntityOfPage":{"@id":"https:\/\/maetinganoticias.com\/index.php\/2024\/02\/28\/com-greve-na-argentina-latam-e-gol-cancelam-voos-do-brasil-para-pais-vizinho\/"},"wordCount":426,"commentCount":77,"publisher":{"@id":"https:\/\/maetinganoticias.com\/#organization"},"image":{"@id":"https:\/\/maetinganoticias.com\/index.php\/2024\/02\/28\/com-greve-na-argentina-latam-e-gol-cancelam-voos-do-brasil-para-pais-vizinho\/#primaryimage"},"thumbnailUrl":"https:\/\/maetinganoticias.com\/wp-content\/uploads\/2024\/02\/WhatsApp-Image-2024-02-28-at-15.21.32.jpeg","keywords":["ARGENTINA","BRASIL","CRISE","GOL","GREVE","LATAM","VOO"],"articleSection":["Brasil","Regi\u00e3o"],"inLanguage":"pt-BR","potentialAction":[{"@type":"CommentAction","name":"Comment","target":["https:\/\/maetinganoticias.com\/index.php\/2024\/02\/28\/com-greve-na-argentina-latam-e-gol-cancelam-voos-do-brasil-para-pais-vizinho\/#respond"]}]},{"@type":"WebPage","@id":"https:\/\/maetinganoticias.com\/index.php\/2024\/02\/28\/com-greve-na-argentina-latam-e-gol-cancelam-voos-do-brasil-para-pais-vizinho\/","url":"https:\/\/maetinganoticias.com\/index.php\/2024\/02\/28\/com-greve-na-argentina-latam-e-gol-cancelam-voos-do-brasil-para-pais-vizinho\/","name":"Com greve na Argentina, Latam e Gol cancelam voos do Brasil para pa\u00eds vizinho - Maetinga Not\u00edcias","isPartOf":{"@id":"https:\/\/maetinganoticias.com\/#website"},"primaryImageOfPage":{"@id":"https:\/\/maetinganoticias.com\/index.php\/2024\/02\/28\/com-greve-na-argentina-latam-e-gol-cancelam-voos-do-brasil-para-pais-vizinho\/#primaryimage"},"image":{"@id":"https:\/\/maetinganoticias.com\/index.php\/2024\/02\/28\/com-greve-na-argentina-latam-e-gol-cancelam-voos-do-brasil-para-pais-vizinho\/#primaryimage"},"thumbnailUrl":"https:\/\/maetinganoticias.com\/wp-content\/uploads\/2024\/02\/WhatsApp-Image-2024-02-28-at-15.21.32.jpeg","datePublished":"2024-02-28T18:24:12+00:00","dateModified":"2024-02-28T18:24:57+00:00","breadcrumb":{"@id":"https:\/\/maetinganoticias.com\/index.php\/2024\/02\/28\/com-greve-na-argentina-latam-e-gol-cancelam-voos-do-brasil-para-pais-vizinho\/#breadcrumb"},"inLanguage":"pt-BR","potentialAction":[{"@type":"ReadAction","target":["https:\/\/maetinganoticias.com\/index.php\/2024\/02\/28\/com-greve-na-argentina-latam-e-gol-cancelam-voos-do-brasil-para-pais-vizinho\/"]}]},{"@type":"ImageObject","inLanguage":"pt-BR","@id":"https:\/\/maetinganoticias.com\/index.php\/2024\/02\/28\/com-greve-na-argentina-latam-e-gol-cancelam-voos-do-brasil-para-pais-vizinho\/#primaryimage","url":"https:\/\/maetinganoticias.com\/wp-content\/uploads\/2024\/02\/WhatsApp-Image-2024-02-28-at-15.21.32.jpeg","contentUrl":"https:\/\/maetinganoticias.com\/wp-content\/uploads\/2024\/02\/WhatsApp-Image-2024-02-28-at-15.21.32.jpeg","width":1170,"height":700,"caption":"Passageiros poder\u00e3o remarcar para outra data"},{"@type":"BreadcrumbList","@id":"https:\/\/maetinganoticias.com\/index.php\/2024\/02\/28\/com-greve-na-argentina-latam-e-gol-cancelam-voos-do-brasil-para-pais-vizinho\/#breadcrumb","itemListElement":[{"@type":"ListItem","position":1,"name":"In\u00edcio","item":"https:\/\/maetinganoticias.com\/"},{"@type":"ListItem","position":2,"name":"Com greve na Argentina, Latam e Gol cancelam voos do Brasil para pa\u00eds vizinho"}]},{"@type":"WebSite","@id":"https:\/\/maetinganoticias.com\/#website","url":"https:\/\/maetinganoticias.com\/","name":"Maetinga Not\u00edcias","description":"A Voz do Interior Baiano!","publisher":{"@id":"https:\/\/maetinganoticias.com\/#organization"},"potentialAction":[{"@type":"SearchAction","target":{"@type":"EntryPoint","urlTemplate":"https:\/\/maetinganoticias.com\/?s={search_term_string}"},"query-input":{"@type":"PropertyValueSpecification","valueRequired":true,"valueName":"search_term_string"}}],"inLanguage":"pt-BR"},{"@type":"Organization","@id":"https:\/\/maetinganoticias.com\/#organization","name":"Maetinga Not\u00edcias","url":"https:\/\/maetinganoticias.com\/","logo":{"@type":"ImageObject","inLanguage":"pt-BR","@id":"https:\/\/maetinganoticias.com\/#\/schema\/logo\/image\/","url":"https:\/\/maetinganoticias.com\/wp-content\/uploads\/2023\/07\/cropped-cropped-cropped-cropped-BUSINESS-3-42-1.png","contentUrl":"https:\/\/maetinganoticias.com\/wp-content\/uploads\/2023\/07\/cropped-cropped-cropped-cropped-BUSINESS-3-42-1.png","width":485,"height":109,"caption":"Maetinga Not\u00edcias"},"image":{"@id":"https:\/\/maetinganoticias.com\/#\/schema\/logo\/image\/"}},{"@type":"Person","@id":"https:\/\/maetinganoticias.com\/#\/schema\/person\/968cf95e67a6810fc7fb35bbc9016962","name":"Maetinga Not\u00edcias","image":{"@type":"ImageObject","inLanguage":"pt-BR","@id":"https:\/\/secure.gravatar.com\/avatar\/32e078313a5ca37a6c8d44e716ed4f9e87ecfde7222d2b88a1424bd49654f187?s=96&d=mm&r=g","url":"https:\/\/secure.gravatar.com\/avatar\/32e078313a5ca37a6c8d44e716ed4f9e87ecfde7222d2b88a1424bd49654f187?s=96&d=mm&r=g","contentUrl":"https:\/\/secure.gravatar.com\/avatar\/32e078313a5ca37a6c8d44e716ed4f9e87ecfde7222d2b88a1424bd49654f187?s=96&d=mm&r=g","caption":"Maetinga Not\u00edcias"},"description":"A voz do Interior Baiano!","sameAs":["https:\/\/maetinganoticias.com","https:\/\/www.instagram.com\/blogmaetinganoticias\/"],"url":"https:\/\/maetinganoticias.com\/index.php\/author\/carlosvianna13\/"}]}},"_links":{"self":[{"href":"https:\/\/maetinganoticias.com\/index.php\/wp-json\/wp\/v2\/posts\/3226","targetHints":{"allow":["GET"]}}],"collection":[{"href":"https:\/\/maetinganoticias.com\/index.php\/wp-json\/wp\/v2\/posts"}],"about":[{"href":"https:\/\/maetinganoticias.com\/index.php\/wp-json\/wp\/v2\/types\/post"}],"author":[{"embeddable":true,"href":"https:\/\/maetinganoticias.com\/index.php\/wp-json\/wp\/v2\/users\/1"}],"replies":[{"embeddable":true,"href":"https:\/\/maetinganoticias.com\/index.php\/wp-json\/wp\/v2\/comments?post=3226"}],"version-history":[{"count":1,"href":"https:\/\/maetinganoticias.com\/index.php\/wp-json\/wp\/v2\/posts\/3226\/revisions"}],"predecessor-version":[{"id":3229,"href":"https:\/\/maetinganoticias.com\/index.php\/wp-json\/wp\/v2\/posts\/3226\/revisions\/3229"}],"wp:featuredmedia":[{"embeddable":true,"href":"https:\/\/maetinganoticias.com\/index.php\/wp-json\/wp\/v2\/media\/3228"}],"wp:attachment":[{"href":"https:\/\/maetinganoticias.com\/index.php\/wp-json\/wp\/v2\/media?parent=3226"}],"wp:term":[{"taxonomy":"category","embeddable":true,"href":"https:\/\/maetinganoticias.com\/index.php\/wp-json\/wp\/v2\/categories?post=3226"},{"taxonomy":"post_tag","embeddable":true,"href":"https:\/\/maetinganoticias.com\/index.php\/wp-json\/wp\/v2\/tags?post=3226"}],"curies":[{"name":"wp","href":"https:\/\/api.w.org\/{rel}","templated":true}]}}