{"id":2994,"date":"2024-02-21T15:58:19","date_gmt":"2024-02-21T18:58:19","guid":{"rendered":"https:\/\/maetinganoticias.com\/?p=2994"},"modified":"2024-02-21T15:58:19","modified_gmt":"2024-02-21T18:58:19","slug":"estado-do-rio-de-janeiro-decreta-epidemia-de-dengue","status":"publish","type":"post","link":"https:\/\/maetinganoticias.com\/index.php\/2024\/02\/21\/estado-do-rio-de-janeiro-decreta-epidemia-de-dengue\/","title":{"rendered":"Estado do Rio de Janeiro decreta epidemia de dengue"},"content":{"rendered":"\n<p>O governo do Rio de Janeiro decretou nesta quarta-feira (21) epidemia de dengue no territ\u00f3rio fluminense. O decreto ser\u00e1 publicado no Di\u00e1rio Oficial at\u00e9 quinta-feira (22). S\u00e3o mais de 49 mil casos este ano da doen\u00e7a no estado, 20 vezes acima do esperado, com quatro mortes confirmadas. Os n\u00fameros de 2024 j\u00e1 representam 96% de todos os casos registrados em 2023.<\/p>\n\n\n\n<p><a href=\"https:\/\/portaltocanews.com.br\/noticia\/22036\/estado-do-rio-de-janeiro-decreta-epidemia-de-dengue#\"><\/a><\/p>\n\n\n\n<p><a target=\"_blank\" href=\"https:\/\/clck.mgid.com\/ghits\/17193683\/i\/57845666\/0\/pp\/1\/1?h=bglOwzY1TWZgn7gh7YuuYL9AwpNCOaKftrJyxmr75TBSwFYPdRHIiRMSu5jZJQnqBLqUNBvuwzqNTAQmI99vKg**&amp;rid=b4588d3e-d0ea-11ee-bc44-c84bd684dfc2&amp;tt=Direct&amp;att=3&amp;cpm=1&amp;abd=1&amp;iv=11&amp;ct=1&amp;gdprApplies=0&amp;st=-180&amp;mp4=1&amp;h2=GRgCrmCHaN7u--zSTW15Ge9PcHZOwSeIb5vLwRekGB58IPodPziOpeZAotJ_4ayg&amp;muid=o0gMHbmn4-0e\" rel=\"noreferrer noopener\"><\/a><\/p>\n\n\n\n<p>O estado anunciou a cria\u00e7\u00e3o de um Centro de Opera\u00e7\u00f5es de Emerg\u00eancia em Sa\u00fade espec\u00edfico para a dengue, que vai unir todos os setores da sa\u00fade, inclusive a Vigil\u00e2ncia Sanit\u00e1ria, para dar resposta r\u00e1pida aos munic\u00edpios. Al\u00e9m disso, haver\u00e1 amplia\u00e7\u00e3o para 22 salas de hidrata\u00e7\u00e3o e refor\u00e7o di\u00e1rio de m\u00e9dicos e enfermeiros nas UPAs estaduais.<\/p>\n\n\n\n<p>O governador do Rio, Cl\u00e1udio Castro, informou que o estado est\u00e1 com 308 casos para 100 mil habitantes, o que configura uma epidemia.<\/p>\n\n\n\n<p>\u201cTemos uma proje\u00e7\u00e3o de aumento de casos para as pr\u00f3ximas seis a dez semanas ainda. Num cen\u00e1rio positivo, seis semanas. Num cen\u00e1rio negativo, dez semanas. Nossa previs\u00e3o \u00e9 um acumulado at\u00e9 maio na casa dos 150 mil casos. Teremos semanas dif\u00edceis ainda\u201d, disse Castro.<\/p>\n\n\n\n<p>Fonte: Ag\u00eancia Brasil<\/p>\n\n\n\n<p><a target=\"_blank\" href=\"https:\/\/clck.mgid.com\/ghits\/17633310\/i\/57845666\/0\/pp\/4\/1?h=bglOwzY1TWZgn7gh7YuuYEU2hsRC4jTdecY8k9AcS4jivuWu741zC0ExfQF-vmQMfoEhmY4DerDD0MHg64CKig**&amp;rid=b4588d3e-d0ea-11ee-bc44-c84bd684dfc2&amp;tt=Direct&amp;att=3&amp;cpm=1&amp;abd=1&amp;iv=11&amp;ct=1&amp;gdprApplies=0&amp;st=-180&amp;mp4=1&amp;h2=GRgCrmCHaN7u--zSTW15Ge9PcHZOwSeIb5vLwRekGB58IPodPziOpeZAotJ_4ayg&amp;muid=o0gMHbmn4-0e\" rel=\"noreferrer noopener\"><\/a><\/p>\n","protected":false},"excerpt":{"rendered":"<p>O governo do Rio de Janeiro decretou nesta quarta-feira (21) epidemia de dengue no territ\u00f3rio fluminense. O decreto ser\u00e1 publicado no Di\u00e1rio Oficial at\u00e9 quinta-feira (22). S\u00e3o mais de 49 mil casos este ano da doen\u00e7a no estado, 20 vezes acima do esperado, com quatro mortes confirmadas. Os n\u00fameros de 2024 j\u00e1 representam 96% de [&hellip;]<\/p>\n","protected":false},"author":1,"featured_media":2962,"comment_status":"open","ping_status":"open","sticky":false,"template":"","format":"standard","meta":{"om_disable_all_campaigns":false,"_monsterinsights_skip_tracking":false,"_monsterinsights_sitenote_active":false,"_monsterinsights_sitenote_note":"","_monsterinsights_sitenote_category":0,"_uf_show_specific_survey":0,"_uf_disable_surveys":false,"footnotes":""},"categories":[393],"tags":[630,640,394,82],"class_list":{"0":"post-2994","1":"post","2":"type-post","3":"status-publish","4":"format-standard","5":"has-post-thumbnail","7":"category-rio-de-janeiro","8":"tag-dengue","9":"tag-epidemia","10":"tag-rio-de-janeiro","11":"tag-saude"},"yoast_head":"<!-- This site is optimized with the Yoast SEO plugin v27.4 - https:\/\/yoast.com\/product\/yoast-seo-wordpress\/ -->\n<title>Estado do Rio de Janeiro decreta epidemia de dengue - Maetinga Not\u00edcias<\/title>\n<meta name=\"robots\" content=\"index, follow, max-snippet:-1, max-image-preview:large, max-video-preview:-1\" \/>\n<link rel=\"canonical\" href=\"https:\/\/maetinganoticias.com\/index.php\/2024\/02\/21\/estado-do-rio-de-janeiro-decreta-epidemia-de-dengue\/\" \/>\n<meta property=\"og:locale\" content=\"pt_BR\" \/>\n<meta property=\"og:type\" content=\"article\" \/>\n<meta property=\"og:title\" content=\"Estado do Rio de Janeiro decreta epidemia de dengue - Maetinga Not\u00edcias\" \/>\n<meta property=\"og:description\" content=\"O governo do Rio de Janeiro decretou nesta quarta-feira (21) epidemia de dengue no territ\u00f3rio fluminense. O decreto ser\u00e1 publicado no Di\u00e1rio Oficial at\u00e9 quinta-feira (22). S\u00e3o mais de 49 mil casos este ano da doen\u00e7a no estado, 20 vezes acima do esperado, com quatro mortes confirmadas. Os n\u00fameros de 2024 j\u00e1 representam 96% de [&hellip;]\" \/>\n<meta property=\"og:url\" content=\"https:\/\/maetinganoticias.com\/index.php\/2024\/02\/21\/estado-do-rio-de-janeiro-decreta-epidemia-de-dengue\/\" \/>\n<meta property=\"og:site_name\" content=\"Maetinga Not\u00edcias\" \/>\n<meta property=\"article:published_time\" content=\"2024-02-21T18:58:19+00:00\" \/>\n<meta property=\"og:image\" content=\"https:\/\/maetinganoticias.com\/wp-content\/uploads\/2024\/02\/mosquito-aedes.webp\" \/>\n\t<meta property=\"og:image:width\" content=\"984\" \/>\n\t<meta property=\"og:image:height\" content=\"653\" \/>\n\t<meta property=\"og:image:type\" content=\"image\/webp\" \/>\n<meta name=\"author\" content=\"Maetinga Not\u00edcias\" \/>\n<meta name=\"twitter:card\" content=\"summary_large_image\" \/>\n<meta name=\"twitter:label1\" content=\"Escrito por\" \/>\n\t<meta name=\"twitter:data1\" content=\"Maetinga Not\u00edcias\" \/>\n\t<meta name=\"twitter:label2\" content=\"Est. tempo de leitura\" \/>\n\t<meta name=\"twitter:data2\" content=\"2 minutos\" \/>\n<script type=\"application\/ld+json\" class=\"yoast-schema-graph\">{\"@context\":\"https:\\\/\\\/schema.org\",\"@graph\":[{\"@type\":[\"Article\",\"BlogPosting\"],\"@id\":\"https:\\\/\\\/maetinganoticias.com\\\/index.php\\\/2024\\\/02\\\/21\\\/estado-do-rio-de-janeiro-decreta-epidemia-de-dengue\\\/#article\",\"isPartOf\":{\"@id\":\"https:\\\/\\\/maetinganoticias.com\\\/index.php\\\/2024\\\/02\\\/21\\\/estado-do-rio-de-janeiro-decreta-epidemia-de-dengue\\\/\"},\"author\":{\"name\":\"Maetinga Not\u00edcias\",\"@id\":\"https:\\\/\\\/maetinganoticias.com\\\/#\\\/schema\\\/person\\\/968cf95e67a6810fc7fb35bbc9016962\"},\"headline\":\"Estado do Rio de Janeiro decreta epidemia de dengue\",\"datePublished\":\"2024-02-21T18:58:19+00:00\",\"mainEntityOfPage\":{\"@id\":\"https:\\\/\\\/maetinganoticias.com\\\/index.php\\\/2024\\\/02\\\/21\\\/estado-do-rio-de-janeiro-decreta-epidemia-de-dengue\\\/\"},\"wordCount\":212,\"commentCount\":0,\"publisher\":{\"@id\":\"https:\\\/\\\/maetinganoticias.com\\\/#organization\"},\"image\":{\"@id\":\"https:\\\/\\\/maetinganoticias.com\\\/index.php\\\/2024\\\/02\\\/21\\\/estado-do-rio-de-janeiro-decreta-epidemia-de-dengue\\\/#primaryimage\"},\"thumbnailUrl\":\"https:\\\/\\\/maetinganoticias.com\\\/wp-content\\\/uploads\\\/2024\\\/02\\\/mosquito-aedes.webp\",\"keywords\":[\"DENGUE\",\"EPIDEMIA\",\"RIO DE JANEIRO\",\"SA\u00daDE\"],\"articleSection\":[\"RIO DE JANEIRO\"],\"inLanguage\":\"pt-BR\",\"potentialAction\":[{\"@type\":\"CommentAction\",\"name\":\"Comment\",\"target\":[\"https:\\\/\\\/maetinganoticias.com\\\/index.php\\\/2024\\\/02\\\/21\\\/estado-do-rio-de-janeiro-decreta-epidemia-de-dengue\\\/#respond\"]}]},{\"@type\":\"WebPage\",\"@id\":\"https:\\\/\\\/maetinganoticias.com\\\/index.php\\\/2024\\\/02\\\/21\\\/estado-do-rio-de-janeiro-decreta-epidemia-de-dengue\\\/\",\"url\":\"https:\\\/\\\/maetinganoticias.com\\\/index.php\\\/2024\\\/02\\\/21\\\/estado-do-rio-de-janeiro-decreta-epidemia-de-dengue\\\/\",\"name\":\"Estado do Rio de Janeiro decreta epidemia de dengue - Maetinga Not\u00edcias\",\"isPartOf\":{\"@id\":\"https:\\\/\\\/maetinganoticias.com\\\/#website\"},\"primaryImageOfPage\":{\"@id\":\"https:\\\/\\\/maetinganoticias.com\\\/index.php\\\/2024\\\/02\\\/21\\\/estado-do-rio-de-janeiro-decreta-epidemia-de-dengue\\\/#primaryimage\"},\"image\":{\"@id\":\"https:\\\/\\\/maetinganoticias.com\\\/index.php\\\/2024\\\/02\\\/21\\\/estado-do-rio-de-janeiro-decreta-epidemia-de-dengue\\\/#primaryimage\"},\"thumbnailUrl\":\"https:\\\/\\\/maetinganoticias.com\\\/wp-content\\\/uploads\\\/2024\\\/02\\\/mosquito-aedes.webp\",\"datePublished\":\"2024-02-21T18:58:19+00:00\",\"breadcrumb\":{\"@id\":\"https:\\\/\\\/maetinganoticias.com\\\/index.php\\\/2024\\\/02\\\/21\\\/estado-do-rio-de-janeiro-decreta-epidemia-de-dengue\\\/#breadcrumb\"},\"inLanguage\":\"pt-BR\",\"potentialAction\":[{\"@type\":\"ReadAction\",\"target\":[\"https:\\\/\\\/maetinganoticias.com\\\/index.php\\\/2024\\\/02\\\/21\\\/estado-do-rio-de-janeiro-decreta-epidemia-de-dengue\\\/\"]}]},{\"@type\":\"ImageObject\",\"inLanguage\":\"pt-BR\",\"@id\":\"https:\\\/\\\/maetinganoticias.com\\\/index.php\\\/2024\\\/02\\\/21\\\/estado-do-rio-de-janeiro-decreta-epidemia-de-dengue\\\/#primaryimage\",\"url\":\"https:\\\/\\\/maetinganoticias.com\\\/wp-content\\\/uploads\\\/2024\\\/02\\\/mosquito-aedes.webp\",\"contentUrl\":\"https:\\\/\\\/maetinganoticias.com\\\/wp-content\\\/uploads\\\/2024\\\/02\\\/mosquito-aedes.webp\",\"width\":984,\"height\":653},{\"@type\":\"BreadcrumbList\",\"@id\":\"https:\\\/\\\/maetinganoticias.com\\\/index.php\\\/2024\\\/02\\\/21\\\/estado-do-rio-de-janeiro-decreta-epidemia-de-dengue\\\/#breadcrumb\",\"itemListElement\":[{\"@type\":\"ListItem\",\"position\":1,\"name\":\"In\u00edcio\",\"item\":\"https:\\\/\\\/maetinganoticias.com\\\/\"},{\"@type\":\"ListItem\",\"position\":2,\"name\":\"Estado do Rio de Janeiro decreta epidemia de dengue\"}]},{\"@type\":\"WebSite\",\"@id\":\"https:\\\/\\\/maetinganoticias.com\\\/#website\",\"url\":\"https:\\\/\\\/maetinganoticias.com\\\/\",\"name\":\"Maetinga Not\u00edcias\",\"description\":\"A Voz do Interior Baiano!\",\"publisher\":{\"@id\":\"https:\\\/\\\/maetinganoticias.com\\\/#organization\"},\"potentialAction\":[{\"@type\":\"SearchAction\",\"target\":{\"@type\":\"EntryPoint\",\"urlTemplate\":\"https:\\\/\\\/maetinganoticias.com\\\/?s={search_term_string}\"},\"query-input\":{\"@type\":\"PropertyValueSpecification\",\"valueRequired\":true,\"valueName\":\"search_term_string\"}}],\"inLanguage\":\"pt-BR\"},{\"@type\":\"Organization\",\"@id\":\"https:\\\/\\\/maetinganoticias.com\\\/#organization\",\"name\":\"Maetinga Not\u00edcias\",\"url\":\"https:\\\/\\\/maetinganoticias.com\\\/\",\"logo\":{\"@type\":\"ImageObject\",\"inLanguage\":\"pt-BR\",\"@id\":\"https:\\\/\\\/maetinganoticias.com\\\/#\\\/schema\\\/logo\\\/image\\\/\",\"url\":\"https:\\\/\\\/maetinganoticias.com\\\/wp-content\\\/uploads\\\/2023\\\/07\\\/cropped-cropped-cropped-cropped-BUSINESS-3-42-1.png\",\"contentUrl\":\"https:\\\/\\\/maetinganoticias.com\\\/wp-content\\\/uploads\\\/2023\\\/07\\\/cropped-cropped-cropped-cropped-BUSINESS-3-42-1.png\",\"width\":485,\"height\":109,\"caption\":\"Maetinga Not\u00edcias\"},\"image\":{\"@id\":\"https:\\\/\\\/maetinganoticias.com\\\/#\\\/schema\\\/logo\\\/image\\\/\"}},{\"@type\":\"Person\",\"@id\":\"https:\\\/\\\/maetinganoticias.com\\\/#\\\/schema\\\/person\\\/968cf95e67a6810fc7fb35bbc9016962\",\"name\":\"Maetinga Not\u00edcias\",\"image\":{\"@type\":\"ImageObject\",\"inLanguage\":\"pt-BR\",\"@id\":\"https:\\\/\\\/secure.gravatar.com\\\/avatar\\\/32e078313a5ca37a6c8d44e716ed4f9e87ecfde7222d2b88a1424bd49654f187?s=96&d=mm&r=g\",\"url\":\"https:\\\/\\\/secure.gravatar.com\\\/avatar\\\/32e078313a5ca37a6c8d44e716ed4f9e87ecfde7222d2b88a1424bd49654f187?s=96&d=mm&r=g\",\"contentUrl\":\"https:\\\/\\\/secure.gravatar.com\\\/avatar\\\/32e078313a5ca37a6c8d44e716ed4f9e87ecfde7222d2b88a1424bd49654f187?s=96&d=mm&r=g\",\"caption\":\"Maetinga Not\u00edcias\"},\"description\":\"A voz do Interior Baiano!\",\"sameAs\":[\"https:\\\/\\\/maetinganoticias.com\",\"https:\\\/\\\/www.instagram.com\\\/blogmaetinganoticias\\\/\"],\"url\":\"https:\\\/\\\/maetinganoticias.com\\\/index.php\\\/author\\\/carlosvianna13\\\/\"}]}<\/script>\n<!-- \/ Yoast SEO plugin. -->","yoast_head_json":{"title":"Estado do Rio de Janeiro decreta epidemia de dengue - Maetinga Not\u00edcias","robots":{"index":"index","follow":"follow","max-snippet":"max-snippet:-1","max-image-preview":"max-image-preview:large","max-video-preview":"max-video-preview:-1"},"canonical":"https:\/\/maetinganoticias.com\/index.php\/2024\/02\/21\/estado-do-rio-de-janeiro-decreta-epidemia-de-dengue\/","og_locale":"pt_BR","og_type":"article","og_title":"Estado do Rio de Janeiro decreta epidemia de dengue - Maetinga Not\u00edcias","og_description":"O governo do Rio de Janeiro decretou nesta quarta-feira (21) epidemia de dengue no territ\u00f3rio fluminense. O decreto ser\u00e1 publicado no Di\u00e1rio Oficial at\u00e9 quinta-feira (22). S\u00e3o mais de 49 mil casos este ano da doen\u00e7a no estado, 20 vezes acima do esperado, com quatro mortes confirmadas. Os n\u00fameros de 2024 j\u00e1 representam 96% de [&hellip;]","og_url":"https:\/\/maetinganoticias.com\/index.php\/2024\/02\/21\/estado-do-rio-de-janeiro-decreta-epidemia-de-dengue\/","og_site_name":"Maetinga Not\u00edcias","article_published_time":"2024-02-21T18:58:19+00:00","og_image":[{"width":984,"height":653,"url":"https:\/\/maetinganoticias.com\/wp-content\/uploads\/2024\/02\/mosquito-aedes.webp","type":"image\/webp"}],"author":"Maetinga Not\u00edcias","twitter_card":"summary_large_image","twitter_misc":{"Escrito por":"Maetinga Not\u00edcias","Est. tempo de leitura":"2 minutos"},"schema":{"@context":"https:\/\/schema.org","@graph":[{"@type":["Article","BlogPosting"],"@id":"https:\/\/maetinganoticias.com\/index.php\/2024\/02\/21\/estado-do-rio-de-janeiro-decreta-epidemia-de-dengue\/#article","isPartOf":{"@id":"https:\/\/maetinganoticias.com\/index.php\/2024\/02\/21\/estado-do-rio-de-janeiro-decreta-epidemia-de-dengue\/"},"author":{"name":"Maetinga Not\u00edcias","@id":"https:\/\/maetinganoticias.com\/#\/schema\/person\/968cf95e67a6810fc7fb35bbc9016962"},"headline":"Estado do Rio de Janeiro decreta epidemia de dengue","datePublished":"2024-02-21T18:58:19+00:00","mainEntityOfPage":{"@id":"https:\/\/maetinganoticias.com\/index.php\/2024\/02\/21\/estado-do-rio-de-janeiro-decreta-epidemia-de-dengue\/"},"wordCount":212,"commentCount":0,"publisher":{"@id":"https:\/\/maetinganoticias.com\/#organization"},"image":{"@id":"https:\/\/maetinganoticias.com\/index.php\/2024\/02\/21\/estado-do-rio-de-janeiro-decreta-epidemia-de-dengue\/#primaryimage"},"thumbnailUrl":"https:\/\/maetinganoticias.com\/wp-content\/uploads\/2024\/02\/mosquito-aedes.webp","keywords":["DENGUE","EPIDEMIA","RIO DE JANEIRO","SA\u00daDE"],"articleSection":["RIO DE JANEIRO"],"inLanguage":"pt-BR","potentialAction":[{"@type":"CommentAction","name":"Comment","target":["https:\/\/maetinganoticias.com\/index.php\/2024\/02\/21\/estado-do-rio-de-janeiro-decreta-epidemia-de-dengue\/#respond"]}]},{"@type":"WebPage","@id":"https:\/\/maetinganoticias.com\/index.php\/2024\/02\/21\/estado-do-rio-de-janeiro-decreta-epidemia-de-dengue\/","url":"https:\/\/maetinganoticias.com\/index.php\/2024\/02\/21\/estado-do-rio-de-janeiro-decreta-epidemia-de-dengue\/","name":"Estado do Rio de Janeiro decreta epidemia de dengue - Maetinga Not\u00edcias","isPartOf":{"@id":"https:\/\/maetinganoticias.com\/#website"},"primaryImageOfPage":{"@id":"https:\/\/maetinganoticias.com\/index.php\/2024\/02\/21\/estado-do-rio-de-janeiro-decreta-epidemia-de-dengue\/#primaryimage"},"image":{"@id":"https:\/\/maetinganoticias.com\/index.php\/2024\/02\/21\/estado-do-rio-de-janeiro-decreta-epidemia-de-dengue\/#primaryimage"},"thumbnailUrl":"https:\/\/maetinganoticias.com\/wp-content\/uploads\/2024\/02\/mosquito-aedes.webp","datePublished":"2024-02-21T18:58:19+00:00","breadcrumb":{"@id":"https:\/\/maetinganoticias.com\/index.php\/2024\/02\/21\/estado-do-rio-de-janeiro-decreta-epidemia-de-dengue\/#breadcrumb"},"inLanguage":"pt-BR","potentialAction":[{"@type":"ReadAction","target":["https:\/\/maetinganoticias.com\/index.php\/2024\/02\/21\/estado-do-rio-de-janeiro-decreta-epidemia-de-dengue\/"]}]},{"@type":"ImageObject","inLanguage":"pt-BR","@id":"https:\/\/maetinganoticias.com\/index.php\/2024\/02\/21\/estado-do-rio-de-janeiro-decreta-epidemia-de-dengue\/#primaryimage","url":"https:\/\/maetinganoticias.com\/wp-content\/uploads\/2024\/02\/mosquito-aedes.webp","contentUrl":"https:\/\/maetinganoticias.com\/wp-content\/uploads\/2024\/02\/mosquito-aedes.webp","width":984,"height":653},{"@type":"BreadcrumbList","@id":"https:\/\/maetinganoticias.com\/index.php\/2024\/02\/21\/estado-do-rio-de-janeiro-decreta-epidemia-de-dengue\/#breadcrumb","itemListElement":[{"@type":"ListItem","position":1,"name":"In\u00edcio","item":"https:\/\/maetinganoticias.com\/"},{"@type":"ListItem","position":2,"name":"Estado do Rio de Janeiro decreta epidemia de dengue"}]},{"@type":"WebSite","@id":"https:\/\/maetinganoticias.com\/#website","url":"https:\/\/maetinganoticias.com\/","name":"Maetinga Not\u00edcias","description":"A Voz do Interior Baiano!","publisher":{"@id":"https:\/\/maetinganoticias.com\/#organization"},"potentialAction":[{"@type":"SearchAction","target":{"@type":"EntryPoint","urlTemplate":"https:\/\/maetinganoticias.com\/?s={search_term_string}"},"query-input":{"@type":"PropertyValueSpecification","valueRequired":true,"valueName":"search_term_string"}}],"inLanguage":"pt-BR"},{"@type":"Organization","@id":"https:\/\/maetinganoticias.com\/#organization","name":"Maetinga Not\u00edcias","url":"https:\/\/maetinganoticias.com\/","logo":{"@type":"ImageObject","inLanguage":"pt-BR","@id":"https:\/\/maetinganoticias.com\/#\/schema\/logo\/image\/","url":"https:\/\/maetinganoticias.com\/wp-content\/uploads\/2023\/07\/cropped-cropped-cropped-cropped-BUSINESS-3-42-1.png","contentUrl":"https:\/\/maetinganoticias.com\/wp-content\/uploads\/2023\/07\/cropped-cropped-cropped-cropped-BUSINESS-3-42-1.png","width":485,"height":109,"caption":"Maetinga Not\u00edcias"},"image":{"@id":"https:\/\/maetinganoticias.com\/#\/schema\/logo\/image\/"}},{"@type":"Person","@id":"https:\/\/maetinganoticias.com\/#\/schema\/person\/968cf95e67a6810fc7fb35bbc9016962","name":"Maetinga Not\u00edcias","image":{"@type":"ImageObject","inLanguage":"pt-BR","@id":"https:\/\/secure.gravatar.com\/avatar\/32e078313a5ca37a6c8d44e716ed4f9e87ecfde7222d2b88a1424bd49654f187?s=96&d=mm&r=g","url":"https:\/\/secure.gravatar.com\/avatar\/32e078313a5ca37a6c8d44e716ed4f9e87ecfde7222d2b88a1424bd49654f187?s=96&d=mm&r=g","contentUrl":"https:\/\/secure.gravatar.com\/avatar\/32e078313a5ca37a6c8d44e716ed4f9e87ecfde7222d2b88a1424bd49654f187?s=96&d=mm&r=g","caption":"Maetinga Not\u00edcias"},"description":"A voz do Interior Baiano!","sameAs":["https:\/\/maetinganoticias.com","https:\/\/www.instagram.com\/blogmaetinganoticias\/"],"url":"https:\/\/maetinganoticias.com\/index.php\/author\/carlosvianna13\/"}]}},"_links":{"self":[{"href":"https:\/\/maetinganoticias.com\/index.php\/wp-json\/wp\/v2\/posts\/2994","targetHints":{"allow":["GET"]}}],"collection":[{"href":"https:\/\/maetinganoticias.com\/index.php\/wp-json\/wp\/v2\/posts"}],"about":[{"href":"https:\/\/maetinganoticias.com\/index.php\/wp-json\/wp\/v2\/types\/post"}],"author":[{"embeddable":true,"href":"https:\/\/maetinganoticias.com\/index.php\/wp-json\/wp\/v2\/users\/1"}],"replies":[{"embeddable":true,"href":"https:\/\/maetinganoticias.com\/index.php\/wp-json\/wp\/v2\/comments?post=2994"}],"version-history":[{"count":1,"href":"https:\/\/maetinganoticias.com\/index.php\/wp-json\/wp\/v2\/posts\/2994\/revisions"}],"predecessor-version":[{"id":2995,"href":"https:\/\/maetinganoticias.com\/index.php\/wp-json\/wp\/v2\/posts\/2994\/revisions\/2995"}],"wp:featuredmedia":[{"embeddable":true,"href":"https:\/\/maetinganoticias.com\/index.php\/wp-json\/wp\/v2\/media\/2962"}],"wp:attachment":[{"href":"https:\/\/maetinganoticias.com\/index.php\/wp-json\/wp\/v2\/media?parent=2994"}],"wp:term":[{"taxonomy":"category","embeddable":true,"href":"https:\/\/maetinganoticias.com\/index.php\/wp-json\/wp\/v2\/categories?post=2994"},{"taxonomy":"post_tag","embeddable":true,"href":"https:\/\/maetinganoticias.com\/index.php\/wp-json\/wp\/v2\/tags?post=2994"}],"curies":[{"name":"wp","href":"https:\/\/api.w.org\/{rel}","templated":true}]}}