{"id":2613,"date":"2024-01-27T10:22:07","date_gmt":"2024-01-27T13:22:07","guid":{"rendered":"https:\/\/maetinganoticias.com\/?p=2613"},"modified":"2024-01-27T10:22:07","modified_gmt":"2024-01-27T13:22:07","slug":"empresario-grava-video-sobre-a-polemica-oferta-de-emprego-considerada-racista-em-caetite","status":"publish","type":"post","link":"https:\/\/maetinganoticias.com\/index.php\/2024\/01\/27\/empresario-grava-video-sobre-a-polemica-oferta-de-emprego-considerada-racista-em-caetite\/","title":{"rendered":"Empres\u00e1rio grava v\u00eddeo sobre a pol\u00eamica oferta de emprego considerada racista em Caetit\u00e9"},"content":{"rendered":"\n<p>O empres\u00e1rio Edis da Silva Ribeiro, se pronunciou sobre a pol\u00eamica oferta de emprego considerada racista, na cidade de Caetit\u00e9, na regi\u00e3o sudoeste da Bahia.<\/p>\n\n\n\n<p>O estabelecimento exigia que \u201ca candidata seja mulher, solteira, sem filhos, expressiva, gentil, d\u00f3cil e Branca, al\u00e9m de ter m\u00ednimo de 18 anos e ensino m\u00e9dio completo\u201d.<\/p>\n\n\n\n<p>Nesta sexta-feira (26), em v\u00eddeo gravado e compartilhado nas redes sociais, Edis pediu desculpas sobre a postagem, que j\u00e1 foi apagada das redes sociais.<\/p>\n\n\n\n<p>Abalado, Ribeiro pediu perd\u00e3o e disse de um erro ortogr\u00e1fico quando digitou a postagem no celular.<\/p>\n\n\n\n<p>Segundo o Achei Sudoeste, nestes s\u00e1bado (27), alunos da Universidade do Estado da Bahia (Uneb), v\u00e3o realizar uma manifesta\u00e7\u00e3o para sensibilizar as autoridades sobre o caso.<\/p>\n\n\n\n<p>Os estudantes esperam que a justi\u00e7a seja feita.<\/p>\n\n\n\n<p>ASSSISTA O V\u00cdDEO NO INSTAGRAM! (link abaixo).<\/p>\n\n\n\n<p><a href=\"https:\/\/www.instagram.com\/reel\/C2mtsE9unCz\/?utm_source=ig_web_copy_link&amp;igsh=MzRlODBiNWFlZA==\">https:\/\/www.instagram.com\/reel\/C2mtsE9unCz\/?utm_source=ig_web_copy_link&amp;igsh=MzRlODBiNWFlZA==<\/a><\/p>\n","protected":false},"excerpt":{"rendered":"<p>O empres\u00e1rio Edis da Silva Ribeiro, se pronunciou sobre a pol\u00eamica oferta de emprego considerada racista, na cidade de Caetit\u00e9, na regi\u00e3o sudoeste da Bahia. O estabelecimento exigia que \u201ca candidata seja mulher, solteira, sem filhos, expressiva, gentil, d\u00f3cil e Branca, al\u00e9m de ter m\u00ednimo de 18 anos e ensino m\u00e9dio completo\u201d. Nesta sexta-feira (26), [&hellip;]<\/p>\n","protected":false},"author":1,"featured_media":2614,"comment_status":"open","ping_status":"open","sticky":false,"template":"","format":"standard","meta":{"om_disable_all_campaigns":false,"_monsterinsights_skip_tracking":false,"_monsterinsights_sitenote_active":false,"_monsterinsights_sitenote_note":"","_monsterinsights_sitenote_category":0,"_uf_show_specific_survey":0,"_uf_disable_surveys":false,"footnotes":""},"categories":[150],"tags":[],"class_list":{"0":"post-2613","1":"post","2":"type-post","3":"status-publish","4":"format-standard","5":"has-post-thumbnail","7":"category-caetite"},"yoast_head":"<!-- This site is optimized with the Yoast SEO plugin v27.4 - https:\/\/yoast.com\/product\/yoast-seo-wordpress\/ -->\n<title>Empres\u00e1rio grava v\u00eddeo sobre a pol\u00eamica oferta de emprego considerada racista em Caetit\u00e9 - Maetinga Not\u00edcias<\/title>\n<meta name=\"robots\" content=\"index, follow, max-snippet:-1, max-image-preview:large, max-video-preview:-1\" \/>\n<link rel=\"canonical\" href=\"https:\/\/maetinganoticias.com\/index.php\/2024\/01\/27\/empresario-grava-video-sobre-a-polemica-oferta-de-emprego-considerada-racista-em-caetite\/\" \/>\n<meta property=\"og:locale\" content=\"pt_BR\" \/>\n<meta property=\"og:type\" content=\"article\" \/>\n<meta property=\"og:title\" content=\"Empres\u00e1rio grava v\u00eddeo sobre a pol\u00eamica oferta de emprego considerada racista em Caetit\u00e9 - Maetinga Not\u00edcias\" \/>\n<meta property=\"og:description\" content=\"O empres\u00e1rio Edis da Silva Ribeiro, se pronunciou sobre a pol\u00eamica oferta de emprego considerada racista, na cidade de Caetit\u00e9, na regi\u00e3o sudoeste da Bahia. O estabelecimento exigia que \u201ca candidata seja mulher, solteira, sem filhos, expressiva, gentil, d\u00f3cil e Branca, al\u00e9m de ter m\u00ednimo de 18 anos e ensino m\u00e9dio completo\u201d. Nesta sexta-feira (26), [&hellip;]\" \/>\n<meta property=\"og:url\" content=\"https:\/\/maetinganoticias.com\/index.php\/2024\/01\/27\/empresario-grava-video-sobre-a-polemica-oferta-de-emprego-considerada-racista-em-caetite\/\" \/>\n<meta property=\"og:site_name\" content=\"Maetinga Not\u00edcias\" \/>\n<meta property=\"article:published_time\" content=\"2024-01-27T13:22:07+00:00\" \/>\n<meta property=\"og:image\" content=\"https:\/\/maetinganoticias.com\/wp-content\/uploads\/2024\/01\/6181-achei-sudoeste-caetite-edis-da-silva-ribeiro.webp\" \/>\n\t<meta property=\"og:image:width\" content=\"750\" \/>\n\t<meta property=\"og:image:height\" content=\"500\" \/>\n\t<meta property=\"og:image:type\" content=\"image\/webp\" \/>\n<meta name=\"author\" content=\"Maetinga Not\u00edcias\" \/>\n<meta name=\"twitter:card\" content=\"summary_large_image\" \/>\n<meta name=\"twitter:label1\" content=\"Escrito por\" \/>\n\t<meta name=\"twitter:data1\" content=\"Maetinga Not\u00edcias\" \/>\n\t<meta name=\"twitter:label2\" content=\"Est. tempo de leitura\" \/>\n\t<meta name=\"twitter:data2\" content=\"1 minuto\" \/>\n<script type=\"application\/ld+json\" class=\"yoast-schema-graph\">{\"@context\":\"https:\\\/\\\/schema.org\",\"@graph\":[{\"@type\":[\"Article\",\"BlogPosting\"],\"@id\":\"https:\\\/\\\/maetinganoticias.com\\\/index.php\\\/2024\\\/01\\\/27\\\/empresario-grava-video-sobre-a-polemica-oferta-de-emprego-considerada-racista-em-caetite\\\/#article\",\"isPartOf\":{\"@id\":\"https:\\\/\\\/maetinganoticias.com\\\/index.php\\\/2024\\\/01\\\/27\\\/empresario-grava-video-sobre-a-polemica-oferta-de-emprego-considerada-racista-em-caetite\\\/\"},\"author\":{\"name\":\"Maetinga Not\u00edcias\",\"@id\":\"https:\\\/\\\/maetinganoticias.com\\\/#\\\/schema\\\/person\\\/968cf95e67a6810fc7fb35bbc9016962\"},\"headline\":\"Empres\u00e1rio grava v\u00eddeo sobre a pol\u00eamica oferta de emprego considerada racista em Caetit\u00e9\",\"datePublished\":\"2024-01-27T13:22:07+00:00\",\"mainEntityOfPage\":{\"@id\":\"https:\\\/\\\/maetinganoticias.com\\\/index.php\\\/2024\\\/01\\\/27\\\/empresario-grava-video-sobre-a-polemica-oferta-de-emprego-considerada-racista-em-caetite\\\/\"},\"wordCount\":178,\"commentCount\":0,\"publisher\":{\"@id\":\"https:\\\/\\\/maetinganoticias.com\\\/#organization\"},\"image\":{\"@id\":\"https:\\\/\\\/maetinganoticias.com\\\/index.php\\\/2024\\\/01\\\/27\\\/empresario-grava-video-sobre-a-polemica-oferta-de-emprego-considerada-racista-em-caetite\\\/#primaryimage\"},\"thumbnailUrl\":\"https:\\\/\\\/maetinganoticias.com\\\/wp-content\\\/uploads\\\/2024\\\/01\\\/6181-achei-sudoeste-caetite-edis-da-silva-ribeiro.webp\",\"articleSection\":[\"Caetit\u00e9\"],\"inLanguage\":\"pt-BR\",\"potentialAction\":[{\"@type\":\"CommentAction\",\"name\":\"Comment\",\"target\":[\"https:\\\/\\\/maetinganoticias.com\\\/index.php\\\/2024\\\/01\\\/27\\\/empresario-grava-video-sobre-a-polemica-oferta-de-emprego-considerada-racista-em-caetite\\\/#respond\"]}]},{\"@type\":\"WebPage\",\"@id\":\"https:\\\/\\\/maetinganoticias.com\\\/index.php\\\/2024\\\/01\\\/27\\\/empresario-grava-video-sobre-a-polemica-oferta-de-emprego-considerada-racista-em-caetite\\\/\",\"url\":\"https:\\\/\\\/maetinganoticias.com\\\/index.php\\\/2024\\\/01\\\/27\\\/empresario-grava-video-sobre-a-polemica-oferta-de-emprego-considerada-racista-em-caetite\\\/\",\"name\":\"Empres\u00e1rio grava v\u00eddeo sobre a pol\u00eamica oferta de emprego considerada racista em Caetit\u00e9 - Maetinga Not\u00edcias\",\"isPartOf\":{\"@id\":\"https:\\\/\\\/maetinganoticias.com\\\/#website\"},\"primaryImageOfPage\":{\"@id\":\"https:\\\/\\\/maetinganoticias.com\\\/index.php\\\/2024\\\/01\\\/27\\\/empresario-grava-video-sobre-a-polemica-oferta-de-emprego-considerada-racista-em-caetite\\\/#primaryimage\"},\"image\":{\"@id\":\"https:\\\/\\\/maetinganoticias.com\\\/index.php\\\/2024\\\/01\\\/27\\\/empresario-grava-video-sobre-a-polemica-oferta-de-emprego-considerada-racista-em-caetite\\\/#primaryimage\"},\"thumbnailUrl\":\"https:\\\/\\\/maetinganoticias.com\\\/wp-content\\\/uploads\\\/2024\\\/01\\\/6181-achei-sudoeste-caetite-edis-da-silva-ribeiro.webp\",\"datePublished\":\"2024-01-27T13:22:07+00:00\",\"breadcrumb\":{\"@id\":\"https:\\\/\\\/maetinganoticias.com\\\/index.php\\\/2024\\\/01\\\/27\\\/empresario-grava-video-sobre-a-polemica-oferta-de-emprego-considerada-racista-em-caetite\\\/#breadcrumb\"},\"inLanguage\":\"pt-BR\",\"potentialAction\":[{\"@type\":\"ReadAction\",\"target\":[\"https:\\\/\\\/maetinganoticias.com\\\/index.php\\\/2024\\\/01\\\/27\\\/empresario-grava-video-sobre-a-polemica-oferta-de-emprego-considerada-racista-em-caetite\\\/\"]}]},{\"@type\":\"ImageObject\",\"inLanguage\":\"pt-BR\",\"@id\":\"https:\\\/\\\/maetinganoticias.com\\\/index.php\\\/2024\\\/01\\\/27\\\/empresario-grava-video-sobre-a-polemica-oferta-de-emprego-considerada-racista-em-caetite\\\/#primaryimage\",\"url\":\"https:\\\/\\\/maetinganoticias.com\\\/wp-content\\\/uploads\\\/2024\\\/01\\\/6181-achei-sudoeste-caetite-edis-da-silva-ribeiro.webp\",\"contentUrl\":\"https:\\\/\\\/maetinganoticias.com\\\/wp-content\\\/uploads\\\/2024\\\/01\\\/6181-achei-sudoeste-caetite-edis-da-silva-ribeiro.webp\",\"width\":750,\"height\":500,\"caption\":\"Cr\u00e9ditos: Achei Sudoeste\"},{\"@type\":\"BreadcrumbList\",\"@id\":\"https:\\\/\\\/maetinganoticias.com\\\/index.php\\\/2024\\\/01\\\/27\\\/empresario-grava-video-sobre-a-polemica-oferta-de-emprego-considerada-racista-em-caetite\\\/#breadcrumb\",\"itemListElement\":[{\"@type\":\"ListItem\",\"position\":1,\"name\":\"In\u00edcio\",\"item\":\"https:\\\/\\\/maetinganoticias.com\\\/\"},{\"@type\":\"ListItem\",\"position\":2,\"name\":\"Empres\u00e1rio grava v\u00eddeo sobre a pol\u00eamica oferta de emprego considerada racista em Caetit\u00e9\"}]},{\"@type\":\"WebSite\",\"@id\":\"https:\\\/\\\/maetinganoticias.com\\\/#website\",\"url\":\"https:\\\/\\\/maetinganoticias.com\\\/\",\"name\":\"Maetinga Not\u00edcias\",\"description\":\"A Voz do Interior Baiano!\",\"publisher\":{\"@id\":\"https:\\\/\\\/maetinganoticias.com\\\/#organization\"},\"potentialAction\":[{\"@type\":\"SearchAction\",\"target\":{\"@type\":\"EntryPoint\",\"urlTemplate\":\"https:\\\/\\\/maetinganoticias.com\\\/?s={search_term_string}\"},\"query-input\":{\"@type\":\"PropertyValueSpecification\",\"valueRequired\":true,\"valueName\":\"search_term_string\"}}],\"inLanguage\":\"pt-BR\"},{\"@type\":\"Organization\",\"@id\":\"https:\\\/\\\/maetinganoticias.com\\\/#organization\",\"name\":\"Maetinga Not\u00edcias\",\"url\":\"https:\\\/\\\/maetinganoticias.com\\\/\",\"logo\":{\"@type\":\"ImageObject\",\"inLanguage\":\"pt-BR\",\"@id\":\"https:\\\/\\\/maetinganoticias.com\\\/#\\\/schema\\\/logo\\\/image\\\/\",\"url\":\"https:\\\/\\\/maetinganoticias.com\\\/wp-content\\\/uploads\\\/2023\\\/07\\\/cropped-cropped-cropped-cropped-BUSINESS-3-42-1.png\",\"contentUrl\":\"https:\\\/\\\/maetinganoticias.com\\\/wp-content\\\/uploads\\\/2023\\\/07\\\/cropped-cropped-cropped-cropped-BUSINESS-3-42-1.png\",\"width\":485,\"height\":109,\"caption\":\"Maetinga Not\u00edcias\"},\"image\":{\"@id\":\"https:\\\/\\\/maetinganoticias.com\\\/#\\\/schema\\\/logo\\\/image\\\/\"}},{\"@type\":\"Person\",\"@id\":\"https:\\\/\\\/maetinganoticias.com\\\/#\\\/schema\\\/person\\\/968cf95e67a6810fc7fb35bbc9016962\",\"name\":\"Maetinga Not\u00edcias\",\"image\":{\"@type\":\"ImageObject\",\"inLanguage\":\"pt-BR\",\"@id\":\"https:\\\/\\\/secure.gravatar.com\\\/avatar\\\/32e078313a5ca37a6c8d44e716ed4f9e87ecfde7222d2b88a1424bd49654f187?s=96&d=mm&r=g\",\"url\":\"https:\\\/\\\/secure.gravatar.com\\\/avatar\\\/32e078313a5ca37a6c8d44e716ed4f9e87ecfde7222d2b88a1424bd49654f187?s=96&d=mm&r=g\",\"contentUrl\":\"https:\\\/\\\/secure.gravatar.com\\\/avatar\\\/32e078313a5ca37a6c8d44e716ed4f9e87ecfde7222d2b88a1424bd49654f187?s=96&d=mm&r=g\",\"caption\":\"Maetinga Not\u00edcias\"},\"description\":\"A voz do Interior Baiano!\",\"sameAs\":[\"https:\\\/\\\/maetinganoticias.com\",\"https:\\\/\\\/www.instagram.com\\\/blogmaetinganoticias\\\/\"],\"url\":\"https:\\\/\\\/maetinganoticias.com\\\/index.php\\\/author\\\/carlosvianna13\\\/\"}]}<\/script>\n<!-- \/ Yoast SEO plugin. -->","yoast_head_json":{"title":"Empres\u00e1rio grava v\u00eddeo sobre a pol\u00eamica oferta de emprego considerada racista em Caetit\u00e9 - Maetinga Not\u00edcias","robots":{"index":"index","follow":"follow","max-snippet":"max-snippet:-1","max-image-preview":"max-image-preview:large","max-video-preview":"max-video-preview:-1"},"canonical":"https:\/\/maetinganoticias.com\/index.php\/2024\/01\/27\/empresario-grava-video-sobre-a-polemica-oferta-de-emprego-considerada-racista-em-caetite\/","og_locale":"pt_BR","og_type":"article","og_title":"Empres\u00e1rio grava v\u00eddeo sobre a pol\u00eamica oferta de emprego considerada racista em Caetit\u00e9 - Maetinga Not\u00edcias","og_description":"O empres\u00e1rio Edis da Silva Ribeiro, se pronunciou sobre a pol\u00eamica oferta de emprego considerada racista, na cidade de Caetit\u00e9, na regi\u00e3o sudoeste da Bahia. O estabelecimento exigia que \u201ca candidata seja mulher, solteira, sem filhos, expressiva, gentil, d\u00f3cil e Branca, al\u00e9m de ter m\u00ednimo de 18 anos e ensino m\u00e9dio completo\u201d. Nesta sexta-feira (26), [&hellip;]","og_url":"https:\/\/maetinganoticias.com\/index.php\/2024\/01\/27\/empresario-grava-video-sobre-a-polemica-oferta-de-emprego-considerada-racista-em-caetite\/","og_site_name":"Maetinga Not\u00edcias","article_published_time":"2024-01-27T13:22:07+00:00","og_image":[{"width":750,"height":500,"url":"https:\/\/maetinganoticias.com\/wp-content\/uploads\/2024\/01\/6181-achei-sudoeste-caetite-edis-da-silva-ribeiro.webp","type":"image\/webp"}],"author":"Maetinga Not\u00edcias","twitter_card":"summary_large_image","twitter_misc":{"Escrito por":"Maetinga Not\u00edcias","Est. tempo de leitura":"1 minuto"},"schema":{"@context":"https:\/\/schema.org","@graph":[{"@type":["Article","BlogPosting"],"@id":"https:\/\/maetinganoticias.com\/index.php\/2024\/01\/27\/empresario-grava-video-sobre-a-polemica-oferta-de-emprego-considerada-racista-em-caetite\/#article","isPartOf":{"@id":"https:\/\/maetinganoticias.com\/index.php\/2024\/01\/27\/empresario-grava-video-sobre-a-polemica-oferta-de-emprego-considerada-racista-em-caetite\/"},"author":{"name":"Maetinga Not\u00edcias","@id":"https:\/\/maetinganoticias.com\/#\/schema\/person\/968cf95e67a6810fc7fb35bbc9016962"},"headline":"Empres\u00e1rio grava v\u00eddeo sobre a pol\u00eamica oferta de emprego considerada racista em Caetit\u00e9","datePublished":"2024-01-27T13:22:07+00:00","mainEntityOfPage":{"@id":"https:\/\/maetinganoticias.com\/index.php\/2024\/01\/27\/empresario-grava-video-sobre-a-polemica-oferta-de-emprego-considerada-racista-em-caetite\/"},"wordCount":178,"commentCount":0,"publisher":{"@id":"https:\/\/maetinganoticias.com\/#organization"},"image":{"@id":"https:\/\/maetinganoticias.com\/index.php\/2024\/01\/27\/empresario-grava-video-sobre-a-polemica-oferta-de-emprego-considerada-racista-em-caetite\/#primaryimage"},"thumbnailUrl":"https:\/\/maetinganoticias.com\/wp-content\/uploads\/2024\/01\/6181-achei-sudoeste-caetite-edis-da-silva-ribeiro.webp","articleSection":["Caetit\u00e9"],"inLanguage":"pt-BR","potentialAction":[{"@type":"CommentAction","name":"Comment","target":["https:\/\/maetinganoticias.com\/index.php\/2024\/01\/27\/empresario-grava-video-sobre-a-polemica-oferta-de-emprego-considerada-racista-em-caetite\/#respond"]}]},{"@type":"WebPage","@id":"https:\/\/maetinganoticias.com\/index.php\/2024\/01\/27\/empresario-grava-video-sobre-a-polemica-oferta-de-emprego-considerada-racista-em-caetite\/","url":"https:\/\/maetinganoticias.com\/index.php\/2024\/01\/27\/empresario-grava-video-sobre-a-polemica-oferta-de-emprego-considerada-racista-em-caetite\/","name":"Empres\u00e1rio grava v\u00eddeo sobre a pol\u00eamica oferta de emprego considerada racista em Caetit\u00e9 - Maetinga Not\u00edcias","isPartOf":{"@id":"https:\/\/maetinganoticias.com\/#website"},"primaryImageOfPage":{"@id":"https:\/\/maetinganoticias.com\/index.php\/2024\/01\/27\/empresario-grava-video-sobre-a-polemica-oferta-de-emprego-considerada-racista-em-caetite\/#primaryimage"},"image":{"@id":"https:\/\/maetinganoticias.com\/index.php\/2024\/01\/27\/empresario-grava-video-sobre-a-polemica-oferta-de-emprego-considerada-racista-em-caetite\/#primaryimage"},"thumbnailUrl":"https:\/\/maetinganoticias.com\/wp-content\/uploads\/2024\/01\/6181-achei-sudoeste-caetite-edis-da-silva-ribeiro.webp","datePublished":"2024-01-27T13:22:07+00:00","breadcrumb":{"@id":"https:\/\/maetinganoticias.com\/index.php\/2024\/01\/27\/empresario-grava-video-sobre-a-polemica-oferta-de-emprego-considerada-racista-em-caetite\/#breadcrumb"},"inLanguage":"pt-BR","potentialAction":[{"@type":"ReadAction","target":["https:\/\/maetinganoticias.com\/index.php\/2024\/01\/27\/empresario-grava-video-sobre-a-polemica-oferta-de-emprego-considerada-racista-em-caetite\/"]}]},{"@type":"ImageObject","inLanguage":"pt-BR","@id":"https:\/\/maetinganoticias.com\/index.php\/2024\/01\/27\/empresario-grava-video-sobre-a-polemica-oferta-de-emprego-considerada-racista-em-caetite\/#primaryimage","url":"https:\/\/maetinganoticias.com\/wp-content\/uploads\/2024\/01\/6181-achei-sudoeste-caetite-edis-da-silva-ribeiro.webp","contentUrl":"https:\/\/maetinganoticias.com\/wp-content\/uploads\/2024\/01\/6181-achei-sudoeste-caetite-edis-da-silva-ribeiro.webp","width":750,"height":500,"caption":"Cr\u00e9ditos: Achei Sudoeste"},{"@type":"BreadcrumbList","@id":"https:\/\/maetinganoticias.com\/index.php\/2024\/01\/27\/empresario-grava-video-sobre-a-polemica-oferta-de-emprego-considerada-racista-em-caetite\/#breadcrumb","itemListElement":[{"@type":"ListItem","position":1,"name":"In\u00edcio","item":"https:\/\/maetinganoticias.com\/"},{"@type":"ListItem","position":2,"name":"Empres\u00e1rio grava v\u00eddeo sobre a pol\u00eamica oferta de emprego considerada racista em Caetit\u00e9"}]},{"@type":"WebSite","@id":"https:\/\/maetinganoticias.com\/#website","url":"https:\/\/maetinganoticias.com\/","name":"Maetinga Not\u00edcias","description":"A Voz do Interior Baiano!","publisher":{"@id":"https:\/\/maetinganoticias.com\/#organization"},"potentialAction":[{"@type":"SearchAction","target":{"@type":"EntryPoint","urlTemplate":"https:\/\/maetinganoticias.com\/?s={search_term_string}"},"query-input":{"@type":"PropertyValueSpecification","valueRequired":true,"valueName":"search_term_string"}}],"inLanguage":"pt-BR"},{"@type":"Organization","@id":"https:\/\/maetinganoticias.com\/#organization","name":"Maetinga Not\u00edcias","url":"https:\/\/maetinganoticias.com\/","logo":{"@type":"ImageObject","inLanguage":"pt-BR","@id":"https:\/\/maetinganoticias.com\/#\/schema\/logo\/image\/","url":"https:\/\/maetinganoticias.com\/wp-content\/uploads\/2023\/07\/cropped-cropped-cropped-cropped-BUSINESS-3-42-1.png","contentUrl":"https:\/\/maetinganoticias.com\/wp-content\/uploads\/2023\/07\/cropped-cropped-cropped-cropped-BUSINESS-3-42-1.png","width":485,"height":109,"caption":"Maetinga Not\u00edcias"},"image":{"@id":"https:\/\/maetinganoticias.com\/#\/schema\/logo\/image\/"}},{"@type":"Person","@id":"https:\/\/maetinganoticias.com\/#\/schema\/person\/968cf95e67a6810fc7fb35bbc9016962","name":"Maetinga Not\u00edcias","image":{"@type":"ImageObject","inLanguage":"pt-BR","@id":"https:\/\/secure.gravatar.com\/avatar\/32e078313a5ca37a6c8d44e716ed4f9e87ecfde7222d2b88a1424bd49654f187?s=96&d=mm&r=g","url":"https:\/\/secure.gravatar.com\/avatar\/32e078313a5ca37a6c8d44e716ed4f9e87ecfde7222d2b88a1424bd49654f187?s=96&d=mm&r=g","contentUrl":"https:\/\/secure.gravatar.com\/avatar\/32e078313a5ca37a6c8d44e716ed4f9e87ecfde7222d2b88a1424bd49654f187?s=96&d=mm&r=g","caption":"Maetinga Not\u00edcias"},"description":"A voz do Interior Baiano!","sameAs":["https:\/\/maetinganoticias.com","https:\/\/www.instagram.com\/blogmaetinganoticias\/"],"url":"https:\/\/maetinganoticias.com\/index.php\/author\/carlosvianna13\/"}]}},"_links":{"self":[{"href":"https:\/\/maetinganoticias.com\/index.php\/wp-json\/wp\/v2\/posts\/2613","targetHints":{"allow":["GET"]}}],"collection":[{"href":"https:\/\/maetinganoticias.com\/index.php\/wp-json\/wp\/v2\/posts"}],"about":[{"href":"https:\/\/maetinganoticias.com\/index.php\/wp-json\/wp\/v2\/types\/post"}],"author":[{"embeddable":true,"href":"https:\/\/maetinganoticias.com\/index.php\/wp-json\/wp\/v2\/users\/1"}],"replies":[{"embeddable":true,"href":"https:\/\/maetinganoticias.com\/index.php\/wp-json\/wp\/v2\/comments?post=2613"}],"version-history":[{"count":1,"href":"https:\/\/maetinganoticias.com\/index.php\/wp-json\/wp\/v2\/posts\/2613\/revisions"}],"predecessor-version":[{"id":2615,"href":"https:\/\/maetinganoticias.com\/index.php\/wp-json\/wp\/v2\/posts\/2613\/revisions\/2615"}],"wp:featuredmedia":[{"embeddable":true,"href":"https:\/\/maetinganoticias.com\/index.php\/wp-json\/wp\/v2\/media\/2614"}],"wp:attachment":[{"href":"https:\/\/maetinganoticias.com\/index.php\/wp-json\/wp\/v2\/media?parent=2613"}],"wp:term":[{"taxonomy":"category","embeddable":true,"href":"https:\/\/maetinganoticias.com\/index.php\/wp-json\/wp\/v2\/categories?post=2613"},{"taxonomy":"post_tag","embeddable":true,"href":"https:\/\/maetinganoticias.com\/index.php\/wp-json\/wp\/v2\/tags?post=2613"}],"curies":[{"name":"wp","href":"https:\/\/api.w.org\/{rel}","templated":true}]}}