{"id":2189,"date":"2023-12-13T12:37:05","date_gmt":"2023-12-13T15:37:05","guid":{"rendered":"https:\/\/maetinganoticias.com\/?p=2189"},"modified":"2023-12-13T12:38:13","modified_gmt":"2023-12-13T15:38:13","slug":"belo-campo-prefeitura-cancela-4a-exposicao-agropecuaria-e-festejos-de-aniversario-devido-a-estiagem-e-os-graves-efeitos-da-seca-na-regiao","status":"publish","type":"post","link":"https:\/\/maetinganoticias.com\/index.php\/2023\/12\/13\/belo-campo-prefeitura-cancela-4a-exposicao-agropecuaria-e-festejos-de-aniversario-devido-a-estiagem-e-os-graves-efeitos-da-seca-na-regiao\/","title":{"rendered":"BELO CAMPO &#8211; Prefeitura cancela 4\u00aa Exposi\u00e7\u00e3o Agropecu\u00e1ria e festejos de anivers\u00e1rio devido a estiagem e os graves efeitos da seca na regi\u00e3o."},"content":{"rendered":"\n<p>Devido ao longo per\u00edodo de estiagem e os graves efeitos que a seca vem causando no munic\u00edpio e em toda a regi\u00e3o, a prefeitura de Belo Campo emitiu uma Nota P\u00fablica cancelando 02 grandes eventos pr\u00f3ximos que estavam agendados em seu calend\u00e1rio, como a exposi\u00e7\u00e3o agropecu\u00e1ria e a festa de anivers\u00e1rio da cidade.<\/p>\n\n\n\n<p>Essa a\u00e7\u00e3o de cancelamento de eventos, segundo a nota, visa focar esfor\u00e7os e recursos para a popula\u00e7\u00e3o rural que vem sofrendo com esse fen\u00f4meno natural de estiagem, e com isso apoiar de todas as formas poss\u00edveis o homem do campo que necessita de ajuda emergencial no combate a seca no munic\u00edpio.<\/p>\n","protected":false},"excerpt":{"rendered":"<p>Devido ao longo per\u00edodo de estiagem e os graves efeitos que a seca vem causando no munic\u00edpio e em toda a regi\u00e3o, a prefeitura de Belo Campo emitiu uma Nota P\u00fablica cancelando 02 grandes eventos pr\u00f3ximos que estavam agendados em seu calend\u00e1rio, como a exposi\u00e7\u00e3o agropecu\u00e1ria e a festa de anivers\u00e1rio da cidade. Essa a\u00e7\u00e3o [&hellip;]<\/p>\n","protected":false},"author":1,"featured_media":2190,"comment_status":"open","ping_status":"open","sticky":false,"template":"","format":"standard","meta":{"om_disable_all_campaigns":false,"_monsterinsights_skip_tracking":false,"_monsterinsights_sitenote_active":false,"_monsterinsights_sitenote_note":"","_monsterinsights_sitenote_category":0,"_uf_show_specific_survey":0,"_uf_disable_surveys":false,"footnotes":""},"categories":[458],"tags":[81,459,444,79,441,145],"class_list":{"0":"post-2189","1":"post","2":"type-post","3":"status-publish","4":"format-standard","5":"has-post-thumbnail","7":"category-belo-campo","8":"tag-bahia","9":"tag-belo-campo","10":"tag-estiagem","11":"tag-govba","12":"tag-seca","13":"tag-sudoeste-da-bahia"},"yoast_head":"<!-- This site is optimized with the Yoast SEO plugin v27.5 - https:\/\/yoast.com\/product\/yoast-seo-wordpress\/ -->\n<title>BELO CAMPO - Prefeitura cancela 4\u00aa Exposi\u00e7\u00e3o Agropecu\u00e1ria e festejos de anivers\u00e1rio devido a estiagem e os graves efeitos da seca na regi\u00e3o. - Maetinga Not\u00edcias<\/title>\n<meta name=\"robots\" content=\"index, follow, max-snippet:-1, max-image-preview:large, max-video-preview:-1\" \/>\n<link rel=\"canonical\" href=\"https:\/\/maetinganoticias.com\/index.php\/2023\/12\/13\/belo-campo-prefeitura-cancela-4a-exposicao-agropecuaria-e-festejos-de-aniversario-devido-a-estiagem-e-os-graves-efeitos-da-seca-na-regiao\/\" \/>\n<meta property=\"og:locale\" content=\"pt_BR\" \/>\n<meta property=\"og:type\" content=\"article\" \/>\n<meta property=\"og:title\" content=\"BELO CAMPO - Prefeitura cancela 4\u00aa Exposi\u00e7\u00e3o Agropecu\u00e1ria e festejos de anivers\u00e1rio devido a estiagem e os graves efeitos da seca na regi\u00e3o. - Maetinga Not\u00edcias\" \/>\n<meta property=\"og:description\" content=\"Devido ao longo per\u00edodo de estiagem e os graves efeitos que a seca vem causando no munic\u00edpio e em toda a regi\u00e3o, a prefeitura de Belo Campo emitiu uma Nota P\u00fablica cancelando 02 grandes eventos pr\u00f3ximos que estavam agendados em seu calend\u00e1rio, como a exposi\u00e7\u00e3o agropecu\u00e1ria e a festa de anivers\u00e1rio da cidade. Essa a\u00e7\u00e3o [&hellip;]\" \/>\n<meta property=\"og:url\" content=\"https:\/\/maetinganoticias.com\/index.php\/2023\/12\/13\/belo-campo-prefeitura-cancela-4a-exposicao-agropecuaria-e-festejos-de-aniversario-devido-a-estiagem-e-os-graves-efeitos-da-seca-na-regiao\/\" \/>\n<meta property=\"og:site_name\" content=\"Maetinga Not\u00edcias\" \/>\n<meta property=\"article:published_time\" content=\"2023-12-13T15:37:05+00:00\" \/>\n<meta property=\"article:modified_time\" content=\"2023-12-13T15:38:13+00:00\" \/>\n<meta property=\"og:image\" content=\"https:\/\/maetinganoticias.com\/wp-content\/uploads\/2023\/12\/409523652_1278157173579862_1400113786602195010_n.jpg\" \/>\n\t<meta property=\"og:image:width\" content=\"1080\" \/>\n\t<meta property=\"og:image:height\" content=\"1350\" \/>\n\t<meta property=\"og:image:type\" content=\"image\/jpeg\" \/>\n<meta name=\"author\" content=\"Maetinga Not\u00edcias\" \/>\n<meta name=\"twitter:card\" content=\"summary_large_image\" \/>\n<meta name=\"twitter:label1\" content=\"Escrito por\" \/>\n\t<meta name=\"twitter:data1\" content=\"Maetinga Not\u00edcias\" \/>\n\t<meta name=\"twitter:label2\" content=\"Est. tempo de leitura\" \/>\n\t<meta name=\"twitter:data2\" content=\"1 minuto\" \/>\n<script type=\"application\/ld+json\" class=\"yoast-schema-graph\">{\"@context\":\"https:\\\/\\\/schema.org\",\"@graph\":[{\"@type\":[\"Article\",\"BlogPosting\"],\"@id\":\"https:\\\/\\\/maetinganoticias.com\\\/index.php\\\/2023\\\/12\\\/13\\\/belo-campo-prefeitura-cancela-4a-exposicao-agropecuaria-e-festejos-de-aniversario-devido-a-estiagem-e-os-graves-efeitos-da-seca-na-regiao\\\/#article\",\"isPartOf\":{\"@id\":\"https:\\\/\\\/maetinganoticias.com\\\/index.php\\\/2023\\\/12\\\/13\\\/belo-campo-prefeitura-cancela-4a-exposicao-agropecuaria-e-festejos-de-aniversario-devido-a-estiagem-e-os-graves-efeitos-da-seca-na-regiao\\\/\"},\"author\":{\"name\":\"Maetinga Not\u00edcias\",\"@id\":\"https:\\\/\\\/maetinganoticias.com\\\/#\\\/schema\\\/person\\\/968cf95e67a6810fc7fb35bbc9016962\"},\"headline\":\"BELO CAMPO &#8211; Prefeitura cancela 4\u00aa Exposi\u00e7\u00e3o Agropecu\u00e1ria e festejos de anivers\u00e1rio devido a estiagem e os graves efeitos da seca na regi\u00e3o.\",\"datePublished\":\"2023-12-13T15:37:05+00:00\",\"dateModified\":\"2023-12-13T15:38:13+00:00\",\"mainEntityOfPage\":{\"@id\":\"https:\\\/\\\/maetinganoticias.com\\\/index.php\\\/2023\\\/12\\\/13\\\/belo-campo-prefeitura-cancela-4a-exposicao-agropecuaria-e-festejos-de-aniversario-devido-a-estiagem-e-os-graves-efeitos-da-seca-na-regiao\\\/\"},\"wordCount\":144,\"commentCount\":0,\"publisher\":{\"@id\":\"https:\\\/\\\/maetinganoticias.com\\\/#organization\"},\"image\":{\"@id\":\"https:\\\/\\\/maetinganoticias.com\\\/index.php\\\/2023\\\/12\\\/13\\\/belo-campo-prefeitura-cancela-4a-exposicao-agropecuaria-e-festejos-de-aniversario-devido-a-estiagem-e-os-graves-efeitos-da-seca-na-regiao\\\/#primaryimage\"},\"thumbnailUrl\":\"https:\\\/\\\/maetinganoticias.com\\\/wp-content\\\/uploads\\\/2023\\\/12\\\/409523652_1278157173579862_1400113786602195010_n.jpg\",\"keywords\":[\"BAHIA\",\"BELO CAMPO\",\"ESTIAGEM\",\"GOVBA\",\"SECA\",\"SUDOESTE DA BAHIA\"],\"articleSection\":[\"BELO CAMPO\"],\"inLanguage\":\"pt-BR\",\"potentialAction\":[{\"@type\":\"CommentAction\",\"name\":\"Comment\",\"target\":[\"https:\\\/\\\/maetinganoticias.com\\\/index.php\\\/2023\\\/12\\\/13\\\/belo-campo-prefeitura-cancela-4a-exposicao-agropecuaria-e-festejos-de-aniversario-devido-a-estiagem-e-os-graves-efeitos-da-seca-na-regiao\\\/#respond\"]}]},{\"@type\":\"WebPage\",\"@id\":\"https:\\\/\\\/maetinganoticias.com\\\/index.php\\\/2023\\\/12\\\/13\\\/belo-campo-prefeitura-cancela-4a-exposicao-agropecuaria-e-festejos-de-aniversario-devido-a-estiagem-e-os-graves-efeitos-da-seca-na-regiao\\\/\",\"url\":\"https:\\\/\\\/maetinganoticias.com\\\/index.php\\\/2023\\\/12\\\/13\\\/belo-campo-prefeitura-cancela-4a-exposicao-agropecuaria-e-festejos-de-aniversario-devido-a-estiagem-e-os-graves-efeitos-da-seca-na-regiao\\\/\",\"name\":\"BELO CAMPO - Prefeitura cancela 4\u00aa Exposi\u00e7\u00e3o Agropecu\u00e1ria e festejos de anivers\u00e1rio devido a estiagem e os graves efeitos da seca na regi\u00e3o. - Maetinga Not\u00edcias\",\"isPartOf\":{\"@id\":\"https:\\\/\\\/maetinganoticias.com\\\/#website\"},\"primaryImageOfPage\":{\"@id\":\"https:\\\/\\\/maetinganoticias.com\\\/index.php\\\/2023\\\/12\\\/13\\\/belo-campo-prefeitura-cancela-4a-exposicao-agropecuaria-e-festejos-de-aniversario-devido-a-estiagem-e-os-graves-efeitos-da-seca-na-regiao\\\/#primaryimage\"},\"image\":{\"@id\":\"https:\\\/\\\/maetinganoticias.com\\\/index.php\\\/2023\\\/12\\\/13\\\/belo-campo-prefeitura-cancela-4a-exposicao-agropecuaria-e-festejos-de-aniversario-devido-a-estiagem-e-os-graves-efeitos-da-seca-na-regiao\\\/#primaryimage\"},\"thumbnailUrl\":\"https:\\\/\\\/maetinganoticias.com\\\/wp-content\\\/uploads\\\/2023\\\/12\\\/409523652_1278157173579862_1400113786602195010_n.jpg\",\"datePublished\":\"2023-12-13T15:37:05+00:00\",\"dateModified\":\"2023-12-13T15:38:13+00:00\",\"breadcrumb\":{\"@id\":\"https:\\\/\\\/maetinganoticias.com\\\/index.php\\\/2023\\\/12\\\/13\\\/belo-campo-prefeitura-cancela-4a-exposicao-agropecuaria-e-festejos-de-aniversario-devido-a-estiagem-e-os-graves-efeitos-da-seca-na-regiao\\\/#breadcrumb\"},\"inLanguage\":\"pt-BR\",\"potentialAction\":[{\"@type\":\"ReadAction\",\"target\":[\"https:\\\/\\\/maetinganoticias.com\\\/index.php\\\/2023\\\/12\\\/13\\\/belo-campo-prefeitura-cancela-4a-exposicao-agropecuaria-e-festejos-de-aniversario-devido-a-estiagem-e-os-graves-efeitos-da-seca-na-regiao\\\/\"]}]},{\"@type\":\"ImageObject\",\"inLanguage\":\"pt-BR\",\"@id\":\"https:\\\/\\\/maetinganoticias.com\\\/index.php\\\/2023\\\/12\\\/13\\\/belo-campo-prefeitura-cancela-4a-exposicao-agropecuaria-e-festejos-de-aniversario-devido-a-estiagem-e-os-graves-efeitos-da-seca-na-regiao\\\/#primaryimage\",\"url\":\"https:\\\/\\\/maetinganoticias.com\\\/wp-content\\\/uploads\\\/2023\\\/12\\\/409523652_1278157173579862_1400113786602195010_n.jpg\",\"contentUrl\":\"https:\\\/\\\/maetinganoticias.com\\\/wp-content\\\/uploads\\\/2023\\\/12\\\/409523652_1278157173579862_1400113786602195010_n.jpg\",\"width\":1080,\"height\":1350},{\"@type\":\"BreadcrumbList\",\"@id\":\"https:\\\/\\\/maetinganoticias.com\\\/index.php\\\/2023\\\/12\\\/13\\\/belo-campo-prefeitura-cancela-4a-exposicao-agropecuaria-e-festejos-de-aniversario-devido-a-estiagem-e-os-graves-efeitos-da-seca-na-regiao\\\/#breadcrumb\",\"itemListElement\":[{\"@type\":\"ListItem\",\"position\":1,\"name\":\"In\u00edcio\",\"item\":\"https:\\\/\\\/maetinganoticias.com\\\/\"},{\"@type\":\"ListItem\",\"position\":2,\"name\":\"BELO CAMPO &#8211; Prefeitura cancela 4\u00aa Exposi\u00e7\u00e3o Agropecu\u00e1ria e festejos de anivers\u00e1rio devido a estiagem e os graves efeitos da seca na regi\u00e3o.\"}]},{\"@type\":\"WebSite\",\"@id\":\"https:\\\/\\\/maetinganoticias.com\\\/#website\",\"url\":\"https:\\\/\\\/maetinganoticias.com\\\/\",\"name\":\"Maetinga Not\u00edcias\",\"description\":\"A Voz do Interior Baiano!\",\"publisher\":{\"@id\":\"https:\\\/\\\/maetinganoticias.com\\\/#organization\"},\"potentialAction\":[{\"@type\":\"SearchAction\",\"target\":{\"@type\":\"EntryPoint\",\"urlTemplate\":\"https:\\\/\\\/maetinganoticias.com\\\/?s={search_term_string}\"},\"query-input\":{\"@type\":\"PropertyValueSpecification\",\"valueRequired\":true,\"valueName\":\"search_term_string\"}}],\"inLanguage\":\"pt-BR\"},{\"@type\":\"Organization\",\"@id\":\"https:\\\/\\\/maetinganoticias.com\\\/#organization\",\"name\":\"Maetinga Not\u00edcias\",\"url\":\"https:\\\/\\\/maetinganoticias.com\\\/\",\"logo\":{\"@type\":\"ImageObject\",\"inLanguage\":\"pt-BR\",\"@id\":\"https:\\\/\\\/maetinganoticias.com\\\/#\\\/schema\\\/logo\\\/image\\\/\",\"url\":\"https:\\\/\\\/maetinganoticias.com\\\/wp-content\\\/uploads\\\/2023\\\/07\\\/cropped-cropped-cropped-cropped-BUSINESS-3-42-1.png\",\"contentUrl\":\"https:\\\/\\\/maetinganoticias.com\\\/wp-content\\\/uploads\\\/2023\\\/07\\\/cropped-cropped-cropped-cropped-BUSINESS-3-42-1.png\",\"width\":485,\"height\":109,\"caption\":\"Maetinga Not\u00edcias\"},\"image\":{\"@id\":\"https:\\\/\\\/maetinganoticias.com\\\/#\\\/schema\\\/logo\\\/image\\\/\"}},{\"@type\":\"Person\",\"@id\":\"https:\\\/\\\/maetinganoticias.com\\\/#\\\/schema\\\/person\\\/968cf95e67a6810fc7fb35bbc9016962\",\"name\":\"Maetinga Not\u00edcias\",\"image\":{\"@type\":\"ImageObject\",\"inLanguage\":\"pt-BR\",\"@id\":\"https:\\\/\\\/secure.gravatar.com\\\/avatar\\\/32e078313a5ca37a6c8d44e716ed4f9e87ecfde7222d2b88a1424bd49654f187?s=96&d=mm&r=g\",\"url\":\"https:\\\/\\\/secure.gravatar.com\\\/avatar\\\/32e078313a5ca37a6c8d44e716ed4f9e87ecfde7222d2b88a1424bd49654f187?s=96&d=mm&r=g\",\"contentUrl\":\"https:\\\/\\\/secure.gravatar.com\\\/avatar\\\/32e078313a5ca37a6c8d44e716ed4f9e87ecfde7222d2b88a1424bd49654f187?s=96&d=mm&r=g\",\"caption\":\"Maetinga Not\u00edcias\"},\"description\":\"A voz do Interior Baiano!\",\"sameAs\":[\"https:\\\/\\\/maetinganoticias.com\",\"https:\\\/\\\/www.instagram.com\\\/blogmaetinganoticias\\\/\"],\"url\":\"https:\\\/\\\/maetinganoticias.com\\\/index.php\\\/author\\\/carlosvianna13\\\/\"}]}<\/script>\n<!-- \/ Yoast SEO plugin. -->","yoast_head_json":{"title":"BELO CAMPO - Prefeitura cancela 4\u00aa Exposi\u00e7\u00e3o Agropecu\u00e1ria e festejos de anivers\u00e1rio devido a estiagem e os graves efeitos da seca na regi\u00e3o. - Maetinga Not\u00edcias","robots":{"index":"index","follow":"follow","max-snippet":"max-snippet:-1","max-image-preview":"max-image-preview:large","max-video-preview":"max-video-preview:-1"},"canonical":"https:\/\/maetinganoticias.com\/index.php\/2023\/12\/13\/belo-campo-prefeitura-cancela-4a-exposicao-agropecuaria-e-festejos-de-aniversario-devido-a-estiagem-e-os-graves-efeitos-da-seca-na-regiao\/","og_locale":"pt_BR","og_type":"article","og_title":"BELO CAMPO - Prefeitura cancela 4\u00aa Exposi\u00e7\u00e3o Agropecu\u00e1ria e festejos de anivers\u00e1rio devido a estiagem e os graves efeitos da seca na regi\u00e3o. - Maetinga Not\u00edcias","og_description":"Devido ao longo per\u00edodo de estiagem e os graves efeitos que a seca vem causando no munic\u00edpio e em toda a regi\u00e3o, a prefeitura de Belo Campo emitiu uma Nota P\u00fablica cancelando 02 grandes eventos pr\u00f3ximos que estavam agendados em seu calend\u00e1rio, como a exposi\u00e7\u00e3o agropecu\u00e1ria e a festa de anivers\u00e1rio da cidade. Essa a\u00e7\u00e3o [&hellip;]","og_url":"https:\/\/maetinganoticias.com\/index.php\/2023\/12\/13\/belo-campo-prefeitura-cancela-4a-exposicao-agropecuaria-e-festejos-de-aniversario-devido-a-estiagem-e-os-graves-efeitos-da-seca-na-regiao\/","og_site_name":"Maetinga Not\u00edcias","article_published_time":"2023-12-13T15:37:05+00:00","article_modified_time":"2023-12-13T15:38:13+00:00","og_image":[{"width":1080,"height":1350,"url":"https:\/\/maetinganoticias.com\/wp-content\/uploads\/2023\/12\/409523652_1278157173579862_1400113786602195010_n.jpg","type":"image\/jpeg"}],"author":"Maetinga Not\u00edcias","twitter_card":"summary_large_image","twitter_misc":{"Escrito por":"Maetinga Not\u00edcias","Est. tempo de leitura":"1 minuto"},"schema":{"@context":"https:\/\/schema.org","@graph":[{"@type":["Article","BlogPosting"],"@id":"https:\/\/maetinganoticias.com\/index.php\/2023\/12\/13\/belo-campo-prefeitura-cancela-4a-exposicao-agropecuaria-e-festejos-de-aniversario-devido-a-estiagem-e-os-graves-efeitos-da-seca-na-regiao\/#article","isPartOf":{"@id":"https:\/\/maetinganoticias.com\/index.php\/2023\/12\/13\/belo-campo-prefeitura-cancela-4a-exposicao-agropecuaria-e-festejos-de-aniversario-devido-a-estiagem-e-os-graves-efeitos-da-seca-na-regiao\/"},"author":{"name":"Maetinga Not\u00edcias","@id":"https:\/\/maetinganoticias.com\/#\/schema\/person\/968cf95e67a6810fc7fb35bbc9016962"},"headline":"BELO CAMPO &#8211; Prefeitura cancela 4\u00aa Exposi\u00e7\u00e3o Agropecu\u00e1ria e festejos de anivers\u00e1rio devido a estiagem e os graves efeitos da seca na regi\u00e3o.","datePublished":"2023-12-13T15:37:05+00:00","dateModified":"2023-12-13T15:38:13+00:00","mainEntityOfPage":{"@id":"https:\/\/maetinganoticias.com\/index.php\/2023\/12\/13\/belo-campo-prefeitura-cancela-4a-exposicao-agropecuaria-e-festejos-de-aniversario-devido-a-estiagem-e-os-graves-efeitos-da-seca-na-regiao\/"},"wordCount":144,"commentCount":0,"publisher":{"@id":"https:\/\/maetinganoticias.com\/#organization"},"image":{"@id":"https:\/\/maetinganoticias.com\/index.php\/2023\/12\/13\/belo-campo-prefeitura-cancela-4a-exposicao-agropecuaria-e-festejos-de-aniversario-devido-a-estiagem-e-os-graves-efeitos-da-seca-na-regiao\/#primaryimage"},"thumbnailUrl":"https:\/\/maetinganoticias.com\/wp-content\/uploads\/2023\/12\/409523652_1278157173579862_1400113786602195010_n.jpg","keywords":["BAHIA","BELO CAMPO","ESTIAGEM","GOVBA","SECA","SUDOESTE DA BAHIA"],"articleSection":["BELO CAMPO"],"inLanguage":"pt-BR","potentialAction":[{"@type":"CommentAction","name":"Comment","target":["https:\/\/maetinganoticias.com\/index.php\/2023\/12\/13\/belo-campo-prefeitura-cancela-4a-exposicao-agropecuaria-e-festejos-de-aniversario-devido-a-estiagem-e-os-graves-efeitos-da-seca-na-regiao\/#respond"]}]},{"@type":"WebPage","@id":"https:\/\/maetinganoticias.com\/index.php\/2023\/12\/13\/belo-campo-prefeitura-cancela-4a-exposicao-agropecuaria-e-festejos-de-aniversario-devido-a-estiagem-e-os-graves-efeitos-da-seca-na-regiao\/","url":"https:\/\/maetinganoticias.com\/index.php\/2023\/12\/13\/belo-campo-prefeitura-cancela-4a-exposicao-agropecuaria-e-festejos-de-aniversario-devido-a-estiagem-e-os-graves-efeitos-da-seca-na-regiao\/","name":"BELO CAMPO - Prefeitura cancela 4\u00aa Exposi\u00e7\u00e3o Agropecu\u00e1ria e festejos de anivers\u00e1rio devido a estiagem e os graves efeitos da seca na regi\u00e3o. - Maetinga Not\u00edcias","isPartOf":{"@id":"https:\/\/maetinganoticias.com\/#website"},"primaryImageOfPage":{"@id":"https:\/\/maetinganoticias.com\/index.php\/2023\/12\/13\/belo-campo-prefeitura-cancela-4a-exposicao-agropecuaria-e-festejos-de-aniversario-devido-a-estiagem-e-os-graves-efeitos-da-seca-na-regiao\/#primaryimage"},"image":{"@id":"https:\/\/maetinganoticias.com\/index.php\/2023\/12\/13\/belo-campo-prefeitura-cancela-4a-exposicao-agropecuaria-e-festejos-de-aniversario-devido-a-estiagem-e-os-graves-efeitos-da-seca-na-regiao\/#primaryimage"},"thumbnailUrl":"https:\/\/maetinganoticias.com\/wp-content\/uploads\/2023\/12\/409523652_1278157173579862_1400113786602195010_n.jpg","datePublished":"2023-12-13T15:37:05+00:00","dateModified":"2023-12-13T15:38:13+00:00","breadcrumb":{"@id":"https:\/\/maetinganoticias.com\/index.php\/2023\/12\/13\/belo-campo-prefeitura-cancela-4a-exposicao-agropecuaria-e-festejos-de-aniversario-devido-a-estiagem-e-os-graves-efeitos-da-seca-na-regiao\/#breadcrumb"},"inLanguage":"pt-BR","potentialAction":[{"@type":"ReadAction","target":["https:\/\/maetinganoticias.com\/index.php\/2023\/12\/13\/belo-campo-prefeitura-cancela-4a-exposicao-agropecuaria-e-festejos-de-aniversario-devido-a-estiagem-e-os-graves-efeitos-da-seca-na-regiao\/"]}]},{"@type":"ImageObject","inLanguage":"pt-BR","@id":"https:\/\/maetinganoticias.com\/index.php\/2023\/12\/13\/belo-campo-prefeitura-cancela-4a-exposicao-agropecuaria-e-festejos-de-aniversario-devido-a-estiagem-e-os-graves-efeitos-da-seca-na-regiao\/#primaryimage","url":"https:\/\/maetinganoticias.com\/wp-content\/uploads\/2023\/12\/409523652_1278157173579862_1400113786602195010_n.jpg","contentUrl":"https:\/\/maetinganoticias.com\/wp-content\/uploads\/2023\/12\/409523652_1278157173579862_1400113786602195010_n.jpg","width":1080,"height":1350},{"@type":"BreadcrumbList","@id":"https:\/\/maetinganoticias.com\/index.php\/2023\/12\/13\/belo-campo-prefeitura-cancela-4a-exposicao-agropecuaria-e-festejos-de-aniversario-devido-a-estiagem-e-os-graves-efeitos-da-seca-na-regiao\/#breadcrumb","itemListElement":[{"@type":"ListItem","position":1,"name":"In\u00edcio","item":"https:\/\/maetinganoticias.com\/"},{"@type":"ListItem","position":2,"name":"BELO CAMPO &#8211; Prefeitura cancela 4\u00aa Exposi\u00e7\u00e3o Agropecu\u00e1ria e festejos de anivers\u00e1rio devido a estiagem e os graves efeitos da seca na regi\u00e3o."}]},{"@type":"WebSite","@id":"https:\/\/maetinganoticias.com\/#website","url":"https:\/\/maetinganoticias.com\/","name":"Maetinga Not\u00edcias","description":"A Voz do Interior Baiano!","publisher":{"@id":"https:\/\/maetinganoticias.com\/#organization"},"potentialAction":[{"@type":"SearchAction","target":{"@type":"EntryPoint","urlTemplate":"https:\/\/maetinganoticias.com\/?s={search_term_string}"},"query-input":{"@type":"PropertyValueSpecification","valueRequired":true,"valueName":"search_term_string"}}],"inLanguage":"pt-BR"},{"@type":"Organization","@id":"https:\/\/maetinganoticias.com\/#organization","name":"Maetinga Not\u00edcias","url":"https:\/\/maetinganoticias.com\/","logo":{"@type":"ImageObject","inLanguage":"pt-BR","@id":"https:\/\/maetinganoticias.com\/#\/schema\/logo\/image\/","url":"https:\/\/maetinganoticias.com\/wp-content\/uploads\/2023\/07\/cropped-cropped-cropped-cropped-BUSINESS-3-42-1.png","contentUrl":"https:\/\/maetinganoticias.com\/wp-content\/uploads\/2023\/07\/cropped-cropped-cropped-cropped-BUSINESS-3-42-1.png","width":485,"height":109,"caption":"Maetinga Not\u00edcias"},"image":{"@id":"https:\/\/maetinganoticias.com\/#\/schema\/logo\/image\/"}},{"@type":"Person","@id":"https:\/\/maetinganoticias.com\/#\/schema\/person\/968cf95e67a6810fc7fb35bbc9016962","name":"Maetinga Not\u00edcias","image":{"@type":"ImageObject","inLanguage":"pt-BR","@id":"https:\/\/secure.gravatar.com\/avatar\/32e078313a5ca37a6c8d44e716ed4f9e87ecfde7222d2b88a1424bd49654f187?s=96&d=mm&r=g","url":"https:\/\/secure.gravatar.com\/avatar\/32e078313a5ca37a6c8d44e716ed4f9e87ecfde7222d2b88a1424bd49654f187?s=96&d=mm&r=g","contentUrl":"https:\/\/secure.gravatar.com\/avatar\/32e078313a5ca37a6c8d44e716ed4f9e87ecfde7222d2b88a1424bd49654f187?s=96&d=mm&r=g","caption":"Maetinga Not\u00edcias"},"description":"A voz do Interior Baiano!","sameAs":["https:\/\/maetinganoticias.com","https:\/\/www.instagram.com\/blogmaetinganoticias\/"],"url":"https:\/\/maetinganoticias.com\/index.php\/author\/carlosvianna13\/"}]}},"_links":{"self":[{"href":"https:\/\/maetinganoticias.com\/index.php\/wp-json\/wp\/v2\/posts\/2189","targetHints":{"allow":["GET"]}}],"collection":[{"href":"https:\/\/maetinganoticias.com\/index.php\/wp-json\/wp\/v2\/posts"}],"about":[{"href":"https:\/\/maetinganoticias.com\/index.php\/wp-json\/wp\/v2\/types\/post"}],"author":[{"embeddable":true,"href":"https:\/\/maetinganoticias.com\/index.php\/wp-json\/wp\/v2\/users\/1"}],"replies":[{"embeddable":true,"href":"https:\/\/maetinganoticias.com\/index.php\/wp-json\/wp\/v2\/comments?post=2189"}],"version-history":[{"count":1,"href":"https:\/\/maetinganoticias.com\/index.php\/wp-json\/wp\/v2\/posts\/2189\/revisions"}],"predecessor-version":[{"id":2191,"href":"https:\/\/maetinganoticias.com\/index.php\/wp-json\/wp\/v2\/posts\/2189\/revisions\/2191"}],"wp:featuredmedia":[{"embeddable":true,"href":"https:\/\/maetinganoticias.com\/index.php\/wp-json\/wp\/v2\/media\/2190"}],"wp:attachment":[{"href":"https:\/\/maetinganoticias.com\/index.php\/wp-json\/wp\/v2\/media?parent=2189"}],"wp:term":[{"taxonomy":"category","embeddable":true,"href":"https:\/\/maetinganoticias.com\/index.php\/wp-json\/wp\/v2\/categories?post=2189"},{"taxonomy":"post_tag","embeddable":true,"href":"https:\/\/maetinganoticias.com\/index.php\/wp-json\/wp\/v2\/tags?post=2189"}],"curies":[{"name":"wp","href":"https:\/\/api.w.org\/{rel}","templated":true}]}}