{"id":2019,"date":"2023-11-26T11:18:57","date_gmt":"2023-11-26T14:18:57","guid":{"rendered":"https:\/\/maetinganoticias.com\/?p=2019"},"modified":"2023-11-26T11:18:58","modified_gmt":"2023-11-26T14:18:58","slug":"urgente-mais-dois-comercios-sao-furtados-nessa-madrugada-de-sabado-pra-domingo-na-cidade","status":"publish","type":"post","link":"https:\/\/maetinganoticias.com\/index.php\/2023\/11\/26\/urgente-mais-dois-comercios-sao-furtados-nessa-madrugada-de-sabado-pra-domingo-na-cidade\/","title":{"rendered":"URGENTE: Mais dois com\u00e9rcios s\u00e3o furtados nessa madrugada de s\u00e1bado pra domingo na cidade"},"content":{"rendered":"\n<p>MAETINGA I E OS FURTOS CONTINUAM&#8230;<\/p>\n\n\n\n<p>Mais dois com\u00e9rcios na cidade de Maetinga fora furtados nessa \u00faltima noite na cidade.<\/p>\n\n\n\n<p>Segundo relatos dos pr\u00f3prios comerciantes que entraram em contato com nossa reda\u00e7\u00e3o, uma casa de materiais para constru\u00e7\u00e3o foi invadida pelos fundos e teve valores em dinheiro roubados de seu caixa.<\/p>\n\n\n\n<p>Segundo informa\u00e7\u00f5es apuradas, um barzinho tamb\u00e9m foi furtada nessa madrugada.<\/p>\n\n\n\n<p>Os roubos na cidade de Maetinga principalmente em com\u00e9rcios vem se tornando frequentes principalmente nesse \u00faltimo m\u00eas.<\/p>\n\n\n\n<p>&#8220;J\u00e1 est\u00e1 muito dif\u00edcil trabalhar no com\u00e9rcio da cidade, e esses roubos ainda nos trazem mais preju\u00edzos, inseguran\u00e7a e des\u00e2nimo para trabalhar numa cidade t\u00e3o pequena, que vem crescendo muito esses casos de furtos onde at\u00e9 agora n\u00e3o se acham culpados.&#8221; lamentou um comerciante.<\/p>\n","protected":false},"excerpt":{"rendered":"<p>MAETINGA I E OS FURTOS CONTINUAM&#8230; Mais dois com\u00e9rcios na cidade de Maetinga fora furtados nessa \u00faltima noite na cidade. Segundo relatos dos pr\u00f3prios comerciantes que entraram em contato com nossa reda\u00e7\u00e3o, uma casa de materiais para constru\u00e7\u00e3o foi invadida pelos fundos e teve valores em dinheiro roubados de seu caixa. Segundo informa\u00e7\u00f5es apuradas, um [&hellip;]<\/p>\n","protected":false},"author":1,"featured_media":2020,"comment_status":"open","ping_status":"open","sticky":false,"template":"","format":"standard","meta":{"om_disable_all_campaigns":false,"_monsterinsights_skip_tracking":false,"_monsterinsights_sitenote_active":false,"_monsterinsights_sitenote_note":"","_monsterinsights_sitenote_category":0,"_uf_show_specific_survey":0,"_uf_disable_surveys":false,"footnotes":""},"categories":[6],"tags":[81,397,166,136,85,145],"class_list":{"0":"post-2019","1":"post","2":"type-post","3":"status-publish","4":"format-standard","5":"has-post-thumbnail","7":"category-maetinga","8":"tag-bahia","9":"tag-furto-2","10":"tag-maetinga","11":"tag-pm-da-bahia","12":"tag-sspba","13":"tag-sudoeste-da-bahia"},"yoast_head":"<!-- This site is optimized with the Yoast SEO plugin v27.4 - https:\/\/yoast.com\/product\/yoast-seo-wordpress\/ -->\n<title>URGENTE: Mais dois com\u00e9rcios s\u00e3o furtados nessa madrugada de s\u00e1bado pra domingo na cidade - Maetinga Not\u00edcias<\/title>\n<meta name=\"robots\" content=\"index, follow, max-snippet:-1, max-image-preview:large, max-video-preview:-1\" \/>\n<link rel=\"canonical\" href=\"https:\/\/maetinganoticias.com\/index.php\/2023\/11\/26\/urgente-mais-dois-comercios-sao-furtados-nessa-madrugada-de-sabado-pra-domingo-na-cidade\/\" \/>\n<meta property=\"og:locale\" content=\"pt_BR\" \/>\n<meta property=\"og:type\" content=\"article\" \/>\n<meta property=\"og:title\" content=\"URGENTE: Mais dois com\u00e9rcios s\u00e3o furtados nessa madrugada de s\u00e1bado pra domingo na cidade - Maetinga Not\u00edcias\" \/>\n<meta property=\"og:description\" content=\"MAETINGA I E OS FURTOS CONTINUAM&#8230; Mais dois com\u00e9rcios na cidade de Maetinga fora furtados nessa \u00faltima noite na cidade. Segundo relatos dos pr\u00f3prios comerciantes que entraram em contato com nossa reda\u00e7\u00e3o, uma casa de materiais para constru\u00e7\u00e3o foi invadida pelos fundos e teve valores em dinheiro roubados de seu caixa. Segundo informa\u00e7\u00f5es apuradas, um [&hellip;]\" \/>\n<meta property=\"og:url\" content=\"https:\/\/maetinganoticias.com\/index.php\/2023\/11\/26\/urgente-mais-dois-comercios-sao-furtados-nessa-madrugada-de-sabado-pra-domingo-na-cidade\/\" \/>\n<meta property=\"og:site_name\" content=\"Maetinga Not\u00edcias\" \/>\n<meta property=\"article:published_time\" content=\"2023-11-26T14:18:57+00:00\" \/>\n<meta property=\"article:modified_time\" content=\"2023-11-26T14:18:58+00:00\" \/>\n<meta property=\"og:image\" content=\"https:\/\/maetinganoticias.com\/wp-content\/uploads\/2023\/11\/Blog-81-1024x1024.png\" \/>\n\t<meta property=\"og:image:width\" content=\"1024\" \/>\n\t<meta property=\"og:image:height\" content=\"1024\" \/>\n\t<meta property=\"og:image:type\" content=\"image\/png\" \/>\n<meta name=\"author\" content=\"Maetinga Not\u00edcias\" \/>\n<meta name=\"twitter:card\" content=\"summary_large_image\" \/>\n<meta name=\"twitter:label1\" content=\"Escrito por\" \/>\n\t<meta name=\"twitter:data1\" content=\"Maetinga Not\u00edcias\" \/>\n\t<meta name=\"twitter:label2\" content=\"Est. tempo de leitura\" \/>\n\t<meta name=\"twitter:data2\" content=\"1 minuto\" \/>\n<script type=\"application\/ld+json\" class=\"yoast-schema-graph\">{\"@context\":\"https:\\\/\\\/schema.org\",\"@graph\":[{\"@type\":[\"Article\",\"BlogPosting\"],\"@id\":\"https:\\\/\\\/maetinganoticias.com\\\/index.php\\\/2023\\\/11\\\/26\\\/urgente-mais-dois-comercios-sao-furtados-nessa-madrugada-de-sabado-pra-domingo-na-cidade\\\/#article\",\"isPartOf\":{\"@id\":\"https:\\\/\\\/maetinganoticias.com\\\/index.php\\\/2023\\\/11\\\/26\\\/urgente-mais-dois-comercios-sao-furtados-nessa-madrugada-de-sabado-pra-domingo-na-cidade\\\/\"},\"author\":{\"name\":\"Maetinga Not\u00edcias\",\"@id\":\"https:\\\/\\\/maetinganoticias.com\\\/#\\\/schema\\\/person\\\/968cf95e67a6810fc7fb35bbc9016962\"},\"headline\":\"URGENTE: Mais dois com\u00e9rcios s\u00e3o furtados nessa madrugada de s\u00e1bado pra domingo na cidade\",\"datePublished\":\"2023-11-26T14:18:57+00:00\",\"dateModified\":\"2023-11-26T14:18:58+00:00\",\"mainEntityOfPage\":{\"@id\":\"https:\\\/\\\/maetinganoticias.com\\\/index.php\\\/2023\\\/11\\\/26\\\/urgente-mais-dois-comercios-sao-furtados-nessa-madrugada-de-sabado-pra-domingo-na-cidade\\\/\"},\"wordCount\":154,\"commentCount\":0,\"publisher\":{\"@id\":\"https:\\\/\\\/maetinganoticias.com\\\/#organization\"},\"image\":{\"@id\":\"https:\\\/\\\/maetinganoticias.com\\\/index.php\\\/2023\\\/11\\\/26\\\/urgente-mais-dois-comercios-sao-furtados-nessa-madrugada-de-sabado-pra-domingo-na-cidade\\\/#primaryimage\"},\"thumbnailUrl\":\"https:\\\/\\\/maetinganoticias.com\\\/wp-content\\\/uploads\\\/2023\\\/11\\\/Blog-81.png\",\"keywords\":[\"BAHIA\",\"FURTO\",\"MAETINGA\",\"PM DA BAHIA\",\"SSPBA\",\"SUDOESTE DA BAHIA\"],\"articleSection\":[\"Maetinga\"],\"inLanguage\":\"pt-BR\",\"potentialAction\":[{\"@type\":\"CommentAction\",\"name\":\"Comment\",\"target\":[\"https:\\\/\\\/maetinganoticias.com\\\/index.php\\\/2023\\\/11\\\/26\\\/urgente-mais-dois-comercios-sao-furtados-nessa-madrugada-de-sabado-pra-domingo-na-cidade\\\/#respond\"]}]},{\"@type\":\"WebPage\",\"@id\":\"https:\\\/\\\/maetinganoticias.com\\\/index.php\\\/2023\\\/11\\\/26\\\/urgente-mais-dois-comercios-sao-furtados-nessa-madrugada-de-sabado-pra-domingo-na-cidade\\\/\",\"url\":\"https:\\\/\\\/maetinganoticias.com\\\/index.php\\\/2023\\\/11\\\/26\\\/urgente-mais-dois-comercios-sao-furtados-nessa-madrugada-de-sabado-pra-domingo-na-cidade\\\/\",\"name\":\"URGENTE: Mais dois com\u00e9rcios s\u00e3o furtados nessa madrugada de s\u00e1bado pra domingo na cidade - Maetinga Not\u00edcias\",\"isPartOf\":{\"@id\":\"https:\\\/\\\/maetinganoticias.com\\\/#website\"},\"primaryImageOfPage\":{\"@id\":\"https:\\\/\\\/maetinganoticias.com\\\/index.php\\\/2023\\\/11\\\/26\\\/urgente-mais-dois-comercios-sao-furtados-nessa-madrugada-de-sabado-pra-domingo-na-cidade\\\/#primaryimage\"},\"image\":{\"@id\":\"https:\\\/\\\/maetinganoticias.com\\\/index.php\\\/2023\\\/11\\\/26\\\/urgente-mais-dois-comercios-sao-furtados-nessa-madrugada-de-sabado-pra-domingo-na-cidade\\\/#primaryimage\"},\"thumbnailUrl\":\"https:\\\/\\\/maetinganoticias.com\\\/wp-content\\\/uploads\\\/2023\\\/11\\\/Blog-81.png\",\"datePublished\":\"2023-11-26T14:18:57+00:00\",\"dateModified\":\"2023-11-26T14:18:58+00:00\",\"breadcrumb\":{\"@id\":\"https:\\\/\\\/maetinganoticias.com\\\/index.php\\\/2023\\\/11\\\/26\\\/urgente-mais-dois-comercios-sao-furtados-nessa-madrugada-de-sabado-pra-domingo-na-cidade\\\/#breadcrumb\"},\"inLanguage\":\"pt-BR\",\"potentialAction\":[{\"@type\":\"ReadAction\",\"target\":[\"https:\\\/\\\/maetinganoticias.com\\\/index.php\\\/2023\\\/11\\\/26\\\/urgente-mais-dois-comercios-sao-furtados-nessa-madrugada-de-sabado-pra-domingo-na-cidade\\\/\"]}]},{\"@type\":\"ImageObject\",\"inLanguage\":\"pt-BR\",\"@id\":\"https:\\\/\\\/maetinganoticias.com\\\/index.php\\\/2023\\\/11\\\/26\\\/urgente-mais-dois-comercios-sao-furtados-nessa-madrugada-de-sabado-pra-domingo-na-cidade\\\/#primaryimage\",\"url\":\"https:\\\/\\\/maetinganoticias.com\\\/wp-content\\\/uploads\\\/2023\\\/11\\\/Blog-81.png\",\"contentUrl\":\"https:\\\/\\\/maetinganoticias.com\\\/wp-content\\\/uploads\\\/2023\\\/11\\\/Blog-81.png\",\"width\":3375,\"height\":3375},{\"@type\":\"BreadcrumbList\",\"@id\":\"https:\\\/\\\/maetinganoticias.com\\\/index.php\\\/2023\\\/11\\\/26\\\/urgente-mais-dois-comercios-sao-furtados-nessa-madrugada-de-sabado-pra-domingo-na-cidade\\\/#breadcrumb\",\"itemListElement\":[{\"@type\":\"ListItem\",\"position\":1,\"name\":\"In\u00edcio\",\"item\":\"https:\\\/\\\/maetinganoticias.com\\\/\"},{\"@type\":\"ListItem\",\"position\":2,\"name\":\"URGENTE: Mais dois com\u00e9rcios s\u00e3o furtados nessa madrugada de s\u00e1bado pra domingo na cidade\"}]},{\"@type\":\"WebSite\",\"@id\":\"https:\\\/\\\/maetinganoticias.com\\\/#website\",\"url\":\"https:\\\/\\\/maetinganoticias.com\\\/\",\"name\":\"Maetinga Not\u00edcias\",\"description\":\"A Voz do Interior Baiano!\",\"publisher\":{\"@id\":\"https:\\\/\\\/maetinganoticias.com\\\/#organization\"},\"potentialAction\":[{\"@type\":\"SearchAction\",\"target\":{\"@type\":\"EntryPoint\",\"urlTemplate\":\"https:\\\/\\\/maetinganoticias.com\\\/?s={search_term_string}\"},\"query-input\":{\"@type\":\"PropertyValueSpecification\",\"valueRequired\":true,\"valueName\":\"search_term_string\"}}],\"inLanguage\":\"pt-BR\"},{\"@type\":\"Organization\",\"@id\":\"https:\\\/\\\/maetinganoticias.com\\\/#organization\",\"name\":\"Maetinga Not\u00edcias\",\"url\":\"https:\\\/\\\/maetinganoticias.com\\\/\",\"logo\":{\"@type\":\"ImageObject\",\"inLanguage\":\"pt-BR\",\"@id\":\"https:\\\/\\\/maetinganoticias.com\\\/#\\\/schema\\\/logo\\\/image\\\/\",\"url\":\"https:\\\/\\\/maetinganoticias.com\\\/wp-content\\\/uploads\\\/2023\\\/07\\\/cropped-cropped-cropped-cropped-BUSINESS-3-42-1.png\",\"contentUrl\":\"https:\\\/\\\/maetinganoticias.com\\\/wp-content\\\/uploads\\\/2023\\\/07\\\/cropped-cropped-cropped-cropped-BUSINESS-3-42-1.png\",\"width\":485,\"height\":109,\"caption\":\"Maetinga Not\u00edcias\"},\"image\":{\"@id\":\"https:\\\/\\\/maetinganoticias.com\\\/#\\\/schema\\\/logo\\\/image\\\/\"}},{\"@type\":\"Person\",\"@id\":\"https:\\\/\\\/maetinganoticias.com\\\/#\\\/schema\\\/person\\\/968cf95e67a6810fc7fb35bbc9016962\",\"name\":\"Maetinga Not\u00edcias\",\"image\":{\"@type\":\"ImageObject\",\"inLanguage\":\"pt-BR\",\"@id\":\"https:\\\/\\\/secure.gravatar.com\\\/avatar\\\/32e078313a5ca37a6c8d44e716ed4f9e87ecfde7222d2b88a1424bd49654f187?s=96&d=mm&r=g\",\"url\":\"https:\\\/\\\/secure.gravatar.com\\\/avatar\\\/32e078313a5ca37a6c8d44e716ed4f9e87ecfde7222d2b88a1424bd49654f187?s=96&d=mm&r=g\",\"contentUrl\":\"https:\\\/\\\/secure.gravatar.com\\\/avatar\\\/32e078313a5ca37a6c8d44e716ed4f9e87ecfde7222d2b88a1424bd49654f187?s=96&d=mm&r=g\",\"caption\":\"Maetinga Not\u00edcias\"},\"description\":\"A voz do Interior Baiano!\",\"sameAs\":[\"https:\\\/\\\/maetinganoticias.com\",\"https:\\\/\\\/www.instagram.com\\\/blogmaetinganoticias\\\/\"],\"url\":\"https:\\\/\\\/maetinganoticias.com\\\/index.php\\\/author\\\/carlosvianna13\\\/\"}]}<\/script>\n<!-- \/ Yoast SEO plugin. -->","yoast_head_json":{"title":"URGENTE: Mais dois com\u00e9rcios s\u00e3o furtados nessa madrugada de s\u00e1bado pra domingo na cidade - Maetinga Not\u00edcias","robots":{"index":"index","follow":"follow","max-snippet":"max-snippet:-1","max-image-preview":"max-image-preview:large","max-video-preview":"max-video-preview:-1"},"canonical":"https:\/\/maetinganoticias.com\/index.php\/2023\/11\/26\/urgente-mais-dois-comercios-sao-furtados-nessa-madrugada-de-sabado-pra-domingo-na-cidade\/","og_locale":"pt_BR","og_type":"article","og_title":"URGENTE: Mais dois com\u00e9rcios s\u00e3o furtados nessa madrugada de s\u00e1bado pra domingo na cidade - Maetinga Not\u00edcias","og_description":"MAETINGA I E OS FURTOS CONTINUAM&#8230; Mais dois com\u00e9rcios na cidade de Maetinga fora furtados nessa \u00faltima noite na cidade. Segundo relatos dos pr\u00f3prios comerciantes que entraram em contato com nossa reda\u00e7\u00e3o, uma casa de materiais para constru\u00e7\u00e3o foi invadida pelos fundos e teve valores em dinheiro roubados de seu caixa. Segundo informa\u00e7\u00f5es apuradas, um [&hellip;]","og_url":"https:\/\/maetinganoticias.com\/index.php\/2023\/11\/26\/urgente-mais-dois-comercios-sao-furtados-nessa-madrugada-de-sabado-pra-domingo-na-cidade\/","og_site_name":"Maetinga Not\u00edcias","article_published_time":"2023-11-26T14:18:57+00:00","article_modified_time":"2023-11-26T14:18:58+00:00","og_image":[{"width":1024,"height":1024,"url":"https:\/\/maetinganoticias.com\/wp-content\/uploads\/2023\/11\/Blog-81-1024x1024.png","type":"image\/png"}],"author":"Maetinga Not\u00edcias","twitter_card":"summary_large_image","twitter_misc":{"Escrito por":"Maetinga Not\u00edcias","Est. tempo de leitura":"1 minuto"},"schema":{"@context":"https:\/\/schema.org","@graph":[{"@type":["Article","BlogPosting"],"@id":"https:\/\/maetinganoticias.com\/index.php\/2023\/11\/26\/urgente-mais-dois-comercios-sao-furtados-nessa-madrugada-de-sabado-pra-domingo-na-cidade\/#article","isPartOf":{"@id":"https:\/\/maetinganoticias.com\/index.php\/2023\/11\/26\/urgente-mais-dois-comercios-sao-furtados-nessa-madrugada-de-sabado-pra-domingo-na-cidade\/"},"author":{"name":"Maetinga Not\u00edcias","@id":"https:\/\/maetinganoticias.com\/#\/schema\/person\/968cf95e67a6810fc7fb35bbc9016962"},"headline":"URGENTE: Mais dois com\u00e9rcios s\u00e3o furtados nessa madrugada de s\u00e1bado pra domingo na cidade","datePublished":"2023-11-26T14:18:57+00:00","dateModified":"2023-11-26T14:18:58+00:00","mainEntityOfPage":{"@id":"https:\/\/maetinganoticias.com\/index.php\/2023\/11\/26\/urgente-mais-dois-comercios-sao-furtados-nessa-madrugada-de-sabado-pra-domingo-na-cidade\/"},"wordCount":154,"commentCount":0,"publisher":{"@id":"https:\/\/maetinganoticias.com\/#organization"},"image":{"@id":"https:\/\/maetinganoticias.com\/index.php\/2023\/11\/26\/urgente-mais-dois-comercios-sao-furtados-nessa-madrugada-de-sabado-pra-domingo-na-cidade\/#primaryimage"},"thumbnailUrl":"https:\/\/maetinganoticias.com\/wp-content\/uploads\/2023\/11\/Blog-81.png","keywords":["BAHIA","FURTO","MAETINGA","PM DA BAHIA","SSPBA","SUDOESTE DA BAHIA"],"articleSection":["Maetinga"],"inLanguage":"pt-BR","potentialAction":[{"@type":"CommentAction","name":"Comment","target":["https:\/\/maetinganoticias.com\/index.php\/2023\/11\/26\/urgente-mais-dois-comercios-sao-furtados-nessa-madrugada-de-sabado-pra-domingo-na-cidade\/#respond"]}]},{"@type":"WebPage","@id":"https:\/\/maetinganoticias.com\/index.php\/2023\/11\/26\/urgente-mais-dois-comercios-sao-furtados-nessa-madrugada-de-sabado-pra-domingo-na-cidade\/","url":"https:\/\/maetinganoticias.com\/index.php\/2023\/11\/26\/urgente-mais-dois-comercios-sao-furtados-nessa-madrugada-de-sabado-pra-domingo-na-cidade\/","name":"URGENTE: Mais dois com\u00e9rcios s\u00e3o furtados nessa madrugada de s\u00e1bado pra domingo na cidade - Maetinga Not\u00edcias","isPartOf":{"@id":"https:\/\/maetinganoticias.com\/#website"},"primaryImageOfPage":{"@id":"https:\/\/maetinganoticias.com\/index.php\/2023\/11\/26\/urgente-mais-dois-comercios-sao-furtados-nessa-madrugada-de-sabado-pra-domingo-na-cidade\/#primaryimage"},"image":{"@id":"https:\/\/maetinganoticias.com\/index.php\/2023\/11\/26\/urgente-mais-dois-comercios-sao-furtados-nessa-madrugada-de-sabado-pra-domingo-na-cidade\/#primaryimage"},"thumbnailUrl":"https:\/\/maetinganoticias.com\/wp-content\/uploads\/2023\/11\/Blog-81.png","datePublished":"2023-11-26T14:18:57+00:00","dateModified":"2023-11-26T14:18:58+00:00","breadcrumb":{"@id":"https:\/\/maetinganoticias.com\/index.php\/2023\/11\/26\/urgente-mais-dois-comercios-sao-furtados-nessa-madrugada-de-sabado-pra-domingo-na-cidade\/#breadcrumb"},"inLanguage":"pt-BR","potentialAction":[{"@type":"ReadAction","target":["https:\/\/maetinganoticias.com\/index.php\/2023\/11\/26\/urgente-mais-dois-comercios-sao-furtados-nessa-madrugada-de-sabado-pra-domingo-na-cidade\/"]}]},{"@type":"ImageObject","inLanguage":"pt-BR","@id":"https:\/\/maetinganoticias.com\/index.php\/2023\/11\/26\/urgente-mais-dois-comercios-sao-furtados-nessa-madrugada-de-sabado-pra-domingo-na-cidade\/#primaryimage","url":"https:\/\/maetinganoticias.com\/wp-content\/uploads\/2023\/11\/Blog-81.png","contentUrl":"https:\/\/maetinganoticias.com\/wp-content\/uploads\/2023\/11\/Blog-81.png","width":3375,"height":3375},{"@type":"BreadcrumbList","@id":"https:\/\/maetinganoticias.com\/index.php\/2023\/11\/26\/urgente-mais-dois-comercios-sao-furtados-nessa-madrugada-de-sabado-pra-domingo-na-cidade\/#breadcrumb","itemListElement":[{"@type":"ListItem","position":1,"name":"In\u00edcio","item":"https:\/\/maetinganoticias.com\/"},{"@type":"ListItem","position":2,"name":"URGENTE: Mais dois com\u00e9rcios s\u00e3o furtados nessa madrugada de s\u00e1bado pra domingo na cidade"}]},{"@type":"WebSite","@id":"https:\/\/maetinganoticias.com\/#website","url":"https:\/\/maetinganoticias.com\/","name":"Maetinga Not\u00edcias","description":"A Voz do Interior Baiano!","publisher":{"@id":"https:\/\/maetinganoticias.com\/#organization"},"potentialAction":[{"@type":"SearchAction","target":{"@type":"EntryPoint","urlTemplate":"https:\/\/maetinganoticias.com\/?s={search_term_string}"},"query-input":{"@type":"PropertyValueSpecification","valueRequired":true,"valueName":"search_term_string"}}],"inLanguage":"pt-BR"},{"@type":"Organization","@id":"https:\/\/maetinganoticias.com\/#organization","name":"Maetinga Not\u00edcias","url":"https:\/\/maetinganoticias.com\/","logo":{"@type":"ImageObject","inLanguage":"pt-BR","@id":"https:\/\/maetinganoticias.com\/#\/schema\/logo\/image\/","url":"https:\/\/maetinganoticias.com\/wp-content\/uploads\/2023\/07\/cropped-cropped-cropped-cropped-BUSINESS-3-42-1.png","contentUrl":"https:\/\/maetinganoticias.com\/wp-content\/uploads\/2023\/07\/cropped-cropped-cropped-cropped-BUSINESS-3-42-1.png","width":485,"height":109,"caption":"Maetinga Not\u00edcias"},"image":{"@id":"https:\/\/maetinganoticias.com\/#\/schema\/logo\/image\/"}},{"@type":"Person","@id":"https:\/\/maetinganoticias.com\/#\/schema\/person\/968cf95e67a6810fc7fb35bbc9016962","name":"Maetinga Not\u00edcias","image":{"@type":"ImageObject","inLanguage":"pt-BR","@id":"https:\/\/secure.gravatar.com\/avatar\/32e078313a5ca37a6c8d44e716ed4f9e87ecfde7222d2b88a1424bd49654f187?s=96&d=mm&r=g","url":"https:\/\/secure.gravatar.com\/avatar\/32e078313a5ca37a6c8d44e716ed4f9e87ecfde7222d2b88a1424bd49654f187?s=96&d=mm&r=g","contentUrl":"https:\/\/secure.gravatar.com\/avatar\/32e078313a5ca37a6c8d44e716ed4f9e87ecfde7222d2b88a1424bd49654f187?s=96&d=mm&r=g","caption":"Maetinga Not\u00edcias"},"description":"A voz do Interior Baiano!","sameAs":["https:\/\/maetinganoticias.com","https:\/\/www.instagram.com\/blogmaetinganoticias\/"],"url":"https:\/\/maetinganoticias.com\/index.php\/author\/carlosvianna13\/"}]}},"_links":{"self":[{"href":"https:\/\/maetinganoticias.com\/index.php\/wp-json\/wp\/v2\/posts\/2019","targetHints":{"allow":["GET"]}}],"collection":[{"href":"https:\/\/maetinganoticias.com\/index.php\/wp-json\/wp\/v2\/posts"}],"about":[{"href":"https:\/\/maetinganoticias.com\/index.php\/wp-json\/wp\/v2\/types\/post"}],"author":[{"embeddable":true,"href":"https:\/\/maetinganoticias.com\/index.php\/wp-json\/wp\/v2\/users\/1"}],"replies":[{"embeddable":true,"href":"https:\/\/maetinganoticias.com\/index.php\/wp-json\/wp\/v2\/comments?post=2019"}],"version-history":[{"count":1,"href":"https:\/\/maetinganoticias.com\/index.php\/wp-json\/wp\/v2\/posts\/2019\/revisions"}],"predecessor-version":[{"id":2021,"href":"https:\/\/maetinganoticias.com\/index.php\/wp-json\/wp\/v2\/posts\/2019\/revisions\/2021"}],"wp:featuredmedia":[{"embeddable":true,"href":"https:\/\/maetinganoticias.com\/index.php\/wp-json\/wp\/v2\/media\/2020"}],"wp:attachment":[{"href":"https:\/\/maetinganoticias.com\/index.php\/wp-json\/wp\/v2\/media?parent=2019"}],"wp:term":[{"taxonomy":"category","embeddable":true,"href":"https:\/\/maetinganoticias.com\/index.php\/wp-json\/wp\/v2\/categories?post=2019"},{"taxonomy":"post_tag","embeddable":true,"href":"https:\/\/maetinganoticias.com\/index.php\/wp-json\/wp\/v2\/tags?post=2019"}],"curies":[{"name":"wp","href":"https:\/\/api.w.org\/{rel}","templated":true}]}}