{"id":2016,"date":"2023-11-25T15:10:00","date_gmt":"2023-11-25T18:10:00","guid":{"rendered":"https:\/\/maetinganoticias.com\/?p=2016"},"modified":"2023-11-25T15:10:01","modified_gmt":"2023-11-25T18:10:01","slug":"recompra-de-refinaria-baiana-pela-petrobras-volta-a-ser-discutida-em-brasilia","status":"publish","type":"post","link":"https:\/\/maetinganoticias.com\/index.php\/2023\/11\/25\/recompra-de-refinaria-baiana-pela-petrobras-volta-a-ser-discutida-em-brasilia\/","title":{"rendered":"Recompra de refinaria baiana pela Petrobras volta a ser discutida em Bras\u00edlia"},"content":{"rendered":"\n<p>Os rumores sobre a recompra da Refinaria Landulpho Alves (RLAM), atual Refinaria de Mataripe, em S\u00e3o Francisco do Conde, voltaram \u00e0 pauta.<\/p>\n\n\n\n<p>Segundo o site Bahia Not\u00edcias,nos bastidores de Bras\u00edlia comenta-se que o presidente da Petrobras, Jean Paul Prates, j\u00e1 admite a possibilidade em conversas com membros da alta c\u00fapula do governo.<\/p>\n\n\n\n<p>Em entrevista durante a comemora\u00e7\u00e3o do anivers\u00e1rio de 70 anos da estatal, em Salvador, Prates repercutiu uma entrevista do ex-ministro de Minas e Energia do governo Bolsonaro, Adolfo Saschida, ao jornal O Estado de S. Paulo, no m\u00eas de julho.<\/p>\n\n\n\n<p>Na ocasi\u00e3o, Saschida confirmou que o ex-presidente Bolsonaro pretendia vender a Petrobras, se fosse reeleito.<\/p>\n\n\n\n<p>\u00c0 imprensa baiana, Prates tamb\u00e9m indicou que a estatal pretende recomprar as refinarias vendidas na gest\u00e3o passada, ao afirmar que a Petrobras est\u00e1 &#8220;reconquistando o territ\u00f3rio brasileiro&#8221;.<\/p>\n\n\n\n<p>Segundo ele, a venda da RLAM, em 2021, n\u00e3o foi feita como parte de um plano estrat\u00e9gico.<\/p>\n\n\n\n<p>A Bahia hoje com sua refinaria privatizada tem umas das gasolinas mais cara do pa\u00eds!<\/p>\n","protected":false},"excerpt":{"rendered":"<p>Os rumores sobre a recompra da Refinaria Landulpho Alves (RLAM), atual Refinaria de Mataripe, em S\u00e3o Francisco do Conde, voltaram \u00e0 pauta. Segundo o site Bahia Not\u00edcias,nos bastidores de Bras\u00edlia comenta-se que o presidente da Petrobras, Jean Paul Prates, j\u00e1 admite a possibilidade em conversas com membros da alta c\u00fapula do governo. Em entrevista durante [&hellip;]<\/p>\n","protected":false},"author":1,"featured_media":2017,"comment_status":"open","ping_status":"open","sticky":false,"template":"","format":"standard","meta":{"om_disable_all_campaigns":false,"_monsterinsights_skip_tracking":false,"_monsterinsights_sitenote_active":false,"_monsterinsights_sitenote_note":"","_monsterinsights_sitenote_category":0,"_uf_show_specific_survey":0,"_uf_disable_surveys":false,"footnotes":""},"categories":[40],"tags":[425,81,426,427],"class_list":{"0":"post-2016","1":"post","2":"type-post","3":"status-publish","4":"format-standard","5":"has-post-thumbnail","7":"category-bahia","8":"tag-acelem","9":"tag-bahia","10":"tag-petrobras","11":"tag-refinaria"},"yoast_head":"<!-- This site is optimized with the Yoast SEO plugin v27.4 - https:\/\/yoast.com\/product\/yoast-seo-wordpress\/ -->\n<title>Recompra de refinaria baiana pela Petrobras volta a ser discutida em Bras\u00edlia - Maetinga Not\u00edcias<\/title>\n<meta name=\"robots\" content=\"index, follow, max-snippet:-1, max-image-preview:large, max-video-preview:-1\" \/>\n<link rel=\"canonical\" href=\"https:\/\/maetinganoticias.com\/index.php\/2023\/11\/25\/recompra-de-refinaria-baiana-pela-petrobras-volta-a-ser-discutida-em-brasilia\/\" \/>\n<meta property=\"og:locale\" content=\"pt_BR\" \/>\n<meta property=\"og:type\" content=\"article\" \/>\n<meta property=\"og:title\" content=\"Recompra de refinaria baiana pela Petrobras volta a ser discutida em Bras\u00edlia - Maetinga Not\u00edcias\" \/>\n<meta property=\"og:description\" content=\"Os rumores sobre a recompra da Refinaria Landulpho Alves (RLAM), atual Refinaria de Mataripe, em S\u00e3o Francisco do Conde, voltaram \u00e0 pauta. Segundo o site Bahia Not\u00edcias,nos bastidores de Bras\u00edlia comenta-se que o presidente da Petrobras, Jean Paul Prates, j\u00e1 admite a possibilidade em conversas com membros da alta c\u00fapula do governo. Em entrevista durante [&hellip;]\" \/>\n<meta property=\"og:url\" content=\"https:\/\/maetinganoticias.com\/index.php\/2023\/11\/25\/recompra-de-refinaria-baiana-pela-petrobras-volta-a-ser-discutida-em-brasilia\/\" \/>\n<meta property=\"og:site_name\" content=\"Maetinga Not\u00edcias\" \/>\n<meta property=\"article:published_time\" content=\"2023-11-25T18:10:00+00:00\" \/>\n<meta property=\"article:modified_time\" content=\"2023-11-25T18:10:01+00:00\" \/>\n<meta property=\"og:image\" content=\"https:\/\/maetinganoticias.com\/wp-content\/uploads\/2023\/11\/a8e1398c3a37712c7c4444b3c8045cf3_XL.webp\" \/>\n\t<meta property=\"og:image:width\" content=\"1200\" \/>\n\t<meta property=\"og:image:height\" content=\"737\" \/>\n\t<meta property=\"og:image:type\" content=\"image\/webp\" \/>\n<meta name=\"author\" content=\"Maetinga Not\u00edcias\" \/>\n<meta name=\"twitter:card\" content=\"summary_large_image\" \/>\n<meta name=\"twitter:label1\" content=\"Escrito por\" \/>\n\t<meta name=\"twitter:data1\" content=\"Maetinga Not\u00edcias\" \/>\n\t<meta name=\"twitter:label2\" content=\"Est. tempo de leitura\" \/>\n\t<meta name=\"twitter:data2\" content=\"1 minuto\" \/>\n<script type=\"application\/ld+json\" class=\"yoast-schema-graph\">{\"@context\":\"https:\\\/\\\/schema.org\",\"@graph\":[{\"@type\":[\"Article\",\"BlogPosting\"],\"@id\":\"https:\\\/\\\/maetinganoticias.com\\\/index.php\\\/2023\\\/11\\\/25\\\/recompra-de-refinaria-baiana-pela-petrobras-volta-a-ser-discutida-em-brasilia\\\/#article\",\"isPartOf\":{\"@id\":\"https:\\\/\\\/maetinganoticias.com\\\/index.php\\\/2023\\\/11\\\/25\\\/recompra-de-refinaria-baiana-pela-petrobras-volta-a-ser-discutida-em-brasilia\\\/\"},\"author\":{\"name\":\"Maetinga Not\u00edcias\",\"@id\":\"https:\\\/\\\/maetinganoticias.com\\\/#\\\/schema\\\/person\\\/968cf95e67a6810fc7fb35bbc9016962\"},\"headline\":\"Recompra de refinaria baiana pela Petrobras volta a ser discutida em Bras\u00edlia\",\"datePublished\":\"2023-11-25T18:10:00+00:00\",\"dateModified\":\"2023-11-25T18:10:01+00:00\",\"mainEntityOfPage\":{\"@id\":\"https:\\\/\\\/maetinganoticias.com\\\/index.php\\\/2023\\\/11\\\/25\\\/recompra-de-refinaria-baiana-pela-petrobras-volta-a-ser-discutida-em-brasilia\\\/\"},\"wordCount\":190,\"commentCount\":1,\"publisher\":{\"@id\":\"https:\\\/\\\/maetinganoticias.com\\\/#organization\"},\"image\":{\"@id\":\"https:\\\/\\\/maetinganoticias.com\\\/index.php\\\/2023\\\/11\\\/25\\\/recompra-de-refinaria-baiana-pela-petrobras-volta-a-ser-discutida-em-brasilia\\\/#primaryimage\"},\"thumbnailUrl\":\"https:\\\/\\\/maetinganoticias.com\\\/wp-content\\\/uploads\\\/2023\\\/11\\\/a8e1398c3a37712c7c4444b3c8045cf3_XL.webp\",\"keywords\":[\"ACELEM\",\"BAHIA\",\"PETROBRAS\",\"REFINARIA\"],\"articleSection\":[\"Bahia\"],\"inLanguage\":\"pt-BR\",\"potentialAction\":[{\"@type\":\"CommentAction\",\"name\":\"Comment\",\"target\":[\"https:\\\/\\\/maetinganoticias.com\\\/index.php\\\/2023\\\/11\\\/25\\\/recompra-de-refinaria-baiana-pela-petrobras-volta-a-ser-discutida-em-brasilia\\\/#respond\"]}]},{\"@type\":\"WebPage\",\"@id\":\"https:\\\/\\\/maetinganoticias.com\\\/index.php\\\/2023\\\/11\\\/25\\\/recompra-de-refinaria-baiana-pela-petrobras-volta-a-ser-discutida-em-brasilia\\\/\",\"url\":\"https:\\\/\\\/maetinganoticias.com\\\/index.php\\\/2023\\\/11\\\/25\\\/recompra-de-refinaria-baiana-pela-petrobras-volta-a-ser-discutida-em-brasilia\\\/\",\"name\":\"Recompra de refinaria baiana pela Petrobras volta a ser discutida em Bras\u00edlia - Maetinga Not\u00edcias\",\"isPartOf\":{\"@id\":\"https:\\\/\\\/maetinganoticias.com\\\/#website\"},\"primaryImageOfPage\":{\"@id\":\"https:\\\/\\\/maetinganoticias.com\\\/index.php\\\/2023\\\/11\\\/25\\\/recompra-de-refinaria-baiana-pela-petrobras-volta-a-ser-discutida-em-brasilia\\\/#primaryimage\"},\"image\":{\"@id\":\"https:\\\/\\\/maetinganoticias.com\\\/index.php\\\/2023\\\/11\\\/25\\\/recompra-de-refinaria-baiana-pela-petrobras-volta-a-ser-discutida-em-brasilia\\\/#primaryimage\"},\"thumbnailUrl\":\"https:\\\/\\\/maetinganoticias.com\\\/wp-content\\\/uploads\\\/2023\\\/11\\\/a8e1398c3a37712c7c4444b3c8045cf3_XL.webp\",\"datePublished\":\"2023-11-25T18:10:00+00:00\",\"dateModified\":\"2023-11-25T18:10:01+00:00\",\"breadcrumb\":{\"@id\":\"https:\\\/\\\/maetinganoticias.com\\\/index.php\\\/2023\\\/11\\\/25\\\/recompra-de-refinaria-baiana-pela-petrobras-volta-a-ser-discutida-em-brasilia\\\/#breadcrumb\"},\"inLanguage\":\"pt-BR\",\"potentialAction\":[{\"@type\":\"ReadAction\",\"target\":[\"https:\\\/\\\/maetinganoticias.com\\\/index.php\\\/2023\\\/11\\\/25\\\/recompra-de-refinaria-baiana-pela-petrobras-volta-a-ser-discutida-em-brasilia\\\/\"]}]},{\"@type\":\"ImageObject\",\"inLanguage\":\"pt-BR\",\"@id\":\"https:\\\/\\\/maetinganoticias.com\\\/index.php\\\/2023\\\/11\\\/25\\\/recompra-de-refinaria-baiana-pela-petrobras-volta-a-ser-discutida-em-brasilia\\\/#primaryimage\",\"url\":\"https:\\\/\\\/maetinganoticias.com\\\/wp-content\\\/uploads\\\/2023\\\/11\\\/a8e1398c3a37712c7c4444b3c8045cf3_XL.webp\",\"contentUrl\":\"https:\\\/\\\/maetinganoticias.com\\\/wp-content\\\/uploads\\\/2023\\\/11\\\/a8e1398c3a37712c7c4444b3c8045cf3_XL.webp\",\"width\":1200,\"height\":737},{\"@type\":\"BreadcrumbList\",\"@id\":\"https:\\\/\\\/maetinganoticias.com\\\/index.php\\\/2023\\\/11\\\/25\\\/recompra-de-refinaria-baiana-pela-petrobras-volta-a-ser-discutida-em-brasilia\\\/#breadcrumb\",\"itemListElement\":[{\"@type\":\"ListItem\",\"position\":1,\"name\":\"In\u00edcio\",\"item\":\"https:\\\/\\\/maetinganoticias.com\\\/\"},{\"@type\":\"ListItem\",\"position\":2,\"name\":\"Recompra de refinaria baiana pela Petrobras volta a ser discutida em Bras\u00edlia\"}]},{\"@type\":\"WebSite\",\"@id\":\"https:\\\/\\\/maetinganoticias.com\\\/#website\",\"url\":\"https:\\\/\\\/maetinganoticias.com\\\/\",\"name\":\"Maetinga Not\u00edcias\",\"description\":\"A Voz do Interior Baiano!\",\"publisher\":{\"@id\":\"https:\\\/\\\/maetinganoticias.com\\\/#organization\"},\"potentialAction\":[{\"@type\":\"SearchAction\",\"target\":{\"@type\":\"EntryPoint\",\"urlTemplate\":\"https:\\\/\\\/maetinganoticias.com\\\/?s={search_term_string}\"},\"query-input\":{\"@type\":\"PropertyValueSpecification\",\"valueRequired\":true,\"valueName\":\"search_term_string\"}}],\"inLanguage\":\"pt-BR\"},{\"@type\":\"Organization\",\"@id\":\"https:\\\/\\\/maetinganoticias.com\\\/#organization\",\"name\":\"Maetinga Not\u00edcias\",\"url\":\"https:\\\/\\\/maetinganoticias.com\\\/\",\"logo\":{\"@type\":\"ImageObject\",\"inLanguage\":\"pt-BR\",\"@id\":\"https:\\\/\\\/maetinganoticias.com\\\/#\\\/schema\\\/logo\\\/image\\\/\",\"url\":\"https:\\\/\\\/maetinganoticias.com\\\/wp-content\\\/uploads\\\/2023\\\/07\\\/cropped-cropped-cropped-cropped-BUSINESS-3-42-1.png\",\"contentUrl\":\"https:\\\/\\\/maetinganoticias.com\\\/wp-content\\\/uploads\\\/2023\\\/07\\\/cropped-cropped-cropped-cropped-BUSINESS-3-42-1.png\",\"width\":485,\"height\":109,\"caption\":\"Maetinga Not\u00edcias\"},\"image\":{\"@id\":\"https:\\\/\\\/maetinganoticias.com\\\/#\\\/schema\\\/logo\\\/image\\\/\"}},{\"@type\":\"Person\",\"@id\":\"https:\\\/\\\/maetinganoticias.com\\\/#\\\/schema\\\/person\\\/968cf95e67a6810fc7fb35bbc9016962\",\"name\":\"Maetinga Not\u00edcias\",\"image\":{\"@type\":\"ImageObject\",\"inLanguage\":\"pt-BR\",\"@id\":\"https:\\\/\\\/secure.gravatar.com\\\/avatar\\\/32e078313a5ca37a6c8d44e716ed4f9e87ecfde7222d2b88a1424bd49654f187?s=96&d=mm&r=g\",\"url\":\"https:\\\/\\\/secure.gravatar.com\\\/avatar\\\/32e078313a5ca37a6c8d44e716ed4f9e87ecfde7222d2b88a1424bd49654f187?s=96&d=mm&r=g\",\"contentUrl\":\"https:\\\/\\\/secure.gravatar.com\\\/avatar\\\/32e078313a5ca37a6c8d44e716ed4f9e87ecfde7222d2b88a1424bd49654f187?s=96&d=mm&r=g\",\"caption\":\"Maetinga Not\u00edcias\"},\"description\":\"A voz do Interior Baiano!\",\"sameAs\":[\"https:\\\/\\\/maetinganoticias.com\",\"https:\\\/\\\/www.instagram.com\\\/blogmaetinganoticias\\\/\"],\"url\":\"https:\\\/\\\/maetinganoticias.com\\\/index.php\\\/author\\\/carlosvianna13\\\/\"}]}<\/script>\n<!-- \/ Yoast SEO plugin. -->","yoast_head_json":{"title":"Recompra de refinaria baiana pela Petrobras volta a ser discutida em Bras\u00edlia - Maetinga Not\u00edcias","robots":{"index":"index","follow":"follow","max-snippet":"max-snippet:-1","max-image-preview":"max-image-preview:large","max-video-preview":"max-video-preview:-1"},"canonical":"https:\/\/maetinganoticias.com\/index.php\/2023\/11\/25\/recompra-de-refinaria-baiana-pela-petrobras-volta-a-ser-discutida-em-brasilia\/","og_locale":"pt_BR","og_type":"article","og_title":"Recompra de refinaria baiana pela Petrobras volta a ser discutida em Bras\u00edlia - Maetinga Not\u00edcias","og_description":"Os rumores sobre a recompra da Refinaria Landulpho Alves (RLAM), atual Refinaria de Mataripe, em S\u00e3o Francisco do Conde, voltaram \u00e0 pauta. Segundo o site Bahia Not\u00edcias,nos bastidores de Bras\u00edlia comenta-se que o presidente da Petrobras, Jean Paul Prates, j\u00e1 admite a possibilidade em conversas com membros da alta c\u00fapula do governo. Em entrevista durante [&hellip;]","og_url":"https:\/\/maetinganoticias.com\/index.php\/2023\/11\/25\/recompra-de-refinaria-baiana-pela-petrobras-volta-a-ser-discutida-em-brasilia\/","og_site_name":"Maetinga Not\u00edcias","article_published_time":"2023-11-25T18:10:00+00:00","article_modified_time":"2023-11-25T18:10:01+00:00","og_image":[{"width":1200,"height":737,"url":"https:\/\/maetinganoticias.com\/wp-content\/uploads\/2023\/11\/a8e1398c3a37712c7c4444b3c8045cf3_XL.webp","type":"image\/webp"}],"author":"Maetinga Not\u00edcias","twitter_card":"summary_large_image","twitter_misc":{"Escrito por":"Maetinga Not\u00edcias","Est. tempo de leitura":"1 minuto"},"schema":{"@context":"https:\/\/schema.org","@graph":[{"@type":["Article","BlogPosting"],"@id":"https:\/\/maetinganoticias.com\/index.php\/2023\/11\/25\/recompra-de-refinaria-baiana-pela-petrobras-volta-a-ser-discutida-em-brasilia\/#article","isPartOf":{"@id":"https:\/\/maetinganoticias.com\/index.php\/2023\/11\/25\/recompra-de-refinaria-baiana-pela-petrobras-volta-a-ser-discutida-em-brasilia\/"},"author":{"name":"Maetinga Not\u00edcias","@id":"https:\/\/maetinganoticias.com\/#\/schema\/person\/968cf95e67a6810fc7fb35bbc9016962"},"headline":"Recompra de refinaria baiana pela Petrobras volta a ser discutida em Bras\u00edlia","datePublished":"2023-11-25T18:10:00+00:00","dateModified":"2023-11-25T18:10:01+00:00","mainEntityOfPage":{"@id":"https:\/\/maetinganoticias.com\/index.php\/2023\/11\/25\/recompra-de-refinaria-baiana-pela-petrobras-volta-a-ser-discutida-em-brasilia\/"},"wordCount":190,"commentCount":1,"publisher":{"@id":"https:\/\/maetinganoticias.com\/#organization"},"image":{"@id":"https:\/\/maetinganoticias.com\/index.php\/2023\/11\/25\/recompra-de-refinaria-baiana-pela-petrobras-volta-a-ser-discutida-em-brasilia\/#primaryimage"},"thumbnailUrl":"https:\/\/maetinganoticias.com\/wp-content\/uploads\/2023\/11\/a8e1398c3a37712c7c4444b3c8045cf3_XL.webp","keywords":["ACELEM","BAHIA","PETROBRAS","REFINARIA"],"articleSection":["Bahia"],"inLanguage":"pt-BR","potentialAction":[{"@type":"CommentAction","name":"Comment","target":["https:\/\/maetinganoticias.com\/index.php\/2023\/11\/25\/recompra-de-refinaria-baiana-pela-petrobras-volta-a-ser-discutida-em-brasilia\/#respond"]}]},{"@type":"WebPage","@id":"https:\/\/maetinganoticias.com\/index.php\/2023\/11\/25\/recompra-de-refinaria-baiana-pela-petrobras-volta-a-ser-discutida-em-brasilia\/","url":"https:\/\/maetinganoticias.com\/index.php\/2023\/11\/25\/recompra-de-refinaria-baiana-pela-petrobras-volta-a-ser-discutida-em-brasilia\/","name":"Recompra de refinaria baiana pela Petrobras volta a ser discutida em Bras\u00edlia - Maetinga Not\u00edcias","isPartOf":{"@id":"https:\/\/maetinganoticias.com\/#website"},"primaryImageOfPage":{"@id":"https:\/\/maetinganoticias.com\/index.php\/2023\/11\/25\/recompra-de-refinaria-baiana-pela-petrobras-volta-a-ser-discutida-em-brasilia\/#primaryimage"},"image":{"@id":"https:\/\/maetinganoticias.com\/index.php\/2023\/11\/25\/recompra-de-refinaria-baiana-pela-petrobras-volta-a-ser-discutida-em-brasilia\/#primaryimage"},"thumbnailUrl":"https:\/\/maetinganoticias.com\/wp-content\/uploads\/2023\/11\/a8e1398c3a37712c7c4444b3c8045cf3_XL.webp","datePublished":"2023-11-25T18:10:00+00:00","dateModified":"2023-11-25T18:10:01+00:00","breadcrumb":{"@id":"https:\/\/maetinganoticias.com\/index.php\/2023\/11\/25\/recompra-de-refinaria-baiana-pela-petrobras-volta-a-ser-discutida-em-brasilia\/#breadcrumb"},"inLanguage":"pt-BR","potentialAction":[{"@type":"ReadAction","target":["https:\/\/maetinganoticias.com\/index.php\/2023\/11\/25\/recompra-de-refinaria-baiana-pela-petrobras-volta-a-ser-discutida-em-brasilia\/"]}]},{"@type":"ImageObject","inLanguage":"pt-BR","@id":"https:\/\/maetinganoticias.com\/index.php\/2023\/11\/25\/recompra-de-refinaria-baiana-pela-petrobras-volta-a-ser-discutida-em-brasilia\/#primaryimage","url":"https:\/\/maetinganoticias.com\/wp-content\/uploads\/2023\/11\/a8e1398c3a37712c7c4444b3c8045cf3_XL.webp","contentUrl":"https:\/\/maetinganoticias.com\/wp-content\/uploads\/2023\/11\/a8e1398c3a37712c7c4444b3c8045cf3_XL.webp","width":1200,"height":737},{"@type":"BreadcrumbList","@id":"https:\/\/maetinganoticias.com\/index.php\/2023\/11\/25\/recompra-de-refinaria-baiana-pela-petrobras-volta-a-ser-discutida-em-brasilia\/#breadcrumb","itemListElement":[{"@type":"ListItem","position":1,"name":"In\u00edcio","item":"https:\/\/maetinganoticias.com\/"},{"@type":"ListItem","position":2,"name":"Recompra de refinaria baiana pela Petrobras volta a ser discutida em Bras\u00edlia"}]},{"@type":"WebSite","@id":"https:\/\/maetinganoticias.com\/#website","url":"https:\/\/maetinganoticias.com\/","name":"Maetinga Not\u00edcias","description":"A Voz do Interior Baiano!","publisher":{"@id":"https:\/\/maetinganoticias.com\/#organization"},"potentialAction":[{"@type":"SearchAction","target":{"@type":"EntryPoint","urlTemplate":"https:\/\/maetinganoticias.com\/?s={search_term_string}"},"query-input":{"@type":"PropertyValueSpecification","valueRequired":true,"valueName":"search_term_string"}}],"inLanguage":"pt-BR"},{"@type":"Organization","@id":"https:\/\/maetinganoticias.com\/#organization","name":"Maetinga Not\u00edcias","url":"https:\/\/maetinganoticias.com\/","logo":{"@type":"ImageObject","inLanguage":"pt-BR","@id":"https:\/\/maetinganoticias.com\/#\/schema\/logo\/image\/","url":"https:\/\/maetinganoticias.com\/wp-content\/uploads\/2023\/07\/cropped-cropped-cropped-cropped-BUSINESS-3-42-1.png","contentUrl":"https:\/\/maetinganoticias.com\/wp-content\/uploads\/2023\/07\/cropped-cropped-cropped-cropped-BUSINESS-3-42-1.png","width":485,"height":109,"caption":"Maetinga Not\u00edcias"},"image":{"@id":"https:\/\/maetinganoticias.com\/#\/schema\/logo\/image\/"}},{"@type":"Person","@id":"https:\/\/maetinganoticias.com\/#\/schema\/person\/968cf95e67a6810fc7fb35bbc9016962","name":"Maetinga Not\u00edcias","image":{"@type":"ImageObject","inLanguage":"pt-BR","@id":"https:\/\/secure.gravatar.com\/avatar\/32e078313a5ca37a6c8d44e716ed4f9e87ecfde7222d2b88a1424bd49654f187?s=96&d=mm&r=g","url":"https:\/\/secure.gravatar.com\/avatar\/32e078313a5ca37a6c8d44e716ed4f9e87ecfde7222d2b88a1424bd49654f187?s=96&d=mm&r=g","contentUrl":"https:\/\/secure.gravatar.com\/avatar\/32e078313a5ca37a6c8d44e716ed4f9e87ecfde7222d2b88a1424bd49654f187?s=96&d=mm&r=g","caption":"Maetinga Not\u00edcias"},"description":"A voz do Interior Baiano!","sameAs":["https:\/\/maetinganoticias.com","https:\/\/www.instagram.com\/blogmaetinganoticias\/"],"url":"https:\/\/maetinganoticias.com\/index.php\/author\/carlosvianna13\/"}]}},"_links":{"self":[{"href":"https:\/\/maetinganoticias.com\/index.php\/wp-json\/wp\/v2\/posts\/2016","targetHints":{"allow":["GET"]}}],"collection":[{"href":"https:\/\/maetinganoticias.com\/index.php\/wp-json\/wp\/v2\/posts"}],"about":[{"href":"https:\/\/maetinganoticias.com\/index.php\/wp-json\/wp\/v2\/types\/post"}],"author":[{"embeddable":true,"href":"https:\/\/maetinganoticias.com\/index.php\/wp-json\/wp\/v2\/users\/1"}],"replies":[{"embeddable":true,"href":"https:\/\/maetinganoticias.com\/index.php\/wp-json\/wp\/v2\/comments?post=2016"}],"version-history":[{"count":1,"href":"https:\/\/maetinganoticias.com\/index.php\/wp-json\/wp\/v2\/posts\/2016\/revisions"}],"predecessor-version":[{"id":2018,"href":"https:\/\/maetinganoticias.com\/index.php\/wp-json\/wp\/v2\/posts\/2016\/revisions\/2018"}],"wp:featuredmedia":[{"embeddable":true,"href":"https:\/\/maetinganoticias.com\/index.php\/wp-json\/wp\/v2\/media\/2017"}],"wp:attachment":[{"href":"https:\/\/maetinganoticias.com\/index.php\/wp-json\/wp\/v2\/media?parent=2016"}],"wp:term":[{"taxonomy":"category","embeddable":true,"href":"https:\/\/maetinganoticias.com\/index.php\/wp-json\/wp\/v2\/categories?post=2016"},{"taxonomy":"post_tag","embeddable":true,"href":"https:\/\/maetinganoticias.com\/index.php\/wp-json\/wp\/v2\/tags?post=2016"}],"curies":[{"name":"wp","href":"https:\/\/api.w.org\/{rel}","templated":true}]}}