{"id":1811,"date":"2023-10-31T18:06:25","date_gmt":"2023-10-31T21:06:25","guid":{"rendered":"https:\/\/maetinganoticias.com\/?p=1811"},"modified":"2023-10-31T18:06:25","modified_gmt":"2023-10-31T21:06:25","slug":"bombeiros-e-brigadistas-se-unem-em-uma-acao-conjunta-para-combater-incendio-em-ituacu","status":"publish","type":"post","link":"https:\/\/maetinganoticias.com\/index.php\/2023\/10\/31\/bombeiros-e-brigadistas-se-unem-em-uma-acao-conjunta-para-combater-incendio-em-ituacu\/","title":{"rendered":"Bombeiros e brigadistas se unem em uma a\u00e7\u00e3o conjunta para combater  inc\u00eandio em Itua\u00e7u."},"content":{"rendered":"\n<p>Um grande inc\u00eandio consumiu grandes \u00e1reas de vegeta\u00e7\u00e3o em Itua\u00e7u, na Chapada Diamantina, atingindo cerca de 900 hectares.<\/p>\n\n\n\n<p>O fogo teve in\u00edcio em 26 de outubro e, at\u00e9 31 de outubro, equipes de bombeiros trabalharam incansavelmente at\u00e9 a madrugada dessa ter\u00e7a, no rescaldo, sem relatos de feridos.<\/p>\n\n\n\n<p>Cerca de 15 bombeiros e brigadistas locais uniram for\u00e7as para controlar as chamas, agravadas pela aridez, baixa umidade, sol forte e ventos persistentes.<\/p>\n\n\n\n<p>O fogo se aproximou perigosamente das planta\u00e7\u00f5es de caf\u00e9, representando uma amea\u00e7a adicional.<\/p>\n\n\n\n<p>Nessa ter\u00e7a-feira, duas aeronaves refor\u00e7aram os recursos de combate ao inc\u00eandio, aumentando as chances de sucesso.<\/p>\n\n\n\n<p>O prefeito de Itua\u00e7u, Phellipe Brito, agradeceu o apoio, destacando a assist\u00eancia do Capit\u00e3o Sert\u00e3o, Major Eric e militares, bem como o esfor\u00e7o das brigadas locais e regionais.<\/p>\n\n\n\n<p>Desde quinta-feira passada, brigadistas e bombeiros, com o apoio log\u00edstico da prefeitura de Itua\u00e7u, se uniram na defesa da natureza, das planta\u00e7\u00f5es e das propriedades.<\/p>\n\n\n\n<p>O prefeito expressou confian\u00e7a na vit\u00f3ria conjunta, agradecendo calorosamente a todos os envolvidos.<\/p>\n","protected":false},"excerpt":{"rendered":"<p>Um grande inc\u00eandio consumiu grandes \u00e1reas de vegeta\u00e7\u00e3o em Itua\u00e7u, na Chapada Diamantina, atingindo cerca de 900 hectares. O fogo teve in\u00edcio em 26 de outubro e, at\u00e9 31 de outubro, equipes de bombeiros trabalharam incansavelmente at\u00e9 a madrugada dessa ter\u00e7a, no rescaldo, sem relatos de feridos. Cerca de 15 bombeiros e brigadistas locais uniram [&hellip;]<\/p>\n","protected":false},"author":1,"featured_media":1812,"comment_status":"open","ping_status":"open","sticky":false,"template":"","format":"standard","meta":{"om_disable_all_campaigns":false,"_monsterinsights_skip_tracking":false,"_monsterinsights_sitenote_active":false,"_monsterinsights_sitenote_note":"","_monsterinsights_sitenote_category":0,"_uf_show_specific_survey":0,"_uf_disable_surveys":false,"footnotes":""},"categories":[9],"tags":[81,212,370,76],"class_list":{"0":"post-1811","1":"post","2":"type-post","3":"status-publish","4":"format-standard","5":"has-post-thumbnail","7":"category-ituacu","8":"tag-bahia","9":"tag-chapada-diamantina","10":"tag-incendio","11":"tag-ituacu"},"yoast_head":"<!-- This site is optimized with the Yoast SEO plugin v27.5 - https:\/\/yoast.com\/product\/yoast-seo-wordpress\/ -->\n<title>Bombeiros e brigadistas se unem em uma a\u00e7\u00e3o conjunta para combater inc\u00eandio em Itua\u00e7u. - Maetinga Not\u00edcias<\/title>\n<meta name=\"robots\" content=\"index, follow, max-snippet:-1, max-image-preview:large, max-video-preview:-1\" \/>\n<link rel=\"canonical\" href=\"https:\/\/maetinganoticias.com\/index.php\/2023\/10\/31\/bombeiros-e-brigadistas-se-unem-em-uma-acao-conjunta-para-combater-incendio-em-ituacu\/\" \/>\n<meta property=\"og:locale\" content=\"pt_BR\" \/>\n<meta property=\"og:type\" content=\"article\" \/>\n<meta property=\"og:title\" content=\"Bombeiros e brigadistas se unem em uma a\u00e7\u00e3o conjunta para combater inc\u00eandio em Itua\u00e7u. - Maetinga Not\u00edcias\" \/>\n<meta property=\"og:description\" content=\"Um grande inc\u00eandio consumiu grandes \u00e1reas de vegeta\u00e7\u00e3o em Itua\u00e7u, na Chapada Diamantina, atingindo cerca de 900 hectares. O fogo teve in\u00edcio em 26 de outubro e, at\u00e9 31 de outubro, equipes de bombeiros trabalharam incansavelmente at\u00e9 a madrugada dessa ter\u00e7a, no rescaldo, sem relatos de feridos. Cerca de 15 bombeiros e brigadistas locais uniram [&hellip;]\" \/>\n<meta property=\"og:url\" content=\"https:\/\/maetinganoticias.com\/index.php\/2023\/10\/31\/bombeiros-e-brigadistas-se-unem-em-uma-acao-conjunta-para-combater-incendio-em-ituacu\/\" \/>\n<meta property=\"og:site_name\" content=\"Maetinga Not\u00edcias\" \/>\n<meta property=\"article:published_time\" content=\"2023-10-31T21:06:25+00:00\" \/>\n<meta property=\"og:image\" content=\"https:\/\/maetinganoticias.com\/wp-content\/uploads\/2023\/10\/BombeirosebrigadistasseunememumaacaoconjuntaparacombateroincendioemItuacu.UmgrandeincendioconsumiuvastasareasdevegetacaoemItuacunaChapadaDiamantinaabrangendo900hectares.Ofogotevei.jpg\" \/>\n\t<meta property=\"og:image:width\" content=\"1025\" \/>\n\t<meta property=\"og:image:height\" content=\"603\" \/>\n\t<meta property=\"og:image:type\" content=\"image\/jpeg\" \/>\n<meta name=\"author\" content=\"Maetinga Not\u00edcias\" \/>\n<meta name=\"twitter:card\" content=\"summary_large_image\" \/>\n<meta name=\"twitter:label1\" content=\"Escrito por\" \/>\n\t<meta name=\"twitter:data1\" content=\"Maetinga Not\u00edcias\" \/>\n\t<meta name=\"twitter:label2\" content=\"Est. tempo de leitura\" \/>\n\t<meta name=\"twitter:data2\" content=\"1 minuto\" \/>\n<script type=\"application\/ld+json\" class=\"yoast-schema-graph\">{\"@context\":\"https:\\\/\\\/schema.org\",\"@graph\":[{\"@type\":[\"Article\",\"BlogPosting\"],\"@id\":\"https:\\\/\\\/maetinganoticias.com\\\/index.php\\\/2023\\\/10\\\/31\\\/bombeiros-e-brigadistas-se-unem-em-uma-acao-conjunta-para-combater-incendio-em-ituacu\\\/#article\",\"isPartOf\":{\"@id\":\"https:\\\/\\\/maetinganoticias.com\\\/index.php\\\/2023\\\/10\\\/31\\\/bombeiros-e-brigadistas-se-unem-em-uma-acao-conjunta-para-combater-incendio-em-ituacu\\\/\"},\"author\":{\"name\":\"Maetinga Not\u00edcias\",\"@id\":\"https:\\\/\\\/maetinganoticias.com\\\/#\\\/schema\\\/person\\\/968cf95e67a6810fc7fb35bbc9016962\"},\"headline\":\"Bombeiros e brigadistas se unem em uma a\u00e7\u00e3o conjunta para combater inc\u00eandio em Itua\u00e7u.\",\"datePublished\":\"2023-10-31T21:06:25+00:00\",\"mainEntityOfPage\":{\"@id\":\"https:\\\/\\\/maetinganoticias.com\\\/index.php\\\/2023\\\/10\\\/31\\\/bombeiros-e-brigadistas-se-unem-em-uma-acao-conjunta-para-combater-incendio-em-ituacu\\\/\"},\"wordCount\":199,\"commentCount\":0,\"publisher\":{\"@id\":\"https:\\\/\\\/maetinganoticias.com\\\/#organization\"},\"image\":{\"@id\":\"https:\\\/\\\/maetinganoticias.com\\\/index.php\\\/2023\\\/10\\\/31\\\/bombeiros-e-brigadistas-se-unem-em-uma-acao-conjunta-para-combater-incendio-em-ituacu\\\/#primaryimage\"},\"thumbnailUrl\":\"https:\\\/\\\/maetinganoticias.com\\\/wp-content\\\/uploads\\\/2023\\\/10\\\/BombeirosebrigadistasseunememumaacaoconjuntaparacombateroincendioemItuacu.UmgrandeincendioconsumiuvastasareasdevegetacaoemItuacunaChapadaDiamantinaabrangendo900hectares.Ofogotevei.jpg\",\"keywords\":[\"BAHIA\",\"CHAPADA DIAMANTINA\",\"INC\u00caNDIO\",\"ITUA\u00c7U\"],\"articleSection\":[\"Itua\u00e7u\"],\"inLanguage\":\"pt-BR\",\"potentialAction\":[{\"@type\":\"CommentAction\",\"name\":\"Comment\",\"target\":[\"https:\\\/\\\/maetinganoticias.com\\\/index.php\\\/2023\\\/10\\\/31\\\/bombeiros-e-brigadistas-se-unem-em-uma-acao-conjunta-para-combater-incendio-em-ituacu\\\/#respond\"]}]},{\"@type\":\"WebPage\",\"@id\":\"https:\\\/\\\/maetinganoticias.com\\\/index.php\\\/2023\\\/10\\\/31\\\/bombeiros-e-brigadistas-se-unem-em-uma-acao-conjunta-para-combater-incendio-em-ituacu\\\/\",\"url\":\"https:\\\/\\\/maetinganoticias.com\\\/index.php\\\/2023\\\/10\\\/31\\\/bombeiros-e-brigadistas-se-unem-em-uma-acao-conjunta-para-combater-incendio-em-ituacu\\\/\",\"name\":\"Bombeiros e brigadistas se unem em uma a\u00e7\u00e3o conjunta para combater inc\u00eandio em Itua\u00e7u. - Maetinga Not\u00edcias\",\"isPartOf\":{\"@id\":\"https:\\\/\\\/maetinganoticias.com\\\/#website\"},\"primaryImageOfPage\":{\"@id\":\"https:\\\/\\\/maetinganoticias.com\\\/index.php\\\/2023\\\/10\\\/31\\\/bombeiros-e-brigadistas-se-unem-em-uma-acao-conjunta-para-combater-incendio-em-ituacu\\\/#primaryimage\"},\"image\":{\"@id\":\"https:\\\/\\\/maetinganoticias.com\\\/index.php\\\/2023\\\/10\\\/31\\\/bombeiros-e-brigadistas-se-unem-em-uma-acao-conjunta-para-combater-incendio-em-ituacu\\\/#primaryimage\"},\"thumbnailUrl\":\"https:\\\/\\\/maetinganoticias.com\\\/wp-content\\\/uploads\\\/2023\\\/10\\\/BombeirosebrigadistasseunememumaacaoconjuntaparacombateroincendioemItuacu.UmgrandeincendioconsumiuvastasareasdevegetacaoemItuacunaChapadaDiamantinaabrangendo900hectares.Ofogotevei.jpg\",\"datePublished\":\"2023-10-31T21:06:25+00:00\",\"breadcrumb\":{\"@id\":\"https:\\\/\\\/maetinganoticias.com\\\/index.php\\\/2023\\\/10\\\/31\\\/bombeiros-e-brigadistas-se-unem-em-uma-acao-conjunta-para-combater-incendio-em-ituacu\\\/#breadcrumb\"},\"inLanguage\":\"pt-BR\",\"potentialAction\":[{\"@type\":\"ReadAction\",\"target\":[\"https:\\\/\\\/maetinganoticias.com\\\/index.php\\\/2023\\\/10\\\/31\\\/bombeiros-e-brigadistas-se-unem-em-uma-acao-conjunta-para-combater-incendio-em-ituacu\\\/\"]}]},{\"@type\":\"ImageObject\",\"inLanguage\":\"pt-BR\",\"@id\":\"https:\\\/\\\/maetinganoticias.com\\\/index.php\\\/2023\\\/10\\\/31\\\/bombeiros-e-brigadistas-se-unem-em-uma-acao-conjunta-para-combater-incendio-em-ituacu\\\/#primaryimage\",\"url\":\"https:\\\/\\\/maetinganoticias.com\\\/wp-content\\\/uploads\\\/2023\\\/10\\\/BombeirosebrigadistasseunememumaacaoconjuntaparacombateroincendioemItuacu.UmgrandeincendioconsumiuvastasareasdevegetacaoemItuacunaChapadaDiamantinaabrangendo900hectares.Ofogotevei.jpg\",\"contentUrl\":\"https:\\\/\\\/maetinganoticias.com\\\/wp-content\\\/uploads\\\/2023\\\/10\\\/BombeirosebrigadistasseunememumaacaoconjuntaparacombateroincendioemItuacu.UmgrandeincendioconsumiuvastasareasdevegetacaoemItuacunaChapadaDiamantinaabrangendo900hectares.Ofogotevei.jpg\",\"width\":1025,\"height\":603},{\"@type\":\"BreadcrumbList\",\"@id\":\"https:\\\/\\\/maetinganoticias.com\\\/index.php\\\/2023\\\/10\\\/31\\\/bombeiros-e-brigadistas-se-unem-em-uma-acao-conjunta-para-combater-incendio-em-ituacu\\\/#breadcrumb\",\"itemListElement\":[{\"@type\":\"ListItem\",\"position\":1,\"name\":\"In\u00edcio\",\"item\":\"https:\\\/\\\/maetinganoticias.com\\\/\"},{\"@type\":\"ListItem\",\"position\":2,\"name\":\"Bombeiros e brigadistas se unem em uma a\u00e7\u00e3o conjunta para combater inc\u00eandio em Itua\u00e7u.\"}]},{\"@type\":\"WebSite\",\"@id\":\"https:\\\/\\\/maetinganoticias.com\\\/#website\",\"url\":\"https:\\\/\\\/maetinganoticias.com\\\/\",\"name\":\"Maetinga Not\u00edcias\",\"description\":\"A Voz do Interior Baiano!\",\"publisher\":{\"@id\":\"https:\\\/\\\/maetinganoticias.com\\\/#organization\"},\"potentialAction\":[{\"@type\":\"SearchAction\",\"target\":{\"@type\":\"EntryPoint\",\"urlTemplate\":\"https:\\\/\\\/maetinganoticias.com\\\/?s={search_term_string}\"},\"query-input\":{\"@type\":\"PropertyValueSpecification\",\"valueRequired\":true,\"valueName\":\"search_term_string\"}}],\"inLanguage\":\"pt-BR\"},{\"@type\":\"Organization\",\"@id\":\"https:\\\/\\\/maetinganoticias.com\\\/#organization\",\"name\":\"Maetinga Not\u00edcias\",\"url\":\"https:\\\/\\\/maetinganoticias.com\\\/\",\"logo\":{\"@type\":\"ImageObject\",\"inLanguage\":\"pt-BR\",\"@id\":\"https:\\\/\\\/maetinganoticias.com\\\/#\\\/schema\\\/logo\\\/image\\\/\",\"url\":\"https:\\\/\\\/maetinganoticias.com\\\/wp-content\\\/uploads\\\/2023\\\/07\\\/cropped-cropped-cropped-cropped-BUSINESS-3-42-1.png\",\"contentUrl\":\"https:\\\/\\\/maetinganoticias.com\\\/wp-content\\\/uploads\\\/2023\\\/07\\\/cropped-cropped-cropped-cropped-BUSINESS-3-42-1.png\",\"width\":485,\"height\":109,\"caption\":\"Maetinga Not\u00edcias\"},\"image\":{\"@id\":\"https:\\\/\\\/maetinganoticias.com\\\/#\\\/schema\\\/logo\\\/image\\\/\"}},{\"@type\":\"Person\",\"@id\":\"https:\\\/\\\/maetinganoticias.com\\\/#\\\/schema\\\/person\\\/968cf95e67a6810fc7fb35bbc9016962\",\"name\":\"Maetinga Not\u00edcias\",\"image\":{\"@type\":\"ImageObject\",\"inLanguage\":\"pt-BR\",\"@id\":\"https:\\\/\\\/secure.gravatar.com\\\/avatar\\\/32e078313a5ca37a6c8d44e716ed4f9e87ecfde7222d2b88a1424bd49654f187?s=96&d=mm&r=g\",\"url\":\"https:\\\/\\\/secure.gravatar.com\\\/avatar\\\/32e078313a5ca37a6c8d44e716ed4f9e87ecfde7222d2b88a1424bd49654f187?s=96&d=mm&r=g\",\"contentUrl\":\"https:\\\/\\\/secure.gravatar.com\\\/avatar\\\/32e078313a5ca37a6c8d44e716ed4f9e87ecfde7222d2b88a1424bd49654f187?s=96&d=mm&r=g\",\"caption\":\"Maetinga Not\u00edcias\"},\"description\":\"A voz do Interior Baiano!\",\"sameAs\":[\"https:\\\/\\\/maetinganoticias.com\",\"https:\\\/\\\/www.instagram.com\\\/blogmaetinganoticias\\\/\"],\"url\":\"https:\\\/\\\/maetinganoticias.com\\\/index.php\\\/author\\\/carlosvianna13\\\/\"}]}<\/script>\n<!-- \/ Yoast SEO plugin. -->","yoast_head_json":{"title":"Bombeiros e brigadistas se unem em uma a\u00e7\u00e3o conjunta para combater inc\u00eandio em Itua\u00e7u. - Maetinga Not\u00edcias","robots":{"index":"index","follow":"follow","max-snippet":"max-snippet:-1","max-image-preview":"max-image-preview:large","max-video-preview":"max-video-preview:-1"},"canonical":"https:\/\/maetinganoticias.com\/index.php\/2023\/10\/31\/bombeiros-e-brigadistas-se-unem-em-uma-acao-conjunta-para-combater-incendio-em-ituacu\/","og_locale":"pt_BR","og_type":"article","og_title":"Bombeiros e brigadistas se unem em uma a\u00e7\u00e3o conjunta para combater inc\u00eandio em Itua\u00e7u. - Maetinga Not\u00edcias","og_description":"Um grande inc\u00eandio consumiu grandes \u00e1reas de vegeta\u00e7\u00e3o em Itua\u00e7u, na Chapada Diamantina, atingindo cerca de 900 hectares. O fogo teve in\u00edcio em 26 de outubro e, at\u00e9 31 de outubro, equipes de bombeiros trabalharam incansavelmente at\u00e9 a madrugada dessa ter\u00e7a, no rescaldo, sem relatos de feridos. Cerca de 15 bombeiros e brigadistas locais uniram [&hellip;]","og_url":"https:\/\/maetinganoticias.com\/index.php\/2023\/10\/31\/bombeiros-e-brigadistas-se-unem-em-uma-acao-conjunta-para-combater-incendio-em-ituacu\/","og_site_name":"Maetinga Not\u00edcias","article_published_time":"2023-10-31T21:06:25+00:00","og_image":[{"width":1025,"height":603,"url":"https:\/\/maetinganoticias.com\/wp-content\/uploads\/2023\/10\/BombeirosebrigadistasseunememumaacaoconjuntaparacombateroincendioemItuacu.UmgrandeincendioconsumiuvastasareasdevegetacaoemItuacunaChapadaDiamantinaabrangendo900hectares.Ofogotevei.jpg","type":"image\/jpeg"}],"author":"Maetinga Not\u00edcias","twitter_card":"summary_large_image","twitter_misc":{"Escrito por":"Maetinga Not\u00edcias","Est. tempo de leitura":"1 minuto"},"schema":{"@context":"https:\/\/schema.org","@graph":[{"@type":["Article","BlogPosting"],"@id":"https:\/\/maetinganoticias.com\/index.php\/2023\/10\/31\/bombeiros-e-brigadistas-se-unem-em-uma-acao-conjunta-para-combater-incendio-em-ituacu\/#article","isPartOf":{"@id":"https:\/\/maetinganoticias.com\/index.php\/2023\/10\/31\/bombeiros-e-brigadistas-se-unem-em-uma-acao-conjunta-para-combater-incendio-em-ituacu\/"},"author":{"name":"Maetinga Not\u00edcias","@id":"https:\/\/maetinganoticias.com\/#\/schema\/person\/968cf95e67a6810fc7fb35bbc9016962"},"headline":"Bombeiros e brigadistas se unem em uma a\u00e7\u00e3o conjunta para combater inc\u00eandio em Itua\u00e7u.","datePublished":"2023-10-31T21:06:25+00:00","mainEntityOfPage":{"@id":"https:\/\/maetinganoticias.com\/index.php\/2023\/10\/31\/bombeiros-e-brigadistas-se-unem-em-uma-acao-conjunta-para-combater-incendio-em-ituacu\/"},"wordCount":199,"commentCount":0,"publisher":{"@id":"https:\/\/maetinganoticias.com\/#organization"},"image":{"@id":"https:\/\/maetinganoticias.com\/index.php\/2023\/10\/31\/bombeiros-e-brigadistas-se-unem-em-uma-acao-conjunta-para-combater-incendio-em-ituacu\/#primaryimage"},"thumbnailUrl":"https:\/\/maetinganoticias.com\/wp-content\/uploads\/2023\/10\/BombeirosebrigadistasseunememumaacaoconjuntaparacombateroincendioemItuacu.UmgrandeincendioconsumiuvastasareasdevegetacaoemItuacunaChapadaDiamantinaabrangendo900hectares.Ofogotevei.jpg","keywords":["BAHIA","CHAPADA DIAMANTINA","INC\u00caNDIO","ITUA\u00c7U"],"articleSection":["Itua\u00e7u"],"inLanguage":"pt-BR","potentialAction":[{"@type":"CommentAction","name":"Comment","target":["https:\/\/maetinganoticias.com\/index.php\/2023\/10\/31\/bombeiros-e-brigadistas-se-unem-em-uma-acao-conjunta-para-combater-incendio-em-ituacu\/#respond"]}]},{"@type":"WebPage","@id":"https:\/\/maetinganoticias.com\/index.php\/2023\/10\/31\/bombeiros-e-brigadistas-se-unem-em-uma-acao-conjunta-para-combater-incendio-em-ituacu\/","url":"https:\/\/maetinganoticias.com\/index.php\/2023\/10\/31\/bombeiros-e-brigadistas-se-unem-em-uma-acao-conjunta-para-combater-incendio-em-ituacu\/","name":"Bombeiros e brigadistas se unem em uma a\u00e7\u00e3o conjunta para combater inc\u00eandio em Itua\u00e7u. - Maetinga Not\u00edcias","isPartOf":{"@id":"https:\/\/maetinganoticias.com\/#website"},"primaryImageOfPage":{"@id":"https:\/\/maetinganoticias.com\/index.php\/2023\/10\/31\/bombeiros-e-brigadistas-se-unem-em-uma-acao-conjunta-para-combater-incendio-em-ituacu\/#primaryimage"},"image":{"@id":"https:\/\/maetinganoticias.com\/index.php\/2023\/10\/31\/bombeiros-e-brigadistas-se-unem-em-uma-acao-conjunta-para-combater-incendio-em-ituacu\/#primaryimage"},"thumbnailUrl":"https:\/\/maetinganoticias.com\/wp-content\/uploads\/2023\/10\/BombeirosebrigadistasseunememumaacaoconjuntaparacombateroincendioemItuacu.UmgrandeincendioconsumiuvastasareasdevegetacaoemItuacunaChapadaDiamantinaabrangendo900hectares.Ofogotevei.jpg","datePublished":"2023-10-31T21:06:25+00:00","breadcrumb":{"@id":"https:\/\/maetinganoticias.com\/index.php\/2023\/10\/31\/bombeiros-e-brigadistas-se-unem-em-uma-acao-conjunta-para-combater-incendio-em-ituacu\/#breadcrumb"},"inLanguage":"pt-BR","potentialAction":[{"@type":"ReadAction","target":["https:\/\/maetinganoticias.com\/index.php\/2023\/10\/31\/bombeiros-e-brigadistas-se-unem-em-uma-acao-conjunta-para-combater-incendio-em-ituacu\/"]}]},{"@type":"ImageObject","inLanguage":"pt-BR","@id":"https:\/\/maetinganoticias.com\/index.php\/2023\/10\/31\/bombeiros-e-brigadistas-se-unem-em-uma-acao-conjunta-para-combater-incendio-em-ituacu\/#primaryimage","url":"https:\/\/maetinganoticias.com\/wp-content\/uploads\/2023\/10\/BombeirosebrigadistasseunememumaacaoconjuntaparacombateroincendioemItuacu.UmgrandeincendioconsumiuvastasareasdevegetacaoemItuacunaChapadaDiamantinaabrangendo900hectares.Ofogotevei.jpg","contentUrl":"https:\/\/maetinganoticias.com\/wp-content\/uploads\/2023\/10\/BombeirosebrigadistasseunememumaacaoconjuntaparacombateroincendioemItuacu.UmgrandeincendioconsumiuvastasareasdevegetacaoemItuacunaChapadaDiamantinaabrangendo900hectares.Ofogotevei.jpg","width":1025,"height":603},{"@type":"BreadcrumbList","@id":"https:\/\/maetinganoticias.com\/index.php\/2023\/10\/31\/bombeiros-e-brigadistas-se-unem-em-uma-acao-conjunta-para-combater-incendio-em-ituacu\/#breadcrumb","itemListElement":[{"@type":"ListItem","position":1,"name":"In\u00edcio","item":"https:\/\/maetinganoticias.com\/"},{"@type":"ListItem","position":2,"name":"Bombeiros e brigadistas se unem em uma a\u00e7\u00e3o conjunta para combater inc\u00eandio em Itua\u00e7u."}]},{"@type":"WebSite","@id":"https:\/\/maetinganoticias.com\/#website","url":"https:\/\/maetinganoticias.com\/","name":"Maetinga Not\u00edcias","description":"A Voz do Interior Baiano!","publisher":{"@id":"https:\/\/maetinganoticias.com\/#organization"},"potentialAction":[{"@type":"SearchAction","target":{"@type":"EntryPoint","urlTemplate":"https:\/\/maetinganoticias.com\/?s={search_term_string}"},"query-input":{"@type":"PropertyValueSpecification","valueRequired":true,"valueName":"search_term_string"}}],"inLanguage":"pt-BR"},{"@type":"Organization","@id":"https:\/\/maetinganoticias.com\/#organization","name":"Maetinga Not\u00edcias","url":"https:\/\/maetinganoticias.com\/","logo":{"@type":"ImageObject","inLanguage":"pt-BR","@id":"https:\/\/maetinganoticias.com\/#\/schema\/logo\/image\/","url":"https:\/\/maetinganoticias.com\/wp-content\/uploads\/2023\/07\/cropped-cropped-cropped-cropped-BUSINESS-3-42-1.png","contentUrl":"https:\/\/maetinganoticias.com\/wp-content\/uploads\/2023\/07\/cropped-cropped-cropped-cropped-BUSINESS-3-42-1.png","width":485,"height":109,"caption":"Maetinga Not\u00edcias"},"image":{"@id":"https:\/\/maetinganoticias.com\/#\/schema\/logo\/image\/"}},{"@type":"Person","@id":"https:\/\/maetinganoticias.com\/#\/schema\/person\/968cf95e67a6810fc7fb35bbc9016962","name":"Maetinga Not\u00edcias","image":{"@type":"ImageObject","inLanguage":"pt-BR","@id":"https:\/\/secure.gravatar.com\/avatar\/32e078313a5ca37a6c8d44e716ed4f9e87ecfde7222d2b88a1424bd49654f187?s=96&d=mm&r=g","url":"https:\/\/secure.gravatar.com\/avatar\/32e078313a5ca37a6c8d44e716ed4f9e87ecfde7222d2b88a1424bd49654f187?s=96&d=mm&r=g","contentUrl":"https:\/\/secure.gravatar.com\/avatar\/32e078313a5ca37a6c8d44e716ed4f9e87ecfde7222d2b88a1424bd49654f187?s=96&d=mm&r=g","caption":"Maetinga Not\u00edcias"},"description":"A voz do Interior Baiano!","sameAs":["https:\/\/maetinganoticias.com","https:\/\/www.instagram.com\/blogmaetinganoticias\/"],"url":"https:\/\/maetinganoticias.com\/index.php\/author\/carlosvianna13\/"}]}},"_links":{"self":[{"href":"https:\/\/maetinganoticias.com\/index.php\/wp-json\/wp\/v2\/posts\/1811","targetHints":{"allow":["GET"]}}],"collection":[{"href":"https:\/\/maetinganoticias.com\/index.php\/wp-json\/wp\/v2\/posts"}],"about":[{"href":"https:\/\/maetinganoticias.com\/index.php\/wp-json\/wp\/v2\/types\/post"}],"author":[{"embeddable":true,"href":"https:\/\/maetinganoticias.com\/index.php\/wp-json\/wp\/v2\/users\/1"}],"replies":[{"embeddable":true,"href":"https:\/\/maetinganoticias.com\/index.php\/wp-json\/wp\/v2\/comments?post=1811"}],"version-history":[{"count":1,"href":"https:\/\/maetinganoticias.com\/index.php\/wp-json\/wp\/v2\/posts\/1811\/revisions"}],"predecessor-version":[{"id":1813,"href":"https:\/\/maetinganoticias.com\/index.php\/wp-json\/wp\/v2\/posts\/1811\/revisions\/1813"}],"wp:featuredmedia":[{"embeddable":true,"href":"https:\/\/maetinganoticias.com\/index.php\/wp-json\/wp\/v2\/media\/1812"}],"wp:attachment":[{"href":"https:\/\/maetinganoticias.com\/index.php\/wp-json\/wp\/v2\/media?parent=1811"}],"wp:term":[{"taxonomy":"category","embeddable":true,"href":"https:\/\/maetinganoticias.com\/index.php\/wp-json\/wp\/v2\/categories?post=1811"},{"taxonomy":"post_tag","embeddable":true,"href":"https:\/\/maetinganoticias.com\/index.php\/wp-json\/wp\/v2\/tags?post=1811"}],"curies":[{"name":"wp","href":"https:\/\/api.w.org\/{rel}","templated":true}]}}