{"id":1722,"date":"2023-10-20T19:07:58","date_gmt":"2023-10-20T22:07:58","guid":{"rendered":"https:\/\/maetinganoticias.com\/?p=1722"},"modified":"2023-10-20T19:07:59","modified_gmt":"2023-10-20T22:07:59","slug":"bolsa-familia-completa-20-anos-alcancando-2145-milhoes-de-familias","status":"publish","type":"post","link":"https:\/\/maetinganoticias.com\/index.php\/2023\/10\/20\/bolsa-familia-completa-20-anos-alcancando-2145-milhoes-de-familias\/","title":{"rendered":"Bolsa Fam\u00edlia completa 20 anos alcan\u00e7ando 21,45 milh\u00f5es de fam\u00edlias"},"content":{"rendered":"\n<p>\u201cUm dia eu precisei do Bolsa Fam\u00edlia e hoje n\u00e3o preciso mais\u201d, disse a psic\u00f3loga Raquel Lima Clemente, ex-benefici\u00e1ria do programa social. Em cerim\u00f4nia de celebra\u00e7\u00e3o dos 20 anos do Bolsa Fam\u00edlia, nesta sexta-feira (20), a moradora do Esp\u00edrito Santo contou como a educa\u00e7\u00e3o e a renda garantida pelo programa mudou a vida da sua fam\u00edlia.\u00a0\u201cSou psic\u00f3loga formada pela Universidade Federal do Esp\u00edrito Santo, mas nem sempre foi assim. Quando eu tinha 10, 12 anos eu precisei trabalhar em casa de fam\u00edlia para ajudar minha m\u00e3e, ajudar meus pais com verba e eu n\u00e3o tive oportunidade de estudar\u201d, disse, explicando que, \u201cnos atropelos\u201d, chegou ao ensino m\u00e9dio, mas precisou parar os estudos. <\/p>\n\n\n\n<p>Em 2010, voltou para a sala de aula e em 2018, concluiu o curso superior. O Bolsa Fam\u00edlia entrou na vida dela antes disso, quando tinha tr\u00eas dos seus quatro filhos ainda pequenos, o marido desempregado e a fam\u00edlia em dificuldade financeira. \u201cEu pensei comigo: eu n\u00e3o posso cometer com eles a injusti\u00e7a que eu achei que foi cometida comigo. Eu n\u00e3o posso pegar eles e colocar para trabalhar. Eu tenho que priorizar a educa\u00e7\u00e3o\u201d, relembra. \u00a0\u201cEu fui contemplada com Bolsa Fam\u00edlia, ent\u00e3o eu n\u00e3o precisei pegar o tempo da tarde deles e colocar para trabalhar. Eles podiam no tempo da tarde ser crian\u00e7a, porque crian\u00e7a precisa brincar na rua, subir em p\u00e9 de \u00e1rvore e outras coisas. Eles podiam fazer os trabalhos. Estudar para as provas\u201d, disse, explicando que priorizava a compra de material escolar com o benef\u00edcio.<\/p>\n\n\n\n<p>A cerim\u00f4nia&nbsp;foi realizada no Minist\u00e9rio do Desenvolvimento e Assist\u00eancia Social, Fam\u00edlia e Combate \u00e0 Fome (MDS) e teve participa\u00e7\u00e3o, por videoconfer\u00eancia, do presidente Luiz In\u00e1cio Lula da Silva, que se&nbsp;<a href=\"https:\/\/agenciabrasil.ebc.com.br\/geral\/noticia\/2023-09\/cirurgia-no-quadril-e-bem-sucedida-e-lula-se-recupera-em-hospital\" target=\"_blank\" rel=\"noreferrer noopener\">recupera de cirurgia<\/a>&nbsp;na resid\u00eancia oficial, no Pal\u00e1cio da Alvorada.&nbsp;<\/p>\n\n\n\n<p>O programa de transfer\u00eancia de renda foi criado em 20 de outubro de 2003, no primeiro mandato do presidente Lula. Coordenado pelo Minist\u00e9rio do Desenvolvimento e Assist\u00eancia Social, Fam\u00edlia e Combate \u00e0 Fome (MDS), o Bolsa Fam\u00edlia busca integrar pol\u00edticas p\u00fablicas, facilitando o acesso das fam\u00edlias a direitos b\u00e1sicos como sa\u00fade, educa\u00e7\u00e3o e assist\u00eancia social.\u00a0<\/p>\n\n\n\n<p>FONTE: AG\u00caNCIA BRASIL<\/p>\n","protected":false},"excerpt":{"rendered":"<p>\u201cUm dia eu precisei do Bolsa Fam\u00edlia e hoje n\u00e3o preciso mais\u201d, disse a psic\u00f3loga Raquel Lima Clemente, ex-benefici\u00e1ria do programa social. Em cerim\u00f4nia de celebra\u00e7\u00e3o dos 20 anos do Bolsa Fam\u00edlia, nesta sexta-feira (20), a moradora do Esp\u00edrito Santo contou como a educa\u00e7\u00e3o e a renda garantida pelo programa mudou a vida da sua [&hellip;]<\/p>\n","protected":false},"author":1,"featured_media":1723,"comment_status":"open","ping_status":"open","sticky":false,"template":"","format":"standard","meta":{"om_disable_all_campaigns":false,"_monsterinsights_skip_tracking":false,"_monsterinsights_sitenote_active":false,"_monsterinsights_sitenote_note":"","_monsterinsights_sitenote_category":0,"_uf_show_specific_survey":0,"_uf_disable_surveys":false,"footnotes":""},"categories":[29],"tags":[333,332,331,164,156],"class_list":{"0":"post-1722","1":"post","2":"type-post","3":"status-publish","4":"format-standard","5":"has-post-thumbnail","7":"category-brasil","8":"tag-20-anos","9":"tag-beneficio-social","10":"tag-bolsa-familia","11":"tag-brasil","12":"tag-governo-federal"},"yoast_head":"<!-- This site is optimized with the Yoast SEO plugin v27.5 - https:\/\/yoast.com\/product\/yoast-seo-wordpress\/ -->\n<title>Bolsa Fam\u00edlia completa 20 anos alcan\u00e7ando 21,45 milh\u00f5es de fam\u00edlias - Maetinga Not\u00edcias<\/title>\n<meta name=\"robots\" content=\"index, follow, max-snippet:-1, max-image-preview:large, max-video-preview:-1\" \/>\n<link rel=\"canonical\" href=\"https:\/\/maetinganoticias.com\/index.php\/2023\/10\/20\/bolsa-familia-completa-20-anos-alcancando-2145-milhoes-de-familias\/\" \/>\n<meta property=\"og:locale\" content=\"pt_BR\" \/>\n<meta property=\"og:type\" content=\"article\" \/>\n<meta property=\"og:title\" content=\"Bolsa Fam\u00edlia completa 20 anos alcan\u00e7ando 21,45 milh\u00f5es de fam\u00edlias - Maetinga Not\u00edcias\" \/>\n<meta property=\"og:description\" content=\"\u201cUm dia eu precisei do Bolsa Fam\u00edlia e hoje n\u00e3o preciso mais\u201d, disse a psic\u00f3loga Raquel Lima Clemente, ex-benefici\u00e1ria do programa social. Em cerim\u00f4nia de celebra\u00e7\u00e3o dos 20 anos do Bolsa Fam\u00edlia, nesta sexta-feira (20), a moradora do Esp\u00edrito Santo contou como a educa\u00e7\u00e3o e a renda garantida pelo programa mudou a vida da sua [&hellip;]\" \/>\n<meta property=\"og:url\" content=\"https:\/\/maetinganoticias.com\/index.php\/2023\/10\/20\/bolsa-familia-completa-20-anos-alcancando-2145-milhoes-de-familias\/\" \/>\n<meta property=\"og:site_name\" content=\"Maetinga Not\u00edcias\" \/>\n<meta property=\"article:published_time\" content=\"2023-10-20T22:07:58+00:00\" \/>\n<meta property=\"article:modified_time\" content=\"2023-10-20T22:07:59+00:00\" \/>\n<meta property=\"og:image\" content=\"https:\/\/maetinganoticias.com\/wp-content\/uploads\/2023\/10\/0857-agora-sudoeste-f4a584ba-18a1-4d4d-b683-7a4acf675069.webp\" \/>\n\t<meta property=\"og:image:width\" content=\"1000\" \/>\n\t<meta property=\"og:image:height\" content=\"598\" \/>\n\t<meta property=\"og:image:type\" content=\"image\/webp\" \/>\n<meta name=\"author\" content=\"Maetinga Not\u00edcias\" \/>\n<meta name=\"twitter:card\" content=\"summary_large_image\" \/>\n<meta name=\"twitter:label1\" content=\"Escrito por\" \/>\n\t<meta name=\"twitter:data1\" content=\"Maetinga Not\u00edcias\" \/>\n\t<meta name=\"twitter:label2\" content=\"Est. tempo de leitura\" \/>\n\t<meta name=\"twitter:data2\" content=\"2 minutos\" \/>\n<script type=\"application\/ld+json\" class=\"yoast-schema-graph\">{\"@context\":\"https:\\\/\\\/schema.org\",\"@graph\":[{\"@type\":[\"Article\",\"BlogPosting\"],\"@id\":\"https:\\\/\\\/maetinganoticias.com\\\/index.php\\\/2023\\\/10\\\/20\\\/bolsa-familia-completa-20-anos-alcancando-2145-milhoes-de-familias\\\/#article\",\"isPartOf\":{\"@id\":\"https:\\\/\\\/maetinganoticias.com\\\/index.php\\\/2023\\\/10\\\/20\\\/bolsa-familia-completa-20-anos-alcancando-2145-milhoes-de-familias\\\/\"},\"author\":{\"name\":\"Maetinga Not\u00edcias\",\"@id\":\"https:\\\/\\\/maetinganoticias.com\\\/#\\\/schema\\\/person\\\/968cf95e67a6810fc7fb35bbc9016962\"},\"headline\":\"Bolsa Fam\u00edlia completa 20 anos alcan\u00e7ando 21,45 milh\u00f5es de fam\u00edlias\",\"datePublished\":\"2023-10-20T22:07:58+00:00\",\"dateModified\":\"2023-10-20T22:07:59+00:00\",\"mainEntityOfPage\":{\"@id\":\"https:\\\/\\\/maetinganoticias.com\\\/index.php\\\/2023\\\/10\\\/20\\\/bolsa-familia-completa-20-anos-alcancando-2145-milhoes-de-familias\\\/\"},\"wordCount\":408,\"commentCount\":0,\"publisher\":{\"@id\":\"https:\\\/\\\/maetinganoticias.com\\\/#organization\"},\"image\":{\"@id\":\"https:\\\/\\\/maetinganoticias.com\\\/index.php\\\/2023\\\/10\\\/20\\\/bolsa-familia-completa-20-anos-alcancando-2145-milhoes-de-familias\\\/#primaryimage\"},\"thumbnailUrl\":\"https:\\\/\\\/maetinganoticias.com\\\/wp-content\\\/uploads\\\/2023\\\/10\\\/0857-agora-sudoeste-f4a584ba-18a1-4d4d-b683-7a4acf675069.webp\",\"keywords\":[\"20 ANOS\",\"BENEFICIO SOCIAL\",\"BOLSA FAM\u00cdLIA\",\"BRASIL\",\"GOVERNO FEDERAL\"],\"articleSection\":[\"Brasil\"],\"inLanguage\":\"pt-BR\",\"potentialAction\":[{\"@type\":\"CommentAction\",\"name\":\"Comment\",\"target\":[\"https:\\\/\\\/maetinganoticias.com\\\/index.php\\\/2023\\\/10\\\/20\\\/bolsa-familia-completa-20-anos-alcancando-2145-milhoes-de-familias\\\/#respond\"]}]},{\"@type\":\"WebPage\",\"@id\":\"https:\\\/\\\/maetinganoticias.com\\\/index.php\\\/2023\\\/10\\\/20\\\/bolsa-familia-completa-20-anos-alcancando-2145-milhoes-de-familias\\\/\",\"url\":\"https:\\\/\\\/maetinganoticias.com\\\/index.php\\\/2023\\\/10\\\/20\\\/bolsa-familia-completa-20-anos-alcancando-2145-milhoes-de-familias\\\/\",\"name\":\"Bolsa Fam\u00edlia completa 20 anos alcan\u00e7ando 21,45 milh\u00f5es de fam\u00edlias - Maetinga Not\u00edcias\",\"isPartOf\":{\"@id\":\"https:\\\/\\\/maetinganoticias.com\\\/#website\"},\"primaryImageOfPage\":{\"@id\":\"https:\\\/\\\/maetinganoticias.com\\\/index.php\\\/2023\\\/10\\\/20\\\/bolsa-familia-completa-20-anos-alcancando-2145-milhoes-de-familias\\\/#primaryimage\"},\"image\":{\"@id\":\"https:\\\/\\\/maetinganoticias.com\\\/index.php\\\/2023\\\/10\\\/20\\\/bolsa-familia-completa-20-anos-alcancando-2145-milhoes-de-familias\\\/#primaryimage\"},\"thumbnailUrl\":\"https:\\\/\\\/maetinganoticias.com\\\/wp-content\\\/uploads\\\/2023\\\/10\\\/0857-agora-sudoeste-f4a584ba-18a1-4d4d-b683-7a4acf675069.webp\",\"datePublished\":\"2023-10-20T22:07:58+00:00\",\"dateModified\":\"2023-10-20T22:07:59+00:00\",\"breadcrumb\":{\"@id\":\"https:\\\/\\\/maetinganoticias.com\\\/index.php\\\/2023\\\/10\\\/20\\\/bolsa-familia-completa-20-anos-alcancando-2145-milhoes-de-familias\\\/#breadcrumb\"},\"inLanguage\":\"pt-BR\",\"potentialAction\":[{\"@type\":\"ReadAction\",\"target\":[\"https:\\\/\\\/maetinganoticias.com\\\/index.php\\\/2023\\\/10\\\/20\\\/bolsa-familia-completa-20-anos-alcancando-2145-milhoes-de-familias\\\/\"]}]},{\"@type\":\"ImageObject\",\"inLanguage\":\"pt-BR\",\"@id\":\"https:\\\/\\\/maetinganoticias.com\\\/index.php\\\/2023\\\/10\\\/20\\\/bolsa-familia-completa-20-anos-alcancando-2145-milhoes-de-familias\\\/#primaryimage\",\"url\":\"https:\\\/\\\/maetinganoticias.com\\\/wp-content\\\/uploads\\\/2023\\\/10\\\/0857-agora-sudoeste-f4a584ba-18a1-4d4d-b683-7a4acf675069.webp\",\"contentUrl\":\"https:\\\/\\\/maetinganoticias.com\\\/wp-content\\\/uploads\\\/2023\\\/10\\\/0857-agora-sudoeste-f4a584ba-18a1-4d4d-b683-7a4acf675069.webp\",\"width\":1000,\"height\":598},{\"@type\":\"BreadcrumbList\",\"@id\":\"https:\\\/\\\/maetinganoticias.com\\\/index.php\\\/2023\\\/10\\\/20\\\/bolsa-familia-completa-20-anos-alcancando-2145-milhoes-de-familias\\\/#breadcrumb\",\"itemListElement\":[{\"@type\":\"ListItem\",\"position\":1,\"name\":\"In\u00edcio\",\"item\":\"https:\\\/\\\/maetinganoticias.com\\\/\"},{\"@type\":\"ListItem\",\"position\":2,\"name\":\"Bolsa Fam\u00edlia completa 20 anos alcan\u00e7ando 21,45 milh\u00f5es de fam\u00edlias\"}]},{\"@type\":\"WebSite\",\"@id\":\"https:\\\/\\\/maetinganoticias.com\\\/#website\",\"url\":\"https:\\\/\\\/maetinganoticias.com\\\/\",\"name\":\"Maetinga Not\u00edcias\",\"description\":\"A Voz do Interior Baiano!\",\"publisher\":{\"@id\":\"https:\\\/\\\/maetinganoticias.com\\\/#organization\"},\"potentialAction\":[{\"@type\":\"SearchAction\",\"target\":{\"@type\":\"EntryPoint\",\"urlTemplate\":\"https:\\\/\\\/maetinganoticias.com\\\/?s={search_term_string}\"},\"query-input\":{\"@type\":\"PropertyValueSpecification\",\"valueRequired\":true,\"valueName\":\"search_term_string\"}}],\"inLanguage\":\"pt-BR\"},{\"@type\":\"Organization\",\"@id\":\"https:\\\/\\\/maetinganoticias.com\\\/#organization\",\"name\":\"Maetinga Not\u00edcias\",\"url\":\"https:\\\/\\\/maetinganoticias.com\\\/\",\"logo\":{\"@type\":\"ImageObject\",\"inLanguage\":\"pt-BR\",\"@id\":\"https:\\\/\\\/maetinganoticias.com\\\/#\\\/schema\\\/logo\\\/image\\\/\",\"url\":\"https:\\\/\\\/maetinganoticias.com\\\/wp-content\\\/uploads\\\/2023\\\/07\\\/cropped-cropped-cropped-cropped-BUSINESS-3-42-1.png\",\"contentUrl\":\"https:\\\/\\\/maetinganoticias.com\\\/wp-content\\\/uploads\\\/2023\\\/07\\\/cropped-cropped-cropped-cropped-BUSINESS-3-42-1.png\",\"width\":485,\"height\":109,\"caption\":\"Maetinga Not\u00edcias\"},\"image\":{\"@id\":\"https:\\\/\\\/maetinganoticias.com\\\/#\\\/schema\\\/logo\\\/image\\\/\"}},{\"@type\":\"Person\",\"@id\":\"https:\\\/\\\/maetinganoticias.com\\\/#\\\/schema\\\/person\\\/968cf95e67a6810fc7fb35bbc9016962\",\"name\":\"Maetinga Not\u00edcias\",\"image\":{\"@type\":\"ImageObject\",\"inLanguage\":\"pt-BR\",\"@id\":\"https:\\\/\\\/secure.gravatar.com\\\/avatar\\\/32e078313a5ca37a6c8d44e716ed4f9e87ecfde7222d2b88a1424bd49654f187?s=96&d=mm&r=g\",\"url\":\"https:\\\/\\\/secure.gravatar.com\\\/avatar\\\/32e078313a5ca37a6c8d44e716ed4f9e87ecfde7222d2b88a1424bd49654f187?s=96&d=mm&r=g\",\"contentUrl\":\"https:\\\/\\\/secure.gravatar.com\\\/avatar\\\/32e078313a5ca37a6c8d44e716ed4f9e87ecfde7222d2b88a1424bd49654f187?s=96&d=mm&r=g\",\"caption\":\"Maetinga Not\u00edcias\"},\"description\":\"A voz do Interior Baiano!\",\"sameAs\":[\"https:\\\/\\\/maetinganoticias.com\",\"https:\\\/\\\/www.instagram.com\\\/blogmaetinganoticias\\\/\"],\"url\":\"https:\\\/\\\/maetinganoticias.com\\\/index.php\\\/author\\\/carlosvianna13\\\/\"}]}<\/script>\n<!-- \/ Yoast SEO plugin. -->","yoast_head_json":{"title":"Bolsa Fam\u00edlia completa 20 anos alcan\u00e7ando 21,45 milh\u00f5es de fam\u00edlias - Maetinga Not\u00edcias","robots":{"index":"index","follow":"follow","max-snippet":"max-snippet:-1","max-image-preview":"max-image-preview:large","max-video-preview":"max-video-preview:-1"},"canonical":"https:\/\/maetinganoticias.com\/index.php\/2023\/10\/20\/bolsa-familia-completa-20-anos-alcancando-2145-milhoes-de-familias\/","og_locale":"pt_BR","og_type":"article","og_title":"Bolsa Fam\u00edlia completa 20 anos alcan\u00e7ando 21,45 milh\u00f5es de fam\u00edlias - Maetinga Not\u00edcias","og_description":"\u201cUm dia eu precisei do Bolsa Fam\u00edlia e hoje n\u00e3o preciso mais\u201d, disse a psic\u00f3loga Raquel Lima Clemente, ex-benefici\u00e1ria do programa social. Em cerim\u00f4nia de celebra\u00e7\u00e3o dos 20 anos do Bolsa Fam\u00edlia, nesta sexta-feira (20), a moradora do Esp\u00edrito Santo contou como a educa\u00e7\u00e3o e a renda garantida pelo programa mudou a vida da sua [&hellip;]","og_url":"https:\/\/maetinganoticias.com\/index.php\/2023\/10\/20\/bolsa-familia-completa-20-anos-alcancando-2145-milhoes-de-familias\/","og_site_name":"Maetinga Not\u00edcias","article_published_time":"2023-10-20T22:07:58+00:00","article_modified_time":"2023-10-20T22:07:59+00:00","og_image":[{"width":1000,"height":598,"url":"https:\/\/maetinganoticias.com\/wp-content\/uploads\/2023\/10\/0857-agora-sudoeste-f4a584ba-18a1-4d4d-b683-7a4acf675069.webp","type":"image\/webp"}],"author":"Maetinga Not\u00edcias","twitter_card":"summary_large_image","twitter_misc":{"Escrito por":"Maetinga Not\u00edcias","Est. tempo de leitura":"2 minutos"},"schema":{"@context":"https:\/\/schema.org","@graph":[{"@type":["Article","BlogPosting"],"@id":"https:\/\/maetinganoticias.com\/index.php\/2023\/10\/20\/bolsa-familia-completa-20-anos-alcancando-2145-milhoes-de-familias\/#article","isPartOf":{"@id":"https:\/\/maetinganoticias.com\/index.php\/2023\/10\/20\/bolsa-familia-completa-20-anos-alcancando-2145-milhoes-de-familias\/"},"author":{"name":"Maetinga Not\u00edcias","@id":"https:\/\/maetinganoticias.com\/#\/schema\/person\/968cf95e67a6810fc7fb35bbc9016962"},"headline":"Bolsa Fam\u00edlia completa 20 anos alcan\u00e7ando 21,45 milh\u00f5es de fam\u00edlias","datePublished":"2023-10-20T22:07:58+00:00","dateModified":"2023-10-20T22:07:59+00:00","mainEntityOfPage":{"@id":"https:\/\/maetinganoticias.com\/index.php\/2023\/10\/20\/bolsa-familia-completa-20-anos-alcancando-2145-milhoes-de-familias\/"},"wordCount":408,"commentCount":0,"publisher":{"@id":"https:\/\/maetinganoticias.com\/#organization"},"image":{"@id":"https:\/\/maetinganoticias.com\/index.php\/2023\/10\/20\/bolsa-familia-completa-20-anos-alcancando-2145-milhoes-de-familias\/#primaryimage"},"thumbnailUrl":"https:\/\/maetinganoticias.com\/wp-content\/uploads\/2023\/10\/0857-agora-sudoeste-f4a584ba-18a1-4d4d-b683-7a4acf675069.webp","keywords":["20 ANOS","BENEFICIO SOCIAL","BOLSA FAM\u00cdLIA","BRASIL","GOVERNO FEDERAL"],"articleSection":["Brasil"],"inLanguage":"pt-BR","potentialAction":[{"@type":"CommentAction","name":"Comment","target":["https:\/\/maetinganoticias.com\/index.php\/2023\/10\/20\/bolsa-familia-completa-20-anos-alcancando-2145-milhoes-de-familias\/#respond"]}]},{"@type":"WebPage","@id":"https:\/\/maetinganoticias.com\/index.php\/2023\/10\/20\/bolsa-familia-completa-20-anos-alcancando-2145-milhoes-de-familias\/","url":"https:\/\/maetinganoticias.com\/index.php\/2023\/10\/20\/bolsa-familia-completa-20-anos-alcancando-2145-milhoes-de-familias\/","name":"Bolsa Fam\u00edlia completa 20 anos alcan\u00e7ando 21,45 milh\u00f5es de fam\u00edlias - Maetinga Not\u00edcias","isPartOf":{"@id":"https:\/\/maetinganoticias.com\/#website"},"primaryImageOfPage":{"@id":"https:\/\/maetinganoticias.com\/index.php\/2023\/10\/20\/bolsa-familia-completa-20-anos-alcancando-2145-milhoes-de-familias\/#primaryimage"},"image":{"@id":"https:\/\/maetinganoticias.com\/index.php\/2023\/10\/20\/bolsa-familia-completa-20-anos-alcancando-2145-milhoes-de-familias\/#primaryimage"},"thumbnailUrl":"https:\/\/maetinganoticias.com\/wp-content\/uploads\/2023\/10\/0857-agora-sudoeste-f4a584ba-18a1-4d4d-b683-7a4acf675069.webp","datePublished":"2023-10-20T22:07:58+00:00","dateModified":"2023-10-20T22:07:59+00:00","breadcrumb":{"@id":"https:\/\/maetinganoticias.com\/index.php\/2023\/10\/20\/bolsa-familia-completa-20-anos-alcancando-2145-milhoes-de-familias\/#breadcrumb"},"inLanguage":"pt-BR","potentialAction":[{"@type":"ReadAction","target":["https:\/\/maetinganoticias.com\/index.php\/2023\/10\/20\/bolsa-familia-completa-20-anos-alcancando-2145-milhoes-de-familias\/"]}]},{"@type":"ImageObject","inLanguage":"pt-BR","@id":"https:\/\/maetinganoticias.com\/index.php\/2023\/10\/20\/bolsa-familia-completa-20-anos-alcancando-2145-milhoes-de-familias\/#primaryimage","url":"https:\/\/maetinganoticias.com\/wp-content\/uploads\/2023\/10\/0857-agora-sudoeste-f4a584ba-18a1-4d4d-b683-7a4acf675069.webp","contentUrl":"https:\/\/maetinganoticias.com\/wp-content\/uploads\/2023\/10\/0857-agora-sudoeste-f4a584ba-18a1-4d4d-b683-7a4acf675069.webp","width":1000,"height":598},{"@type":"BreadcrumbList","@id":"https:\/\/maetinganoticias.com\/index.php\/2023\/10\/20\/bolsa-familia-completa-20-anos-alcancando-2145-milhoes-de-familias\/#breadcrumb","itemListElement":[{"@type":"ListItem","position":1,"name":"In\u00edcio","item":"https:\/\/maetinganoticias.com\/"},{"@type":"ListItem","position":2,"name":"Bolsa Fam\u00edlia completa 20 anos alcan\u00e7ando 21,45 milh\u00f5es de fam\u00edlias"}]},{"@type":"WebSite","@id":"https:\/\/maetinganoticias.com\/#website","url":"https:\/\/maetinganoticias.com\/","name":"Maetinga Not\u00edcias","description":"A Voz do Interior Baiano!","publisher":{"@id":"https:\/\/maetinganoticias.com\/#organization"},"potentialAction":[{"@type":"SearchAction","target":{"@type":"EntryPoint","urlTemplate":"https:\/\/maetinganoticias.com\/?s={search_term_string}"},"query-input":{"@type":"PropertyValueSpecification","valueRequired":true,"valueName":"search_term_string"}}],"inLanguage":"pt-BR"},{"@type":"Organization","@id":"https:\/\/maetinganoticias.com\/#organization","name":"Maetinga Not\u00edcias","url":"https:\/\/maetinganoticias.com\/","logo":{"@type":"ImageObject","inLanguage":"pt-BR","@id":"https:\/\/maetinganoticias.com\/#\/schema\/logo\/image\/","url":"https:\/\/maetinganoticias.com\/wp-content\/uploads\/2023\/07\/cropped-cropped-cropped-cropped-BUSINESS-3-42-1.png","contentUrl":"https:\/\/maetinganoticias.com\/wp-content\/uploads\/2023\/07\/cropped-cropped-cropped-cropped-BUSINESS-3-42-1.png","width":485,"height":109,"caption":"Maetinga Not\u00edcias"},"image":{"@id":"https:\/\/maetinganoticias.com\/#\/schema\/logo\/image\/"}},{"@type":"Person","@id":"https:\/\/maetinganoticias.com\/#\/schema\/person\/968cf95e67a6810fc7fb35bbc9016962","name":"Maetinga Not\u00edcias","image":{"@type":"ImageObject","inLanguage":"pt-BR","@id":"https:\/\/secure.gravatar.com\/avatar\/32e078313a5ca37a6c8d44e716ed4f9e87ecfde7222d2b88a1424bd49654f187?s=96&d=mm&r=g","url":"https:\/\/secure.gravatar.com\/avatar\/32e078313a5ca37a6c8d44e716ed4f9e87ecfde7222d2b88a1424bd49654f187?s=96&d=mm&r=g","contentUrl":"https:\/\/secure.gravatar.com\/avatar\/32e078313a5ca37a6c8d44e716ed4f9e87ecfde7222d2b88a1424bd49654f187?s=96&d=mm&r=g","caption":"Maetinga Not\u00edcias"},"description":"A voz do Interior Baiano!","sameAs":["https:\/\/maetinganoticias.com","https:\/\/www.instagram.com\/blogmaetinganoticias\/"],"url":"https:\/\/maetinganoticias.com\/index.php\/author\/carlosvianna13\/"}]}},"_links":{"self":[{"href":"https:\/\/maetinganoticias.com\/index.php\/wp-json\/wp\/v2\/posts\/1722","targetHints":{"allow":["GET"]}}],"collection":[{"href":"https:\/\/maetinganoticias.com\/index.php\/wp-json\/wp\/v2\/posts"}],"about":[{"href":"https:\/\/maetinganoticias.com\/index.php\/wp-json\/wp\/v2\/types\/post"}],"author":[{"embeddable":true,"href":"https:\/\/maetinganoticias.com\/index.php\/wp-json\/wp\/v2\/users\/1"}],"replies":[{"embeddable":true,"href":"https:\/\/maetinganoticias.com\/index.php\/wp-json\/wp\/v2\/comments?post=1722"}],"version-history":[{"count":1,"href":"https:\/\/maetinganoticias.com\/index.php\/wp-json\/wp\/v2\/posts\/1722\/revisions"}],"predecessor-version":[{"id":1724,"href":"https:\/\/maetinganoticias.com\/index.php\/wp-json\/wp\/v2\/posts\/1722\/revisions\/1724"}],"wp:featuredmedia":[{"embeddable":true,"href":"https:\/\/maetinganoticias.com\/index.php\/wp-json\/wp\/v2\/media\/1723"}],"wp:attachment":[{"href":"https:\/\/maetinganoticias.com\/index.php\/wp-json\/wp\/v2\/media?parent=1722"}],"wp:term":[{"taxonomy":"category","embeddable":true,"href":"https:\/\/maetinganoticias.com\/index.php\/wp-json\/wp\/v2\/categories?post=1722"},{"taxonomy":"post_tag","embeddable":true,"href":"https:\/\/maetinganoticias.com\/index.php\/wp-json\/wp\/v2\/tags?post=1722"}],"curies":[{"name":"wp","href":"https:\/\/api.w.org\/{rel}","templated":true}]}}