{"id":13546,"date":"2026-09-03T20:34:43","date_gmt":"2026-09-03T23:34:43","guid":{"rendered":"https:\/\/maetinganoticias.com\/?p=13546"},"modified":"2026-09-03T20:35:43","modified_gmt":"2026-09-03T23:35:43","slug":"mais-de-250-kg-de-drogas-sao-apreendidos-em-vitoria-da-conquista","status":"publish","type":"post","link":"https:\/\/maetinganoticias.com\/index.php\/2026\/09\/03\/mais-de-250-kg-de-drogas-sao-apreendidos-em-vitoria-da-conquista\/","title":{"rendered":"Mais de 250 kg de drogas s\u00e3o apreendidos em Vit\u00f3ria da Conquista"},"content":{"rendered":"\n<p class=\"wp-block-paragraph\">Uma opera\u00e7\u00e3o integrada das for\u00e7as de seguran\u00e7a interceptou, na manh\u00e3 desta quinta-feira (3), um caminh\u00e3o que saiu de S\u00e3o Paulo com destino a&nbsp;<strong>Vit\u00f3ria da Conquista, na Bahia<\/strong>.<\/p>\n\n\n\n<p class=\"wp-block-paragraph\">Durante a abordagem no posto da PRF, foram encontrados&nbsp;<strong>tabletes de coca\u00edna, maconha e haxixe<\/strong>&nbsp;escondidos em meio a uma carga.<\/p>\n\n\n\n<p class=\"wp-block-paragraph\">Segundo as autoridades, a droga pertenceria a uma&nbsp;<strong>fac\u00e7\u00e3o criminosa paulista<\/strong>&nbsp;e seria entregue a integrantes do grupo na cidade.<\/p>\n\n\n\n<p class=\"wp-block-paragraph\">&#x1f46e;&#x200d;&#x2642;&#xfe0f; A a\u00e7\u00e3o reuniu equipes da SSP, Pol\u00edcia Federal, Pol\u00edcia Militar, Pol\u00edcia Civil, Pol\u00edcia Rodovi\u00e1ria Federal e FICCO Bahia.<\/p>\n","protected":false},"excerpt":{"rendered":"<p>Uma opera\u00e7\u00e3o integrada das for\u00e7as de seguran\u00e7a interceptou, na manh\u00e3 desta quinta-feira (3), um caminh\u00e3o que saiu de S\u00e3o Paulo com destino a&nbsp;Vit\u00f3ria da Conquista, na Bahia. Durante a abordagem no posto da PRF, foram encontrados&nbsp;tabletes de coca\u00edna, maconha e haxixe&nbsp;escondidos em meio a uma carga. Segundo as autoridades, a droga pertenceria a uma&nbsp;fac\u00e7\u00e3o criminosa [&hellip;]<\/p>\n","protected":false},"author":1,"featured_media":13548,"comment_status":"open","ping_status":"open","sticky":false,"template":"","format":"standard","meta":{"om_disable_all_campaigns":false,"_monsterinsights_skip_tracking":false,"_uf_show_specific_survey":0,"_uf_disable_surveys":false,"footnotes":""},"categories":[43],"tags":[],"class_list":["post-13546","post","type-post","status-publish","format-standard","has-post-thumbnail","category-vitoria-da-conquista"],"yoast_head":"<!-- This site is optimized with the Yoast SEO plugin v28.2 - https:\/\/yoast.com\/product\/yoast-seo-wordpress\/ -->\n<title>Mais de 250 kg de drogas s\u00e3o apreendidos em Vit\u00f3ria da Conquista - Maetinga Not\u00edcias<\/title>\n<meta name=\"robots\" content=\"index, follow, max-snippet:-1, max-image-preview:large, max-video-preview:-1\" \/>\n<link rel=\"canonical\" href=\"https:\/\/maetinganoticias.com\/index.php\/2026\/09\/03\/mais-de-250-kg-de-drogas-sao-apreendidos-em-vitoria-da-conquista\/\" \/>\n<meta property=\"og:locale\" content=\"pt_BR\" \/>\n<meta property=\"og:type\" content=\"article\" \/>\n<meta property=\"og:title\" content=\"Mais de 250 kg de drogas s\u00e3o apreendidos em Vit\u00f3ria da Conquista - Maetinga Not\u00edcias\" \/>\n<meta property=\"og:description\" content=\"Uma opera\u00e7\u00e3o integrada das for\u00e7as de seguran\u00e7a interceptou, na manh\u00e3 desta quinta-feira (3), um caminh\u00e3o que saiu de S\u00e3o Paulo com destino a&nbsp;Vit\u00f3ria da Conquista, na Bahia. Durante a abordagem no posto da PRF, foram encontrados&nbsp;tabletes de coca\u00edna, maconha e haxixe&nbsp;escondidos em meio a uma carga. Segundo as autoridades, a droga pertenceria a uma&nbsp;fac\u00e7\u00e3o criminosa [&hellip;]\" \/>\n<meta property=\"og:url\" content=\"https:\/\/maetinganoticias.com\/index.php\/2026\/09\/03\/mais-de-250-kg-de-drogas-sao-apreendidos-em-vitoria-da-conquista\/\" \/>\n<meta property=\"og:site_name\" content=\"Maetinga Not\u00edcias\" \/>\n<meta property=\"article:published_time\" content=\"2026-09-03T23:34:43+00:00\" \/>\n<meta property=\"article:modified_time\" content=\"2026-09-03T23:35:43+00:00\" \/>\n<meta property=\"og:image\" content=\"https:\/\/maetinganoticias.com\/wp-content\/uploads\/2026\/09\/WhatsApp-Image-2026-09-03-at-20.35.27.jpeg\" \/>\n\t<meta property=\"og:image:width\" content=\"840\" \/>\n\t<meta property=\"og:image:height\" content=\"479\" \/>\n\t<meta property=\"og:image:type\" content=\"image\/jpeg\" \/>\n<meta name=\"author\" content=\"Maetinga Not\u00edcias\" \/>\n<meta name=\"twitter:card\" content=\"summary_large_image\" \/>\n<meta name=\"twitter:label1\" content=\"Escrito por\" \/>\n\t<meta name=\"twitter:data1\" content=\"Maetinga Not\u00edcias\" \/>\n\t<meta name=\"twitter:label2\" content=\"Est. tempo de leitura\" \/>\n\t<meta name=\"twitter:data2\" content=\"1 minuto\" \/>\n<script type=\"application\/ld+json\" class=\"yoast-schema-graph\">{\"@context\":\"https:\\\/\\\/schema.org\",\"@graph\":[{\"@type\":[\"Article\",\"BlogPosting\"],\"@id\":\"https:\\\/\\\/maetinganoticias.com\\\/index.php\\\/2026\\\/09\\\/03\\\/mais-de-250-kg-de-drogas-sao-apreendidos-em-vitoria-da-conquista\\\/#article\",\"isPartOf\":{\"@id\":\"https:\\\/\\\/maetinganoticias.com\\\/index.php\\\/2026\\\/09\\\/03\\\/mais-de-250-kg-de-drogas-sao-apreendidos-em-vitoria-da-conquista\\\/\"},\"author\":{\"name\":\"Maetinga Not\u00edcias\",\"@id\":\"https:\\\/\\\/maetinganoticias.com\\\/#\\\/schema\\\/person\\\/968cf95e67a6810fc7fb35bbc9016962\"},\"headline\":\"Mais de 250 kg de drogas s\u00e3o apreendidos em Vit\u00f3ria da Conquista\",\"datePublished\":\"2026-09-03T23:34:43+00:00\",\"dateModified\":\"2026-09-03T23:35:43+00:00\",\"mainEntityOfPage\":{\"@id\":\"https:\\\/\\\/maetinganoticias.com\\\/index.php\\\/2026\\\/09\\\/03\\\/mais-de-250-kg-de-drogas-sao-apreendidos-em-vitoria-da-conquista\\\/\"},\"wordCount\":126,\"commentCount\":0,\"publisher\":{\"@id\":\"https:\\\/\\\/maetinganoticias.com\\\/#organization\"},\"image\":{\"@id\":\"https:\\\/\\\/maetinganoticias.com\\\/index.php\\\/2026\\\/09\\\/03\\\/mais-de-250-kg-de-drogas-sao-apreendidos-em-vitoria-da-conquista\\\/#primaryimage\"},\"thumbnailUrl\":\"https:\\\/\\\/maetinganoticias.com\\\/wp-content\\\/uploads\\\/2026\\\/09\\\/WhatsApp-Image-2026-09-03-at-20.35.27.jpeg\",\"articleSection\":[\"Vit\u00f3ria da Conquista\"],\"inLanguage\":\"pt-BR\",\"potentialAction\":[{\"@type\":\"CommentAction\",\"name\":\"Comment\",\"target\":[\"https:\\\/\\\/maetinganoticias.com\\\/index.php\\\/2026\\\/09\\\/03\\\/mais-de-250-kg-de-drogas-sao-apreendidos-em-vitoria-da-conquista\\\/#respond\"]}]},{\"@type\":\"WebPage\",\"@id\":\"https:\\\/\\\/maetinganoticias.com\\\/index.php\\\/2026\\\/09\\\/03\\\/mais-de-250-kg-de-drogas-sao-apreendidos-em-vitoria-da-conquista\\\/\",\"url\":\"https:\\\/\\\/maetinganoticias.com\\\/index.php\\\/2026\\\/09\\\/03\\\/mais-de-250-kg-de-drogas-sao-apreendidos-em-vitoria-da-conquista\\\/\",\"name\":\"Mais de 250 kg de drogas s\u00e3o apreendidos em Vit\u00f3ria da Conquista - Maetinga Not\u00edcias\",\"isPartOf\":{\"@id\":\"https:\\\/\\\/maetinganoticias.com\\\/#website\"},\"primaryImageOfPage\":{\"@id\":\"https:\\\/\\\/maetinganoticias.com\\\/index.php\\\/2026\\\/09\\\/03\\\/mais-de-250-kg-de-drogas-sao-apreendidos-em-vitoria-da-conquista\\\/#primaryimage\"},\"image\":{\"@id\":\"https:\\\/\\\/maetinganoticias.com\\\/index.php\\\/2026\\\/09\\\/03\\\/mais-de-250-kg-de-drogas-sao-apreendidos-em-vitoria-da-conquista\\\/#primaryimage\"},\"thumbnailUrl\":\"https:\\\/\\\/maetinganoticias.com\\\/wp-content\\\/uploads\\\/2026\\\/09\\\/WhatsApp-Image-2026-09-03-at-20.35.27.jpeg\",\"datePublished\":\"2026-09-03T23:34:43+00:00\",\"dateModified\":\"2026-09-03T23:35:43+00:00\",\"breadcrumb\":{\"@id\":\"https:\\\/\\\/maetinganoticias.com\\\/index.php\\\/2026\\\/09\\\/03\\\/mais-de-250-kg-de-drogas-sao-apreendidos-em-vitoria-da-conquista\\\/#breadcrumb\"},\"inLanguage\":\"pt-BR\",\"potentialAction\":[{\"@type\":\"ReadAction\",\"target\":[\"https:\\\/\\\/maetinganoticias.com\\\/index.php\\\/2026\\\/09\\\/03\\\/mais-de-250-kg-de-drogas-sao-apreendidos-em-vitoria-da-conquista\\\/\"]}]},{\"@type\":\"ImageObject\",\"inLanguage\":\"pt-BR\",\"@id\":\"https:\\\/\\\/maetinganoticias.com\\\/index.php\\\/2026\\\/09\\\/03\\\/mais-de-250-kg-de-drogas-sao-apreendidos-em-vitoria-da-conquista\\\/#primaryimage\",\"url\":\"https:\\\/\\\/maetinganoticias.com\\\/wp-content\\\/uploads\\\/2026\\\/09\\\/WhatsApp-Image-2026-09-03-at-20.35.27.jpeg\",\"contentUrl\":\"https:\\\/\\\/maetinganoticias.com\\\/wp-content\\\/uploads\\\/2026\\\/09\\\/WhatsApp-Image-2026-09-03-at-20.35.27.jpeg\",\"width\":840,\"height\":479},{\"@type\":\"BreadcrumbList\",\"@id\":\"https:\\\/\\\/maetinganoticias.com\\\/index.php\\\/2026\\\/09\\\/03\\\/mais-de-250-kg-de-drogas-sao-apreendidos-em-vitoria-da-conquista\\\/#breadcrumb\",\"itemListElement\":[{\"@type\":\"ListItem\",\"position\":1,\"name\":\"In\u00edcio\",\"item\":\"https:\\\/\\\/maetinganoticias.com\\\/\"},{\"@type\":\"ListItem\",\"position\":2,\"name\":\"Mais de 250 kg de drogas s\u00e3o apreendidos em Vit\u00f3ria da Conquista\"}]},{\"@type\":\"WebSite\",\"@id\":\"https:\\\/\\\/maetinganoticias.com\\\/#website\",\"url\":\"https:\\\/\\\/maetinganoticias.com\\\/\",\"name\":\"Maetinga Not\u00edcias\",\"description\":\"A Voz do Interior Baiano!\",\"publisher\":{\"@id\":\"https:\\\/\\\/maetinganoticias.com\\\/#organization\"},\"potentialAction\":[{\"@type\":\"SearchAction\",\"target\":{\"@type\":\"EntryPoint\",\"urlTemplate\":\"https:\\\/\\\/maetinganoticias.com\\\/?s={search_term_string}\"},\"query-input\":{\"@type\":\"PropertyValueSpecification\",\"valueRequired\":true,\"valueName\":\"search_term_string\"}}],\"inLanguage\":\"pt-BR\"},{\"@type\":\"Organization\",\"@id\":\"https:\\\/\\\/maetinganoticias.com\\\/#organization\",\"name\":\"Maetinga Not\u00edcias\",\"url\":\"https:\\\/\\\/maetinganoticias.com\\\/\",\"logo\":{\"@type\":\"ImageObject\",\"inLanguage\":\"pt-BR\",\"@id\":\"https:\\\/\\\/maetinganoticias.com\\\/#\\\/schema\\\/logo\\\/image\\\/\",\"url\":\"https:\\\/\\\/maetinganoticias.com\\\/wp-content\\\/uploads\\\/2023\\\/07\\\/cropped-cropped-cropped-cropped-BUSINESS-3-42-1.png\",\"contentUrl\":\"https:\\\/\\\/maetinganoticias.com\\\/wp-content\\\/uploads\\\/2023\\\/07\\\/cropped-cropped-cropped-cropped-BUSINESS-3-42-1.png\",\"width\":485,\"height\":109,\"caption\":\"Maetinga Not\u00edcias\"},\"image\":{\"@id\":\"https:\\\/\\\/maetinganoticias.com\\\/#\\\/schema\\\/logo\\\/image\\\/\"}},{\"@type\":\"Person\",\"@id\":\"https:\\\/\\\/maetinganoticias.com\\\/#\\\/schema\\\/person\\\/968cf95e67a6810fc7fb35bbc9016962\",\"name\":\"Maetinga Not\u00edcias\",\"image\":{\"@type\":\"ImageObject\",\"inLanguage\":\"pt-BR\",\"@id\":\"https:\\\/\\\/secure.gravatar.com\\\/avatar\\\/32e078313a5ca37a6c8d44e716ed4f9e87ecfde7222d2b88a1424bd49654f187?s=96&d=mm&r=g\",\"url\":\"https:\\\/\\\/secure.gravatar.com\\\/avatar\\\/32e078313a5ca37a6c8d44e716ed4f9e87ecfde7222d2b88a1424bd49654f187?s=96&d=mm&r=g\",\"contentUrl\":\"https:\\\/\\\/secure.gravatar.com\\\/avatar\\\/32e078313a5ca37a6c8d44e716ed4f9e87ecfde7222d2b88a1424bd49654f187?s=96&d=mm&r=g\",\"caption\":\"Maetinga Not\u00edcias\"},\"description\":\"A voz do Interior Baiano!\",\"sameAs\":[\"https:\\\/\\\/maetinganoticias.com\",\"https:\\\/\\\/www.instagram.com\\\/blogmaetinganoticias\\\/\"],\"url\":\"https:\\\/\\\/maetinganoticias.com\\\/index.php\\\/author\\\/carlosvianna13\\\/\"}]}<\/script>\n<!-- \/ Yoast SEO plugin. -->","yoast_head_json":{"title":"Mais de 250 kg de drogas s\u00e3o apreendidos em Vit\u00f3ria da Conquista - Maetinga Not\u00edcias","robots":{"index":"index","follow":"follow","max-snippet":"max-snippet:-1","max-image-preview":"max-image-preview:large","max-video-preview":"max-video-preview:-1"},"canonical":"https:\/\/maetinganoticias.com\/index.php\/2026\/09\/03\/mais-de-250-kg-de-drogas-sao-apreendidos-em-vitoria-da-conquista\/","og_locale":"pt_BR","og_type":"article","og_title":"Mais de 250 kg de drogas s\u00e3o apreendidos em Vit\u00f3ria da Conquista - Maetinga Not\u00edcias","og_description":"Uma opera\u00e7\u00e3o integrada das for\u00e7as de seguran\u00e7a interceptou, na manh\u00e3 desta quinta-feira (3), um caminh\u00e3o que saiu de S\u00e3o Paulo com destino a&nbsp;Vit\u00f3ria da Conquista, na Bahia. Durante a abordagem no posto da PRF, foram encontrados&nbsp;tabletes de coca\u00edna, maconha e haxixe&nbsp;escondidos em meio a uma carga. Segundo as autoridades, a droga pertenceria a uma&nbsp;fac\u00e7\u00e3o criminosa [&hellip;]","og_url":"https:\/\/maetinganoticias.com\/index.php\/2026\/09\/03\/mais-de-250-kg-de-drogas-sao-apreendidos-em-vitoria-da-conquista\/","og_site_name":"Maetinga Not\u00edcias","article_published_time":"2026-09-03T23:34:43+00:00","article_modified_time":"2026-09-03T23:35:43+00:00","og_image":[{"width":840,"height":479,"url":"https:\/\/maetinganoticias.com\/wp-content\/uploads\/2026\/09\/WhatsApp-Image-2026-09-03-at-20.35.27.jpeg","type":"image\/jpeg"}],"author":"Maetinga Not\u00edcias","twitter_card":"summary_large_image","twitter_misc":{"Escrito por":"Maetinga Not\u00edcias","Est. tempo de leitura":"1 minuto"},"schema":{"@context":"https:\/\/schema.org","@graph":[{"@type":["Article","BlogPosting"],"@id":"https:\/\/maetinganoticias.com\/index.php\/2026\/09\/03\/mais-de-250-kg-de-drogas-sao-apreendidos-em-vitoria-da-conquista\/#article","isPartOf":{"@id":"https:\/\/maetinganoticias.com\/index.php\/2026\/09\/03\/mais-de-250-kg-de-drogas-sao-apreendidos-em-vitoria-da-conquista\/"},"author":{"name":"Maetinga Not\u00edcias","@id":"https:\/\/maetinganoticias.com\/#\/schema\/person\/968cf95e67a6810fc7fb35bbc9016962"},"headline":"Mais de 250 kg de drogas s\u00e3o apreendidos em Vit\u00f3ria da Conquista","datePublished":"2026-09-03T23:34:43+00:00","dateModified":"2026-09-03T23:35:43+00:00","mainEntityOfPage":{"@id":"https:\/\/maetinganoticias.com\/index.php\/2026\/09\/03\/mais-de-250-kg-de-drogas-sao-apreendidos-em-vitoria-da-conquista\/"},"wordCount":126,"commentCount":0,"publisher":{"@id":"https:\/\/maetinganoticias.com\/#organization"},"image":{"@id":"https:\/\/maetinganoticias.com\/index.php\/2026\/09\/03\/mais-de-250-kg-de-drogas-sao-apreendidos-em-vitoria-da-conquista\/#primaryimage"},"thumbnailUrl":"https:\/\/maetinganoticias.com\/wp-content\/uploads\/2026\/09\/WhatsApp-Image-2026-09-03-at-20.35.27.jpeg","articleSection":["Vit\u00f3ria da Conquista"],"inLanguage":"pt-BR","potentialAction":[{"@type":"CommentAction","name":"Comment","target":["https:\/\/maetinganoticias.com\/index.php\/2026\/09\/03\/mais-de-250-kg-de-drogas-sao-apreendidos-em-vitoria-da-conquista\/#respond"]}]},{"@type":"WebPage","@id":"https:\/\/maetinganoticias.com\/index.php\/2026\/09\/03\/mais-de-250-kg-de-drogas-sao-apreendidos-em-vitoria-da-conquista\/","url":"https:\/\/maetinganoticias.com\/index.php\/2026\/09\/03\/mais-de-250-kg-de-drogas-sao-apreendidos-em-vitoria-da-conquista\/","name":"Mais de 250 kg de drogas s\u00e3o apreendidos em Vit\u00f3ria da Conquista - Maetinga Not\u00edcias","isPartOf":{"@id":"https:\/\/maetinganoticias.com\/#website"},"primaryImageOfPage":{"@id":"https:\/\/maetinganoticias.com\/index.php\/2026\/09\/03\/mais-de-250-kg-de-drogas-sao-apreendidos-em-vitoria-da-conquista\/#primaryimage"},"image":{"@id":"https:\/\/maetinganoticias.com\/index.php\/2026\/09\/03\/mais-de-250-kg-de-drogas-sao-apreendidos-em-vitoria-da-conquista\/#primaryimage"},"thumbnailUrl":"https:\/\/maetinganoticias.com\/wp-content\/uploads\/2026\/09\/WhatsApp-Image-2026-09-03-at-20.35.27.jpeg","datePublished":"2026-09-03T23:34:43+00:00","dateModified":"2026-09-03T23:35:43+00:00","breadcrumb":{"@id":"https:\/\/maetinganoticias.com\/index.php\/2026\/09\/03\/mais-de-250-kg-de-drogas-sao-apreendidos-em-vitoria-da-conquista\/#breadcrumb"},"inLanguage":"pt-BR","potentialAction":[{"@type":"ReadAction","target":["https:\/\/maetinganoticias.com\/index.php\/2026\/09\/03\/mais-de-250-kg-de-drogas-sao-apreendidos-em-vitoria-da-conquista\/"]}]},{"@type":"ImageObject","inLanguage":"pt-BR","@id":"https:\/\/maetinganoticias.com\/index.php\/2026\/09\/03\/mais-de-250-kg-de-drogas-sao-apreendidos-em-vitoria-da-conquista\/#primaryimage","url":"https:\/\/maetinganoticias.com\/wp-content\/uploads\/2026\/09\/WhatsApp-Image-2026-09-03-at-20.35.27.jpeg","contentUrl":"https:\/\/maetinganoticias.com\/wp-content\/uploads\/2026\/09\/WhatsApp-Image-2026-09-03-at-20.35.27.jpeg","width":840,"height":479},{"@type":"BreadcrumbList","@id":"https:\/\/maetinganoticias.com\/index.php\/2026\/09\/03\/mais-de-250-kg-de-drogas-sao-apreendidos-em-vitoria-da-conquista\/#breadcrumb","itemListElement":[{"@type":"ListItem","position":1,"name":"In\u00edcio","item":"https:\/\/maetinganoticias.com\/"},{"@type":"ListItem","position":2,"name":"Mais de 250 kg de drogas s\u00e3o apreendidos em Vit\u00f3ria da Conquista"}]},{"@type":"WebSite","@id":"https:\/\/maetinganoticias.com\/#website","url":"https:\/\/maetinganoticias.com\/","name":"Maetinga Not\u00edcias","description":"A Voz do Interior Baiano!","publisher":{"@id":"https:\/\/maetinganoticias.com\/#organization"},"potentialAction":[{"@type":"SearchAction","target":{"@type":"EntryPoint","urlTemplate":"https:\/\/maetinganoticias.com\/?s={search_term_string}"},"query-input":{"@type":"PropertyValueSpecification","valueRequired":true,"valueName":"search_term_string"}}],"inLanguage":"pt-BR"},{"@type":"Organization","@id":"https:\/\/maetinganoticias.com\/#organization","name":"Maetinga Not\u00edcias","url":"https:\/\/maetinganoticias.com\/","logo":{"@type":"ImageObject","inLanguage":"pt-BR","@id":"https:\/\/maetinganoticias.com\/#\/schema\/logo\/image\/","url":"https:\/\/maetinganoticias.com\/wp-content\/uploads\/2023\/07\/cropped-cropped-cropped-cropped-BUSINESS-3-42-1.png","contentUrl":"https:\/\/maetinganoticias.com\/wp-content\/uploads\/2023\/07\/cropped-cropped-cropped-cropped-BUSINESS-3-42-1.png","width":485,"height":109,"caption":"Maetinga Not\u00edcias"},"image":{"@id":"https:\/\/maetinganoticias.com\/#\/schema\/logo\/image\/"}},{"@type":"Person","@id":"https:\/\/maetinganoticias.com\/#\/schema\/person\/968cf95e67a6810fc7fb35bbc9016962","name":"Maetinga Not\u00edcias","image":{"@type":"ImageObject","inLanguage":"pt-BR","@id":"https:\/\/secure.gravatar.com\/avatar\/32e078313a5ca37a6c8d44e716ed4f9e87ecfde7222d2b88a1424bd49654f187?s=96&d=mm&r=g","url":"https:\/\/secure.gravatar.com\/avatar\/32e078313a5ca37a6c8d44e716ed4f9e87ecfde7222d2b88a1424bd49654f187?s=96&d=mm&r=g","contentUrl":"https:\/\/secure.gravatar.com\/avatar\/32e078313a5ca37a6c8d44e716ed4f9e87ecfde7222d2b88a1424bd49654f187?s=96&d=mm&r=g","caption":"Maetinga Not\u00edcias"},"description":"A voz do Interior Baiano!","sameAs":["https:\/\/maetinganoticias.com","https:\/\/www.instagram.com\/blogmaetinganoticias\/"],"url":"https:\/\/maetinganoticias.com\/index.php\/author\/carlosvianna13\/"}]}},"_links":{"self":[{"href":"https:\/\/maetinganoticias.com\/index.php\/wp-json\/wp\/v2\/posts\/13546","targetHints":{"allow":["GET"]}}],"collection":[{"href":"https:\/\/maetinganoticias.com\/index.php\/wp-json\/wp\/v2\/posts"}],"about":[{"href":"https:\/\/maetinganoticias.com\/index.php\/wp-json\/wp\/v2\/types\/post"}],"author":[{"embeddable":true,"href":"https:\/\/maetinganoticias.com\/index.php\/wp-json\/wp\/v2\/users\/1"}],"replies":[{"embeddable":true,"href":"https:\/\/maetinganoticias.com\/index.php\/wp-json\/wp\/v2\/comments?post=13546"}],"version-history":[{"count":2,"href":"https:\/\/maetinganoticias.com\/index.php\/wp-json\/wp\/v2\/posts\/13546\/revisions"}],"predecessor-version":[{"id":13549,"href":"https:\/\/maetinganoticias.com\/index.php\/wp-json\/wp\/v2\/posts\/13546\/revisions\/13549"}],"wp:featuredmedia":[{"embeddable":true,"href":"https:\/\/maetinganoticias.com\/index.php\/wp-json\/wp\/v2\/media\/13548"}],"wp:attachment":[{"href":"https:\/\/maetinganoticias.com\/index.php\/wp-json\/wp\/v2\/media?parent=13546"}],"wp:term":[{"taxonomy":"category","embeddable":true,"href":"https:\/\/maetinganoticias.com\/index.php\/wp-json\/wp\/v2\/categories?post=13546"},{"taxonomy":"post_tag","embeddable":true,"href":"https:\/\/maetinganoticias.com\/index.php\/wp-json\/wp\/v2\/tags?post=13546"}],"curies":[{"name":"wp","href":"https:\/\/api.w.org\/{rel}","templated":true}]}}