{"id":13542,"date":"2026-09-03T20:14:47","date_gmt":"2026-09-03T23:14:47","guid":{"rendered":"https:\/\/maetinganoticias.com\/?p=13542"},"modified":"2026-09-03T20:15:10","modified_gmt":"2026-09-03T23:15:10","slug":"senado-aprova-mp-da-taxa-das-blusinhas-e-isencao-se-torna-definitiva","status":"publish","type":"post","link":"https:\/\/maetinganoticias.com\/index.php\/2026\/09\/03\/senado-aprova-mp-da-taxa-das-blusinhas-e-isencao-se-torna-definitiva\/","title":{"rendered":"Senado aprova MP da &#8220;taxa das blusinhas&#8221; e isen\u00e7\u00e3o se torna definitiva"},"content":{"rendered":"\n<p class=\"wp-block-paragraph\"><em><strong>Texto zera imposto em compras internacionais de at\u00e9 50 d\u00f3lares<\/strong><\/em><\/p>\n\n\n\n<p class=\"wp-block-paragraph\">Assim como a\u00a0C\u00e2mara dos Deputados, o plen\u00e1rio do Senado Federal tamb\u00e9m aprovou, nesta quinta-feira (3), em vota\u00e7\u00e3o simb\u00f3lica, a medida provis\u00f3ria (MP) da chamada &#8220;taxa das blusinhas&#8221;.\u00a0<img decoding=\"async\" src=\"https:\/\/agenciabrasil.ebc.com.br\/ebc.png?id=1701490&amp;o=node\"><img decoding=\"async\" src=\"https:\/\/agenciabrasil.ebc.com.br\/ebc.gif?id=1701490&amp;o=node\"><\/p>\n\n\n\n<p class=\"wp-block-paragraph\">O texto zera o imposto de 20% sobre compras internacionais de at\u00e9 50 d\u00f3lares (cerca de R$ 257) feitas pela internet por meio de remessas postais. A vers\u00e3o definitiva da medida, agora convertida em lei, segue agora para san\u00e7\u00e3o presidencial.<\/p>\n\n\n\n<p class=\"wp-block-paragraph\">Durante a tramita\u00e7\u00e3o, o texto foi modificado pela relatora na comiss\u00e3o especial mista, a senadora Leila do V\u00f4lei (PDT-DF).&nbsp;<strong>Uma das novidades introduzidas na medida \u00e9 uma emenda que zera o imposto de importa\u00e7\u00e3o de medicamentos que n\u00e3o t\u00eam vers\u00e3o similar no Brasil.<\/strong><\/p>\n\n\n\n<p class=\"wp-block-paragraph\">&#8220;N\u00f3s sabemos que&nbsp;s\u00e3o muitos os brasileiros que utilizam essas compras de pequeno valor. S\u00e3o pessoas que procuram um produto mais barato. S\u00e3o fam\u00edlias que precisam fazer o or\u00e7amento caber no final do m\u00eas. S\u00e3o trabalhadores que pesquisam pre\u00e7o, comparam alternativas e encontram no com\u00e9rcio eletr\u00f4nico uma maneira de ampliar seu poder de compra&#8221;, afirmou a senadora ao comentar a aprova\u00e7\u00e3o da MP na tribuna.<\/p>\n\n\n\n<p class=\"wp-block-paragraph\"><strong>A MP aprovada prev\u00ea&nbsp;redu\u00e7\u00e3o de 60% para 30% da al\u00edquota de importa\u00e7\u00e3o para compras de at\u00e9 US$ 3 mil por remessas postais vindas do exterior.<\/strong><\/p>\n\n\n\n<p class=\"wp-block-paragraph\">Outra novidade no texto \u00e9 a&nbsp;<strong>previs\u00e3o de avalia\u00e7\u00f5es peri\u00f3dicas, a serem feitas pelo Minist\u00e9rio da Fazenda, para analisar os efeitos econ\u00f4micos da isen\u00e7\u00e3o tarif\u00e1ria.&nbsp;<\/strong>O objetivo, segundo a relatora, \u00e9 acompanhar poss\u00edveis efeitos sobre emprego, renda, pre\u00e7os e impactos sobre a ind\u00fastria nacional. A primeira avalia\u00e7\u00e3o ocorrer\u00e1 daqui a tr\u00eas meses, e as demais, a cada seis meses.<\/p>\n\n\n\n<p class=\"wp-block-paragraph\"><strong>A nova lei ainda determina uma avalia\u00e7\u00e3o anual da isen\u00e7\u00e3o tribut\u00e1ria.<\/strong>&nbsp;Com isso, ser\u00e1 poss\u00edvel acompanhar na pr\u00e1tica se a mudan\u00e7a est\u00e1 beneficiando o consumidor sem provocar desequil\u00edbrios relevantes para trabalhadores e empresas brasileiras.<\/p>\n\n\n\n<p class=\"wp-block-paragraph\">Outro ponto da MP estabelece exig\u00eancias de conformidade das plataformas digitais e de operadores log\u00edsticos.&nbsp;<strong>O texto determina mecanismos de identifica\u00e7\u00e3o de ind\u00edcios de subfaturamento, fracionamento artificial de remessas e oculta\u00e7\u00e3o de remetentes, al\u00e9m de exigir rastreabilidade dos vendedores, monitoramento de opera\u00e7\u00f5es suspeitas, manuten\u00e7\u00e3o de registros e coopera\u00e7\u00e3o com a Receita Federal.<\/strong><\/p>\n\n\n\n<p class=\"wp-block-paragraph\">Parlamentares da oposi\u00e7\u00e3o criticaram o teor da medida, ao defenderem que ela d\u00e1 vantagem a empresas estrangeiras em detrimento da ind\u00fastria nacional.<\/p>\n\n\n\n<p class=\"wp-block-paragraph\"><em><strong>&#8220;O exato benef\u00edcio fiscal que est\u00e1 sendo dado para o mesm\u00edssimo produto com o mesm\u00edssimo pre\u00e7o precisa ser dado para o brasileiro, para quem produz aqui, para quem ainda acredita no Brasil&#8221;,<\/strong><\/em> afirmou o deputado federal Gilson Marques (Novo-SC).<\/p>\n\n\n\n<p class=\"wp-block-paragraph\">Cr\u00e9ditos: Ag\u00eancia Brasil<\/p>\n","protected":false},"excerpt":{"rendered":"<p>Texto zera imposto em compras internacionais de at\u00e9 50 d\u00f3lares Assim como a\u00a0C\u00e2mara dos Deputados, o plen\u00e1rio do Senado Federal tamb\u00e9m aprovou, nesta quinta-feira (3), em vota\u00e7\u00e3o simb\u00f3lica, a medida provis\u00f3ria (MP) da chamada &#8220;taxa das blusinhas&#8221;.\u00a0 O texto zera o imposto de 20% sobre compras internacionais de at\u00e9 50 d\u00f3lares (cerca de R$ 257) [&hellip;]<\/p>\n","protected":false},"author":1,"featured_media":13543,"comment_status":"open","ping_status":"open","sticky":false,"template":"","format":"standard","meta":{"om_disable_all_campaigns":false,"_monsterinsights_skip_tracking":false,"_uf_show_specific_survey":0,"_uf_disable_surveys":false,"footnotes":""},"categories":[832],"tags":[],"class_list":["post-13542","post","type-post","status-publish","format-standard","has-post-thumbnail","category-economia"],"yoast_head":"<!-- This site is optimized with the Yoast SEO plugin v28.2 - https:\/\/yoast.com\/product\/yoast-seo-wordpress\/ -->\n<title>Senado aprova MP da &quot;taxa das blusinhas&quot; e isen\u00e7\u00e3o se torna definitiva - Maetinga Not\u00edcias<\/title>\n<meta name=\"robots\" content=\"index, follow, max-snippet:-1, max-image-preview:large, max-video-preview:-1\" \/>\n<link rel=\"canonical\" href=\"https:\/\/maetinganoticias.com\/index.php\/2026\/09\/03\/senado-aprova-mp-da-taxa-das-blusinhas-e-isencao-se-torna-definitiva\/\" \/>\n<meta property=\"og:locale\" content=\"pt_BR\" \/>\n<meta property=\"og:type\" content=\"article\" \/>\n<meta property=\"og:title\" content=\"Senado aprova MP da &quot;taxa das blusinhas&quot; e isen\u00e7\u00e3o se torna definitiva - Maetinga Not\u00edcias\" \/>\n<meta property=\"og:description\" content=\"Texto zera imposto em compras internacionais de at\u00e9 50 d\u00f3lares Assim como a\u00a0C\u00e2mara dos Deputados, o plen\u00e1rio do Senado Federal tamb\u00e9m aprovou, nesta quinta-feira (3), em vota\u00e7\u00e3o simb\u00f3lica, a medida provis\u00f3ria (MP) da chamada &#8220;taxa das blusinhas&#8221;.\u00a0 O texto zera o imposto de 20% sobre compras internacionais de at\u00e9 50 d\u00f3lares (cerca de R$ 257) [&hellip;]\" \/>\n<meta property=\"og:url\" content=\"https:\/\/maetinganoticias.com\/index.php\/2026\/09\/03\/senado-aprova-mp-da-taxa-das-blusinhas-e-isencao-se-torna-definitiva\/\" \/>\n<meta property=\"og:site_name\" content=\"Maetinga Not\u00edcias\" \/>\n<meta property=\"article:published_time\" content=\"2026-09-03T23:14:47+00:00\" \/>\n<meta property=\"article:modified_time\" content=\"2026-09-03T23:15:10+00:00\" \/>\n<meta property=\"og:image\" content=\"https:\/\/maetinganoticias.com\/wp-content\/uploads\/2026\/09\/imagem_do_whatsapp_de_2024-06-01_as_16.55.51_d697879b.jpg\" \/>\n\t<meta property=\"og:image:width\" content=\"1170\" \/>\n\t<meta property=\"og:image:height\" content=\"700\" \/>\n\t<meta property=\"og:image:type\" content=\"image\/jpeg\" \/>\n<meta name=\"author\" content=\"Maetinga Not\u00edcias\" \/>\n<meta name=\"twitter:card\" content=\"summary_large_image\" \/>\n<meta name=\"twitter:label1\" content=\"Escrito por\" \/>\n\t<meta name=\"twitter:data1\" content=\"Maetinga Not\u00edcias\" \/>\n\t<meta name=\"twitter:label2\" content=\"Est. tempo de leitura\" \/>\n\t<meta name=\"twitter:data2\" content=\"3 minutos\" \/>\n<script type=\"application\/ld+json\" class=\"yoast-schema-graph\">{\"@context\":\"https:\\\/\\\/schema.org\",\"@graph\":[{\"@type\":[\"Article\",\"BlogPosting\"],\"@id\":\"https:\\\/\\\/maetinganoticias.com\\\/index.php\\\/2026\\\/09\\\/03\\\/senado-aprova-mp-da-taxa-das-blusinhas-e-isencao-se-torna-definitiva\\\/#article\",\"isPartOf\":{\"@id\":\"https:\\\/\\\/maetinganoticias.com\\\/index.php\\\/2026\\\/09\\\/03\\\/senado-aprova-mp-da-taxa-das-blusinhas-e-isencao-se-torna-definitiva\\\/\"},\"author\":{\"name\":\"Maetinga Not\u00edcias\",\"@id\":\"https:\\\/\\\/maetinganoticias.com\\\/#\\\/schema\\\/person\\\/968cf95e67a6810fc7fb35bbc9016962\"},\"headline\":\"Senado aprova MP da &#8220;taxa das blusinhas&#8221; e isen\u00e7\u00e3o se torna definitiva\",\"datePublished\":\"2026-09-03T23:14:47+00:00\",\"dateModified\":\"2026-09-03T23:15:10+00:00\",\"mainEntityOfPage\":{\"@id\":\"https:\\\/\\\/maetinganoticias.com\\\/index.php\\\/2026\\\/09\\\/03\\\/senado-aprova-mp-da-taxa-das-blusinhas-e-isencao-se-torna-definitiva\\\/\"},\"wordCount\":498,\"commentCount\":0,\"publisher\":{\"@id\":\"https:\\\/\\\/maetinganoticias.com\\\/#organization\"},\"image\":{\"@id\":\"https:\\\/\\\/maetinganoticias.com\\\/index.php\\\/2026\\\/09\\\/03\\\/senado-aprova-mp-da-taxa-das-blusinhas-e-isencao-se-torna-definitiva\\\/#primaryimage\"},\"thumbnailUrl\":\"https:\\\/\\\/maetinganoticias.com\\\/wp-content\\\/uploads\\\/2026\\\/09\\\/imagem_do_whatsapp_de_2024-06-01_as_16.55.51_d697879b.jpg\",\"articleSection\":[\"Economia\"],\"inLanguage\":\"pt-BR\",\"potentialAction\":[{\"@type\":\"CommentAction\",\"name\":\"Comment\",\"target\":[\"https:\\\/\\\/maetinganoticias.com\\\/index.php\\\/2026\\\/09\\\/03\\\/senado-aprova-mp-da-taxa-das-blusinhas-e-isencao-se-torna-definitiva\\\/#respond\"]}]},{\"@type\":\"WebPage\",\"@id\":\"https:\\\/\\\/maetinganoticias.com\\\/index.php\\\/2026\\\/09\\\/03\\\/senado-aprova-mp-da-taxa-das-blusinhas-e-isencao-se-torna-definitiva\\\/\",\"url\":\"https:\\\/\\\/maetinganoticias.com\\\/index.php\\\/2026\\\/09\\\/03\\\/senado-aprova-mp-da-taxa-das-blusinhas-e-isencao-se-torna-definitiva\\\/\",\"name\":\"Senado aprova MP da \\\"taxa das blusinhas\\\" e isen\u00e7\u00e3o se torna definitiva - Maetinga Not\u00edcias\",\"isPartOf\":{\"@id\":\"https:\\\/\\\/maetinganoticias.com\\\/#website\"},\"primaryImageOfPage\":{\"@id\":\"https:\\\/\\\/maetinganoticias.com\\\/index.php\\\/2026\\\/09\\\/03\\\/senado-aprova-mp-da-taxa-das-blusinhas-e-isencao-se-torna-definitiva\\\/#primaryimage\"},\"image\":{\"@id\":\"https:\\\/\\\/maetinganoticias.com\\\/index.php\\\/2026\\\/09\\\/03\\\/senado-aprova-mp-da-taxa-das-blusinhas-e-isencao-se-torna-definitiva\\\/#primaryimage\"},\"thumbnailUrl\":\"https:\\\/\\\/maetinganoticias.com\\\/wp-content\\\/uploads\\\/2026\\\/09\\\/imagem_do_whatsapp_de_2024-06-01_as_16.55.51_d697879b.jpg\",\"datePublished\":\"2026-09-03T23:14:47+00:00\",\"dateModified\":\"2026-09-03T23:15:10+00:00\",\"breadcrumb\":{\"@id\":\"https:\\\/\\\/maetinganoticias.com\\\/index.php\\\/2026\\\/09\\\/03\\\/senado-aprova-mp-da-taxa-das-blusinhas-e-isencao-se-torna-definitiva\\\/#breadcrumb\"},\"inLanguage\":\"pt-BR\",\"potentialAction\":[{\"@type\":\"ReadAction\",\"target\":[\"https:\\\/\\\/maetinganoticias.com\\\/index.php\\\/2026\\\/09\\\/03\\\/senado-aprova-mp-da-taxa-das-blusinhas-e-isencao-se-torna-definitiva\\\/\"]}]},{\"@type\":\"ImageObject\",\"inLanguage\":\"pt-BR\",\"@id\":\"https:\\\/\\\/maetinganoticias.com\\\/index.php\\\/2026\\\/09\\\/03\\\/senado-aprova-mp-da-taxa-das-blusinhas-e-isencao-se-torna-definitiva\\\/#primaryimage\",\"url\":\"https:\\\/\\\/maetinganoticias.com\\\/wp-content\\\/uploads\\\/2026\\\/09\\\/imagem_do_whatsapp_de_2024-06-01_as_16.55.51_d697879b.jpg\",\"contentUrl\":\"https:\\\/\\\/maetinganoticias.com\\\/wp-content\\\/uploads\\\/2026\\\/09\\\/imagem_do_whatsapp_de_2024-06-01_as_16.55.51_d697879b.jpg\",\"width\":1170,\"height\":700,\"caption\":\"\u00a9 Rafa Neddermeyer\\\/Ag\u00eancia Brasil\"},{\"@type\":\"BreadcrumbList\",\"@id\":\"https:\\\/\\\/maetinganoticias.com\\\/index.php\\\/2026\\\/09\\\/03\\\/senado-aprova-mp-da-taxa-das-blusinhas-e-isencao-se-torna-definitiva\\\/#breadcrumb\",\"itemListElement\":[{\"@type\":\"ListItem\",\"position\":1,\"name\":\"In\u00edcio\",\"item\":\"https:\\\/\\\/maetinganoticias.com\\\/\"},{\"@type\":\"ListItem\",\"position\":2,\"name\":\"Senado aprova MP da &#8220;taxa das blusinhas&#8221; e isen\u00e7\u00e3o se torna definitiva\"}]},{\"@type\":\"WebSite\",\"@id\":\"https:\\\/\\\/maetinganoticias.com\\\/#website\",\"url\":\"https:\\\/\\\/maetinganoticias.com\\\/\",\"name\":\"Maetinga Not\u00edcias\",\"description\":\"A Voz do Interior Baiano!\",\"publisher\":{\"@id\":\"https:\\\/\\\/maetinganoticias.com\\\/#organization\"},\"potentialAction\":[{\"@type\":\"SearchAction\",\"target\":{\"@type\":\"EntryPoint\",\"urlTemplate\":\"https:\\\/\\\/maetinganoticias.com\\\/?s={search_term_string}\"},\"query-input\":{\"@type\":\"PropertyValueSpecification\",\"valueRequired\":true,\"valueName\":\"search_term_string\"}}],\"inLanguage\":\"pt-BR\"},{\"@type\":\"Organization\",\"@id\":\"https:\\\/\\\/maetinganoticias.com\\\/#organization\",\"name\":\"Maetinga Not\u00edcias\",\"url\":\"https:\\\/\\\/maetinganoticias.com\\\/\",\"logo\":{\"@type\":\"ImageObject\",\"inLanguage\":\"pt-BR\",\"@id\":\"https:\\\/\\\/maetinganoticias.com\\\/#\\\/schema\\\/logo\\\/image\\\/\",\"url\":\"https:\\\/\\\/maetinganoticias.com\\\/wp-content\\\/uploads\\\/2023\\\/07\\\/cropped-cropped-cropped-cropped-BUSINESS-3-42-1.png\",\"contentUrl\":\"https:\\\/\\\/maetinganoticias.com\\\/wp-content\\\/uploads\\\/2023\\\/07\\\/cropped-cropped-cropped-cropped-BUSINESS-3-42-1.png\",\"width\":485,\"height\":109,\"caption\":\"Maetinga Not\u00edcias\"},\"image\":{\"@id\":\"https:\\\/\\\/maetinganoticias.com\\\/#\\\/schema\\\/logo\\\/image\\\/\"}},{\"@type\":\"Person\",\"@id\":\"https:\\\/\\\/maetinganoticias.com\\\/#\\\/schema\\\/person\\\/968cf95e67a6810fc7fb35bbc9016962\",\"name\":\"Maetinga Not\u00edcias\",\"image\":{\"@type\":\"ImageObject\",\"inLanguage\":\"pt-BR\",\"@id\":\"https:\\\/\\\/secure.gravatar.com\\\/avatar\\\/32e078313a5ca37a6c8d44e716ed4f9e87ecfde7222d2b88a1424bd49654f187?s=96&d=mm&r=g\",\"url\":\"https:\\\/\\\/secure.gravatar.com\\\/avatar\\\/32e078313a5ca37a6c8d44e716ed4f9e87ecfde7222d2b88a1424bd49654f187?s=96&d=mm&r=g\",\"contentUrl\":\"https:\\\/\\\/secure.gravatar.com\\\/avatar\\\/32e078313a5ca37a6c8d44e716ed4f9e87ecfde7222d2b88a1424bd49654f187?s=96&d=mm&r=g\",\"caption\":\"Maetinga Not\u00edcias\"},\"description\":\"A voz do Interior Baiano!\",\"sameAs\":[\"https:\\\/\\\/maetinganoticias.com\",\"https:\\\/\\\/www.instagram.com\\\/blogmaetinganoticias\\\/\"],\"url\":\"https:\\\/\\\/maetinganoticias.com\\\/index.php\\\/author\\\/carlosvianna13\\\/\"}]}<\/script>\n<!-- \/ Yoast SEO plugin. -->","yoast_head_json":{"title":"Senado aprova MP da \"taxa das blusinhas\" e isen\u00e7\u00e3o se torna definitiva - Maetinga Not\u00edcias","robots":{"index":"index","follow":"follow","max-snippet":"max-snippet:-1","max-image-preview":"max-image-preview:large","max-video-preview":"max-video-preview:-1"},"canonical":"https:\/\/maetinganoticias.com\/index.php\/2026\/09\/03\/senado-aprova-mp-da-taxa-das-blusinhas-e-isencao-se-torna-definitiva\/","og_locale":"pt_BR","og_type":"article","og_title":"Senado aprova MP da \"taxa das blusinhas\" e isen\u00e7\u00e3o se torna definitiva - Maetinga Not\u00edcias","og_description":"Texto zera imposto em compras internacionais de at\u00e9 50 d\u00f3lares Assim como a\u00a0C\u00e2mara dos Deputados, o plen\u00e1rio do Senado Federal tamb\u00e9m aprovou, nesta quinta-feira (3), em vota\u00e7\u00e3o simb\u00f3lica, a medida provis\u00f3ria (MP) da chamada &#8220;taxa das blusinhas&#8221;.\u00a0 O texto zera o imposto de 20% sobre compras internacionais de at\u00e9 50 d\u00f3lares (cerca de R$ 257) [&hellip;]","og_url":"https:\/\/maetinganoticias.com\/index.php\/2026\/09\/03\/senado-aprova-mp-da-taxa-das-blusinhas-e-isencao-se-torna-definitiva\/","og_site_name":"Maetinga Not\u00edcias","article_published_time":"2026-09-03T23:14:47+00:00","article_modified_time":"2026-09-03T23:15:10+00:00","og_image":[{"width":1170,"height":700,"url":"https:\/\/maetinganoticias.com\/wp-content\/uploads\/2026\/09\/imagem_do_whatsapp_de_2024-06-01_as_16.55.51_d697879b.jpg","type":"image\/jpeg"}],"author":"Maetinga Not\u00edcias","twitter_card":"summary_large_image","twitter_misc":{"Escrito por":"Maetinga Not\u00edcias","Est. tempo de leitura":"3 minutos"},"schema":{"@context":"https:\/\/schema.org","@graph":[{"@type":["Article","BlogPosting"],"@id":"https:\/\/maetinganoticias.com\/index.php\/2026\/09\/03\/senado-aprova-mp-da-taxa-das-blusinhas-e-isencao-se-torna-definitiva\/#article","isPartOf":{"@id":"https:\/\/maetinganoticias.com\/index.php\/2026\/09\/03\/senado-aprova-mp-da-taxa-das-blusinhas-e-isencao-se-torna-definitiva\/"},"author":{"name":"Maetinga Not\u00edcias","@id":"https:\/\/maetinganoticias.com\/#\/schema\/person\/968cf95e67a6810fc7fb35bbc9016962"},"headline":"Senado aprova MP da &#8220;taxa das blusinhas&#8221; e isen\u00e7\u00e3o se torna definitiva","datePublished":"2026-09-03T23:14:47+00:00","dateModified":"2026-09-03T23:15:10+00:00","mainEntityOfPage":{"@id":"https:\/\/maetinganoticias.com\/index.php\/2026\/09\/03\/senado-aprova-mp-da-taxa-das-blusinhas-e-isencao-se-torna-definitiva\/"},"wordCount":498,"commentCount":0,"publisher":{"@id":"https:\/\/maetinganoticias.com\/#organization"},"image":{"@id":"https:\/\/maetinganoticias.com\/index.php\/2026\/09\/03\/senado-aprova-mp-da-taxa-das-blusinhas-e-isencao-se-torna-definitiva\/#primaryimage"},"thumbnailUrl":"https:\/\/maetinganoticias.com\/wp-content\/uploads\/2026\/09\/imagem_do_whatsapp_de_2024-06-01_as_16.55.51_d697879b.jpg","articleSection":["Economia"],"inLanguage":"pt-BR","potentialAction":[{"@type":"CommentAction","name":"Comment","target":["https:\/\/maetinganoticias.com\/index.php\/2026\/09\/03\/senado-aprova-mp-da-taxa-das-blusinhas-e-isencao-se-torna-definitiva\/#respond"]}]},{"@type":"WebPage","@id":"https:\/\/maetinganoticias.com\/index.php\/2026\/09\/03\/senado-aprova-mp-da-taxa-das-blusinhas-e-isencao-se-torna-definitiva\/","url":"https:\/\/maetinganoticias.com\/index.php\/2026\/09\/03\/senado-aprova-mp-da-taxa-das-blusinhas-e-isencao-se-torna-definitiva\/","name":"Senado aprova MP da \"taxa das blusinhas\" e isen\u00e7\u00e3o se torna definitiva - Maetinga Not\u00edcias","isPartOf":{"@id":"https:\/\/maetinganoticias.com\/#website"},"primaryImageOfPage":{"@id":"https:\/\/maetinganoticias.com\/index.php\/2026\/09\/03\/senado-aprova-mp-da-taxa-das-blusinhas-e-isencao-se-torna-definitiva\/#primaryimage"},"image":{"@id":"https:\/\/maetinganoticias.com\/index.php\/2026\/09\/03\/senado-aprova-mp-da-taxa-das-blusinhas-e-isencao-se-torna-definitiva\/#primaryimage"},"thumbnailUrl":"https:\/\/maetinganoticias.com\/wp-content\/uploads\/2026\/09\/imagem_do_whatsapp_de_2024-06-01_as_16.55.51_d697879b.jpg","datePublished":"2026-09-03T23:14:47+00:00","dateModified":"2026-09-03T23:15:10+00:00","breadcrumb":{"@id":"https:\/\/maetinganoticias.com\/index.php\/2026\/09\/03\/senado-aprova-mp-da-taxa-das-blusinhas-e-isencao-se-torna-definitiva\/#breadcrumb"},"inLanguage":"pt-BR","potentialAction":[{"@type":"ReadAction","target":["https:\/\/maetinganoticias.com\/index.php\/2026\/09\/03\/senado-aprova-mp-da-taxa-das-blusinhas-e-isencao-se-torna-definitiva\/"]}]},{"@type":"ImageObject","inLanguage":"pt-BR","@id":"https:\/\/maetinganoticias.com\/index.php\/2026\/09\/03\/senado-aprova-mp-da-taxa-das-blusinhas-e-isencao-se-torna-definitiva\/#primaryimage","url":"https:\/\/maetinganoticias.com\/wp-content\/uploads\/2026\/09\/imagem_do_whatsapp_de_2024-06-01_as_16.55.51_d697879b.jpg","contentUrl":"https:\/\/maetinganoticias.com\/wp-content\/uploads\/2026\/09\/imagem_do_whatsapp_de_2024-06-01_as_16.55.51_d697879b.jpg","width":1170,"height":700,"caption":"\u00a9 Rafa Neddermeyer\/Ag\u00eancia Brasil"},{"@type":"BreadcrumbList","@id":"https:\/\/maetinganoticias.com\/index.php\/2026\/09\/03\/senado-aprova-mp-da-taxa-das-blusinhas-e-isencao-se-torna-definitiva\/#breadcrumb","itemListElement":[{"@type":"ListItem","position":1,"name":"In\u00edcio","item":"https:\/\/maetinganoticias.com\/"},{"@type":"ListItem","position":2,"name":"Senado aprova MP da &#8220;taxa das blusinhas&#8221; e isen\u00e7\u00e3o se torna definitiva"}]},{"@type":"WebSite","@id":"https:\/\/maetinganoticias.com\/#website","url":"https:\/\/maetinganoticias.com\/","name":"Maetinga Not\u00edcias","description":"A Voz do Interior Baiano!","publisher":{"@id":"https:\/\/maetinganoticias.com\/#organization"},"potentialAction":[{"@type":"SearchAction","target":{"@type":"EntryPoint","urlTemplate":"https:\/\/maetinganoticias.com\/?s={search_term_string}"},"query-input":{"@type":"PropertyValueSpecification","valueRequired":true,"valueName":"search_term_string"}}],"inLanguage":"pt-BR"},{"@type":"Organization","@id":"https:\/\/maetinganoticias.com\/#organization","name":"Maetinga Not\u00edcias","url":"https:\/\/maetinganoticias.com\/","logo":{"@type":"ImageObject","inLanguage":"pt-BR","@id":"https:\/\/maetinganoticias.com\/#\/schema\/logo\/image\/","url":"https:\/\/maetinganoticias.com\/wp-content\/uploads\/2023\/07\/cropped-cropped-cropped-cropped-BUSINESS-3-42-1.png","contentUrl":"https:\/\/maetinganoticias.com\/wp-content\/uploads\/2023\/07\/cropped-cropped-cropped-cropped-BUSINESS-3-42-1.png","width":485,"height":109,"caption":"Maetinga Not\u00edcias"},"image":{"@id":"https:\/\/maetinganoticias.com\/#\/schema\/logo\/image\/"}},{"@type":"Person","@id":"https:\/\/maetinganoticias.com\/#\/schema\/person\/968cf95e67a6810fc7fb35bbc9016962","name":"Maetinga Not\u00edcias","image":{"@type":"ImageObject","inLanguage":"pt-BR","@id":"https:\/\/secure.gravatar.com\/avatar\/32e078313a5ca37a6c8d44e716ed4f9e87ecfde7222d2b88a1424bd49654f187?s=96&d=mm&r=g","url":"https:\/\/secure.gravatar.com\/avatar\/32e078313a5ca37a6c8d44e716ed4f9e87ecfde7222d2b88a1424bd49654f187?s=96&d=mm&r=g","contentUrl":"https:\/\/secure.gravatar.com\/avatar\/32e078313a5ca37a6c8d44e716ed4f9e87ecfde7222d2b88a1424bd49654f187?s=96&d=mm&r=g","caption":"Maetinga Not\u00edcias"},"description":"A voz do Interior Baiano!","sameAs":["https:\/\/maetinganoticias.com","https:\/\/www.instagram.com\/blogmaetinganoticias\/"],"url":"https:\/\/maetinganoticias.com\/index.php\/author\/carlosvianna13\/"}]}},"_links":{"self":[{"href":"https:\/\/maetinganoticias.com\/index.php\/wp-json\/wp\/v2\/posts\/13542","targetHints":{"allow":["GET"]}}],"collection":[{"href":"https:\/\/maetinganoticias.com\/index.php\/wp-json\/wp\/v2\/posts"}],"about":[{"href":"https:\/\/maetinganoticias.com\/index.php\/wp-json\/wp\/v2\/types\/post"}],"author":[{"embeddable":true,"href":"https:\/\/maetinganoticias.com\/index.php\/wp-json\/wp\/v2\/users\/1"}],"replies":[{"embeddable":true,"href":"https:\/\/maetinganoticias.com\/index.php\/wp-json\/wp\/v2\/comments?post=13542"}],"version-history":[{"count":2,"href":"https:\/\/maetinganoticias.com\/index.php\/wp-json\/wp\/v2\/posts\/13542\/revisions"}],"predecessor-version":[{"id":13545,"href":"https:\/\/maetinganoticias.com\/index.php\/wp-json\/wp\/v2\/posts\/13542\/revisions\/13545"}],"wp:featuredmedia":[{"embeddable":true,"href":"https:\/\/maetinganoticias.com\/index.php\/wp-json\/wp\/v2\/media\/13543"}],"wp:attachment":[{"href":"https:\/\/maetinganoticias.com\/index.php\/wp-json\/wp\/v2\/media?parent=13542"}],"wp:term":[{"taxonomy":"category","embeddable":true,"href":"https:\/\/maetinganoticias.com\/index.php\/wp-json\/wp\/v2\/categories?post=13542"},{"taxonomy":"post_tag","embeddable":true,"href":"https:\/\/maetinganoticias.com\/index.php\/wp-json\/wp\/v2\/tags?post=13542"}],"curies":[{"name":"wp","href":"https:\/\/api.w.org\/{rel}","templated":true}]}}