{"id":13532,"date":"2026-09-02T20:43:30","date_gmt":"2026-09-02T23:43:30","guid":{"rendered":"https:\/\/maetinganoticias.com\/?p=13532"},"modified":"2026-09-02T20:43:31","modified_gmt":"2026-09-02T23:43:31","slug":"sudoeste-da-bahia-pode-ter-chuvas-acima-da-media-historica-durante-o-mes-de-setembro","status":"publish","type":"post","link":"https:\/\/maetinganoticias.com\/index.php\/2026\/09\/02\/sudoeste-da-bahia-pode-ter-chuvas-acima-da-media-historica-durante-o-mes-de-setembro\/","title":{"rendered":"Sudoeste da Bahia pode ter chuvas acima da m\u00e9dia hist\u00f3rica durante o m\u00eas de setembro."},"content":{"rendered":"\n<p class=\"wp-block-paragraph\">O Sudoeste da Bahia deve registrar chuvas acima da m\u00e9dia hist\u00f3rica durante setembro, segundo o Instituto Nacional de Meteorologia (Inmet). A previs\u00e3o pode ajudar na recupera\u00e7\u00e3o de \u00e1reas afetadas pela estiagem, favorecendo reservat\u00f3rios, pastagens e atividades agr\u00edcolas.<\/p>\n\n\n\n<p class=\"wp-block-paragraph\">A tend\u00eancia de chuvas acima da m\u00e9dia tamb\u00e9m alcan\u00e7a \u00e1reas do oeste da Bahia, sul do Piau\u00ed e sudoeste do Maranh\u00e3o. J\u00e1 em outras partes do Nordeste, os volumes devem ficar pr\u00f3ximos da m\u00e9dia.<\/p>\n\n\n\n<p class=\"wp-block-paragraph\">Apesar da previs\u00e3o de chuva, o calor deve continuar intenso. Na regi\u00e3o central da Bahia, as temperaturas podem ficar at\u00e9 1,5\u00b0C acima da m\u00e9dia climatol\u00f3gica.<\/p>\n","protected":false},"excerpt":{"rendered":"<p>O Sudoeste da Bahia deve registrar chuvas acima da m\u00e9dia hist\u00f3rica durante setembro, segundo o Instituto Nacional de Meteorologia (Inmet). A previs\u00e3o pode ajudar na recupera\u00e7\u00e3o de \u00e1reas afetadas pela estiagem, favorecendo reservat\u00f3rios, pastagens e atividades agr\u00edcolas. A tend\u00eancia de chuvas acima da m\u00e9dia tamb\u00e9m alcan\u00e7a \u00e1reas do oeste da Bahia, sul do Piau\u00ed e [&hellip;]<\/p>\n","protected":false},"author":1,"featured_media":13533,"comment_status":"open","ping_status":"open","sticky":false,"template":"","format":"standard","meta":{"om_disable_all_campaigns":false,"_monsterinsights_skip_tracking":false,"_uf_show_specific_survey":0,"_uf_disable_surveys":false,"footnotes":""},"categories":[158],"tags":[],"class_list":["post-13532","post","type-post","status-publish","format-standard","has-post-thumbnail","category-sudoeste-da-bahia"],"yoast_head":"<!-- This site is optimized with the Yoast SEO plugin v28.2 - https:\/\/yoast.com\/product\/yoast-seo-wordpress\/ -->\n<title>Sudoeste da Bahia pode ter chuvas acima da m\u00e9dia hist\u00f3rica durante o m\u00eas de setembro. - Maetinga Not\u00edcias<\/title>\n<meta name=\"robots\" content=\"index, follow, max-snippet:-1, max-image-preview:large, max-video-preview:-1\" \/>\n<link rel=\"canonical\" href=\"https:\/\/maetinganoticias.com\/index.php\/2026\/09\/02\/sudoeste-da-bahia-pode-ter-chuvas-acima-da-media-historica-durante-o-mes-de-setembro\/\" \/>\n<meta property=\"og:locale\" content=\"pt_BR\" \/>\n<meta property=\"og:type\" content=\"article\" \/>\n<meta property=\"og:title\" content=\"Sudoeste da Bahia pode ter chuvas acima da m\u00e9dia hist\u00f3rica durante o m\u00eas de setembro. - Maetinga Not\u00edcias\" \/>\n<meta property=\"og:description\" content=\"O Sudoeste da Bahia deve registrar chuvas acima da m\u00e9dia hist\u00f3rica durante setembro, segundo o Instituto Nacional de Meteorologia (Inmet). A previs\u00e3o pode ajudar na recupera\u00e7\u00e3o de \u00e1reas afetadas pela estiagem, favorecendo reservat\u00f3rios, pastagens e atividades agr\u00edcolas. A tend\u00eancia de chuvas acima da m\u00e9dia tamb\u00e9m alcan\u00e7a \u00e1reas do oeste da Bahia, sul do Piau\u00ed e [&hellip;]\" \/>\n<meta property=\"og:url\" content=\"https:\/\/maetinganoticias.com\/index.php\/2026\/09\/02\/sudoeste-da-bahia-pode-ter-chuvas-acima-da-media-historica-durante-o-mes-de-setembro\/\" \/>\n<meta property=\"og:site_name\" content=\"Maetinga Not\u00edcias\" \/>\n<meta property=\"article:published_time\" content=\"2026-09-02T23:43:30+00:00\" \/>\n<meta property=\"article:modified_time\" content=\"2026-09-02T23:43:31+00:00\" \/>\n<meta property=\"og:image\" content=\"https:\/\/maetinganoticias.com\/wp-content\/uploads\/2026\/09\/Tempo-Agora-no-vale.jpg.webp\" \/>\n\t<meta property=\"og:image:width\" content=\"626\" \/>\n\t<meta property=\"og:image:height\" content=\"352\" \/>\n\t<meta property=\"og:image:type\" content=\"image\/webp\" \/>\n<meta name=\"author\" content=\"Maetinga Not\u00edcias\" \/>\n<meta name=\"twitter:card\" content=\"summary_large_image\" \/>\n<meta name=\"twitter:label1\" content=\"Escrito por\" \/>\n\t<meta name=\"twitter:data1\" content=\"Maetinga Not\u00edcias\" \/>\n\t<meta name=\"twitter:label2\" content=\"Est. tempo de leitura\" \/>\n\t<meta name=\"twitter:data2\" content=\"1 minuto\" \/>\n<script type=\"application\/ld+json\" class=\"yoast-schema-graph\">{\"@context\":\"https:\\\/\\\/schema.org\",\"@graph\":[{\"@type\":[\"Article\",\"BlogPosting\"],\"@id\":\"https:\\\/\\\/maetinganoticias.com\\\/index.php\\\/2026\\\/09\\\/02\\\/sudoeste-da-bahia-pode-ter-chuvas-acima-da-media-historica-durante-o-mes-de-setembro\\\/#article\",\"isPartOf\":{\"@id\":\"https:\\\/\\\/maetinganoticias.com\\\/index.php\\\/2026\\\/09\\\/02\\\/sudoeste-da-bahia-pode-ter-chuvas-acima-da-media-historica-durante-o-mes-de-setembro\\\/\"},\"author\":{\"name\":\"Maetinga Not\u00edcias\",\"@id\":\"https:\\\/\\\/maetinganoticias.com\\\/#\\\/schema\\\/person\\\/968cf95e67a6810fc7fb35bbc9016962\"},\"headline\":\"Sudoeste da Bahia pode ter chuvas acima da m\u00e9dia hist\u00f3rica durante o m\u00eas de setembro.\",\"datePublished\":\"2026-09-02T23:43:30+00:00\",\"dateModified\":\"2026-09-02T23:43:31+00:00\",\"mainEntityOfPage\":{\"@id\":\"https:\\\/\\\/maetinganoticias.com\\\/index.php\\\/2026\\\/09\\\/02\\\/sudoeste-da-bahia-pode-ter-chuvas-acima-da-media-historica-durante-o-mes-de-setembro\\\/\"},\"wordCount\":131,\"commentCount\":0,\"publisher\":{\"@id\":\"https:\\\/\\\/maetinganoticias.com\\\/#organization\"},\"image\":{\"@id\":\"https:\\\/\\\/maetinganoticias.com\\\/index.php\\\/2026\\\/09\\\/02\\\/sudoeste-da-bahia-pode-ter-chuvas-acima-da-media-historica-durante-o-mes-de-setembro\\\/#primaryimage\"},\"thumbnailUrl\":\"https:\\\/\\\/maetinganoticias.com\\\/wp-content\\\/uploads\\\/2026\\\/09\\\/Tempo-Agora-no-vale.jpg.webp\",\"articleSection\":[\"SUDOESTE DA BAHIA\"],\"inLanguage\":\"pt-BR\",\"potentialAction\":[{\"@type\":\"CommentAction\",\"name\":\"Comment\",\"target\":[\"https:\\\/\\\/maetinganoticias.com\\\/index.php\\\/2026\\\/09\\\/02\\\/sudoeste-da-bahia-pode-ter-chuvas-acima-da-media-historica-durante-o-mes-de-setembro\\\/#respond\"]}]},{\"@type\":\"WebPage\",\"@id\":\"https:\\\/\\\/maetinganoticias.com\\\/index.php\\\/2026\\\/09\\\/02\\\/sudoeste-da-bahia-pode-ter-chuvas-acima-da-media-historica-durante-o-mes-de-setembro\\\/\",\"url\":\"https:\\\/\\\/maetinganoticias.com\\\/index.php\\\/2026\\\/09\\\/02\\\/sudoeste-da-bahia-pode-ter-chuvas-acima-da-media-historica-durante-o-mes-de-setembro\\\/\",\"name\":\"Sudoeste da Bahia pode ter chuvas acima da m\u00e9dia hist\u00f3rica durante o m\u00eas de setembro. - Maetinga Not\u00edcias\",\"isPartOf\":{\"@id\":\"https:\\\/\\\/maetinganoticias.com\\\/#website\"},\"primaryImageOfPage\":{\"@id\":\"https:\\\/\\\/maetinganoticias.com\\\/index.php\\\/2026\\\/09\\\/02\\\/sudoeste-da-bahia-pode-ter-chuvas-acima-da-media-historica-durante-o-mes-de-setembro\\\/#primaryimage\"},\"image\":{\"@id\":\"https:\\\/\\\/maetinganoticias.com\\\/index.php\\\/2026\\\/09\\\/02\\\/sudoeste-da-bahia-pode-ter-chuvas-acima-da-media-historica-durante-o-mes-de-setembro\\\/#primaryimage\"},\"thumbnailUrl\":\"https:\\\/\\\/maetinganoticias.com\\\/wp-content\\\/uploads\\\/2026\\\/09\\\/Tempo-Agora-no-vale.jpg.webp\",\"datePublished\":\"2026-09-02T23:43:30+00:00\",\"dateModified\":\"2026-09-02T23:43:31+00:00\",\"breadcrumb\":{\"@id\":\"https:\\\/\\\/maetinganoticias.com\\\/index.php\\\/2026\\\/09\\\/02\\\/sudoeste-da-bahia-pode-ter-chuvas-acima-da-media-historica-durante-o-mes-de-setembro\\\/#breadcrumb\"},\"inLanguage\":\"pt-BR\",\"potentialAction\":[{\"@type\":\"ReadAction\",\"target\":[\"https:\\\/\\\/maetinganoticias.com\\\/index.php\\\/2026\\\/09\\\/02\\\/sudoeste-da-bahia-pode-ter-chuvas-acima-da-media-historica-durante-o-mes-de-setembro\\\/\"]}]},{\"@type\":\"ImageObject\",\"inLanguage\":\"pt-BR\",\"@id\":\"https:\\\/\\\/maetinganoticias.com\\\/index.php\\\/2026\\\/09\\\/02\\\/sudoeste-da-bahia-pode-ter-chuvas-acima-da-media-historica-durante-o-mes-de-setembro\\\/#primaryimage\",\"url\":\"https:\\\/\\\/maetinganoticias.com\\\/wp-content\\\/uploads\\\/2026\\\/09\\\/Tempo-Agora-no-vale.jpg.webp\",\"contentUrl\":\"https:\\\/\\\/maetinganoticias.com\\\/wp-content\\\/uploads\\\/2026\\\/09\\\/Tempo-Agora-no-vale.jpg.webp\",\"width\":626,\"height\":352,\"caption\":\"Foto: divulga\u00e7\u00e3o\"},{\"@type\":\"BreadcrumbList\",\"@id\":\"https:\\\/\\\/maetinganoticias.com\\\/index.php\\\/2026\\\/09\\\/02\\\/sudoeste-da-bahia-pode-ter-chuvas-acima-da-media-historica-durante-o-mes-de-setembro\\\/#breadcrumb\",\"itemListElement\":[{\"@type\":\"ListItem\",\"position\":1,\"name\":\"In\u00edcio\",\"item\":\"https:\\\/\\\/maetinganoticias.com\\\/\"},{\"@type\":\"ListItem\",\"position\":2,\"name\":\"Sudoeste da Bahia pode ter chuvas acima da m\u00e9dia hist\u00f3rica durante o m\u00eas de setembro.\"}]},{\"@type\":\"WebSite\",\"@id\":\"https:\\\/\\\/maetinganoticias.com\\\/#website\",\"url\":\"https:\\\/\\\/maetinganoticias.com\\\/\",\"name\":\"Maetinga Not\u00edcias\",\"description\":\"A Voz do Interior Baiano!\",\"publisher\":{\"@id\":\"https:\\\/\\\/maetinganoticias.com\\\/#organization\"},\"potentialAction\":[{\"@type\":\"SearchAction\",\"target\":{\"@type\":\"EntryPoint\",\"urlTemplate\":\"https:\\\/\\\/maetinganoticias.com\\\/?s={search_term_string}\"},\"query-input\":{\"@type\":\"PropertyValueSpecification\",\"valueRequired\":true,\"valueName\":\"search_term_string\"}}],\"inLanguage\":\"pt-BR\"},{\"@type\":\"Organization\",\"@id\":\"https:\\\/\\\/maetinganoticias.com\\\/#organization\",\"name\":\"Maetinga Not\u00edcias\",\"url\":\"https:\\\/\\\/maetinganoticias.com\\\/\",\"logo\":{\"@type\":\"ImageObject\",\"inLanguage\":\"pt-BR\",\"@id\":\"https:\\\/\\\/maetinganoticias.com\\\/#\\\/schema\\\/logo\\\/image\\\/\",\"url\":\"https:\\\/\\\/maetinganoticias.com\\\/wp-content\\\/uploads\\\/2023\\\/07\\\/cropped-cropped-cropped-cropped-BUSINESS-3-42-1.png\",\"contentUrl\":\"https:\\\/\\\/maetinganoticias.com\\\/wp-content\\\/uploads\\\/2023\\\/07\\\/cropped-cropped-cropped-cropped-BUSINESS-3-42-1.png\",\"width\":485,\"height\":109,\"caption\":\"Maetinga Not\u00edcias\"},\"image\":{\"@id\":\"https:\\\/\\\/maetinganoticias.com\\\/#\\\/schema\\\/logo\\\/image\\\/\"}},{\"@type\":\"Person\",\"@id\":\"https:\\\/\\\/maetinganoticias.com\\\/#\\\/schema\\\/person\\\/968cf95e67a6810fc7fb35bbc9016962\",\"name\":\"Maetinga Not\u00edcias\",\"image\":{\"@type\":\"ImageObject\",\"inLanguage\":\"pt-BR\",\"@id\":\"https:\\\/\\\/secure.gravatar.com\\\/avatar\\\/32e078313a5ca37a6c8d44e716ed4f9e87ecfde7222d2b88a1424bd49654f187?s=96&d=mm&r=g\",\"url\":\"https:\\\/\\\/secure.gravatar.com\\\/avatar\\\/32e078313a5ca37a6c8d44e716ed4f9e87ecfde7222d2b88a1424bd49654f187?s=96&d=mm&r=g\",\"contentUrl\":\"https:\\\/\\\/secure.gravatar.com\\\/avatar\\\/32e078313a5ca37a6c8d44e716ed4f9e87ecfde7222d2b88a1424bd49654f187?s=96&d=mm&r=g\",\"caption\":\"Maetinga Not\u00edcias\"},\"description\":\"A voz do Interior Baiano!\",\"sameAs\":[\"https:\\\/\\\/maetinganoticias.com\",\"https:\\\/\\\/www.instagram.com\\\/blogmaetinganoticias\\\/\"],\"url\":\"https:\\\/\\\/maetinganoticias.com\\\/index.php\\\/author\\\/carlosvianna13\\\/\"}]}<\/script>\n<!-- \/ Yoast SEO plugin. -->","yoast_head_json":{"title":"Sudoeste da Bahia pode ter chuvas acima da m\u00e9dia hist\u00f3rica durante o m\u00eas de setembro. - Maetinga Not\u00edcias","robots":{"index":"index","follow":"follow","max-snippet":"max-snippet:-1","max-image-preview":"max-image-preview:large","max-video-preview":"max-video-preview:-1"},"canonical":"https:\/\/maetinganoticias.com\/index.php\/2026\/09\/02\/sudoeste-da-bahia-pode-ter-chuvas-acima-da-media-historica-durante-o-mes-de-setembro\/","og_locale":"pt_BR","og_type":"article","og_title":"Sudoeste da Bahia pode ter chuvas acima da m\u00e9dia hist\u00f3rica durante o m\u00eas de setembro. - Maetinga Not\u00edcias","og_description":"O Sudoeste da Bahia deve registrar chuvas acima da m\u00e9dia hist\u00f3rica durante setembro, segundo o Instituto Nacional de Meteorologia (Inmet). A previs\u00e3o pode ajudar na recupera\u00e7\u00e3o de \u00e1reas afetadas pela estiagem, favorecendo reservat\u00f3rios, pastagens e atividades agr\u00edcolas. A tend\u00eancia de chuvas acima da m\u00e9dia tamb\u00e9m alcan\u00e7a \u00e1reas do oeste da Bahia, sul do Piau\u00ed e [&hellip;]","og_url":"https:\/\/maetinganoticias.com\/index.php\/2026\/09\/02\/sudoeste-da-bahia-pode-ter-chuvas-acima-da-media-historica-durante-o-mes-de-setembro\/","og_site_name":"Maetinga Not\u00edcias","article_published_time":"2026-09-02T23:43:30+00:00","article_modified_time":"2026-09-02T23:43:31+00:00","og_image":[{"width":626,"height":352,"url":"https:\/\/maetinganoticias.com\/wp-content\/uploads\/2026\/09\/Tempo-Agora-no-vale.jpg.webp","type":"image\/webp"}],"author":"Maetinga Not\u00edcias","twitter_card":"summary_large_image","twitter_misc":{"Escrito por":"Maetinga Not\u00edcias","Est. tempo de leitura":"1 minuto"},"schema":{"@context":"https:\/\/schema.org","@graph":[{"@type":["Article","BlogPosting"],"@id":"https:\/\/maetinganoticias.com\/index.php\/2026\/09\/02\/sudoeste-da-bahia-pode-ter-chuvas-acima-da-media-historica-durante-o-mes-de-setembro\/#article","isPartOf":{"@id":"https:\/\/maetinganoticias.com\/index.php\/2026\/09\/02\/sudoeste-da-bahia-pode-ter-chuvas-acima-da-media-historica-durante-o-mes-de-setembro\/"},"author":{"name":"Maetinga Not\u00edcias","@id":"https:\/\/maetinganoticias.com\/#\/schema\/person\/968cf95e67a6810fc7fb35bbc9016962"},"headline":"Sudoeste da Bahia pode ter chuvas acima da m\u00e9dia hist\u00f3rica durante o m\u00eas de setembro.","datePublished":"2026-09-02T23:43:30+00:00","dateModified":"2026-09-02T23:43:31+00:00","mainEntityOfPage":{"@id":"https:\/\/maetinganoticias.com\/index.php\/2026\/09\/02\/sudoeste-da-bahia-pode-ter-chuvas-acima-da-media-historica-durante-o-mes-de-setembro\/"},"wordCount":131,"commentCount":0,"publisher":{"@id":"https:\/\/maetinganoticias.com\/#organization"},"image":{"@id":"https:\/\/maetinganoticias.com\/index.php\/2026\/09\/02\/sudoeste-da-bahia-pode-ter-chuvas-acima-da-media-historica-durante-o-mes-de-setembro\/#primaryimage"},"thumbnailUrl":"https:\/\/maetinganoticias.com\/wp-content\/uploads\/2026\/09\/Tempo-Agora-no-vale.jpg.webp","articleSection":["SUDOESTE DA BAHIA"],"inLanguage":"pt-BR","potentialAction":[{"@type":"CommentAction","name":"Comment","target":["https:\/\/maetinganoticias.com\/index.php\/2026\/09\/02\/sudoeste-da-bahia-pode-ter-chuvas-acima-da-media-historica-durante-o-mes-de-setembro\/#respond"]}]},{"@type":"WebPage","@id":"https:\/\/maetinganoticias.com\/index.php\/2026\/09\/02\/sudoeste-da-bahia-pode-ter-chuvas-acima-da-media-historica-durante-o-mes-de-setembro\/","url":"https:\/\/maetinganoticias.com\/index.php\/2026\/09\/02\/sudoeste-da-bahia-pode-ter-chuvas-acima-da-media-historica-durante-o-mes-de-setembro\/","name":"Sudoeste da Bahia pode ter chuvas acima da m\u00e9dia hist\u00f3rica durante o m\u00eas de setembro. - Maetinga Not\u00edcias","isPartOf":{"@id":"https:\/\/maetinganoticias.com\/#website"},"primaryImageOfPage":{"@id":"https:\/\/maetinganoticias.com\/index.php\/2026\/09\/02\/sudoeste-da-bahia-pode-ter-chuvas-acima-da-media-historica-durante-o-mes-de-setembro\/#primaryimage"},"image":{"@id":"https:\/\/maetinganoticias.com\/index.php\/2026\/09\/02\/sudoeste-da-bahia-pode-ter-chuvas-acima-da-media-historica-durante-o-mes-de-setembro\/#primaryimage"},"thumbnailUrl":"https:\/\/maetinganoticias.com\/wp-content\/uploads\/2026\/09\/Tempo-Agora-no-vale.jpg.webp","datePublished":"2026-09-02T23:43:30+00:00","dateModified":"2026-09-02T23:43:31+00:00","breadcrumb":{"@id":"https:\/\/maetinganoticias.com\/index.php\/2026\/09\/02\/sudoeste-da-bahia-pode-ter-chuvas-acima-da-media-historica-durante-o-mes-de-setembro\/#breadcrumb"},"inLanguage":"pt-BR","potentialAction":[{"@type":"ReadAction","target":["https:\/\/maetinganoticias.com\/index.php\/2026\/09\/02\/sudoeste-da-bahia-pode-ter-chuvas-acima-da-media-historica-durante-o-mes-de-setembro\/"]}]},{"@type":"ImageObject","inLanguage":"pt-BR","@id":"https:\/\/maetinganoticias.com\/index.php\/2026\/09\/02\/sudoeste-da-bahia-pode-ter-chuvas-acima-da-media-historica-durante-o-mes-de-setembro\/#primaryimage","url":"https:\/\/maetinganoticias.com\/wp-content\/uploads\/2026\/09\/Tempo-Agora-no-vale.jpg.webp","contentUrl":"https:\/\/maetinganoticias.com\/wp-content\/uploads\/2026\/09\/Tempo-Agora-no-vale.jpg.webp","width":626,"height":352,"caption":"Foto: divulga\u00e7\u00e3o"},{"@type":"BreadcrumbList","@id":"https:\/\/maetinganoticias.com\/index.php\/2026\/09\/02\/sudoeste-da-bahia-pode-ter-chuvas-acima-da-media-historica-durante-o-mes-de-setembro\/#breadcrumb","itemListElement":[{"@type":"ListItem","position":1,"name":"In\u00edcio","item":"https:\/\/maetinganoticias.com\/"},{"@type":"ListItem","position":2,"name":"Sudoeste da Bahia pode ter chuvas acima da m\u00e9dia hist\u00f3rica durante o m\u00eas de setembro."}]},{"@type":"WebSite","@id":"https:\/\/maetinganoticias.com\/#website","url":"https:\/\/maetinganoticias.com\/","name":"Maetinga Not\u00edcias","description":"A Voz do Interior Baiano!","publisher":{"@id":"https:\/\/maetinganoticias.com\/#organization"},"potentialAction":[{"@type":"SearchAction","target":{"@type":"EntryPoint","urlTemplate":"https:\/\/maetinganoticias.com\/?s={search_term_string}"},"query-input":{"@type":"PropertyValueSpecification","valueRequired":true,"valueName":"search_term_string"}}],"inLanguage":"pt-BR"},{"@type":"Organization","@id":"https:\/\/maetinganoticias.com\/#organization","name":"Maetinga Not\u00edcias","url":"https:\/\/maetinganoticias.com\/","logo":{"@type":"ImageObject","inLanguage":"pt-BR","@id":"https:\/\/maetinganoticias.com\/#\/schema\/logo\/image\/","url":"https:\/\/maetinganoticias.com\/wp-content\/uploads\/2023\/07\/cropped-cropped-cropped-cropped-BUSINESS-3-42-1.png","contentUrl":"https:\/\/maetinganoticias.com\/wp-content\/uploads\/2023\/07\/cropped-cropped-cropped-cropped-BUSINESS-3-42-1.png","width":485,"height":109,"caption":"Maetinga Not\u00edcias"},"image":{"@id":"https:\/\/maetinganoticias.com\/#\/schema\/logo\/image\/"}},{"@type":"Person","@id":"https:\/\/maetinganoticias.com\/#\/schema\/person\/968cf95e67a6810fc7fb35bbc9016962","name":"Maetinga Not\u00edcias","image":{"@type":"ImageObject","inLanguage":"pt-BR","@id":"https:\/\/secure.gravatar.com\/avatar\/32e078313a5ca37a6c8d44e716ed4f9e87ecfde7222d2b88a1424bd49654f187?s=96&d=mm&r=g","url":"https:\/\/secure.gravatar.com\/avatar\/32e078313a5ca37a6c8d44e716ed4f9e87ecfde7222d2b88a1424bd49654f187?s=96&d=mm&r=g","contentUrl":"https:\/\/secure.gravatar.com\/avatar\/32e078313a5ca37a6c8d44e716ed4f9e87ecfde7222d2b88a1424bd49654f187?s=96&d=mm&r=g","caption":"Maetinga Not\u00edcias"},"description":"A voz do Interior Baiano!","sameAs":["https:\/\/maetinganoticias.com","https:\/\/www.instagram.com\/blogmaetinganoticias\/"],"url":"https:\/\/maetinganoticias.com\/index.php\/author\/carlosvianna13\/"}]}},"_links":{"self":[{"href":"https:\/\/maetinganoticias.com\/index.php\/wp-json\/wp\/v2\/posts\/13532","targetHints":{"allow":["GET"]}}],"collection":[{"href":"https:\/\/maetinganoticias.com\/index.php\/wp-json\/wp\/v2\/posts"}],"about":[{"href":"https:\/\/maetinganoticias.com\/index.php\/wp-json\/wp\/v2\/types\/post"}],"author":[{"embeddable":true,"href":"https:\/\/maetinganoticias.com\/index.php\/wp-json\/wp\/v2\/users\/1"}],"replies":[{"embeddable":true,"href":"https:\/\/maetinganoticias.com\/index.php\/wp-json\/wp\/v2\/comments?post=13532"}],"version-history":[{"count":1,"href":"https:\/\/maetinganoticias.com\/index.php\/wp-json\/wp\/v2\/posts\/13532\/revisions"}],"predecessor-version":[{"id":13534,"href":"https:\/\/maetinganoticias.com\/index.php\/wp-json\/wp\/v2\/posts\/13532\/revisions\/13534"}],"wp:featuredmedia":[{"embeddable":true,"href":"https:\/\/maetinganoticias.com\/index.php\/wp-json\/wp\/v2\/media\/13533"}],"wp:attachment":[{"href":"https:\/\/maetinganoticias.com\/index.php\/wp-json\/wp\/v2\/media?parent=13532"}],"wp:term":[{"taxonomy":"category","embeddable":true,"href":"https:\/\/maetinganoticias.com\/index.php\/wp-json\/wp\/v2\/categories?post=13532"},{"taxonomy":"post_tag","embeddable":true,"href":"https:\/\/maetinganoticias.com\/index.php\/wp-json\/wp\/v2\/tags?post=13532"}],"curies":[{"name":"wp","href":"https:\/\/api.w.org\/{rel}","templated":true}]}}