{"id":13525,"date":"2026-09-02T19:20:25","date_gmt":"2026-09-02T22:20:25","guid":{"rendered":"https:\/\/maetinganoticias.com\/?p=13525"},"modified":"2026-09-02T19:20:27","modified_gmt":"2026-09-02T22:20:27","slug":"ccj-do-senado-aprova-a-proposta-e-analise-segue-para-o-plenario","status":"publish","type":"post","link":"https:\/\/maetinganoticias.com\/index.php\/2026\/09\/02\/ccj-do-senado-aprova-a-proposta-e-analise-segue-para-o-plenario\/","title":{"rendered":"CCJ do Senado aprova a proposta e an\u00e1lise segue para o plen\u00e1rio"},"content":{"rendered":"\n<p class=\"wp-block-paragraph\">A CCJ do Senado aprovou nesta quarta (2) a PEC 221\/2019, que prop\u00f5e o fim da escala 6&#215;1 e reduz a jornada m\u00e1xima de 44 para 40 horas semanais, sem redu\u00e7\u00e3o salarial.<\/p>\n\n\n\n<p class=\"wp-block-paragraph\">O texto prev\u00ea dois dias de descanso remunerado por semana, sendo um deles preferencialmente aos domingos.<\/p>\n\n\n\n<p class=\"wp-block-paragraph\">A proposta ainda precisa ser votada pelo Plen\u00e1rio do Senado, em dois turnos. Para ser aprovada, precisa de pelo menos 49 dos 81 votos dos senadores.<\/p>\n\n\n\n<p class=\"wp-block-paragraph\">Pela proposta, a transi\u00e7\u00e3o seria gradual: a jornada passaria para 42 horas semanais dois meses ap\u00f3s a promulga\u00e7\u00e3o e chegaria a 40 horas ap\u00f3s um ano e dois meses.<\/p>\n\n\n\n<p class=\"wp-block-paragraph\">O debate divide opini\u00f5es. Defensores afirmam que a mudan\u00e7a pode melhorar a qualidade de vida, a sa\u00fade mental e a produtividade dos trabalhadores. Cr\u00edticos alertam para poss\u00edveis impactos nos custos das empresas e na infla\u00e7\u00e3o.<\/p>\n\n\n\n<p class=\"wp-block-paragraph\">Pr\u00f3ximo passo: vota\u00e7\u00e3o no Plen\u00e1rio do Senado<\/p>\n","protected":false},"excerpt":{"rendered":"<p>A CCJ do Senado aprovou nesta quarta (2) a PEC 221\/2019, que prop\u00f5e o fim da escala 6&#215;1 e reduz a jornada m\u00e1xima de 44 para 40 horas semanais, sem redu\u00e7\u00e3o salarial. O texto prev\u00ea dois dias de descanso remunerado por semana, sendo um deles preferencialmente aos domingos. A proposta ainda precisa ser votada pelo [&hellip;]<\/p>\n","protected":false},"author":1,"featured_media":13526,"comment_status":"open","ping_status":"open","sticky":false,"template":"","format":"standard","meta":{"om_disable_all_campaigns":false,"_monsterinsights_skip_tracking":false,"_uf_show_specific_survey":0,"_uf_disable_surveys":false,"footnotes":""},"categories":[29],"tags":[],"class_list":["post-13525","post","type-post","status-publish","format-standard","has-post-thumbnail","category-brasil"],"yoast_head":"<!-- This site is optimized with the Yoast SEO plugin v28.2 - https:\/\/yoast.com\/product\/yoast-seo-wordpress\/ -->\n<title>CCJ do Senado aprova a proposta e an\u00e1lise segue para o plen\u00e1rio - Maetinga Not\u00edcias<\/title>\n<meta name=\"robots\" content=\"index, follow, max-snippet:-1, max-image-preview:large, max-video-preview:-1\" \/>\n<link rel=\"canonical\" href=\"https:\/\/maetinganoticias.com\/index.php\/2026\/09\/02\/ccj-do-senado-aprova-a-proposta-e-analise-segue-para-o-plenario\/\" \/>\n<meta property=\"og:locale\" content=\"pt_BR\" \/>\n<meta property=\"og:type\" content=\"article\" \/>\n<meta property=\"og:title\" content=\"CCJ do Senado aprova a proposta e an\u00e1lise segue para o plen\u00e1rio - Maetinga Not\u00edcias\" \/>\n<meta property=\"og:description\" content=\"A CCJ do Senado aprovou nesta quarta (2) a PEC 221\/2019, que prop\u00f5e o fim da escala 6&#215;1 e reduz a jornada m\u00e1xima de 44 para 40 horas semanais, sem redu\u00e7\u00e3o salarial. O texto prev\u00ea dois dias de descanso remunerado por semana, sendo um deles preferencialmente aos domingos. A proposta ainda precisa ser votada pelo [&hellip;]\" \/>\n<meta property=\"og:url\" content=\"https:\/\/maetinganoticias.com\/index.php\/2026\/09\/02\/ccj-do-senado-aprova-a-proposta-e-analise-segue-para-o-plenario\/\" \/>\n<meta property=\"og:site_name\" content=\"Maetinga Not\u00edcias\" \/>\n<meta property=\"article:published_time\" content=\"2026-09-02T22:20:25+00:00\" \/>\n<meta property=\"article:modified_time\" content=\"2026-09-02T22:20:27+00:00\" \/>\n<meta property=\"og:image\" content=\"https:\/\/maetinganoticias.com\/wp-content\/uploads\/2026\/09\/WhatsApp-Image-2026-09-02-at-19.20.02.jpeg\" \/>\n\t<meta property=\"og:image:width\" content=\"860\" \/>\n\t<meta property=\"og:image:height\" content=\"570\" \/>\n\t<meta property=\"og:image:type\" content=\"image\/jpeg\" \/>\n<meta name=\"author\" content=\"Maetinga Not\u00edcias\" \/>\n<meta name=\"twitter:card\" content=\"summary_large_image\" \/>\n<meta name=\"twitter:label1\" content=\"Escrito por\" \/>\n\t<meta name=\"twitter:data1\" content=\"Maetinga Not\u00edcias\" \/>\n\t<meta name=\"twitter:label2\" content=\"Est. tempo de leitura\" \/>\n\t<meta name=\"twitter:data2\" content=\"2 minutos\" \/>\n<script type=\"application\/ld+json\" class=\"yoast-schema-graph\">{\"@context\":\"https:\\\/\\\/schema.org\",\"@graph\":[{\"@type\":[\"Article\",\"BlogPosting\"],\"@id\":\"https:\\\/\\\/maetinganoticias.com\\\/index.php\\\/2026\\\/09\\\/02\\\/ccj-do-senado-aprova-a-proposta-e-analise-segue-para-o-plenario\\\/#article\",\"isPartOf\":{\"@id\":\"https:\\\/\\\/maetinganoticias.com\\\/index.php\\\/2026\\\/09\\\/02\\\/ccj-do-senado-aprova-a-proposta-e-analise-segue-para-o-plenario\\\/\"},\"author\":{\"name\":\"Maetinga Not\u00edcias\",\"@id\":\"https:\\\/\\\/maetinganoticias.com\\\/#\\\/schema\\\/person\\\/968cf95e67a6810fc7fb35bbc9016962\"},\"headline\":\"CCJ do Senado aprova a proposta e an\u00e1lise segue para o plen\u00e1rio\",\"datePublished\":\"2026-09-02T22:20:25+00:00\",\"dateModified\":\"2026-09-02T22:20:27+00:00\",\"mainEntityOfPage\":{\"@id\":\"https:\\\/\\\/maetinganoticias.com\\\/index.php\\\/2026\\\/09\\\/02\\\/ccj-do-senado-aprova-a-proposta-e-analise-segue-para-o-plenario\\\/\"},\"wordCount\":168,\"commentCount\":0,\"publisher\":{\"@id\":\"https:\\\/\\\/maetinganoticias.com\\\/#organization\"},\"image\":{\"@id\":\"https:\\\/\\\/maetinganoticias.com\\\/index.php\\\/2026\\\/09\\\/02\\\/ccj-do-senado-aprova-a-proposta-e-analise-segue-para-o-plenario\\\/#primaryimage\"},\"thumbnailUrl\":\"https:\\\/\\\/maetinganoticias.com\\\/wp-content\\\/uploads\\\/2026\\\/09\\\/WhatsApp-Image-2026-09-02-at-19.20.02.jpeg\",\"articleSection\":[\"Brasil\"],\"inLanguage\":\"pt-BR\",\"potentialAction\":[{\"@type\":\"CommentAction\",\"name\":\"Comment\",\"target\":[\"https:\\\/\\\/maetinganoticias.com\\\/index.php\\\/2026\\\/09\\\/02\\\/ccj-do-senado-aprova-a-proposta-e-analise-segue-para-o-plenario\\\/#respond\"]}]},{\"@type\":\"WebPage\",\"@id\":\"https:\\\/\\\/maetinganoticias.com\\\/index.php\\\/2026\\\/09\\\/02\\\/ccj-do-senado-aprova-a-proposta-e-analise-segue-para-o-plenario\\\/\",\"url\":\"https:\\\/\\\/maetinganoticias.com\\\/index.php\\\/2026\\\/09\\\/02\\\/ccj-do-senado-aprova-a-proposta-e-analise-segue-para-o-plenario\\\/\",\"name\":\"CCJ do Senado aprova a proposta e an\u00e1lise segue para o plen\u00e1rio - Maetinga Not\u00edcias\",\"isPartOf\":{\"@id\":\"https:\\\/\\\/maetinganoticias.com\\\/#website\"},\"primaryImageOfPage\":{\"@id\":\"https:\\\/\\\/maetinganoticias.com\\\/index.php\\\/2026\\\/09\\\/02\\\/ccj-do-senado-aprova-a-proposta-e-analise-segue-para-o-plenario\\\/#primaryimage\"},\"image\":{\"@id\":\"https:\\\/\\\/maetinganoticias.com\\\/index.php\\\/2026\\\/09\\\/02\\\/ccj-do-senado-aprova-a-proposta-e-analise-segue-para-o-plenario\\\/#primaryimage\"},\"thumbnailUrl\":\"https:\\\/\\\/maetinganoticias.com\\\/wp-content\\\/uploads\\\/2026\\\/09\\\/WhatsApp-Image-2026-09-02-at-19.20.02.jpeg\",\"datePublished\":\"2026-09-02T22:20:25+00:00\",\"dateModified\":\"2026-09-02T22:20:27+00:00\",\"breadcrumb\":{\"@id\":\"https:\\\/\\\/maetinganoticias.com\\\/index.php\\\/2026\\\/09\\\/02\\\/ccj-do-senado-aprova-a-proposta-e-analise-segue-para-o-plenario\\\/#breadcrumb\"},\"inLanguage\":\"pt-BR\",\"potentialAction\":[{\"@type\":\"ReadAction\",\"target\":[\"https:\\\/\\\/maetinganoticias.com\\\/index.php\\\/2026\\\/09\\\/02\\\/ccj-do-senado-aprova-a-proposta-e-analise-segue-para-o-plenario\\\/\"]}]},{\"@type\":\"ImageObject\",\"inLanguage\":\"pt-BR\",\"@id\":\"https:\\\/\\\/maetinganoticias.com\\\/index.php\\\/2026\\\/09\\\/02\\\/ccj-do-senado-aprova-a-proposta-e-analise-segue-para-o-plenario\\\/#primaryimage\",\"url\":\"https:\\\/\\\/maetinganoticias.com\\\/wp-content\\\/uploads\\\/2026\\\/09\\\/WhatsApp-Image-2026-09-02-at-19.20.02.jpeg\",\"contentUrl\":\"https:\\\/\\\/maetinganoticias.com\\\/wp-content\\\/uploads\\\/2026\\\/09\\\/WhatsApp-Image-2026-09-02-at-19.20.02.jpeg\",\"width\":860,\"height\":570,\"caption\":\"Geraldo Magela\\\/Ag\u00eancia Senado Fonte: Ag\u00eancia Senado\"},{\"@type\":\"BreadcrumbList\",\"@id\":\"https:\\\/\\\/maetinganoticias.com\\\/index.php\\\/2026\\\/09\\\/02\\\/ccj-do-senado-aprova-a-proposta-e-analise-segue-para-o-plenario\\\/#breadcrumb\",\"itemListElement\":[{\"@type\":\"ListItem\",\"position\":1,\"name\":\"In\u00edcio\",\"item\":\"https:\\\/\\\/maetinganoticias.com\\\/\"},{\"@type\":\"ListItem\",\"position\":2,\"name\":\"CCJ do Senado aprova a proposta e an\u00e1lise segue para o plen\u00e1rio\"}]},{\"@type\":\"WebSite\",\"@id\":\"https:\\\/\\\/maetinganoticias.com\\\/#website\",\"url\":\"https:\\\/\\\/maetinganoticias.com\\\/\",\"name\":\"Maetinga Not\u00edcias\",\"description\":\"A Voz do Interior Baiano!\",\"publisher\":{\"@id\":\"https:\\\/\\\/maetinganoticias.com\\\/#organization\"},\"potentialAction\":[{\"@type\":\"SearchAction\",\"target\":{\"@type\":\"EntryPoint\",\"urlTemplate\":\"https:\\\/\\\/maetinganoticias.com\\\/?s={search_term_string}\"},\"query-input\":{\"@type\":\"PropertyValueSpecification\",\"valueRequired\":true,\"valueName\":\"search_term_string\"}}],\"inLanguage\":\"pt-BR\"},{\"@type\":\"Organization\",\"@id\":\"https:\\\/\\\/maetinganoticias.com\\\/#organization\",\"name\":\"Maetinga Not\u00edcias\",\"url\":\"https:\\\/\\\/maetinganoticias.com\\\/\",\"logo\":{\"@type\":\"ImageObject\",\"inLanguage\":\"pt-BR\",\"@id\":\"https:\\\/\\\/maetinganoticias.com\\\/#\\\/schema\\\/logo\\\/image\\\/\",\"url\":\"https:\\\/\\\/maetinganoticias.com\\\/wp-content\\\/uploads\\\/2023\\\/07\\\/cropped-cropped-cropped-cropped-BUSINESS-3-42-1.png\",\"contentUrl\":\"https:\\\/\\\/maetinganoticias.com\\\/wp-content\\\/uploads\\\/2023\\\/07\\\/cropped-cropped-cropped-cropped-BUSINESS-3-42-1.png\",\"width\":485,\"height\":109,\"caption\":\"Maetinga Not\u00edcias\"},\"image\":{\"@id\":\"https:\\\/\\\/maetinganoticias.com\\\/#\\\/schema\\\/logo\\\/image\\\/\"}},{\"@type\":\"Person\",\"@id\":\"https:\\\/\\\/maetinganoticias.com\\\/#\\\/schema\\\/person\\\/968cf95e67a6810fc7fb35bbc9016962\",\"name\":\"Maetinga Not\u00edcias\",\"image\":{\"@type\":\"ImageObject\",\"inLanguage\":\"pt-BR\",\"@id\":\"https:\\\/\\\/secure.gravatar.com\\\/avatar\\\/32e078313a5ca37a6c8d44e716ed4f9e87ecfde7222d2b88a1424bd49654f187?s=96&d=mm&r=g\",\"url\":\"https:\\\/\\\/secure.gravatar.com\\\/avatar\\\/32e078313a5ca37a6c8d44e716ed4f9e87ecfde7222d2b88a1424bd49654f187?s=96&d=mm&r=g\",\"contentUrl\":\"https:\\\/\\\/secure.gravatar.com\\\/avatar\\\/32e078313a5ca37a6c8d44e716ed4f9e87ecfde7222d2b88a1424bd49654f187?s=96&d=mm&r=g\",\"caption\":\"Maetinga Not\u00edcias\"},\"description\":\"A voz do Interior Baiano!\",\"sameAs\":[\"https:\\\/\\\/maetinganoticias.com\",\"https:\\\/\\\/www.instagram.com\\\/blogmaetinganoticias\\\/\"],\"url\":\"https:\\\/\\\/maetinganoticias.com\\\/index.php\\\/author\\\/carlosvianna13\\\/\"}]}<\/script>\n<!-- \/ Yoast SEO plugin. -->","yoast_head_json":{"title":"CCJ do Senado aprova a proposta e an\u00e1lise segue para o plen\u00e1rio - Maetinga Not\u00edcias","robots":{"index":"index","follow":"follow","max-snippet":"max-snippet:-1","max-image-preview":"max-image-preview:large","max-video-preview":"max-video-preview:-1"},"canonical":"https:\/\/maetinganoticias.com\/index.php\/2026\/09\/02\/ccj-do-senado-aprova-a-proposta-e-analise-segue-para-o-plenario\/","og_locale":"pt_BR","og_type":"article","og_title":"CCJ do Senado aprova a proposta e an\u00e1lise segue para o plen\u00e1rio - Maetinga Not\u00edcias","og_description":"A CCJ do Senado aprovou nesta quarta (2) a PEC 221\/2019, que prop\u00f5e o fim da escala 6&#215;1 e reduz a jornada m\u00e1xima de 44 para 40 horas semanais, sem redu\u00e7\u00e3o salarial. O texto prev\u00ea dois dias de descanso remunerado por semana, sendo um deles preferencialmente aos domingos. A proposta ainda precisa ser votada pelo [&hellip;]","og_url":"https:\/\/maetinganoticias.com\/index.php\/2026\/09\/02\/ccj-do-senado-aprova-a-proposta-e-analise-segue-para-o-plenario\/","og_site_name":"Maetinga Not\u00edcias","article_published_time":"2026-09-02T22:20:25+00:00","article_modified_time":"2026-09-02T22:20:27+00:00","og_image":[{"width":860,"height":570,"url":"https:\/\/maetinganoticias.com\/wp-content\/uploads\/2026\/09\/WhatsApp-Image-2026-09-02-at-19.20.02.jpeg","type":"image\/jpeg"}],"author":"Maetinga Not\u00edcias","twitter_card":"summary_large_image","twitter_misc":{"Escrito por":"Maetinga Not\u00edcias","Est. tempo de leitura":"2 minutos"},"schema":{"@context":"https:\/\/schema.org","@graph":[{"@type":["Article","BlogPosting"],"@id":"https:\/\/maetinganoticias.com\/index.php\/2026\/09\/02\/ccj-do-senado-aprova-a-proposta-e-analise-segue-para-o-plenario\/#article","isPartOf":{"@id":"https:\/\/maetinganoticias.com\/index.php\/2026\/09\/02\/ccj-do-senado-aprova-a-proposta-e-analise-segue-para-o-plenario\/"},"author":{"name":"Maetinga Not\u00edcias","@id":"https:\/\/maetinganoticias.com\/#\/schema\/person\/968cf95e67a6810fc7fb35bbc9016962"},"headline":"CCJ do Senado aprova a proposta e an\u00e1lise segue para o plen\u00e1rio","datePublished":"2026-09-02T22:20:25+00:00","dateModified":"2026-09-02T22:20:27+00:00","mainEntityOfPage":{"@id":"https:\/\/maetinganoticias.com\/index.php\/2026\/09\/02\/ccj-do-senado-aprova-a-proposta-e-analise-segue-para-o-plenario\/"},"wordCount":168,"commentCount":0,"publisher":{"@id":"https:\/\/maetinganoticias.com\/#organization"},"image":{"@id":"https:\/\/maetinganoticias.com\/index.php\/2026\/09\/02\/ccj-do-senado-aprova-a-proposta-e-analise-segue-para-o-plenario\/#primaryimage"},"thumbnailUrl":"https:\/\/maetinganoticias.com\/wp-content\/uploads\/2026\/09\/WhatsApp-Image-2026-09-02-at-19.20.02.jpeg","articleSection":["Brasil"],"inLanguage":"pt-BR","potentialAction":[{"@type":"CommentAction","name":"Comment","target":["https:\/\/maetinganoticias.com\/index.php\/2026\/09\/02\/ccj-do-senado-aprova-a-proposta-e-analise-segue-para-o-plenario\/#respond"]}]},{"@type":"WebPage","@id":"https:\/\/maetinganoticias.com\/index.php\/2026\/09\/02\/ccj-do-senado-aprova-a-proposta-e-analise-segue-para-o-plenario\/","url":"https:\/\/maetinganoticias.com\/index.php\/2026\/09\/02\/ccj-do-senado-aprova-a-proposta-e-analise-segue-para-o-plenario\/","name":"CCJ do Senado aprova a proposta e an\u00e1lise segue para o plen\u00e1rio - Maetinga Not\u00edcias","isPartOf":{"@id":"https:\/\/maetinganoticias.com\/#website"},"primaryImageOfPage":{"@id":"https:\/\/maetinganoticias.com\/index.php\/2026\/09\/02\/ccj-do-senado-aprova-a-proposta-e-analise-segue-para-o-plenario\/#primaryimage"},"image":{"@id":"https:\/\/maetinganoticias.com\/index.php\/2026\/09\/02\/ccj-do-senado-aprova-a-proposta-e-analise-segue-para-o-plenario\/#primaryimage"},"thumbnailUrl":"https:\/\/maetinganoticias.com\/wp-content\/uploads\/2026\/09\/WhatsApp-Image-2026-09-02-at-19.20.02.jpeg","datePublished":"2026-09-02T22:20:25+00:00","dateModified":"2026-09-02T22:20:27+00:00","breadcrumb":{"@id":"https:\/\/maetinganoticias.com\/index.php\/2026\/09\/02\/ccj-do-senado-aprova-a-proposta-e-analise-segue-para-o-plenario\/#breadcrumb"},"inLanguage":"pt-BR","potentialAction":[{"@type":"ReadAction","target":["https:\/\/maetinganoticias.com\/index.php\/2026\/09\/02\/ccj-do-senado-aprova-a-proposta-e-analise-segue-para-o-plenario\/"]}]},{"@type":"ImageObject","inLanguage":"pt-BR","@id":"https:\/\/maetinganoticias.com\/index.php\/2026\/09\/02\/ccj-do-senado-aprova-a-proposta-e-analise-segue-para-o-plenario\/#primaryimage","url":"https:\/\/maetinganoticias.com\/wp-content\/uploads\/2026\/09\/WhatsApp-Image-2026-09-02-at-19.20.02.jpeg","contentUrl":"https:\/\/maetinganoticias.com\/wp-content\/uploads\/2026\/09\/WhatsApp-Image-2026-09-02-at-19.20.02.jpeg","width":860,"height":570,"caption":"Geraldo Magela\/Ag\u00eancia Senado Fonte: Ag\u00eancia Senado"},{"@type":"BreadcrumbList","@id":"https:\/\/maetinganoticias.com\/index.php\/2026\/09\/02\/ccj-do-senado-aprova-a-proposta-e-analise-segue-para-o-plenario\/#breadcrumb","itemListElement":[{"@type":"ListItem","position":1,"name":"In\u00edcio","item":"https:\/\/maetinganoticias.com\/"},{"@type":"ListItem","position":2,"name":"CCJ do Senado aprova a proposta e an\u00e1lise segue para o plen\u00e1rio"}]},{"@type":"WebSite","@id":"https:\/\/maetinganoticias.com\/#website","url":"https:\/\/maetinganoticias.com\/","name":"Maetinga Not\u00edcias","description":"A Voz do Interior Baiano!","publisher":{"@id":"https:\/\/maetinganoticias.com\/#organization"},"potentialAction":[{"@type":"SearchAction","target":{"@type":"EntryPoint","urlTemplate":"https:\/\/maetinganoticias.com\/?s={search_term_string}"},"query-input":{"@type":"PropertyValueSpecification","valueRequired":true,"valueName":"search_term_string"}}],"inLanguage":"pt-BR"},{"@type":"Organization","@id":"https:\/\/maetinganoticias.com\/#organization","name":"Maetinga Not\u00edcias","url":"https:\/\/maetinganoticias.com\/","logo":{"@type":"ImageObject","inLanguage":"pt-BR","@id":"https:\/\/maetinganoticias.com\/#\/schema\/logo\/image\/","url":"https:\/\/maetinganoticias.com\/wp-content\/uploads\/2023\/07\/cropped-cropped-cropped-cropped-BUSINESS-3-42-1.png","contentUrl":"https:\/\/maetinganoticias.com\/wp-content\/uploads\/2023\/07\/cropped-cropped-cropped-cropped-BUSINESS-3-42-1.png","width":485,"height":109,"caption":"Maetinga Not\u00edcias"},"image":{"@id":"https:\/\/maetinganoticias.com\/#\/schema\/logo\/image\/"}},{"@type":"Person","@id":"https:\/\/maetinganoticias.com\/#\/schema\/person\/968cf95e67a6810fc7fb35bbc9016962","name":"Maetinga Not\u00edcias","image":{"@type":"ImageObject","inLanguage":"pt-BR","@id":"https:\/\/secure.gravatar.com\/avatar\/32e078313a5ca37a6c8d44e716ed4f9e87ecfde7222d2b88a1424bd49654f187?s=96&d=mm&r=g","url":"https:\/\/secure.gravatar.com\/avatar\/32e078313a5ca37a6c8d44e716ed4f9e87ecfde7222d2b88a1424bd49654f187?s=96&d=mm&r=g","contentUrl":"https:\/\/secure.gravatar.com\/avatar\/32e078313a5ca37a6c8d44e716ed4f9e87ecfde7222d2b88a1424bd49654f187?s=96&d=mm&r=g","caption":"Maetinga Not\u00edcias"},"description":"A voz do Interior Baiano!","sameAs":["https:\/\/maetinganoticias.com","https:\/\/www.instagram.com\/blogmaetinganoticias\/"],"url":"https:\/\/maetinganoticias.com\/index.php\/author\/carlosvianna13\/"}]}},"_links":{"self":[{"href":"https:\/\/maetinganoticias.com\/index.php\/wp-json\/wp\/v2\/posts\/13525","targetHints":{"allow":["GET"]}}],"collection":[{"href":"https:\/\/maetinganoticias.com\/index.php\/wp-json\/wp\/v2\/posts"}],"about":[{"href":"https:\/\/maetinganoticias.com\/index.php\/wp-json\/wp\/v2\/types\/post"}],"author":[{"embeddable":true,"href":"https:\/\/maetinganoticias.com\/index.php\/wp-json\/wp\/v2\/users\/1"}],"replies":[{"embeddable":true,"href":"https:\/\/maetinganoticias.com\/index.php\/wp-json\/wp\/v2\/comments?post=13525"}],"version-history":[{"count":1,"href":"https:\/\/maetinganoticias.com\/index.php\/wp-json\/wp\/v2\/posts\/13525\/revisions"}],"predecessor-version":[{"id":13527,"href":"https:\/\/maetinganoticias.com\/index.php\/wp-json\/wp\/v2\/posts\/13525\/revisions\/13527"}],"wp:featuredmedia":[{"embeddable":true,"href":"https:\/\/maetinganoticias.com\/index.php\/wp-json\/wp\/v2\/media\/13526"}],"wp:attachment":[{"href":"https:\/\/maetinganoticias.com\/index.php\/wp-json\/wp\/v2\/media?parent=13525"}],"wp:term":[{"taxonomy":"category","embeddable":true,"href":"https:\/\/maetinganoticias.com\/index.php\/wp-json\/wp\/v2\/categories?post=13525"},{"taxonomy":"post_tag","embeddable":true,"href":"https:\/\/maetinganoticias.com\/index.php\/wp-json\/wp\/v2\/tags?post=13525"}],"curies":[{"name":"wp","href":"https:\/\/api.w.org\/{rel}","templated":true}]}}