{"id":13509,"date":"2026-09-01T16:12:53","date_gmt":"2026-09-01T19:12:53","guid":{"rendered":"https:\/\/maetinganoticias.com\/?p=13509"},"modified":"2026-09-01T16:17:43","modified_gmt":"2026-09-01T19:17:43","slug":"com-lula-abre-se-oportunidade-de-ampliar-universidades-federais-no-interior-diz-rui-costa","status":"publish","type":"post","link":"https:\/\/maetinganoticias.com\/index.php\/2026\/09\/01\/com-lula-abre-se-oportunidade-de-ampliar-universidades-federais-no-interior-diz-rui-costa\/","title":{"rendered":"Com Lula, abre-se oportunidade de ampliar universidades federais no interior, diz Rui Costa"},"content":{"rendered":"\n<p class=\"wp-block-paragraph\"><strong><em>Candidato ao Senado pelo Time de Lula destacou a expans\u00e3o do ensino superior federal na Bahia e declarou apoio ao pleito pela implanta\u00e7\u00e3o de uma universidade em Feira de Santana<\/em><\/strong><\/p>\n\n\n\n<p class=\"wp-block-paragraph\">Um novo mandato do presidente Lula abrir\u00e1 caminho para a continuidade da expans\u00e3o das universidades federais no interior da Bahia. A avalia\u00e7\u00e3o foi feita pelo candidato ao Senado pelo Time de Lula, Rui Costa (PT), nesta ter\u00e7a-feira (1\u00ba), durante entrevista \u00e0 R\u00e1dio Princesa FM. Ao comentar o pleito pela implanta\u00e7\u00e3o de uma universidade federal em Feira de Santana, Rui declarou apoio \u00e0 iniciativa e destacou que outras regi\u00f5es baianas tamb\u00e9m reivindicam novas institui\u00e7\u00f5es de ensino superior.<\/p>\n\n\n\n<p class=\"wp-block-paragraph\">\u201cAgora, com o novo mandato do presidente, abre-se a oportunidade de a gente ampliar o n\u00famero de universidade, a\u00ed sim, ter\u00e1 meu apoio\u201d, afirmou Rui Costa. \u201cTem o Portal de Feira [que] requisita universidade, a Chapada pede universidade, o Litoral Norte pede universidade. Isso \u00e9 bom porque as pessoas est\u00e3o solicitando para estudar, para se formar, para melhorar o futuro da Bahia e de suas fam\u00edlias\u201d, acrescentou.<\/p>\n\n\n\n<p class=\"wp-block-paragraph\">Durante a entrevista, o candidato lembrou que a expans\u00e3o promovida nos governos de Lula e Dilma fez a Bahia passar de uma para 6 universidades federais, com campi distribu\u00eddos por diferentes regi\u00f5es do estado. \u201cN\u00f3s somos gratos ao presidente Lula, que foi o \u00fanico que enxergou que a Bahia precisava de mais universidades\u201d, afirmou.<\/p>\n\n\n\n<p class=\"wp-block-paragraph\">Rui explicou que, nos \u00faltimos quatro anos, o Governo Federal priorizou a retomada e conclus\u00e3o de estruturas de universidades que tiveram investimentos paralisados durante a gest\u00e3o do ex-presidente Jair Bolsonaro. Segundo ele, obras de laborat\u00f3rios, refeit\u00f3rios e pavilh\u00f5es de aulas precisavam ser conclu\u00eddas antes de uma nova etapa de expans\u00e3o da rede.<\/p>\n\n\n\n<p class=\"wp-block-paragraph\">\u201cA Universidade do Oeste, a Universidade do Sul da Bahia, que foram criadas por Lula e Dilma, eles paralisaram as obras de laborat\u00f3rio, as obras de refeit\u00f3rio, os pavilh\u00f5es de aulas. Ent\u00e3o, nesse per\u00edodo de quatro anos do Lula, ao inv\u00e9s de criar novas universidades, o presidente Lula, obviamente, preferiu investir na conclus\u00e3o dessas obras. Voc\u00ea n\u00e3o podia ficar funcionando universidades sem laborat\u00f3rio, universidade sem refeit\u00f3rio para os estudantes, universidade sem audit\u00f3rio\u201d, disse.<\/p>\n\n\n\n<p class=\"wp-block-paragraph\">Questionado sobre o pleito espec\u00edfico de Feira de Santana, Rui destacou ainda as condi\u00e7\u00f5es favor\u00e1veis do munic\u00edpio para receber novos investimentos federais. Para o candidato, o tamanho da popula\u00e7\u00e3o e a localiza\u00e7\u00e3o estrat\u00e9gica colocam Feira em posi\u00e7\u00e3o de destaque entre as cidades que reivindicam a expans\u00e3o da estrutura federal. \u201cFeira, l\u00f3gico, pelo tamanho da sua popula\u00e7\u00e3o, pela posi\u00e7\u00e3o estrat\u00e9gica, Feira sempre tem uma oportunidade, uma vantagem grande em rela\u00e7\u00e3o a outros munic\u00edpios\u201d, afirmou.<\/p>\n","protected":false},"excerpt":{"rendered":"<p>Candidato ao Senado pelo Time de Lula destacou a expans\u00e3o do ensino superior federal na Bahia e declarou apoio ao pleito pela implanta\u00e7\u00e3o de uma universidade em Feira de Santana Um novo mandato do presidente Lula abrir\u00e1 caminho para a continuidade da expans\u00e3o das universidades federais no interior da Bahia. A avalia\u00e7\u00e3o foi feita pelo [&hellip;]<\/p>\n","protected":false},"author":1,"featured_media":13510,"comment_status":"open","ping_status":"open","sticky":false,"template":"","format":"standard","meta":{"om_disable_all_campaigns":false,"_monsterinsights_skip_tracking":false,"_uf_show_specific_survey":0,"_uf_disable_surveys":false,"footnotes":""},"categories":[734],"tags":[],"class_list":["post-13509","post","type-post","status-publish","format-standard","has-post-thumbnail","category-feira-de-santana"],"yoast_head":"<!-- This site is optimized with the Yoast SEO plugin v28.2 - https:\/\/yoast.com\/product\/yoast-seo-wordpress\/ -->\n<title>Com Lula, abre-se oportunidade de ampliar universidades federais no interior, diz Rui Costa - Maetinga Not\u00edcias<\/title>\n<meta name=\"robots\" content=\"index, follow, max-snippet:-1, max-image-preview:large, max-video-preview:-1\" \/>\n<link rel=\"canonical\" href=\"https:\/\/maetinganoticias.com\/index.php\/2026\/09\/01\/com-lula-abre-se-oportunidade-de-ampliar-universidades-federais-no-interior-diz-rui-costa\/\" \/>\n<meta property=\"og:locale\" content=\"pt_BR\" \/>\n<meta property=\"og:type\" content=\"article\" \/>\n<meta property=\"og:title\" content=\"Com Lula, abre-se oportunidade de ampliar universidades federais no interior, diz Rui Costa - Maetinga Not\u00edcias\" \/>\n<meta property=\"og:description\" content=\"Candidato ao Senado pelo Time de Lula destacou a expans\u00e3o do ensino superior federal na Bahia e declarou apoio ao pleito pela implanta\u00e7\u00e3o de uma universidade em Feira de Santana Um novo mandato do presidente Lula abrir\u00e1 caminho para a continuidade da expans\u00e3o das universidades federais no interior da Bahia. A avalia\u00e7\u00e3o foi feita pelo [&hellip;]\" \/>\n<meta property=\"og:url\" content=\"https:\/\/maetinganoticias.com\/index.php\/2026\/09\/01\/com-lula-abre-se-oportunidade-de-ampliar-universidades-federais-no-interior-diz-rui-costa\/\" \/>\n<meta property=\"og:site_name\" content=\"Maetinga Not\u00edcias\" \/>\n<meta property=\"article:published_time\" content=\"2026-09-01T19:12:53+00:00\" \/>\n<meta property=\"article:modified_time\" content=\"2026-09-01T19:17:43+00:00\" \/>\n<meta property=\"og:image\" content=\"https:\/\/maetinganoticias.com\/wp-content\/uploads\/2026\/09\/WhatsApp-Image-2026-09-01-at-15.29.13.jpeg\" \/>\n\t<meta property=\"og:image:width\" content=\"1600\" \/>\n\t<meta property=\"og:image:height\" content=\"900\" \/>\n\t<meta property=\"og:image:type\" content=\"image\/jpeg\" \/>\n<meta name=\"author\" content=\"Maetinga Not\u00edcias\" \/>\n<meta name=\"twitter:card\" content=\"summary_large_image\" \/>\n<meta name=\"twitter:label1\" content=\"Escrito por\" \/>\n\t<meta name=\"twitter:data1\" content=\"Maetinga Not\u00edcias\" \/>\n\t<meta name=\"twitter:label2\" content=\"Est. tempo de leitura\" \/>\n\t<meta name=\"twitter:data2\" content=\"3 minutos\" \/>\n<script type=\"application\/ld+json\" class=\"yoast-schema-graph\">{\"@context\":\"https:\\\/\\\/schema.org\",\"@graph\":[{\"@type\":[\"Article\",\"BlogPosting\"],\"@id\":\"https:\\\/\\\/maetinganoticias.com\\\/index.php\\\/2026\\\/09\\\/01\\\/com-lula-abre-se-oportunidade-de-ampliar-universidades-federais-no-interior-diz-rui-costa\\\/#article\",\"isPartOf\":{\"@id\":\"https:\\\/\\\/maetinganoticias.com\\\/index.php\\\/2026\\\/09\\\/01\\\/com-lula-abre-se-oportunidade-de-ampliar-universidades-federais-no-interior-diz-rui-costa\\\/\"},\"author\":{\"name\":\"Maetinga Not\u00edcias\",\"@id\":\"https:\\\/\\\/maetinganoticias.com\\\/#\\\/schema\\\/person\\\/968cf95e67a6810fc7fb35bbc9016962\"},\"headline\":\"Com Lula, abre-se oportunidade de ampliar universidades federais no interior, diz Rui Costa\",\"datePublished\":\"2026-09-01T19:12:53+00:00\",\"dateModified\":\"2026-09-01T19:17:43+00:00\",\"mainEntityOfPage\":{\"@id\":\"https:\\\/\\\/maetinganoticias.com\\\/index.php\\\/2026\\\/09\\\/01\\\/com-lula-abre-se-oportunidade-de-ampliar-universidades-federais-no-interior-diz-rui-costa\\\/\"},\"wordCount\":483,\"commentCount\":0,\"publisher\":{\"@id\":\"https:\\\/\\\/maetinganoticias.com\\\/#organization\"},\"image\":{\"@id\":\"https:\\\/\\\/maetinganoticias.com\\\/index.php\\\/2026\\\/09\\\/01\\\/com-lula-abre-se-oportunidade-de-ampliar-universidades-federais-no-interior-diz-rui-costa\\\/#primaryimage\"},\"thumbnailUrl\":\"https:\\\/\\\/maetinganoticias.com\\\/wp-content\\\/uploads\\\/2026\\\/09\\\/WhatsApp-Image-2026-09-01-at-15.29.13.jpeg\",\"articleSection\":[\"FEIRA DE SANTANA\"],\"inLanguage\":\"pt-BR\",\"potentialAction\":[{\"@type\":\"CommentAction\",\"name\":\"Comment\",\"target\":[\"https:\\\/\\\/maetinganoticias.com\\\/index.php\\\/2026\\\/09\\\/01\\\/com-lula-abre-se-oportunidade-de-ampliar-universidades-federais-no-interior-diz-rui-costa\\\/#respond\"]}]},{\"@type\":\"WebPage\",\"@id\":\"https:\\\/\\\/maetinganoticias.com\\\/index.php\\\/2026\\\/09\\\/01\\\/com-lula-abre-se-oportunidade-de-ampliar-universidades-federais-no-interior-diz-rui-costa\\\/\",\"url\":\"https:\\\/\\\/maetinganoticias.com\\\/index.php\\\/2026\\\/09\\\/01\\\/com-lula-abre-se-oportunidade-de-ampliar-universidades-federais-no-interior-diz-rui-costa\\\/\",\"name\":\"Com Lula, abre-se oportunidade de ampliar universidades federais no interior, diz Rui Costa - Maetinga Not\u00edcias\",\"isPartOf\":{\"@id\":\"https:\\\/\\\/maetinganoticias.com\\\/#website\"},\"primaryImageOfPage\":{\"@id\":\"https:\\\/\\\/maetinganoticias.com\\\/index.php\\\/2026\\\/09\\\/01\\\/com-lula-abre-se-oportunidade-de-ampliar-universidades-federais-no-interior-diz-rui-costa\\\/#primaryimage\"},\"image\":{\"@id\":\"https:\\\/\\\/maetinganoticias.com\\\/index.php\\\/2026\\\/09\\\/01\\\/com-lula-abre-se-oportunidade-de-ampliar-universidades-federais-no-interior-diz-rui-costa\\\/#primaryimage\"},\"thumbnailUrl\":\"https:\\\/\\\/maetinganoticias.com\\\/wp-content\\\/uploads\\\/2026\\\/09\\\/WhatsApp-Image-2026-09-01-at-15.29.13.jpeg\",\"datePublished\":\"2026-09-01T19:12:53+00:00\",\"dateModified\":\"2026-09-01T19:17:43+00:00\",\"breadcrumb\":{\"@id\":\"https:\\\/\\\/maetinganoticias.com\\\/index.php\\\/2026\\\/09\\\/01\\\/com-lula-abre-se-oportunidade-de-ampliar-universidades-federais-no-interior-diz-rui-costa\\\/#breadcrumb\"},\"inLanguage\":\"pt-BR\",\"potentialAction\":[{\"@type\":\"ReadAction\",\"target\":[\"https:\\\/\\\/maetinganoticias.com\\\/index.php\\\/2026\\\/09\\\/01\\\/com-lula-abre-se-oportunidade-de-ampliar-universidades-federais-no-interior-diz-rui-costa\\\/\"]}]},{\"@type\":\"ImageObject\",\"inLanguage\":\"pt-BR\",\"@id\":\"https:\\\/\\\/maetinganoticias.com\\\/index.php\\\/2026\\\/09\\\/01\\\/com-lula-abre-se-oportunidade-de-ampliar-universidades-federais-no-interior-diz-rui-costa\\\/#primaryimage\",\"url\":\"https:\\\/\\\/maetinganoticias.com\\\/wp-content\\\/uploads\\\/2026\\\/09\\\/WhatsApp-Image-2026-09-01-at-15.29.13.jpeg\",\"contentUrl\":\"https:\\\/\\\/maetinganoticias.com\\\/wp-content\\\/uploads\\\/2026\\\/09\\\/WhatsApp-Image-2026-09-01-at-15.29.13.jpeg\",\"width\":1600,\"height\":900,\"caption\":\"Foto: Ricardo Stuckert\\\/ Divulga\u00e7\u00e3o\"},{\"@type\":\"BreadcrumbList\",\"@id\":\"https:\\\/\\\/maetinganoticias.com\\\/index.php\\\/2026\\\/09\\\/01\\\/com-lula-abre-se-oportunidade-de-ampliar-universidades-federais-no-interior-diz-rui-costa\\\/#breadcrumb\",\"itemListElement\":[{\"@type\":\"ListItem\",\"position\":1,\"name\":\"In\u00edcio\",\"item\":\"https:\\\/\\\/maetinganoticias.com\\\/\"},{\"@type\":\"ListItem\",\"position\":2,\"name\":\"Com Lula, abre-se oportunidade de ampliar universidades federais no interior, diz Rui Costa\"}]},{\"@type\":\"WebSite\",\"@id\":\"https:\\\/\\\/maetinganoticias.com\\\/#website\",\"url\":\"https:\\\/\\\/maetinganoticias.com\\\/\",\"name\":\"Maetinga Not\u00edcias\",\"description\":\"A Voz do Interior Baiano!\",\"publisher\":{\"@id\":\"https:\\\/\\\/maetinganoticias.com\\\/#organization\"},\"potentialAction\":[{\"@type\":\"SearchAction\",\"target\":{\"@type\":\"EntryPoint\",\"urlTemplate\":\"https:\\\/\\\/maetinganoticias.com\\\/?s={search_term_string}\"},\"query-input\":{\"@type\":\"PropertyValueSpecification\",\"valueRequired\":true,\"valueName\":\"search_term_string\"}}],\"inLanguage\":\"pt-BR\"},{\"@type\":\"Organization\",\"@id\":\"https:\\\/\\\/maetinganoticias.com\\\/#organization\",\"name\":\"Maetinga Not\u00edcias\",\"url\":\"https:\\\/\\\/maetinganoticias.com\\\/\",\"logo\":{\"@type\":\"ImageObject\",\"inLanguage\":\"pt-BR\",\"@id\":\"https:\\\/\\\/maetinganoticias.com\\\/#\\\/schema\\\/logo\\\/image\\\/\",\"url\":\"https:\\\/\\\/maetinganoticias.com\\\/wp-content\\\/uploads\\\/2023\\\/07\\\/cropped-cropped-cropped-cropped-BUSINESS-3-42-1.png\",\"contentUrl\":\"https:\\\/\\\/maetinganoticias.com\\\/wp-content\\\/uploads\\\/2023\\\/07\\\/cropped-cropped-cropped-cropped-BUSINESS-3-42-1.png\",\"width\":485,\"height\":109,\"caption\":\"Maetinga Not\u00edcias\"},\"image\":{\"@id\":\"https:\\\/\\\/maetinganoticias.com\\\/#\\\/schema\\\/logo\\\/image\\\/\"}},{\"@type\":\"Person\",\"@id\":\"https:\\\/\\\/maetinganoticias.com\\\/#\\\/schema\\\/person\\\/968cf95e67a6810fc7fb35bbc9016962\",\"name\":\"Maetinga Not\u00edcias\",\"image\":{\"@type\":\"ImageObject\",\"inLanguage\":\"pt-BR\",\"@id\":\"https:\\\/\\\/secure.gravatar.com\\\/avatar\\\/32e078313a5ca37a6c8d44e716ed4f9e87ecfde7222d2b88a1424bd49654f187?s=96&d=mm&r=g\",\"url\":\"https:\\\/\\\/secure.gravatar.com\\\/avatar\\\/32e078313a5ca37a6c8d44e716ed4f9e87ecfde7222d2b88a1424bd49654f187?s=96&d=mm&r=g\",\"contentUrl\":\"https:\\\/\\\/secure.gravatar.com\\\/avatar\\\/32e078313a5ca37a6c8d44e716ed4f9e87ecfde7222d2b88a1424bd49654f187?s=96&d=mm&r=g\",\"caption\":\"Maetinga Not\u00edcias\"},\"description\":\"A voz do Interior Baiano!\",\"sameAs\":[\"https:\\\/\\\/maetinganoticias.com\",\"https:\\\/\\\/www.instagram.com\\\/blogmaetinganoticias\\\/\"],\"url\":\"https:\\\/\\\/maetinganoticias.com\\\/index.php\\\/author\\\/carlosvianna13\\\/\"}]}<\/script>\n<!-- \/ Yoast SEO plugin. -->","yoast_head_json":{"title":"Com Lula, abre-se oportunidade de ampliar universidades federais no interior, diz Rui Costa - Maetinga Not\u00edcias","robots":{"index":"index","follow":"follow","max-snippet":"max-snippet:-1","max-image-preview":"max-image-preview:large","max-video-preview":"max-video-preview:-1"},"canonical":"https:\/\/maetinganoticias.com\/index.php\/2026\/09\/01\/com-lula-abre-se-oportunidade-de-ampliar-universidades-federais-no-interior-diz-rui-costa\/","og_locale":"pt_BR","og_type":"article","og_title":"Com Lula, abre-se oportunidade de ampliar universidades federais no interior, diz Rui Costa - Maetinga Not\u00edcias","og_description":"Candidato ao Senado pelo Time de Lula destacou a expans\u00e3o do ensino superior federal na Bahia e declarou apoio ao pleito pela implanta\u00e7\u00e3o de uma universidade em Feira de Santana Um novo mandato do presidente Lula abrir\u00e1 caminho para a continuidade da expans\u00e3o das universidades federais no interior da Bahia. A avalia\u00e7\u00e3o foi feita pelo [&hellip;]","og_url":"https:\/\/maetinganoticias.com\/index.php\/2026\/09\/01\/com-lula-abre-se-oportunidade-de-ampliar-universidades-federais-no-interior-diz-rui-costa\/","og_site_name":"Maetinga Not\u00edcias","article_published_time":"2026-09-01T19:12:53+00:00","article_modified_time":"2026-09-01T19:17:43+00:00","og_image":[{"width":1600,"height":900,"url":"https:\/\/maetinganoticias.com\/wp-content\/uploads\/2026\/09\/WhatsApp-Image-2026-09-01-at-15.29.13.jpeg","type":"image\/jpeg"}],"author":"Maetinga Not\u00edcias","twitter_card":"summary_large_image","twitter_misc":{"Escrito por":"Maetinga Not\u00edcias","Est. tempo de leitura":"3 minutos"},"schema":{"@context":"https:\/\/schema.org","@graph":[{"@type":["Article","BlogPosting"],"@id":"https:\/\/maetinganoticias.com\/index.php\/2026\/09\/01\/com-lula-abre-se-oportunidade-de-ampliar-universidades-federais-no-interior-diz-rui-costa\/#article","isPartOf":{"@id":"https:\/\/maetinganoticias.com\/index.php\/2026\/09\/01\/com-lula-abre-se-oportunidade-de-ampliar-universidades-federais-no-interior-diz-rui-costa\/"},"author":{"name":"Maetinga Not\u00edcias","@id":"https:\/\/maetinganoticias.com\/#\/schema\/person\/968cf95e67a6810fc7fb35bbc9016962"},"headline":"Com Lula, abre-se oportunidade de ampliar universidades federais no interior, diz Rui Costa","datePublished":"2026-09-01T19:12:53+00:00","dateModified":"2026-09-01T19:17:43+00:00","mainEntityOfPage":{"@id":"https:\/\/maetinganoticias.com\/index.php\/2026\/09\/01\/com-lula-abre-se-oportunidade-de-ampliar-universidades-federais-no-interior-diz-rui-costa\/"},"wordCount":483,"commentCount":0,"publisher":{"@id":"https:\/\/maetinganoticias.com\/#organization"},"image":{"@id":"https:\/\/maetinganoticias.com\/index.php\/2026\/09\/01\/com-lula-abre-se-oportunidade-de-ampliar-universidades-federais-no-interior-diz-rui-costa\/#primaryimage"},"thumbnailUrl":"https:\/\/maetinganoticias.com\/wp-content\/uploads\/2026\/09\/WhatsApp-Image-2026-09-01-at-15.29.13.jpeg","articleSection":["FEIRA DE SANTANA"],"inLanguage":"pt-BR","potentialAction":[{"@type":"CommentAction","name":"Comment","target":["https:\/\/maetinganoticias.com\/index.php\/2026\/09\/01\/com-lula-abre-se-oportunidade-de-ampliar-universidades-federais-no-interior-diz-rui-costa\/#respond"]}]},{"@type":"WebPage","@id":"https:\/\/maetinganoticias.com\/index.php\/2026\/09\/01\/com-lula-abre-se-oportunidade-de-ampliar-universidades-federais-no-interior-diz-rui-costa\/","url":"https:\/\/maetinganoticias.com\/index.php\/2026\/09\/01\/com-lula-abre-se-oportunidade-de-ampliar-universidades-federais-no-interior-diz-rui-costa\/","name":"Com Lula, abre-se oportunidade de ampliar universidades federais no interior, diz Rui Costa - Maetinga Not\u00edcias","isPartOf":{"@id":"https:\/\/maetinganoticias.com\/#website"},"primaryImageOfPage":{"@id":"https:\/\/maetinganoticias.com\/index.php\/2026\/09\/01\/com-lula-abre-se-oportunidade-de-ampliar-universidades-federais-no-interior-diz-rui-costa\/#primaryimage"},"image":{"@id":"https:\/\/maetinganoticias.com\/index.php\/2026\/09\/01\/com-lula-abre-se-oportunidade-de-ampliar-universidades-federais-no-interior-diz-rui-costa\/#primaryimage"},"thumbnailUrl":"https:\/\/maetinganoticias.com\/wp-content\/uploads\/2026\/09\/WhatsApp-Image-2026-09-01-at-15.29.13.jpeg","datePublished":"2026-09-01T19:12:53+00:00","dateModified":"2026-09-01T19:17:43+00:00","breadcrumb":{"@id":"https:\/\/maetinganoticias.com\/index.php\/2026\/09\/01\/com-lula-abre-se-oportunidade-de-ampliar-universidades-federais-no-interior-diz-rui-costa\/#breadcrumb"},"inLanguage":"pt-BR","potentialAction":[{"@type":"ReadAction","target":["https:\/\/maetinganoticias.com\/index.php\/2026\/09\/01\/com-lula-abre-se-oportunidade-de-ampliar-universidades-federais-no-interior-diz-rui-costa\/"]}]},{"@type":"ImageObject","inLanguage":"pt-BR","@id":"https:\/\/maetinganoticias.com\/index.php\/2026\/09\/01\/com-lula-abre-se-oportunidade-de-ampliar-universidades-federais-no-interior-diz-rui-costa\/#primaryimage","url":"https:\/\/maetinganoticias.com\/wp-content\/uploads\/2026\/09\/WhatsApp-Image-2026-09-01-at-15.29.13.jpeg","contentUrl":"https:\/\/maetinganoticias.com\/wp-content\/uploads\/2026\/09\/WhatsApp-Image-2026-09-01-at-15.29.13.jpeg","width":1600,"height":900,"caption":"Foto: Ricardo Stuckert\/ Divulga\u00e7\u00e3o"},{"@type":"BreadcrumbList","@id":"https:\/\/maetinganoticias.com\/index.php\/2026\/09\/01\/com-lula-abre-se-oportunidade-de-ampliar-universidades-federais-no-interior-diz-rui-costa\/#breadcrumb","itemListElement":[{"@type":"ListItem","position":1,"name":"In\u00edcio","item":"https:\/\/maetinganoticias.com\/"},{"@type":"ListItem","position":2,"name":"Com Lula, abre-se oportunidade de ampliar universidades federais no interior, diz Rui Costa"}]},{"@type":"WebSite","@id":"https:\/\/maetinganoticias.com\/#website","url":"https:\/\/maetinganoticias.com\/","name":"Maetinga Not\u00edcias","description":"A Voz do Interior Baiano!","publisher":{"@id":"https:\/\/maetinganoticias.com\/#organization"},"potentialAction":[{"@type":"SearchAction","target":{"@type":"EntryPoint","urlTemplate":"https:\/\/maetinganoticias.com\/?s={search_term_string}"},"query-input":{"@type":"PropertyValueSpecification","valueRequired":true,"valueName":"search_term_string"}}],"inLanguage":"pt-BR"},{"@type":"Organization","@id":"https:\/\/maetinganoticias.com\/#organization","name":"Maetinga Not\u00edcias","url":"https:\/\/maetinganoticias.com\/","logo":{"@type":"ImageObject","inLanguage":"pt-BR","@id":"https:\/\/maetinganoticias.com\/#\/schema\/logo\/image\/","url":"https:\/\/maetinganoticias.com\/wp-content\/uploads\/2023\/07\/cropped-cropped-cropped-cropped-BUSINESS-3-42-1.png","contentUrl":"https:\/\/maetinganoticias.com\/wp-content\/uploads\/2023\/07\/cropped-cropped-cropped-cropped-BUSINESS-3-42-1.png","width":485,"height":109,"caption":"Maetinga Not\u00edcias"},"image":{"@id":"https:\/\/maetinganoticias.com\/#\/schema\/logo\/image\/"}},{"@type":"Person","@id":"https:\/\/maetinganoticias.com\/#\/schema\/person\/968cf95e67a6810fc7fb35bbc9016962","name":"Maetinga Not\u00edcias","image":{"@type":"ImageObject","inLanguage":"pt-BR","@id":"https:\/\/secure.gravatar.com\/avatar\/32e078313a5ca37a6c8d44e716ed4f9e87ecfde7222d2b88a1424bd49654f187?s=96&d=mm&r=g","url":"https:\/\/secure.gravatar.com\/avatar\/32e078313a5ca37a6c8d44e716ed4f9e87ecfde7222d2b88a1424bd49654f187?s=96&d=mm&r=g","contentUrl":"https:\/\/secure.gravatar.com\/avatar\/32e078313a5ca37a6c8d44e716ed4f9e87ecfde7222d2b88a1424bd49654f187?s=96&d=mm&r=g","caption":"Maetinga Not\u00edcias"},"description":"A voz do Interior Baiano!","sameAs":["https:\/\/maetinganoticias.com","https:\/\/www.instagram.com\/blogmaetinganoticias\/"],"url":"https:\/\/maetinganoticias.com\/index.php\/author\/carlosvianna13\/"}]}},"_links":{"self":[{"href":"https:\/\/maetinganoticias.com\/index.php\/wp-json\/wp\/v2\/posts\/13509","targetHints":{"allow":["GET"]}}],"collection":[{"href":"https:\/\/maetinganoticias.com\/index.php\/wp-json\/wp\/v2\/posts"}],"about":[{"href":"https:\/\/maetinganoticias.com\/index.php\/wp-json\/wp\/v2\/types\/post"}],"author":[{"embeddable":true,"href":"https:\/\/maetinganoticias.com\/index.php\/wp-json\/wp\/v2\/users\/1"}],"replies":[{"embeddable":true,"href":"https:\/\/maetinganoticias.com\/index.php\/wp-json\/wp\/v2\/comments?post=13509"}],"version-history":[{"count":2,"href":"https:\/\/maetinganoticias.com\/index.php\/wp-json\/wp\/v2\/posts\/13509\/revisions"}],"predecessor-version":[{"id":13513,"href":"https:\/\/maetinganoticias.com\/index.php\/wp-json\/wp\/v2\/posts\/13509\/revisions\/13513"}],"wp:featuredmedia":[{"embeddable":true,"href":"https:\/\/maetinganoticias.com\/index.php\/wp-json\/wp\/v2\/media\/13510"}],"wp:attachment":[{"href":"https:\/\/maetinganoticias.com\/index.php\/wp-json\/wp\/v2\/media?parent=13509"}],"wp:term":[{"taxonomy":"category","embeddable":true,"href":"https:\/\/maetinganoticias.com\/index.php\/wp-json\/wp\/v2\/categories?post=13509"},{"taxonomy":"post_tag","embeddable":true,"href":"https:\/\/maetinganoticias.com\/index.php\/wp-json\/wp\/v2\/tags?post=13509"}],"curies":[{"name":"wp","href":"https:\/\/api.w.org\/{rel}","templated":true}]}}