{"id":13503,"date":"2026-09-01T11:29:23","date_gmt":"2026-09-01T14:29:23","guid":{"rendered":"https:\/\/maetinganoticias.com\/?p=13503"},"modified":"2026-09-01T11:29:24","modified_gmt":"2026-09-01T14:29:24","slug":"tanhacu-anuncia-edson-gomes-como-primeira-atracao-no-aniversario-de-65-anos","status":"publish","type":"post","link":"https:\/\/maetinganoticias.com\/index.php\/2026\/09\/01\/tanhacu-anuncia-edson-gomes-como-primeira-atracao-no-aniversario-de-65-anos\/","title":{"rendered":"Tanha\u00e7u anuncia Edson Gomes como primeira atra\u00e7\u00e3o no anivers\u00e1rio de 65 anos"},"content":{"rendered":"\n<p class=\"wp-block-paragraph\">O munic\u00edpio de <strong>Tanha\u00e7u<\/strong> j\u00e1 come\u00e7ou a preparar as celebra\u00e7\u00f5es pelos seus 65 anos de emancipa\u00e7\u00e3o pol\u00edtica. A programa\u00e7\u00e3o festiva ter\u00e1 in\u00edcio em <strong>21 de setembro<\/strong> e contar\u00e1 com a participa\u00e7\u00e3o de um dos grandes nomes do reggae nacional.<\/p>\n\n\n\n<p class=\"wp-block-paragraph\">A Prefeitura anunciou <strong>Edson Gomes<\/strong> como a primeira atra\u00e7\u00e3o confirmada para as festividades. Com uma trajet\u00f3ria consolidada na m\u00fasica brasileira, o cantor baiano dever\u00e1 ser um dos destaques da programa\u00e7\u00e3o especial preparada para marcar a data.<\/p>\n\n\n\n<p class=\"wp-block-paragraph\">A apresenta\u00e7\u00e3o faz parte das a\u00e7\u00f5es comemorativas organizadas pelo munic\u00edpio para celebrar mais um ano de hist\u00f3ria, reunindo moradores e visitantes em momentos de cultura, m\u00fasica e confraterniza\u00e7\u00e3o.<\/p>\n\n\n\n<p class=\"wp-block-paragraph\">De acordo com a administra\u00e7\u00e3o municipal, outras atra\u00e7\u00f5es e atividades ainda ser\u00e3o anunciadas. A expectativa \u00e9 que a programa\u00e7\u00e3o completa seja divulgada nos pr\u00f3ximos dias.<\/p>\n\n\n\n<p class=\"wp-block-paragraph\">Sob a gest\u00e3o do prefeito <strong>Valdemir Gondim<\/strong>, Tanha\u00e7u se prepara para uma celebra\u00e7\u00e3o que pretende valorizar a hist\u00f3ria do munic\u00edpio e proporcionar uma programa\u00e7\u00e3o especial para a popula\u00e7\u00e3o durante o anivers\u00e1rio de 65 anos.<\/p>\n","protected":false},"excerpt":{"rendered":"<p>O munic\u00edpio de Tanha\u00e7u j\u00e1 come\u00e7ou a preparar as celebra\u00e7\u00f5es pelos seus 65 anos de emancipa\u00e7\u00e3o pol\u00edtica. A programa\u00e7\u00e3o festiva ter\u00e1 in\u00edcio em 21 de setembro e contar\u00e1 com a participa\u00e7\u00e3o de um dos grandes nomes do reggae nacional. A Prefeitura anunciou Edson Gomes como a primeira atra\u00e7\u00e3o confirmada para as festividades. Com uma trajet\u00f3ria [&hellip;]<\/p>\n","protected":false},"author":1,"featured_media":13504,"comment_status":"open","ping_status":"open","sticky":false,"template":"","format":"standard","meta":{"om_disable_all_campaigns":false,"_monsterinsights_skip_tracking":false,"_uf_show_specific_survey":0,"_uf_disable_surveys":false,"footnotes":""},"categories":[352],"tags":[],"class_list":["post-13503","post","type-post","status-publish","format-standard","has-post-thumbnail","category-tanhacu"],"yoast_head":"<!-- This site is optimized with the Yoast SEO plugin v28.2 - https:\/\/yoast.com\/product\/yoast-seo-wordpress\/ -->\n<title>Tanha\u00e7u anuncia Edson Gomes como primeira atra\u00e7\u00e3o no anivers\u00e1rio de 65 anos - Maetinga Not\u00edcias<\/title>\n<meta name=\"robots\" content=\"index, follow, max-snippet:-1, max-image-preview:large, max-video-preview:-1\" \/>\n<link rel=\"canonical\" href=\"https:\/\/maetinganoticias.com\/index.php\/2026\/09\/01\/tanhacu-anuncia-edson-gomes-como-primeira-atracao-no-aniversario-de-65-anos\/\" \/>\n<meta property=\"og:locale\" content=\"pt_BR\" \/>\n<meta property=\"og:type\" content=\"article\" \/>\n<meta property=\"og:title\" content=\"Tanha\u00e7u anuncia Edson Gomes como primeira atra\u00e7\u00e3o no anivers\u00e1rio de 65 anos - Maetinga Not\u00edcias\" \/>\n<meta property=\"og:description\" content=\"O munic\u00edpio de Tanha\u00e7u j\u00e1 come\u00e7ou a preparar as celebra\u00e7\u00f5es pelos seus 65 anos de emancipa\u00e7\u00e3o pol\u00edtica. A programa\u00e7\u00e3o festiva ter\u00e1 in\u00edcio em 21 de setembro e contar\u00e1 com a participa\u00e7\u00e3o de um dos grandes nomes do reggae nacional. A Prefeitura anunciou Edson Gomes como a primeira atra\u00e7\u00e3o confirmada para as festividades. Com uma trajet\u00f3ria [&hellip;]\" \/>\n<meta property=\"og:url\" content=\"https:\/\/maetinganoticias.com\/index.php\/2026\/09\/01\/tanhacu-anuncia-edson-gomes-como-primeira-atracao-no-aniversario-de-65-anos\/\" \/>\n<meta property=\"og:site_name\" content=\"Maetinga Not\u00edcias\" \/>\n<meta property=\"article:published_time\" content=\"2026-09-01T14:29:23+00:00\" \/>\n<meta property=\"article:modified_time\" content=\"2026-09-01T14:29:24+00:00\" \/>\n<meta property=\"og:image\" content=\"https:\/\/maetinganoticias.com\/wp-content\/uploads\/2026\/09\/edson-gomes-874.jpg\" \/>\n\t<meta property=\"og:image:width\" content=\"2048\" \/>\n\t<meta property=\"og:image:height\" content=\"1366\" \/>\n\t<meta property=\"og:image:type\" content=\"image\/jpeg\" \/>\n<meta name=\"author\" content=\"Maetinga Not\u00edcias\" \/>\n<meta name=\"twitter:card\" content=\"summary_large_image\" \/>\n<meta name=\"twitter:label1\" content=\"Escrito por\" \/>\n\t<meta name=\"twitter:data1\" content=\"Maetinga Not\u00edcias\" \/>\n\t<meta name=\"twitter:label2\" content=\"Est. tempo de leitura\" \/>\n\t<meta name=\"twitter:data2\" content=\"2 minutos\" \/>\n<script type=\"application\/ld+json\" class=\"yoast-schema-graph\">{\"@context\":\"https:\\\/\\\/schema.org\",\"@graph\":[{\"@type\":[\"Article\",\"BlogPosting\"],\"@id\":\"https:\\\/\\\/maetinganoticias.com\\\/index.php\\\/2026\\\/09\\\/01\\\/tanhacu-anuncia-edson-gomes-como-primeira-atracao-no-aniversario-de-65-anos\\\/#article\",\"isPartOf\":{\"@id\":\"https:\\\/\\\/maetinganoticias.com\\\/index.php\\\/2026\\\/09\\\/01\\\/tanhacu-anuncia-edson-gomes-como-primeira-atracao-no-aniversario-de-65-anos\\\/\"},\"author\":{\"name\":\"Maetinga Not\u00edcias\",\"@id\":\"https:\\\/\\\/maetinganoticias.com\\\/#\\\/schema\\\/person\\\/968cf95e67a6810fc7fb35bbc9016962\"},\"headline\":\"Tanha\u00e7u anuncia Edson Gomes como primeira atra\u00e7\u00e3o no anivers\u00e1rio de 65 anos\",\"datePublished\":\"2026-09-01T14:29:23+00:00\",\"dateModified\":\"2026-09-01T14:29:24+00:00\",\"mainEntityOfPage\":{\"@id\":\"https:\\\/\\\/maetinganoticias.com\\\/index.php\\\/2026\\\/09\\\/01\\\/tanhacu-anuncia-edson-gomes-como-primeira-atracao-no-aniversario-de-65-anos\\\/\"},\"wordCount\":204,\"commentCount\":0,\"publisher\":{\"@id\":\"https:\\\/\\\/maetinganoticias.com\\\/#organization\"},\"image\":{\"@id\":\"https:\\\/\\\/maetinganoticias.com\\\/index.php\\\/2026\\\/09\\\/01\\\/tanhacu-anuncia-edson-gomes-como-primeira-atracao-no-aniversario-de-65-anos\\\/#primaryimage\"},\"thumbnailUrl\":\"https:\\\/\\\/maetinganoticias.com\\\/wp-content\\\/uploads\\\/2026\\\/09\\\/edson-gomes-874.jpg\",\"articleSection\":[\"Tanha\u00e7u\"],\"inLanguage\":\"pt-BR\",\"potentialAction\":[{\"@type\":\"CommentAction\",\"name\":\"Comment\",\"target\":[\"https:\\\/\\\/maetinganoticias.com\\\/index.php\\\/2026\\\/09\\\/01\\\/tanhacu-anuncia-edson-gomes-como-primeira-atracao-no-aniversario-de-65-anos\\\/#respond\"]}]},{\"@type\":\"WebPage\",\"@id\":\"https:\\\/\\\/maetinganoticias.com\\\/index.php\\\/2026\\\/09\\\/01\\\/tanhacu-anuncia-edson-gomes-como-primeira-atracao-no-aniversario-de-65-anos\\\/\",\"url\":\"https:\\\/\\\/maetinganoticias.com\\\/index.php\\\/2026\\\/09\\\/01\\\/tanhacu-anuncia-edson-gomes-como-primeira-atracao-no-aniversario-de-65-anos\\\/\",\"name\":\"Tanha\u00e7u anuncia Edson Gomes como primeira atra\u00e7\u00e3o no anivers\u00e1rio de 65 anos - Maetinga Not\u00edcias\",\"isPartOf\":{\"@id\":\"https:\\\/\\\/maetinganoticias.com\\\/#website\"},\"primaryImageOfPage\":{\"@id\":\"https:\\\/\\\/maetinganoticias.com\\\/index.php\\\/2026\\\/09\\\/01\\\/tanhacu-anuncia-edson-gomes-como-primeira-atracao-no-aniversario-de-65-anos\\\/#primaryimage\"},\"image\":{\"@id\":\"https:\\\/\\\/maetinganoticias.com\\\/index.php\\\/2026\\\/09\\\/01\\\/tanhacu-anuncia-edson-gomes-como-primeira-atracao-no-aniversario-de-65-anos\\\/#primaryimage\"},\"thumbnailUrl\":\"https:\\\/\\\/maetinganoticias.com\\\/wp-content\\\/uploads\\\/2026\\\/09\\\/edson-gomes-874.jpg\",\"datePublished\":\"2026-09-01T14:29:23+00:00\",\"dateModified\":\"2026-09-01T14:29:24+00:00\",\"breadcrumb\":{\"@id\":\"https:\\\/\\\/maetinganoticias.com\\\/index.php\\\/2026\\\/09\\\/01\\\/tanhacu-anuncia-edson-gomes-como-primeira-atracao-no-aniversario-de-65-anos\\\/#breadcrumb\"},\"inLanguage\":\"pt-BR\",\"potentialAction\":[{\"@type\":\"ReadAction\",\"target\":[\"https:\\\/\\\/maetinganoticias.com\\\/index.php\\\/2026\\\/09\\\/01\\\/tanhacu-anuncia-edson-gomes-como-primeira-atracao-no-aniversario-de-65-anos\\\/\"]}]},{\"@type\":\"ImageObject\",\"inLanguage\":\"pt-BR\",\"@id\":\"https:\\\/\\\/maetinganoticias.com\\\/index.php\\\/2026\\\/09\\\/01\\\/tanhacu-anuncia-edson-gomes-como-primeira-atracao-no-aniversario-de-65-anos\\\/#primaryimage\",\"url\":\"https:\\\/\\\/maetinganoticias.com\\\/wp-content\\\/uploads\\\/2026\\\/09\\\/edson-gomes-874.jpg\",\"contentUrl\":\"https:\\\/\\\/maetinganoticias.com\\\/wp-content\\\/uploads\\\/2026\\\/09\\\/edson-gomes-874.jpg\",\"width\":2048,\"height\":1366,\"caption\":\"Foto: Van Campos\\\/AgNews\"},{\"@type\":\"BreadcrumbList\",\"@id\":\"https:\\\/\\\/maetinganoticias.com\\\/index.php\\\/2026\\\/09\\\/01\\\/tanhacu-anuncia-edson-gomes-como-primeira-atracao-no-aniversario-de-65-anos\\\/#breadcrumb\",\"itemListElement\":[{\"@type\":\"ListItem\",\"position\":1,\"name\":\"In\u00edcio\",\"item\":\"https:\\\/\\\/maetinganoticias.com\\\/\"},{\"@type\":\"ListItem\",\"position\":2,\"name\":\"Tanha\u00e7u anuncia Edson Gomes como primeira atra\u00e7\u00e3o no anivers\u00e1rio de 65 anos\"}]},{\"@type\":\"WebSite\",\"@id\":\"https:\\\/\\\/maetinganoticias.com\\\/#website\",\"url\":\"https:\\\/\\\/maetinganoticias.com\\\/\",\"name\":\"Maetinga Not\u00edcias\",\"description\":\"A Voz do Interior Baiano!\",\"publisher\":{\"@id\":\"https:\\\/\\\/maetinganoticias.com\\\/#organization\"},\"potentialAction\":[{\"@type\":\"SearchAction\",\"target\":{\"@type\":\"EntryPoint\",\"urlTemplate\":\"https:\\\/\\\/maetinganoticias.com\\\/?s={search_term_string}\"},\"query-input\":{\"@type\":\"PropertyValueSpecification\",\"valueRequired\":true,\"valueName\":\"search_term_string\"}}],\"inLanguage\":\"pt-BR\"},{\"@type\":\"Organization\",\"@id\":\"https:\\\/\\\/maetinganoticias.com\\\/#organization\",\"name\":\"Maetinga Not\u00edcias\",\"url\":\"https:\\\/\\\/maetinganoticias.com\\\/\",\"logo\":{\"@type\":\"ImageObject\",\"inLanguage\":\"pt-BR\",\"@id\":\"https:\\\/\\\/maetinganoticias.com\\\/#\\\/schema\\\/logo\\\/image\\\/\",\"url\":\"https:\\\/\\\/maetinganoticias.com\\\/wp-content\\\/uploads\\\/2023\\\/07\\\/cropped-cropped-cropped-cropped-BUSINESS-3-42-1.png\",\"contentUrl\":\"https:\\\/\\\/maetinganoticias.com\\\/wp-content\\\/uploads\\\/2023\\\/07\\\/cropped-cropped-cropped-cropped-BUSINESS-3-42-1.png\",\"width\":485,\"height\":109,\"caption\":\"Maetinga Not\u00edcias\"},\"image\":{\"@id\":\"https:\\\/\\\/maetinganoticias.com\\\/#\\\/schema\\\/logo\\\/image\\\/\"}},{\"@type\":\"Person\",\"@id\":\"https:\\\/\\\/maetinganoticias.com\\\/#\\\/schema\\\/person\\\/968cf95e67a6810fc7fb35bbc9016962\",\"name\":\"Maetinga Not\u00edcias\",\"image\":{\"@type\":\"ImageObject\",\"inLanguage\":\"pt-BR\",\"@id\":\"https:\\\/\\\/secure.gravatar.com\\\/avatar\\\/32e078313a5ca37a6c8d44e716ed4f9e87ecfde7222d2b88a1424bd49654f187?s=96&d=mm&r=g\",\"url\":\"https:\\\/\\\/secure.gravatar.com\\\/avatar\\\/32e078313a5ca37a6c8d44e716ed4f9e87ecfde7222d2b88a1424bd49654f187?s=96&d=mm&r=g\",\"contentUrl\":\"https:\\\/\\\/secure.gravatar.com\\\/avatar\\\/32e078313a5ca37a6c8d44e716ed4f9e87ecfde7222d2b88a1424bd49654f187?s=96&d=mm&r=g\",\"caption\":\"Maetinga Not\u00edcias\"},\"description\":\"A voz do Interior Baiano!\",\"sameAs\":[\"https:\\\/\\\/maetinganoticias.com\",\"https:\\\/\\\/www.instagram.com\\\/blogmaetinganoticias\\\/\"],\"url\":\"https:\\\/\\\/maetinganoticias.com\\\/index.php\\\/author\\\/carlosvianna13\\\/\"}]}<\/script>\n<!-- \/ Yoast SEO plugin. -->","yoast_head_json":{"title":"Tanha\u00e7u anuncia Edson Gomes como primeira atra\u00e7\u00e3o no anivers\u00e1rio de 65 anos - Maetinga Not\u00edcias","robots":{"index":"index","follow":"follow","max-snippet":"max-snippet:-1","max-image-preview":"max-image-preview:large","max-video-preview":"max-video-preview:-1"},"canonical":"https:\/\/maetinganoticias.com\/index.php\/2026\/09\/01\/tanhacu-anuncia-edson-gomes-como-primeira-atracao-no-aniversario-de-65-anos\/","og_locale":"pt_BR","og_type":"article","og_title":"Tanha\u00e7u anuncia Edson Gomes como primeira atra\u00e7\u00e3o no anivers\u00e1rio de 65 anos - Maetinga Not\u00edcias","og_description":"O munic\u00edpio de Tanha\u00e7u j\u00e1 come\u00e7ou a preparar as celebra\u00e7\u00f5es pelos seus 65 anos de emancipa\u00e7\u00e3o pol\u00edtica. A programa\u00e7\u00e3o festiva ter\u00e1 in\u00edcio em 21 de setembro e contar\u00e1 com a participa\u00e7\u00e3o de um dos grandes nomes do reggae nacional. A Prefeitura anunciou Edson Gomes como a primeira atra\u00e7\u00e3o confirmada para as festividades. Com uma trajet\u00f3ria [&hellip;]","og_url":"https:\/\/maetinganoticias.com\/index.php\/2026\/09\/01\/tanhacu-anuncia-edson-gomes-como-primeira-atracao-no-aniversario-de-65-anos\/","og_site_name":"Maetinga Not\u00edcias","article_published_time":"2026-09-01T14:29:23+00:00","article_modified_time":"2026-09-01T14:29:24+00:00","og_image":[{"width":2048,"height":1366,"url":"https:\/\/maetinganoticias.com\/wp-content\/uploads\/2026\/09\/edson-gomes-874.jpg","type":"image\/jpeg"}],"author":"Maetinga Not\u00edcias","twitter_card":"summary_large_image","twitter_misc":{"Escrito por":"Maetinga Not\u00edcias","Est. tempo de leitura":"2 minutos"},"schema":{"@context":"https:\/\/schema.org","@graph":[{"@type":["Article","BlogPosting"],"@id":"https:\/\/maetinganoticias.com\/index.php\/2026\/09\/01\/tanhacu-anuncia-edson-gomes-como-primeira-atracao-no-aniversario-de-65-anos\/#article","isPartOf":{"@id":"https:\/\/maetinganoticias.com\/index.php\/2026\/09\/01\/tanhacu-anuncia-edson-gomes-como-primeira-atracao-no-aniversario-de-65-anos\/"},"author":{"name":"Maetinga Not\u00edcias","@id":"https:\/\/maetinganoticias.com\/#\/schema\/person\/968cf95e67a6810fc7fb35bbc9016962"},"headline":"Tanha\u00e7u anuncia Edson Gomes como primeira atra\u00e7\u00e3o no anivers\u00e1rio de 65 anos","datePublished":"2026-09-01T14:29:23+00:00","dateModified":"2026-09-01T14:29:24+00:00","mainEntityOfPage":{"@id":"https:\/\/maetinganoticias.com\/index.php\/2026\/09\/01\/tanhacu-anuncia-edson-gomes-como-primeira-atracao-no-aniversario-de-65-anos\/"},"wordCount":204,"commentCount":0,"publisher":{"@id":"https:\/\/maetinganoticias.com\/#organization"},"image":{"@id":"https:\/\/maetinganoticias.com\/index.php\/2026\/09\/01\/tanhacu-anuncia-edson-gomes-como-primeira-atracao-no-aniversario-de-65-anos\/#primaryimage"},"thumbnailUrl":"https:\/\/maetinganoticias.com\/wp-content\/uploads\/2026\/09\/edson-gomes-874.jpg","articleSection":["Tanha\u00e7u"],"inLanguage":"pt-BR","potentialAction":[{"@type":"CommentAction","name":"Comment","target":["https:\/\/maetinganoticias.com\/index.php\/2026\/09\/01\/tanhacu-anuncia-edson-gomes-como-primeira-atracao-no-aniversario-de-65-anos\/#respond"]}]},{"@type":"WebPage","@id":"https:\/\/maetinganoticias.com\/index.php\/2026\/09\/01\/tanhacu-anuncia-edson-gomes-como-primeira-atracao-no-aniversario-de-65-anos\/","url":"https:\/\/maetinganoticias.com\/index.php\/2026\/09\/01\/tanhacu-anuncia-edson-gomes-como-primeira-atracao-no-aniversario-de-65-anos\/","name":"Tanha\u00e7u anuncia Edson Gomes como primeira atra\u00e7\u00e3o no anivers\u00e1rio de 65 anos - Maetinga Not\u00edcias","isPartOf":{"@id":"https:\/\/maetinganoticias.com\/#website"},"primaryImageOfPage":{"@id":"https:\/\/maetinganoticias.com\/index.php\/2026\/09\/01\/tanhacu-anuncia-edson-gomes-como-primeira-atracao-no-aniversario-de-65-anos\/#primaryimage"},"image":{"@id":"https:\/\/maetinganoticias.com\/index.php\/2026\/09\/01\/tanhacu-anuncia-edson-gomes-como-primeira-atracao-no-aniversario-de-65-anos\/#primaryimage"},"thumbnailUrl":"https:\/\/maetinganoticias.com\/wp-content\/uploads\/2026\/09\/edson-gomes-874.jpg","datePublished":"2026-09-01T14:29:23+00:00","dateModified":"2026-09-01T14:29:24+00:00","breadcrumb":{"@id":"https:\/\/maetinganoticias.com\/index.php\/2026\/09\/01\/tanhacu-anuncia-edson-gomes-como-primeira-atracao-no-aniversario-de-65-anos\/#breadcrumb"},"inLanguage":"pt-BR","potentialAction":[{"@type":"ReadAction","target":["https:\/\/maetinganoticias.com\/index.php\/2026\/09\/01\/tanhacu-anuncia-edson-gomes-como-primeira-atracao-no-aniversario-de-65-anos\/"]}]},{"@type":"ImageObject","inLanguage":"pt-BR","@id":"https:\/\/maetinganoticias.com\/index.php\/2026\/09\/01\/tanhacu-anuncia-edson-gomes-como-primeira-atracao-no-aniversario-de-65-anos\/#primaryimage","url":"https:\/\/maetinganoticias.com\/wp-content\/uploads\/2026\/09\/edson-gomes-874.jpg","contentUrl":"https:\/\/maetinganoticias.com\/wp-content\/uploads\/2026\/09\/edson-gomes-874.jpg","width":2048,"height":1366,"caption":"Foto: Van Campos\/AgNews"},{"@type":"BreadcrumbList","@id":"https:\/\/maetinganoticias.com\/index.php\/2026\/09\/01\/tanhacu-anuncia-edson-gomes-como-primeira-atracao-no-aniversario-de-65-anos\/#breadcrumb","itemListElement":[{"@type":"ListItem","position":1,"name":"In\u00edcio","item":"https:\/\/maetinganoticias.com\/"},{"@type":"ListItem","position":2,"name":"Tanha\u00e7u anuncia Edson Gomes como primeira atra\u00e7\u00e3o no anivers\u00e1rio de 65 anos"}]},{"@type":"WebSite","@id":"https:\/\/maetinganoticias.com\/#website","url":"https:\/\/maetinganoticias.com\/","name":"Maetinga Not\u00edcias","description":"A Voz do Interior Baiano!","publisher":{"@id":"https:\/\/maetinganoticias.com\/#organization"},"potentialAction":[{"@type":"SearchAction","target":{"@type":"EntryPoint","urlTemplate":"https:\/\/maetinganoticias.com\/?s={search_term_string}"},"query-input":{"@type":"PropertyValueSpecification","valueRequired":true,"valueName":"search_term_string"}}],"inLanguage":"pt-BR"},{"@type":"Organization","@id":"https:\/\/maetinganoticias.com\/#organization","name":"Maetinga Not\u00edcias","url":"https:\/\/maetinganoticias.com\/","logo":{"@type":"ImageObject","inLanguage":"pt-BR","@id":"https:\/\/maetinganoticias.com\/#\/schema\/logo\/image\/","url":"https:\/\/maetinganoticias.com\/wp-content\/uploads\/2023\/07\/cropped-cropped-cropped-cropped-BUSINESS-3-42-1.png","contentUrl":"https:\/\/maetinganoticias.com\/wp-content\/uploads\/2023\/07\/cropped-cropped-cropped-cropped-BUSINESS-3-42-1.png","width":485,"height":109,"caption":"Maetinga Not\u00edcias"},"image":{"@id":"https:\/\/maetinganoticias.com\/#\/schema\/logo\/image\/"}},{"@type":"Person","@id":"https:\/\/maetinganoticias.com\/#\/schema\/person\/968cf95e67a6810fc7fb35bbc9016962","name":"Maetinga Not\u00edcias","image":{"@type":"ImageObject","inLanguage":"pt-BR","@id":"https:\/\/secure.gravatar.com\/avatar\/32e078313a5ca37a6c8d44e716ed4f9e87ecfde7222d2b88a1424bd49654f187?s=96&d=mm&r=g","url":"https:\/\/secure.gravatar.com\/avatar\/32e078313a5ca37a6c8d44e716ed4f9e87ecfde7222d2b88a1424bd49654f187?s=96&d=mm&r=g","contentUrl":"https:\/\/secure.gravatar.com\/avatar\/32e078313a5ca37a6c8d44e716ed4f9e87ecfde7222d2b88a1424bd49654f187?s=96&d=mm&r=g","caption":"Maetinga Not\u00edcias"},"description":"A voz do Interior Baiano!","sameAs":["https:\/\/maetinganoticias.com","https:\/\/www.instagram.com\/blogmaetinganoticias\/"],"url":"https:\/\/maetinganoticias.com\/index.php\/author\/carlosvianna13\/"}]}},"_links":{"self":[{"href":"https:\/\/maetinganoticias.com\/index.php\/wp-json\/wp\/v2\/posts\/13503","targetHints":{"allow":["GET"]}}],"collection":[{"href":"https:\/\/maetinganoticias.com\/index.php\/wp-json\/wp\/v2\/posts"}],"about":[{"href":"https:\/\/maetinganoticias.com\/index.php\/wp-json\/wp\/v2\/types\/post"}],"author":[{"embeddable":true,"href":"https:\/\/maetinganoticias.com\/index.php\/wp-json\/wp\/v2\/users\/1"}],"replies":[{"embeddable":true,"href":"https:\/\/maetinganoticias.com\/index.php\/wp-json\/wp\/v2\/comments?post=13503"}],"version-history":[{"count":1,"href":"https:\/\/maetinganoticias.com\/index.php\/wp-json\/wp\/v2\/posts\/13503\/revisions"}],"predecessor-version":[{"id":13505,"href":"https:\/\/maetinganoticias.com\/index.php\/wp-json\/wp\/v2\/posts\/13503\/revisions\/13505"}],"wp:featuredmedia":[{"embeddable":true,"href":"https:\/\/maetinganoticias.com\/index.php\/wp-json\/wp\/v2\/media\/13504"}],"wp:attachment":[{"href":"https:\/\/maetinganoticias.com\/index.php\/wp-json\/wp\/v2\/media?parent=13503"}],"wp:term":[{"taxonomy":"category","embeddable":true,"href":"https:\/\/maetinganoticias.com\/index.php\/wp-json\/wp\/v2\/categories?post=13503"},{"taxonomy":"post_tag","embeddable":true,"href":"https:\/\/maetinganoticias.com\/index.php\/wp-json\/wp\/v2\/tags?post=13503"}],"curies":[{"name":"wp","href":"https:\/\/api.w.org\/{rel}","templated":true}]}}