{"id":12458,"date":"2026-05-01T12:25:40","date_gmt":"2026-05-01T15:25:40","guid":{"rendered":"https:\/\/maetinganoticias.com\/?p=12458"},"modified":"2026-05-01T12:25:41","modified_gmt":"2026-05-01T15:25:41","slug":"prefeito-fabricio-abrantes-entrega-avenida-aguardada-ha-20-anos-e-anuncia-nova-praca-em-brumado","status":"publish","type":"post","link":"https:\/\/maetinganoticias.com\/index.php\/2026\/05\/01\/prefeito-fabricio-abrantes-entrega-avenida-aguardada-ha-20-anos-e-anuncia-nova-praca-em-brumado\/","title":{"rendered":"Prefeito Fabr\u00edcio Abrantes entrega avenida aguardada h\u00e1 20 anos e anuncia nova pra\u00e7a em Brumado"},"content":{"rendered":"\n<p>A Prefeitura de Brumado avan\u00e7ou de forma significativa na melhoria da infraestrutura urbana ao entregar, nesta quinta-feira (30), a revitaliza\u00e7\u00e3o completa da Avenida Ana L\u00eddia Viana Cardoso. A interven\u00e7\u00e3o, aguardada h\u00e1 anos pelos moradores, trouxe mudan\u00e7as importantes para a mobilidade da regi\u00e3o, incluindo novo asfalto, sinaliza\u00e7\u00e3o horizontal e vertical e a implanta\u00e7\u00e3o de ilumina\u00e7\u00e3o em LED. Com isso, a via ganha n\u00e3o apenas um novo visual, mas tamb\u00e9m mais seguran\u00e7a e melhor fluxo para motoristas e pedestres.<\/p>\n\n\n\n<p>A cerim\u00f4nia de entrega reuniu diversas lideran\u00e7as pol\u00edticas, entre elas o prefeito Fabr\u00edcio Abrantes, o vice-prefeito Marlucinho Abreu, deputados estaduais e federais, al\u00e9m do presidente da C\u00e2mara Municipal, vereadores, secret\u00e1rios e representantes da comunidade. Familiares da homenageada que d\u00e1 nome \u00e0 avenida tamb\u00e9m estiveram presentes, refor\u00e7ando o significado especial da obra.<\/p>\n\n\n\n<p>Durante o evento, outro importante benef\u00edcio foi anunciado para o munic\u00edpio: a chegada de uma escavadeira hidr\u00e1ulica, adquirida por meio de emenda parlamentar. O equipamento ser\u00e1 utilizado no fortalecimento dos servi\u00e7os de infraestrutura, especialmente na manuten\u00e7\u00e3o de estradas vicinais, limpeza de aguadas e a\u00e7\u00f5es que atendem diretamente a zona rural.<\/p>\n\n\n\n<p>Em entrevista, o prefeito destacou a import\u00e2ncia da entrega, lembrando que a requalifica\u00e7\u00e3o da avenida era uma demanda antiga da popula\u00e7\u00e3o. Segundo ele, a obra representa mais qualidade de vida, seguran\u00e7a e dignidade para os moradores, al\u00e9m de marcar um novo momento para a cidade.<\/p>\n\n\n\n<p>O gestor tamb\u00e9m ressaltou o papel das parcerias pol\u00edticas na viabiliza\u00e7\u00e3o dos investimentos, tanto na pavimenta\u00e7\u00e3o quanto na aquisi\u00e7\u00e3o do novo maquin\u00e1rio, que dever\u00e1 contribuir diretamente para o desenvolvimento do campo.<\/p>\n\n\n\n<p>Ainda durante a solenidade, foi anunciada a inten\u00e7\u00e3o de revitalizar a Pra\u00e7a Miriam Gomes de Souza, localizada nas proximidades da avenida. A proposta \u00e9 transformar o espa\u00e7o em uma \u00e1rea moderna e adequada para o lazer das fam\u00edlias, oferecendo mais op\u00e7\u00f5es de conviv\u00eancia para a comunidade.<\/p>\n\n\n\n<figure class=\"wp-block-image size-full\"><img loading=\"lazy\" decoding=\"async\" width=\"750\" height=\"500\" src=\"https:\/\/maetinganoticias.com\/wp-content\/uploads\/2026\/05\/7788-brumado-escavadeira-hidraulica.webp\" alt=\"\" class=\"wp-image-12460\" srcset=\"https:\/\/maetinganoticias.com\/wp-content\/uploads\/2026\/05\/7788-brumado-escavadeira-hidraulica.webp 750w, https:\/\/maetinganoticias.com\/wp-content\/uploads\/2026\/05\/7788-brumado-escavadeira-hidraulica-300x200.webp 300w, https:\/\/maetinganoticias.com\/wp-content\/uploads\/2026\/05\/7788-brumado-escavadeira-hidraulica-630x420.webp 630w, https:\/\/maetinganoticias.com\/wp-content\/uploads\/2026\/05\/7788-brumado-escavadeira-hidraulica-150x100.webp 150w, https:\/\/maetinganoticias.com\/wp-content\/uploads\/2026\/05\/7788-brumado-escavadeira-hidraulica-696x464.webp 696w\" sizes=\"auto, (max-width: 750px) 100vw, 750px\" \/><\/figure>\n\n\n\n<p><\/p>\n","protected":false},"excerpt":{"rendered":"<p>A Prefeitura de Brumado avan\u00e7ou de forma significativa na melhoria da infraestrutura urbana ao entregar, nesta quinta-feira (30), a revitaliza\u00e7\u00e3o completa da Avenida Ana L\u00eddia Viana Cardoso. A interven\u00e7\u00e3o, aguardada h\u00e1 anos pelos moradores, trouxe mudan\u00e7as importantes para a mobilidade da regi\u00e3o, incluindo novo asfalto, sinaliza\u00e7\u00e3o horizontal e vertical e a implanta\u00e7\u00e3o de ilumina\u00e7\u00e3o em [&hellip;]<\/p>\n","protected":false},"author":1,"featured_media":12459,"comment_status":"open","ping_status":"open","sticky":false,"template":"","format":"standard","meta":{"om_disable_all_campaigns":false,"_monsterinsights_skip_tracking":false,"_monsterinsights_sitenote_active":false,"_monsterinsights_sitenote_note":"","_monsterinsights_sitenote_category":0,"_uf_show_specific_survey":0,"_uf_disable_surveys":false,"footnotes":""},"categories":[42],"tags":[],"class_list":{"0":"post-12458","1":"post","2":"type-post","3":"status-publish","4":"format-standard","5":"has-post-thumbnail","7":"category-brumado"},"yoast_head":"<!-- This site is optimized with the Yoast SEO plugin v27.5 - https:\/\/yoast.com\/product\/yoast-seo-wordpress\/ -->\n<title>Prefeito Fabr\u00edcio Abrantes entrega avenida aguardada h\u00e1 20 anos e anuncia nova pra\u00e7a em Brumado - Maetinga Not\u00edcias<\/title>\n<meta name=\"robots\" content=\"index, follow, max-snippet:-1, max-image-preview:large, max-video-preview:-1\" \/>\n<link rel=\"canonical\" href=\"https:\/\/maetinganoticias.com\/index.php\/2026\/05\/01\/prefeito-fabricio-abrantes-entrega-avenida-aguardada-ha-20-anos-e-anuncia-nova-praca-em-brumado\/\" \/>\n<meta property=\"og:locale\" content=\"pt_BR\" \/>\n<meta property=\"og:type\" content=\"article\" \/>\n<meta property=\"og:title\" content=\"Prefeito Fabr\u00edcio Abrantes entrega avenida aguardada h\u00e1 20 anos e anuncia nova pra\u00e7a em Brumado - Maetinga Not\u00edcias\" \/>\n<meta property=\"og:description\" content=\"A Prefeitura de Brumado avan\u00e7ou de forma significativa na melhoria da infraestrutura urbana ao entregar, nesta quinta-feira (30), a revitaliza\u00e7\u00e3o completa da Avenida Ana L\u00eddia Viana Cardoso. A interven\u00e7\u00e3o, aguardada h\u00e1 anos pelos moradores, trouxe mudan\u00e7as importantes para a mobilidade da regi\u00e3o, incluindo novo asfalto, sinaliza\u00e7\u00e3o horizontal e vertical e a implanta\u00e7\u00e3o de ilumina\u00e7\u00e3o em [&hellip;]\" \/>\n<meta property=\"og:url\" content=\"https:\/\/maetinganoticias.com\/index.php\/2026\/05\/01\/prefeito-fabricio-abrantes-entrega-avenida-aguardada-ha-20-anos-e-anuncia-nova-praca-em-brumado\/\" \/>\n<meta property=\"og:site_name\" content=\"Maetinga Not\u00edcias\" \/>\n<meta property=\"article:published_time\" content=\"2026-05-01T15:25:40+00:00\" \/>\n<meta property=\"article:modified_time\" content=\"2026-05-01T15:25:41+00:00\" \/>\n<meta property=\"og:image\" content=\"https:\/\/maetinganoticias.com\/wp-content\/uploads\/2026\/05\/9295-brumado-inauguracao-asfalto-ana-lidia-viana-cardoso.webp\" \/>\n\t<meta property=\"og:image:width\" content=\"750\" \/>\n\t<meta property=\"og:image:height\" content=\"500\" \/>\n\t<meta property=\"og:image:type\" content=\"image\/webp\" \/>\n<meta name=\"author\" content=\"Maetinga Not\u00edcias\" \/>\n<meta name=\"twitter:card\" content=\"summary_large_image\" \/>\n<meta name=\"twitter:label1\" content=\"Escrito por\" \/>\n\t<meta name=\"twitter:data1\" content=\"Maetinga Not\u00edcias\" \/>\n\t<meta name=\"twitter:label2\" content=\"Est. tempo de leitura\" \/>\n\t<meta name=\"twitter:data2\" content=\"3 minutos\" \/>\n<script type=\"application\/ld+json\" class=\"yoast-schema-graph\">{\"@context\":\"https:\\\/\\\/schema.org\",\"@graph\":[{\"@type\":[\"Article\",\"BlogPosting\"],\"@id\":\"https:\\\/\\\/maetinganoticias.com\\\/index.php\\\/2026\\\/05\\\/01\\\/prefeito-fabricio-abrantes-entrega-avenida-aguardada-ha-20-anos-e-anuncia-nova-praca-em-brumado\\\/#article\",\"isPartOf\":{\"@id\":\"https:\\\/\\\/maetinganoticias.com\\\/index.php\\\/2026\\\/05\\\/01\\\/prefeito-fabricio-abrantes-entrega-avenida-aguardada-ha-20-anos-e-anuncia-nova-praca-em-brumado\\\/\"},\"author\":{\"name\":\"Maetinga Not\u00edcias\",\"@id\":\"https:\\\/\\\/maetinganoticias.com\\\/#\\\/schema\\\/person\\\/968cf95e67a6810fc7fb35bbc9016962\"},\"headline\":\"Prefeito Fabr\u00edcio Abrantes entrega avenida aguardada h\u00e1 20 anos e anuncia nova pra\u00e7a em Brumado\",\"datePublished\":\"2026-05-01T15:25:40+00:00\",\"dateModified\":\"2026-05-01T15:25:41+00:00\",\"mainEntityOfPage\":{\"@id\":\"https:\\\/\\\/maetinganoticias.com\\\/index.php\\\/2026\\\/05\\\/01\\\/prefeito-fabricio-abrantes-entrega-avenida-aguardada-ha-20-anos-e-anuncia-nova-praca-em-brumado\\\/\"},\"wordCount\":357,\"commentCount\":0,\"publisher\":{\"@id\":\"https:\\\/\\\/maetinganoticias.com\\\/#organization\"},\"image\":{\"@id\":\"https:\\\/\\\/maetinganoticias.com\\\/index.php\\\/2026\\\/05\\\/01\\\/prefeito-fabricio-abrantes-entrega-avenida-aguardada-ha-20-anos-e-anuncia-nova-praca-em-brumado\\\/#primaryimage\"},\"thumbnailUrl\":\"https:\\\/\\\/maetinganoticias.com\\\/wp-content\\\/uploads\\\/2026\\\/05\\\/9295-brumado-inauguracao-asfalto-ana-lidia-viana-cardoso.webp\",\"articleSection\":[\"Brumado\"],\"inLanguage\":\"pt-BR\",\"potentialAction\":[{\"@type\":\"CommentAction\",\"name\":\"Comment\",\"target\":[\"https:\\\/\\\/maetinganoticias.com\\\/index.php\\\/2026\\\/05\\\/01\\\/prefeito-fabricio-abrantes-entrega-avenida-aguardada-ha-20-anos-e-anuncia-nova-praca-em-brumado\\\/#respond\"]}]},{\"@type\":\"WebPage\",\"@id\":\"https:\\\/\\\/maetinganoticias.com\\\/index.php\\\/2026\\\/05\\\/01\\\/prefeito-fabricio-abrantes-entrega-avenida-aguardada-ha-20-anos-e-anuncia-nova-praca-em-brumado\\\/\",\"url\":\"https:\\\/\\\/maetinganoticias.com\\\/index.php\\\/2026\\\/05\\\/01\\\/prefeito-fabricio-abrantes-entrega-avenida-aguardada-ha-20-anos-e-anuncia-nova-praca-em-brumado\\\/\",\"name\":\"Prefeito Fabr\u00edcio Abrantes entrega avenida aguardada h\u00e1 20 anos e anuncia nova pra\u00e7a em Brumado - Maetinga Not\u00edcias\",\"isPartOf\":{\"@id\":\"https:\\\/\\\/maetinganoticias.com\\\/#website\"},\"primaryImageOfPage\":{\"@id\":\"https:\\\/\\\/maetinganoticias.com\\\/index.php\\\/2026\\\/05\\\/01\\\/prefeito-fabricio-abrantes-entrega-avenida-aguardada-ha-20-anos-e-anuncia-nova-praca-em-brumado\\\/#primaryimage\"},\"image\":{\"@id\":\"https:\\\/\\\/maetinganoticias.com\\\/index.php\\\/2026\\\/05\\\/01\\\/prefeito-fabricio-abrantes-entrega-avenida-aguardada-ha-20-anos-e-anuncia-nova-praca-em-brumado\\\/#primaryimage\"},\"thumbnailUrl\":\"https:\\\/\\\/maetinganoticias.com\\\/wp-content\\\/uploads\\\/2026\\\/05\\\/9295-brumado-inauguracao-asfalto-ana-lidia-viana-cardoso.webp\",\"datePublished\":\"2026-05-01T15:25:40+00:00\",\"dateModified\":\"2026-05-01T15:25:41+00:00\",\"breadcrumb\":{\"@id\":\"https:\\\/\\\/maetinganoticias.com\\\/index.php\\\/2026\\\/05\\\/01\\\/prefeito-fabricio-abrantes-entrega-avenida-aguardada-ha-20-anos-e-anuncia-nova-praca-em-brumado\\\/#breadcrumb\"},\"inLanguage\":\"pt-BR\",\"potentialAction\":[{\"@type\":\"ReadAction\",\"target\":[\"https:\\\/\\\/maetinganoticias.com\\\/index.php\\\/2026\\\/05\\\/01\\\/prefeito-fabricio-abrantes-entrega-avenida-aguardada-ha-20-anos-e-anuncia-nova-praca-em-brumado\\\/\"]}]},{\"@type\":\"ImageObject\",\"inLanguage\":\"pt-BR\",\"@id\":\"https:\\\/\\\/maetinganoticias.com\\\/index.php\\\/2026\\\/05\\\/01\\\/prefeito-fabricio-abrantes-entrega-avenida-aguardada-ha-20-anos-e-anuncia-nova-praca-em-brumado\\\/#primaryimage\",\"url\":\"https:\\\/\\\/maetinganoticias.com\\\/wp-content\\\/uploads\\\/2026\\\/05\\\/9295-brumado-inauguracao-asfalto-ana-lidia-viana-cardoso.webp\",\"contentUrl\":\"https:\\\/\\\/maetinganoticias.com\\\/wp-content\\\/uploads\\\/2026\\\/05\\\/9295-brumado-inauguracao-asfalto-ana-lidia-viana-cardoso.webp\",\"width\":750,\"height\":500,\"caption\":\"Foto: Lay Amorim\\\/Achei Sudoeste\"},{\"@type\":\"BreadcrumbList\",\"@id\":\"https:\\\/\\\/maetinganoticias.com\\\/index.php\\\/2026\\\/05\\\/01\\\/prefeito-fabricio-abrantes-entrega-avenida-aguardada-ha-20-anos-e-anuncia-nova-praca-em-brumado\\\/#breadcrumb\",\"itemListElement\":[{\"@type\":\"ListItem\",\"position\":1,\"name\":\"In\u00edcio\",\"item\":\"https:\\\/\\\/maetinganoticias.com\\\/\"},{\"@type\":\"ListItem\",\"position\":2,\"name\":\"Prefeito Fabr\u00edcio Abrantes entrega avenida aguardada h\u00e1 20 anos e anuncia nova pra\u00e7a em Brumado\"}]},{\"@type\":\"WebSite\",\"@id\":\"https:\\\/\\\/maetinganoticias.com\\\/#website\",\"url\":\"https:\\\/\\\/maetinganoticias.com\\\/\",\"name\":\"Maetinga Not\u00edcias\",\"description\":\"A Voz do Interior Baiano!\",\"publisher\":{\"@id\":\"https:\\\/\\\/maetinganoticias.com\\\/#organization\"},\"potentialAction\":[{\"@type\":\"SearchAction\",\"target\":{\"@type\":\"EntryPoint\",\"urlTemplate\":\"https:\\\/\\\/maetinganoticias.com\\\/?s={search_term_string}\"},\"query-input\":{\"@type\":\"PropertyValueSpecification\",\"valueRequired\":true,\"valueName\":\"search_term_string\"}}],\"inLanguage\":\"pt-BR\"},{\"@type\":\"Organization\",\"@id\":\"https:\\\/\\\/maetinganoticias.com\\\/#organization\",\"name\":\"Maetinga Not\u00edcias\",\"url\":\"https:\\\/\\\/maetinganoticias.com\\\/\",\"logo\":{\"@type\":\"ImageObject\",\"inLanguage\":\"pt-BR\",\"@id\":\"https:\\\/\\\/maetinganoticias.com\\\/#\\\/schema\\\/logo\\\/image\\\/\",\"url\":\"https:\\\/\\\/maetinganoticias.com\\\/wp-content\\\/uploads\\\/2023\\\/07\\\/cropped-cropped-cropped-cropped-BUSINESS-3-42-1.png\",\"contentUrl\":\"https:\\\/\\\/maetinganoticias.com\\\/wp-content\\\/uploads\\\/2023\\\/07\\\/cropped-cropped-cropped-cropped-BUSINESS-3-42-1.png\",\"width\":485,\"height\":109,\"caption\":\"Maetinga Not\u00edcias\"},\"image\":{\"@id\":\"https:\\\/\\\/maetinganoticias.com\\\/#\\\/schema\\\/logo\\\/image\\\/\"}},{\"@type\":\"Person\",\"@id\":\"https:\\\/\\\/maetinganoticias.com\\\/#\\\/schema\\\/person\\\/968cf95e67a6810fc7fb35bbc9016962\",\"name\":\"Maetinga Not\u00edcias\",\"image\":{\"@type\":\"ImageObject\",\"inLanguage\":\"pt-BR\",\"@id\":\"https:\\\/\\\/secure.gravatar.com\\\/avatar\\\/32e078313a5ca37a6c8d44e716ed4f9e87ecfde7222d2b88a1424bd49654f187?s=96&d=mm&r=g\",\"url\":\"https:\\\/\\\/secure.gravatar.com\\\/avatar\\\/32e078313a5ca37a6c8d44e716ed4f9e87ecfde7222d2b88a1424bd49654f187?s=96&d=mm&r=g\",\"contentUrl\":\"https:\\\/\\\/secure.gravatar.com\\\/avatar\\\/32e078313a5ca37a6c8d44e716ed4f9e87ecfde7222d2b88a1424bd49654f187?s=96&d=mm&r=g\",\"caption\":\"Maetinga Not\u00edcias\"},\"description\":\"A voz do Interior Baiano!\",\"sameAs\":[\"https:\\\/\\\/maetinganoticias.com\",\"https:\\\/\\\/www.instagram.com\\\/blogmaetinganoticias\\\/\"],\"url\":\"https:\\\/\\\/maetinganoticias.com\\\/index.php\\\/author\\\/carlosvianna13\\\/\"}]}<\/script>\n<!-- \/ Yoast SEO plugin. -->","yoast_head_json":{"title":"Prefeito Fabr\u00edcio Abrantes entrega avenida aguardada h\u00e1 20 anos e anuncia nova pra\u00e7a em Brumado - Maetinga Not\u00edcias","robots":{"index":"index","follow":"follow","max-snippet":"max-snippet:-1","max-image-preview":"max-image-preview:large","max-video-preview":"max-video-preview:-1"},"canonical":"https:\/\/maetinganoticias.com\/index.php\/2026\/05\/01\/prefeito-fabricio-abrantes-entrega-avenida-aguardada-ha-20-anos-e-anuncia-nova-praca-em-brumado\/","og_locale":"pt_BR","og_type":"article","og_title":"Prefeito Fabr\u00edcio Abrantes entrega avenida aguardada h\u00e1 20 anos e anuncia nova pra\u00e7a em Brumado - Maetinga Not\u00edcias","og_description":"A Prefeitura de Brumado avan\u00e7ou de forma significativa na melhoria da infraestrutura urbana ao entregar, nesta quinta-feira (30), a revitaliza\u00e7\u00e3o completa da Avenida Ana L\u00eddia Viana Cardoso. A interven\u00e7\u00e3o, aguardada h\u00e1 anos pelos moradores, trouxe mudan\u00e7as importantes para a mobilidade da regi\u00e3o, incluindo novo asfalto, sinaliza\u00e7\u00e3o horizontal e vertical e a implanta\u00e7\u00e3o de ilumina\u00e7\u00e3o em [&hellip;]","og_url":"https:\/\/maetinganoticias.com\/index.php\/2026\/05\/01\/prefeito-fabricio-abrantes-entrega-avenida-aguardada-ha-20-anos-e-anuncia-nova-praca-em-brumado\/","og_site_name":"Maetinga Not\u00edcias","article_published_time":"2026-05-01T15:25:40+00:00","article_modified_time":"2026-05-01T15:25:41+00:00","og_image":[{"width":750,"height":500,"url":"https:\/\/maetinganoticias.com\/wp-content\/uploads\/2026\/05\/9295-brumado-inauguracao-asfalto-ana-lidia-viana-cardoso.webp","type":"image\/webp"}],"author":"Maetinga Not\u00edcias","twitter_card":"summary_large_image","twitter_misc":{"Escrito por":"Maetinga Not\u00edcias","Est. tempo de leitura":"3 minutos"},"schema":{"@context":"https:\/\/schema.org","@graph":[{"@type":["Article","BlogPosting"],"@id":"https:\/\/maetinganoticias.com\/index.php\/2026\/05\/01\/prefeito-fabricio-abrantes-entrega-avenida-aguardada-ha-20-anos-e-anuncia-nova-praca-em-brumado\/#article","isPartOf":{"@id":"https:\/\/maetinganoticias.com\/index.php\/2026\/05\/01\/prefeito-fabricio-abrantes-entrega-avenida-aguardada-ha-20-anos-e-anuncia-nova-praca-em-brumado\/"},"author":{"name":"Maetinga Not\u00edcias","@id":"https:\/\/maetinganoticias.com\/#\/schema\/person\/968cf95e67a6810fc7fb35bbc9016962"},"headline":"Prefeito Fabr\u00edcio Abrantes entrega avenida aguardada h\u00e1 20 anos e anuncia nova pra\u00e7a em Brumado","datePublished":"2026-05-01T15:25:40+00:00","dateModified":"2026-05-01T15:25:41+00:00","mainEntityOfPage":{"@id":"https:\/\/maetinganoticias.com\/index.php\/2026\/05\/01\/prefeito-fabricio-abrantes-entrega-avenida-aguardada-ha-20-anos-e-anuncia-nova-praca-em-brumado\/"},"wordCount":357,"commentCount":0,"publisher":{"@id":"https:\/\/maetinganoticias.com\/#organization"},"image":{"@id":"https:\/\/maetinganoticias.com\/index.php\/2026\/05\/01\/prefeito-fabricio-abrantes-entrega-avenida-aguardada-ha-20-anos-e-anuncia-nova-praca-em-brumado\/#primaryimage"},"thumbnailUrl":"https:\/\/maetinganoticias.com\/wp-content\/uploads\/2026\/05\/9295-brumado-inauguracao-asfalto-ana-lidia-viana-cardoso.webp","articleSection":["Brumado"],"inLanguage":"pt-BR","potentialAction":[{"@type":"CommentAction","name":"Comment","target":["https:\/\/maetinganoticias.com\/index.php\/2026\/05\/01\/prefeito-fabricio-abrantes-entrega-avenida-aguardada-ha-20-anos-e-anuncia-nova-praca-em-brumado\/#respond"]}]},{"@type":"WebPage","@id":"https:\/\/maetinganoticias.com\/index.php\/2026\/05\/01\/prefeito-fabricio-abrantes-entrega-avenida-aguardada-ha-20-anos-e-anuncia-nova-praca-em-brumado\/","url":"https:\/\/maetinganoticias.com\/index.php\/2026\/05\/01\/prefeito-fabricio-abrantes-entrega-avenida-aguardada-ha-20-anos-e-anuncia-nova-praca-em-brumado\/","name":"Prefeito Fabr\u00edcio Abrantes entrega avenida aguardada h\u00e1 20 anos e anuncia nova pra\u00e7a em Brumado - Maetinga Not\u00edcias","isPartOf":{"@id":"https:\/\/maetinganoticias.com\/#website"},"primaryImageOfPage":{"@id":"https:\/\/maetinganoticias.com\/index.php\/2026\/05\/01\/prefeito-fabricio-abrantes-entrega-avenida-aguardada-ha-20-anos-e-anuncia-nova-praca-em-brumado\/#primaryimage"},"image":{"@id":"https:\/\/maetinganoticias.com\/index.php\/2026\/05\/01\/prefeito-fabricio-abrantes-entrega-avenida-aguardada-ha-20-anos-e-anuncia-nova-praca-em-brumado\/#primaryimage"},"thumbnailUrl":"https:\/\/maetinganoticias.com\/wp-content\/uploads\/2026\/05\/9295-brumado-inauguracao-asfalto-ana-lidia-viana-cardoso.webp","datePublished":"2026-05-01T15:25:40+00:00","dateModified":"2026-05-01T15:25:41+00:00","breadcrumb":{"@id":"https:\/\/maetinganoticias.com\/index.php\/2026\/05\/01\/prefeito-fabricio-abrantes-entrega-avenida-aguardada-ha-20-anos-e-anuncia-nova-praca-em-brumado\/#breadcrumb"},"inLanguage":"pt-BR","potentialAction":[{"@type":"ReadAction","target":["https:\/\/maetinganoticias.com\/index.php\/2026\/05\/01\/prefeito-fabricio-abrantes-entrega-avenida-aguardada-ha-20-anos-e-anuncia-nova-praca-em-brumado\/"]}]},{"@type":"ImageObject","inLanguage":"pt-BR","@id":"https:\/\/maetinganoticias.com\/index.php\/2026\/05\/01\/prefeito-fabricio-abrantes-entrega-avenida-aguardada-ha-20-anos-e-anuncia-nova-praca-em-brumado\/#primaryimage","url":"https:\/\/maetinganoticias.com\/wp-content\/uploads\/2026\/05\/9295-brumado-inauguracao-asfalto-ana-lidia-viana-cardoso.webp","contentUrl":"https:\/\/maetinganoticias.com\/wp-content\/uploads\/2026\/05\/9295-brumado-inauguracao-asfalto-ana-lidia-viana-cardoso.webp","width":750,"height":500,"caption":"Foto: Lay Amorim\/Achei Sudoeste"},{"@type":"BreadcrumbList","@id":"https:\/\/maetinganoticias.com\/index.php\/2026\/05\/01\/prefeito-fabricio-abrantes-entrega-avenida-aguardada-ha-20-anos-e-anuncia-nova-praca-em-brumado\/#breadcrumb","itemListElement":[{"@type":"ListItem","position":1,"name":"In\u00edcio","item":"https:\/\/maetinganoticias.com\/"},{"@type":"ListItem","position":2,"name":"Prefeito Fabr\u00edcio Abrantes entrega avenida aguardada h\u00e1 20 anos e anuncia nova pra\u00e7a em Brumado"}]},{"@type":"WebSite","@id":"https:\/\/maetinganoticias.com\/#website","url":"https:\/\/maetinganoticias.com\/","name":"Maetinga Not\u00edcias","description":"A Voz do Interior Baiano!","publisher":{"@id":"https:\/\/maetinganoticias.com\/#organization"},"potentialAction":[{"@type":"SearchAction","target":{"@type":"EntryPoint","urlTemplate":"https:\/\/maetinganoticias.com\/?s={search_term_string}"},"query-input":{"@type":"PropertyValueSpecification","valueRequired":true,"valueName":"search_term_string"}}],"inLanguage":"pt-BR"},{"@type":"Organization","@id":"https:\/\/maetinganoticias.com\/#organization","name":"Maetinga Not\u00edcias","url":"https:\/\/maetinganoticias.com\/","logo":{"@type":"ImageObject","inLanguage":"pt-BR","@id":"https:\/\/maetinganoticias.com\/#\/schema\/logo\/image\/","url":"https:\/\/maetinganoticias.com\/wp-content\/uploads\/2023\/07\/cropped-cropped-cropped-cropped-BUSINESS-3-42-1.png","contentUrl":"https:\/\/maetinganoticias.com\/wp-content\/uploads\/2023\/07\/cropped-cropped-cropped-cropped-BUSINESS-3-42-1.png","width":485,"height":109,"caption":"Maetinga Not\u00edcias"},"image":{"@id":"https:\/\/maetinganoticias.com\/#\/schema\/logo\/image\/"}},{"@type":"Person","@id":"https:\/\/maetinganoticias.com\/#\/schema\/person\/968cf95e67a6810fc7fb35bbc9016962","name":"Maetinga Not\u00edcias","image":{"@type":"ImageObject","inLanguage":"pt-BR","@id":"https:\/\/secure.gravatar.com\/avatar\/32e078313a5ca37a6c8d44e716ed4f9e87ecfde7222d2b88a1424bd49654f187?s=96&d=mm&r=g","url":"https:\/\/secure.gravatar.com\/avatar\/32e078313a5ca37a6c8d44e716ed4f9e87ecfde7222d2b88a1424bd49654f187?s=96&d=mm&r=g","contentUrl":"https:\/\/secure.gravatar.com\/avatar\/32e078313a5ca37a6c8d44e716ed4f9e87ecfde7222d2b88a1424bd49654f187?s=96&d=mm&r=g","caption":"Maetinga Not\u00edcias"},"description":"A voz do Interior Baiano!","sameAs":["https:\/\/maetinganoticias.com","https:\/\/www.instagram.com\/blogmaetinganoticias\/"],"url":"https:\/\/maetinganoticias.com\/index.php\/author\/carlosvianna13\/"}]}},"_links":{"self":[{"href":"https:\/\/maetinganoticias.com\/index.php\/wp-json\/wp\/v2\/posts\/12458","targetHints":{"allow":["GET"]}}],"collection":[{"href":"https:\/\/maetinganoticias.com\/index.php\/wp-json\/wp\/v2\/posts"}],"about":[{"href":"https:\/\/maetinganoticias.com\/index.php\/wp-json\/wp\/v2\/types\/post"}],"author":[{"embeddable":true,"href":"https:\/\/maetinganoticias.com\/index.php\/wp-json\/wp\/v2\/users\/1"}],"replies":[{"embeddable":true,"href":"https:\/\/maetinganoticias.com\/index.php\/wp-json\/wp\/v2\/comments?post=12458"}],"version-history":[{"count":1,"href":"https:\/\/maetinganoticias.com\/index.php\/wp-json\/wp\/v2\/posts\/12458\/revisions"}],"predecessor-version":[{"id":12461,"href":"https:\/\/maetinganoticias.com\/index.php\/wp-json\/wp\/v2\/posts\/12458\/revisions\/12461"}],"wp:featuredmedia":[{"embeddable":true,"href":"https:\/\/maetinganoticias.com\/index.php\/wp-json\/wp\/v2\/media\/12459"}],"wp:attachment":[{"href":"https:\/\/maetinganoticias.com\/index.php\/wp-json\/wp\/v2\/media?parent=12458"}],"wp:term":[{"taxonomy":"category","embeddable":true,"href":"https:\/\/maetinganoticias.com\/index.php\/wp-json\/wp\/v2\/categories?post=12458"},{"taxonomy":"post_tag","embeddable":true,"href":"https:\/\/maetinganoticias.com\/index.php\/wp-json\/wp\/v2\/tags?post=12458"}],"curies":[{"name":"wp","href":"https:\/\/api.w.org\/{rel}","templated":true}]}}