{"id":12438,"date":"2026-05-01T12:05:30","date_gmt":"2026-05-01T15:05:30","guid":{"rendered":"https:\/\/maetinganoticias.com\/?p=12438"},"modified":"2026-05-01T12:06:09","modified_gmt":"2026-05-01T15:06:09","slug":"caraibas-vive-dia-historico-com-entrega-de-veiculos-e-anuncio-de-nova-ubs-pelo-prefeito-renatinho","status":"publish","type":"post","link":"https:\/\/maetinganoticias.com\/index.php\/2026\/05\/01\/caraibas-vive-dia-historico-com-entrega-de-veiculos-e-anuncio-de-nova-ubs-pelo-prefeito-renatinho\/","title":{"rendered":"Cara\u00edbas vive dia hist\u00f3rico com entrega de ve\u00edculos e an\u00fancio de nova UBS pelo prefeito Renatinho"},"content":{"rendered":"\n<p>O munic\u00edpio de Cara\u00edbas celebrou, nesta semana, um marco importante em sua trajet\u00f3ria de desenvolvimento. Em um dia considerado hist\u00f3rico, o prefeito Renatinho de Cara\u00edbas realizou a entrega de novos ve\u00edculos e equipamentos que ir\u00e3o fortalecer \u00e1reas essenciais da administra\u00e7\u00e3o p\u00fablica.<\/p>\n\n\n\n<p>Foram entregues duas vans 0 km destinadas ao Tratamento Fora do Domic\u00edlio (TFD), um autom\u00f3vel Polo 0 km e uma retroescavadeira tamb\u00e9m nova. Os investimentos representam um avan\u00e7o significativo na melhoria dos servi\u00e7os de sa\u00fade, mobilidade administrativa e infraestrutura do munic\u00edpio.<\/p>\n\n\n\n<p>Segundo o gestor, as vans do TFD v\u00e3o proporcionar mais conforto, seguran\u00e7a e dignidade aos pacientes que precisam se deslocar para outras cidades em busca de atendimento especializado. J\u00e1 o novo ve\u00edculo Polo ir\u00e1 refor\u00e7ar as atividades administrativas, garantindo mais agilidade nos servi\u00e7os p\u00fablicos. A retroescavadeira chega como um importante refor\u00e7o para a manuten\u00e7\u00e3o de estradas vicinais, obras e a\u00e7\u00f5es na zona rural, ampliando a capacidade de resposta da gest\u00e3o.<\/p>\n\n\n\n<p>O prefeito destacou ainda que as conquistas s\u00e3o resultado de articula\u00e7\u00f5es e parcerias pol\u00edticas importantes, agradecendo o apoio dos deputados Cl\u00e1udio Cajado, Jusmari Oliveira, Waldenor Pereira e Z\u00e9 Raimundo, que contribu\u00edram diretamente para viabilizar os investimentos.<\/p>\n\n\n\n<p>Al\u00e9m das entregas, outra grande not\u00edcia animou a popula\u00e7\u00e3o: ap\u00f3s reuni\u00e3o com o governador Jer\u00f4nimo Rodrigues, foi confirmada a constru\u00e7\u00e3o de uma nova Unidade B\u00e1sica de Sa\u00fade (UBS), com investimento estimado em quase R$ 2 milh\u00f5es. A nova unidade dever\u00e1 atender mais de 3 mil pessoas, ampliando o acesso \u00e0 aten\u00e7\u00e3o b\u00e1sica e fortalecendo a rede de sa\u00fade local.<\/p>\n\n\n\n<p>Renatinho refor\u00e7ou que a gest\u00e3o segue pautada no compromisso com a popula\u00e7\u00e3o, buscando recursos e firmando parcerias que tragam resultados concretos. \u201cCada conquista representa mais qualidade de vida para o nosso povo. Seguimos trabalhando com responsabilidade, planejamento e amor por Cara\u00edbas\u201d, afirmou.<\/p>\n\n\n\n<p>Com os novos investimentos e projetos em andamento, o munic\u00edpio d\u00e1 mais um passo importante rumo ao desenvolvimento e \u00e0 melhoria dos servi\u00e7os oferecidos \u00e0 popula\u00e7\u00e3o.<\/p>\n\n\n\n<figure class=\"wp-block-image size-large\"><img loading=\"lazy\" decoding=\"async\" width=\"682\" height=\"1024\" src=\"https:\/\/maetinganoticias.com\/wp-content\/uploads\/2026\/05\/WhatsApp-Image-2026-05-01-at-12.03.48-2-682x1024.jpeg\" alt=\"\" class=\"wp-image-12446\" srcset=\"https:\/\/maetinganoticias.com\/wp-content\/uploads\/2026\/05\/WhatsApp-Image-2026-05-01-at-12.03.48-2-682x1024.jpeg 682w, https:\/\/maetinganoticias.com\/wp-content\/uploads\/2026\/05\/WhatsApp-Image-2026-05-01-at-12.03.48-2-200x300.jpeg 200w, https:\/\/maetinganoticias.com\/wp-content\/uploads\/2026\/05\/WhatsApp-Image-2026-05-01-at-12.03.48-2-768x1153.jpeg 768w, https:\/\/maetinganoticias.com\/wp-content\/uploads\/2026\/05\/WhatsApp-Image-2026-05-01-at-12.03.48-2-1023x1536.jpeg 1023w, https:\/\/maetinganoticias.com\/wp-content\/uploads\/2026\/05\/WhatsApp-Image-2026-05-01-at-12.03.48-2-280x420.jpeg 280w, https:\/\/maetinganoticias.com\/wp-content\/uploads\/2026\/05\/WhatsApp-Image-2026-05-01-at-12.03.48-2-150x225.jpeg 150w, https:\/\/maetinganoticias.com\/wp-content\/uploads\/2026\/05\/WhatsApp-Image-2026-05-01-at-12.03.48-2-300x450.jpeg 300w, https:\/\/maetinganoticias.com\/wp-content\/uploads\/2026\/05\/WhatsApp-Image-2026-05-01-at-12.03.48-2-696x1045.jpeg 696w, https:\/\/maetinganoticias.com\/wp-content\/uploads\/2026\/05\/WhatsApp-Image-2026-05-01-at-12.03.48-2.jpeg 1066w\" sizes=\"auto, (max-width: 682px) 100vw, 682px\" \/><\/figure>\n\n\n\n<figure class=\"wp-block-gallery has-nested-images columns-default is-cropped wp-block-gallery-1 is-layout-flex wp-block-gallery-is-layout-flex\">\n<figure class=\"wp-block-image size-large\"><img loading=\"lazy\" decoding=\"async\" width=\"683\" height=\"1024\" data-id=\"12443\" src=\"https:\/\/maetinganoticias.com\/wp-content\/uploads\/2026\/05\/DSC08195-683x1024.jpg\" alt=\"\" class=\"wp-image-12443\" srcset=\"https:\/\/maetinganoticias.com\/wp-content\/uploads\/2026\/05\/DSC08195-683x1024.jpg 683w, https:\/\/maetinganoticias.com\/wp-content\/uploads\/2026\/05\/DSC08195-200x300.jpg 200w, https:\/\/maetinganoticias.com\/wp-content\/uploads\/2026\/05\/DSC08195-768x1152.jpg 768w, https:\/\/maetinganoticias.com\/wp-content\/uploads\/2026\/05\/DSC08195-1024x1536.jpg 1024w, https:\/\/maetinganoticias.com\/wp-content\/uploads\/2026\/05\/DSC08195-1365x2048.jpg 1365w, https:\/\/maetinganoticias.com\/wp-content\/uploads\/2026\/05\/DSC08195-280x420.jpg 280w, https:\/\/maetinganoticias.com\/wp-content\/uploads\/2026\/05\/DSC08195-150x225.jpg 150w, https:\/\/maetinganoticias.com\/wp-content\/uploads\/2026\/05\/DSC08195-300x450.jpg 300w, https:\/\/maetinganoticias.com\/wp-content\/uploads\/2026\/05\/DSC08195-696x1044.jpg 696w, https:\/\/maetinganoticias.com\/wp-content\/uploads\/2026\/05\/DSC08195-1068x1602.jpg 1068w, https:\/\/maetinganoticias.com\/wp-content\/uploads\/2026\/05\/DSC08195-1920x2880.jpg 1920w, https:\/\/maetinganoticias.com\/wp-content\/uploads\/2026\/05\/DSC08195-scaled.jpg 1707w\" sizes=\"auto, (max-width: 683px) 100vw, 683px\" \/><\/figure>\n<\/figure>\n\n\n\n<figure class=\"wp-block-image size-large\"><img loading=\"lazy\" decoding=\"async\" width=\"1024\" height=\"682\" src=\"https:\/\/maetinganoticias.com\/wp-content\/uploads\/2026\/05\/WhatsApp-Image-2026-05-01-at-12.03.48-1-1024x682.jpeg\" alt=\"\" class=\"wp-image-12449\" srcset=\"https:\/\/maetinganoticias.com\/wp-content\/uploads\/2026\/05\/WhatsApp-Image-2026-05-01-at-12.03.48-1-1024x682.jpeg 1024w, https:\/\/maetinganoticias.com\/wp-content\/uploads\/2026\/05\/WhatsApp-Image-2026-05-01-at-12.03.48-1-300x200.jpeg 300w, https:\/\/maetinganoticias.com\/wp-content\/uploads\/2026\/05\/WhatsApp-Image-2026-05-01-at-12.03.48-1-768x512.jpeg 768w, https:\/\/maetinganoticias.com\/wp-content\/uploads\/2026\/05\/WhatsApp-Image-2026-05-01-at-12.03.48-1-1536x1023.jpeg 1536w, https:\/\/maetinganoticias.com\/wp-content\/uploads\/2026\/05\/WhatsApp-Image-2026-05-01-at-12.03.48-1-630x420.jpeg 630w, https:\/\/maetinganoticias.com\/wp-content\/uploads\/2026\/05\/WhatsApp-Image-2026-05-01-at-12.03.48-1-150x100.jpeg 150w, https:\/\/maetinganoticias.com\/wp-content\/uploads\/2026\/05\/WhatsApp-Image-2026-05-01-at-12.03.48-1-696x464.jpeg 696w, https:\/\/maetinganoticias.com\/wp-content\/uploads\/2026\/05\/WhatsApp-Image-2026-05-01-at-12.03.48-1-1068x712.jpeg 1068w, https:\/\/maetinganoticias.com\/wp-content\/uploads\/2026\/05\/WhatsApp-Image-2026-05-01-at-12.03.48-1.jpeg 1600w\" sizes=\"auto, (max-width: 1024px) 100vw, 1024px\" \/><\/figure>\n","protected":false},"excerpt":{"rendered":"<p>O munic\u00edpio de Cara\u00edbas celebrou, nesta semana, um marco importante em sua trajet\u00f3ria de desenvolvimento. Em um dia considerado hist\u00f3rico, o prefeito Renatinho de Cara\u00edbas realizou a entrega de novos ve\u00edculos e equipamentos que ir\u00e3o fortalecer \u00e1reas essenciais da administra\u00e7\u00e3o p\u00fablica. Foram entregues duas vans 0 km destinadas ao Tratamento Fora do Domic\u00edlio (TFD), um [&hellip;]<\/p>\n","protected":false},"author":1,"featured_media":12445,"comment_status":"open","ping_status":"open","sticky":false,"template":"","format":"standard","meta":{"om_disable_all_campaigns":false,"_monsterinsights_skip_tracking":false,"_monsterinsights_sitenote_active":false,"_monsterinsights_sitenote_note":"","_monsterinsights_sitenote_category":0,"_uf_show_specific_survey":0,"_uf_disable_surveys":false,"footnotes":""},"categories":[189],"tags":[],"class_list":{"0":"post-12438","1":"post","2":"type-post","3":"status-publish","4":"format-standard","5":"has-post-thumbnail","7":"category-caraibas"},"yoast_head":"<!-- This site is optimized with the Yoast SEO plugin v27.5 - https:\/\/yoast.com\/product\/yoast-seo-wordpress\/ -->\n<title>Cara\u00edbas vive dia hist\u00f3rico com entrega de ve\u00edculos e an\u00fancio de nova UBS pelo prefeito Renatinho - Maetinga Not\u00edcias<\/title>\n<meta name=\"robots\" content=\"index, follow, max-snippet:-1, max-image-preview:large, max-video-preview:-1\" \/>\n<link rel=\"canonical\" href=\"https:\/\/maetinganoticias.com\/index.php\/2026\/05\/01\/caraibas-vive-dia-historico-com-entrega-de-veiculos-e-anuncio-de-nova-ubs-pelo-prefeito-renatinho\/\" \/>\n<meta property=\"og:locale\" content=\"pt_BR\" \/>\n<meta property=\"og:type\" content=\"article\" \/>\n<meta property=\"og:title\" content=\"Cara\u00edbas vive dia hist\u00f3rico com entrega de ve\u00edculos e an\u00fancio de nova UBS pelo prefeito Renatinho - Maetinga Not\u00edcias\" \/>\n<meta property=\"og:description\" content=\"O munic\u00edpio de Cara\u00edbas celebrou, nesta semana, um marco importante em sua trajet\u00f3ria de desenvolvimento. Em um dia considerado hist\u00f3rico, o prefeito Renatinho de Cara\u00edbas realizou a entrega de novos ve\u00edculos e equipamentos que ir\u00e3o fortalecer \u00e1reas essenciais da administra\u00e7\u00e3o p\u00fablica. Foram entregues duas vans 0 km destinadas ao Tratamento Fora do Domic\u00edlio (TFD), um [&hellip;]\" \/>\n<meta property=\"og:url\" content=\"https:\/\/maetinganoticias.com\/index.php\/2026\/05\/01\/caraibas-vive-dia-historico-com-entrega-de-veiculos-e-anuncio-de-nova-ubs-pelo-prefeito-renatinho\/\" \/>\n<meta property=\"og:site_name\" content=\"Maetinga Not\u00edcias\" \/>\n<meta property=\"article:published_time\" content=\"2026-05-01T15:05:30+00:00\" \/>\n<meta property=\"article:modified_time\" content=\"2026-05-01T15:06:09+00:00\" \/>\n<meta property=\"og:image\" content=\"https:\/\/maetinganoticias.com\/wp-content\/uploads\/2026\/05\/WhatsApp-Image-2026-05-01-at-12.03.48-3.jpeg\" \/>\n\t<meta property=\"og:image:width\" content=\"1066\" \/>\n\t<meta property=\"og:image:height\" content=\"1600\" \/>\n\t<meta property=\"og:image:type\" content=\"image\/jpeg\" \/>\n<meta name=\"author\" content=\"Maetinga Not\u00edcias\" \/>\n<meta name=\"twitter:card\" content=\"summary_large_image\" \/>\n<meta name=\"twitter:label1\" content=\"Escrito por\" \/>\n\t<meta name=\"twitter:data1\" content=\"Maetinga Not\u00edcias\" \/>\n\t<meta name=\"twitter:label2\" content=\"Est. tempo de leitura\" \/>\n\t<meta name=\"twitter:data2\" content=\"3 minutos\" \/>\n<script type=\"application\/ld+json\" class=\"yoast-schema-graph\">{\"@context\":\"https:\\\/\\\/schema.org\",\"@graph\":[{\"@type\":[\"Article\",\"BlogPosting\"],\"@id\":\"https:\\\/\\\/maetinganoticias.com\\\/index.php\\\/2026\\\/05\\\/01\\\/caraibas-vive-dia-historico-com-entrega-de-veiculos-e-anuncio-de-nova-ubs-pelo-prefeito-renatinho\\\/#article\",\"isPartOf\":{\"@id\":\"https:\\\/\\\/maetinganoticias.com\\\/index.php\\\/2026\\\/05\\\/01\\\/caraibas-vive-dia-historico-com-entrega-de-veiculos-e-anuncio-de-nova-ubs-pelo-prefeito-renatinho\\\/\"},\"author\":{\"name\":\"Maetinga Not\u00edcias\",\"@id\":\"https:\\\/\\\/maetinganoticias.com\\\/#\\\/schema\\\/person\\\/968cf95e67a6810fc7fb35bbc9016962\"},\"headline\":\"Cara\u00edbas vive dia hist\u00f3rico com entrega de ve\u00edculos e an\u00fancio de nova UBS pelo prefeito Renatinho\",\"datePublished\":\"2026-05-01T15:05:30+00:00\",\"dateModified\":\"2026-05-01T15:06:09+00:00\",\"mainEntityOfPage\":{\"@id\":\"https:\\\/\\\/maetinganoticias.com\\\/index.php\\\/2026\\\/05\\\/01\\\/caraibas-vive-dia-historico-com-entrega-de-veiculos-e-anuncio-de-nova-ubs-pelo-prefeito-renatinho\\\/\"},\"wordCount\":379,\"commentCount\":0,\"publisher\":{\"@id\":\"https:\\\/\\\/maetinganoticias.com\\\/#organization\"},\"image\":{\"@id\":\"https:\\\/\\\/maetinganoticias.com\\\/index.php\\\/2026\\\/05\\\/01\\\/caraibas-vive-dia-historico-com-entrega-de-veiculos-e-anuncio-de-nova-ubs-pelo-prefeito-renatinho\\\/#primaryimage\"},\"thumbnailUrl\":\"https:\\\/\\\/maetinganoticias.com\\\/wp-content\\\/uploads\\\/2026\\\/05\\\/WhatsApp-Image-2026-05-01-at-12.03.48-3.jpeg\",\"articleSection\":[\"Cara\u00edbas\"],\"inLanguage\":\"pt-BR\",\"potentialAction\":[{\"@type\":\"CommentAction\",\"name\":\"Comment\",\"target\":[\"https:\\\/\\\/maetinganoticias.com\\\/index.php\\\/2026\\\/05\\\/01\\\/caraibas-vive-dia-historico-com-entrega-de-veiculos-e-anuncio-de-nova-ubs-pelo-prefeito-renatinho\\\/#respond\"]}]},{\"@type\":\"WebPage\",\"@id\":\"https:\\\/\\\/maetinganoticias.com\\\/index.php\\\/2026\\\/05\\\/01\\\/caraibas-vive-dia-historico-com-entrega-de-veiculos-e-anuncio-de-nova-ubs-pelo-prefeito-renatinho\\\/\",\"url\":\"https:\\\/\\\/maetinganoticias.com\\\/index.php\\\/2026\\\/05\\\/01\\\/caraibas-vive-dia-historico-com-entrega-de-veiculos-e-anuncio-de-nova-ubs-pelo-prefeito-renatinho\\\/\",\"name\":\"Cara\u00edbas vive dia hist\u00f3rico com entrega de ve\u00edculos e an\u00fancio de nova UBS pelo prefeito Renatinho - Maetinga Not\u00edcias\",\"isPartOf\":{\"@id\":\"https:\\\/\\\/maetinganoticias.com\\\/#website\"},\"primaryImageOfPage\":{\"@id\":\"https:\\\/\\\/maetinganoticias.com\\\/index.php\\\/2026\\\/05\\\/01\\\/caraibas-vive-dia-historico-com-entrega-de-veiculos-e-anuncio-de-nova-ubs-pelo-prefeito-renatinho\\\/#primaryimage\"},\"image\":{\"@id\":\"https:\\\/\\\/maetinganoticias.com\\\/index.php\\\/2026\\\/05\\\/01\\\/caraibas-vive-dia-historico-com-entrega-de-veiculos-e-anuncio-de-nova-ubs-pelo-prefeito-renatinho\\\/#primaryimage\"},\"thumbnailUrl\":\"https:\\\/\\\/maetinganoticias.com\\\/wp-content\\\/uploads\\\/2026\\\/05\\\/WhatsApp-Image-2026-05-01-at-12.03.48-3.jpeg\",\"datePublished\":\"2026-05-01T15:05:30+00:00\",\"dateModified\":\"2026-05-01T15:06:09+00:00\",\"breadcrumb\":{\"@id\":\"https:\\\/\\\/maetinganoticias.com\\\/index.php\\\/2026\\\/05\\\/01\\\/caraibas-vive-dia-historico-com-entrega-de-veiculos-e-anuncio-de-nova-ubs-pelo-prefeito-renatinho\\\/#breadcrumb\"},\"inLanguage\":\"pt-BR\",\"potentialAction\":[{\"@type\":\"ReadAction\",\"target\":[\"https:\\\/\\\/maetinganoticias.com\\\/index.php\\\/2026\\\/05\\\/01\\\/caraibas-vive-dia-historico-com-entrega-de-veiculos-e-anuncio-de-nova-ubs-pelo-prefeito-renatinho\\\/\"]}]},{\"@type\":\"ImageObject\",\"inLanguage\":\"pt-BR\",\"@id\":\"https:\\\/\\\/maetinganoticias.com\\\/index.php\\\/2026\\\/05\\\/01\\\/caraibas-vive-dia-historico-com-entrega-de-veiculos-e-anuncio-de-nova-ubs-pelo-prefeito-renatinho\\\/#primaryimage\",\"url\":\"https:\\\/\\\/maetinganoticias.com\\\/wp-content\\\/uploads\\\/2026\\\/05\\\/WhatsApp-Image-2026-05-01-at-12.03.48-3.jpeg\",\"contentUrl\":\"https:\\\/\\\/maetinganoticias.com\\\/wp-content\\\/uploads\\\/2026\\\/05\\\/WhatsApp-Image-2026-05-01-at-12.03.48-3.jpeg\",\"width\":1066,\"height\":1600},{\"@type\":\"BreadcrumbList\",\"@id\":\"https:\\\/\\\/maetinganoticias.com\\\/index.php\\\/2026\\\/05\\\/01\\\/caraibas-vive-dia-historico-com-entrega-de-veiculos-e-anuncio-de-nova-ubs-pelo-prefeito-renatinho\\\/#breadcrumb\",\"itemListElement\":[{\"@type\":\"ListItem\",\"position\":1,\"name\":\"In\u00edcio\",\"item\":\"https:\\\/\\\/maetinganoticias.com\\\/\"},{\"@type\":\"ListItem\",\"position\":2,\"name\":\"Cara\u00edbas vive dia hist\u00f3rico com entrega de ve\u00edculos e an\u00fancio de nova UBS pelo prefeito Renatinho\"}]},{\"@type\":\"WebSite\",\"@id\":\"https:\\\/\\\/maetinganoticias.com\\\/#website\",\"url\":\"https:\\\/\\\/maetinganoticias.com\\\/\",\"name\":\"Maetinga Not\u00edcias\",\"description\":\"A Voz do Interior Baiano!\",\"publisher\":{\"@id\":\"https:\\\/\\\/maetinganoticias.com\\\/#organization\"},\"potentialAction\":[{\"@type\":\"SearchAction\",\"target\":{\"@type\":\"EntryPoint\",\"urlTemplate\":\"https:\\\/\\\/maetinganoticias.com\\\/?s={search_term_string}\"},\"query-input\":{\"@type\":\"PropertyValueSpecification\",\"valueRequired\":true,\"valueName\":\"search_term_string\"}}],\"inLanguage\":\"pt-BR\"},{\"@type\":\"Organization\",\"@id\":\"https:\\\/\\\/maetinganoticias.com\\\/#organization\",\"name\":\"Maetinga Not\u00edcias\",\"url\":\"https:\\\/\\\/maetinganoticias.com\\\/\",\"logo\":{\"@type\":\"ImageObject\",\"inLanguage\":\"pt-BR\",\"@id\":\"https:\\\/\\\/maetinganoticias.com\\\/#\\\/schema\\\/logo\\\/image\\\/\",\"url\":\"https:\\\/\\\/maetinganoticias.com\\\/wp-content\\\/uploads\\\/2023\\\/07\\\/cropped-cropped-cropped-cropped-BUSINESS-3-42-1.png\",\"contentUrl\":\"https:\\\/\\\/maetinganoticias.com\\\/wp-content\\\/uploads\\\/2023\\\/07\\\/cropped-cropped-cropped-cropped-BUSINESS-3-42-1.png\",\"width\":485,\"height\":109,\"caption\":\"Maetinga Not\u00edcias\"},\"image\":{\"@id\":\"https:\\\/\\\/maetinganoticias.com\\\/#\\\/schema\\\/logo\\\/image\\\/\"}},{\"@type\":\"Person\",\"@id\":\"https:\\\/\\\/maetinganoticias.com\\\/#\\\/schema\\\/person\\\/968cf95e67a6810fc7fb35bbc9016962\",\"name\":\"Maetinga Not\u00edcias\",\"image\":{\"@type\":\"ImageObject\",\"inLanguage\":\"pt-BR\",\"@id\":\"https:\\\/\\\/secure.gravatar.com\\\/avatar\\\/32e078313a5ca37a6c8d44e716ed4f9e87ecfde7222d2b88a1424bd49654f187?s=96&d=mm&r=g\",\"url\":\"https:\\\/\\\/secure.gravatar.com\\\/avatar\\\/32e078313a5ca37a6c8d44e716ed4f9e87ecfde7222d2b88a1424bd49654f187?s=96&d=mm&r=g\",\"contentUrl\":\"https:\\\/\\\/secure.gravatar.com\\\/avatar\\\/32e078313a5ca37a6c8d44e716ed4f9e87ecfde7222d2b88a1424bd49654f187?s=96&d=mm&r=g\",\"caption\":\"Maetinga Not\u00edcias\"},\"description\":\"A voz do Interior Baiano!\",\"sameAs\":[\"https:\\\/\\\/maetinganoticias.com\",\"https:\\\/\\\/www.instagram.com\\\/blogmaetinganoticias\\\/\"],\"url\":\"https:\\\/\\\/maetinganoticias.com\\\/index.php\\\/author\\\/carlosvianna13\\\/\"}]}<\/script>\n<!-- \/ Yoast SEO plugin. -->","yoast_head_json":{"title":"Cara\u00edbas vive dia hist\u00f3rico com entrega de ve\u00edculos e an\u00fancio de nova UBS pelo prefeito Renatinho - Maetinga Not\u00edcias","robots":{"index":"index","follow":"follow","max-snippet":"max-snippet:-1","max-image-preview":"max-image-preview:large","max-video-preview":"max-video-preview:-1"},"canonical":"https:\/\/maetinganoticias.com\/index.php\/2026\/05\/01\/caraibas-vive-dia-historico-com-entrega-de-veiculos-e-anuncio-de-nova-ubs-pelo-prefeito-renatinho\/","og_locale":"pt_BR","og_type":"article","og_title":"Cara\u00edbas vive dia hist\u00f3rico com entrega de ve\u00edculos e an\u00fancio de nova UBS pelo prefeito Renatinho - Maetinga Not\u00edcias","og_description":"O munic\u00edpio de Cara\u00edbas celebrou, nesta semana, um marco importante em sua trajet\u00f3ria de desenvolvimento. Em um dia considerado hist\u00f3rico, o prefeito Renatinho de Cara\u00edbas realizou a entrega de novos ve\u00edculos e equipamentos que ir\u00e3o fortalecer \u00e1reas essenciais da administra\u00e7\u00e3o p\u00fablica. Foram entregues duas vans 0 km destinadas ao Tratamento Fora do Domic\u00edlio (TFD), um [&hellip;]","og_url":"https:\/\/maetinganoticias.com\/index.php\/2026\/05\/01\/caraibas-vive-dia-historico-com-entrega-de-veiculos-e-anuncio-de-nova-ubs-pelo-prefeito-renatinho\/","og_site_name":"Maetinga Not\u00edcias","article_published_time":"2026-05-01T15:05:30+00:00","article_modified_time":"2026-05-01T15:06:09+00:00","og_image":[{"width":1066,"height":1600,"url":"https:\/\/maetinganoticias.com\/wp-content\/uploads\/2026\/05\/WhatsApp-Image-2026-05-01-at-12.03.48-3.jpeg","type":"image\/jpeg"}],"author":"Maetinga Not\u00edcias","twitter_card":"summary_large_image","twitter_misc":{"Escrito por":"Maetinga Not\u00edcias","Est. tempo de leitura":"3 minutos"},"schema":{"@context":"https:\/\/schema.org","@graph":[{"@type":["Article","BlogPosting"],"@id":"https:\/\/maetinganoticias.com\/index.php\/2026\/05\/01\/caraibas-vive-dia-historico-com-entrega-de-veiculos-e-anuncio-de-nova-ubs-pelo-prefeito-renatinho\/#article","isPartOf":{"@id":"https:\/\/maetinganoticias.com\/index.php\/2026\/05\/01\/caraibas-vive-dia-historico-com-entrega-de-veiculos-e-anuncio-de-nova-ubs-pelo-prefeito-renatinho\/"},"author":{"name":"Maetinga Not\u00edcias","@id":"https:\/\/maetinganoticias.com\/#\/schema\/person\/968cf95e67a6810fc7fb35bbc9016962"},"headline":"Cara\u00edbas vive dia hist\u00f3rico com entrega de ve\u00edculos e an\u00fancio de nova UBS pelo prefeito Renatinho","datePublished":"2026-05-01T15:05:30+00:00","dateModified":"2026-05-01T15:06:09+00:00","mainEntityOfPage":{"@id":"https:\/\/maetinganoticias.com\/index.php\/2026\/05\/01\/caraibas-vive-dia-historico-com-entrega-de-veiculos-e-anuncio-de-nova-ubs-pelo-prefeito-renatinho\/"},"wordCount":379,"commentCount":0,"publisher":{"@id":"https:\/\/maetinganoticias.com\/#organization"},"image":{"@id":"https:\/\/maetinganoticias.com\/index.php\/2026\/05\/01\/caraibas-vive-dia-historico-com-entrega-de-veiculos-e-anuncio-de-nova-ubs-pelo-prefeito-renatinho\/#primaryimage"},"thumbnailUrl":"https:\/\/maetinganoticias.com\/wp-content\/uploads\/2026\/05\/WhatsApp-Image-2026-05-01-at-12.03.48-3.jpeg","articleSection":["Cara\u00edbas"],"inLanguage":"pt-BR","potentialAction":[{"@type":"CommentAction","name":"Comment","target":["https:\/\/maetinganoticias.com\/index.php\/2026\/05\/01\/caraibas-vive-dia-historico-com-entrega-de-veiculos-e-anuncio-de-nova-ubs-pelo-prefeito-renatinho\/#respond"]}]},{"@type":"WebPage","@id":"https:\/\/maetinganoticias.com\/index.php\/2026\/05\/01\/caraibas-vive-dia-historico-com-entrega-de-veiculos-e-anuncio-de-nova-ubs-pelo-prefeito-renatinho\/","url":"https:\/\/maetinganoticias.com\/index.php\/2026\/05\/01\/caraibas-vive-dia-historico-com-entrega-de-veiculos-e-anuncio-de-nova-ubs-pelo-prefeito-renatinho\/","name":"Cara\u00edbas vive dia hist\u00f3rico com entrega de ve\u00edculos e an\u00fancio de nova UBS pelo prefeito Renatinho - Maetinga Not\u00edcias","isPartOf":{"@id":"https:\/\/maetinganoticias.com\/#website"},"primaryImageOfPage":{"@id":"https:\/\/maetinganoticias.com\/index.php\/2026\/05\/01\/caraibas-vive-dia-historico-com-entrega-de-veiculos-e-anuncio-de-nova-ubs-pelo-prefeito-renatinho\/#primaryimage"},"image":{"@id":"https:\/\/maetinganoticias.com\/index.php\/2026\/05\/01\/caraibas-vive-dia-historico-com-entrega-de-veiculos-e-anuncio-de-nova-ubs-pelo-prefeito-renatinho\/#primaryimage"},"thumbnailUrl":"https:\/\/maetinganoticias.com\/wp-content\/uploads\/2026\/05\/WhatsApp-Image-2026-05-01-at-12.03.48-3.jpeg","datePublished":"2026-05-01T15:05:30+00:00","dateModified":"2026-05-01T15:06:09+00:00","breadcrumb":{"@id":"https:\/\/maetinganoticias.com\/index.php\/2026\/05\/01\/caraibas-vive-dia-historico-com-entrega-de-veiculos-e-anuncio-de-nova-ubs-pelo-prefeito-renatinho\/#breadcrumb"},"inLanguage":"pt-BR","potentialAction":[{"@type":"ReadAction","target":["https:\/\/maetinganoticias.com\/index.php\/2026\/05\/01\/caraibas-vive-dia-historico-com-entrega-de-veiculos-e-anuncio-de-nova-ubs-pelo-prefeito-renatinho\/"]}]},{"@type":"ImageObject","inLanguage":"pt-BR","@id":"https:\/\/maetinganoticias.com\/index.php\/2026\/05\/01\/caraibas-vive-dia-historico-com-entrega-de-veiculos-e-anuncio-de-nova-ubs-pelo-prefeito-renatinho\/#primaryimage","url":"https:\/\/maetinganoticias.com\/wp-content\/uploads\/2026\/05\/WhatsApp-Image-2026-05-01-at-12.03.48-3.jpeg","contentUrl":"https:\/\/maetinganoticias.com\/wp-content\/uploads\/2026\/05\/WhatsApp-Image-2026-05-01-at-12.03.48-3.jpeg","width":1066,"height":1600},{"@type":"BreadcrumbList","@id":"https:\/\/maetinganoticias.com\/index.php\/2026\/05\/01\/caraibas-vive-dia-historico-com-entrega-de-veiculos-e-anuncio-de-nova-ubs-pelo-prefeito-renatinho\/#breadcrumb","itemListElement":[{"@type":"ListItem","position":1,"name":"In\u00edcio","item":"https:\/\/maetinganoticias.com\/"},{"@type":"ListItem","position":2,"name":"Cara\u00edbas vive dia hist\u00f3rico com entrega de ve\u00edculos e an\u00fancio de nova UBS pelo prefeito Renatinho"}]},{"@type":"WebSite","@id":"https:\/\/maetinganoticias.com\/#website","url":"https:\/\/maetinganoticias.com\/","name":"Maetinga Not\u00edcias","description":"A Voz do Interior Baiano!","publisher":{"@id":"https:\/\/maetinganoticias.com\/#organization"},"potentialAction":[{"@type":"SearchAction","target":{"@type":"EntryPoint","urlTemplate":"https:\/\/maetinganoticias.com\/?s={search_term_string}"},"query-input":{"@type":"PropertyValueSpecification","valueRequired":true,"valueName":"search_term_string"}}],"inLanguage":"pt-BR"},{"@type":"Organization","@id":"https:\/\/maetinganoticias.com\/#organization","name":"Maetinga Not\u00edcias","url":"https:\/\/maetinganoticias.com\/","logo":{"@type":"ImageObject","inLanguage":"pt-BR","@id":"https:\/\/maetinganoticias.com\/#\/schema\/logo\/image\/","url":"https:\/\/maetinganoticias.com\/wp-content\/uploads\/2023\/07\/cropped-cropped-cropped-cropped-BUSINESS-3-42-1.png","contentUrl":"https:\/\/maetinganoticias.com\/wp-content\/uploads\/2023\/07\/cropped-cropped-cropped-cropped-BUSINESS-3-42-1.png","width":485,"height":109,"caption":"Maetinga Not\u00edcias"},"image":{"@id":"https:\/\/maetinganoticias.com\/#\/schema\/logo\/image\/"}},{"@type":"Person","@id":"https:\/\/maetinganoticias.com\/#\/schema\/person\/968cf95e67a6810fc7fb35bbc9016962","name":"Maetinga Not\u00edcias","image":{"@type":"ImageObject","inLanguage":"pt-BR","@id":"https:\/\/secure.gravatar.com\/avatar\/32e078313a5ca37a6c8d44e716ed4f9e87ecfde7222d2b88a1424bd49654f187?s=96&d=mm&r=g","url":"https:\/\/secure.gravatar.com\/avatar\/32e078313a5ca37a6c8d44e716ed4f9e87ecfde7222d2b88a1424bd49654f187?s=96&d=mm&r=g","contentUrl":"https:\/\/secure.gravatar.com\/avatar\/32e078313a5ca37a6c8d44e716ed4f9e87ecfde7222d2b88a1424bd49654f187?s=96&d=mm&r=g","caption":"Maetinga Not\u00edcias"},"description":"A voz do Interior Baiano!","sameAs":["https:\/\/maetinganoticias.com","https:\/\/www.instagram.com\/blogmaetinganoticias\/"],"url":"https:\/\/maetinganoticias.com\/index.php\/author\/carlosvianna13\/"}]}},"_links":{"self":[{"href":"https:\/\/maetinganoticias.com\/index.php\/wp-json\/wp\/v2\/posts\/12438","targetHints":{"allow":["GET"]}}],"collection":[{"href":"https:\/\/maetinganoticias.com\/index.php\/wp-json\/wp\/v2\/posts"}],"about":[{"href":"https:\/\/maetinganoticias.com\/index.php\/wp-json\/wp\/v2\/types\/post"}],"author":[{"embeddable":true,"href":"https:\/\/maetinganoticias.com\/index.php\/wp-json\/wp\/v2\/users\/1"}],"replies":[{"embeddable":true,"href":"https:\/\/maetinganoticias.com\/index.php\/wp-json\/wp\/v2\/comments?post=12438"}],"version-history":[{"count":1,"href":"https:\/\/maetinganoticias.com\/index.php\/wp-json\/wp\/v2\/posts\/12438\/revisions"}],"predecessor-version":[{"id":12450,"href":"https:\/\/maetinganoticias.com\/index.php\/wp-json\/wp\/v2\/posts\/12438\/revisions\/12450"}],"wp:featuredmedia":[{"embeddable":true,"href":"https:\/\/maetinganoticias.com\/index.php\/wp-json\/wp\/v2\/media\/12445"}],"wp:attachment":[{"href":"https:\/\/maetinganoticias.com\/index.php\/wp-json\/wp\/v2\/media?parent=12438"}],"wp:term":[{"taxonomy":"category","embeddable":true,"href":"https:\/\/maetinganoticias.com\/index.php\/wp-json\/wp\/v2\/categories?post=12438"},{"taxonomy":"post_tag","embeddable":true,"href":"https:\/\/maetinganoticias.com\/index.php\/wp-json\/wp\/v2\/tags?post=12438"}],"curies":[{"name":"wp","href":"https:\/\/api.w.org\/{rel}","templated":true}]}}