{"id":12418,"date":"2026-04-29T21:08:09","date_gmt":"2026-04-30T00:08:09","guid":{"rendered":"https:\/\/maetinganoticias.com\/?p=12418"},"modified":"2026-04-29T21:14:09","modified_gmt":"2026-04-30T00:14:09","slug":"programa-empreender-mulher-abre-inscricoes-para-cursos-profissionalizantes-em-brumado","status":"publish","type":"post","link":"https:\/\/maetinganoticias.com\/index.php\/2026\/04\/29\/programa-empreender-mulher-abre-inscricoes-para-cursos-profissionalizantes-em-brumado\/","title":{"rendered":"Prefeitura de Brumado abre inscri\u00e7\u00f5es para cursos profissionalizantes do Programa Empreender Mulher"},"content":{"rendered":"\n<p id=\"isPasted\">A Prefeitura de Brumado est\u00e1 com inscri\u00e7\u00f5es abertas para o Programa Empreender Mulher, iniciativa que oferece oportunidades de qualifica\u00e7\u00e3o profissional para mulheres do munic\u00edpio. Ao todo, est\u00e3o sendo disponibilizadas 100 vagas, distribu\u00eddas em cinco cursos gratuitos, com inscri\u00e7\u00f5es organizadas em duas etapas.<\/p>\n\n\n\n<p>At\u00e9 a pr\u00f3xima quinta-feira (08), as interessadas podem se inscrever para os cursos de Corte e Costura ou Manicure e Pedicure (incluindo alongamento). J\u00e1 entre os dias 4 e 15 de maio, estar\u00e3o abertas as inscri\u00e7\u00f5es para os cursos de Cabeleireira, Maquiagem Profissional e Boleira e Confeiteira.<\/p>\n\n\n\n<p>As inscri\u00e7\u00f5es est\u00e3o sendo realizadas em unidades dos Centros de Refer\u00eancia de Assist\u00eancia Social (CRAS) e em escolas da rede municipal, com o objetivo de facilitar o acesso da popula\u00e7\u00e3o em diferentes regi\u00f5es da cidade e da zona rural.<\/p>\n\n\n\n<p>Al\u00e9m da capacita\u00e7\u00e3o, o programa busca promover autonomia, gera\u00e7\u00e3o de renda e novas perspectivas para as participantes, contribuindo diretamente para o fortalecimento social e econ\u00f4mico das fam\u00edlias brumadenses.<\/p>\n\n\n\n<p>Para realizar a inscri\u00e7\u00e3o, \u00e9 necess\u00e1rio apresentar documento de identifica\u00e7\u00e3o com foto, CPF, N\u00famero de Identifica\u00e7\u00e3o Social (NIS) e comprovante de resid\u00eancia atualizado.<\/p>\n\n\n\n<p>Confira os locais e hor\u00e1rios de inscri\u00e7\u00e3o:<\/p>\n\n\n\n<p>CRAS Irm\u00e3 Dulce (S\u00e3o F\u00e9lix) \u2013 07h \u00e0s 12h \/ 14h \u00e0s 17h<\/p>\n\n\n\n<p>CRAS Esther Trindade Serra (Bara\u00fanas) \u2013 07h \u00e0s 12h \/ 14h \u00e0s 17h<\/p>\n\n\n\n<p>CRAS Yolanda Pires (Vila Presidente Vargas) \u2013 08h \u00e0s 12h \/ 13h \u00e0s 16h<\/p>\n\n\n\n<p>E.M.TI Professor Roberto Santos \u2013 08h \u00e0s 11h \/ 14h \u00e0s 16h<\/p>\n\n\n\n<p>E.M.TI Manoel Fernandes dos Santos (Ubira\u00e7aba) \u2013 08h \u00e0s 11h \/ 14h \u00e0s 16h<\/p>\n\n\n\n<p>E.M.TI Miguel Mirante (Arrecife) \u2013 08h \u00e0s 11h \/ 14h \u00e0s 16h<\/p>\n\n\n\n<p>E.M.TI Ana Rodriga Teixeira (Cristal\u00e2ndia) \u2013 08h \u00e0s 11h \/ 14h \u00e0s 16h<\/p>\n\n\n\n<p>E.M.TI Professor Am\u00e9rico Zizico Nascimento (Umburanas) \u2013 08h \u00e0s 11h \/ 14h \u00e0s 16h<\/p>\n\n\n\n<p>E.M.TI Professora Miriam Azevedo Gondim Meira (Lagoa Funda) \u2013 08h \u00e0s 11h \/ 14h \u00e0s 16h<\/p>\n\n\n\n<p>E.M.TI Professor Clemente Gomes (Itaquara\u00ed) \u2013 08h \u00e0s 11h \/ 14h \u00e0s 16h<\/p>\n\n\n\n<p>Parte da iniciativa \u00e9 desenvolvida em parceria com o Qualifica Bahia, ampliando o alcance das a\u00e7\u00f5es de capacita\u00e7\u00e3o no munic\u00edpio.<\/p>\n\n\n\n<p>A Prefeitura de Brumado refor\u00e7a o compromisso com pol\u00edticas p\u00fablicas voltadas para o fortalecimento da mulher, criando oportunidades reais de desenvolvimento e inclus\u00e3o produtiva.<\/p>\n","protected":false},"excerpt":{"rendered":"<p>A Prefeitura de Brumado est\u00e1 com inscri\u00e7\u00f5es abertas para o Programa Empreender Mulher, iniciativa que oferece oportunidades de qualifica\u00e7\u00e3o profissional para mulheres do munic\u00edpio. Ao todo, est\u00e3o sendo disponibilizadas 100 vagas, distribu\u00eddas em cinco cursos gratuitos, com inscri\u00e7\u00f5es organizadas em duas etapas. At\u00e9 a pr\u00f3xima quinta-feira (08), as interessadas podem se inscrever para os cursos [&hellip;]<\/p>\n","protected":false},"author":1,"featured_media":12419,"comment_status":"open","ping_status":"open","sticky":false,"template":"","format":"standard","meta":{"om_disable_all_campaigns":false,"_monsterinsights_skip_tracking":false,"_monsterinsights_sitenote_active":false,"_monsterinsights_sitenote_note":"","_monsterinsights_sitenote_category":0,"_uf_show_specific_survey":0,"_uf_disable_surveys":false,"footnotes":""},"categories":[42],"tags":[],"class_list":{"0":"post-12418","1":"post","2":"type-post","3":"status-publish","4":"format-standard","5":"has-post-thumbnail","7":"category-brumado"},"yoast_head":"<!-- This site is optimized with the Yoast SEO plugin v27.4 - https:\/\/yoast.com\/product\/yoast-seo-wordpress\/ -->\n<title>Prefeitura de Brumado abre inscri\u00e7\u00f5es para cursos profissionalizantes do Programa Empreender Mulher - Maetinga Not\u00edcias<\/title>\n<meta name=\"robots\" content=\"index, follow, max-snippet:-1, max-image-preview:large, max-video-preview:-1\" \/>\n<link rel=\"canonical\" href=\"https:\/\/maetinganoticias.com\/index.php\/2026\/04\/29\/programa-empreender-mulher-abre-inscricoes-para-cursos-profissionalizantes-em-brumado\/\" \/>\n<meta property=\"og:locale\" content=\"pt_BR\" \/>\n<meta property=\"og:type\" content=\"article\" \/>\n<meta property=\"og:title\" content=\"Prefeitura de Brumado abre inscri\u00e7\u00f5es para cursos profissionalizantes do Programa Empreender Mulher - Maetinga Not\u00edcias\" \/>\n<meta property=\"og:description\" content=\"A Prefeitura de Brumado est\u00e1 com inscri\u00e7\u00f5es abertas para o Programa Empreender Mulher, iniciativa que oferece oportunidades de qualifica\u00e7\u00e3o profissional para mulheres do munic\u00edpio. Ao todo, est\u00e3o sendo disponibilizadas 100 vagas, distribu\u00eddas em cinco cursos gratuitos, com inscri\u00e7\u00f5es organizadas em duas etapas. At\u00e9 a pr\u00f3xima quinta-feira (08), as interessadas podem se inscrever para os cursos [&hellip;]\" \/>\n<meta property=\"og:url\" content=\"https:\/\/maetinganoticias.com\/index.php\/2026\/04\/29\/programa-empreender-mulher-abre-inscricoes-para-cursos-profissionalizantes-em-brumado\/\" \/>\n<meta property=\"og:site_name\" content=\"Maetinga Not\u00edcias\" \/>\n<meta property=\"article:published_time\" content=\"2026-04-30T00:08:09+00:00\" \/>\n<meta property=\"article:modified_time\" content=\"2026-04-30T00:14:09+00:00\" \/>\n<meta property=\"og:image\" content=\"https:\/\/maetinganoticias.com\/wp-content\/uploads\/2026\/04\/7404-img_6454.webp\" \/>\n\t<meta property=\"og:image:width\" content=\"1000\" \/>\n\t<meta property=\"og:image:height\" content=\"555\" \/>\n\t<meta property=\"og:image:type\" content=\"image\/webp\" \/>\n<meta name=\"author\" content=\"Maetinga Not\u00edcias\" \/>\n<meta name=\"twitter:card\" content=\"summary_large_image\" \/>\n<meta name=\"twitter:label1\" content=\"Escrito por\" \/>\n\t<meta name=\"twitter:data1\" content=\"Maetinga Not\u00edcias\" \/>\n\t<meta name=\"twitter:label2\" content=\"Est. tempo de leitura\" \/>\n\t<meta name=\"twitter:data2\" content=\"3 minutos\" \/>\n<script type=\"application\/ld+json\" class=\"yoast-schema-graph\">{\"@context\":\"https:\\\/\\\/schema.org\",\"@graph\":[{\"@type\":[\"Article\",\"BlogPosting\"],\"@id\":\"https:\\\/\\\/maetinganoticias.com\\\/index.php\\\/2026\\\/04\\\/29\\\/programa-empreender-mulher-abre-inscricoes-para-cursos-profissionalizantes-em-brumado\\\/#article\",\"isPartOf\":{\"@id\":\"https:\\\/\\\/maetinganoticias.com\\\/index.php\\\/2026\\\/04\\\/29\\\/programa-empreender-mulher-abre-inscricoes-para-cursos-profissionalizantes-em-brumado\\\/\"},\"author\":{\"name\":\"Maetinga Not\u00edcias\",\"@id\":\"https:\\\/\\\/maetinganoticias.com\\\/#\\\/schema\\\/person\\\/968cf95e67a6810fc7fb35bbc9016962\"},\"headline\":\"Prefeitura de Brumado abre inscri\u00e7\u00f5es para cursos profissionalizantes do Programa Empreender Mulher\",\"datePublished\":\"2026-04-30T00:08:09+00:00\",\"dateModified\":\"2026-04-30T00:14:09+00:00\",\"mainEntityOfPage\":{\"@id\":\"https:\\\/\\\/maetinganoticias.com\\\/index.php\\\/2026\\\/04\\\/29\\\/programa-empreender-mulher-abre-inscricoes-para-cursos-profissionalizantes-em-brumado\\\/\"},\"wordCount\":406,\"commentCount\":0,\"publisher\":{\"@id\":\"https:\\\/\\\/maetinganoticias.com\\\/#organization\"},\"image\":{\"@id\":\"https:\\\/\\\/maetinganoticias.com\\\/index.php\\\/2026\\\/04\\\/29\\\/programa-empreender-mulher-abre-inscricoes-para-cursos-profissionalizantes-em-brumado\\\/#primaryimage\"},\"thumbnailUrl\":\"https:\\\/\\\/maetinganoticias.com\\\/wp-content\\\/uploads\\\/2026\\\/04\\\/7404-img_6454.webp\",\"articleSection\":[\"Brumado\"],\"inLanguage\":\"pt-BR\",\"potentialAction\":[{\"@type\":\"CommentAction\",\"name\":\"Comment\",\"target\":[\"https:\\\/\\\/maetinganoticias.com\\\/index.php\\\/2026\\\/04\\\/29\\\/programa-empreender-mulher-abre-inscricoes-para-cursos-profissionalizantes-em-brumado\\\/#respond\"]}]},{\"@type\":\"WebPage\",\"@id\":\"https:\\\/\\\/maetinganoticias.com\\\/index.php\\\/2026\\\/04\\\/29\\\/programa-empreender-mulher-abre-inscricoes-para-cursos-profissionalizantes-em-brumado\\\/\",\"url\":\"https:\\\/\\\/maetinganoticias.com\\\/index.php\\\/2026\\\/04\\\/29\\\/programa-empreender-mulher-abre-inscricoes-para-cursos-profissionalizantes-em-brumado\\\/\",\"name\":\"Prefeitura de Brumado abre inscri\u00e7\u00f5es para cursos profissionalizantes do Programa Empreender Mulher - Maetinga Not\u00edcias\",\"isPartOf\":{\"@id\":\"https:\\\/\\\/maetinganoticias.com\\\/#website\"},\"primaryImageOfPage\":{\"@id\":\"https:\\\/\\\/maetinganoticias.com\\\/index.php\\\/2026\\\/04\\\/29\\\/programa-empreender-mulher-abre-inscricoes-para-cursos-profissionalizantes-em-brumado\\\/#primaryimage\"},\"image\":{\"@id\":\"https:\\\/\\\/maetinganoticias.com\\\/index.php\\\/2026\\\/04\\\/29\\\/programa-empreender-mulher-abre-inscricoes-para-cursos-profissionalizantes-em-brumado\\\/#primaryimage\"},\"thumbnailUrl\":\"https:\\\/\\\/maetinganoticias.com\\\/wp-content\\\/uploads\\\/2026\\\/04\\\/7404-img_6454.webp\",\"datePublished\":\"2026-04-30T00:08:09+00:00\",\"dateModified\":\"2026-04-30T00:14:09+00:00\",\"breadcrumb\":{\"@id\":\"https:\\\/\\\/maetinganoticias.com\\\/index.php\\\/2026\\\/04\\\/29\\\/programa-empreender-mulher-abre-inscricoes-para-cursos-profissionalizantes-em-brumado\\\/#breadcrumb\"},\"inLanguage\":\"pt-BR\",\"potentialAction\":[{\"@type\":\"ReadAction\",\"target\":[\"https:\\\/\\\/maetinganoticias.com\\\/index.php\\\/2026\\\/04\\\/29\\\/programa-empreender-mulher-abre-inscricoes-para-cursos-profissionalizantes-em-brumado\\\/\"]}]},{\"@type\":\"ImageObject\",\"inLanguage\":\"pt-BR\",\"@id\":\"https:\\\/\\\/maetinganoticias.com\\\/index.php\\\/2026\\\/04\\\/29\\\/programa-empreender-mulher-abre-inscricoes-para-cursos-profissionalizantes-em-brumado\\\/#primaryimage\",\"url\":\"https:\\\/\\\/maetinganoticias.com\\\/wp-content\\\/uploads\\\/2026\\\/04\\\/7404-img_6454.webp\",\"contentUrl\":\"https:\\\/\\\/maetinganoticias.com\\\/wp-content\\\/uploads\\\/2026\\\/04\\\/7404-img_6454.webp\",\"width\":1000,\"height\":555},{\"@type\":\"BreadcrumbList\",\"@id\":\"https:\\\/\\\/maetinganoticias.com\\\/index.php\\\/2026\\\/04\\\/29\\\/programa-empreender-mulher-abre-inscricoes-para-cursos-profissionalizantes-em-brumado\\\/#breadcrumb\",\"itemListElement\":[{\"@type\":\"ListItem\",\"position\":1,\"name\":\"In\u00edcio\",\"item\":\"https:\\\/\\\/maetinganoticias.com\\\/\"},{\"@type\":\"ListItem\",\"position\":2,\"name\":\"Prefeitura de Brumado abre inscri\u00e7\u00f5es para cursos profissionalizantes do Programa Empreender Mulher\"}]},{\"@type\":\"WebSite\",\"@id\":\"https:\\\/\\\/maetinganoticias.com\\\/#website\",\"url\":\"https:\\\/\\\/maetinganoticias.com\\\/\",\"name\":\"Maetinga Not\u00edcias\",\"description\":\"A Voz do Interior Baiano!\",\"publisher\":{\"@id\":\"https:\\\/\\\/maetinganoticias.com\\\/#organization\"},\"potentialAction\":[{\"@type\":\"SearchAction\",\"target\":{\"@type\":\"EntryPoint\",\"urlTemplate\":\"https:\\\/\\\/maetinganoticias.com\\\/?s={search_term_string}\"},\"query-input\":{\"@type\":\"PropertyValueSpecification\",\"valueRequired\":true,\"valueName\":\"search_term_string\"}}],\"inLanguage\":\"pt-BR\"},{\"@type\":\"Organization\",\"@id\":\"https:\\\/\\\/maetinganoticias.com\\\/#organization\",\"name\":\"Maetinga Not\u00edcias\",\"url\":\"https:\\\/\\\/maetinganoticias.com\\\/\",\"logo\":{\"@type\":\"ImageObject\",\"inLanguage\":\"pt-BR\",\"@id\":\"https:\\\/\\\/maetinganoticias.com\\\/#\\\/schema\\\/logo\\\/image\\\/\",\"url\":\"https:\\\/\\\/maetinganoticias.com\\\/wp-content\\\/uploads\\\/2023\\\/07\\\/cropped-cropped-cropped-cropped-BUSINESS-3-42-1.png\",\"contentUrl\":\"https:\\\/\\\/maetinganoticias.com\\\/wp-content\\\/uploads\\\/2023\\\/07\\\/cropped-cropped-cropped-cropped-BUSINESS-3-42-1.png\",\"width\":485,\"height\":109,\"caption\":\"Maetinga Not\u00edcias\"},\"image\":{\"@id\":\"https:\\\/\\\/maetinganoticias.com\\\/#\\\/schema\\\/logo\\\/image\\\/\"}},{\"@type\":\"Person\",\"@id\":\"https:\\\/\\\/maetinganoticias.com\\\/#\\\/schema\\\/person\\\/968cf95e67a6810fc7fb35bbc9016962\",\"name\":\"Maetinga Not\u00edcias\",\"image\":{\"@type\":\"ImageObject\",\"inLanguage\":\"pt-BR\",\"@id\":\"https:\\\/\\\/secure.gravatar.com\\\/avatar\\\/32e078313a5ca37a6c8d44e716ed4f9e87ecfde7222d2b88a1424bd49654f187?s=96&d=mm&r=g\",\"url\":\"https:\\\/\\\/secure.gravatar.com\\\/avatar\\\/32e078313a5ca37a6c8d44e716ed4f9e87ecfde7222d2b88a1424bd49654f187?s=96&d=mm&r=g\",\"contentUrl\":\"https:\\\/\\\/secure.gravatar.com\\\/avatar\\\/32e078313a5ca37a6c8d44e716ed4f9e87ecfde7222d2b88a1424bd49654f187?s=96&d=mm&r=g\",\"caption\":\"Maetinga Not\u00edcias\"},\"description\":\"A voz do Interior Baiano!\",\"sameAs\":[\"https:\\\/\\\/maetinganoticias.com\",\"https:\\\/\\\/www.instagram.com\\\/blogmaetinganoticias\\\/\"],\"url\":\"https:\\\/\\\/maetinganoticias.com\\\/index.php\\\/author\\\/carlosvianna13\\\/\"}]}<\/script>\n<!-- \/ Yoast SEO plugin. -->","yoast_head_json":{"title":"Prefeitura de Brumado abre inscri\u00e7\u00f5es para cursos profissionalizantes do Programa Empreender Mulher - Maetinga Not\u00edcias","robots":{"index":"index","follow":"follow","max-snippet":"max-snippet:-1","max-image-preview":"max-image-preview:large","max-video-preview":"max-video-preview:-1"},"canonical":"https:\/\/maetinganoticias.com\/index.php\/2026\/04\/29\/programa-empreender-mulher-abre-inscricoes-para-cursos-profissionalizantes-em-brumado\/","og_locale":"pt_BR","og_type":"article","og_title":"Prefeitura de Brumado abre inscri\u00e7\u00f5es para cursos profissionalizantes do Programa Empreender Mulher - Maetinga Not\u00edcias","og_description":"A Prefeitura de Brumado est\u00e1 com inscri\u00e7\u00f5es abertas para o Programa Empreender Mulher, iniciativa que oferece oportunidades de qualifica\u00e7\u00e3o profissional para mulheres do munic\u00edpio. Ao todo, est\u00e3o sendo disponibilizadas 100 vagas, distribu\u00eddas em cinco cursos gratuitos, com inscri\u00e7\u00f5es organizadas em duas etapas. At\u00e9 a pr\u00f3xima quinta-feira (08), as interessadas podem se inscrever para os cursos [&hellip;]","og_url":"https:\/\/maetinganoticias.com\/index.php\/2026\/04\/29\/programa-empreender-mulher-abre-inscricoes-para-cursos-profissionalizantes-em-brumado\/","og_site_name":"Maetinga Not\u00edcias","article_published_time":"2026-04-30T00:08:09+00:00","article_modified_time":"2026-04-30T00:14:09+00:00","og_image":[{"width":1000,"height":555,"url":"https:\/\/maetinganoticias.com\/wp-content\/uploads\/2026\/04\/7404-img_6454.webp","type":"image\/webp"}],"author":"Maetinga Not\u00edcias","twitter_card":"summary_large_image","twitter_misc":{"Escrito por":"Maetinga Not\u00edcias","Est. tempo de leitura":"3 minutos"},"schema":{"@context":"https:\/\/schema.org","@graph":[{"@type":["Article","BlogPosting"],"@id":"https:\/\/maetinganoticias.com\/index.php\/2026\/04\/29\/programa-empreender-mulher-abre-inscricoes-para-cursos-profissionalizantes-em-brumado\/#article","isPartOf":{"@id":"https:\/\/maetinganoticias.com\/index.php\/2026\/04\/29\/programa-empreender-mulher-abre-inscricoes-para-cursos-profissionalizantes-em-brumado\/"},"author":{"name":"Maetinga Not\u00edcias","@id":"https:\/\/maetinganoticias.com\/#\/schema\/person\/968cf95e67a6810fc7fb35bbc9016962"},"headline":"Prefeitura de Brumado abre inscri\u00e7\u00f5es para cursos profissionalizantes do Programa Empreender Mulher","datePublished":"2026-04-30T00:08:09+00:00","dateModified":"2026-04-30T00:14:09+00:00","mainEntityOfPage":{"@id":"https:\/\/maetinganoticias.com\/index.php\/2026\/04\/29\/programa-empreender-mulher-abre-inscricoes-para-cursos-profissionalizantes-em-brumado\/"},"wordCount":406,"commentCount":0,"publisher":{"@id":"https:\/\/maetinganoticias.com\/#organization"},"image":{"@id":"https:\/\/maetinganoticias.com\/index.php\/2026\/04\/29\/programa-empreender-mulher-abre-inscricoes-para-cursos-profissionalizantes-em-brumado\/#primaryimage"},"thumbnailUrl":"https:\/\/maetinganoticias.com\/wp-content\/uploads\/2026\/04\/7404-img_6454.webp","articleSection":["Brumado"],"inLanguage":"pt-BR","potentialAction":[{"@type":"CommentAction","name":"Comment","target":["https:\/\/maetinganoticias.com\/index.php\/2026\/04\/29\/programa-empreender-mulher-abre-inscricoes-para-cursos-profissionalizantes-em-brumado\/#respond"]}]},{"@type":"WebPage","@id":"https:\/\/maetinganoticias.com\/index.php\/2026\/04\/29\/programa-empreender-mulher-abre-inscricoes-para-cursos-profissionalizantes-em-brumado\/","url":"https:\/\/maetinganoticias.com\/index.php\/2026\/04\/29\/programa-empreender-mulher-abre-inscricoes-para-cursos-profissionalizantes-em-brumado\/","name":"Prefeitura de Brumado abre inscri\u00e7\u00f5es para cursos profissionalizantes do Programa Empreender Mulher - Maetinga Not\u00edcias","isPartOf":{"@id":"https:\/\/maetinganoticias.com\/#website"},"primaryImageOfPage":{"@id":"https:\/\/maetinganoticias.com\/index.php\/2026\/04\/29\/programa-empreender-mulher-abre-inscricoes-para-cursos-profissionalizantes-em-brumado\/#primaryimage"},"image":{"@id":"https:\/\/maetinganoticias.com\/index.php\/2026\/04\/29\/programa-empreender-mulher-abre-inscricoes-para-cursos-profissionalizantes-em-brumado\/#primaryimage"},"thumbnailUrl":"https:\/\/maetinganoticias.com\/wp-content\/uploads\/2026\/04\/7404-img_6454.webp","datePublished":"2026-04-30T00:08:09+00:00","dateModified":"2026-04-30T00:14:09+00:00","breadcrumb":{"@id":"https:\/\/maetinganoticias.com\/index.php\/2026\/04\/29\/programa-empreender-mulher-abre-inscricoes-para-cursos-profissionalizantes-em-brumado\/#breadcrumb"},"inLanguage":"pt-BR","potentialAction":[{"@type":"ReadAction","target":["https:\/\/maetinganoticias.com\/index.php\/2026\/04\/29\/programa-empreender-mulher-abre-inscricoes-para-cursos-profissionalizantes-em-brumado\/"]}]},{"@type":"ImageObject","inLanguage":"pt-BR","@id":"https:\/\/maetinganoticias.com\/index.php\/2026\/04\/29\/programa-empreender-mulher-abre-inscricoes-para-cursos-profissionalizantes-em-brumado\/#primaryimage","url":"https:\/\/maetinganoticias.com\/wp-content\/uploads\/2026\/04\/7404-img_6454.webp","contentUrl":"https:\/\/maetinganoticias.com\/wp-content\/uploads\/2026\/04\/7404-img_6454.webp","width":1000,"height":555},{"@type":"BreadcrumbList","@id":"https:\/\/maetinganoticias.com\/index.php\/2026\/04\/29\/programa-empreender-mulher-abre-inscricoes-para-cursos-profissionalizantes-em-brumado\/#breadcrumb","itemListElement":[{"@type":"ListItem","position":1,"name":"In\u00edcio","item":"https:\/\/maetinganoticias.com\/"},{"@type":"ListItem","position":2,"name":"Prefeitura de Brumado abre inscri\u00e7\u00f5es para cursos profissionalizantes do Programa Empreender Mulher"}]},{"@type":"WebSite","@id":"https:\/\/maetinganoticias.com\/#website","url":"https:\/\/maetinganoticias.com\/","name":"Maetinga Not\u00edcias","description":"A Voz do Interior Baiano!","publisher":{"@id":"https:\/\/maetinganoticias.com\/#organization"},"potentialAction":[{"@type":"SearchAction","target":{"@type":"EntryPoint","urlTemplate":"https:\/\/maetinganoticias.com\/?s={search_term_string}"},"query-input":{"@type":"PropertyValueSpecification","valueRequired":true,"valueName":"search_term_string"}}],"inLanguage":"pt-BR"},{"@type":"Organization","@id":"https:\/\/maetinganoticias.com\/#organization","name":"Maetinga Not\u00edcias","url":"https:\/\/maetinganoticias.com\/","logo":{"@type":"ImageObject","inLanguage":"pt-BR","@id":"https:\/\/maetinganoticias.com\/#\/schema\/logo\/image\/","url":"https:\/\/maetinganoticias.com\/wp-content\/uploads\/2023\/07\/cropped-cropped-cropped-cropped-BUSINESS-3-42-1.png","contentUrl":"https:\/\/maetinganoticias.com\/wp-content\/uploads\/2023\/07\/cropped-cropped-cropped-cropped-BUSINESS-3-42-1.png","width":485,"height":109,"caption":"Maetinga Not\u00edcias"},"image":{"@id":"https:\/\/maetinganoticias.com\/#\/schema\/logo\/image\/"}},{"@type":"Person","@id":"https:\/\/maetinganoticias.com\/#\/schema\/person\/968cf95e67a6810fc7fb35bbc9016962","name":"Maetinga Not\u00edcias","image":{"@type":"ImageObject","inLanguage":"pt-BR","@id":"https:\/\/secure.gravatar.com\/avatar\/32e078313a5ca37a6c8d44e716ed4f9e87ecfde7222d2b88a1424bd49654f187?s=96&d=mm&r=g","url":"https:\/\/secure.gravatar.com\/avatar\/32e078313a5ca37a6c8d44e716ed4f9e87ecfde7222d2b88a1424bd49654f187?s=96&d=mm&r=g","contentUrl":"https:\/\/secure.gravatar.com\/avatar\/32e078313a5ca37a6c8d44e716ed4f9e87ecfde7222d2b88a1424bd49654f187?s=96&d=mm&r=g","caption":"Maetinga Not\u00edcias"},"description":"A voz do Interior Baiano!","sameAs":["https:\/\/maetinganoticias.com","https:\/\/www.instagram.com\/blogmaetinganoticias\/"],"url":"https:\/\/maetinganoticias.com\/index.php\/author\/carlosvianna13\/"}]}},"_links":{"self":[{"href":"https:\/\/maetinganoticias.com\/index.php\/wp-json\/wp\/v2\/posts\/12418","targetHints":{"allow":["GET"]}}],"collection":[{"href":"https:\/\/maetinganoticias.com\/index.php\/wp-json\/wp\/v2\/posts"}],"about":[{"href":"https:\/\/maetinganoticias.com\/index.php\/wp-json\/wp\/v2\/types\/post"}],"author":[{"embeddable":true,"href":"https:\/\/maetinganoticias.com\/index.php\/wp-json\/wp\/v2\/users\/1"}],"replies":[{"embeddable":true,"href":"https:\/\/maetinganoticias.com\/index.php\/wp-json\/wp\/v2\/comments?post=12418"}],"version-history":[{"count":3,"href":"https:\/\/maetinganoticias.com\/index.php\/wp-json\/wp\/v2\/posts\/12418\/revisions"}],"predecessor-version":[{"id":12422,"href":"https:\/\/maetinganoticias.com\/index.php\/wp-json\/wp\/v2\/posts\/12418\/revisions\/12422"}],"wp:featuredmedia":[{"embeddable":true,"href":"https:\/\/maetinganoticias.com\/index.php\/wp-json\/wp\/v2\/media\/12419"}],"wp:attachment":[{"href":"https:\/\/maetinganoticias.com\/index.php\/wp-json\/wp\/v2\/media?parent=12418"}],"wp:term":[{"taxonomy":"category","embeddable":true,"href":"https:\/\/maetinganoticias.com\/index.php\/wp-json\/wp\/v2\/categories?post=12418"},{"taxonomy":"post_tag","embeddable":true,"href":"https:\/\/maetinganoticias.com\/index.php\/wp-json\/wp\/v2\/tags?post=12418"}],"curies":[{"name":"wp","href":"https:\/\/api.w.org\/{rel}","templated":true}]}}