{"id":12415,"date":"2026-04-29T20:10:52","date_gmt":"2026-04-29T23:10:52","guid":{"rendered":"https:\/\/maetinganoticias.com\/?p=12415"},"modified":"2026-04-29T20:10:53","modified_gmt":"2026-04-29T23:10:53","slug":"pesquisa-quaest-aponta-empate-tecnico-entre-acm-neto-e-jeronimo-rodrigues-na-disputa-pelo-governo-da-bahia","status":"publish","type":"post","link":"https:\/\/maetinganoticias.com\/index.php\/2026\/04\/29\/pesquisa-quaest-aponta-empate-tecnico-entre-acm-neto-e-jeronimo-rodrigues-na-disputa-pelo-governo-da-bahia\/","title":{"rendered":"Pesquisa Quaest aponta empate t\u00e9cnico entre ACM Neto e Jer\u00f4nimo Rodrigues na disputa pelo governo da Bahia"},"content":{"rendered":"\n<p>Um levantamento divulgado nesta quarta-feira (29) pelo Instituto Quaest sobre a disputa pelo governo da Bahia em 2026 mostra um cen\u00e1rio de empate t\u00e9cnico entre ACM Neto e Jer\u00f4nimo Rodrigues.<\/p>\n\n\n\n<p>Segundo o levantamento, o ex-prefeito de Salvador tem 41% das inten\u00e7\u00f5es de voto, e o governador Jer\u00f4nimo aparece com 37%, eles estariam empatados tecnicamente na margem de erro.<\/p>\n\n\n\n<p>Na sequ\u00eancia, Ronaldo Mansur soma 1%, enquanto Jos\u00e9 Est\u00eav\u00e3o n\u00e3o pontuou. O levantamento tamb\u00e9m aponta 11% de eleitores indecisos e 10% que afirmaram votar em branco ou nulo.<\/p>\n\n\n\n<p>A pesquisa ouviu 1.200 eleitores entre os dias 23 e 27 de abril de 2026, tem margem de erro de tr\u00eas pontos percentuais e n\u00edvel de confian\u00e7a de 95%. <\/p>\n\n\n\n<p>O estudo est\u00e1 registrado no Tribunal Regional Eleitoral da Bahia sob o n\u00famero BA-03657\/2026.<\/p>\n","protected":false},"excerpt":{"rendered":"<p>Um levantamento divulgado nesta quarta-feira (29) pelo Instituto Quaest sobre a disputa pelo governo da Bahia em 2026 mostra um cen\u00e1rio de empate t\u00e9cnico entre ACM Neto e Jer\u00f4nimo Rodrigues. Segundo o levantamento, o ex-prefeito de Salvador tem 41% das inten\u00e7\u00f5es de voto, e o governador Jer\u00f4nimo aparece com 37%, eles estariam empatados tecnicamente na [&hellip;]<\/p>\n","protected":false},"author":1,"featured_media":12416,"comment_status":"open","ping_status":"open","sticky":false,"template":"","format":"standard","meta":{"om_disable_all_campaigns":false,"_monsterinsights_skip_tracking":false,"_monsterinsights_sitenote_active":false,"_monsterinsights_sitenote_note":"","_monsterinsights_sitenote_category":0,"_uf_show_specific_survey":0,"_uf_disable_surveys":false,"footnotes":""},"categories":[5],"tags":[],"class_list":{"0":"post-12415","1":"post","2":"type-post","3":"status-publish","4":"format-standard","5":"has-post-thumbnail","7":"category-politica"},"yoast_head":"<!-- This site is optimized with the Yoast SEO plugin v27.4 - https:\/\/yoast.com\/product\/yoast-seo-wordpress\/ -->\n<title>Pesquisa Quaest aponta empate t\u00e9cnico entre ACM Neto e Jer\u00f4nimo Rodrigues na disputa pelo governo da Bahia - Maetinga Not\u00edcias<\/title>\n<meta name=\"robots\" content=\"index, follow, max-snippet:-1, max-image-preview:large, max-video-preview:-1\" \/>\n<link rel=\"canonical\" href=\"https:\/\/maetinganoticias.com\/index.php\/2026\/04\/29\/pesquisa-quaest-aponta-empate-tecnico-entre-acm-neto-e-jeronimo-rodrigues-na-disputa-pelo-governo-da-bahia\/\" \/>\n<meta property=\"og:locale\" content=\"pt_BR\" \/>\n<meta property=\"og:type\" content=\"article\" \/>\n<meta property=\"og:title\" content=\"Pesquisa Quaest aponta empate t\u00e9cnico entre ACM Neto e Jer\u00f4nimo Rodrigues na disputa pelo governo da Bahia - Maetinga Not\u00edcias\" \/>\n<meta property=\"og:description\" content=\"Um levantamento divulgado nesta quarta-feira (29) pelo Instituto Quaest sobre a disputa pelo governo da Bahia em 2026 mostra um cen\u00e1rio de empate t\u00e9cnico entre ACM Neto e Jer\u00f4nimo Rodrigues. Segundo o levantamento, o ex-prefeito de Salvador tem 41% das inten\u00e7\u00f5es de voto, e o governador Jer\u00f4nimo aparece com 37%, eles estariam empatados tecnicamente na [&hellip;]\" \/>\n<meta property=\"og:url\" content=\"https:\/\/maetinganoticias.com\/index.php\/2026\/04\/29\/pesquisa-quaest-aponta-empate-tecnico-entre-acm-neto-e-jeronimo-rodrigues-na-disputa-pelo-governo-da-bahia\/\" \/>\n<meta property=\"og:site_name\" content=\"Maetinga Not\u00edcias\" \/>\n<meta property=\"article:published_time\" content=\"2026-04-29T23:10:52+00:00\" \/>\n<meta property=\"article:modified_time\" content=\"2026-04-29T23:10:53+00:00\" \/>\n<meta property=\"og:image\" content=\"https:\/\/maetinganoticias.com\/wp-content\/uploads\/2026\/04\/WhatsApp-Image-2026-04-29-at-20.06.00.jpeg\" \/>\n\t<meta property=\"og:image:width\" content=\"595\" \/>\n\t<meta property=\"og:image:height\" content=\"511\" \/>\n\t<meta property=\"og:image:type\" content=\"image\/jpeg\" \/>\n<meta name=\"author\" content=\"Maetinga Not\u00edcias\" \/>\n<meta name=\"twitter:card\" content=\"summary_large_image\" \/>\n<meta name=\"twitter:label1\" content=\"Escrito por\" \/>\n\t<meta name=\"twitter:data1\" content=\"Maetinga Not\u00edcias\" \/>\n\t<meta name=\"twitter:label2\" content=\"Est. tempo de leitura\" \/>\n\t<meta name=\"twitter:data2\" content=\"1 minuto\" \/>\n<script type=\"application\/ld+json\" class=\"yoast-schema-graph\">{\"@context\":\"https:\\\/\\\/schema.org\",\"@graph\":[{\"@type\":[\"Article\",\"BlogPosting\"],\"@id\":\"https:\\\/\\\/maetinganoticias.com\\\/index.php\\\/2026\\\/04\\\/29\\\/pesquisa-quaest-aponta-empate-tecnico-entre-acm-neto-e-jeronimo-rodrigues-na-disputa-pelo-governo-da-bahia\\\/#article\",\"isPartOf\":{\"@id\":\"https:\\\/\\\/maetinganoticias.com\\\/index.php\\\/2026\\\/04\\\/29\\\/pesquisa-quaest-aponta-empate-tecnico-entre-acm-neto-e-jeronimo-rodrigues-na-disputa-pelo-governo-da-bahia\\\/\"},\"author\":{\"name\":\"Maetinga Not\u00edcias\",\"@id\":\"https:\\\/\\\/maetinganoticias.com\\\/#\\\/schema\\\/person\\\/968cf95e67a6810fc7fb35bbc9016962\"},\"headline\":\"Pesquisa Quaest aponta empate t\u00e9cnico entre ACM Neto e Jer\u00f4nimo Rodrigues na disputa pelo governo da Bahia\",\"datePublished\":\"2026-04-29T23:10:52+00:00\",\"dateModified\":\"2026-04-29T23:10:53+00:00\",\"mainEntityOfPage\":{\"@id\":\"https:\\\/\\\/maetinganoticias.com\\\/index.php\\\/2026\\\/04\\\/29\\\/pesquisa-quaest-aponta-empate-tecnico-entre-acm-neto-e-jeronimo-rodrigues-na-disputa-pelo-governo-da-bahia\\\/\"},\"wordCount\":150,\"commentCount\":0,\"publisher\":{\"@id\":\"https:\\\/\\\/maetinganoticias.com\\\/#organization\"},\"image\":{\"@id\":\"https:\\\/\\\/maetinganoticias.com\\\/index.php\\\/2026\\\/04\\\/29\\\/pesquisa-quaest-aponta-empate-tecnico-entre-acm-neto-e-jeronimo-rodrigues-na-disputa-pelo-governo-da-bahia\\\/#primaryimage\"},\"thumbnailUrl\":\"https:\\\/\\\/maetinganoticias.com\\\/wp-content\\\/uploads\\\/2026\\\/04\\\/WhatsApp-Image-2026-04-29-at-20.06.00.jpeg\",\"articleSection\":[\"Pol\u00edtica\"],\"inLanguage\":\"pt-BR\",\"potentialAction\":[{\"@type\":\"CommentAction\",\"name\":\"Comment\",\"target\":[\"https:\\\/\\\/maetinganoticias.com\\\/index.php\\\/2026\\\/04\\\/29\\\/pesquisa-quaest-aponta-empate-tecnico-entre-acm-neto-e-jeronimo-rodrigues-na-disputa-pelo-governo-da-bahia\\\/#respond\"]}]},{\"@type\":\"WebPage\",\"@id\":\"https:\\\/\\\/maetinganoticias.com\\\/index.php\\\/2026\\\/04\\\/29\\\/pesquisa-quaest-aponta-empate-tecnico-entre-acm-neto-e-jeronimo-rodrigues-na-disputa-pelo-governo-da-bahia\\\/\",\"url\":\"https:\\\/\\\/maetinganoticias.com\\\/index.php\\\/2026\\\/04\\\/29\\\/pesquisa-quaest-aponta-empate-tecnico-entre-acm-neto-e-jeronimo-rodrigues-na-disputa-pelo-governo-da-bahia\\\/\",\"name\":\"Pesquisa Quaest aponta empate t\u00e9cnico entre ACM Neto e Jer\u00f4nimo Rodrigues na disputa pelo governo da Bahia - Maetinga Not\u00edcias\",\"isPartOf\":{\"@id\":\"https:\\\/\\\/maetinganoticias.com\\\/#website\"},\"primaryImageOfPage\":{\"@id\":\"https:\\\/\\\/maetinganoticias.com\\\/index.php\\\/2026\\\/04\\\/29\\\/pesquisa-quaest-aponta-empate-tecnico-entre-acm-neto-e-jeronimo-rodrigues-na-disputa-pelo-governo-da-bahia\\\/#primaryimage\"},\"image\":{\"@id\":\"https:\\\/\\\/maetinganoticias.com\\\/index.php\\\/2026\\\/04\\\/29\\\/pesquisa-quaest-aponta-empate-tecnico-entre-acm-neto-e-jeronimo-rodrigues-na-disputa-pelo-governo-da-bahia\\\/#primaryimage\"},\"thumbnailUrl\":\"https:\\\/\\\/maetinganoticias.com\\\/wp-content\\\/uploads\\\/2026\\\/04\\\/WhatsApp-Image-2026-04-29-at-20.06.00.jpeg\",\"datePublished\":\"2026-04-29T23:10:52+00:00\",\"dateModified\":\"2026-04-29T23:10:53+00:00\",\"breadcrumb\":{\"@id\":\"https:\\\/\\\/maetinganoticias.com\\\/index.php\\\/2026\\\/04\\\/29\\\/pesquisa-quaest-aponta-empate-tecnico-entre-acm-neto-e-jeronimo-rodrigues-na-disputa-pelo-governo-da-bahia\\\/#breadcrumb\"},\"inLanguage\":\"pt-BR\",\"potentialAction\":[{\"@type\":\"ReadAction\",\"target\":[\"https:\\\/\\\/maetinganoticias.com\\\/index.php\\\/2026\\\/04\\\/29\\\/pesquisa-quaest-aponta-empate-tecnico-entre-acm-neto-e-jeronimo-rodrigues-na-disputa-pelo-governo-da-bahia\\\/\"]}]},{\"@type\":\"ImageObject\",\"inLanguage\":\"pt-BR\",\"@id\":\"https:\\\/\\\/maetinganoticias.com\\\/index.php\\\/2026\\\/04\\\/29\\\/pesquisa-quaest-aponta-empate-tecnico-entre-acm-neto-e-jeronimo-rodrigues-na-disputa-pelo-governo-da-bahia\\\/#primaryimage\",\"url\":\"https:\\\/\\\/maetinganoticias.com\\\/wp-content\\\/uploads\\\/2026\\\/04\\\/WhatsApp-Image-2026-04-29-at-20.06.00.jpeg\",\"contentUrl\":\"https:\\\/\\\/maetinganoticias.com\\\/wp-content\\\/uploads\\\/2026\\\/04\\\/WhatsApp-Image-2026-04-29-at-20.06.00.jpeg\",\"width\":595,\"height\":511,\"caption\":\"Foto: Reprodu\u00e7\u00e3o\"},{\"@type\":\"BreadcrumbList\",\"@id\":\"https:\\\/\\\/maetinganoticias.com\\\/index.php\\\/2026\\\/04\\\/29\\\/pesquisa-quaest-aponta-empate-tecnico-entre-acm-neto-e-jeronimo-rodrigues-na-disputa-pelo-governo-da-bahia\\\/#breadcrumb\",\"itemListElement\":[{\"@type\":\"ListItem\",\"position\":1,\"name\":\"In\u00edcio\",\"item\":\"https:\\\/\\\/maetinganoticias.com\\\/\"},{\"@type\":\"ListItem\",\"position\":2,\"name\":\"Pesquisa Quaest aponta empate t\u00e9cnico entre ACM Neto e Jer\u00f4nimo Rodrigues na disputa pelo governo da Bahia\"}]},{\"@type\":\"WebSite\",\"@id\":\"https:\\\/\\\/maetinganoticias.com\\\/#website\",\"url\":\"https:\\\/\\\/maetinganoticias.com\\\/\",\"name\":\"Maetinga Not\u00edcias\",\"description\":\"A Voz do Interior Baiano!\",\"publisher\":{\"@id\":\"https:\\\/\\\/maetinganoticias.com\\\/#organization\"},\"potentialAction\":[{\"@type\":\"SearchAction\",\"target\":{\"@type\":\"EntryPoint\",\"urlTemplate\":\"https:\\\/\\\/maetinganoticias.com\\\/?s={search_term_string}\"},\"query-input\":{\"@type\":\"PropertyValueSpecification\",\"valueRequired\":true,\"valueName\":\"search_term_string\"}}],\"inLanguage\":\"pt-BR\"},{\"@type\":\"Organization\",\"@id\":\"https:\\\/\\\/maetinganoticias.com\\\/#organization\",\"name\":\"Maetinga Not\u00edcias\",\"url\":\"https:\\\/\\\/maetinganoticias.com\\\/\",\"logo\":{\"@type\":\"ImageObject\",\"inLanguage\":\"pt-BR\",\"@id\":\"https:\\\/\\\/maetinganoticias.com\\\/#\\\/schema\\\/logo\\\/image\\\/\",\"url\":\"https:\\\/\\\/maetinganoticias.com\\\/wp-content\\\/uploads\\\/2023\\\/07\\\/cropped-cropped-cropped-cropped-BUSINESS-3-42-1.png\",\"contentUrl\":\"https:\\\/\\\/maetinganoticias.com\\\/wp-content\\\/uploads\\\/2023\\\/07\\\/cropped-cropped-cropped-cropped-BUSINESS-3-42-1.png\",\"width\":485,\"height\":109,\"caption\":\"Maetinga Not\u00edcias\"},\"image\":{\"@id\":\"https:\\\/\\\/maetinganoticias.com\\\/#\\\/schema\\\/logo\\\/image\\\/\"}},{\"@type\":\"Person\",\"@id\":\"https:\\\/\\\/maetinganoticias.com\\\/#\\\/schema\\\/person\\\/968cf95e67a6810fc7fb35bbc9016962\",\"name\":\"Maetinga Not\u00edcias\",\"image\":{\"@type\":\"ImageObject\",\"inLanguage\":\"pt-BR\",\"@id\":\"https:\\\/\\\/secure.gravatar.com\\\/avatar\\\/32e078313a5ca37a6c8d44e716ed4f9e87ecfde7222d2b88a1424bd49654f187?s=96&d=mm&r=g\",\"url\":\"https:\\\/\\\/secure.gravatar.com\\\/avatar\\\/32e078313a5ca37a6c8d44e716ed4f9e87ecfde7222d2b88a1424bd49654f187?s=96&d=mm&r=g\",\"contentUrl\":\"https:\\\/\\\/secure.gravatar.com\\\/avatar\\\/32e078313a5ca37a6c8d44e716ed4f9e87ecfde7222d2b88a1424bd49654f187?s=96&d=mm&r=g\",\"caption\":\"Maetinga Not\u00edcias\"},\"description\":\"A voz do Interior Baiano!\",\"sameAs\":[\"https:\\\/\\\/maetinganoticias.com\",\"https:\\\/\\\/www.instagram.com\\\/blogmaetinganoticias\\\/\"],\"url\":\"https:\\\/\\\/maetinganoticias.com\\\/index.php\\\/author\\\/carlosvianna13\\\/\"}]}<\/script>\n<!-- \/ Yoast SEO plugin. -->","yoast_head_json":{"title":"Pesquisa Quaest aponta empate t\u00e9cnico entre ACM Neto e Jer\u00f4nimo Rodrigues na disputa pelo governo da Bahia - Maetinga Not\u00edcias","robots":{"index":"index","follow":"follow","max-snippet":"max-snippet:-1","max-image-preview":"max-image-preview:large","max-video-preview":"max-video-preview:-1"},"canonical":"https:\/\/maetinganoticias.com\/index.php\/2026\/04\/29\/pesquisa-quaest-aponta-empate-tecnico-entre-acm-neto-e-jeronimo-rodrigues-na-disputa-pelo-governo-da-bahia\/","og_locale":"pt_BR","og_type":"article","og_title":"Pesquisa Quaest aponta empate t\u00e9cnico entre ACM Neto e Jer\u00f4nimo Rodrigues na disputa pelo governo da Bahia - Maetinga Not\u00edcias","og_description":"Um levantamento divulgado nesta quarta-feira (29) pelo Instituto Quaest sobre a disputa pelo governo da Bahia em 2026 mostra um cen\u00e1rio de empate t\u00e9cnico entre ACM Neto e Jer\u00f4nimo Rodrigues. Segundo o levantamento, o ex-prefeito de Salvador tem 41% das inten\u00e7\u00f5es de voto, e o governador Jer\u00f4nimo aparece com 37%, eles estariam empatados tecnicamente na [&hellip;]","og_url":"https:\/\/maetinganoticias.com\/index.php\/2026\/04\/29\/pesquisa-quaest-aponta-empate-tecnico-entre-acm-neto-e-jeronimo-rodrigues-na-disputa-pelo-governo-da-bahia\/","og_site_name":"Maetinga Not\u00edcias","article_published_time":"2026-04-29T23:10:52+00:00","article_modified_time":"2026-04-29T23:10:53+00:00","og_image":[{"width":595,"height":511,"url":"https:\/\/maetinganoticias.com\/wp-content\/uploads\/2026\/04\/WhatsApp-Image-2026-04-29-at-20.06.00.jpeg","type":"image\/jpeg"}],"author":"Maetinga Not\u00edcias","twitter_card":"summary_large_image","twitter_misc":{"Escrito por":"Maetinga Not\u00edcias","Est. tempo de leitura":"1 minuto"},"schema":{"@context":"https:\/\/schema.org","@graph":[{"@type":["Article","BlogPosting"],"@id":"https:\/\/maetinganoticias.com\/index.php\/2026\/04\/29\/pesquisa-quaest-aponta-empate-tecnico-entre-acm-neto-e-jeronimo-rodrigues-na-disputa-pelo-governo-da-bahia\/#article","isPartOf":{"@id":"https:\/\/maetinganoticias.com\/index.php\/2026\/04\/29\/pesquisa-quaest-aponta-empate-tecnico-entre-acm-neto-e-jeronimo-rodrigues-na-disputa-pelo-governo-da-bahia\/"},"author":{"name":"Maetinga Not\u00edcias","@id":"https:\/\/maetinganoticias.com\/#\/schema\/person\/968cf95e67a6810fc7fb35bbc9016962"},"headline":"Pesquisa Quaest aponta empate t\u00e9cnico entre ACM Neto e Jer\u00f4nimo Rodrigues na disputa pelo governo da Bahia","datePublished":"2026-04-29T23:10:52+00:00","dateModified":"2026-04-29T23:10:53+00:00","mainEntityOfPage":{"@id":"https:\/\/maetinganoticias.com\/index.php\/2026\/04\/29\/pesquisa-quaest-aponta-empate-tecnico-entre-acm-neto-e-jeronimo-rodrigues-na-disputa-pelo-governo-da-bahia\/"},"wordCount":150,"commentCount":0,"publisher":{"@id":"https:\/\/maetinganoticias.com\/#organization"},"image":{"@id":"https:\/\/maetinganoticias.com\/index.php\/2026\/04\/29\/pesquisa-quaest-aponta-empate-tecnico-entre-acm-neto-e-jeronimo-rodrigues-na-disputa-pelo-governo-da-bahia\/#primaryimage"},"thumbnailUrl":"https:\/\/maetinganoticias.com\/wp-content\/uploads\/2026\/04\/WhatsApp-Image-2026-04-29-at-20.06.00.jpeg","articleSection":["Pol\u00edtica"],"inLanguage":"pt-BR","potentialAction":[{"@type":"CommentAction","name":"Comment","target":["https:\/\/maetinganoticias.com\/index.php\/2026\/04\/29\/pesquisa-quaest-aponta-empate-tecnico-entre-acm-neto-e-jeronimo-rodrigues-na-disputa-pelo-governo-da-bahia\/#respond"]}]},{"@type":"WebPage","@id":"https:\/\/maetinganoticias.com\/index.php\/2026\/04\/29\/pesquisa-quaest-aponta-empate-tecnico-entre-acm-neto-e-jeronimo-rodrigues-na-disputa-pelo-governo-da-bahia\/","url":"https:\/\/maetinganoticias.com\/index.php\/2026\/04\/29\/pesquisa-quaest-aponta-empate-tecnico-entre-acm-neto-e-jeronimo-rodrigues-na-disputa-pelo-governo-da-bahia\/","name":"Pesquisa Quaest aponta empate t\u00e9cnico entre ACM Neto e Jer\u00f4nimo Rodrigues na disputa pelo governo da Bahia - Maetinga Not\u00edcias","isPartOf":{"@id":"https:\/\/maetinganoticias.com\/#website"},"primaryImageOfPage":{"@id":"https:\/\/maetinganoticias.com\/index.php\/2026\/04\/29\/pesquisa-quaest-aponta-empate-tecnico-entre-acm-neto-e-jeronimo-rodrigues-na-disputa-pelo-governo-da-bahia\/#primaryimage"},"image":{"@id":"https:\/\/maetinganoticias.com\/index.php\/2026\/04\/29\/pesquisa-quaest-aponta-empate-tecnico-entre-acm-neto-e-jeronimo-rodrigues-na-disputa-pelo-governo-da-bahia\/#primaryimage"},"thumbnailUrl":"https:\/\/maetinganoticias.com\/wp-content\/uploads\/2026\/04\/WhatsApp-Image-2026-04-29-at-20.06.00.jpeg","datePublished":"2026-04-29T23:10:52+00:00","dateModified":"2026-04-29T23:10:53+00:00","breadcrumb":{"@id":"https:\/\/maetinganoticias.com\/index.php\/2026\/04\/29\/pesquisa-quaest-aponta-empate-tecnico-entre-acm-neto-e-jeronimo-rodrigues-na-disputa-pelo-governo-da-bahia\/#breadcrumb"},"inLanguage":"pt-BR","potentialAction":[{"@type":"ReadAction","target":["https:\/\/maetinganoticias.com\/index.php\/2026\/04\/29\/pesquisa-quaest-aponta-empate-tecnico-entre-acm-neto-e-jeronimo-rodrigues-na-disputa-pelo-governo-da-bahia\/"]}]},{"@type":"ImageObject","inLanguage":"pt-BR","@id":"https:\/\/maetinganoticias.com\/index.php\/2026\/04\/29\/pesquisa-quaest-aponta-empate-tecnico-entre-acm-neto-e-jeronimo-rodrigues-na-disputa-pelo-governo-da-bahia\/#primaryimage","url":"https:\/\/maetinganoticias.com\/wp-content\/uploads\/2026\/04\/WhatsApp-Image-2026-04-29-at-20.06.00.jpeg","contentUrl":"https:\/\/maetinganoticias.com\/wp-content\/uploads\/2026\/04\/WhatsApp-Image-2026-04-29-at-20.06.00.jpeg","width":595,"height":511,"caption":"Foto: Reprodu\u00e7\u00e3o"},{"@type":"BreadcrumbList","@id":"https:\/\/maetinganoticias.com\/index.php\/2026\/04\/29\/pesquisa-quaest-aponta-empate-tecnico-entre-acm-neto-e-jeronimo-rodrigues-na-disputa-pelo-governo-da-bahia\/#breadcrumb","itemListElement":[{"@type":"ListItem","position":1,"name":"In\u00edcio","item":"https:\/\/maetinganoticias.com\/"},{"@type":"ListItem","position":2,"name":"Pesquisa Quaest aponta empate t\u00e9cnico entre ACM Neto e Jer\u00f4nimo Rodrigues na disputa pelo governo da Bahia"}]},{"@type":"WebSite","@id":"https:\/\/maetinganoticias.com\/#website","url":"https:\/\/maetinganoticias.com\/","name":"Maetinga Not\u00edcias","description":"A Voz do Interior Baiano!","publisher":{"@id":"https:\/\/maetinganoticias.com\/#organization"},"potentialAction":[{"@type":"SearchAction","target":{"@type":"EntryPoint","urlTemplate":"https:\/\/maetinganoticias.com\/?s={search_term_string}"},"query-input":{"@type":"PropertyValueSpecification","valueRequired":true,"valueName":"search_term_string"}}],"inLanguage":"pt-BR"},{"@type":"Organization","@id":"https:\/\/maetinganoticias.com\/#organization","name":"Maetinga Not\u00edcias","url":"https:\/\/maetinganoticias.com\/","logo":{"@type":"ImageObject","inLanguage":"pt-BR","@id":"https:\/\/maetinganoticias.com\/#\/schema\/logo\/image\/","url":"https:\/\/maetinganoticias.com\/wp-content\/uploads\/2023\/07\/cropped-cropped-cropped-cropped-BUSINESS-3-42-1.png","contentUrl":"https:\/\/maetinganoticias.com\/wp-content\/uploads\/2023\/07\/cropped-cropped-cropped-cropped-BUSINESS-3-42-1.png","width":485,"height":109,"caption":"Maetinga Not\u00edcias"},"image":{"@id":"https:\/\/maetinganoticias.com\/#\/schema\/logo\/image\/"}},{"@type":"Person","@id":"https:\/\/maetinganoticias.com\/#\/schema\/person\/968cf95e67a6810fc7fb35bbc9016962","name":"Maetinga Not\u00edcias","image":{"@type":"ImageObject","inLanguage":"pt-BR","@id":"https:\/\/secure.gravatar.com\/avatar\/32e078313a5ca37a6c8d44e716ed4f9e87ecfde7222d2b88a1424bd49654f187?s=96&d=mm&r=g","url":"https:\/\/secure.gravatar.com\/avatar\/32e078313a5ca37a6c8d44e716ed4f9e87ecfde7222d2b88a1424bd49654f187?s=96&d=mm&r=g","contentUrl":"https:\/\/secure.gravatar.com\/avatar\/32e078313a5ca37a6c8d44e716ed4f9e87ecfde7222d2b88a1424bd49654f187?s=96&d=mm&r=g","caption":"Maetinga Not\u00edcias"},"description":"A voz do Interior Baiano!","sameAs":["https:\/\/maetinganoticias.com","https:\/\/www.instagram.com\/blogmaetinganoticias\/"],"url":"https:\/\/maetinganoticias.com\/index.php\/author\/carlosvianna13\/"}]}},"_links":{"self":[{"href":"https:\/\/maetinganoticias.com\/index.php\/wp-json\/wp\/v2\/posts\/12415","targetHints":{"allow":["GET"]}}],"collection":[{"href":"https:\/\/maetinganoticias.com\/index.php\/wp-json\/wp\/v2\/posts"}],"about":[{"href":"https:\/\/maetinganoticias.com\/index.php\/wp-json\/wp\/v2\/types\/post"}],"author":[{"embeddable":true,"href":"https:\/\/maetinganoticias.com\/index.php\/wp-json\/wp\/v2\/users\/1"}],"replies":[{"embeddable":true,"href":"https:\/\/maetinganoticias.com\/index.php\/wp-json\/wp\/v2\/comments?post=12415"}],"version-history":[{"count":1,"href":"https:\/\/maetinganoticias.com\/index.php\/wp-json\/wp\/v2\/posts\/12415\/revisions"}],"predecessor-version":[{"id":12417,"href":"https:\/\/maetinganoticias.com\/index.php\/wp-json\/wp\/v2\/posts\/12415\/revisions\/12417"}],"wp:featuredmedia":[{"embeddable":true,"href":"https:\/\/maetinganoticias.com\/index.php\/wp-json\/wp\/v2\/media\/12416"}],"wp:attachment":[{"href":"https:\/\/maetinganoticias.com\/index.php\/wp-json\/wp\/v2\/media?parent=12415"}],"wp:term":[{"taxonomy":"category","embeddable":true,"href":"https:\/\/maetinganoticias.com\/index.php\/wp-json\/wp\/v2\/categories?post=12415"},{"taxonomy":"post_tag","embeddable":true,"href":"https:\/\/maetinganoticias.com\/index.php\/wp-json\/wp\/v2\/tags?post=12415"}],"curies":[{"name":"wp","href":"https:\/\/api.w.org\/{rel}","templated":true}]}}