{"id":12391,"date":"2026-04-29T17:29:48","date_gmt":"2026-04-29T20:29:48","guid":{"rendered":"https:\/\/maetinganoticias.com\/?p=12391"},"modified":"2026-04-29T17:29:49","modified_gmt":"2026-04-29T20:29:49","slug":"tj-ba-nega-recurso-e-mantem-cassacao-de-vereador-de-ituacu-por-difamacao-contra-medico","status":"publish","type":"post","link":"https:\/\/maetinganoticias.com\/index.php\/2026\/04\/29\/tj-ba-nega-recurso-e-mantem-cassacao-de-vereador-de-ituacu-por-difamacao-contra-medico\/","title":{"rendered":"TJ-BA nega recurso e mant\u00e9m cassa\u00e7\u00e3o de vereador de Itua\u00e7u por difama\u00e7\u00e3o contra m\u00e9dico"},"content":{"rendered":"\n<p>O Tribunal de Justi\u00e7a da Bahia (TJ-BA) negou, nesta quarta-feira (29), o recurso interposto pela defesa do vereador Railan da Silva Oliveira (Uni\u00e3o Brasil), de Itua\u00e7u, no Sudoeste da Bahia, e manteve a cassa\u00e7\u00e3o do mandato dele por difama\u00e7\u00e3o. A informa\u00e7\u00e3o foi divulgada pelo <strong>Site Achei Sudoeste.<\/strong><\/p>\n\n\n\n<p>O processo teve origem ap\u00f3s o vereador publicar v\u00eddeos no Instagram, onde tem cerca de 1,8 mil seguidores, com declara\u00e7\u00f5es consideradas ofensivas ao m\u00e9dico Hugo Dutra Luz, do Hospital Municipal de Itua\u00e7u. Nas postagens, ele afirmava que o profissional se ausentava do trabalho durante o expediente para almo\u00e7os prolongados. A Justi\u00e7a entendeu que as cr\u00edticas atacaram a honra objetiva do servidor em raz\u00e3o do cargo.<\/p>\n\n\n\n<p>O desembargador Jos\u00e9 Alfredo Cerqueira da Silva concluiu que a conduta ultrapassou os limites da liberdade de express\u00e3o, pois as declara\u00e7\u00f5es foram direcionadas \u00e0 pessoa do m\u00e9dico, e n\u00e3o ao servi\u00e7o p\u00fablico de sa\u00fade em geral. A defesa alegou aus\u00eancia de dolo e erro de tipo, mas o ac\u00f3rd\u00e3o reconheceu que o r\u00e9u tinha ci\u00eancia do car\u00e1ter ofensivo das publica\u00e7\u00f5es e do potencial de dano \u00e0 imagem da v\u00edtima.<\/p>\n\n\n\n<p>A pena ficou fixada em 10 meses e 6 dias de deten\u00e7\u00e3o em regime aberto, al\u00e9m do pagamento de 29 dias-multa e indeniza\u00e7\u00e3o m\u00ednima de R$ 4 mil ao m\u00e9dico. Com a condena\u00e7\u00e3o definitiva, a Justi\u00e7a expediu of\u00edcio ao Tribunal Regional Eleitoral da Bahia (TRE-BA) para a suspens\u00e3o dos direitos pol\u00edticos do vereador.<\/p>\n\n\n\n<p>O juiz da comarca de Itua\u00e7u, Raimundo Saraiva Barreto Sobrinho, havia determinado na segunda-feira (27) que a presid\u00eancia da C\u00e2mara Municipal fosse comunicada para adotar as medidas de extin\u00e7\u00e3o do mandato. Railan foi eleito em 2024 com 749 votos, em seu primeiro mandato. Com a cassa\u00e7\u00e3o confirmada pelo TJ-BA, o suplente da legenda ser\u00e1 convocado para assumir a cadeira.<\/p>\n","protected":false},"excerpt":{"rendered":"<p>O Tribunal de Justi\u00e7a da Bahia (TJ-BA) negou, nesta quarta-feira (29), o recurso interposto pela defesa do vereador Railan da Silva Oliveira (Uni\u00e3o Brasil), de Itua\u00e7u, no Sudoeste da Bahia, e manteve a cassa\u00e7\u00e3o do mandato dele por difama\u00e7\u00e3o. A informa\u00e7\u00e3o foi divulgada pelo Site Achei Sudoeste. O processo teve origem ap\u00f3s o vereador publicar [&hellip;]<\/p>\n","protected":false},"author":1,"featured_media":12392,"comment_status":"open","ping_status":"open","sticky":false,"template":"","format":"standard","meta":{"om_disable_all_campaigns":false,"_monsterinsights_skip_tracking":false,"_monsterinsights_sitenote_active":false,"_monsterinsights_sitenote_note":"","_monsterinsights_sitenote_category":0,"_uf_show_specific_survey":0,"_uf_disable_surveys":false,"footnotes":""},"categories":[9],"tags":[],"class_list":{"0":"post-12391","1":"post","2":"type-post","3":"status-publish","4":"format-standard","5":"has-post-thumbnail","7":"category-ituacu"},"yoast_head":"<!-- This site is optimized with the Yoast SEO plugin v27.4 - https:\/\/yoast.com\/product\/yoast-seo-wordpress\/ -->\n<title>TJ-BA nega recurso e mant\u00e9m cassa\u00e7\u00e3o de vereador de Itua\u00e7u por difama\u00e7\u00e3o contra m\u00e9dico - Maetinga Not\u00edcias<\/title>\n<meta name=\"robots\" content=\"index, follow, max-snippet:-1, max-image-preview:large, max-video-preview:-1\" \/>\n<link rel=\"canonical\" href=\"https:\/\/maetinganoticias.com\/index.php\/2026\/04\/29\/tj-ba-nega-recurso-e-mantem-cassacao-de-vereador-de-ituacu-por-difamacao-contra-medico\/\" \/>\n<meta property=\"og:locale\" content=\"pt_BR\" \/>\n<meta property=\"og:type\" content=\"article\" \/>\n<meta property=\"og:title\" content=\"TJ-BA nega recurso e mant\u00e9m cassa\u00e7\u00e3o de vereador de Itua\u00e7u por difama\u00e7\u00e3o contra m\u00e9dico - Maetinga Not\u00edcias\" \/>\n<meta property=\"og:description\" content=\"O Tribunal de Justi\u00e7a da Bahia (TJ-BA) negou, nesta quarta-feira (29), o recurso interposto pela defesa do vereador Railan da Silva Oliveira (Uni\u00e3o Brasil), de Itua\u00e7u, no Sudoeste da Bahia, e manteve a cassa\u00e7\u00e3o do mandato dele por difama\u00e7\u00e3o. A informa\u00e7\u00e3o foi divulgada pelo Site Achei Sudoeste. O processo teve origem ap\u00f3s o vereador publicar [&hellip;]\" \/>\n<meta property=\"og:url\" content=\"https:\/\/maetinganoticias.com\/index.php\/2026\/04\/29\/tj-ba-nega-recurso-e-mantem-cassacao-de-vereador-de-ituacu-por-difamacao-contra-medico\/\" \/>\n<meta property=\"og:site_name\" content=\"Maetinga Not\u00edcias\" \/>\n<meta property=\"article:published_time\" content=\"2026-04-29T20:29:48+00:00\" \/>\n<meta property=\"article:modified_time\" content=\"2026-04-29T20:29:49+00:00\" \/>\n<meta property=\"og:image\" content=\"https:\/\/maetinganoticias.com\/wp-content\/uploads\/2026\/04\/2373-ituacu-railan-da-silva-oliveira.webp\" \/>\n\t<meta property=\"og:image:width\" content=\"750\" \/>\n\t<meta property=\"og:image:height\" content=\"500\" \/>\n\t<meta property=\"og:image:type\" content=\"image\/webp\" \/>\n<meta name=\"author\" content=\"Maetinga Not\u00edcias\" \/>\n<meta name=\"twitter:card\" content=\"summary_large_image\" \/>\n<meta name=\"twitter:label1\" content=\"Escrito por\" \/>\n\t<meta name=\"twitter:data1\" content=\"Maetinga Not\u00edcias\" \/>\n\t<meta name=\"twitter:label2\" content=\"Est. tempo de leitura\" \/>\n\t<meta name=\"twitter:data2\" content=\"2 minutos\" \/>\n<script type=\"application\/ld+json\" class=\"yoast-schema-graph\">{\"@context\":\"https:\\\/\\\/schema.org\",\"@graph\":[{\"@type\":[\"Article\",\"BlogPosting\"],\"@id\":\"https:\\\/\\\/maetinganoticias.com\\\/index.php\\\/2026\\\/04\\\/29\\\/tj-ba-nega-recurso-e-mantem-cassacao-de-vereador-de-ituacu-por-difamacao-contra-medico\\\/#article\",\"isPartOf\":{\"@id\":\"https:\\\/\\\/maetinganoticias.com\\\/index.php\\\/2026\\\/04\\\/29\\\/tj-ba-nega-recurso-e-mantem-cassacao-de-vereador-de-ituacu-por-difamacao-contra-medico\\\/\"},\"author\":{\"name\":\"Maetinga Not\u00edcias\",\"@id\":\"https:\\\/\\\/maetinganoticias.com\\\/#\\\/schema\\\/person\\\/968cf95e67a6810fc7fb35bbc9016962\"},\"headline\":\"TJ-BA nega recurso e mant\u00e9m cassa\u00e7\u00e3o de vereador de Itua\u00e7u por difama\u00e7\u00e3o contra m\u00e9dico\",\"datePublished\":\"2026-04-29T20:29:48+00:00\",\"dateModified\":\"2026-04-29T20:29:49+00:00\",\"mainEntityOfPage\":{\"@id\":\"https:\\\/\\\/maetinganoticias.com\\\/index.php\\\/2026\\\/04\\\/29\\\/tj-ba-nega-recurso-e-mantem-cassacao-de-vereador-de-ituacu-por-difamacao-contra-medico\\\/\"},\"wordCount\":346,\"commentCount\":0,\"publisher\":{\"@id\":\"https:\\\/\\\/maetinganoticias.com\\\/#organization\"},\"image\":{\"@id\":\"https:\\\/\\\/maetinganoticias.com\\\/index.php\\\/2026\\\/04\\\/29\\\/tj-ba-nega-recurso-e-mantem-cassacao-de-vereador-de-ituacu-por-difamacao-contra-medico\\\/#primaryimage\"},\"thumbnailUrl\":\"https:\\\/\\\/maetinganoticias.com\\\/wp-content\\\/uploads\\\/2026\\\/04\\\/2373-ituacu-railan-da-silva-oliveira.webp\",\"articleSection\":[\"Itua\u00e7u\"],\"inLanguage\":\"pt-BR\",\"potentialAction\":[{\"@type\":\"CommentAction\",\"name\":\"Comment\",\"target\":[\"https:\\\/\\\/maetinganoticias.com\\\/index.php\\\/2026\\\/04\\\/29\\\/tj-ba-nega-recurso-e-mantem-cassacao-de-vereador-de-ituacu-por-difamacao-contra-medico\\\/#respond\"]}]},{\"@type\":\"WebPage\",\"@id\":\"https:\\\/\\\/maetinganoticias.com\\\/index.php\\\/2026\\\/04\\\/29\\\/tj-ba-nega-recurso-e-mantem-cassacao-de-vereador-de-ituacu-por-difamacao-contra-medico\\\/\",\"url\":\"https:\\\/\\\/maetinganoticias.com\\\/index.php\\\/2026\\\/04\\\/29\\\/tj-ba-nega-recurso-e-mantem-cassacao-de-vereador-de-ituacu-por-difamacao-contra-medico\\\/\",\"name\":\"TJ-BA nega recurso e mant\u00e9m cassa\u00e7\u00e3o de vereador de Itua\u00e7u por difama\u00e7\u00e3o contra m\u00e9dico - Maetinga Not\u00edcias\",\"isPartOf\":{\"@id\":\"https:\\\/\\\/maetinganoticias.com\\\/#website\"},\"primaryImageOfPage\":{\"@id\":\"https:\\\/\\\/maetinganoticias.com\\\/index.php\\\/2026\\\/04\\\/29\\\/tj-ba-nega-recurso-e-mantem-cassacao-de-vereador-de-ituacu-por-difamacao-contra-medico\\\/#primaryimage\"},\"image\":{\"@id\":\"https:\\\/\\\/maetinganoticias.com\\\/index.php\\\/2026\\\/04\\\/29\\\/tj-ba-nega-recurso-e-mantem-cassacao-de-vereador-de-ituacu-por-difamacao-contra-medico\\\/#primaryimage\"},\"thumbnailUrl\":\"https:\\\/\\\/maetinganoticias.com\\\/wp-content\\\/uploads\\\/2026\\\/04\\\/2373-ituacu-railan-da-silva-oliveira.webp\",\"datePublished\":\"2026-04-29T20:29:48+00:00\",\"dateModified\":\"2026-04-29T20:29:49+00:00\",\"breadcrumb\":{\"@id\":\"https:\\\/\\\/maetinganoticias.com\\\/index.php\\\/2026\\\/04\\\/29\\\/tj-ba-nega-recurso-e-mantem-cassacao-de-vereador-de-ituacu-por-difamacao-contra-medico\\\/#breadcrumb\"},\"inLanguage\":\"pt-BR\",\"potentialAction\":[{\"@type\":\"ReadAction\",\"target\":[\"https:\\\/\\\/maetinganoticias.com\\\/index.php\\\/2026\\\/04\\\/29\\\/tj-ba-nega-recurso-e-mantem-cassacao-de-vereador-de-ituacu-por-difamacao-contra-medico\\\/\"]}]},{\"@type\":\"ImageObject\",\"inLanguage\":\"pt-BR\",\"@id\":\"https:\\\/\\\/maetinganoticias.com\\\/index.php\\\/2026\\\/04\\\/29\\\/tj-ba-nega-recurso-e-mantem-cassacao-de-vereador-de-ituacu-por-difamacao-contra-medico\\\/#primaryimage\",\"url\":\"https:\\\/\\\/maetinganoticias.com\\\/wp-content\\\/uploads\\\/2026\\\/04\\\/2373-ituacu-railan-da-silva-oliveira.webp\",\"contentUrl\":\"https:\\\/\\\/maetinganoticias.com\\\/wp-content\\\/uploads\\\/2026\\\/04\\\/2373-ituacu-railan-da-silva-oliveira.webp\",\"width\":750,\"height\":500,\"caption\":\"Foto: Lay Amorim\\\/Achei Sudoeste\"},{\"@type\":\"BreadcrumbList\",\"@id\":\"https:\\\/\\\/maetinganoticias.com\\\/index.php\\\/2026\\\/04\\\/29\\\/tj-ba-nega-recurso-e-mantem-cassacao-de-vereador-de-ituacu-por-difamacao-contra-medico\\\/#breadcrumb\",\"itemListElement\":[{\"@type\":\"ListItem\",\"position\":1,\"name\":\"In\u00edcio\",\"item\":\"https:\\\/\\\/maetinganoticias.com\\\/\"},{\"@type\":\"ListItem\",\"position\":2,\"name\":\"TJ-BA nega recurso e mant\u00e9m cassa\u00e7\u00e3o de vereador de Itua\u00e7u por difama\u00e7\u00e3o contra m\u00e9dico\"}]},{\"@type\":\"WebSite\",\"@id\":\"https:\\\/\\\/maetinganoticias.com\\\/#website\",\"url\":\"https:\\\/\\\/maetinganoticias.com\\\/\",\"name\":\"Maetinga Not\u00edcias\",\"description\":\"A Voz do Interior Baiano!\",\"publisher\":{\"@id\":\"https:\\\/\\\/maetinganoticias.com\\\/#organization\"},\"potentialAction\":[{\"@type\":\"SearchAction\",\"target\":{\"@type\":\"EntryPoint\",\"urlTemplate\":\"https:\\\/\\\/maetinganoticias.com\\\/?s={search_term_string}\"},\"query-input\":{\"@type\":\"PropertyValueSpecification\",\"valueRequired\":true,\"valueName\":\"search_term_string\"}}],\"inLanguage\":\"pt-BR\"},{\"@type\":\"Organization\",\"@id\":\"https:\\\/\\\/maetinganoticias.com\\\/#organization\",\"name\":\"Maetinga Not\u00edcias\",\"url\":\"https:\\\/\\\/maetinganoticias.com\\\/\",\"logo\":{\"@type\":\"ImageObject\",\"inLanguage\":\"pt-BR\",\"@id\":\"https:\\\/\\\/maetinganoticias.com\\\/#\\\/schema\\\/logo\\\/image\\\/\",\"url\":\"https:\\\/\\\/maetinganoticias.com\\\/wp-content\\\/uploads\\\/2023\\\/07\\\/cropped-cropped-cropped-cropped-BUSINESS-3-42-1.png\",\"contentUrl\":\"https:\\\/\\\/maetinganoticias.com\\\/wp-content\\\/uploads\\\/2023\\\/07\\\/cropped-cropped-cropped-cropped-BUSINESS-3-42-1.png\",\"width\":485,\"height\":109,\"caption\":\"Maetinga Not\u00edcias\"},\"image\":{\"@id\":\"https:\\\/\\\/maetinganoticias.com\\\/#\\\/schema\\\/logo\\\/image\\\/\"}},{\"@type\":\"Person\",\"@id\":\"https:\\\/\\\/maetinganoticias.com\\\/#\\\/schema\\\/person\\\/968cf95e67a6810fc7fb35bbc9016962\",\"name\":\"Maetinga Not\u00edcias\",\"image\":{\"@type\":\"ImageObject\",\"inLanguage\":\"pt-BR\",\"@id\":\"https:\\\/\\\/secure.gravatar.com\\\/avatar\\\/32e078313a5ca37a6c8d44e716ed4f9e87ecfde7222d2b88a1424bd49654f187?s=96&d=mm&r=g\",\"url\":\"https:\\\/\\\/secure.gravatar.com\\\/avatar\\\/32e078313a5ca37a6c8d44e716ed4f9e87ecfde7222d2b88a1424bd49654f187?s=96&d=mm&r=g\",\"contentUrl\":\"https:\\\/\\\/secure.gravatar.com\\\/avatar\\\/32e078313a5ca37a6c8d44e716ed4f9e87ecfde7222d2b88a1424bd49654f187?s=96&d=mm&r=g\",\"caption\":\"Maetinga Not\u00edcias\"},\"description\":\"A voz do Interior Baiano!\",\"sameAs\":[\"https:\\\/\\\/maetinganoticias.com\",\"https:\\\/\\\/www.instagram.com\\\/blogmaetinganoticias\\\/\"],\"url\":\"https:\\\/\\\/maetinganoticias.com\\\/index.php\\\/author\\\/carlosvianna13\\\/\"}]}<\/script>\n<!-- \/ Yoast SEO plugin. -->","yoast_head_json":{"title":"TJ-BA nega recurso e mant\u00e9m cassa\u00e7\u00e3o de vereador de Itua\u00e7u por difama\u00e7\u00e3o contra m\u00e9dico - Maetinga Not\u00edcias","robots":{"index":"index","follow":"follow","max-snippet":"max-snippet:-1","max-image-preview":"max-image-preview:large","max-video-preview":"max-video-preview:-1"},"canonical":"https:\/\/maetinganoticias.com\/index.php\/2026\/04\/29\/tj-ba-nega-recurso-e-mantem-cassacao-de-vereador-de-ituacu-por-difamacao-contra-medico\/","og_locale":"pt_BR","og_type":"article","og_title":"TJ-BA nega recurso e mant\u00e9m cassa\u00e7\u00e3o de vereador de Itua\u00e7u por difama\u00e7\u00e3o contra m\u00e9dico - Maetinga Not\u00edcias","og_description":"O Tribunal de Justi\u00e7a da Bahia (TJ-BA) negou, nesta quarta-feira (29), o recurso interposto pela defesa do vereador Railan da Silva Oliveira (Uni\u00e3o Brasil), de Itua\u00e7u, no Sudoeste da Bahia, e manteve a cassa\u00e7\u00e3o do mandato dele por difama\u00e7\u00e3o. A informa\u00e7\u00e3o foi divulgada pelo Site Achei Sudoeste. O processo teve origem ap\u00f3s o vereador publicar [&hellip;]","og_url":"https:\/\/maetinganoticias.com\/index.php\/2026\/04\/29\/tj-ba-nega-recurso-e-mantem-cassacao-de-vereador-de-ituacu-por-difamacao-contra-medico\/","og_site_name":"Maetinga Not\u00edcias","article_published_time":"2026-04-29T20:29:48+00:00","article_modified_time":"2026-04-29T20:29:49+00:00","og_image":[{"width":750,"height":500,"url":"https:\/\/maetinganoticias.com\/wp-content\/uploads\/2026\/04\/2373-ituacu-railan-da-silva-oliveira.webp","type":"image\/webp"}],"author":"Maetinga Not\u00edcias","twitter_card":"summary_large_image","twitter_misc":{"Escrito por":"Maetinga Not\u00edcias","Est. tempo de leitura":"2 minutos"},"schema":{"@context":"https:\/\/schema.org","@graph":[{"@type":["Article","BlogPosting"],"@id":"https:\/\/maetinganoticias.com\/index.php\/2026\/04\/29\/tj-ba-nega-recurso-e-mantem-cassacao-de-vereador-de-ituacu-por-difamacao-contra-medico\/#article","isPartOf":{"@id":"https:\/\/maetinganoticias.com\/index.php\/2026\/04\/29\/tj-ba-nega-recurso-e-mantem-cassacao-de-vereador-de-ituacu-por-difamacao-contra-medico\/"},"author":{"name":"Maetinga Not\u00edcias","@id":"https:\/\/maetinganoticias.com\/#\/schema\/person\/968cf95e67a6810fc7fb35bbc9016962"},"headline":"TJ-BA nega recurso e mant\u00e9m cassa\u00e7\u00e3o de vereador de Itua\u00e7u por difama\u00e7\u00e3o contra m\u00e9dico","datePublished":"2026-04-29T20:29:48+00:00","dateModified":"2026-04-29T20:29:49+00:00","mainEntityOfPage":{"@id":"https:\/\/maetinganoticias.com\/index.php\/2026\/04\/29\/tj-ba-nega-recurso-e-mantem-cassacao-de-vereador-de-ituacu-por-difamacao-contra-medico\/"},"wordCount":346,"commentCount":0,"publisher":{"@id":"https:\/\/maetinganoticias.com\/#organization"},"image":{"@id":"https:\/\/maetinganoticias.com\/index.php\/2026\/04\/29\/tj-ba-nega-recurso-e-mantem-cassacao-de-vereador-de-ituacu-por-difamacao-contra-medico\/#primaryimage"},"thumbnailUrl":"https:\/\/maetinganoticias.com\/wp-content\/uploads\/2026\/04\/2373-ituacu-railan-da-silva-oliveira.webp","articleSection":["Itua\u00e7u"],"inLanguage":"pt-BR","potentialAction":[{"@type":"CommentAction","name":"Comment","target":["https:\/\/maetinganoticias.com\/index.php\/2026\/04\/29\/tj-ba-nega-recurso-e-mantem-cassacao-de-vereador-de-ituacu-por-difamacao-contra-medico\/#respond"]}]},{"@type":"WebPage","@id":"https:\/\/maetinganoticias.com\/index.php\/2026\/04\/29\/tj-ba-nega-recurso-e-mantem-cassacao-de-vereador-de-ituacu-por-difamacao-contra-medico\/","url":"https:\/\/maetinganoticias.com\/index.php\/2026\/04\/29\/tj-ba-nega-recurso-e-mantem-cassacao-de-vereador-de-ituacu-por-difamacao-contra-medico\/","name":"TJ-BA nega recurso e mant\u00e9m cassa\u00e7\u00e3o de vereador de Itua\u00e7u por difama\u00e7\u00e3o contra m\u00e9dico - Maetinga Not\u00edcias","isPartOf":{"@id":"https:\/\/maetinganoticias.com\/#website"},"primaryImageOfPage":{"@id":"https:\/\/maetinganoticias.com\/index.php\/2026\/04\/29\/tj-ba-nega-recurso-e-mantem-cassacao-de-vereador-de-ituacu-por-difamacao-contra-medico\/#primaryimage"},"image":{"@id":"https:\/\/maetinganoticias.com\/index.php\/2026\/04\/29\/tj-ba-nega-recurso-e-mantem-cassacao-de-vereador-de-ituacu-por-difamacao-contra-medico\/#primaryimage"},"thumbnailUrl":"https:\/\/maetinganoticias.com\/wp-content\/uploads\/2026\/04\/2373-ituacu-railan-da-silva-oliveira.webp","datePublished":"2026-04-29T20:29:48+00:00","dateModified":"2026-04-29T20:29:49+00:00","breadcrumb":{"@id":"https:\/\/maetinganoticias.com\/index.php\/2026\/04\/29\/tj-ba-nega-recurso-e-mantem-cassacao-de-vereador-de-ituacu-por-difamacao-contra-medico\/#breadcrumb"},"inLanguage":"pt-BR","potentialAction":[{"@type":"ReadAction","target":["https:\/\/maetinganoticias.com\/index.php\/2026\/04\/29\/tj-ba-nega-recurso-e-mantem-cassacao-de-vereador-de-ituacu-por-difamacao-contra-medico\/"]}]},{"@type":"ImageObject","inLanguage":"pt-BR","@id":"https:\/\/maetinganoticias.com\/index.php\/2026\/04\/29\/tj-ba-nega-recurso-e-mantem-cassacao-de-vereador-de-ituacu-por-difamacao-contra-medico\/#primaryimage","url":"https:\/\/maetinganoticias.com\/wp-content\/uploads\/2026\/04\/2373-ituacu-railan-da-silva-oliveira.webp","contentUrl":"https:\/\/maetinganoticias.com\/wp-content\/uploads\/2026\/04\/2373-ituacu-railan-da-silva-oliveira.webp","width":750,"height":500,"caption":"Foto: Lay Amorim\/Achei Sudoeste"},{"@type":"BreadcrumbList","@id":"https:\/\/maetinganoticias.com\/index.php\/2026\/04\/29\/tj-ba-nega-recurso-e-mantem-cassacao-de-vereador-de-ituacu-por-difamacao-contra-medico\/#breadcrumb","itemListElement":[{"@type":"ListItem","position":1,"name":"In\u00edcio","item":"https:\/\/maetinganoticias.com\/"},{"@type":"ListItem","position":2,"name":"TJ-BA nega recurso e mant\u00e9m cassa\u00e7\u00e3o de vereador de Itua\u00e7u por difama\u00e7\u00e3o contra m\u00e9dico"}]},{"@type":"WebSite","@id":"https:\/\/maetinganoticias.com\/#website","url":"https:\/\/maetinganoticias.com\/","name":"Maetinga Not\u00edcias","description":"A Voz do Interior Baiano!","publisher":{"@id":"https:\/\/maetinganoticias.com\/#organization"},"potentialAction":[{"@type":"SearchAction","target":{"@type":"EntryPoint","urlTemplate":"https:\/\/maetinganoticias.com\/?s={search_term_string}"},"query-input":{"@type":"PropertyValueSpecification","valueRequired":true,"valueName":"search_term_string"}}],"inLanguage":"pt-BR"},{"@type":"Organization","@id":"https:\/\/maetinganoticias.com\/#organization","name":"Maetinga Not\u00edcias","url":"https:\/\/maetinganoticias.com\/","logo":{"@type":"ImageObject","inLanguage":"pt-BR","@id":"https:\/\/maetinganoticias.com\/#\/schema\/logo\/image\/","url":"https:\/\/maetinganoticias.com\/wp-content\/uploads\/2023\/07\/cropped-cropped-cropped-cropped-BUSINESS-3-42-1.png","contentUrl":"https:\/\/maetinganoticias.com\/wp-content\/uploads\/2023\/07\/cropped-cropped-cropped-cropped-BUSINESS-3-42-1.png","width":485,"height":109,"caption":"Maetinga Not\u00edcias"},"image":{"@id":"https:\/\/maetinganoticias.com\/#\/schema\/logo\/image\/"}},{"@type":"Person","@id":"https:\/\/maetinganoticias.com\/#\/schema\/person\/968cf95e67a6810fc7fb35bbc9016962","name":"Maetinga Not\u00edcias","image":{"@type":"ImageObject","inLanguage":"pt-BR","@id":"https:\/\/secure.gravatar.com\/avatar\/32e078313a5ca37a6c8d44e716ed4f9e87ecfde7222d2b88a1424bd49654f187?s=96&d=mm&r=g","url":"https:\/\/secure.gravatar.com\/avatar\/32e078313a5ca37a6c8d44e716ed4f9e87ecfde7222d2b88a1424bd49654f187?s=96&d=mm&r=g","contentUrl":"https:\/\/secure.gravatar.com\/avatar\/32e078313a5ca37a6c8d44e716ed4f9e87ecfde7222d2b88a1424bd49654f187?s=96&d=mm&r=g","caption":"Maetinga Not\u00edcias"},"description":"A voz do Interior Baiano!","sameAs":["https:\/\/maetinganoticias.com","https:\/\/www.instagram.com\/blogmaetinganoticias\/"],"url":"https:\/\/maetinganoticias.com\/index.php\/author\/carlosvianna13\/"}]}},"_links":{"self":[{"href":"https:\/\/maetinganoticias.com\/index.php\/wp-json\/wp\/v2\/posts\/12391","targetHints":{"allow":["GET"]}}],"collection":[{"href":"https:\/\/maetinganoticias.com\/index.php\/wp-json\/wp\/v2\/posts"}],"about":[{"href":"https:\/\/maetinganoticias.com\/index.php\/wp-json\/wp\/v2\/types\/post"}],"author":[{"embeddable":true,"href":"https:\/\/maetinganoticias.com\/index.php\/wp-json\/wp\/v2\/users\/1"}],"replies":[{"embeddable":true,"href":"https:\/\/maetinganoticias.com\/index.php\/wp-json\/wp\/v2\/comments?post=12391"}],"version-history":[{"count":1,"href":"https:\/\/maetinganoticias.com\/index.php\/wp-json\/wp\/v2\/posts\/12391\/revisions"}],"predecessor-version":[{"id":12393,"href":"https:\/\/maetinganoticias.com\/index.php\/wp-json\/wp\/v2\/posts\/12391\/revisions\/12393"}],"wp:featuredmedia":[{"embeddable":true,"href":"https:\/\/maetinganoticias.com\/index.php\/wp-json\/wp\/v2\/media\/12392"}],"wp:attachment":[{"href":"https:\/\/maetinganoticias.com\/index.php\/wp-json\/wp\/v2\/media?parent=12391"}],"wp:term":[{"taxonomy":"category","embeddable":true,"href":"https:\/\/maetinganoticias.com\/index.php\/wp-json\/wp\/v2\/categories?post=12391"},{"taxonomy":"post_tag","embeddable":true,"href":"https:\/\/maetinganoticias.com\/index.php\/wp-json\/wp\/v2\/tags?post=12391"}],"curies":[{"name":"wp","href":"https:\/\/api.w.org\/{rel}","templated":true}]}}