{"id":12388,"date":"2026-04-28T20:32:22","date_gmt":"2026-04-28T23:32:22","guid":{"rendered":"https:\/\/maetinganoticias.com\/?p=12388"},"modified":"2026-04-28T20:32:23","modified_gmt":"2026-04-28T23:32:23","slug":"caraibas-fortalece-cultura-local-com-novos-investimentos-e-oficina-inedita-de-percussao","status":"publish","type":"post","link":"https:\/\/maetinganoticias.com\/index.php\/2026\/04\/28\/caraibas-fortalece-cultura-local-com-novos-investimentos-e-oficina-inedita-de-percussao\/","title":{"rendered":"Cara\u00edbas fortalece cultura local com novos investimentos e oficina in\u00e9dita de percuss\u00e3o"},"content":{"rendered":"\n<p>A Prefeitura de Cara\u00edbas anunciou importantes avan\u00e7os para o fortalecimento da cultura no munic\u00edpio, com a\u00e7\u00f5es que prometem ampliar o acesso \u00e0 arte e incentivar novos talentos. Entre as novidades est\u00e3o a aquisi\u00e7\u00e3o de instrumentos musicais e a realiza\u00e7\u00e3o da primeira oficina de percuss\u00e3o da hist\u00f3ria da cidade.<\/p>\n\n\n\n<p>Com investimento superior a R$ 13 mil, viabilizado por meio da Lei Aldir Blanc, o munic\u00edpio adquiriu diversos instrumentos de percuss\u00e3o. O material passa a integrar o acervo cultural local e ser\u00e1 utilizado em apresenta\u00e7\u00f5es, eventos e projetos voltados \u00e0 valoriza\u00e7\u00e3o da m\u00fasica e das tradi\u00e7\u00f5es populares.<\/p>\n\n\n\n<p>Al\u00e9m disso, a gest\u00e3o municipal tamb\u00e9m anunciou a cria\u00e7\u00e3o de uma oficina de percuss\u00e3o, iniciativa in\u00e9dita que ser\u00e1 aberta a jovens, adultos e m\u00fasicos da comunidade. A proposta \u00e9 oferecer forma\u00e7\u00e3o art\u00edstica, estimular a criatividade e fortalecer a identidade cultural de Cara\u00edbas, incentivando a participa\u00e7\u00e3o popular.<\/p>\n\n\n\n<p>De acordo com a Coordena\u00e7\u00e3o de Cultura, as a\u00e7\u00f5es refletem o compromisso da administra\u00e7\u00e3o municipal em promover pol\u00edticas p\u00fablicas que democratizem o acesso \u00e0 cultura. A expectativa \u00e9 de que os investimentos gerem novas oportunidades, al\u00e9m de impulsionar o cen\u00e1rio art\u00edstico local.<\/p>\n\n\n\n<p>Com essas iniciativas, Cara\u00edbas d\u00e1 mais um passo importante na valoriza\u00e7\u00e3o da cultura e no incentivo \u00e0 express\u00e3o art\u00edstica, reafirmando seu potencial criativo e a for\u00e7a de sua comunidade. <\/p>\n","protected":false},"excerpt":{"rendered":"<p>A Prefeitura de Cara\u00edbas anunciou importantes avan\u00e7os para o fortalecimento da cultura no munic\u00edpio, com a\u00e7\u00f5es que prometem ampliar o acesso \u00e0 arte e incentivar novos talentos. Entre as novidades est\u00e3o a aquisi\u00e7\u00e3o de instrumentos musicais e a realiza\u00e7\u00e3o da primeira oficina de percuss\u00e3o da hist\u00f3ria da cidade. Com investimento superior a R$ 13 mil, [&hellip;]<\/p>\n","protected":false},"author":1,"featured_media":12389,"comment_status":"open","ping_status":"open","sticky":false,"template":"","format":"standard","meta":{"om_disable_all_campaigns":false,"_monsterinsights_skip_tracking":false,"_monsterinsights_sitenote_active":false,"_monsterinsights_sitenote_note":"","_monsterinsights_sitenote_category":0,"_uf_show_specific_survey":0,"_uf_disable_surveys":false,"footnotes":""},"categories":[189],"tags":[],"class_list":{"0":"post-12388","1":"post","2":"type-post","3":"status-publish","4":"format-standard","5":"has-post-thumbnail","7":"category-caraibas"},"yoast_head":"<!-- This site is optimized with the Yoast SEO plugin v27.4 - https:\/\/yoast.com\/product\/yoast-seo-wordpress\/ -->\n<title>Cara\u00edbas fortalece cultura local com novos investimentos e oficina in\u00e9dita de percuss\u00e3o - Maetinga Not\u00edcias<\/title>\n<meta name=\"robots\" content=\"index, follow, max-snippet:-1, max-image-preview:large, max-video-preview:-1\" \/>\n<link rel=\"canonical\" href=\"https:\/\/maetinganoticias.com\/index.php\/2026\/04\/28\/caraibas-fortalece-cultura-local-com-novos-investimentos-e-oficina-inedita-de-percussao\/\" \/>\n<meta property=\"og:locale\" content=\"pt_BR\" \/>\n<meta property=\"og:type\" content=\"article\" \/>\n<meta property=\"og:title\" content=\"Cara\u00edbas fortalece cultura local com novos investimentos e oficina in\u00e9dita de percuss\u00e3o - Maetinga Not\u00edcias\" \/>\n<meta property=\"og:description\" content=\"A Prefeitura de Cara\u00edbas anunciou importantes avan\u00e7os para o fortalecimento da cultura no munic\u00edpio, com a\u00e7\u00f5es que prometem ampliar o acesso \u00e0 arte e incentivar novos talentos. Entre as novidades est\u00e3o a aquisi\u00e7\u00e3o de instrumentos musicais e a realiza\u00e7\u00e3o da primeira oficina de percuss\u00e3o da hist\u00f3ria da cidade. Com investimento superior a R$ 13 mil, [&hellip;]\" \/>\n<meta property=\"og:url\" content=\"https:\/\/maetinganoticias.com\/index.php\/2026\/04\/28\/caraibas-fortalece-cultura-local-com-novos-investimentos-e-oficina-inedita-de-percussao\/\" \/>\n<meta property=\"og:site_name\" content=\"Maetinga Not\u00edcias\" \/>\n<meta property=\"article:published_time\" content=\"2026-04-28T23:32:22+00:00\" \/>\n<meta property=\"article:modified_time\" content=\"2026-04-28T23:32:23+00:00\" \/>\n<meta property=\"og:image\" content=\"https:\/\/maetinganoticias.com\/wp-content\/uploads\/2026\/04\/WhatsApp-Image-2026-04-28-at-20.31.22.jpeg\" \/>\n\t<meta property=\"og:image:width\" content=\"1182\" \/>\n\t<meta property=\"og:image:height\" content=\"1600\" \/>\n\t<meta property=\"og:image:type\" content=\"image\/jpeg\" \/>\n<meta name=\"author\" content=\"Maetinga Not\u00edcias\" \/>\n<meta name=\"twitter:card\" content=\"summary_large_image\" \/>\n<meta name=\"twitter:label1\" content=\"Escrito por\" \/>\n\t<meta name=\"twitter:data1\" content=\"Maetinga Not\u00edcias\" \/>\n\t<meta name=\"twitter:label2\" content=\"Est. tempo de leitura\" \/>\n\t<meta name=\"twitter:data2\" content=\"2 minutos\" \/>\n<script type=\"application\/ld+json\" class=\"yoast-schema-graph\">{\"@context\":\"https:\\\/\\\/schema.org\",\"@graph\":[{\"@type\":[\"Article\",\"BlogPosting\"],\"@id\":\"https:\\\/\\\/maetinganoticias.com\\\/index.php\\\/2026\\\/04\\\/28\\\/caraibas-fortalece-cultura-local-com-novos-investimentos-e-oficina-inedita-de-percussao\\\/#article\",\"isPartOf\":{\"@id\":\"https:\\\/\\\/maetinganoticias.com\\\/index.php\\\/2026\\\/04\\\/28\\\/caraibas-fortalece-cultura-local-com-novos-investimentos-e-oficina-inedita-de-percussao\\\/\"},\"author\":{\"name\":\"Maetinga Not\u00edcias\",\"@id\":\"https:\\\/\\\/maetinganoticias.com\\\/#\\\/schema\\\/person\\\/968cf95e67a6810fc7fb35bbc9016962\"},\"headline\":\"Cara\u00edbas fortalece cultura local com novos investimentos e oficina in\u00e9dita de percuss\u00e3o\",\"datePublished\":\"2026-04-28T23:32:22+00:00\",\"dateModified\":\"2026-04-28T23:32:23+00:00\",\"mainEntityOfPage\":{\"@id\":\"https:\\\/\\\/maetinganoticias.com\\\/index.php\\\/2026\\\/04\\\/28\\\/caraibas-fortalece-cultura-local-com-novos-investimentos-e-oficina-inedita-de-percussao\\\/\"},\"wordCount\":259,\"commentCount\":0,\"publisher\":{\"@id\":\"https:\\\/\\\/maetinganoticias.com\\\/#organization\"},\"image\":{\"@id\":\"https:\\\/\\\/maetinganoticias.com\\\/index.php\\\/2026\\\/04\\\/28\\\/caraibas-fortalece-cultura-local-com-novos-investimentos-e-oficina-inedita-de-percussao\\\/#primaryimage\"},\"thumbnailUrl\":\"https:\\\/\\\/maetinganoticias.com\\\/wp-content\\\/uploads\\\/2026\\\/04\\\/WhatsApp-Image-2026-04-28-at-20.31.22.jpeg\",\"articleSection\":[\"Cara\u00edbas\"],\"inLanguage\":\"pt-BR\",\"potentialAction\":[{\"@type\":\"CommentAction\",\"name\":\"Comment\",\"target\":[\"https:\\\/\\\/maetinganoticias.com\\\/index.php\\\/2026\\\/04\\\/28\\\/caraibas-fortalece-cultura-local-com-novos-investimentos-e-oficina-inedita-de-percussao\\\/#respond\"]}]},{\"@type\":\"WebPage\",\"@id\":\"https:\\\/\\\/maetinganoticias.com\\\/index.php\\\/2026\\\/04\\\/28\\\/caraibas-fortalece-cultura-local-com-novos-investimentos-e-oficina-inedita-de-percussao\\\/\",\"url\":\"https:\\\/\\\/maetinganoticias.com\\\/index.php\\\/2026\\\/04\\\/28\\\/caraibas-fortalece-cultura-local-com-novos-investimentos-e-oficina-inedita-de-percussao\\\/\",\"name\":\"Cara\u00edbas fortalece cultura local com novos investimentos e oficina in\u00e9dita de percuss\u00e3o - Maetinga Not\u00edcias\",\"isPartOf\":{\"@id\":\"https:\\\/\\\/maetinganoticias.com\\\/#website\"},\"primaryImageOfPage\":{\"@id\":\"https:\\\/\\\/maetinganoticias.com\\\/index.php\\\/2026\\\/04\\\/28\\\/caraibas-fortalece-cultura-local-com-novos-investimentos-e-oficina-inedita-de-percussao\\\/#primaryimage\"},\"image\":{\"@id\":\"https:\\\/\\\/maetinganoticias.com\\\/index.php\\\/2026\\\/04\\\/28\\\/caraibas-fortalece-cultura-local-com-novos-investimentos-e-oficina-inedita-de-percussao\\\/#primaryimage\"},\"thumbnailUrl\":\"https:\\\/\\\/maetinganoticias.com\\\/wp-content\\\/uploads\\\/2026\\\/04\\\/WhatsApp-Image-2026-04-28-at-20.31.22.jpeg\",\"datePublished\":\"2026-04-28T23:32:22+00:00\",\"dateModified\":\"2026-04-28T23:32:23+00:00\",\"breadcrumb\":{\"@id\":\"https:\\\/\\\/maetinganoticias.com\\\/index.php\\\/2026\\\/04\\\/28\\\/caraibas-fortalece-cultura-local-com-novos-investimentos-e-oficina-inedita-de-percussao\\\/#breadcrumb\"},\"inLanguage\":\"pt-BR\",\"potentialAction\":[{\"@type\":\"ReadAction\",\"target\":[\"https:\\\/\\\/maetinganoticias.com\\\/index.php\\\/2026\\\/04\\\/28\\\/caraibas-fortalece-cultura-local-com-novos-investimentos-e-oficina-inedita-de-percussao\\\/\"]}]},{\"@type\":\"ImageObject\",\"inLanguage\":\"pt-BR\",\"@id\":\"https:\\\/\\\/maetinganoticias.com\\\/index.php\\\/2026\\\/04\\\/28\\\/caraibas-fortalece-cultura-local-com-novos-investimentos-e-oficina-inedita-de-percussao\\\/#primaryimage\",\"url\":\"https:\\\/\\\/maetinganoticias.com\\\/wp-content\\\/uploads\\\/2026\\\/04\\\/WhatsApp-Image-2026-04-28-at-20.31.22.jpeg\",\"contentUrl\":\"https:\\\/\\\/maetinganoticias.com\\\/wp-content\\\/uploads\\\/2026\\\/04\\\/WhatsApp-Image-2026-04-28-at-20.31.22.jpeg\",\"width\":1182,\"height\":1600},{\"@type\":\"BreadcrumbList\",\"@id\":\"https:\\\/\\\/maetinganoticias.com\\\/index.php\\\/2026\\\/04\\\/28\\\/caraibas-fortalece-cultura-local-com-novos-investimentos-e-oficina-inedita-de-percussao\\\/#breadcrumb\",\"itemListElement\":[{\"@type\":\"ListItem\",\"position\":1,\"name\":\"In\u00edcio\",\"item\":\"https:\\\/\\\/maetinganoticias.com\\\/\"},{\"@type\":\"ListItem\",\"position\":2,\"name\":\"Cara\u00edbas fortalece cultura local com novos investimentos e oficina in\u00e9dita de percuss\u00e3o\"}]},{\"@type\":\"WebSite\",\"@id\":\"https:\\\/\\\/maetinganoticias.com\\\/#website\",\"url\":\"https:\\\/\\\/maetinganoticias.com\\\/\",\"name\":\"Maetinga Not\u00edcias\",\"description\":\"A Voz do Interior Baiano!\",\"publisher\":{\"@id\":\"https:\\\/\\\/maetinganoticias.com\\\/#organization\"},\"potentialAction\":[{\"@type\":\"SearchAction\",\"target\":{\"@type\":\"EntryPoint\",\"urlTemplate\":\"https:\\\/\\\/maetinganoticias.com\\\/?s={search_term_string}\"},\"query-input\":{\"@type\":\"PropertyValueSpecification\",\"valueRequired\":true,\"valueName\":\"search_term_string\"}}],\"inLanguage\":\"pt-BR\"},{\"@type\":\"Organization\",\"@id\":\"https:\\\/\\\/maetinganoticias.com\\\/#organization\",\"name\":\"Maetinga Not\u00edcias\",\"url\":\"https:\\\/\\\/maetinganoticias.com\\\/\",\"logo\":{\"@type\":\"ImageObject\",\"inLanguage\":\"pt-BR\",\"@id\":\"https:\\\/\\\/maetinganoticias.com\\\/#\\\/schema\\\/logo\\\/image\\\/\",\"url\":\"https:\\\/\\\/maetinganoticias.com\\\/wp-content\\\/uploads\\\/2023\\\/07\\\/cropped-cropped-cropped-cropped-BUSINESS-3-42-1.png\",\"contentUrl\":\"https:\\\/\\\/maetinganoticias.com\\\/wp-content\\\/uploads\\\/2023\\\/07\\\/cropped-cropped-cropped-cropped-BUSINESS-3-42-1.png\",\"width\":485,\"height\":109,\"caption\":\"Maetinga Not\u00edcias\"},\"image\":{\"@id\":\"https:\\\/\\\/maetinganoticias.com\\\/#\\\/schema\\\/logo\\\/image\\\/\"}},{\"@type\":\"Person\",\"@id\":\"https:\\\/\\\/maetinganoticias.com\\\/#\\\/schema\\\/person\\\/968cf95e67a6810fc7fb35bbc9016962\",\"name\":\"Maetinga Not\u00edcias\",\"image\":{\"@type\":\"ImageObject\",\"inLanguage\":\"pt-BR\",\"@id\":\"https:\\\/\\\/secure.gravatar.com\\\/avatar\\\/32e078313a5ca37a6c8d44e716ed4f9e87ecfde7222d2b88a1424bd49654f187?s=96&d=mm&r=g\",\"url\":\"https:\\\/\\\/secure.gravatar.com\\\/avatar\\\/32e078313a5ca37a6c8d44e716ed4f9e87ecfde7222d2b88a1424bd49654f187?s=96&d=mm&r=g\",\"contentUrl\":\"https:\\\/\\\/secure.gravatar.com\\\/avatar\\\/32e078313a5ca37a6c8d44e716ed4f9e87ecfde7222d2b88a1424bd49654f187?s=96&d=mm&r=g\",\"caption\":\"Maetinga Not\u00edcias\"},\"description\":\"A voz do Interior Baiano!\",\"sameAs\":[\"https:\\\/\\\/maetinganoticias.com\",\"https:\\\/\\\/www.instagram.com\\\/blogmaetinganoticias\\\/\"],\"url\":\"https:\\\/\\\/maetinganoticias.com\\\/index.php\\\/author\\\/carlosvianna13\\\/\"}]}<\/script>\n<!-- \/ Yoast SEO plugin. -->","yoast_head_json":{"title":"Cara\u00edbas fortalece cultura local com novos investimentos e oficina in\u00e9dita de percuss\u00e3o - Maetinga Not\u00edcias","robots":{"index":"index","follow":"follow","max-snippet":"max-snippet:-1","max-image-preview":"max-image-preview:large","max-video-preview":"max-video-preview:-1"},"canonical":"https:\/\/maetinganoticias.com\/index.php\/2026\/04\/28\/caraibas-fortalece-cultura-local-com-novos-investimentos-e-oficina-inedita-de-percussao\/","og_locale":"pt_BR","og_type":"article","og_title":"Cara\u00edbas fortalece cultura local com novos investimentos e oficina in\u00e9dita de percuss\u00e3o - Maetinga Not\u00edcias","og_description":"A Prefeitura de Cara\u00edbas anunciou importantes avan\u00e7os para o fortalecimento da cultura no munic\u00edpio, com a\u00e7\u00f5es que prometem ampliar o acesso \u00e0 arte e incentivar novos talentos. Entre as novidades est\u00e3o a aquisi\u00e7\u00e3o de instrumentos musicais e a realiza\u00e7\u00e3o da primeira oficina de percuss\u00e3o da hist\u00f3ria da cidade. Com investimento superior a R$ 13 mil, [&hellip;]","og_url":"https:\/\/maetinganoticias.com\/index.php\/2026\/04\/28\/caraibas-fortalece-cultura-local-com-novos-investimentos-e-oficina-inedita-de-percussao\/","og_site_name":"Maetinga Not\u00edcias","article_published_time":"2026-04-28T23:32:22+00:00","article_modified_time":"2026-04-28T23:32:23+00:00","og_image":[{"width":1182,"height":1600,"url":"https:\/\/maetinganoticias.com\/wp-content\/uploads\/2026\/04\/WhatsApp-Image-2026-04-28-at-20.31.22.jpeg","type":"image\/jpeg"}],"author":"Maetinga Not\u00edcias","twitter_card":"summary_large_image","twitter_misc":{"Escrito por":"Maetinga Not\u00edcias","Est. tempo de leitura":"2 minutos"},"schema":{"@context":"https:\/\/schema.org","@graph":[{"@type":["Article","BlogPosting"],"@id":"https:\/\/maetinganoticias.com\/index.php\/2026\/04\/28\/caraibas-fortalece-cultura-local-com-novos-investimentos-e-oficina-inedita-de-percussao\/#article","isPartOf":{"@id":"https:\/\/maetinganoticias.com\/index.php\/2026\/04\/28\/caraibas-fortalece-cultura-local-com-novos-investimentos-e-oficina-inedita-de-percussao\/"},"author":{"name":"Maetinga Not\u00edcias","@id":"https:\/\/maetinganoticias.com\/#\/schema\/person\/968cf95e67a6810fc7fb35bbc9016962"},"headline":"Cara\u00edbas fortalece cultura local com novos investimentos e oficina in\u00e9dita de percuss\u00e3o","datePublished":"2026-04-28T23:32:22+00:00","dateModified":"2026-04-28T23:32:23+00:00","mainEntityOfPage":{"@id":"https:\/\/maetinganoticias.com\/index.php\/2026\/04\/28\/caraibas-fortalece-cultura-local-com-novos-investimentos-e-oficina-inedita-de-percussao\/"},"wordCount":259,"commentCount":0,"publisher":{"@id":"https:\/\/maetinganoticias.com\/#organization"},"image":{"@id":"https:\/\/maetinganoticias.com\/index.php\/2026\/04\/28\/caraibas-fortalece-cultura-local-com-novos-investimentos-e-oficina-inedita-de-percussao\/#primaryimage"},"thumbnailUrl":"https:\/\/maetinganoticias.com\/wp-content\/uploads\/2026\/04\/WhatsApp-Image-2026-04-28-at-20.31.22.jpeg","articleSection":["Cara\u00edbas"],"inLanguage":"pt-BR","potentialAction":[{"@type":"CommentAction","name":"Comment","target":["https:\/\/maetinganoticias.com\/index.php\/2026\/04\/28\/caraibas-fortalece-cultura-local-com-novos-investimentos-e-oficina-inedita-de-percussao\/#respond"]}]},{"@type":"WebPage","@id":"https:\/\/maetinganoticias.com\/index.php\/2026\/04\/28\/caraibas-fortalece-cultura-local-com-novos-investimentos-e-oficina-inedita-de-percussao\/","url":"https:\/\/maetinganoticias.com\/index.php\/2026\/04\/28\/caraibas-fortalece-cultura-local-com-novos-investimentos-e-oficina-inedita-de-percussao\/","name":"Cara\u00edbas fortalece cultura local com novos investimentos e oficina in\u00e9dita de percuss\u00e3o - Maetinga Not\u00edcias","isPartOf":{"@id":"https:\/\/maetinganoticias.com\/#website"},"primaryImageOfPage":{"@id":"https:\/\/maetinganoticias.com\/index.php\/2026\/04\/28\/caraibas-fortalece-cultura-local-com-novos-investimentos-e-oficina-inedita-de-percussao\/#primaryimage"},"image":{"@id":"https:\/\/maetinganoticias.com\/index.php\/2026\/04\/28\/caraibas-fortalece-cultura-local-com-novos-investimentos-e-oficina-inedita-de-percussao\/#primaryimage"},"thumbnailUrl":"https:\/\/maetinganoticias.com\/wp-content\/uploads\/2026\/04\/WhatsApp-Image-2026-04-28-at-20.31.22.jpeg","datePublished":"2026-04-28T23:32:22+00:00","dateModified":"2026-04-28T23:32:23+00:00","breadcrumb":{"@id":"https:\/\/maetinganoticias.com\/index.php\/2026\/04\/28\/caraibas-fortalece-cultura-local-com-novos-investimentos-e-oficina-inedita-de-percussao\/#breadcrumb"},"inLanguage":"pt-BR","potentialAction":[{"@type":"ReadAction","target":["https:\/\/maetinganoticias.com\/index.php\/2026\/04\/28\/caraibas-fortalece-cultura-local-com-novos-investimentos-e-oficina-inedita-de-percussao\/"]}]},{"@type":"ImageObject","inLanguage":"pt-BR","@id":"https:\/\/maetinganoticias.com\/index.php\/2026\/04\/28\/caraibas-fortalece-cultura-local-com-novos-investimentos-e-oficina-inedita-de-percussao\/#primaryimage","url":"https:\/\/maetinganoticias.com\/wp-content\/uploads\/2026\/04\/WhatsApp-Image-2026-04-28-at-20.31.22.jpeg","contentUrl":"https:\/\/maetinganoticias.com\/wp-content\/uploads\/2026\/04\/WhatsApp-Image-2026-04-28-at-20.31.22.jpeg","width":1182,"height":1600},{"@type":"BreadcrumbList","@id":"https:\/\/maetinganoticias.com\/index.php\/2026\/04\/28\/caraibas-fortalece-cultura-local-com-novos-investimentos-e-oficina-inedita-de-percussao\/#breadcrumb","itemListElement":[{"@type":"ListItem","position":1,"name":"In\u00edcio","item":"https:\/\/maetinganoticias.com\/"},{"@type":"ListItem","position":2,"name":"Cara\u00edbas fortalece cultura local com novos investimentos e oficina in\u00e9dita de percuss\u00e3o"}]},{"@type":"WebSite","@id":"https:\/\/maetinganoticias.com\/#website","url":"https:\/\/maetinganoticias.com\/","name":"Maetinga Not\u00edcias","description":"A Voz do Interior Baiano!","publisher":{"@id":"https:\/\/maetinganoticias.com\/#organization"},"potentialAction":[{"@type":"SearchAction","target":{"@type":"EntryPoint","urlTemplate":"https:\/\/maetinganoticias.com\/?s={search_term_string}"},"query-input":{"@type":"PropertyValueSpecification","valueRequired":true,"valueName":"search_term_string"}}],"inLanguage":"pt-BR"},{"@type":"Organization","@id":"https:\/\/maetinganoticias.com\/#organization","name":"Maetinga Not\u00edcias","url":"https:\/\/maetinganoticias.com\/","logo":{"@type":"ImageObject","inLanguage":"pt-BR","@id":"https:\/\/maetinganoticias.com\/#\/schema\/logo\/image\/","url":"https:\/\/maetinganoticias.com\/wp-content\/uploads\/2023\/07\/cropped-cropped-cropped-cropped-BUSINESS-3-42-1.png","contentUrl":"https:\/\/maetinganoticias.com\/wp-content\/uploads\/2023\/07\/cropped-cropped-cropped-cropped-BUSINESS-3-42-1.png","width":485,"height":109,"caption":"Maetinga Not\u00edcias"},"image":{"@id":"https:\/\/maetinganoticias.com\/#\/schema\/logo\/image\/"}},{"@type":"Person","@id":"https:\/\/maetinganoticias.com\/#\/schema\/person\/968cf95e67a6810fc7fb35bbc9016962","name":"Maetinga Not\u00edcias","image":{"@type":"ImageObject","inLanguage":"pt-BR","@id":"https:\/\/secure.gravatar.com\/avatar\/32e078313a5ca37a6c8d44e716ed4f9e87ecfde7222d2b88a1424bd49654f187?s=96&d=mm&r=g","url":"https:\/\/secure.gravatar.com\/avatar\/32e078313a5ca37a6c8d44e716ed4f9e87ecfde7222d2b88a1424bd49654f187?s=96&d=mm&r=g","contentUrl":"https:\/\/secure.gravatar.com\/avatar\/32e078313a5ca37a6c8d44e716ed4f9e87ecfde7222d2b88a1424bd49654f187?s=96&d=mm&r=g","caption":"Maetinga Not\u00edcias"},"description":"A voz do Interior Baiano!","sameAs":["https:\/\/maetinganoticias.com","https:\/\/www.instagram.com\/blogmaetinganoticias\/"],"url":"https:\/\/maetinganoticias.com\/index.php\/author\/carlosvianna13\/"}]}},"_links":{"self":[{"href":"https:\/\/maetinganoticias.com\/index.php\/wp-json\/wp\/v2\/posts\/12388","targetHints":{"allow":["GET"]}}],"collection":[{"href":"https:\/\/maetinganoticias.com\/index.php\/wp-json\/wp\/v2\/posts"}],"about":[{"href":"https:\/\/maetinganoticias.com\/index.php\/wp-json\/wp\/v2\/types\/post"}],"author":[{"embeddable":true,"href":"https:\/\/maetinganoticias.com\/index.php\/wp-json\/wp\/v2\/users\/1"}],"replies":[{"embeddable":true,"href":"https:\/\/maetinganoticias.com\/index.php\/wp-json\/wp\/v2\/comments?post=12388"}],"version-history":[{"count":1,"href":"https:\/\/maetinganoticias.com\/index.php\/wp-json\/wp\/v2\/posts\/12388\/revisions"}],"predecessor-version":[{"id":12390,"href":"https:\/\/maetinganoticias.com\/index.php\/wp-json\/wp\/v2\/posts\/12388\/revisions\/12390"}],"wp:featuredmedia":[{"embeddable":true,"href":"https:\/\/maetinganoticias.com\/index.php\/wp-json\/wp\/v2\/media\/12389"}],"wp:attachment":[{"href":"https:\/\/maetinganoticias.com\/index.php\/wp-json\/wp\/v2\/media?parent=12388"}],"wp:term":[{"taxonomy":"category","embeddable":true,"href":"https:\/\/maetinganoticias.com\/index.php\/wp-json\/wp\/v2\/categories?post=12388"},{"taxonomy":"post_tag","embeddable":true,"href":"https:\/\/maetinganoticias.com\/index.php\/wp-json\/wp\/v2\/tags?post=12388"}],"curies":[{"name":"wp","href":"https:\/\/api.w.org\/{rel}","templated":true}]}}