{"id":12369,"date":"2026-04-28T11:52:34","date_gmt":"2026-04-28T14:52:34","guid":{"rendered":"https:\/\/maetinganoticias.com\/?p=12369"},"modified":"2026-04-28T11:52:35","modified_gmt":"2026-04-28T14:52:35","slug":"sesab-abre-processo-seletivo-com-41-vagas-para-motoristas","status":"publish","type":"post","link":"https:\/\/maetinganoticias.com\/index.php\/2026\/04\/28\/sesab-abre-processo-seletivo-com-41-vagas-para-motoristas\/","title":{"rendered":"Sesab abre processo seletivo com 41 vagas para motoristas"},"content":{"rendered":"\n<p>A Secretaria da Sa\u00fade do Estado da Bahia (Sesab) publicou, no Di\u00e1rio Oficial do Estado (DOE) desta ter\u00e7a (28), o Processo Seletivo Simplificado n\u00ba 01\/2026 para a contrata\u00e7\u00e3o de motoristas em Regime Especial de Direito Administrativo (Reda). Com o objetivo de refor\u00e7ar as a\u00e7\u00f5es de vacina\u00e7\u00e3o e o combate \u00e0s arboviroses, a sele\u00e7\u00e3o \u00e9 voltada para motoristas que atuar\u00e3o no transporte de imunizantes e profissionais da sa\u00fade. Ao todo, s\u00e3o ofertadas 41 vagas para unidades da capital e do interior. As inscri\u00e7\u00f5es estar\u00e3o abertas de 06 a 21 de maio, por meio do site&nbsp;<a href=\"http:\/\/selecao.ba.gov.br\/\" target=\"_blank\" rel=\"noreferrer noopener\">selecao.ba.gov.br<\/a>.<\/p>\n\n\n\n<p>As oportunidades s\u00e3o destinadas a candidatos com n\u00edvel fundamental completo e Carteira Nacional de Habilita\u00e7\u00e3o (CNH) com anota\u00e7\u00e3o de exerc\u00edcio de atividade remunerada (EAR), expedida h\u00e1 pelo menos um ano, conforme a categoria exigida para cada fun\u00e7\u00e3o.<\/p>\n\n\n\n<p>O edital contempla tr\u00eas perfis de atua\u00e7\u00e3o. Para Motorista I, \u00e9 exigida CNH categoria B ou superior, com atua\u00e7\u00e3o voltada \u00e0 condu\u00e7\u00e3o de ve\u00edculos leves e apoio a atividades de campo. J\u00e1 para Motorista II, a exig\u00eancia \u00e9 CNH categoria D ou superior, ampliando a atua\u00e7\u00e3o para transporte de equipes, pacientes e insumos, al\u00e9m de apoio log\u00edstico a a\u00e7\u00f5es de sa\u00fade em todo o estado. Para Motorista III, \u00e9 necess\u00e1ria CNH categoria E, com foco na condu\u00e7\u00e3o de ve\u00edculos de grande porte e no suporte a opera\u00e7\u00f5es log\u00edsticas mais complexas.<\/p>\n\n\n\n<p>As vagas est\u00e3o distribu\u00eddas entre os munic\u00edpios de Salvador, Serrinha, Alagoinhas, Barreiras, Feira de Santana, Ilh\u00e9us, Jacobina, Juazeiro, Santo Ant\u00f4nio de Jesus, Sim\u00f5es Filho, Teixeira de Freitas e Vit\u00f3ria da Conquista.<\/p>\n\n\n\n<p>A carga hor\u00e1ria \u00e9 de 40 horas semanais, com contratos de at\u00e9 36 meses, prorrog\u00e1veis uma \u00fanica vez por igual per\u00edodo.<\/p>\n\n\n\n<p>Os profissionais dever\u00e3o ter disponibilidade para viagens em todo o territ\u00f3rio baiano, podendo permanecer em deslocamento por at\u00e9 15 dias consecutivos no m\u00eas. Nos per\u00edodos sem viagem, dever\u00e3o atuar no munic\u00edpio de lota\u00e7\u00e3o.<\/p>\n\n\n\n<p><strong>Processo seletivo<\/strong><\/p>\n\n\n\n<p>O processo seletivo ser\u00e1 composto por duas etapas: habilita\u00e7\u00e3o, com base nas informa\u00e7\u00f5es declaradas no ato da inscri\u00e7\u00e3o, e avalia\u00e7\u00e3o curricular, que considerar\u00e1 experi\u00eancia profissional, qualifica\u00e7\u00e3o, escolaridade e tempo de habilita\u00e7\u00e3o.<\/p>\n\n\n\n<p>O edital tamb\u00e9m prev\u00ea a reserva de vagas para pessoas com defici\u00eancia e assegura o uso do nome social para candidatos travestis e transexuais, conforme legisla\u00e7\u00e3o estadual.<\/p>\n\n\n\n<p>Todos os atos do processo seletivo, como convoca\u00e7\u00f5es, avisos e resultados, ser\u00e3o publicados no DOE e no site oficial da Sesab (<a href=\"http:\/\/www.saude.ba.gov.br\/\" target=\"_blank\" rel=\"noreferrer noopener\">www.saude.ba.gov.br<\/a>). Cabe ao candidato acompanhar as publica\u00e7\u00f5es, conforme o cronograma anexado no edital.<\/p>\n","protected":false},"excerpt":{"rendered":"<p>A Secretaria da Sa\u00fade do Estado da Bahia (Sesab) publicou, no Di\u00e1rio Oficial do Estado (DOE) desta ter\u00e7a (28), o Processo Seletivo Simplificado n\u00ba 01\/2026 para a contrata\u00e7\u00e3o de motoristas em Regime Especial de Direito Administrativo (Reda). Com o objetivo de refor\u00e7ar as a\u00e7\u00f5es de vacina\u00e7\u00e3o e o combate \u00e0s arboviroses, a sele\u00e7\u00e3o \u00e9 voltada [&hellip;]<\/p>\n","protected":false},"author":1,"featured_media":12370,"comment_status":"open","ping_status":"open","sticky":false,"template":"","format":"standard","meta":{"om_disable_all_campaigns":false,"_monsterinsights_skip_tracking":false,"_monsterinsights_sitenote_active":false,"_monsterinsights_sitenote_note":"","_monsterinsights_sitenote_category":0,"_uf_show_specific_survey":0,"_uf_disable_surveys":false,"footnotes":""},"categories":[40],"tags":[],"class_list":{"0":"post-12369","1":"post","2":"type-post","3":"status-publish","4":"format-standard","5":"has-post-thumbnail","7":"category-bahia"},"yoast_head":"<!-- This site is optimized with the Yoast SEO plugin v27.4 - https:\/\/yoast.com\/product\/yoast-seo-wordpress\/ -->\n<title>Sesab abre processo seletivo com 41 vagas para motoristas - Maetinga Not\u00edcias<\/title>\n<meta name=\"robots\" content=\"index, follow, max-snippet:-1, max-image-preview:large, max-video-preview:-1\" \/>\n<link rel=\"canonical\" href=\"https:\/\/maetinganoticias.com\/index.php\/2026\/04\/28\/sesab-abre-processo-seletivo-com-41-vagas-para-motoristas\/\" \/>\n<meta property=\"og:locale\" content=\"pt_BR\" \/>\n<meta property=\"og:type\" content=\"article\" \/>\n<meta property=\"og:title\" content=\"Sesab abre processo seletivo com 41 vagas para motoristas - Maetinga Not\u00edcias\" \/>\n<meta property=\"og:description\" content=\"A Secretaria da Sa\u00fade do Estado da Bahia (Sesab) publicou, no Di\u00e1rio Oficial do Estado (DOE) desta ter\u00e7a (28), o Processo Seletivo Simplificado n\u00ba 01\/2026 para a contrata\u00e7\u00e3o de motoristas em Regime Especial de Direito Administrativo (Reda). Com o objetivo de refor\u00e7ar as a\u00e7\u00f5es de vacina\u00e7\u00e3o e o combate \u00e0s arboviroses, a sele\u00e7\u00e3o \u00e9 voltada [&hellip;]\" \/>\n<meta property=\"og:url\" content=\"https:\/\/maetinganoticias.com\/index.php\/2026\/04\/28\/sesab-abre-processo-seletivo-com-41-vagas-para-motoristas\/\" \/>\n<meta property=\"og:site_name\" content=\"Maetinga Not\u00edcias\" \/>\n<meta property=\"article:published_time\" content=\"2026-04-28T14:52:34+00:00\" \/>\n<meta property=\"article:modified_time\" content=\"2026-04-28T14:52:35+00:00\" \/>\n<meta property=\"og:image\" content=\"https:\/\/maetinganoticias.com\/wp-content\/uploads\/2026\/04\/69-screenshot-2026-04-28-at-09-08-13-sesab-abre-processo-seletivo-com-41-vagas-para-motoristas-\u2013-radio-portal-sudoeste.png\" \/>\n\t<meta property=\"og:image:width\" content=\"597\" \/>\n\t<meta property=\"og:image:height\" content=\"313\" \/>\n\t<meta property=\"og:image:type\" content=\"image\/png\" \/>\n<meta name=\"author\" content=\"Maetinga Not\u00edcias\" \/>\n<meta name=\"twitter:card\" content=\"summary_large_image\" \/>\n<meta name=\"twitter:label1\" content=\"Escrito por\" \/>\n\t<meta name=\"twitter:data1\" content=\"Maetinga Not\u00edcias\" \/>\n\t<meta name=\"twitter:label2\" content=\"Est. tempo de leitura\" \/>\n\t<meta name=\"twitter:data2\" content=\"3 minutos\" \/>\n<script type=\"application\/ld+json\" class=\"yoast-schema-graph\">{\"@context\":\"https:\\\/\\\/schema.org\",\"@graph\":[{\"@type\":[\"Article\",\"BlogPosting\"],\"@id\":\"https:\\\/\\\/maetinganoticias.com\\\/index.php\\\/2026\\\/04\\\/28\\\/sesab-abre-processo-seletivo-com-41-vagas-para-motoristas\\\/#article\",\"isPartOf\":{\"@id\":\"https:\\\/\\\/maetinganoticias.com\\\/index.php\\\/2026\\\/04\\\/28\\\/sesab-abre-processo-seletivo-com-41-vagas-para-motoristas\\\/\"},\"author\":{\"name\":\"Maetinga Not\u00edcias\",\"@id\":\"https:\\\/\\\/maetinganoticias.com\\\/#\\\/schema\\\/person\\\/968cf95e67a6810fc7fb35bbc9016962\"},\"headline\":\"Sesab abre processo seletivo com 41 vagas para motoristas\",\"datePublished\":\"2026-04-28T14:52:34+00:00\",\"dateModified\":\"2026-04-28T14:52:35+00:00\",\"mainEntityOfPage\":{\"@id\":\"https:\\\/\\\/maetinganoticias.com\\\/index.php\\\/2026\\\/04\\\/28\\\/sesab-abre-processo-seletivo-com-41-vagas-para-motoristas\\\/\"},\"wordCount\":468,\"commentCount\":0,\"publisher\":{\"@id\":\"https:\\\/\\\/maetinganoticias.com\\\/#organization\"},\"image\":{\"@id\":\"https:\\\/\\\/maetinganoticias.com\\\/index.php\\\/2026\\\/04\\\/28\\\/sesab-abre-processo-seletivo-com-41-vagas-para-motoristas\\\/#primaryimage\"},\"thumbnailUrl\":\"https:\\\/\\\/maetinganoticias.com\\\/wp-content\\\/uploads\\\/2026\\\/04\\\/69-screenshot-2026-04-28-at-09-08-13-sesab-abre-processo-seletivo-com-41-vagas-para-motoristas-\u2013-radio-portal-sudoeste.png\",\"articleSection\":[\"Bahia\"],\"inLanguage\":\"pt-BR\",\"potentialAction\":[{\"@type\":\"CommentAction\",\"name\":\"Comment\",\"target\":[\"https:\\\/\\\/maetinganoticias.com\\\/index.php\\\/2026\\\/04\\\/28\\\/sesab-abre-processo-seletivo-com-41-vagas-para-motoristas\\\/#respond\"]}]},{\"@type\":\"WebPage\",\"@id\":\"https:\\\/\\\/maetinganoticias.com\\\/index.php\\\/2026\\\/04\\\/28\\\/sesab-abre-processo-seletivo-com-41-vagas-para-motoristas\\\/\",\"url\":\"https:\\\/\\\/maetinganoticias.com\\\/index.php\\\/2026\\\/04\\\/28\\\/sesab-abre-processo-seletivo-com-41-vagas-para-motoristas\\\/\",\"name\":\"Sesab abre processo seletivo com 41 vagas para motoristas - Maetinga Not\u00edcias\",\"isPartOf\":{\"@id\":\"https:\\\/\\\/maetinganoticias.com\\\/#website\"},\"primaryImageOfPage\":{\"@id\":\"https:\\\/\\\/maetinganoticias.com\\\/index.php\\\/2026\\\/04\\\/28\\\/sesab-abre-processo-seletivo-com-41-vagas-para-motoristas\\\/#primaryimage\"},\"image\":{\"@id\":\"https:\\\/\\\/maetinganoticias.com\\\/index.php\\\/2026\\\/04\\\/28\\\/sesab-abre-processo-seletivo-com-41-vagas-para-motoristas\\\/#primaryimage\"},\"thumbnailUrl\":\"https:\\\/\\\/maetinganoticias.com\\\/wp-content\\\/uploads\\\/2026\\\/04\\\/69-screenshot-2026-04-28-at-09-08-13-sesab-abre-processo-seletivo-com-41-vagas-para-motoristas-\u2013-radio-portal-sudoeste.png\",\"datePublished\":\"2026-04-28T14:52:34+00:00\",\"dateModified\":\"2026-04-28T14:52:35+00:00\",\"breadcrumb\":{\"@id\":\"https:\\\/\\\/maetinganoticias.com\\\/index.php\\\/2026\\\/04\\\/28\\\/sesab-abre-processo-seletivo-com-41-vagas-para-motoristas\\\/#breadcrumb\"},\"inLanguage\":\"pt-BR\",\"potentialAction\":[{\"@type\":\"ReadAction\",\"target\":[\"https:\\\/\\\/maetinganoticias.com\\\/index.php\\\/2026\\\/04\\\/28\\\/sesab-abre-processo-seletivo-com-41-vagas-para-motoristas\\\/\"]}]},{\"@type\":\"ImageObject\",\"inLanguage\":\"pt-BR\",\"@id\":\"https:\\\/\\\/maetinganoticias.com\\\/index.php\\\/2026\\\/04\\\/28\\\/sesab-abre-processo-seletivo-com-41-vagas-para-motoristas\\\/#primaryimage\",\"url\":\"https:\\\/\\\/maetinganoticias.com\\\/wp-content\\\/uploads\\\/2026\\\/04\\\/69-screenshot-2026-04-28-at-09-08-13-sesab-abre-processo-seletivo-com-41-vagas-para-motoristas-\u2013-radio-portal-sudoeste.png\",\"contentUrl\":\"https:\\\/\\\/maetinganoticias.com\\\/wp-content\\\/uploads\\\/2026\\\/04\\\/69-screenshot-2026-04-28-at-09-08-13-sesab-abre-processo-seletivo-com-41-vagas-para-motoristas-\u2013-radio-portal-sudoeste.png\",\"width\":597,\"height\":313},{\"@type\":\"BreadcrumbList\",\"@id\":\"https:\\\/\\\/maetinganoticias.com\\\/index.php\\\/2026\\\/04\\\/28\\\/sesab-abre-processo-seletivo-com-41-vagas-para-motoristas\\\/#breadcrumb\",\"itemListElement\":[{\"@type\":\"ListItem\",\"position\":1,\"name\":\"In\u00edcio\",\"item\":\"https:\\\/\\\/maetinganoticias.com\\\/\"},{\"@type\":\"ListItem\",\"position\":2,\"name\":\"Sesab abre processo seletivo com 41 vagas para motoristas\"}]},{\"@type\":\"WebSite\",\"@id\":\"https:\\\/\\\/maetinganoticias.com\\\/#website\",\"url\":\"https:\\\/\\\/maetinganoticias.com\\\/\",\"name\":\"Maetinga Not\u00edcias\",\"description\":\"A Voz do Interior Baiano!\",\"publisher\":{\"@id\":\"https:\\\/\\\/maetinganoticias.com\\\/#organization\"},\"potentialAction\":[{\"@type\":\"SearchAction\",\"target\":{\"@type\":\"EntryPoint\",\"urlTemplate\":\"https:\\\/\\\/maetinganoticias.com\\\/?s={search_term_string}\"},\"query-input\":{\"@type\":\"PropertyValueSpecification\",\"valueRequired\":true,\"valueName\":\"search_term_string\"}}],\"inLanguage\":\"pt-BR\"},{\"@type\":\"Organization\",\"@id\":\"https:\\\/\\\/maetinganoticias.com\\\/#organization\",\"name\":\"Maetinga Not\u00edcias\",\"url\":\"https:\\\/\\\/maetinganoticias.com\\\/\",\"logo\":{\"@type\":\"ImageObject\",\"inLanguage\":\"pt-BR\",\"@id\":\"https:\\\/\\\/maetinganoticias.com\\\/#\\\/schema\\\/logo\\\/image\\\/\",\"url\":\"https:\\\/\\\/maetinganoticias.com\\\/wp-content\\\/uploads\\\/2023\\\/07\\\/cropped-cropped-cropped-cropped-BUSINESS-3-42-1.png\",\"contentUrl\":\"https:\\\/\\\/maetinganoticias.com\\\/wp-content\\\/uploads\\\/2023\\\/07\\\/cropped-cropped-cropped-cropped-BUSINESS-3-42-1.png\",\"width\":485,\"height\":109,\"caption\":\"Maetinga Not\u00edcias\"},\"image\":{\"@id\":\"https:\\\/\\\/maetinganoticias.com\\\/#\\\/schema\\\/logo\\\/image\\\/\"}},{\"@type\":\"Person\",\"@id\":\"https:\\\/\\\/maetinganoticias.com\\\/#\\\/schema\\\/person\\\/968cf95e67a6810fc7fb35bbc9016962\",\"name\":\"Maetinga Not\u00edcias\",\"image\":{\"@type\":\"ImageObject\",\"inLanguage\":\"pt-BR\",\"@id\":\"https:\\\/\\\/secure.gravatar.com\\\/avatar\\\/32e078313a5ca37a6c8d44e716ed4f9e87ecfde7222d2b88a1424bd49654f187?s=96&d=mm&r=g\",\"url\":\"https:\\\/\\\/secure.gravatar.com\\\/avatar\\\/32e078313a5ca37a6c8d44e716ed4f9e87ecfde7222d2b88a1424bd49654f187?s=96&d=mm&r=g\",\"contentUrl\":\"https:\\\/\\\/secure.gravatar.com\\\/avatar\\\/32e078313a5ca37a6c8d44e716ed4f9e87ecfde7222d2b88a1424bd49654f187?s=96&d=mm&r=g\",\"caption\":\"Maetinga Not\u00edcias\"},\"description\":\"A voz do Interior Baiano!\",\"sameAs\":[\"https:\\\/\\\/maetinganoticias.com\",\"https:\\\/\\\/www.instagram.com\\\/blogmaetinganoticias\\\/\"],\"url\":\"https:\\\/\\\/maetinganoticias.com\\\/index.php\\\/author\\\/carlosvianna13\\\/\"}]}<\/script>\n<!-- \/ Yoast SEO plugin. -->","yoast_head_json":{"title":"Sesab abre processo seletivo com 41 vagas para motoristas - Maetinga Not\u00edcias","robots":{"index":"index","follow":"follow","max-snippet":"max-snippet:-1","max-image-preview":"max-image-preview:large","max-video-preview":"max-video-preview:-1"},"canonical":"https:\/\/maetinganoticias.com\/index.php\/2026\/04\/28\/sesab-abre-processo-seletivo-com-41-vagas-para-motoristas\/","og_locale":"pt_BR","og_type":"article","og_title":"Sesab abre processo seletivo com 41 vagas para motoristas - Maetinga Not\u00edcias","og_description":"A Secretaria da Sa\u00fade do Estado da Bahia (Sesab) publicou, no Di\u00e1rio Oficial do Estado (DOE) desta ter\u00e7a (28), o Processo Seletivo Simplificado n\u00ba 01\/2026 para a contrata\u00e7\u00e3o de motoristas em Regime Especial de Direito Administrativo (Reda). Com o objetivo de refor\u00e7ar as a\u00e7\u00f5es de vacina\u00e7\u00e3o e o combate \u00e0s arboviroses, a sele\u00e7\u00e3o \u00e9 voltada [&hellip;]","og_url":"https:\/\/maetinganoticias.com\/index.php\/2026\/04\/28\/sesab-abre-processo-seletivo-com-41-vagas-para-motoristas\/","og_site_name":"Maetinga Not\u00edcias","article_published_time":"2026-04-28T14:52:34+00:00","article_modified_time":"2026-04-28T14:52:35+00:00","og_image":[{"width":597,"height":313,"url":"https:\/\/maetinganoticias.com\/wp-content\/uploads\/2026\/04\/69-screenshot-2026-04-28-at-09-08-13-sesab-abre-processo-seletivo-com-41-vagas-para-motoristas-\u2013-radio-portal-sudoeste.png","type":"image\/png"}],"author":"Maetinga Not\u00edcias","twitter_card":"summary_large_image","twitter_misc":{"Escrito por":"Maetinga Not\u00edcias","Est. tempo de leitura":"3 minutos"},"schema":{"@context":"https:\/\/schema.org","@graph":[{"@type":["Article","BlogPosting"],"@id":"https:\/\/maetinganoticias.com\/index.php\/2026\/04\/28\/sesab-abre-processo-seletivo-com-41-vagas-para-motoristas\/#article","isPartOf":{"@id":"https:\/\/maetinganoticias.com\/index.php\/2026\/04\/28\/sesab-abre-processo-seletivo-com-41-vagas-para-motoristas\/"},"author":{"name":"Maetinga Not\u00edcias","@id":"https:\/\/maetinganoticias.com\/#\/schema\/person\/968cf95e67a6810fc7fb35bbc9016962"},"headline":"Sesab abre processo seletivo com 41 vagas para motoristas","datePublished":"2026-04-28T14:52:34+00:00","dateModified":"2026-04-28T14:52:35+00:00","mainEntityOfPage":{"@id":"https:\/\/maetinganoticias.com\/index.php\/2026\/04\/28\/sesab-abre-processo-seletivo-com-41-vagas-para-motoristas\/"},"wordCount":468,"commentCount":0,"publisher":{"@id":"https:\/\/maetinganoticias.com\/#organization"},"image":{"@id":"https:\/\/maetinganoticias.com\/index.php\/2026\/04\/28\/sesab-abre-processo-seletivo-com-41-vagas-para-motoristas\/#primaryimage"},"thumbnailUrl":"https:\/\/maetinganoticias.com\/wp-content\/uploads\/2026\/04\/69-screenshot-2026-04-28-at-09-08-13-sesab-abre-processo-seletivo-com-41-vagas-para-motoristas-\u2013-radio-portal-sudoeste.png","articleSection":["Bahia"],"inLanguage":"pt-BR","potentialAction":[{"@type":"CommentAction","name":"Comment","target":["https:\/\/maetinganoticias.com\/index.php\/2026\/04\/28\/sesab-abre-processo-seletivo-com-41-vagas-para-motoristas\/#respond"]}]},{"@type":"WebPage","@id":"https:\/\/maetinganoticias.com\/index.php\/2026\/04\/28\/sesab-abre-processo-seletivo-com-41-vagas-para-motoristas\/","url":"https:\/\/maetinganoticias.com\/index.php\/2026\/04\/28\/sesab-abre-processo-seletivo-com-41-vagas-para-motoristas\/","name":"Sesab abre processo seletivo com 41 vagas para motoristas - Maetinga Not\u00edcias","isPartOf":{"@id":"https:\/\/maetinganoticias.com\/#website"},"primaryImageOfPage":{"@id":"https:\/\/maetinganoticias.com\/index.php\/2026\/04\/28\/sesab-abre-processo-seletivo-com-41-vagas-para-motoristas\/#primaryimage"},"image":{"@id":"https:\/\/maetinganoticias.com\/index.php\/2026\/04\/28\/sesab-abre-processo-seletivo-com-41-vagas-para-motoristas\/#primaryimage"},"thumbnailUrl":"https:\/\/maetinganoticias.com\/wp-content\/uploads\/2026\/04\/69-screenshot-2026-04-28-at-09-08-13-sesab-abre-processo-seletivo-com-41-vagas-para-motoristas-\u2013-radio-portal-sudoeste.png","datePublished":"2026-04-28T14:52:34+00:00","dateModified":"2026-04-28T14:52:35+00:00","breadcrumb":{"@id":"https:\/\/maetinganoticias.com\/index.php\/2026\/04\/28\/sesab-abre-processo-seletivo-com-41-vagas-para-motoristas\/#breadcrumb"},"inLanguage":"pt-BR","potentialAction":[{"@type":"ReadAction","target":["https:\/\/maetinganoticias.com\/index.php\/2026\/04\/28\/sesab-abre-processo-seletivo-com-41-vagas-para-motoristas\/"]}]},{"@type":"ImageObject","inLanguage":"pt-BR","@id":"https:\/\/maetinganoticias.com\/index.php\/2026\/04\/28\/sesab-abre-processo-seletivo-com-41-vagas-para-motoristas\/#primaryimage","url":"https:\/\/maetinganoticias.com\/wp-content\/uploads\/2026\/04\/69-screenshot-2026-04-28-at-09-08-13-sesab-abre-processo-seletivo-com-41-vagas-para-motoristas-\u2013-radio-portal-sudoeste.png","contentUrl":"https:\/\/maetinganoticias.com\/wp-content\/uploads\/2026\/04\/69-screenshot-2026-04-28-at-09-08-13-sesab-abre-processo-seletivo-com-41-vagas-para-motoristas-\u2013-radio-portal-sudoeste.png","width":597,"height":313},{"@type":"BreadcrumbList","@id":"https:\/\/maetinganoticias.com\/index.php\/2026\/04\/28\/sesab-abre-processo-seletivo-com-41-vagas-para-motoristas\/#breadcrumb","itemListElement":[{"@type":"ListItem","position":1,"name":"In\u00edcio","item":"https:\/\/maetinganoticias.com\/"},{"@type":"ListItem","position":2,"name":"Sesab abre processo seletivo com 41 vagas para motoristas"}]},{"@type":"WebSite","@id":"https:\/\/maetinganoticias.com\/#website","url":"https:\/\/maetinganoticias.com\/","name":"Maetinga Not\u00edcias","description":"A Voz do Interior Baiano!","publisher":{"@id":"https:\/\/maetinganoticias.com\/#organization"},"potentialAction":[{"@type":"SearchAction","target":{"@type":"EntryPoint","urlTemplate":"https:\/\/maetinganoticias.com\/?s={search_term_string}"},"query-input":{"@type":"PropertyValueSpecification","valueRequired":true,"valueName":"search_term_string"}}],"inLanguage":"pt-BR"},{"@type":"Organization","@id":"https:\/\/maetinganoticias.com\/#organization","name":"Maetinga Not\u00edcias","url":"https:\/\/maetinganoticias.com\/","logo":{"@type":"ImageObject","inLanguage":"pt-BR","@id":"https:\/\/maetinganoticias.com\/#\/schema\/logo\/image\/","url":"https:\/\/maetinganoticias.com\/wp-content\/uploads\/2023\/07\/cropped-cropped-cropped-cropped-BUSINESS-3-42-1.png","contentUrl":"https:\/\/maetinganoticias.com\/wp-content\/uploads\/2023\/07\/cropped-cropped-cropped-cropped-BUSINESS-3-42-1.png","width":485,"height":109,"caption":"Maetinga Not\u00edcias"},"image":{"@id":"https:\/\/maetinganoticias.com\/#\/schema\/logo\/image\/"}},{"@type":"Person","@id":"https:\/\/maetinganoticias.com\/#\/schema\/person\/968cf95e67a6810fc7fb35bbc9016962","name":"Maetinga Not\u00edcias","image":{"@type":"ImageObject","inLanguage":"pt-BR","@id":"https:\/\/secure.gravatar.com\/avatar\/32e078313a5ca37a6c8d44e716ed4f9e87ecfde7222d2b88a1424bd49654f187?s=96&d=mm&r=g","url":"https:\/\/secure.gravatar.com\/avatar\/32e078313a5ca37a6c8d44e716ed4f9e87ecfde7222d2b88a1424bd49654f187?s=96&d=mm&r=g","contentUrl":"https:\/\/secure.gravatar.com\/avatar\/32e078313a5ca37a6c8d44e716ed4f9e87ecfde7222d2b88a1424bd49654f187?s=96&d=mm&r=g","caption":"Maetinga Not\u00edcias"},"description":"A voz do Interior Baiano!","sameAs":["https:\/\/maetinganoticias.com","https:\/\/www.instagram.com\/blogmaetinganoticias\/"],"url":"https:\/\/maetinganoticias.com\/index.php\/author\/carlosvianna13\/"}]}},"_links":{"self":[{"href":"https:\/\/maetinganoticias.com\/index.php\/wp-json\/wp\/v2\/posts\/12369","targetHints":{"allow":["GET"]}}],"collection":[{"href":"https:\/\/maetinganoticias.com\/index.php\/wp-json\/wp\/v2\/posts"}],"about":[{"href":"https:\/\/maetinganoticias.com\/index.php\/wp-json\/wp\/v2\/types\/post"}],"author":[{"embeddable":true,"href":"https:\/\/maetinganoticias.com\/index.php\/wp-json\/wp\/v2\/users\/1"}],"replies":[{"embeddable":true,"href":"https:\/\/maetinganoticias.com\/index.php\/wp-json\/wp\/v2\/comments?post=12369"}],"version-history":[{"count":1,"href":"https:\/\/maetinganoticias.com\/index.php\/wp-json\/wp\/v2\/posts\/12369\/revisions"}],"predecessor-version":[{"id":12371,"href":"https:\/\/maetinganoticias.com\/index.php\/wp-json\/wp\/v2\/posts\/12369\/revisions\/12371"}],"wp:featuredmedia":[{"embeddable":true,"href":"https:\/\/maetinganoticias.com\/index.php\/wp-json\/wp\/v2\/media\/12370"}],"wp:attachment":[{"href":"https:\/\/maetinganoticias.com\/index.php\/wp-json\/wp\/v2\/media?parent=12369"}],"wp:term":[{"taxonomy":"category","embeddable":true,"href":"https:\/\/maetinganoticias.com\/index.php\/wp-json\/wp\/v2\/categories?post=12369"},{"taxonomy":"post_tag","embeddable":true,"href":"https:\/\/maetinganoticias.com\/index.php\/wp-json\/wp\/v2\/tags?post=12369"}],"curies":[{"name":"wp","href":"https:\/\/api.w.org\/{rel}","templated":true}]}}